{"id":3120,"date":"2024-05-22T12:27:19","date_gmt":"2024-05-22T09:27:19","guid":{"rendered":"https:\/\/kuzeyinsesi.com\/index.php\/2024\/05\/22\/devrim-tayanc-malyalizade-sanat-atolyesi-16nci-sergisini-aciyor\/"},"modified":"2024-05-22T12:27:19","modified_gmt":"2024-05-22T09:27:19","slug":"devrim-tayanc-malyalizade-sanat-atolyesi-16nci-sergisini-aciyor","status":"publish","type":"post","link":"https:\/\/kuzeyinsesi.org\/index.php\/2024\/05\/22\/devrim-tayanc-malyalizade-sanat-atolyesi-16nci-sergisini-aciyor\/","title":{"rendered":"Devrim Tayan\u00e7 Malyal\u0131zade Sanat At\u00f6lyesi, 16\u2019nc\u0131 sergisini a\u00e7\u0131yor"},"content":{"rendered":"<div>\n<div class=\"mariselle-image-container center\">\n                                            <\/div>\n<p>Devrim Tayan\u00e7 Malyal\u0131zade Sanat At\u00f6lyesi, 200 farkl\u0131 sanat eserini Lefko\u015fa Atat\u00fcrk K\u00fclt\u00fcr Merkezi\u2019nde sergileyecek.<\/p>\n<p>38 kursiyerin resimlerinden, Mustafa M\u00fcezzino\u011flu\u2019nun at\u00f6lye \u00f6\u011frencilerinin foto\u011fraflar\u0131ndan olu\u015fan \u201cKarma Sergi\u201d Devrim Tayan\u00e7 Malyal\u0131zade Sanat At\u00f6lyesi\u2019nin 16\u2019nc\u0131 sergisi olarak 3 Haziran\u2019da saat 19.30\u2019da a\u00e7\u0131lacak.<\/p>\n<p>7 Haziran\u2019a kadar a\u00e7\u0131k olacak sergi hafta i\u00e7i mesai saatlerinde ziyaret edilebilecek.<\/p>\n<\/p><\/div>\n<p><script async\n                    defer\n                    crossorigin=\"anonymous\"\n                    src=\"https:\/\/connect.facebook.net\/tr_TR\/sdk.js#xfbml=1&#038;version=v3.3\"\n            ><\/script><\/p>\n","protected":false},"excerpt":{"rendered":"<p>Devrim Tayan\u00e7 Malyal\u0131zade Sanat At\u00f6lyesi, 200 farkl\u0131 sanat eserini Lefko\u015fa Atat\u00fcrk K\u00fclt\u00fcr Merkezi\u2019nde sergileyecek. 38 kursiyerin resimlerinden, Mustafa M\u00fcezzino\u011flu\u2019nun at\u00f6lye \u00f6\u011frencilerinin foto\u011fraflar\u0131ndan olu\u015fan \u201cKarma Sergi\u201d Devrim Tayan\u00e7 Malyal\u0131zade Sanat At\u00f6lyesi\u2019nin 16\u2019nc\u0131 sergisi olarak 3 Haziran\u2019da saat 19.30\u2019da a\u00e7\u0131lacak. 7 Haziran\u2019a kadar a\u00e7\u0131k olacak sergi hafta i\u00e7i mesai saatlerinde ziyaret edilebilecek.<\/p>\n","protected":false},"author":1,"featured_media":3121,"comment_status":"open","ping_status":"open","sticky":false,"template":"","format":"standard","meta":{"jnews-multi-image_gallery":[],"jnews_single_post":[],"jnews_primary_category":[],"jnews_social_meta":[],"jnews_override_counter":[],"footnotes":""},"categories":[6],"tags":[],"class_list":["post-3120","post","type-post","status-publish","format-standard","has-post-thumbnail","hentry","category-yasam"],"yoast_head":"<!-- This site is optimized with the Yoast SEO plugin v27.5 - https:\/\/yoast.com\/product\/yoast-seo-wordpress\/ -->\n<title>Devrim Tayan\u00e7 Malyal\u0131zade Sanat At\u00f6lyesi, 16\u2019nc\u0131 sergisini a\u00e7\u0131yor - Kuzeyin Sesi<\/title>\n<meta name=\"robots\" content=\"index, follow, max-snippet:-1, max-image-preview:large, max-video-preview:-1\" \/>\n<link rel=\"canonical\" href=\"https:\/\/kuzeyinsesi.org\/index.php\/2024\/05\/22\/devrim-tayanc-malyalizade-sanat-atolyesi-16nci-sergisini-aciyor\/\" \/>\n<meta property=\"og:locale\" content=\"tr_TR\" \/>\n<meta property=\"og:type\" content=\"article\" \/>\n<meta property=\"og:title\" content=\"Devrim Tayan\u00e7 Malyal\u0131zade Sanat At\u00f6lyesi, 16\u2019nc\u0131 sergisini a\u00e7\u0131yor - Kuzeyin Sesi\" \/>\n<meta property=\"og:description\" content=\"Devrim Tayan\u00e7 Malyal\u0131zade Sanat At\u00f6lyesi, 200 farkl\u0131 sanat eserini Lefko\u015fa Atat\u00fcrk K\u00fclt\u00fcr Merkezi\u2019nde sergileyecek. 38 kursiyerin resimlerinden, Mustafa M\u00fcezzino\u011flu\u2019nun at\u00f6lye \u00f6\u011frencilerinin foto\u011fraflar\u0131ndan olu\u015fan \u201cKarma Sergi\u201d Devrim Tayan\u00e7 Malyal\u0131zade Sanat At\u00f6lyesi\u2019nin 16\u2019nc\u0131 sergisi olarak 3 Haziran\u2019da saat 19.30\u2019da a\u00e7\u0131lacak. 7 Haziran\u2019a kadar a\u00e7\u0131k olacak sergi hafta i\u00e7i mesai saatlerinde ziyaret edilebilecek.\" \/>\n<meta property=\"og:url\" content=\"https:\/\/kuzeyinsesi.org\/index.php\/2024\/05\/22\/devrim-tayanc-malyalizade-sanat-atolyesi-16nci-sergisini-aciyor\/\" \/>\n<meta property=\"og:site_name\" content=\"Kuzeyin Sesi\" \/>\n<meta property=\"article:publisher\" content=\"https:\/\/www.facebook.com\/kuzeyinsesii\" \/>\n<meta property=\"article:published_time\" content=\"2024-05-22T09:27:19+00:00\" \/>\n<meta property=\"og:image\" content=\"https:\/\/kuzeyinsesi.org\/wp-content\/uploads\/2024\/05\/devrim_tayanc_malyalizade_resim_atolyesi_sergisi_carsamba_gunu_acilacak_h47837_67649.webp.webp\" \/>\n\t<meta property=\"og:image:width\" content=\"1280\" \/>\n\t<meta property=\"og:image:height\" content=\"720\" \/>\n\t<meta property=\"og:image:type\" content=\"image\/webp\" \/>\n<meta name=\"author\" content=\"Kuzeyin Sesi\" \/>\n<meta name=\"twitter:card\" content=\"summary_large_image\" \/>\n<meta name=\"twitter:creator\" content=\"@kuzeyinsesii\" \/>\n<meta name=\"twitter:site\" content=\"@kuzeyinsesii\" \/>\n<meta name=\"twitter:label1\" content=\"Yazan:\" \/>\n\t<meta name=\"twitter:data1\" content=\"Kuzeyin Sesi\" \/>\n<script type=\"application\/ld+json\" class=\"yoast-schema-graph\">{\"@context\":\"https:\\\/\\\/schema.org\",\"@graph\":[{\"@type\":\"Article\",\"@id\":\"https:\\\/\\\/kuzeyinsesi.org\\\/index.php\\\/2024\\\/05\\\/22\\\/devrim-tayanc-malyalizade-sanat-atolyesi-16nci-sergisini-aciyor\\\/#article\",\"isPartOf\":{\"@id\":\"https:\\\/\\\/kuzeyinsesi.org\\\/index.php\\\/2024\\\/05\\\/22\\\/devrim-tayanc-malyalizade-sanat-atolyesi-16nci-sergisini-aciyor\\\/\"},\"author\":{\"name\":\"Kuzeyin Sesi\",\"@id\":\"https:\\\/\\\/kuzeyinsesi.org\\\/#\\\/schema\\\/person\\\/9f859689cdf01485597712386e37f5aa\"},\"headline\":\"Devrim Tayan\u00e7 Malyal\u0131zade Sanat At\u00f6lyesi, 16\u2019nc\u0131 sergisini a\u00e7\u0131yor\",\"datePublished\":\"2024-05-22T09:27:19+00:00\",\"mainEntityOfPage\":{\"@id\":\"https:\\\/\\\/kuzeyinsesi.org\\\/index.php\\\/2024\\\/05\\\/22\\\/devrim-tayanc-malyalizade-sanat-atolyesi-16nci-sergisini-aciyor\\\/\"},\"wordCount\":79,\"commentCount\":0,\"image\":{\"@id\":\"https:\\\/\\\/kuzeyinsesi.org\\\/index.php\\\/2024\\\/05\\\/22\\\/devrim-tayanc-malyalizade-sanat-atolyesi-16nci-sergisini-aciyor\\\/#primaryimage\"},\"thumbnailUrl\":\"https:\\\/\\\/kuzeyinsesi.org\\\/wp-content\\\/uploads\\\/2024\\\/05\\\/devrim_tayanc_malyalizade_resim_atolyesi_sergisi_carsamba_gunu_acilacak_h47837_67649.webp.webp\",\"articleSection\":[\"Ya\u015fam\"],\"inLanguage\":\"tr\",\"potentialAction\":[{\"@type\":\"CommentAction\",\"name\":\"Comment\",\"target\":[\"https:\\\/\\\/kuzeyinsesi.org\\\/index.php\\\/2024\\\/05\\\/22\\\/devrim-tayanc-malyalizade-sanat-atolyesi-16nci-sergisini-aciyor\\\/#respond\"]}]},{\"@type\":\"WebPage\",\"@id\":\"https:\\\/\\\/kuzeyinsesi.org\\\/index.php\\\/2024\\\/05\\\/22\\\/devrim-tayanc-malyalizade-sanat-atolyesi-16nci-sergisini-aciyor\\\/\",\"url\":\"https:\\\/\\\/kuzeyinsesi.org\\\/index.php\\\/2024\\\/05\\\/22\\\/devrim-tayanc-malyalizade-sanat-atolyesi-16nci-sergisini-aciyor\\\/\",\"name\":\"Devrim Tayan\u00e7 Malyal\u0131zade Sanat At\u00f6lyesi, 16\u2019nc\u0131 sergisini a\u00e7\u0131yor - Kuzeyin Sesi\",\"isPartOf\":{\"@id\":\"https:\\\/\\\/kuzeyinsesi.org\\\/#website\"},\"primaryImageOfPage\":{\"@id\":\"https:\\\/\\\/kuzeyinsesi.org\\\/index.php\\\/2024\\\/05\\\/22\\\/devrim-tayanc-malyalizade-sanat-atolyesi-16nci-sergisini-aciyor\\\/#primaryimage\"},\"image\":{\"@id\":\"https:\\\/\\\/kuzeyinsesi.org\\\/index.php\\\/2024\\\/05\\\/22\\\/devrim-tayanc-malyalizade-sanat-atolyesi-16nci-sergisini-aciyor\\\/#primaryimage\"},\"thumbnailUrl\":\"https:\\\/\\\/kuzeyinsesi.org\\\/wp-content\\\/uploads\\\/2024\\\/05\\\/devrim_tayanc_malyalizade_resim_atolyesi_sergisi_carsamba_gunu_acilacak_h47837_67649.webp.webp\",\"datePublished\":\"2024-05-22T09:27:19+00:00\",\"author\":{\"@id\":\"https:\\\/\\\/kuzeyinsesi.org\\\/#\\\/schema\\\/person\\\/9f859689cdf01485597712386e37f5aa\"},\"breadcrumb\":{\"@id\":\"https:\\\/\\\/kuzeyinsesi.org\\\/index.php\\\/2024\\\/05\\\/22\\\/devrim-tayanc-malyalizade-sanat-atolyesi-16nci-sergisini-aciyor\\\/#breadcrumb\"},\"inLanguage\":\"tr\",\"potentialAction\":[{\"@type\":\"ReadAction\",\"target\":[\"https:\\\/\\\/kuzeyinsesi.org\\\/index.php\\\/2024\\\/05\\\/22\\\/devrim-tayanc-malyalizade-sanat-atolyesi-16nci-sergisini-aciyor\\\/\"]}]},{\"@type\":\"ImageObject\",\"inLanguage\":\"tr\",\"@id\":\"https:\\\/\\\/kuzeyinsesi.org\\\/index.php\\\/2024\\\/05\\\/22\\\/devrim-tayanc-malyalizade-sanat-atolyesi-16nci-sergisini-aciyor\\\/#primaryimage\",\"url\":\"https:\\\/\\\/kuzeyinsesi.org\\\/wp-content\\\/uploads\\\/2024\\\/05\\\/devrim_tayanc_malyalizade_resim_atolyesi_sergisi_carsamba_gunu_acilacak_h47837_67649.webp.webp\",\"contentUrl\":\"https:\\\/\\\/kuzeyinsesi.org\\\/wp-content\\\/uploads\\\/2024\\\/05\\\/devrim_tayanc_malyalizade_resim_atolyesi_sergisi_carsamba_gunu_acilacak_h47837_67649.webp.webp\",\"width\":1280,\"height\":720},{\"@type\":\"BreadcrumbList\",\"@id\":\"https:\\\/\\\/kuzeyinsesi.org\\\/index.php\\\/2024\\\/05\\\/22\\\/devrim-tayanc-malyalizade-sanat-atolyesi-16nci-sergisini-aciyor\\\/#breadcrumb\",\"itemListElement\":[{\"@type\":\"ListItem\",\"position\":1,\"name\":\"Anasayfa\",\"item\":\"https:\\\/\\\/kuzeyinsesi.org\\\/\"},{\"@type\":\"ListItem\",\"position\":2,\"name\":\"Devrim Tayan\u00e7 Malyal\u0131zade Sanat At\u00f6lyesi, 16\u2019nc\u0131 sergisini a\u00e7\u0131yor\"}]},{\"@type\":\"WebSite\",\"@id\":\"https:\\\/\\\/kuzeyinsesi.org\\\/#website\",\"url\":\"https:\\\/\\\/kuzeyinsesi.org\\\/\",\"name\":\"Kuzeyin Sesi\",\"description\":\"Do\u011fru Haberin Adresi\",\"potentialAction\":[{\"@type\":\"SearchAction\",\"target\":{\"@type\":\"EntryPoint\",\"urlTemplate\":\"https:\\\/\\\/kuzeyinsesi.org\\\/?s={search_term_string}\"},\"query-input\":{\"@type\":\"PropertyValueSpecification\",\"valueRequired\":true,\"valueName\":\"search_term_string\"}}],\"inLanguage\":\"tr\"},{\"@type\":\"Person\",\"@id\":\"https:\\\/\\\/kuzeyinsesi.org\\\/#\\\/schema\\\/person\\\/9f859689cdf01485597712386e37f5aa\",\"name\":\"Kuzeyin Sesi\",\"image\":{\"@type\":\"ImageObject\",\"inLanguage\":\"tr\",\"@id\":\"https:\\\/\\\/secure.gravatar.com\\\/avatar\\\/bab33852abfd8b282518d6ed81826833d77c3c882d9ab608add591ccace47a44?s=96&d=mm&r=g\",\"url\":\"https:\\\/\\\/secure.gravatar.com\\\/avatar\\\/bab33852abfd8b282518d6ed81826833d77c3c882d9ab608add591ccace47a44?s=96&d=mm&r=g\",\"contentUrl\":\"https:\\\/\\\/secure.gravatar.com\\\/avatar\\\/bab33852abfd8b282518d6ed81826833d77c3c882d9ab608add591ccace47a44?s=96&d=mm&r=g\",\"caption\":\"Kuzeyin Sesi\"},\"sameAs\":[\"https:\\\/\\\/kuzeyinsesi.org\"],\"url\":\"https:\\\/\\\/kuzeyinsesi.org\\\/index.php\\\/author\\\/guven\\\/\"}]}<\/script>\n<!-- \/ Yoast SEO plugin. -->","yoast_head_json":{"title":"Devrim Tayan\u00e7 Malyal\u0131zade Sanat At\u00f6lyesi, 16\u2019nc\u0131 sergisini a\u00e7\u0131yor - Kuzeyin Sesi","robots":{"index":"index","follow":"follow","max-snippet":"max-snippet:-1","max-image-preview":"max-image-preview:large","max-video-preview":"max-video-preview:-1"},"canonical":"https:\/\/kuzeyinsesi.org\/index.php\/2024\/05\/22\/devrim-tayanc-malyalizade-sanat-atolyesi-16nci-sergisini-aciyor\/","og_locale":"tr_TR","og_type":"article","og_title":"Devrim Tayan\u00e7 Malyal\u0131zade Sanat At\u00f6lyesi, 16\u2019nc\u0131 sergisini a\u00e7\u0131yor - Kuzeyin Sesi","og_description":"Devrim Tayan\u00e7 Malyal\u0131zade Sanat At\u00f6lyesi, 200 farkl\u0131 sanat eserini Lefko\u015fa Atat\u00fcrk K\u00fclt\u00fcr Merkezi\u2019nde sergileyecek. 38 kursiyerin resimlerinden, Mustafa M\u00fcezzino\u011flu\u2019nun at\u00f6lye \u00f6\u011frencilerinin foto\u011fraflar\u0131ndan olu\u015fan \u201cKarma Sergi\u201d Devrim Tayan\u00e7 Malyal\u0131zade Sanat At\u00f6lyesi\u2019nin 16\u2019nc\u0131 sergisi olarak 3 Haziran\u2019da saat 19.30\u2019da a\u00e7\u0131lacak. 7 Haziran\u2019a kadar a\u00e7\u0131k olacak sergi hafta i\u00e7i mesai saatlerinde ziyaret edilebilecek.","og_url":"https:\/\/kuzeyinsesi.org\/index.php\/2024\/05\/22\/devrim-tayanc-malyalizade-sanat-atolyesi-16nci-sergisini-aciyor\/","og_site_name":"Kuzeyin Sesi","article_publisher":"https:\/\/www.facebook.com\/kuzeyinsesii","article_published_time":"2024-05-22T09:27:19+00:00","og_image":[{"width":1280,"height":720,"url":"https:\/\/kuzeyinsesi.org\/wp-content\/uploads\/2024\/05\/devrim_tayanc_malyalizade_resim_atolyesi_sergisi_carsamba_gunu_acilacak_h47837_67649.webp.webp","type":"image\/webp"}],"author":"Kuzeyin Sesi","twitter_card":"summary_large_image","twitter_creator":"@kuzeyinsesii","twitter_site":"@kuzeyinsesii","twitter_misc":{"Yazan:":"Kuzeyin Sesi"},"schema":{"@context":"https:\/\/schema.org","@graph":[{"@type":"Article","@id":"https:\/\/kuzeyinsesi.org\/index.php\/2024\/05\/22\/devrim-tayanc-malyalizade-sanat-atolyesi-16nci-sergisini-aciyor\/#article","isPartOf":{"@id":"https:\/\/kuzeyinsesi.org\/index.php\/2024\/05\/22\/devrim-tayanc-malyalizade-sanat-atolyesi-16nci-sergisini-aciyor\/"},"author":{"name":"Kuzeyin Sesi","@id":"https:\/\/kuzeyinsesi.org\/#\/schema\/person\/9f859689cdf01485597712386e37f5aa"},"headline":"Devrim Tayan\u00e7 Malyal\u0131zade Sanat At\u00f6lyesi, 16\u2019nc\u0131 sergisini a\u00e7\u0131yor","datePublished":"2024-05-22T09:27:19+00:00","mainEntityOfPage":{"@id":"https:\/\/kuzeyinsesi.org\/index.php\/2024\/05\/22\/devrim-tayanc-malyalizade-sanat-atolyesi-16nci-sergisini-aciyor\/"},"wordCount":79,"commentCount":0,"image":{"@id":"https:\/\/kuzeyinsesi.org\/index.php\/2024\/05\/22\/devrim-tayanc-malyalizade-sanat-atolyesi-16nci-sergisini-aciyor\/#primaryimage"},"thumbnailUrl":"https:\/\/kuzeyinsesi.org\/wp-content\/uploads\/2024\/05\/devrim_tayanc_malyalizade_resim_atolyesi_sergisi_carsamba_gunu_acilacak_h47837_67649.webp.webp","articleSection":["Ya\u015fam"],"inLanguage":"tr","potentialAction":[{"@type":"CommentAction","name":"Comment","target":["https:\/\/kuzeyinsesi.org\/index.php\/2024\/05\/22\/devrim-tayanc-malyalizade-sanat-atolyesi-16nci-sergisini-aciyor\/#respond"]}]},{"@type":"WebPage","@id":"https:\/\/kuzeyinsesi.org\/index.php\/2024\/05\/22\/devrim-tayanc-malyalizade-sanat-atolyesi-16nci-sergisini-aciyor\/","url":"https:\/\/kuzeyinsesi.org\/index.php\/2024\/05\/22\/devrim-tayanc-malyalizade-sanat-atolyesi-16nci-sergisini-aciyor\/","name":"Devrim Tayan\u00e7 Malyal\u0131zade Sanat At\u00f6lyesi, 16\u2019nc\u0131 sergisini a\u00e7\u0131yor - Kuzeyin Sesi","isPartOf":{"@id":"https:\/\/kuzeyinsesi.org\/#website"},"primaryImageOfPage":{"@id":"https:\/\/kuzeyinsesi.org\/index.php\/2024\/05\/22\/devrim-tayanc-malyalizade-sanat-atolyesi-16nci-sergisini-aciyor\/#primaryimage"},"image":{"@id":"https:\/\/kuzeyinsesi.org\/index.php\/2024\/05\/22\/devrim-tayanc-malyalizade-sanat-atolyesi-16nci-sergisini-aciyor\/#primaryimage"},"thumbnailUrl":"https:\/\/kuzeyinsesi.org\/wp-content\/uploads\/2024\/05\/devrim_tayanc_malyalizade_resim_atolyesi_sergisi_carsamba_gunu_acilacak_h47837_67649.webp.webp","datePublished":"2024-05-22T09:27:19+00:00","author":{"@id":"https:\/\/kuzeyinsesi.org\/#\/schema\/person\/9f859689cdf01485597712386e37f5aa"},"breadcrumb":{"@id":"https:\/\/kuzeyinsesi.org\/index.php\/2024\/05\/22\/devrim-tayanc-malyalizade-sanat-atolyesi-16nci-sergisini-aciyor\/#breadcrumb"},"inLanguage":"tr","potentialAction":[{"@type":"ReadAction","target":["https:\/\/kuzeyinsesi.org\/index.php\/2024\/05\/22\/devrim-tayanc-malyalizade-sanat-atolyesi-16nci-sergisini-aciyor\/"]}]},{"@type":"ImageObject","inLanguage":"tr","@id":"https:\/\/kuzeyinsesi.org\/index.php\/2024\/05\/22\/devrim-tayanc-malyalizade-sanat-atolyesi-16nci-sergisini-aciyor\/#primaryimage","url":"https:\/\/kuzeyinsesi.org\/wp-content\/uploads\/2024\/05\/devrim_tayanc_malyalizade_resim_atolyesi_sergisi_carsamba_gunu_acilacak_h47837_67649.webp.webp","contentUrl":"https:\/\/kuzeyinsesi.org\/wp-content\/uploads\/2024\/05\/devrim_tayanc_malyalizade_resim_atolyesi_sergisi_carsamba_gunu_acilacak_h47837_67649.webp.webp","width":1280,"height":720},{"@type":"BreadcrumbList","@id":"https:\/\/kuzeyinsesi.org\/index.php\/2024\/05\/22\/devrim-tayanc-malyalizade-sanat-atolyesi-16nci-sergisini-aciyor\/#breadcrumb","itemListElement":[{"@type":"ListItem","position":1,"name":"Anasayfa","item":"https:\/\/kuzeyinsesi.org\/"},{"@type":"ListItem","position":2,"name":"Devrim Tayan\u00e7 Malyal\u0131zade Sanat At\u00f6lyesi, 16\u2019nc\u0131 sergisini a\u00e7\u0131yor"}]},{"@type":"WebSite","@id":"https:\/\/kuzeyinsesi.org\/#website","url":"https:\/\/kuzeyinsesi.org\/","name":"Kuzeyin Sesi","description":"Do\u011fru Haberin Adresi","potentialAction":[{"@type":"SearchAction","target":{"@type":"EntryPoint","urlTemplate":"https:\/\/kuzeyinsesi.org\/?s={search_term_string}"},"query-input":{"@type":"PropertyValueSpecification","valueRequired":true,"valueName":"search_term_string"}}],"inLanguage":"tr"},{"@type":"Person","@id":"https:\/\/kuzeyinsesi.org\/#\/schema\/person\/9f859689cdf01485597712386e37f5aa","name":"Kuzeyin Sesi","image":{"@type":"ImageObject","inLanguage":"tr","@id":"https:\/\/secure.gravatar.com\/avatar\/bab33852abfd8b282518d6ed81826833d77c3c882d9ab608add591ccace47a44?s=96&d=mm&r=g","url":"https:\/\/secure.gravatar.com\/avatar\/bab33852abfd8b282518d6ed81826833d77c3c882d9ab608add591ccace47a44?s=96&d=mm&r=g","contentUrl":"https:\/\/secure.gravatar.com\/avatar\/bab33852abfd8b282518d6ed81826833d77c3c882d9ab608add591ccace47a44?s=96&d=mm&r=g","caption":"Kuzeyin Sesi"},"sameAs":["https:\/\/kuzeyinsesi.org"],"url":"https:\/\/kuzeyinsesi.org\/index.php\/author\/guven\/"}]}},"_links":{"self":[{"href":"https:\/\/kuzeyinsesi.org\/index.php\/wp-json\/wp\/v2\/posts\/3120","targetHints":{"allow":["GET"]}}],"collection":[{"href":"https:\/\/kuzeyinsesi.org\/index.php\/wp-json\/wp\/v2\/posts"}],"about":[{"href":"https:\/\/kuzeyinsesi.org\/index.php\/wp-json\/wp\/v2\/types\/post"}],"author":[{"embeddable":true,"href":"https:\/\/kuzeyinsesi.org\/index.php\/wp-json\/wp\/v2\/users\/1"}],"replies":[{"embeddable":true,"href":"https:\/\/kuzeyinsesi.org\/index.php\/wp-json\/wp\/v2\/comments?post=3120"}],"version-history":[{"count":0,"href":"https:\/\/kuzeyinsesi.org\/index.php\/wp-json\/wp\/v2\/posts\/3120\/revisions"}],"wp:featuredmedia":[{"embeddable":true,"href":"https:\/\/kuzeyinsesi.org\/index.php\/wp-json\/wp\/v2\/media\/3121"}],"wp:attachment":[{"href":"https:\/\/kuzeyinsesi.org\/index.php\/wp-json\/wp\/v2\/media?parent=3120"}],"wp:term":[{"taxonomy":"category","embeddable":true,"href":"https:\/\/kuzeyinsesi.org\/index.php\/wp-json\/wp\/v2\/categories?post=3120"},{"taxonomy":"post_tag","embeddable":true,"href":"https:\/\/kuzeyinsesi.org\/index.php\/wp-json\/wp\/v2\/tags?post=3120"}],"curies":[{"name":"wp","href":"https:\/\/api.w.org\/{rel}","templated":true}]}}