{"id":31195,"date":"2025-09-04T15:56:34","date_gmt":"2025-09-04T12:56:34","guid":{"rendered":"https:\/\/kuzeyinsesi.org\/index.php\/2025\/09\/04\/bm-raportorleri-ulkeler-gazzedeki-tum-gazeteciler-susturulmadan-israili-durdurmali\/"},"modified":"2025-09-04T15:56:34","modified_gmt":"2025-09-04T12:56:34","slug":"bm-raportorleri-ulkeler-gazzedeki-tum-gazeteciler-susturulmadan-israili-durdurmali","status":"publish","type":"post","link":"https:\/\/kuzeyinsesi.org\/index.php\/2025\/09\/04\/bm-raportorleri-ulkeler-gazzedeki-tum-gazeteciler-susturulmadan-israili-durdurmali\/","title":{"rendered":"BM raport\u00f6rleri: \u00dclkeler, Gazze&#039;deki t\u00fcm gazeteciler susturulmadan \u0130srail&#039;i durdurmal\u0131"},"content":{"rendered":"<p><\/p>\n<div>\n<p>&#13;<br \/>\n\tBM Filistin \u00d6zel Raport\u00f6r\u00fc Francesca Albanese ve BM fikir ve ifade \u00f6zg\u00fcrl\u00fc\u011f\u00fc konular\u0131ndaki raport\u00f6r\u00fc Irene Khan, \u0130srail&#8217;in Gazze&#8217;de hedef ald\u0131\u011f\u0131 ve susturmaya \u00e7al\u0131\u015ft\u0131\u011f\u0131 gazetecilere ili\u015fkin yaz\u0131l\u0131 a\u00e7\u0131klama yapt\u0131.<\/p>\n<p>&#13;<br \/>\n\tA\u00e7\u0131klamada, &#8220;\u00dclkeler, Gazze&#8217;deki t\u00fcm gazeteciler susturulmadan \u00f6nce \u0130srail&#8217;i durdurmal\u0131.&#8221; ifadesi kullan\u0131ld\u0131.<\/p>\n<p>&#13;<br \/>\n\tSon 10 g\u00fcn i\u00e7inde Gazze&#8217;ye d\u00fczenlenen \u00e7ok say\u0131da <a href=\"https:\/\/www.trthaber.com\/etiket\/israil\/\" target=\"_blank\">\u0130srail<\/a> sald\u0131r\u0131s\u0131nda 2&#8217;si kad\u0131n olmak \u00fczere 5 Filistinli gazetecinin daha \u00f6ld\u00fcr\u00fcld\u00fc\u011f\u00fc kaydedilen a\u00e7\u0131klamada, bundan dolay\u0131 \u00f6fke duyuldu\u011fu belirtildi.<\/p>\n<p>&#13;<br \/>\n\tA\u00e7\u0131klamada, &#8220;Gazze&#8217;de \u015fu ana kadar en az 248 gazeteci \u00f6ld\u00fcr\u00fcld\u00fc. Bu say\u0131, modern zamanlardaki di\u011fer t\u00fcm \u00e7at\u0131\u015fmalardan daha fazla. \u0130srail, bir yandan uluslararas\u0131 medyaya eri\u015fimi engellemeye devam ederken, di\u011fer yandan da Gazze&#8217;de ya\u015fanan <a href=\"https:\/\/www.trthaber.com\/etiket\/soykirim\/\" target=\"_blank\">soyk\u0131r\u0131m<\/a> ve k\u0131tl\u0131\u011f\u0131n ac\u0131s\u0131na d\u00fcnyan\u0131n tek profesyonel bak\u0131\u015f a\u00e7\u0131s\u0131 olan yerel gazetecileri \u00f6ld\u00fcr\u00fcyor ve bu konuda cezas\u0131z kal\u0131yor.&#8221; ifadeleri yer ald\u0131.<\/p>\n<p><\/p>\n<p>&#13;<br \/>\n\tGazze&#8217;deki gazetecilerin, a\u00e7l\u0131ktan \u00f6l\u00fcrken, <a href=\"https:\/\/www.trthaber.com\/etiket\/aile\/\" target=\"_blank\">aile<\/a> \u00fcyelerini kaybederken, \u00e7ad\u0131rlarda uyurken ve <a href=\"https:\/\/www.trthaber.com\/etiket\/gazze\/\" target=\"_blank\">Gazze<\/a> n\u00fcfusunun geri kalan\u0131 gibi \u0130srail ordusu taraf\u0131ndan hedef al\u0131n\u0131rken dahi \u0130srail ordusunun i\u015fledi\u011fi vah\u015fete cesurca tan\u0131kl\u0131k etti\u011fi anlat\u0131lan a\u00e7\u0131klamada, \u015funlar kaydedildi:<\/p>\n<p>&#13;<br \/>\n\t&#8220;Gazze&#8217;de ve Filistin topraklar\u0131nda gazetecilere y\u00f6nelik cinayetler ve sald\u0131r\u0131larla ilgili ba\u011f\u0131ms\u0131z cezai soru\u015fturmalar, aileleri i\u00e7in tam tazminat ve adalet ve \u0130srail&#8217;in e\u015fi benzeri g\u00f6r\u00fclmemi\u015f cezas\u0131zl\u0131\u011f\u0131na son verilmesini talep ediyoruz.&#8221;<\/p>\n<p>&#13;<br \/>\n\tA\u00e7\u0131klamada, \u0130srail&#8217;in uluslararas\u0131 medyaya tam ve \u00f6zg\u00fcr eri\u015fim sa\u011flamas\u0131 da talep edilirken, onlar\u0131n varl\u0131\u011f\u0131n\u0131n, yerel gazetecilere bir \u00f6l\u00e7\u00fcde g\u00fcvenlik sa\u011flayaca\u011f\u0131 ve haberlerin d\u00fcnyaya akmaya devam etmesine imkan tan\u0131yaca\u011f\u0131na dikkati \u00e7ekildi.<\/p>\n<p>&#13;<br \/>\n\tGazze&#8217;deki gazeteci \u00f6l\u00fcmlerinin son bulmas\u0131 i\u00e7in uluslararas\u0131 toplum, BM \u00fcyesi \u00fclkeler ve kilit organlar\u0131na ad\u0131m atma \u00e7a\u011fr\u0131s\u0131 da a\u00e7\u0131klamada yer ald\u0131.<\/p>\n<p><img decoding=\"async\" alt=\"BM raport\u00f6rleri: \u00dclkeler, Gazze'deki t\u00fcm gazeteciler susturulmadan \u0130srail'i durdurmal\u0131\" src=\"https:\/\/www.trthaber.com\/dosyalar\/images\/2025_09_AA-37564613.jpg\"\/><\/p>\n<h2>&#13;<br \/>\n\tBM \u00f6zel raport\u00f6rleri<\/h2>\n<p>&#13;<br \/>\n\tBM \u00f6zel raport\u00f6rleri, &#8220;\u0130nsan Haklar\u0131 Konseyinin \u00f6zel mekanizmalar\u0131&#8221; diye tan\u0131nan s\u00fcrecin par\u00e7as\u0131 olarak biliniyor.<\/p>\n<p>&#13;<br \/>\n\tBM <a href=\"https:\/\/www.trthaber.com\/etiket\/insan-haklari\/\" target=\"_blank\">\u0130nsan Haklar\u0131<\/a> Sistemi&#8217;ndeki ba\u011f\u0131ms\u0131z \u00f6zel mekanizmalar, Konseyin belirli bir \u00fclkenin durumunu veya d\u00fcnyan\u0131n herhangi bir yerindeki tematik sorunlar\u0131 ele alan ba\u011f\u0131ms\u0131z bilgi toplama ve izleme mekanizmalar\u0131 olarak \u00f6ne \u00e7\u0131k\u0131yor.<\/p>\n<p>&#13;<br \/>\n\tKurumun b\u00fcnyesinde bulunmayan \u00f6zel mekanizmalar\u0131n uzmanlar\u0131, g\u00f6n\u00fcll\u00fcl\u00fck esas\u0131na g\u00f6re ve ba\u011f\u0131ms\u0131z \u015fekilde \u00e7al\u0131\u015fmalar\u0131n\u0131 y\u00fcr\u00fct\u00fcyor.<\/p>\n<\/p><\/div>\n","protected":false},"excerpt":{"rendered":"<p>&#13; BM Filistin \u00d6zel Raport\u00f6r\u00fc Francesca Albanese ve BM fikir ve ifade \u00f6zg\u00fcrl\u00fc\u011f\u00fc konular\u0131ndaki raport\u00f6r\u00fc Irene Khan, \u0130srail&#8217;in Gazze&#8217;de hedef ald\u0131\u011f\u0131 ve susturmaya \u00e7al\u0131\u015ft\u0131\u011f\u0131 gazetecilere ili\u015fkin yaz\u0131l\u0131 a\u00e7\u0131klama yapt\u0131. &#13; A\u00e7\u0131klamada, &#8220;\u00dclkeler, Gazze&#8217;deki t\u00fcm gazeteciler susturulmadan \u00f6nce \u0130srail&#8217;i durdurmal\u0131.&#8221; ifadesi kullan\u0131ld\u0131. &#13; Son 10 g\u00fcn i\u00e7inde Gazze&#8217;ye d\u00fczenlenen \u00e7ok say\u0131da \u0130srail sald\u0131r\u0131s\u0131nda 2&#8217;si kad\u0131n olmak [&hellip;]<\/p>\n","protected":false},"author":1,"featured_media":31196,"comment_status":"open","ping_status":"open","sticky":false,"template":"","format":"standard","meta":{"jnews-multi-image_gallery":[],"jnews_single_post":[],"jnews_primary_category":[],"jnews_social_meta":[],"jnews_override_counter":[],"footnotes":""},"categories":[2],"tags":[],"class_list":["post-31195","post","type-post","status-publish","format-standard","has-post-thumbnail","hentry","category-dunya"],"yoast_head":"<!-- This site is optimized with the Yoast SEO plugin v27.5 - https:\/\/yoast.com\/product\/yoast-seo-wordpress\/ -->\n<title>BM raport\u00f6rleri: \u00dclkeler, Gazze&#039;deki t\u00fcm gazeteciler susturulmadan \u0130srail&#039;i durdurmal\u0131 - Kuzeyin Sesi<\/title>\n<meta name=\"robots\" content=\"index, follow, max-snippet:-1, max-image-preview:large, max-video-preview:-1\" \/>\n<link rel=\"canonical\" href=\"https:\/\/kuzeyinsesi.org\/index.php\/2025\/09\/04\/bm-raportorleri-ulkeler-gazzedeki-tum-gazeteciler-susturulmadan-israili-durdurmali\/\" \/>\n<meta property=\"og:locale\" content=\"tr_TR\" \/>\n<meta property=\"og:type\" content=\"article\" \/>\n<meta property=\"og:title\" content=\"BM raport\u00f6rleri: \u00dclkeler, Gazze&#039;deki t\u00fcm gazeteciler susturulmadan \u0130srail&#039;i durdurmal\u0131 - Kuzeyin Sesi\" \/>\n<meta property=\"og:description\" content=\"&#013; BM Filistin \u00d6zel Raport\u00f6r\u00fc Francesca Albanese ve BM fikir ve ifade \u00f6zg\u00fcrl\u00fc\u011f\u00fc konular\u0131ndaki raport\u00f6r\u00fc Irene Khan, \u0130srail&#8217;in Gazze&#8217;de hedef ald\u0131\u011f\u0131 ve susturmaya \u00e7al\u0131\u015ft\u0131\u011f\u0131 gazetecilere ili\u015fkin yaz\u0131l\u0131 a\u00e7\u0131klama yapt\u0131. &#013; A\u00e7\u0131klamada, &#8220;\u00dclkeler, Gazze&#8217;deki t\u00fcm gazeteciler susturulmadan \u00f6nce \u0130srail&#8217;i durdurmal\u0131.&#8221; ifadesi kullan\u0131ld\u0131. &#013; Son 10 g\u00fcn i\u00e7inde Gazze&#8217;ye d\u00fczenlenen \u00e7ok say\u0131da \u0130srail sald\u0131r\u0131s\u0131nda 2&#8217;si kad\u0131n olmak [&hellip;]\" \/>\n<meta property=\"og:url\" content=\"https:\/\/kuzeyinsesi.org\/index.php\/2025\/09\/04\/bm-raportorleri-ulkeler-gazzedeki-tum-gazeteciler-susturulmadan-israili-durdurmali\/\" \/>\n<meta property=\"og:site_name\" content=\"Kuzeyin Sesi\" \/>\n<meta property=\"article:publisher\" content=\"https:\/\/www.facebook.com\/kuzeyinsesii\" \/>\n<meta property=\"article:published_time\" content=\"2025-09-04T12:56:34+00:00\" \/>\n<meta property=\"og:image\" content=\"https:\/\/www.trthaber.com\/dosyalar\/images\/2025_09_AA-38191439.jpg\" \/>\n<meta name=\"author\" content=\"Kuzeyin Sesi\" \/>\n<meta name=\"twitter:card\" content=\"summary_large_image\" \/>\n<meta name=\"twitter:creator\" content=\"@kuzeyinsesii\" \/>\n<meta name=\"twitter:site\" content=\"@kuzeyinsesii\" \/>\n<meta name=\"twitter:label1\" content=\"Yazan:\" \/>\n\t<meta name=\"twitter:data1\" content=\"Kuzeyin Sesi\" \/>\n\t<meta name=\"twitter:label2\" content=\"Tahmini okuma s\u00fcresi\" \/>\n\t<meta name=\"twitter:data2\" content=\"2 dakika\" \/>\n<script type=\"application\/ld+json\" class=\"yoast-schema-graph\">{\"@context\":\"https:\\\/\\\/schema.org\",\"@graph\":[{\"@type\":\"Article\",\"@id\":\"https:\\\/\\\/kuzeyinsesi.org\\\/index.php\\\/2025\\\/09\\\/04\\\/bm-raportorleri-ulkeler-gazzedeki-tum-gazeteciler-susturulmadan-israili-durdurmali\\\/#article\",\"isPartOf\":{\"@id\":\"https:\\\/\\\/kuzeyinsesi.org\\\/index.php\\\/2025\\\/09\\\/04\\\/bm-raportorleri-ulkeler-gazzedeki-tum-gazeteciler-susturulmadan-israili-durdurmali\\\/\"},\"author\":{\"name\":\"Kuzeyin Sesi\",\"@id\":\"https:\\\/\\\/kuzeyinsesi.org\\\/#\\\/schema\\\/person\\\/9f859689cdf01485597712386e37f5aa\"},\"headline\":\"BM raport\u00f6rleri: \u00dclkeler, Gazze&#039;deki t\u00fcm gazeteciler susturulmadan \u0130srail&#039;i durdurmal\u0131\",\"datePublished\":\"2025-09-04T12:56:34+00:00\",\"mainEntityOfPage\":{\"@id\":\"https:\\\/\\\/kuzeyinsesi.org\\\/index.php\\\/2025\\\/09\\\/04\\\/bm-raportorleri-ulkeler-gazzedeki-tum-gazeteciler-susturulmadan-israili-durdurmali\\\/\"},\"wordCount\":436,\"commentCount\":0,\"image\":{\"@id\":\"https:\\\/\\\/kuzeyinsesi.org\\\/index.php\\\/2025\\\/09\\\/04\\\/bm-raportorleri-ulkeler-gazzedeki-tum-gazeteciler-susturulmadan-israili-durdurmali\\\/#primaryimage\"},\"thumbnailUrl\":\"https:\\\/\\\/kuzeyinsesi.org\\\/wp-content\\\/uploads\\\/2025\\\/09\\\/gazze-gazeteci-2394593.jpg\",\"articleSection\":[\"D\u00fcnya\"],\"inLanguage\":\"tr\",\"potentialAction\":[{\"@type\":\"CommentAction\",\"name\":\"Comment\",\"target\":[\"https:\\\/\\\/kuzeyinsesi.org\\\/index.php\\\/2025\\\/09\\\/04\\\/bm-raportorleri-ulkeler-gazzedeki-tum-gazeteciler-susturulmadan-israili-durdurmali\\\/#respond\"]}]},{\"@type\":\"WebPage\",\"@id\":\"https:\\\/\\\/kuzeyinsesi.org\\\/index.php\\\/2025\\\/09\\\/04\\\/bm-raportorleri-ulkeler-gazzedeki-tum-gazeteciler-susturulmadan-israili-durdurmali\\\/\",\"url\":\"https:\\\/\\\/kuzeyinsesi.org\\\/index.php\\\/2025\\\/09\\\/04\\\/bm-raportorleri-ulkeler-gazzedeki-tum-gazeteciler-susturulmadan-israili-durdurmali\\\/\",\"name\":\"BM raport\u00f6rleri: \u00dclkeler, Gazze&#039;deki t\u00fcm gazeteciler susturulmadan \u0130srail&#039;i durdurmal\u0131 - Kuzeyin Sesi\",\"isPartOf\":{\"@id\":\"https:\\\/\\\/kuzeyinsesi.org\\\/#website\"},\"primaryImageOfPage\":{\"@id\":\"https:\\\/\\\/kuzeyinsesi.org\\\/index.php\\\/2025\\\/09\\\/04\\\/bm-raportorleri-ulkeler-gazzedeki-tum-gazeteciler-susturulmadan-israili-durdurmali\\\/#primaryimage\"},\"image\":{\"@id\":\"https:\\\/\\\/kuzeyinsesi.org\\\/index.php\\\/2025\\\/09\\\/04\\\/bm-raportorleri-ulkeler-gazzedeki-tum-gazeteciler-susturulmadan-israili-durdurmali\\\/#primaryimage\"},\"thumbnailUrl\":\"https:\\\/\\\/kuzeyinsesi.org\\\/wp-content\\\/uploads\\\/2025\\\/09\\\/gazze-gazeteci-2394593.jpg\",\"datePublished\":\"2025-09-04T12:56:34+00:00\",\"author\":{\"@id\":\"https:\\\/\\\/kuzeyinsesi.org\\\/#\\\/schema\\\/person\\\/9f859689cdf01485597712386e37f5aa\"},\"breadcrumb\":{\"@id\":\"https:\\\/\\\/kuzeyinsesi.org\\\/index.php\\\/2025\\\/09\\\/04\\\/bm-raportorleri-ulkeler-gazzedeki-tum-gazeteciler-susturulmadan-israili-durdurmali\\\/#breadcrumb\"},\"inLanguage\":\"tr\",\"potentialAction\":[{\"@type\":\"ReadAction\",\"target\":[\"https:\\\/\\\/kuzeyinsesi.org\\\/index.php\\\/2025\\\/09\\\/04\\\/bm-raportorleri-ulkeler-gazzedeki-tum-gazeteciler-susturulmadan-israili-durdurmali\\\/\"]}]},{\"@type\":\"ImageObject\",\"inLanguage\":\"tr\",\"@id\":\"https:\\\/\\\/kuzeyinsesi.org\\\/index.php\\\/2025\\\/09\\\/04\\\/bm-raportorleri-ulkeler-gazzedeki-tum-gazeteciler-susturulmadan-israili-durdurmali\\\/#primaryimage\",\"url\":\"https:\\\/\\\/kuzeyinsesi.org\\\/wp-content\\\/uploads\\\/2025\\\/09\\\/gazze-gazeteci-2394593.jpg\",\"contentUrl\":\"https:\\\/\\\/kuzeyinsesi.org\\\/wp-content\\\/uploads\\\/2025\\\/09\\\/gazze-gazeteci-2394593.jpg\",\"width\":1280,\"height\":720},{\"@type\":\"BreadcrumbList\",\"@id\":\"https:\\\/\\\/kuzeyinsesi.org\\\/index.php\\\/2025\\\/09\\\/04\\\/bm-raportorleri-ulkeler-gazzedeki-tum-gazeteciler-susturulmadan-israili-durdurmali\\\/#breadcrumb\",\"itemListElement\":[{\"@type\":\"ListItem\",\"position\":1,\"name\":\"Anasayfa\",\"item\":\"https:\\\/\\\/kuzeyinsesi.org\\\/\"},{\"@type\":\"ListItem\",\"position\":2,\"name\":\"BM raport\u00f6rleri: \u00dclkeler, Gazze&#039;deki t\u00fcm gazeteciler susturulmadan \u0130srail&#039;i durdurmal\u0131\"}]},{\"@type\":\"WebSite\",\"@id\":\"https:\\\/\\\/kuzeyinsesi.org\\\/#website\",\"url\":\"https:\\\/\\\/kuzeyinsesi.org\\\/\",\"name\":\"Kuzeyin Sesi\",\"description\":\"Do\u011fru Haberin Adresi\",\"potentialAction\":[{\"@type\":\"SearchAction\",\"target\":{\"@type\":\"EntryPoint\",\"urlTemplate\":\"https:\\\/\\\/kuzeyinsesi.org\\\/?s={search_term_string}\"},\"query-input\":{\"@type\":\"PropertyValueSpecification\",\"valueRequired\":true,\"valueName\":\"search_term_string\"}}],\"inLanguage\":\"tr\"},{\"@type\":\"Person\",\"@id\":\"https:\\\/\\\/kuzeyinsesi.org\\\/#\\\/schema\\\/person\\\/9f859689cdf01485597712386e37f5aa\",\"name\":\"Kuzeyin Sesi\",\"image\":{\"@type\":\"ImageObject\",\"inLanguage\":\"tr\",\"@id\":\"https:\\\/\\\/secure.gravatar.com\\\/avatar\\\/bab33852abfd8b282518d6ed81826833d77c3c882d9ab608add591ccace47a44?s=96&d=mm&r=g\",\"url\":\"https:\\\/\\\/secure.gravatar.com\\\/avatar\\\/bab33852abfd8b282518d6ed81826833d77c3c882d9ab608add591ccace47a44?s=96&d=mm&r=g\",\"contentUrl\":\"https:\\\/\\\/secure.gravatar.com\\\/avatar\\\/bab33852abfd8b282518d6ed81826833d77c3c882d9ab608add591ccace47a44?s=96&d=mm&r=g\",\"caption\":\"Kuzeyin Sesi\"},\"sameAs\":[\"https:\\\/\\\/kuzeyinsesi.org\"],\"url\":\"https:\\\/\\\/kuzeyinsesi.org\\\/index.php\\\/author\\\/guven\\\/\"}]}<\/script>\n<!-- \/ Yoast SEO plugin. -->","yoast_head_json":{"title":"BM raport\u00f6rleri: \u00dclkeler, Gazze&#039;deki t\u00fcm gazeteciler susturulmadan \u0130srail&#039;i durdurmal\u0131 - Kuzeyin Sesi","robots":{"index":"index","follow":"follow","max-snippet":"max-snippet:-1","max-image-preview":"max-image-preview:large","max-video-preview":"max-video-preview:-1"},"canonical":"https:\/\/kuzeyinsesi.org\/index.php\/2025\/09\/04\/bm-raportorleri-ulkeler-gazzedeki-tum-gazeteciler-susturulmadan-israili-durdurmali\/","og_locale":"tr_TR","og_type":"article","og_title":"BM raport\u00f6rleri: \u00dclkeler, Gazze&#039;deki t\u00fcm gazeteciler susturulmadan \u0130srail&#039;i durdurmal\u0131 - Kuzeyin Sesi","og_description":"&#13; BM Filistin \u00d6zel Raport\u00f6r\u00fc Francesca Albanese ve BM fikir ve ifade \u00f6zg\u00fcrl\u00fc\u011f\u00fc konular\u0131ndaki raport\u00f6r\u00fc Irene Khan, \u0130srail&#8217;in Gazze&#8217;de hedef ald\u0131\u011f\u0131 ve susturmaya \u00e7al\u0131\u015ft\u0131\u011f\u0131 gazetecilere ili\u015fkin yaz\u0131l\u0131 a\u00e7\u0131klama yapt\u0131. &#13; A\u00e7\u0131klamada, &#8220;\u00dclkeler, Gazze&#8217;deki t\u00fcm gazeteciler susturulmadan \u00f6nce \u0130srail&#8217;i durdurmal\u0131.&#8221; ifadesi kullan\u0131ld\u0131. &#13; Son 10 g\u00fcn i\u00e7inde Gazze&#8217;ye d\u00fczenlenen \u00e7ok say\u0131da \u0130srail sald\u0131r\u0131s\u0131nda 2&#8217;si kad\u0131n olmak [&hellip;]","og_url":"https:\/\/kuzeyinsesi.org\/index.php\/2025\/09\/04\/bm-raportorleri-ulkeler-gazzedeki-tum-gazeteciler-susturulmadan-israili-durdurmali\/","og_site_name":"Kuzeyin Sesi","article_publisher":"https:\/\/www.facebook.com\/kuzeyinsesii","article_published_time":"2025-09-04T12:56:34+00:00","og_image":[{"url":"https:\/\/www.trthaber.com\/dosyalar\/images\/2025_09_AA-38191439.jpg","type":"","width":"","height":""}],"author":"Kuzeyin Sesi","twitter_card":"summary_large_image","twitter_creator":"@kuzeyinsesii","twitter_site":"@kuzeyinsesii","twitter_misc":{"Yazan:":"Kuzeyin Sesi","Tahmini okuma s\u00fcresi":"2 dakika"},"schema":{"@context":"https:\/\/schema.org","@graph":[{"@type":"Article","@id":"https:\/\/kuzeyinsesi.org\/index.php\/2025\/09\/04\/bm-raportorleri-ulkeler-gazzedeki-tum-gazeteciler-susturulmadan-israili-durdurmali\/#article","isPartOf":{"@id":"https:\/\/kuzeyinsesi.org\/index.php\/2025\/09\/04\/bm-raportorleri-ulkeler-gazzedeki-tum-gazeteciler-susturulmadan-israili-durdurmali\/"},"author":{"name":"Kuzeyin Sesi","@id":"https:\/\/kuzeyinsesi.org\/#\/schema\/person\/9f859689cdf01485597712386e37f5aa"},"headline":"BM raport\u00f6rleri: \u00dclkeler, Gazze&#039;deki t\u00fcm gazeteciler susturulmadan \u0130srail&#039;i durdurmal\u0131","datePublished":"2025-09-04T12:56:34+00:00","mainEntityOfPage":{"@id":"https:\/\/kuzeyinsesi.org\/index.php\/2025\/09\/04\/bm-raportorleri-ulkeler-gazzedeki-tum-gazeteciler-susturulmadan-israili-durdurmali\/"},"wordCount":436,"commentCount":0,"image":{"@id":"https:\/\/kuzeyinsesi.org\/index.php\/2025\/09\/04\/bm-raportorleri-ulkeler-gazzedeki-tum-gazeteciler-susturulmadan-israili-durdurmali\/#primaryimage"},"thumbnailUrl":"https:\/\/kuzeyinsesi.org\/wp-content\/uploads\/2025\/09\/gazze-gazeteci-2394593.jpg","articleSection":["D\u00fcnya"],"inLanguage":"tr","potentialAction":[{"@type":"CommentAction","name":"Comment","target":["https:\/\/kuzeyinsesi.org\/index.php\/2025\/09\/04\/bm-raportorleri-ulkeler-gazzedeki-tum-gazeteciler-susturulmadan-israili-durdurmali\/#respond"]}]},{"@type":"WebPage","@id":"https:\/\/kuzeyinsesi.org\/index.php\/2025\/09\/04\/bm-raportorleri-ulkeler-gazzedeki-tum-gazeteciler-susturulmadan-israili-durdurmali\/","url":"https:\/\/kuzeyinsesi.org\/index.php\/2025\/09\/04\/bm-raportorleri-ulkeler-gazzedeki-tum-gazeteciler-susturulmadan-israili-durdurmali\/","name":"BM raport\u00f6rleri: \u00dclkeler, Gazze&#039;deki t\u00fcm gazeteciler susturulmadan \u0130srail&#039;i durdurmal\u0131 - Kuzeyin Sesi","isPartOf":{"@id":"https:\/\/kuzeyinsesi.org\/#website"},"primaryImageOfPage":{"@id":"https:\/\/kuzeyinsesi.org\/index.php\/2025\/09\/04\/bm-raportorleri-ulkeler-gazzedeki-tum-gazeteciler-susturulmadan-israili-durdurmali\/#primaryimage"},"image":{"@id":"https:\/\/kuzeyinsesi.org\/index.php\/2025\/09\/04\/bm-raportorleri-ulkeler-gazzedeki-tum-gazeteciler-susturulmadan-israili-durdurmali\/#primaryimage"},"thumbnailUrl":"https:\/\/kuzeyinsesi.org\/wp-content\/uploads\/2025\/09\/gazze-gazeteci-2394593.jpg","datePublished":"2025-09-04T12:56:34+00:00","author":{"@id":"https:\/\/kuzeyinsesi.org\/#\/schema\/person\/9f859689cdf01485597712386e37f5aa"},"breadcrumb":{"@id":"https:\/\/kuzeyinsesi.org\/index.php\/2025\/09\/04\/bm-raportorleri-ulkeler-gazzedeki-tum-gazeteciler-susturulmadan-israili-durdurmali\/#breadcrumb"},"inLanguage":"tr","potentialAction":[{"@type":"ReadAction","target":["https:\/\/kuzeyinsesi.org\/index.php\/2025\/09\/04\/bm-raportorleri-ulkeler-gazzedeki-tum-gazeteciler-susturulmadan-israili-durdurmali\/"]}]},{"@type":"ImageObject","inLanguage":"tr","@id":"https:\/\/kuzeyinsesi.org\/index.php\/2025\/09\/04\/bm-raportorleri-ulkeler-gazzedeki-tum-gazeteciler-susturulmadan-israili-durdurmali\/#primaryimage","url":"https:\/\/kuzeyinsesi.org\/wp-content\/uploads\/2025\/09\/gazze-gazeteci-2394593.jpg","contentUrl":"https:\/\/kuzeyinsesi.org\/wp-content\/uploads\/2025\/09\/gazze-gazeteci-2394593.jpg","width":1280,"height":720},{"@type":"BreadcrumbList","@id":"https:\/\/kuzeyinsesi.org\/index.php\/2025\/09\/04\/bm-raportorleri-ulkeler-gazzedeki-tum-gazeteciler-susturulmadan-israili-durdurmali\/#breadcrumb","itemListElement":[{"@type":"ListItem","position":1,"name":"Anasayfa","item":"https:\/\/kuzeyinsesi.org\/"},{"@type":"ListItem","position":2,"name":"BM raport\u00f6rleri: \u00dclkeler, Gazze&#039;deki t\u00fcm gazeteciler susturulmadan \u0130srail&#039;i durdurmal\u0131"}]},{"@type":"WebSite","@id":"https:\/\/kuzeyinsesi.org\/#website","url":"https:\/\/kuzeyinsesi.org\/","name":"Kuzeyin Sesi","description":"Do\u011fru Haberin Adresi","potentialAction":[{"@type":"SearchAction","target":{"@type":"EntryPoint","urlTemplate":"https:\/\/kuzeyinsesi.org\/?s={search_term_string}"},"query-input":{"@type":"PropertyValueSpecification","valueRequired":true,"valueName":"search_term_string"}}],"inLanguage":"tr"},{"@type":"Person","@id":"https:\/\/kuzeyinsesi.org\/#\/schema\/person\/9f859689cdf01485597712386e37f5aa","name":"Kuzeyin Sesi","image":{"@type":"ImageObject","inLanguage":"tr","@id":"https:\/\/secure.gravatar.com\/avatar\/bab33852abfd8b282518d6ed81826833d77c3c882d9ab608add591ccace47a44?s=96&d=mm&r=g","url":"https:\/\/secure.gravatar.com\/avatar\/bab33852abfd8b282518d6ed81826833d77c3c882d9ab608add591ccace47a44?s=96&d=mm&r=g","contentUrl":"https:\/\/secure.gravatar.com\/avatar\/bab33852abfd8b282518d6ed81826833d77c3c882d9ab608add591ccace47a44?s=96&d=mm&r=g","caption":"Kuzeyin Sesi"},"sameAs":["https:\/\/kuzeyinsesi.org"],"url":"https:\/\/kuzeyinsesi.org\/index.php\/author\/guven\/"}]}},"_links":{"self":[{"href":"https:\/\/kuzeyinsesi.org\/index.php\/wp-json\/wp\/v2\/posts\/31195","targetHints":{"allow":["GET"]}}],"collection":[{"href":"https:\/\/kuzeyinsesi.org\/index.php\/wp-json\/wp\/v2\/posts"}],"about":[{"href":"https:\/\/kuzeyinsesi.org\/index.php\/wp-json\/wp\/v2\/types\/post"}],"author":[{"embeddable":true,"href":"https:\/\/kuzeyinsesi.org\/index.php\/wp-json\/wp\/v2\/users\/1"}],"replies":[{"embeddable":true,"href":"https:\/\/kuzeyinsesi.org\/index.php\/wp-json\/wp\/v2\/comments?post=31195"}],"version-history":[{"count":0,"href":"https:\/\/kuzeyinsesi.org\/index.php\/wp-json\/wp\/v2\/posts\/31195\/revisions"}],"wp:featuredmedia":[{"embeddable":true,"href":"https:\/\/kuzeyinsesi.org\/index.php\/wp-json\/wp\/v2\/media\/31196"}],"wp:attachment":[{"href":"https:\/\/kuzeyinsesi.org\/index.php\/wp-json\/wp\/v2\/media?parent=31195"}],"wp:term":[{"taxonomy":"category","embeddable":true,"href":"https:\/\/kuzeyinsesi.org\/index.php\/wp-json\/wp\/v2\/categories?post=31195"},{"taxonomy":"post_tag","embeddable":true,"href":"https:\/\/kuzeyinsesi.org\/index.php\/wp-json\/wp\/v2\/tags?post=31195"}],"curies":[{"name":"wp","href":"https:\/\/api.w.org\/{rel}","templated":true}]}}