{"id":3118,"date":"2024-05-22T11:25:39","date_gmt":"2024-05-22T08:25:39","guid":{"rendered":"https:\/\/kuzeyinsesi.com\/index.php\/2024\/05\/22\/geleneksel-15-zerdali-festivali-cuma-ve-cumartesi-gunleri-yapilacak\/"},"modified":"2024-05-22T11:25:39","modified_gmt":"2024-05-22T08:25:39","slug":"geleneksel-15-zerdali-festivali-cuma-ve-cumartesi-gunleri-yapilacak","status":"publish","type":"post","link":"https:\/\/kuzeyinsesi.org\/index.php\/2024\/05\/22\/geleneksel-15-zerdali-festivali-cuma-ve-cumartesi-gunleri-yapilacak\/","title":{"rendered":"Geleneksel 15. Zerdali Festivali cuma ve cumartesi g\u00fcnleri yap\u0131lacak"},"content":{"rendered":"<div>\n<div class=\"mariselle-image-container center\">\n                                            <\/div>\n<p>\u00c7atalk\u00f6y -Esentepe Belediyesi\u2019nin organize etti\u011fi Geleneksel 15. Zerdali Festivali, cuma ve cumartesi g\u00fcnleri Esentepe festival alan\u0131nda yap\u0131lacak.<\/p>\n<p>\u00c7atalk\u00f6y -Esentepe Belediyesi Festival Komitesi\u2019nden yap\u0131lan a\u00e7\u0131klamada, festivalin k\u00fclt\u00fcrel miras\u0131 ve geleneksel de\u011ferleri \u00f6n plana \u00e7\u0131karan, marka de\u011feri y\u00fcksek bir festival oldu\u011fu ve festival s\u00fcresince halk\u0131n geleneksel el sanatlar\u0131, k\u00fclt\u00fcrel eserler, zerdali ve zerdaliden \u00fcretilmi\u015f \u00fcr\u00fcnlerle bulu\u015faca\u011f\u0131 kaydedildi.<\/p>\n<p>Festival cuma 18.45\u2019te kortejle ba\u015flayacak ve 19.30\u2019da a\u00e7\u0131l\u0131\u015f konu\u015fmalar\u0131 yap\u0131lacak.<\/p>\n<p>A\u00e7\u0131klamada, cuma ak\u015fam\u0131 halk danslar\u0131 g\u00f6sterileri, Retro \u00c7alg\u0131c\u0131lar\u0131 ve Grup Otantik\u2019in sahne alaca\u011f\u0131, cumartesi ak\u015fam\u0131 ise saat 20.00\u2019de Nostaljik K\u0131yafetler Defilesi, dans g\u00f6sterileri, Ferda An\u0131l Yark\u0131n, Zafer Peker, Hazal, Ali G\u00fcven gibi T\u00fcrkiyeli sanat\u00e7\u0131lar taraf\u0131ndan 90\u2019lar Konseri\u2019nin sunulaca\u011f\u0131 belirtildi. Festival, WOLF F18 konseri ile tamamlanacak.<\/p>\n<\/p><\/div>\n<p><script async\n                    defer\n                    crossorigin=\"anonymous\"\n                    src=\"https:\/\/connect.facebook.net\/tr_TR\/sdk.js#xfbml=1&#038;version=v3.3\"\n            ><\/script><\/p>\n","protected":false},"excerpt":{"rendered":"<p>\u00c7atalk\u00f6y -Esentepe Belediyesi\u2019nin organize etti\u011fi Geleneksel 15. Zerdali Festivali, cuma ve cumartesi g\u00fcnleri Esentepe festival alan\u0131nda yap\u0131lacak. \u00c7atalk\u00f6y -Esentepe Belediyesi Festival Komitesi\u2019nden yap\u0131lan a\u00e7\u0131klamada, festivalin k\u00fclt\u00fcrel miras\u0131 ve geleneksel de\u011ferleri \u00f6n plana \u00e7\u0131karan, marka de\u011feri y\u00fcksek bir festival oldu\u011fu ve festival s\u00fcresince halk\u0131n geleneksel el sanatlar\u0131, k\u00fclt\u00fcrel eserler, zerdali ve zerdaliden \u00fcretilmi\u015f \u00fcr\u00fcnlerle bulu\u015faca\u011f\u0131 kaydedildi. [&hellip;]<\/p>\n","protected":false},"author":1,"featured_media":3119,"comment_status":"open","ping_status":"open","sticky":false,"template":"","format":"standard","meta":{"jnews-multi-image_gallery":[],"jnews_single_post":[],"jnews_primary_category":[],"jnews_social_meta":[],"jnews_override_counter":[],"footnotes":""},"categories":[6],"tags":[],"class_list":["post-3118","post","type-post","status-publish","format-standard","has-post-thumbnail","hentry","category-yasam"],"yoast_head":"<!-- This site is optimized with the Yoast SEO plugin v27.5 - https:\/\/yoast.com\/product\/yoast-seo-wordpress\/ -->\n<title>Geleneksel 15. Zerdali Festivali cuma ve cumartesi g\u00fcnleri yap\u0131lacak - Kuzeyin Sesi<\/title>\n<meta name=\"robots\" content=\"index, follow, max-snippet:-1, max-image-preview:large, max-video-preview:-1\" \/>\n<link rel=\"canonical\" href=\"https:\/\/kuzeyinsesi.org\/index.php\/2024\/05\/22\/geleneksel-15-zerdali-festivali-cuma-ve-cumartesi-gunleri-yapilacak\/\" \/>\n<meta property=\"og:locale\" content=\"tr_TR\" \/>\n<meta property=\"og:type\" content=\"article\" \/>\n<meta property=\"og:title\" content=\"Geleneksel 15. Zerdali Festivali cuma ve cumartesi g\u00fcnleri yap\u0131lacak - Kuzeyin Sesi\" \/>\n<meta property=\"og:description\" content=\"\u00c7atalk\u00f6y -Esentepe Belediyesi\u2019nin organize etti\u011fi Geleneksel 15. Zerdali Festivali, cuma ve cumartesi g\u00fcnleri Esentepe festival alan\u0131nda yap\u0131lacak. \u00c7atalk\u00f6y -Esentepe Belediyesi Festival Komitesi\u2019nden yap\u0131lan a\u00e7\u0131klamada, festivalin k\u00fclt\u00fcrel miras\u0131 ve geleneksel de\u011ferleri \u00f6n plana \u00e7\u0131karan, marka de\u011feri y\u00fcksek bir festival oldu\u011fu ve festival s\u00fcresince halk\u0131n geleneksel el sanatlar\u0131, k\u00fclt\u00fcrel eserler, zerdali ve zerdaliden \u00fcretilmi\u015f \u00fcr\u00fcnlerle bulu\u015faca\u011f\u0131 kaydedildi. [&hellip;]\" \/>\n<meta property=\"og:url\" content=\"https:\/\/kuzeyinsesi.org\/index.php\/2024\/05\/22\/geleneksel-15-zerdali-festivali-cuma-ve-cumartesi-gunleri-yapilacak\/\" \/>\n<meta property=\"og:site_name\" content=\"Kuzeyin Sesi\" \/>\n<meta property=\"article:publisher\" content=\"https:\/\/www.facebook.com\/kuzeyinsesii\" \/>\n<meta property=\"article:published_time\" content=\"2024-05-22T08:25:39+00:00\" \/>\n<meta property=\"og:image\" content=\"https:\/\/kuzeyinsesi.org\/wp-content\/uploads\/2024\/05\/v2yeniproje-2024-05-22t104454124_1716363921.jpg\" \/>\n\t<meta property=\"og:image:width\" content=\"450\" \/>\n\t<meta property=\"og:image:height\" content=\"260\" \/>\n\t<meta property=\"og:image:type\" content=\"image\/jpeg\" \/>\n<meta name=\"author\" content=\"Kuzeyin Sesi\" \/>\n<meta name=\"twitter:card\" content=\"summary_large_image\" \/>\n<meta name=\"twitter:creator\" content=\"@kuzeyinsesii\" \/>\n<meta name=\"twitter:site\" content=\"@kuzeyinsesii\" \/>\n<meta name=\"twitter:label1\" content=\"Yazan:\" \/>\n\t<meta name=\"twitter:data1\" content=\"Kuzeyin Sesi\" \/>\n\t<meta name=\"twitter:label2\" content=\"Tahmini okuma s\u00fcresi\" \/>\n\t<meta name=\"twitter:data2\" content=\"1 dakika\" \/>\n<script type=\"application\/ld+json\" class=\"yoast-schema-graph\">{\"@context\":\"https:\\\/\\\/schema.org\",\"@graph\":[{\"@type\":\"Article\",\"@id\":\"https:\\\/\\\/kuzeyinsesi.org\\\/index.php\\\/2024\\\/05\\\/22\\\/geleneksel-15-zerdali-festivali-cuma-ve-cumartesi-gunleri-yapilacak\\\/#article\",\"isPartOf\":{\"@id\":\"https:\\\/\\\/kuzeyinsesi.org\\\/index.php\\\/2024\\\/05\\\/22\\\/geleneksel-15-zerdali-festivali-cuma-ve-cumartesi-gunleri-yapilacak\\\/\"},\"author\":{\"name\":\"Kuzeyin Sesi\",\"@id\":\"https:\\\/\\\/kuzeyinsesi.org\\\/#\\\/schema\\\/person\\\/9f859689cdf01485597712386e37f5aa\"},\"headline\":\"Geleneksel 15. Zerdali Festivali cuma ve cumartesi g\u00fcnleri yap\u0131lacak\",\"datePublished\":\"2024-05-22T08:25:39+00:00\",\"mainEntityOfPage\":{\"@id\":\"https:\\\/\\\/kuzeyinsesi.org\\\/index.php\\\/2024\\\/05\\\/22\\\/geleneksel-15-zerdali-festivali-cuma-ve-cumartesi-gunleri-yapilacak\\\/\"},\"wordCount\":161,\"commentCount\":0,\"image\":{\"@id\":\"https:\\\/\\\/kuzeyinsesi.org\\\/index.php\\\/2024\\\/05\\\/22\\\/geleneksel-15-zerdali-festivali-cuma-ve-cumartesi-gunleri-yapilacak\\\/#primaryimage\"},\"thumbnailUrl\":\"https:\\\/\\\/kuzeyinsesi.org\\\/wp-content\\\/uploads\\\/2024\\\/05\\\/v2yeniproje-2024-05-22t104454124_1716363921.jpg\",\"articleSection\":[\"Ya\u015fam\"],\"inLanguage\":\"tr\",\"potentialAction\":[{\"@type\":\"CommentAction\",\"name\":\"Comment\",\"target\":[\"https:\\\/\\\/kuzeyinsesi.org\\\/index.php\\\/2024\\\/05\\\/22\\\/geleneksel-15-zerdali-festivali-cuma-ve-cumartesi-gunleri-yapilacak\\\/#respond\"]}]},{\"@type\":\"WebPage\",\"@id\":\"https:\\\/\\\/kuzeyinsesi.org\\\/index.php\\\/2024\\\/05\\\/22\\\/geleneksel-15-zerdali-festivali-cuma-ve-cumartesi-gunleri-yapilacak\\\/\",\"url\":\"https:\\\/\\\/kuzeyinsesi.org\\\/index.php\\\/2024\\\/05\\\/22\\\/geleneksel-15-zerdali-festivali-cuma-ve-cumartesi-gunleri-yapilacak\\\/\",\"name\":\"Geleneksel 15. Zerdali Festivali cuma ve cumartesi g\u00fcnleri yap\u0131lacak - Kuzeyin Sesi\",\"isPartOf\":{\"@id\":\"https:\\\/\\\/kuzeyinsesi.org\\\/#website\"},\"primaryImageOfPage\":{\"@id\":\"https:\\\/\\\/kuzeyinsesi.org\\\/index.php\\\/2024\\\/05\\\/22\\\/geleneksel-15-zerdali-festivali-cuma-ve-cumartesi-gunleri-yapilacak\\\/#primaryimage\"},\"image\":{\"@id\":\"https:\\\/\\\/kuzeyinsesi.org\\\/index.php\\\/2024\\\/05\\\/22\\\/geleneksel-15-zerdali-festivali-cuma-ve-cumartesi-gunleri-yapilacak\\\/#primaryimage\"},\"thumbnailUrl\":\"https:\\\/\\\/kuzeyinsesi.org\\\/wp-content\\\/uploads\\\/2024\\\/05\\\/v2yeniproje-2024-05-22t104454124_1716363921.jpg\",\"datePublished\":\"2024-05-22T08:25:39+00:00\",\"author\":{\"@id\":\"https:\\\/\\\/kuzeyinsesi.org\\\/#\\\/schema\\\/person\\\/9f859689cdf01485597712386e37f5aa\"},\"breadcrumb\":{\"@id\":\"https:\\\/\\\/kuzeyinsesi.org\\\/index.php\\\/2024\\\/05\\\/22\\\/geleneksel-15-zerdali-festivali-cuma-ve-cumartesi-gunleri-yapilacak\\\/#breadcrumb\"},\"inLanguage\":\"tr\",\"potentialAction\":[{\"@type\":\"ReadAction\",\"target\":[\"https:\\\/\\\/kuzeyinsesi.org\\\/index.php\\\/2024\\\/05\\\/22\\\/geleneksel-15-zerdali-festivali-cuma-ve-cumartesi-gunleri-yapilacak\\\/\"]}]},{\"@type\":\"ImageObject\",\"inLanguage\":\"tr\",\"@id\":\"https:\\\/\\\/kuzeyinsesi.org\\\/index.php\\\/2024\\\/05\\\/22\\\/geleneksel-15-zerdali-festivali-cuma-ve-cumartesi-gunleri-yapilacak\\\/#primaryimage\",\"url\":\"https:\\\/\\\/kuzeyinsesi.org\\\/wp-content\\\/uploads\\\/2024\\\/05\\\/v2yeniproje-2024-05-22t104454124_1716363921.jpg\",\"contentUrl\":\"https:\\\/\\\/kuzeyinsesi.org\\\/wp-content\\\/uploads\\\/2024\\\/05\\\/v2yeniproje-2024-05-22t104454124_1716363921.jpg\",\"width\":450,\"height\":260},{\"@type\":\"BreadcrumbList\",\"@id\":\"https:\\\/\\\/kuzeyinsesi.org\\\/index.php\\\/2024\\\/05\\\/22\\\/geleneksel-15-zerdali-festivali-cuma-ve-cumartesi-gunleri-yapilacak\\\/#breadcrumb\",\"itemListElement\":[{\"@type\":\"ListItem\",\"position\":1,\"name\":\"Anasayfa\",\"item\":\"https:\\\/\\\/kuzeyinsesi.org\\\/\"},{\"@type\":\"ListItem\",\"position\":2,\"name\":\"Geleneksel 15. Zerdali Festivali cuma ve cumartesi g\u00fcnleri yap\u0131lacak\"}]},{\"@type\":\"WebSite\",\"@id\":\"https:\\\/\\\/kuzeyinsesi.org\\\/#website\",\"url\":\"https:\\\/\\\/kuzeyinsesi.org\\\/\",\"name\":\"Kuzeyin Sesi\",\"description\":\"Do\u011fru Haberin Adresi\",\"potentialAction\":[{\"@type\":\"SearchAction\",\"target\":{\"@type\":\"EntryPoint\",\"urlTemplate\":\"https:\\\/\\\/kuzeyinsesi.org\\\/?s={search_term_string}\"},\"query-input\":{\"@type\":\"PropertyValueSpecification\",\"valueRequired\":true,\"valueName\":\"search_term_string\"}}],\"inLanguage\":\"tr\"},{\"@type\":\"Person\",\"@id\":\"https:\\\/\\\/kuzeyinsesi.org\\\/#\\\/schema\\\/person\\\/9f859689cdf01485597712386e37f5aa\",\"name\":\"Kuzeyin Sesi\",\"image\":{\"@type\":\"ImageObject\",\"inLanguage\":\"tr\",\"@id\":\"https:\\\/\\\/secure.gravatar.com\\\/avatar\\\/bab33852abfd8b282518d6ed81826833d77c3c882d9ab608add591ccace47a44?s=96&d=mm&r=g\",\"url\":\"https:\\\/\\\/secure.gravatar.com\\\/avatar\\\/bab33852abfd8b282518d6ed81826833d77c3c882d9ab608add591ccace47a44?s=96&d=mm&r=g\",\"contentUrl\":\"https:\\\/\\\/secure.gravatar.com\\\/avatar\\\/bab33852abfd8b282518d6ed81826833d77c3c882d9ab608add591ccace47a44?s=96&d=mm&r=g\",\"caption\":\"Kuzeyin Sesi\"},\"sameAs\":[\"https:\\\/\\\/kuzeyinsesi.org\"],\"url\":\"https:\\\/\\\/kuzeyinsesi.org\\\/index.php\\\/author\\\/guven\\\/\"}]}<\/script>\n<!-- \/ Yoast SEO plugin. -->","yoast_head_json":{"title":"Geleneksel 15. Zerdali Festivali cuma ve cumartesi g\u00fcnleri yap\u0131lacak - Kuzeyin Sesi","robots":{"index":"index","follow":"follow","max-snippet":"max-snippet:-1","max-image-preview":"max-image-preview:large","max-video-preview":"max-video-preview:-1"},"canonical":"https:\/\/kuzeyinsesi.org\/index.php\/2024\/05\/22\/geleneksel-15-zerdali-festivali-cuma-ve-cumartesi-gunleri-yapilacak\/","og_locale":"tr_TR","og_type":"article","og_title":"Geleneksel 15. Zerdali Festivali cuma ve cumartesi g\u00fcnleri yap\u0131lacak - Kuzeyin Sesi","og_description":"\u00c7atalk\u00f6y -Esentepe Belediyesi\u2019nin organize etti\u011fi Geleneksel 15. Zerdali Festivali, cuma ve cumartesi g\u00fcnleri Esentepe festival alan\u0131nda yap\u0131lacak. \u00c7atalk\u00f6y -Esentepe Belediyesi Festival Komitesi\u2019nden yap\u0131lan a\u00e7\u0131klamada, festivalin k\u00fclt\u00fcrel miras\u0131 ve geleneksel de\u011ferleri \u00f6n plana \u00e7\u0131karan, marka de\u011feri y\u00fcksek bir festival oldu\u011fu ve festival s\u00fcresince halk\u0131n geleneksel el sanatlar\u0131, k\u00fclt\u00fcrel eserler, zerdali ve zerdaliden \u00fcretilmi\u015f \u00fcr\u00fcnlerle bulu\u015faca\u011f\u0131 kaydedildi. [&hellip;]","og_url":"https:\/\/kuzeyinsesi.org\/index.php\/2024\/05\/22\/geleneksel-15-zerdali-festivali-cuma-ve-cumartesi-gunleri-yapilacak\/","og_site_name":"Kuzeyin Sesi","article_publisher":"https:\/\/www.facebook.com\/kuzeyinsesii","article_published_time":"2024-05-22T08:25:39+00:00","og_image":[{"width":450,"height":260,"url":"https:\/\/kuzeyinsesi.org\/wp-content\/uploads\/2024\/05\/v2yeniproje-2024-05-22t104454124_1716363921.jpg","type":"image\/jpeg"}],"author":"Kuzeyin Sesi","twitter_card":"summary_large_image","twitter_creator":"@kuzeyinsesii","twitter_site":"@kuzeyinsesii","twitter_misc":{"Yazan:":"Kuzeyin Sesi","Tahmini okuma s\u00fcresi":"1 dakika"},"schema":{"@context":"https:\/\/schema.org","@graph":[{"@type":"Article","@id":"https:\/\/kuzeyinsesi.org\/index.php\/2024\/05\/22\/geleneksel-15-zerdali-festivali-cuma-ve-cumartesi-gunleri-yapilacak\/#article","isPartOf":{"@id":"https:\/\/kuzeyinsesi.org\/index.php\/2024\/05\/22\/geleneksel-15-zerdali-festivali-cuma-ve-cumartesi-gunleri-yapilacak\/"},"author":{"name":"Kuzeyin Sesi","@id":"https:\/\/kuzeyinsesi.org\/#\/schema\/person\/9f859689cdf01485597712386e37f5aa"},"headline":"Geleneksel 15. Zerdali Festivali cuma ve cumartesi g\u00fcnleri yap\u0131lacak","datePublished":"2024-05-22T08:25:39+00:00","mainEntityOfPage":{"@id":"https:\/\/kuzeyinsesi.org\/index.php\/2024\/05\/22\/geleneksel-15-zerdali-festivali-cuma-ve-cumartesi-gunleri-yapilacak\/"},"wordCount":161,"commentCount":0,"image":{"@id":"https:\/\/kuzeyinsesi.org\/index.php\/2024\/05\/22\/geleneksel-15-zerdali-festivali-cuma-ve-cumartesi-gunleri-yapilacak\/#primaryimage"},"thumbnailUrl":"https:\/\/kuzeyinsesi.org\/wp-content\/uploads\/2024\/05\/v2yeniproje-2024-05-22t104454124_1716363921.jpg","articleSection":["Ya\u015fam"],"inLanguage":"tr","potentialAction":[{"@type":"CommentAction","name":"Comment","target":["https:\/\/kuzeyinsesi.org\/index.php\/2024\/05\/22\/geleneksel-15-zerdali-festivali-cuma-ve-cumartesi-gunleri-yapilacak\/#respond"]}]},{"@type":"WebPage","@id":"https:\/\/kuzeyinsesi.org\/index.php\/2024\/05\/22\/geleneksel-15-zerdali-festivali-cuma-ve-cumartesi-gunleri-yapilacak\/","url":"https:\/\/kuzeyinsesi.org\/index.php\/2024\/05\/22\/geleneksel-15-zerdali-festivali-cuma-ve-cumartesi-gunleri-yapilacak\/","name":"Geleneksel 15. Zerdali Festivali cuma ve cumartesi g\u00fcnleri yap\u0131lacak - Kuzeyin Sesi","isPartOf":{"@id":"https:\/\/kuzeyinsesi.org\/#website"},"primaryImageOfPage":{"@id":"https:\/\/kuzeyinsesi.org\/index.php\/2024\/05\/22\/geleneksel-15-zerdali-festivali-cuma-ve-cumartesi-gunleri-yapilacak\/#primaryimage"},"image":{"@id":"https:\/\/kuzeyinsesi.org\/index.php\/2024\/05\/22\/geleneksel-15-zerdali-festivali-cuma-ve-cumartesi-gunleri-yapilacak\/#primaryimage"},"thumbnailUrl":"https:\/\/kuzeyinsesi.org\/wp-content\/uploads\/2024\/05\/v2yeniproje-2024-05-22t104454124_1716363921.jpg","datePublished":"2024-05-22T08:25:39+00:00","author":{"@id":"https:\/\/kuzeyinsesi.org\/#\/schema\/person\/9f859689cdf01485597712386e37f5aa"},"breadcrumb":{"@id":"https:\/\/kuzeyinsesi.org\/index.php\/2024\/05\/22\/geleneksel-15-zerdali-festivali-cuma-ve-cumartesi-gunleri-yapilacak\/#breadcrumb"},"inLanguage":"tr","potentialAction":[{"@type":"ReadAction","target":["https:\/\/kuzeyinsesi.org\/index.php\/2024\/05\/22\/geleneksel-15-zerdali-festivali-cuma-ve-cumartesi-gunleri-yapilacak\/"]}]},{"@type":"ImageObject","inLanguage":"tr","@id":"https:\/\/kuzeyinsesi.org\/index.php\/2024\/05\/22\/geleneksel-15-zerdali-festivali-cuma-ve-cumartesi-gunleri-yapilacak\/#primaryimage","url":"https:\/\/kuzeyinsesi.org\/wp-content\/uploads\/2024\/05\/v2yeniproje-2024-05-22t104454124_1716363921.jpg","contentUrl":"https:\/\/kuzeyinsesi.org\/wp-content\/uploads\/2024\/05\/v2yeniproje-2024-05-22t104454124_1716363921.jpg","width":450,"height":260},{"@type":"BreadcrumbList","@id":"https:\/\/kuzeyinsesi.org\/index.php\/2024\/05\/22\/geleneksel-15-zerdali-festivali-cuma-ve-cumartesi-gunleri-yapilacak\/#breadcrumb","itemListElement":[{"@type":"ListItem","position":1,"name":"Anasayfa","item":"https:\/\/kuzeyinsesi.org\/"},{"@type":"ListItem","position":2,"name":"Geleneksel 15. Zerdali Festivali cuma ve cumartesi g\u00fcnleri yap\u0131lacak"}]},{"@type":"WebSite","@id":"https:\/\/kuzeyinsesi.org\/#website","url":"https:\/\/kuzeyinsesi.org\/","name":"Kuzeyin Sesi","description":"Do\u011fru Haberin Adresi","potentialAction":[{"@type":"SearchAction","target":{"@type":"EntryPoint","urlTemplate":"https:\/\/kuzeyinsesi.org\/?s={search_term_string}"},"query-input":{"@type":"PropertyValueSpecification","valueRequired":true,"valueName":"search_term_string"}}],"inLanguage":"tr"},{"@type":"Person","@id":"https:\/\/kuzeyinsesi.org\/#\/schema\/person\/9f859689cdf01485597712386e37f5aa","name":"Kuzeyin Sesi","image":{"@type":"ImageObject","inLanguage":"tr","@id":"https:\/\/secure.gravatar.com\/avatar\/bab33852abfd8b282518d6ed81826833d77c3c882d9ab608add591ccace47a44?s=96&d=mm&r=g","url":"https:\/\/secure.gravatar.com\/avatar\/bab33852abfd8b282518d6ed81826833d77c3c882d9ab608add591ccace47a44?s=96&d=mm&r=g","contentUrl":"https:\/\/secure.gravatar.com\/avatar\/bab33852abfd8b282518d6ed81826833d77c3c882d9ab608add591ccace47a44?s=96&d=mm&r=g","caption":"Kuzeyin Sesi"},"sameAs":["https:\/\/kuzeyinsesi.org"],"url":"https:\/\/kuzeyinsesi.org\/index.php\/author\/guven\/"}]}},"_links":{"self":[{"href":"https:\/\/kuzeyinsesi.org\/index.php\/wp-json\/wp\/v2\/posts\/3118","targetHints":{"allow":["GET"]}}],"collection":[{"href":"https:\/\/kuzeyinsesi.org\/index.php\/wp-json\/wp\/v2\/posts"}],"about":[{"href":"https:\/\/kuzeyinsesi.org\/index.php\/wp-json\/wp\/v2\/types\/post"}],"author":[{"embeddable":true,"href":"https:\/\/kuzeyinsesi.org\/index.php\/wp-json\/wp\/v2\/users\/1"}],"replies":[{"embeddable":true,"href":"https:\/\/kuzeyinsesi.org\/index.php\/wp-json\/wp\/v2\/comments?post=3118"}],"version-history":[{"count":0,"href":"https:\/\/kuzeyinsesi.org\/index.php\/wp-json\/wp\/v2\/posts\/3118\/revisions"}],"wp:featuredmedia":[{"embeddable":true,"href":"https:\/\/kuzeyinsesi.org\/index.php\/wp-json\/wp\/v2\/media\/3119"}],"wp:attachment":[{"href":"https:\/\/kuzeyinsesi.org\/index.php\/wp-json\/wp\/v2\/media?parent=3118"}],"wp:term":[{"taxonomy":"category","embeddable":true,"href":"https:\/\/kuzeyinsesi.org\/index.php\/wp-json\/wp\/v2\/categories?post=3118"},{"taxonomy":"post_tag","embeddable":true,"href":"https:\/\/kuzeyinsesi.org\/index.php\/wp-json\/wp\/v2\/tags?post=3118"}],"curies":[{"name":"wp","href":"https:\/\/api.w.org\/{rel}","templated":true}]}}