{"id":31174,"date":"2025-09-04T09:08:42","date_gmt":"2025-09-04T06:08:42","guid":{"rendered":"https:\/\/kuzeyinsesi.org\/index.php\/2025\/09\/04\/fransizlarin-yuzde-80i-macrona-guvenmiyor\/"},"modified":"2025-09-04T09:08:42","modified_gmt":"2025-09-04T06:08:42","slug":"fransizlarin-yuzde-80i-macrona-guvenmiyor","status":"publish","type":"post","link":"https:\/\/kuzeyinsesi.org\/index.php\/2025\/09\/04\/fransizlarin-yuzde-80i-macrona-guvenmiyor\/","title":{"rendered":"Frans\u0131zlar\u0131n y\u00fczde 80i Macrona g\u00fcvenmiyor"},"content":{"rendered":"<p><\/p>\n<div>\n<p>&#13;<br \/>\n\tMacron yaln\u0131zca y\u00fczde 15 oran\u0131nda destek bulurken geri kalanlar net bir g\u00f6r\u00fc\u015f belirtmedi.<\/p>\n<p>&#13;<br \/>\n\tBu oran, 2018\u2019de <a href=\"https:\/\/www.trthaber.com\/etiket\/akaryakit\/\" target=\"_blank\">akaryak\u0131t<\/a> zamlar\u0131 ve ekonomik e\u015fitsizlik nedeniyle patlak veren <a href=\"https:\/\/www.trthaber.com\/etiket\/sari-yelekliler\/\" target=\"_blank\">Sar\u0131 Yelekliler<\/a> protestolar\u0131ndaki seviyenin de gerisine d\u00fc\u015ft\u00fc.<\/p>\n<h2>&#13;<br \/>\n\tBa\u015fbakan Bayrou i\u00e7in de rekor d\u00fc\u015f\u00fc\u015f<\/h2>\n<p>&#13;<br \/>\n\tAnkete g\u00f6re Ba\u015fbakan Fran\u00e7ois Bayrou\u2019ya g\u00fcven de rekor d\u00fczeyde azald\u0131. Kat\u0131l\u0131mc\u0131lar\u0131n yaln\u0131zca y\u00fczde 14\u2019\u00fc Bayrou\u2019ya g\u00fcvendi\u011fini belirtirken y\u00fczde 82\u2019si aksi y\u00f6nde g\u00f6r\u00fc\u015f bildirdi.<\/p>\n<p>&#13;<br \/>\n\tBayrou, ge\u00e7en y\u0131l Michel Barnier h\u00fck\u00fcmetinin d\u00fc\u015fmesinin ard\u0131ndan g\u00f6reve gelmi\u015fti. \u015eimdi ise 2024\u2019te y\u00fczde 5,8\u2019e ula\u015farak <a href=\"https:\/\/www.trthaber.com\/etiket\/ab\/\" target=\"_blank\">AB<\/a> s\u0131n\u0131r\u0131n\u0131n neredeyse iki kat\u0131na \u00e7\u0131kan <a href=\"https:\/\/www.trthaber.com\/etiket\/butce\/\" target=\"_blank\">b\u00fct\u00e7e<\/a> a\u00e7\u0131\u011f\u0131n\u0131 kapatmak i\u00e7in tart\u0131\u015fmal\u0131 bir kemer s\u0131kma plan\u0131 uygulamaya \u00e7al\u0131\u015f\u0131yor.<\/p>\n<p>&#13;<br \/>\n\tPlan kapsam\u0131nda iki resmi tatilin kald\u0131r\u0131lmas\u0131, kamu sekt\u00f6r\u00fcnde istihdam\u0131n azalt\u0131lmas\u0131, <a href=\"https:\/\/www.trthaber.com\/etiket\/sosyal-yardimlar\/\" target=\"_blank\">sosyal yard\u0131mlar<\/a> ve <a href=\"https:\/\/www.trthaber.com\/etiket\/emekli\/\" target=\"_blank\">emekli<\/a> maa\u015flar\u0131n\u0131n dondurulmas\u0131 \u00f6ng\u00f6r\u00fcl\u00fcyor.<\/p>\n<p>&#13;<br \/>\n\tSavunma harcamalar\u0131 ise art\u0131r\u0131lacak. Fransa\u2019n\u0131n askeri b\u00fct\u00e7esinin 2027\u2019de 64 milyar euroya \u00e7\u0131kmas\u0131 planlan\u0131yor. Sol partiler h\u00fck\u00fcmeti, sosyal devletin yerine orduya \u00f6ncelik vermekle su\u00e7luyor.<\/p>\n<h2>&#13;<br \/>\n\tBardella y\u00fckseli\u015fte<\/h2>\n<p>&#13;<br \/>\n\tAnkette g\u00fcven oran\u0131 artan tek siyaset\u00e7i sa\u011f muhalefet lideri Jordan Bardella oldu. Bardella, yaln\u0131zca muhafazak\u00e2r se\u00e7menlerden de\u011fil, merkez ve sol e\u011filimli kesimlerden de destek toplad\u0131.<\/p>\n<p>&#13;<br \/>\n\tBa\u015fbakan Bayrou, sekiz gensoruyu atlatmas\u0131na ra\u011fmen b\u00fct\u00e7e tasar\u0131s\u0131n\u0131 ekim ay\u0131nda parlamentodan ge\u00e7irmek i\u00e7in yeni bir g\u00fcven oylamas\u0131na haz\u0131rlan\u0131yor.<\/p>\n<p>&#13;<br \/>\n\tLe Figaro, bu s\u00fcrecin \u00fclkede b\u00fcy\u00fck bir toplumsal patlamaya yol a\u00e7abilece\u011fi uyar\u0131s\u0131nda bulundu.<\/p>\n<\/p><\/div>\n","protected":false},"excerpt":{"rendered":"<p>&#13; Macron yaln\u0131zca y\u00fczde 15 oran\u0131nda destek bulurken geri kalanlar net bir g\u00f6r\u00fc\u015f belirtmedi. &#13; Bu oran, 2018\u2019de akaryak\u0131t zamlar\u0131 ve ekonomik e\u015fitsizlik nedeniyle patlak veren Sar\u0131 Yelekliler protestolar\u0131ndaki seviyenin de gerisine d\u00fc\u015ft\u00fc. &#13; Ba\u015fbakan Bayrou i\u00e7in de rekor d\u00fc\u015f\u00fc\u015f &#13; Ankete g\u00f6re Ba\u015fbakan Fran\u00e7ois Bayrou\u2019ya g\u00fcven de rekor d\u00fczeyde azald\u0131. Kat\u0131l\u0131mc\u0131lar\u0131n yaln\u0131zca y\u00fczde 14\u2019\u00fc [&hellip;]<\/p>\n","protected":false},"author":1,"featured_media":31175,"comment_status":"open","ping_status":"open","sticky":false,"template":"","format":"standard","meta":{"jnews-multi-image_gallery":[],"jnews_single_post":[],"jnews_primary_category":[],"jnews_social_meta":[],"jnews_override_counter":[],"footnotes":""},"categories":[2],"tags":[],"class_list":["post-31174","post","type-post","status-publish","format-standard","has-post-thumbnail","hentry","category-dunya"],"yoast_head":"<!-- This site is optimized with the Yoast SEO plugin v28.4 - https:\/\/yoast.com\/product\/yoast-seo-wordpress\/ -->\n<title>Frans\u0131zlar\u0131n y\u00fczde 80i Macrona g\u00fcvenmiyor - Kuzeyin Sesi<\/title>\n<meta name=\"robots\" content=\"index, follow, max-snippet:-1, max-image-preview:large, max-video-preview:-1\" \/>\n<link rel=\"canonical\" href=\"https:\/\/kuzeyinsesi.org\/index.php\/2025\/09\/04\/fransizlarin-yuzde-80i-macrona-guvenmiyor\/\" \/>\n<meta property=\"og:locale\" content=\"tr_TR\" \/>\n<meta property=\"og:type\" content=\"article\" \/>\n<meta property=\"og:title\" content=\"Frans\u0131zlar\u0131n y\u00fczde 80i Macrona g\u00fcvenmiyor - Kuzeyin Sesi\" \/>\n<meta property=\"og:description\" content=\"&#013; Macron yaln\u0131zca y\u00fczde 15 oran\u0131nda destek bulurken geri kalanlar net bir g\u00f6r\u00fc\u015f belirtmedi. &#013; Bu oran, 2018\u2019de akaryak\u0131t zamlar\u0131 ve ekonomik e\u015fitsizlik nedeniyle patlak veren Sar\u0131 Yelekliler protestolar\u0131ndaki seviyenin de gerisine d\u00fc\u015ft\u00fc. &#013; Ba\u015fbakan Bayrou i\u00e7in de rekor d\u00fc\u015f\u00fc\u015f &#013; Ankete g\u00f6re Ba\u015fbakan Fran\u00e7ois Bayrou\u2019ya g\u00fcven de rekor d\u00fczeyde azald\u0131. Kat\u0131l\u0131mc\u0131lar\u0131n yaln\u0131zca y\u00fczde 14\u2019\u00fc [&hellip;]\" \/>\n<meta property=\"og:url\" content=\"https:\/\/kuzeyinsesi.org\/index.php\/2025\/09\/04\/fransizlarin-yuzde-80i-macrona-guvenmiyor\/\" \/>\n<meta property=\"og:site_name\" content=\"Kuzeyin Sesi\" \/>\n<meta property=\"article:publisher\" content=\"https:\/\/www.facebook.com\/kuzeyinsesii\" \/>\n<meta property=\"article:published_time\" content=\"2025-09-04T06:08:42+00:00\" \/>\n<meta property=\"og:image\" content=\"https:\/\/trthaberstatic.cdn.wp.trt.com.tr\/resimler\/1884000\/macron-afp-1885134.jpg\" \/>\n<meta name=\"author\" content=\"Kuzeyin Sesi\" \/>\n<meta name=\"twitter:card\" content=\"summary_large_image\" \/>\n<meta name=\"twitter:creator\" content=\"@kuzeyinsesii\" \/>\n<meta name=\"twitter:site\" content=\"@kuzeyinsesii\" \/>\n<meta name=\"twitter:label1\" content=\"Yazan:\" \/>\n\t<meta name=\"twitter:data1\" content=\"Kuzeyin Sesi\" \/>\n\t<meta name=\"twitter:label2\" content=\"Tahmini okuma s\u00fcresi\" \/>\n\t<meta name=\"twitter:data2\" content=\"1 dakika\" \/>\n<script type=\"application\/ld+json\" class=\"yoast-schema-graph\">{\"@context\":\"https:\\\/\\\/schema.org\",\"@graph\":[{\"@type\":\"Article\",\"@id\":\"https:\\\/\\\/kuzeyinsesi.org\\\/index.php\\\/2025\\\/09\\\/04\\\/fransizlarin-yuzde-80i-macrona-guvenmiyor\\\/#article\",\"isPartOf\":{\"@id\":\"https:\\\/\\\/kuzeyinsesi.org\\\/index.php\\\/2025\\\/09\\\/04\\\/fransizlarin-yuzde-80i-macrona-guvenmiyor\\\/\"},\"author\":{\"name\":\"Kuzeyin Sesi\",\"@id\":\"https:\\\/\\\/kuzeyinsesi.org\\\/#\\\/schema\\\/person\\\/9f859689cdf01485597712386e37f5aa\"},\"headline\":\"Frans\u0131zlar\u0131n y\u00fczde 80i Macrona g\u00fcvenmiyor\",\"datePublished\":\"2025-09-04T06:08:42+00:00\",\"mainEntityOfPage\":{\"@id\":\"https:\\\/\\\/kuzeyinsesi.org\\\/index.php\\\/2025\\\/09\\\/04\\\/fransizlarin-yuzde-80i-macrona-guvenmiyor\\\/\"},\"wordCount\":301,\"commentCount\":0,\"image\":{\"@id\":\"https:\\\/\\\/kuzeyinsesi.org\\\/index.php\\\/2025\\\/09\\\/04\\\/fransizlarin-yuzde-80i-macrona-guvenmiyor\\\/#primaryimage\"},\"thumbnailUrl\":\"https:\\\/\\\/kuzeyinsesi.org\\\/wp-content\\\/uploads\\\/2025\\\/09\\\/macron-afp-1885134.jpg\",\"articleSection\":[\"D\u00fcnya\"],\"inLanguage\":\"tr\",\"potentialAction\":[{\"@type\":\"CommentAction\",\"name\":\"Comment\",\"target\":[\"https:\\\/\\\/kuzeyinsesi.org\\\/index.php\\\/2025\\\/09\\\/04\\\/fransizlarin-yuzde-80i-macrona-guvenmiyor\\\/#respond\"]}]},{\"@type\":\"WebPage\",\"@id\":\"https:\\\/\\\/kuzeyinsesi.org\\\/index.php\\\/2025\\\/09\\\/04\\\/fransizlarin-yuzde-80i-macrona-guvenmiyor\\\/\",\"url\":\"https:\\\/\\\/kuzeyinsesi.org\\\/index.php\\\/2025\\\/09\\\/04\\\/fransizlarin-yuzde-80i-macrona-guvenmiyor\\\/\",\"name\":\"Frans\u0131zlar\u0131n y\u00fczde 80i Macrona g\u00fcvenmiyor - Kuzeyin Sesi\",\"isPartOf\":{\"@id\":\"https:\\\/\\\/kuzeyinsesi.org\\\/#website\"},\"primaryImageOfPage\":{\"@id\":\"https:\\\/\\\/kuzeyinsesi.org\\\/index.php\\\/2025\\\/09\\\/04\\\/fransizlarin-yuzde-80i-macrona-guvenmiyor\\\/#primaryimage\"},\"image\":{\"@id\":\"https:\\\/\\\/kuzeyinsesi.org\\\/index.php\\\/2025\\\/09\\\/04\\\/fransizlarin-yuzde-80i-macrona-guvenmiyor\\\/#primaryimage\"},\"thumbnailUrl\":\"https:\\\/\\\/kuzeyinsesi.org\\\/wp-content\\\/uploads\\\/2025\\\/09\\\/macron-afp-1885134.jpg\",\"datePublished\":\"2025-09-04T06:08:42+00:00\",\"author\":{\"@id\":\"https:\\\/\\\/kuzeyinsesi.org\\\/#\\\/schema\\\/person\\\/9f859689cdf01485597712386e37f5aa\"},\"breadcrumb\":{\"@id\":\"https:\\\/\\\/kuzeyinsesi.org\\\/index.php\\\/2025\\\/09\\\/04\\\/fransizlarin-yuzde-80i-macrona-guvenmiyor\\\/#breadcrumb\"},\"inLanguage\":\"tr\",\"potentialAction\":[{\"@type\":\"ReadAction\",\"target\":[\"https:\\\/\\\/kuzeyinsesi.org\\\/index.php\\\/2025\\\/09\\\/04\\\/fransizlarin-yuzde-80i-macrona-guvenmiyor\\\/\"]}]},{\"@type\":\"ImageObject\",\"inLanguage\":\"tr\",\"@id\":\"https:\\\/\\\/kuzeyinsesi.org\\\/index.php\\\/2025\\\/09\\\/04\\\/fransizlarin-yuzde-80i-macrona-guvenmiyor\\\/#primaryimage\",\"url\":\"https:\\\/\\\/kuzeyinsesi.org\\\/wp-content\\\/uploads\\\/2025\\\/09\\\/macron-afp-1885134.jpg\",\"contentUrl\":\"https:\\\/\\\/kuzeyinsesi.org\\\/wp-content\\\/uploads\\\/2025\\\/09\\\/macron-afp-1885134.jpg\",\"width\":1280,\"height\":720},{\"@type\":\"BreadcrumbList\",\"@id\":\"https:\\\/\\\/kuzeyinsesi.org\\\/index.php\\\/2025\\\/09\\\/04\\\/fransizlarin-yuzde-80i-macrona-guvenmiyor\\\/#breadcrumb\",\"itemListElement\":[{\"@type\":\"ListItem\",\"position\":1,\"name\":\"Anasayfa\",\"item\":\"https:\\\/\\\/kuzeyinsesi.org\\\/\"},{\"@type\":\"ListItem\",\"position\":2,\"name\":\"Frans\u0131zlar\u0131n y\u00fczde 80i Macrona g\u00fcvenmiyor\"}]},{\"@type\":\"WebSite\",\"@id\":\"https:\\\/\\\/kuzeyinsesi.org\\\/#website\",\"url\":\"https:\\\/\\\/kuzeyinsesi.org\\\/\",\"name\":\"Kuzeyin Sesi\",\"description\":\"Do\u011fru Haberin Adresi\",\"potentialAction\":[{\"@type\":\"SearchAction\",\"target\":{\"@type\":\"EntryPoint\",\"urlTemplate\":\"https:\\\/\\\/kuzeyinsesi.org\\\/?s={search_term_string}\"},\"query-input\":{\"@type\":\"PropertyValueSpecification\",\"valueRequired\":true,\"valueName\":\"search_term_string\"}}],\"inLanguage\":\"tr\"},{\"@type\":\"Person\",\"@id\":\"https:\\\/\\\/kuzeyinsesi.org\\\/#\\\/schema\\\/person\\\/9f859689cdf01485597712386e37f5aa\",\"name\":\"Kuzeyin Sesi\",\"image\":{\"@type\":\"ImageObject\",\"inLanguage\":\"tr\",\"@id\":\"https:\\\/\\\/secure.gravatar.com\\\/avatar\\\/bab33852abfd8b282518d6ed81826833d77c3c882d9ab608add591ccace47a44?s=96&d=mm&r=g\",\"url\":\"https:\\\/\\\/secure.gravatar.com\\\/avatar\\\/bab33852abfd8b282518d6ed81826833d77c3c882d9ab608add591ccace47a44?s=96&d=mm&r=g\",\"contentUrl\":\"https:\\\/\\\/secure.gravatar.com\\\/avatar\\\/bab33852abfd8b282518d6ed81826833d77c3c882d9ab608add591ccace47a44?s=96&d=mm&r=g\",\"caption\":\"Kuzeyin Sesi\"},\"sameAs\":[\"https:\\\/\\\/kuzeyinsesi.org\"],\"url\":\"https:\\\/\\\/kuzeyinsesi.org\\\/index.php\\\/author\\\/guven\\\/\"}]}<\/script>\n<!-- \/ Yoast SEO plugin. -->","yoast_head_json":{"title":"Frans\u0131zlar\u0131n y\u00fczde 80i Macrona g\u00fcvenmiyor - Kuzeyin Sesi","robots":{"index":"index","follow":"follow","max-snippet":"max-snippet:-1","max-image-preview":"max-image-preview:large","max-video-preview":"max-video-preview:-1"},"canonical":"https:\/\/kuzeyinsesi.org\/index.php\/2025\/09\/04\/fransizlarin-yuzde-80i-macrona-guvenmiyor\/","og_locale":"tr_TR","og_type":"article","og_title":"Frans\u0131zlar\u0131n y\u00fczde 80i Macrona g\u00fcvenmiyor - Kuzeyin Sesi","og_description":"&#13; Macron yaln\u0131zca y\u00fczde 15 oran\u0131nda destek bulurken geri kalanlar net bir g\u00f6r\u00fc\u015f belirtmedi. &#13; Bu oran, 2018\u2019de akaryak\u0131t zamlar\u0131 ve ekonomik e\u015fitsizlik nedeniyle patlak veren Sar\u0131 Yelekliler protestolar\u0131ndaki seviyenin de gerisine d\u00fc\u015ft\u00fc. &#13; Ba\u015fbakan Bayrou i\u00e7in de rekor d\u00fc\u015f\u00fc\u015f &#13; Ankete g\u00f6re Ba\u015fbakan Fran\u00e7ois Bayrou\u2019ya g\u00fcven de rekor d\u00fczeyde azald\u0131. Kat\u0131l\u0131mc\u0131lar\u0131n yaln\u0131zca y\u00fczde 14\u2019\u00fc [&hellip;]","og_url":"https:\/\/kuzeyinsesi.org\/index.php\/2025\/09\/04\/fransizlarin-yuzde-80i-macrona-guvenmiyor\/","og_site_name":"Kuzeyin Sesi","article_publisher":"https:\/\/www.facebook.com\/kuzeyinsesii","article_published_time":"2025-09-04T06:08:42+00:00","og_image":[{"url":"https:\/\/trthaberstatic.cdn.wp.trt.com.tr\/resimler\/1884000\/macron-afp-1885134.jpg","type":"","width":"","height":""}],"author":"Kuzeyin Sesi","twitter_card":"summary_large_image","twitter_creator":"@kuzeyinsesii","twitter_site":"@kuzeyinsesii","twitter_misc":{"Yazan:":"Kuzeyin Sesi","Tahmini okuma s\u00fcresi":"1 dakika"},"schema":{"@context":"https:\/\/schema.org","@graph":[{"@type":"Article","@id":"https:\/\/kuzeyinsesi.org\/index.php\/2025\/09\/04\/fransizlarin-yuzde-80i-macrona-guvenmiyor\/#article","isPartOf":{"@id":"https:\/\/kuzeyinsesi.org\/index.php\/2025\/09\/04\/fransizlarin-yuzde-80i-macrona-guvenmiyor\/"},"author":{"name":"Kuzeyin Sesi","@id":"https:\/\/kuzeyinsesi.org\/#\/schema\/person\/9f859689cdf01485597712386e37f5aa"},"headline":"Frans\u0131zlar\u0131n y\u00fczde 80i Macrona g\u00fcvenmiyor","datePublished":"2025-09-04T06:08:42+00:00","mainEntityOfPage":{"@id":"https:\/\/kuzeyinsesi.org\/index.php\/2025\/09\/04\/fransizlarin-yuzde-80i-macrona-guvenmiyor\/"},"wordCount":301,"commentCount":0,"image":{"@id":"https:\/\/kuzeyinsesi.org\/index.php\/2025\/09\/04\/fransizlarin-yuzde-80i-macrona-guvenmiyor\/#primaryimage"},"thumbnailUrl":"https:\/\/kuzeyinsesi.org\/wp-content\/uploads\/2025\/09\/macron-afp-1885134.jpg","articleSection":["D\u00fcnya"],"inLanguage":"tr","potentialAction":[{"@type":"CommentAction","name":"Comment","target":["https:\/\/kuzeyinsesi.org\/index.php\/2025\/09\/04\/fransizlarin-yuzde-80i-macrona-guvenmiyor\/#respond"]}]},{"@type":"WebPage","@id":"https:\/\/kuzeyinsesi.org\/index.php\/2025\/09\/04\/fransizlarin-yuzde-80i-macrona-guvenmiyor\/","url":"https:\/\/kuzeyinsesi.org\/index.php\/2025\/09\/04\/fransizlarin-yuzde-80i-macrona-guvenmiyor\/","name":"Frans\u0131zlar\u0131n y\u00fczde 80i Macrona g\u00fcvenmiyor - Kuzeyin Sesi","isPartOf":{"@id":"https:\/\/kuzeyinsesi.org\/#website"},"primaryImageOfPage":{"@id":"https:\/\/kuzeyinsesi.org\/index.php\/2025\/09\/04\/fransizlarin-yuzde-80i-macrona-guvenmiyor\/#primaryimage"},"image":{"@id":"https:\/\/kuzeyinsesi.org\/index.php\/2025\/09\/04\/fransizlarin-yuzde-80i-macrona-guvenmiyor\/#primaryimage"},"thumbnailUrl":"https:\/\/kuzeyinsesi.org\/wp-content\/uploads\/2025\/09\/macron-afp-1885134.jpg","datePublished":"2025-09-04T06:08:42+00:00","author":{"@id":"https:\/\/kuzeyinsesi.org\/#\/schema\/person\/9f859689cdf01485597712386e37f5aa"},"breadcrumb":{"@id":"https:\/\/kuzeyinsesi.org\/index.php\/2025\/09\/04\/fransizlarin-yuzde-80i-macrona-guvenmiyor\/#breadcrumb"},"inLanguage":"tr","potentialAction":[{"@type":"ReadAction","target":["https:\/\/kuzeyinsesi.org\/index.php\/2025\/09\/04\/fransizlarin-yuzde-80i-macrona-guvenmiyor\/"]}]},{"@type":"ImageObject","inLanguage":"tr","@id":"https:\/\/kuzeyinsesi.org\/index.php\/2025\/09\/04\/fransizlarin-yuzde-80i-macrona-guvenmiyor\/#primaryimage","url":"https:\/\/kuzeyinsesi.org\/wp-content\/uploads\/2025\/09\/macron-afp-1885134.jpg","contentUrl":"https:\/\/kuzeyinsesi.org\/wp-content\/uploads\/2025\/09\/macron-afp-1885134.jpg","width":1280,"height":720},{"@type":"BreadcrumbList","@id":"https:\/\/kuzeyinsesi.org\/index.php\/2025\/09\/04\/fransizlarin-yuzde-80i-macrona-guvenmiyor\/#breadcrumb","itemListElement":[{"@type":"ListItem","position":1,"name":"Anasayfa","item":"https:\/\/kuzeyinsesi.org\/"},{"@type":"ListItem","position":2,"name":"Frans\u0131zlar\u0131n y\u00fczde 80i Macrona g\u00fcvenmiyor"}]},{"@type":"WebSite","@id":"https:\/\/kuzeyinsesi.org\/#website","url":"https:\/\/kuzeyinsesi.org\/","name":"Kuzeyin Sesi","description":"Do\u011fru Haberin Adresi","potentialAction":[{"@type":"SearchAction","target":{"@type":"EntryPoint","urlTemplate":"https:\/\/kuzeyinsesi.org\/?s={search_term_string}"},"query-input":{"@type":"PropertyValueSpecification","valueRequired":true,"valueName":"search_term_string"}}],"inLanguage":"tr"},{"@type":"Person","@id":"https:\/\/kuzeyinsesi.org\/#\/schema\/person\/9f859689cdf01485597712386e37f5aa","name":"Kuzeyin Sesi","image":{"@type":"ImageObject","inLanguage":"tr","@id":"https:\/\/secure.gravatar.com\/avatar\/bab33852abfd8b282518d6ed81826833d77c3c882d9ab608add591ccace47a44?s=96&d=mm&r=g","url":"https:\/\/secure.gravatar.com\/avatar\/bab33852abfd8b282518d6ed81826833d77c3c882d9ab608add591ccace47a44?s=96&d=mm&r=g","contentUrl":"https:\/\/secure.gravatar.com\/avatar\/bab33852abfd8b282518d6ed81826833d77c3c882d9ab608add591ccace47a44?s=96&d=mm&r=g","caption":"Kuzeyin Sesi"},"sameAs":["https:\/\/kuzeyinsesi.org"],"url":"https:\/\/kuzeyinsesi.org\/index.php\/author\/guven\/"}]}},"_links":{"self":[{"href":"https:\/\/kuzeyinsesi.org\/index.php\/wp-json\/wp\/v2\/posts\/31174","targetHints":{"allow":["GET"]}}],"collection":[{"href":"https:\/\/kuzeyinsesi.org\/index.php\/wp-json\/wp\/v2\/posts"}],"about":[{"href":"https:\/\/kuzeyinsesi.org\/index.php\/wp-json\/wp\/v2\/types\/post"}],"author":[{"embeddable":true,"href":"https:\/\/kuzeyinsesi.org\/index.php\/wp-json\/wp\/v2\/users\/1"}],"replies":[{"embeddable":true,"href":"https:\/\/kuzeyinsesi.org\/index.php\/wp-json\/wp\/v2\/comments?post=31174"}],"version-history":[{"count":0,"href":"https:\/\/kuzeyinsesi.org\/index.php\/wp-json\/wp\/v2\/posts\/31174\/revisions"}],"wp:featuredmedia":[{"embeddable":true,"href":"https:\/\/kuzeyinsesi.org\/index.php\/wp-json\/wp\/v2\/media\/31175"}],"wp:attachment":[{"href":"https:\/\/kuzeyinsesi.org\/index.php\/wp-json\/wp\/v2\/media?parent=31174"}],"wp:term":[{"taxonomy":"category","embeddable":true,"href":"https:\/\/kuzeyinsesi.org\/index.php\/wp-json\/wp\/v2\/categories?post=31174"},{"taxonomy":"post_tag","embeddable":true,"href":"https:\/\/kuzeyinsesi.org\/index.php\/wp-json\/wp\/v2\/tags?post=31174"}],"curies":[{"name":"wp","href":"https:\/\/api.w.org\/{rel}","templated":true}]}}