{"id":31168,"date":"2025-09-04T07:00:48","date_gmt":"2025-09-04T04:00:48","guid":{"rendered":"https:\/\/kuzeyinsesi.org\/index.php\/2025\/09\/04\/applein-yapay-zeka-destekli-sirisi-2026-basinda-geliyor\/"},"modified":"2025-09-04T07:00:48","modified_gmt":"2025-09-04T04:00:48","slug":"applein-yapay-zeka-destekli-sirisi-2026-basinda-geliyor","status":"publish","type":"post","link":"https:\/\/kuzeyinsesi.org\/index.php\/2025\/09\/04\/applein-yapay-zeka-destekli-sirisi-2026-basinda-geliyor\/","title":{"rendered":"Apple\u0131n yapay zeka destekli Sirisi 2026 ba\u015f\u0131nda geliyor"},"content":{"rendered":"<p><\/p>\n<div>\n<p>&#13;<br \/>\n\tLLM Siri, WWDC 2024\u2019te duyurulan ancak ertelenen \u201ctam kapsaml\u0131\u201d yapay zek\u00e2l\u0131 Siri s\u00fcr\u00fcm\u00fc de\u011fil. Yeni sistem, daha \u00e7ok web arama motoru benzeri bir i\u015flev \u00fcstlenecek. Kullan\u0131c\u0131lar\u0131n sordu\u011fu genel bilgi sorular\u0131na farkl\u0131 kaynaklardan \u00f6zetlenmi\u015f, k\u0131sa ve anla\u015f\u0131l\u0131r yan\u0131tlar sunacak.<\/p>\n<p>&#13;<br \/>\n\tApple\u2019\u0131n plan\u0131na g\u00f6re, bu \u00f6zellik \u00f6nce Siri \u00fczerinden eri\u015filebilir olacak. Ancak zamanla Spotlight arama ve Safari taray\u0131c\u0131s\u0131na da entegre edilmesi d\u00fc\u015f\u00fcn\u00fcl\u00fcyor. B\u00f6ylece kullan\u0131c\u0131lar sadece metin de\u011fil, g\u00f6rsel, multimedya ve yerel bilgiler i\u00e7eren \u00f6zetlere de ula\u015fabilecek.<\/p>\n<h2>&#13;<br \/>\n\t\u201cD\u00fcnya bilgisi cevaplar\u0131\u201d<\/h2>\n<p>&#13;<br \/>\n\t<a href=\"https:\/\/www.trthaber.com\/etiket\/apple\/\" target=\"_blank\">Apple<\/a> y\u00f6neticileri bu s\u00fcr\u00fcm\u00fc \u015firket i\u00e7inde \u201cWorld Knowledge Answers\u201d olarak da adland\u0131r\u0131yor. Teknolojinin, <a href=\"https:\/\/www.trthaber.com\/etiket\/google\/\" target=\"_blank\">Google<\/a> ve OpenAI\u2019nin kendi platformlar\u0131nda sundu\u011fu yapay zek\u00e2 destekli arama \u00f6zetlerine benzer \u015fekilde \u00e7al\u0131\u015fmas\u0131 bekleniyor.<\/p>\n<p>&#13;<br \/>\n\tAnalistlere g\u00f6re LLM Siri, Apple\u2019\u0131n gelecek y\u0131l i\u00e7in planlanan Siri g\u00fcncellemelerinin bir par\u00e7as\u0131 olacak. Net bir \u00e7\u0131k\u0131\u015f tarihi a\u00e7\u0131klanmasa da ilk etapta 2026 ba\u015f\u0131 hedefleniyor.<\/p>\n<h2>&#13;<br \/>\n\tSiri\u2019nin as\u0131l <a href=\"https:\/\/www.trthaber.com\/etiket\/yapay-zeka\/\" target=\"_blank\">yapay zeka<\/a> y\u00fckseltmesi ertelendi<\/h2>\n<p>&#13;<br \/>\n\tApple, 2024\u2019te iPhone 16 lansman\u0131 s\u0131ras\u0131nda Siri\u2019nin \u00fcretken yapay zek\u00e2 \u00f6zelliklerini tan\u0131tm\u0131\u015ft\u0131. Ancak \u015firket bu y\u00fckseltmeyi geciktirdi ve baz\u0131 kullan\u0131c\u0131lar, \u201cyan\u0131lt\u0131c\u0131 reklam\u201d gerek\u00e7esiyle Apple\u2019a dava a\u00e7t\u0131.<\/p>\n<p>&#13;<br \/>\n\tKullan\u0131c\u0131lar\u0131n uzun s\u00fcredir bekledi\u011fi \u201ctam kapsaml\u0131\u201d Siri y\u00fckseltmesinin ise kimi tahminlere g\u00f6re 2027\u2019de iOS 28 (yeni ad\u0131yla iOS 20) s\u00fcr\u00fcm\u00fcyle gelmesi bekleniyor. Ancak Apple\u2019\u0131n LLM Siri\u2019yi daha erken, 2026\u2019da devreye almas\u0131 ihtimali giderek g\u00fc\u00e7leniyor.<\/p>\n<\/p><\/div>\n","protected":false},"excerpt":{"rendered":"<p>&#13; LLM Siri, WWDC 2024\u2019te duyurulan ancak ertelenen \u201ctam kapsaml\u0131\u201d yapay zek\u00e2l\u0131 Siri s\u00fcr\u00fcm\u00fc de\u011fil. Yeni sistem, daha \u00e7ok web arama motoru benzeri bir i\u015flev \u00fcstlenecek. Kullan\u0131c\u0131lar\u0131n sordu\u011fu genel bilgi sorular\u0131na farkl\u0131 kaynaklardan \u00f6zetlenmi\u015f, k\u0131sa ve anla\u015f\u0131l\u0131r yan\u0131tlar sunacak. &#13; Apple\u2019\u0131n plan\u0131na g\u00f6re, bu \u00f6zellik \u00f6nce Siri \u00fczerinden eri\u015filebilir olacak. Ancak zamanla Spotlight arama ve [&hellip;]<\/p>\n","protected":false},"author":1,"featured_media":31169,"comment_status":"open","ping_status":"open","sticky":false,"template":"","format":"standard","meta":{"jnews-multi-image_gallery":[],"jnews_single_post":[],"jnews_primary_category":[],"jnews_social_meta":[],"jnews_override_counter":[],"footnotes":""},"categories":[2],"tags":[],"class_list":["post-31168","post","type-post","status-publish","format-standard","has-post-thumbnail","hentry","category-dunya"],"yoast_head":"<!-- This site is optimized with the Yoast SEO plugin v28.4 - https:\/\/yoast.com\/product\/yoast-seo-wordpress\/ -->\n<title>Apple\u0131n yapay zeka destekli Sirisi 2026 ba\u015f\u0131nda geliyor - Kuzeyin Sesi<\/title>\n<meta name=\"robots\" content=\"index, follow, max-snippet:-1, max-image-preview:large, max-video-preview:-1\" \/>\n<link rel=\"canonical\" href=\"https:\/\/kuzeyinsesi.org\/index.php\/2025\/09\/04\/applein-yapay-zeka-destekli-sirisi-2026-basinda-geliyor\/\" \/>\n<meta property=\"og:locale\" content=\"tr_TR\" \/>\n<meta property=\"og:type\" content=\"article\" \/>\n<meta property=\"og:title\" content=\"Apple\u0131n yapay zeka destekli Sirisi 2026 ba\u015f\u0131nda geliyor - Kuzeyin Sesi\" \/>\n<meta property=\"og:description\" content=\"&#013; LLM Siri, WWDC 2024\u2019te duyurulan ancak ertelenen \u201ctam kapsaml\u0131\u201d yapay zek\u00e2l\u0131 Siri s\u00fcr\u00fcm\u00fc de\u011fil. Yeni sistem, daha \u00e7ok web arama motoru benzeri bir i\u015flev \u00fcstlenecek. Kullan\u0131c\u0131lar\u0131n sordu\u011fu genel bilgi sorular\u0131na farkl\u0131 kaynaklardan \u00f6zetlenmi\u015f, k\u0131sa ve anla\u015f\u0131l\u0131r yan\u0131tlar sunacak. &#013; Apple\u2019\u0131n plan\u0131na g\u00f6re, bu \u00f6zellik \u00f6nce Siri \u00fczerinden eri\u015filebilir olacak. Ancak zamanla Spotlight arama ve [&hellip;]\" \/>\n<meta property=\"og:url\" content=\"https:\/\/kuzeyinsesi.org\/index.php\/2025\/09\/04\/applein-yapay-zeka-destekli-sirisi-2026-basinda-geliyor\/\" \/>\n<meta property=\"og:site_name\" content=\"Kuzeyin Sesi\" \/>\n<meta property=\"article:publisher\" content=\"https:\/\/www.facebook.com\/kuzeyinsesii\" \/>\n<meta property=\"article:published_time\" content=\"2025-09-04T04:00:48+00:00\" \/>\n<meta property=\"og:image\" content=\"https:\/\/trthaberstatic.cdn.wp.trt.com.tr\/resimler\/1526000\/apple-reu-1526786.jpg\" \/>\n<meta name=\"author\" content=\"Kuzeyin Sesi\" \/>\n<meta name=\"twitter:card\" content=\"summary_large_image\" \/>\n<meta name=\"twitter:creator\" content=\"@kuzeyinsesii\" \/>\n<meta name=\"twitter:site\" content=\"@kuzeyinsesii\" \/>\n<meta name=\"twitter:label1\" content=\"Yazan:\" \/>\n\t<meta name=\"twitter:data1\" content=\"Kuzeyin Sesi\" \/>\n\t<meta name=\"twitter:label2\" content=\"Tahmini okuma s\u00fcresi\" \/>\n\t<meta name=\"twitter:data2\" content=\"1 dakika\" \/>\n<script type=\"application\/ld+json\" class=\"yoast-schema-graph\">{\"@context\":\"https:\\\/\\\/schema.org\",\"@graph\":[{\"@type\":\"Article\",\"@id\":\"https:\\\/\\\/kuzeyinsesi.org\\\/index.php\\\/2025\\\/09\\\/04\\\/applein-yapay-zeka-destekli-sirisi-2026-basinda-geliyor\\\/#article\",\"isPartOf\":{\"@id\":\"https:\\\/\\\/kuzeyinsesi.org\\\/index.php\\\/2025\\\/09\\\/04\\\/applein-yapay-zeka-destekli-sirisi-2026-basinda-geliyor\\\/\"},\"author\":{\"name\":\"Kuzeyin Sesi\",\"@id\":\"https:\\\/\\\/kuzeyinsesi.org\\\/#\\\/schema\\\/person\\\/9f859689cdf01485597712386e37f5aa\"},\"headline\":\"Apple\u0131n yapay zeka destekli Sirisi 2026 ba\u015f\u0131nda geliyor\",\"datePublished\":\"2025-09-04T04:00:48+00:00\",\"mainEntityOfPage\":{\"@id\":\"https:\\\/\\\/kuzeyinsesi.org\\\/index.php\\\/2025\\\/09\\\/04\\\/applein-yapay-zeka-destekli-sirisi-2026-basinda-geliyor\\\/\"},\"wordCount\":279,\"commentCount\":0,\"image\":{\"@id\":\"https:\\\/\\\/kuzeyinsesi.org\\\/index.php\\\/2025\\\/09\\\/04\\\/applein-yapay-zeka-destekli-sirisi-2026-basinda-geliyor\\\/#primaryimage\"},\"thumbnailUrl\":\"https:\\\/\\\/kuzeyinsesi.org\\\/wp-content\\\/uploads\\\/2025\\\/09\\\/apple-reu-1526786.jpg\",\"articleSection\":[\"D\u00fcnya\"],\"inLanguage\":\"tr\",\"potentialAction\":[{\"@type\":\"CommentAction\",\"name\":\"Comment\",\"target\":[\"https:\\\/\\\/kuzeyinsesi.org\\\/index.php\\\/2025\\\/09\\\/04\\\/applein-yapay-zeka-destekli-sirisi-2026-basinda-geliyor\\\/#respond\"]}]},{\"@type\":\"WebPage\",\"@id\":\"https:\\\/\\\/kuzeyinsesi.org\\\/index.php\\\/2025\\\/09\\\/04\\\/applein-yapay-zeka-destekli-sirisi-2026-basinda-geliyor\\\/\",\"url\":\"https:\\\/\\\/kuzeyinsesi.org\\\/index.php\\\/2025\\\/09\\\/04\\\/applein-yapay-zeka-destekli-sirisi-2026-basinda-geliyor\\\/\",\"name\":\"Apple\u0131n yapay zeka destekli Sirisi 2026 ba\u015f\u0131nda geliyor - Kuzeyin Sesi\",\"isPartOf\":{\"@id\":\"https:\\\/\\\/kuzeyinsesi.org\\\/#website\"},\"primaryImageOfPage\":{\"@id\":\"https:\\\/\\\/kuzeyinsesi.org\\\/index.php\\\/2025\\\/09\\\/04\\\/applein-yapay-zeka-destekli-sirisi-2026-basinda-geliyor\\\/#primaryimage\"},\"image\":{\"@id\":\"https:\\\/\\\/kuzeyinsesi.org\\\/index.php\\\/2025\\\/09\\\/04\\\/applein-yapay-zeka-destekli-sirisi-2026-basinda-geliyor\\\/#primaryimage\"},\"thumbnailUrl\":\"https:\\\/\\\/kuzeyinsesi.org\\\/wp-content\\\/uploads\\\/2025\\\/09\\\/apple-reu-1526786.jpg\",\"datePublished\":\"2025-09-04T04:00:48+00:00\",\"author\":{\"@id\":\"https:\\\/\\\/kuzeyinsesi.org\\\/#\\\/schema\\\/person\\\/9f859689cdf01485597712386e37f5aa\"},\"breadcrumb\":{\"@id\":\"https:\\\/\\\/kuzeyinsesi.org\\\/index.php\\\/2025\\\/09\\\/04\\\/applein-yapay-zeka-destekli-sirisi-2026-basinda-geliyor\\\/#breadcrumb\"},\"inLanguage\":\"tr\",\"potentialAction\":[{\"@type\":\"ReadAction\",\"target\":[\"https:\\\/\\\/kuzeyinsesi.org\\\/index.php\\\/2025\\\/09\\\/04\\\/applein-yapay-zeka-destekli-sirisi-2026-basinda-geliyor\\\/\"]}]},{\"@type\":\"ImageObject\",\"inLanguage\":\"tr\",\"@id\":\"https:\\\/\\\/kuzeyinsesi.org\\\/index.php\\\/2025\\\/09\\\/04\\\/applein-yapay-zeka-destekli-sirisi-2026-basinda-geliyor\\\/#primaryimage\",\"url\":\"https:\\\/\\\/kuzeyinsesi.org\\\/wp-content\\\/uploads\\\/2025\\\/09\\\/apple-reu-1526786.jpg\",\"contentUrl\":\"https:\\\/\\\/kuzeyinsesi.org\\\/wp-content\\\/uploads\\\/2025\\\/09\\\/apple-reu-1526786.jpg\",\"width\":1280,\"height\":720},{\"@type\":\"BreadcrumbList\",\"@id\":\"https:\\\/\\\/kuzeyinsesi.org\\\/index.php\\\/2025\\\/09\\\/04\\\/applein-yapay-zeka-destekli-sirisi-2026-basinda-geliyor\\\/#breadcrumb\",\"itemListElement\":[{\"@type\":\"ListItem\",\"position\":1,\"name\":\"Anasayfa\",\"item\":\"https:\\\/\\\/kuzeyinsesi.org\\\/\"},{\"@type\":\"ListItem\",\"position\":2,\"name\":\"Apple\u0131n yapay zeka destekli Sirisi 2026 ba\u015f\u0131nda geliyor\"}]},{\"@type\":\"WebSite\",\"@id\":\"https:\\\/\\\/kuzeyinsesi.org\\\/#website\",\"url\":\"https:\\\/\\\/kuzeyinsesi.org\\\/\",\"name\":\"Kuzeyin Sesi\",\"description\":\"Do\u011fru Haberin Adresi\",\"potentialAction\":[{\"@type\":\"SearchAction\",\"target\":{\"@type\":\"EntryPoint\",\"urlTemplate\":\"https:\\\/\\\/kuzeyinsesi.org\\\/?s={search_term_string}\"},\"query-input\":{\"@type\":\"PropertyValueSpecification\",\"valueRequired\":true,\"valueName\":\"search_term_string\"}}],\"inLanguage\":\"tr\"},{\"@type\":\"Person\",\"@id\":\"https:\\\/\\\/kuzeyinsesi.org\\\/#\\\/schema\\\/person\\\/9f859689cdf01485597712386e37f5aa\",\"name\":\"Kuzeyin Sesi\",\"image\":{\"@type\":\"ImageObject\",\"inLanguage\":\"tr\",\"@id\":\"https:\\\/\\\/secure.gravatar.com\\\/avatar\\\/bab33852abfd8b282518d6ed81826833d77c3c882d9ab608add591ccace47a44?s=96&d=mm&r=g\",\"url\":\"https:\\\/\\\/secure.gravatar.com\\\/avatar\\\/bab33852abfd8b282518d6ed81826833d77c3c882d9ab608add591ccace47a44?s=96&d=mm&r=g\",\"contentUrl\":\"https:\\\/\\\/secure.gravatar.com\\\/avatar\\\/bab33852abfd8b282518d6ed81826833d77c3c882d9ab608add591ccace47a44?s=96&d=mm&r=g\",\"caption\":\"Kuzeyin Sesi\"},\"sameAs\":[\"https:\\\/\\\/kuzeyinsesi.org\"],\"url\":\"https:\\\/\\\/kuzeyinsesi.org\\\/index.php\\\/author\\\/guven\\\/\"}]}<\/script>\n<!-- \/ Yoast SEO plugin. -->","yoast_head_json":{"title":"Apple\u0131n yapay zeka destekli Sirisi 2026 ba\u015f\u0131nda geliyor - Kuzeyin Sesi","robots":{"index":"index","follow":"follow","max-snippet":"max-snippet:-1","max-image-preview":"max-image-preview:large","max-video-preview":"max-video-preview:-1"},"canonical":"https:\/\/kuzeyinsesi.org\/index.php\/2025\/09\/04\/applein-yapay-zeka-destekli-sirisi-2026-basinda-geliyor\/","og_locale":"tr_TR","og_type":"article","og_title":"Apple\u0131n yapay zeka destekli Sirisi 2026 ba\u015f\u0131nda geliyor - Kuzeyin Sesi","og_description":"&#13; LLM Siri, WWDC 2024\u2019te duyurulan ancak ertelenen \u201ctam kapsaml\u0131\u201d yapay zek\u00e2l\u0131 Siri s\u00fcr\u00fcm\u00fc de\u011fil. Yeni sistem, daha \u00e7ok web arama motoru benzeri bir i\u015flev \u00fcstlenecek. Kullan\u0131c\u0131lar\u0131n sordu\u011fu genel bilgi sorular\u0131na farkl\u0131 kaynaklardan \u00f6zetlenmi\u015f, k\u0131sa ve anla\u015f\u0131l\u0131r yan\u0131tlar sunacak. &#13; Apple\u2019\u0131n plan\u0131na g\u00f6re, bu \u00f6zellik \u00f6nce Siri \u00fczerinden eri\u015filebilir olacak. Ancak zamanla Spotlight arama ve [&hellip;]","og_url":"https:\/\/kuzeyinsesi.org\/index.php\/2025\/09\/04\/applein-yapay-zeka-destekli-sirisi-2026-basinda-geliyor\/","og_site_name":"Kuzeyin Sesi","article_publisher":"https:\/\/www.facebook.com\/kuzeyinsesii","article_published_time":"2025-09-04T04:00:48+00:00","og_image":[{"url":"https:\/\/trthaberstatic.cdn.wp.trt.com.tr\/resimler\/1526000\/apple-reu-1526786.jpg","type":"","width":"","height":""}],"author":"Kuzeyin Sesi","twitter_card":"summary_large_image","twitter_creator":"@kuzeyinsesii","twitter_site":"@kuzeyinsesii","twitter_misc":{"Yazan:":"Kuzeyin Sesi","Tahmini okuma s\u00fcresi":"1 dakika"},"schema":{"@context":"https:\/\/schema.org","@graph":[{"@type":"Article","@id":"https:\/\/kuzeyinsesi.org\/index.php\/2025\/09\/04\/applein-yapay-zeka-destekli-sirisi-2026-basinda-geliyor\/#article","isPartOf":{"@id":"https:\/\/kuzeyinsesi.org\/index.php\/2025\/09\/04\/applein-yapay-zeka-destekli-sirisi-2026-basinda-geliyor\/"},"author":{"name":"Kuzeyin Sesi","@id":"https:\/\/kuzeyinsesi.org\/#\/schema\/person\/9f859689cdf01485597712386e37f5aa"},"headline":"Apple\u0131n yapay zeka destekli Sirisi 2026 ba\u015f\u0131nda geliyor","datePublished":"2025-09-04T04:00:48+00:00","mainEntityOfPage":{"@id":"https:\/\/kuzeyinsesi.org\/index.php\/2025\/09\/04\/applein-yapay-zeka-destekli-sirisi-2026-basinda-geliyor\/"},"wordCount":279,"commentCount":0,"image":{"@id":"https:\/\/kuzeyinsesi.org\/index.php\/2025\/09\/04\/applein-yapay-zeka-destekli-sirisi-2026-basinda-geliyor\/#primaryimage"},"thumbnailUrl":"https:\/\/kuzeyinsesi.org\/wp-content\/uploads\/2025\/09\/apple-reu-1526786.jpg","articleSection":["D\u00fcnya"],"inLanguage":"tr","potentialAction":[{"@type":"CommentAction","name":"Comment","target":["https:\/\/kuzeyinsesi.org\/index.php\/2025\/09\/04\/applein-yapay-zeka-destekli-sirisi-2026-basinda-geliyor\/#respond"]}]},{"@type":"WebPage","@id":"https:\/\/kuzeyinsesi.org\/index.php\/2025\/09\/04\/applein-yapay-zeka-destekli-sirisi-2026-basinda-geliyor\/","url":"https:\/\/kuzeyinsesi.org\/index.php\/2025\/09\/04\/applein-yapay-zeka-destekli-sirisi-2026-basinda-geliyor\/","name":"Apple\u0131n yapay zeka destekli Sirisi 2026 ba\u015f\u0131nda geliyor - Kuzeyin Sesi","isPartOf":{"@id":"https:\/\/kuzeyinsesi.org\/#website"},"primaryImageOfPage":{"@id":"https:\/\/kuzeyinsesi.org\/index.php\/2025\/09\/04\/applein-yapay-zeka-destekli-sirisi-2026-basinda-geliyor\/#primaryimage"},"image":{"@id":"https:\/\/kuzeyinsesi.org\/index.php\/2025\/09\/04\/applein-yapay-zeka-destekli-sirisi-2026-basinda-geliyor\/#primaryimage"},"thumbnailUrl":"https:\/\/kuzeyinsesi.org\/wp-content\/uploads\/2025\/09\/apple-reu-1526786.jpg","datePublished":"2025-09-04T04:00:48+00:00","author":{"@id":"https:\/\/kuzeyinsesi.org\/#\/schema\/person\/9f859689cdf01485597712386e37f5aa"},"breadcrumb":{"@id":"https:\/\/kuzeyinsesi.org\/index.php\/2025\/09\/04\/applein-yapay-zeka-destekli-sirisi-2026-basinda-geliyor\/#breadcrumb"},"inLanguage":"tr","potentialAction":[{"@type":"ReadAction","target":["https:\/\/kuzeyinsesi.org\/index.php\/2025\/09\/04\/applein-yapay-zeka-destekli-sirisi-2026-basinda-geliyor\/"]}]},{"@type":"ImageObject","inLanguage":"tr","@id":"https:\/\/kuzeyinsesi.org\/index.php\/2025\/09\/04\/applein-yapay-zeka-destekli-sirisi-2026-basinda-geliyor\/#primaryimage","url":"https:\/\/kuzeyinsesi.org\/wp-content\/uploads\/2025\/09\/apple-reu-1526786.jpg","contentUrl":"https:\/\/kuzeyinsesi.org\/wp-content\/uploads\/2025\/09\/apple-reu-1526786.jpg","width":1280,"height":720},{"@type":"BreadcrumbList","@id":"https:\/\/kuzeyinsesi.org\/index.php\/2025\/09\/04\/applein-yapay-zeka-destekli-sirisi-2026-basinda-geliyor\/#breadcrumb","itemListElement":[{"@type":"ListItem","position":1,"name":"Anasayfa","item":"https:\/\/kuzeyinsesi.org\/"},{"@type":"ListItem","position":2,"name":"Apple\u0131n yapay zeka destekli Sirisi 2026 ba\u015f\u0131nda geliyor"}]},{"@type":"WebSite","@id":"https:\/\/kuzeyinsesi.org\/#website","url":"https:\/\/kuzeyinsesi.org\/","name":"Kuzeyin Sesi","description":"Do\u011fru Haberin Adresi","potentialAction":[{"@type":"SearchAction","target":{"@type":"EntryPoint","urlTemplate":"https:\/\/kuzeyinsesi.org\/?s={search_term_string}"},"query-input":{"@type":"PropertyValueSpecification","valueRequired":true,"valueName":"search_term_string"}}],"inLanguage":"tr"},{"@type":"Person","@id":"https:\/\/kuzeyinsesi.org\/#\/schema\/person\/9f859689cdf01485597712386e37f5aa","name":"Kuzeyin Sesi","image":{"@type":"ImageObject","inLanguage":"tr","@id":"https:\/\/secure.gravatar.com\/avatar\/bab33852abfd8b282518d6ed81826833d77c3c882d9ab608add591ccace47a44?s=96&d=mm&r=g","url":"https:\/\/secure.gravatar.com\/avatar\/bab33852abfd8b282518d6ed81826833d77c3c882d9ab608add591ccace47a44?s=96&d=mm&r=g","contentUrl":"https:\/\/secure.gravatar.com\/avatar\/bab33852abfd8b282518d6ed81826833d77c3c882d9ab608add591ccace47a44?s=96&d=mm&r=g","caption":"Kuzeyin Sesi"},"sameAs":["https:\/\/kuzeyinsesi.org"],"url":"https:\/\/kuzeyinsesi.org\/index.php\/author\/guven\/"}]}},"_links":{"self":[{"href":"https:\/\/kuzeyinsesi.org\/index.php\/wp-json\/wp\/v2\/posts\/31168","targetHints":{"allow":["GET"]}}],"collection":[{"href":"https:\/\/kuzeyinsesi.org\/index.php\/wp-json\/wp\/v2\/posts"}],"about":[{"href":"https:\/\/kuzeyinsesi.org\/index.php\/wp-json\/wp\/v2\/types\/post"}],"author":[{"embeddable":true,"href":"https:\/\/kuzeyinsesi.org\/index.php\/wp-json\/wp\/v2\/users\/1"}],"replies":[{"embeddable":true,"href":"https:\/\/kuzeyinsesi.org\/index.php\/wp-json\/wp\/v2\/comments?post=31168"}],"version-history":[{"count":0,"href":"https:\/\/kuzeyinsesi.org\/index.php\/wp-json\/wp\/v2\/posts\/31168\/revisions"}],"wp:featuredmedia":[{"embeddable":true,"href":"https:\/\/kuzeyinsesi.org\/index.php\/wp-json\/wp\/v2\/media\/31169"}],"wp:attachment":[{"href":"https:\/\/kuzeyinsesi.org\/index.php\/wp-json\/wp\/v2\/media?parent=31168"}],"wp:term":[{"taxonomy":"category","embeddable":true,"href":"https:\/\/kuzeyinsesi.org\/index.php\/wp-json\/wp\/v2\/categories?post=31168"},{"taxonomy":"post_tag","embeddable":true,"href":"https:\/\/kuzeyinsesi.org\/index.php\/wp-json\/wp\/v2\/tags?post=31168"}],"curies":[{"name":"wp","href":"https:\/\/api.w.org\/{rel}","templated":true}]}}