{"id":31158,"date":"2025-09-04T02:15:24","date_gmt":"2025-09-03T23:15:24","guid":{"rendered":"https:\/\/kuzeyinsesi.org\/index.php\/2025\/09\/04\/hindistanda-ten-rengi-yuzunden-esini-yakarak-olduren-adama-idam-cezasi\/"},"modified":"2025-09-04T02:15:24","modified_gmt":"2025-09-03T23:15:24","slug":"hindistanda-ten-rengi-yuzunden-esini-yakarak-olduren-adama-idam-cezasi","status":"publish","type":"post","link":"https:\/\/kuzeyinsesi.org\/index.php\/2025\/09\/04\/hindistanda-ten-rengi-yuzunden-esini-yakarak-olduren-adama-idam-cezasi\/","title":{"rendered":"Hindistanda ten rengi y\u00fcz\u00fcnden e\u015fini yakarak \u00f6ld\u00fcren adama idam cezas\u0131"},"content":{"rendered":"<p><\/p>\n<div>\n<p>&#13;<br \/>\n\tUdaipur\u2019daki davada Yarg\u0131\u00e7 Rahul Choudhary, cinayetin \u201cen nadir g\u00f6r\u00fclen olaylardan biri\u201d oldu\u011funu belirterek bunun \u201cinsanl\u0131\u011fa kar\u015f\u0131 bir su\u00e7\u201d say\u0131ld\u0131\u011f\u0131n\u0131 vurgulad\u0131.<\/p>\n<p>&#13;<br \/>\n\tSavc\u0131 Dinesh Paliwal karar\u0131 \u201ctarihi\u201d olarak nitelendirdi ve \u00fcst mahkemenin onay\u0131na g\u00f6nderildi\u011fini s\u00f6yledi. San\u0131\u011f\u0131n 30 g\u00fcn i\u00e7inde itiraz hakk\u0131 bulunuyor. San\u0131k avukat\u0131 Surendra <a href=\"https:\/\/www.trthaber.com\/etiket\/kumar\/\" target=\"_blank\">Kumar<\/a> Menariya, m\u00fcvekkilinin su\u00e7suz oldu\u011funu ve karar\u0131n temyizde bozulaca\u011f\u0131n\u0131 savundu.<\/p>\n<h2>&#13;<br \/>\n\tLakshmi\u2019nin ifadeleri dosyaya girdi<\/h2>\n<p>&#13;<br \/>\n\t2016\u2019da evlenen Lakshmi, \u00f6lmeden \u00f6nce polise, doktorlara ve icra memuruna verdi\u011fi ifadelerde e\u015finin kendisini \u201ckoyu tenli\u201d diye a\u015fa\u011f\u0131lay\u0131p \u201ckali\u201d diye hitap etti\u011fini anlatt\u0131.<\/p>\n<p>&#13;<br \/>\n\t24 Haziran 2017 gecesi e\u015finin, \u201ccildi a\u00e7acak\u201d dedi\u011fi kahverengi bir s\u0131v\u0131y\u0131 v\u00fccuduna s\u00fcrd\u00fc\u011f\u00fcn\u00fc, s\u0131v\u0131n\u0131n asit gibi koktu\u011funu s\u00f6yleyince de t\u00fcts\u00fc \u00e7ubu\u011fuyla ate\u015fe verdi\u011fini ifade etti.<\/p>\n<p>&#13;<br \/>\n\tV\u00fccudu yanmaya ba\u015flay\u0131nca san\u0131\u011f\u0131n kalan s\u0131v\u0131y\u0131 da \u00fczerine d\u00f6k\u00fcp ka\u00e7t\u0131\u011f\u0131, Lakshmi\u2019nin ailesi taraf\u0131ndan hastaneye g\u00f6t\u00fcr\u00fcld\u00fc\u011f\u00fc ancak ya\u015fam\u0131n\u0131 yitirdi\u011fi kayda ge\u00e7ti.<\/p>\n<h2>&#13;<br \/>\n\tRenk\u00e7ilik tart\u0131\u015fmas\u0131 yeniden g\u00fcndemde<\/h2>\n<p>&#13;<br \/>\n\tKarar, Hindistan\u2019da a\u00e7\u0131k ten tak\u0131nt\u0131s\u0131 ve koyu tenli kad\u0131nlara y\u00f6nelik <a href=\"https:\/\/www.trthaber.com\/etiket\/ayrimcilik\/\" target=\"_blank\">ayr\u0131mc\u0131l\u0131k<\/a> tart\u0131\u015fmalar\u0131n\u0131 yeniden alevlendirdi. Aktivistler, \u00f6nyarg\u0131lar\u0131n s\u00fcrmesi halinde benzer trajedilerin ya\u015fanabilece\u011fini belirtiyor.<\/p>\n<\/p><\/div>\n","protected":false},"excerpt":{"rendered":"<p>&#13; Udaipur\u2019daki davada Yarg\u0131\u00e7 Rahul Choudhary, cinayetin \u201cen nadir g\u00f6r\u00fclen olaylardan biri\u201d oldu\u011funu belirterek bunun \u201cinsanl\u0131\u011fa kar\u015f\u0131 bir su\u00e7\u201d say\u0131ld\u0131\u011f\u0131n\u0131 vurgulad\u0131. &#13; Savc\u0131 Dinesh Paliwal karar\u0131 \u201ctarihi\u201d olarak nitelendirdi ve \u00fcst mahkemenin onay\u0131na g\u00f6nderildi\u011fini s\u00f6yledi. San\u0131\u011f\u0131n 30 g\u00fcn i\u00e7inde itiraz hakk\u0131 bulunuyor. San\u0131k avukat\u0131 Surendra Kumar Menariya, m\u00fcvekkilinin su\u00e7suz oldu\u011funu ve karar\u0131n temyizde bozulaca\u011f\u0131n\u0131 savundu. [&hellip;]<\/p>\n","protected":false},"author":1,"featured_media":31159,"comment_status":"open","ping_status":"open","sticky":false,"template":"","format":"standard","meta":{"jnews-multi-image_gallery":[],"jnews_single_post":[],"jnews_primary_category":[],"jnews_social_meta":[],"jnews_override_counter":[],"footnotes":""},"categories":[2],"tags":[],"class_list":["post-31158","post","type-post","status-publish","format-standard","has-post-thumbnail","hentry","category-dunya"],"yoast_head":"<!-- This site is optimized with the Yoast SEO plugin v27.5 - https:\/\/yoast.com\/product\/yoast-seo-wordpress\/ -->\n<title>Hindistanda ten rengi y\u00fcz\u00fcnden e\u015fini yakarak \u00f6ld\u00fcren adama idam cezas\u0131 - Kuzeyin Sesi<\/title>\n<meta name=\"robots\" content=\"index, follow, max-snippet:-1, max-image-preview:large, max-video-preview:-1\" \/>\n<link rel=\"canonical\" href=\"https:\/\/kuzeyinsesi.org\/index.php\/2025\/09\/04\/hindistanda-ten-rengi-yuzunden-esini-yakarak-olduren-adama-idam-cezasi\/\" \/>\n<meta property=\"og:locale\" content=\"tr_TR\" \/>\n<meta property=\"og:type\" content=\"article\" \/>\n<meta property=\"og:title\" content=\"Hindistanda ten rengi y\u00fcz\u00fcnden e\u015fini yakarak \u00f6ld\u00fcren adama idam cezas\u0131 - Kuzeyin Sesi\" \/>\n<meta property=\"og:description\" content=\"&#013; Udaipur\u2019daki davada Yarg\u0131\u00e7 Rahul Choudhary, cinayetin \u201cen nadir g\u00f6r\u00fclen olaylardan biri\u201d oldu\u011funu belirterek bunun \u201cinsanl\u0131\u011fa kar\u015f\u0131 bir su\u00e7\u201d say\u0131ld\u0131\u011f\u0131n\u0131 vurgulad\u0131. &#013; Savc\u0131 Dinesh Paliwal karar\u0131 \u201ctarihi\u201d olarak nitelendirdi ve \u00fcst mahkemenin onay\u0131na g\u00f6nderildi\u011fini s\u00f6yledi. San\u0131\u011f\u0131n 30 g\u00fcn i\u00e7inde itiraz hakk\u0131 bulunuyor. San\u0131k avukat\u0131 Surendra Kumar Menariya, m\u00fcvekkilinin su\u00e7suz oldu\u011funu ve karar\u0131n temyizde bozulaca\u011f\u0131n\u0131 savundu. [&hellip;]\" \/>\n<meta property=\"og:url\" content=\"https:\/\/kuzeyinsesi.org\/index.php\/2025\/09\/04\/hindistanda-ten-rengi-yuzunden-esini-yakarak-olduren-adama-idam-cezasi\/\" \/>\n<meta property=\"og:site_name\" content=\"Kuzeyin Sesi\" \/>\n<meta property=\"article:publisher\" content=\"https:\/\/www.facebook.com\/kuzeyinsesii\" \/>\n<meta property=\"article:published_time\" content=\"2025-09-03T23:15:24+00:00\" \/>\n<meta property=\"og:image\" content=\"https:\/\/trthaberstatic.cdn.wp.trt.com.tr\/resimler\/1488000\/idam-1488648.jpg\" \/>\n<meta name=\"author\" content=\"Kuzeyin Sesi\" \/>\n<meta name=\"twitter:card\" content=\"summary_large_image\" \/>\n<meta name=\"twitter:creator\" content=\"@kuzeyinsesii\" \/>\n<meta name=\"twitter:site\" content=\"@kuzeyinsesii\" \/>\n<meta name=\"twitter:label1\" content=\"Yazan:\" \/>\n\t<meta name=\"twitter:data1\" content=\"Kuzeyin Sesi\" \/>\n\t<meta name=\"twitter:label2\" content=\"Tahmini okuma s\u00fcresi\" \/>\n\t<meta name=\"twitter:data2\" content=\"1 dakika\" \/>\n<script type=\"application\/ld+json\" class=\"yoast-schema-graph\">{\"@context\":\"https:\\\/\\\/schema.org\",\"@graph\":[{\"@type\":\"Article\",\"@id\":\"https:\\\/\\\/kuzeyinsesi.org\\\/index.php\\\/2025\\\/09\\\/04\\\/hindistanda-ten-rengi-yuzunden-esini-yakarak-olduren-adama-idam-cezasi\\\/#article\",\"isPartOf\":{\"@id\":\"https:\\\/\\\/kuzeyinsesi.org\\\/index.php\\\/2025\\\/09\\\/04\\\/hindistanda-ten-rengi-yuzunden-esini-yakarak-olduren-adama-idam-cezasi\\\/\"},\"author\":{\"name\":\"Kuzeyin Sesi\",\"@id\":\"https:\\\/\\\/kuzeyinsesi.org\\\/#\\\/schema\\\/person\\\/9f859689cdf01485597712386e37f5aa\"},\"headline\":\"Hindistanda ten rengi y\u00fcz\u00fcnden e\u015fini yakarak \u00f6ld\u00fcren adama idam cezas\u0131\",\"datePublished\":\"2025-09-03T23:15:24+00:00\",\"mainEntityOfPage\":{\"@id\":\"https:\\\/\\\/kuzeyinsesi.org\\\/index.php\\\/2025\\\/09\\\/04\\\/hindistanda-ten-rengi-yuzunden-esini-yakarak-olduren-adama-idam-cezasi\\\/\"},\"wordCount\":243,\"commentCount\":0,\"image\":{\"@id\":\"https:\\\/\\\/kuzeyinsesi.org\\\/index.php\\\/2025\\\/09\\\/04\\\/hindistanda-ten-rengi-yuzunden-esini-yakarak-olduren-adama-idam-cezasi\\\/#primaryimage\"},\"thumbnailUrl\":\"https:\\\/\\\/kuzeyinsesi.org\\\/wp-content\\\/uploads\\\/2025\\\/09\\\/idam-1488648.jpg\",\"articleSection\":[\"D\u00fcnya\"],\"inLanguage\":\"tr\",\"potentialAction\":[{\"@type\":\"CommentAction\",\"name\":\"Comment\",\"target\":[\"https:\\\/\\\/kuzeyinsesi.org\\\/index.php\\\/2025\\\/09\\\/04\\\/hindistanda-ten-rengi-yuzunden-esini-yakarak-olduren-adama-idam-cezasi\\\/#respond\"]}]},{\"@type\":\"WebPage\",\"@id\":\"https:\\\/\\\/kuzeyinsesi.org\\\/index.php\\\/2025\\\/09\\\/04\\\/hindistanda-ten-rengi-yuzunden-esini-yakarak-olduren-adama-idam-cezasi\\\/\",\"url\":\"https:\\\/\\\/kuzeyinsesi.org\\\/index.php\\\/2025\\\/09\\\/04\\\/hindistanda-ten-rengi-yuzunden-esini-yakarak-olduren-adama-idam-cezasi\\\/\",\"name\":\"Hindistanda ten rengi y\u00fcz\u00fcnden e\u015fini yakarak \u00f6ld\u00fcren adama idam cezas\u0131 - Kuzeyin Sesi\",\"isPartOf\":{\"@id\":\"https:\\\/\\\/kuzeyinsesi.org\\\/#website\"},\"primaryImageOfPage\":{\"@id\":\"https:\\\/\\\/kuzeyinsesi.org\\\/index.php\\\/2025\\\/09\\\/04\\\/hindistanda-ten-rengi-yuzunden-esini-yakarak-olduren-adama-idam-cezasi\\\/#primaryimage\"},\"image\":{\"@id\":\"https:\\\/\\\/kuzeyinsesi.org\\\/index.php\\\/2025\\\/09\\\/04\\\/hindistanda-ten-rengi-yuzunden-esini-yakarak-olduren-adama-idam-cezasi\\\/#primaryimage\"},\"thumbnailUrl\":\"https:\\\/\\\/kuzeyinsesi.org\\\/wp-content\\\/uploads\\\/2025\\\/09\\\/idam-1488648.jpg\",\"datePublished\":\"2025-09-03T23:15:24+00:00\",\"author\":{\"@id\":\"https:\\\/\\\/kuzeyinsesi.org\\\/#\\\/schema\\\/person\\\/9f859689cdf01485597712386e37f5aa\"},\"breadcrumb\":{\"@id\":\"https:\\\/\\\/kuzeyinsesi.org\\\/index.php\\\/2025\\\/09\\\/04\\\/hindistanda-ten-rengi-yuzunden-esini-yakarak-olduren-adama-idam-cezasi\\\/#breadcrumb\"},\"inLanguage\":\"tr\",\"potentialAction\":[{\"@type\":\"ReadAction\",\"target\":[\"https:\\\/\\\/kuzeyinsesi.org\\\/index.php\\\/2025\\\/09\\\/04\\\/hindistanda-ten-rengi-yuzunden-esini-yakarak-olduren-adama-idam-cezasi\\\/\"]}]},{\"@type\":\"ImageObject\",\"inLanguage\":\"tr\",\"@id\":\"https:\\\/\\\/kuzeyinsesi.org\\\/index.php\\\/2025\\\/09\\\/04\\\/hindistanda-ten-rengi-yuzunden-esini-yakarak-olduren-adama-idam-cezasi\\\/#primaryimage\",\"url\":\"https:\\\/\\\/kuzeyinsesi.org\\\/wp-content\\\/uploads\\\/2025\\\/09\\\/idam-1488648.jpg\",\"contentUrl\":\"https:\\\/\\\/kuzeyinsesi.org\\\/wp-content\\\/uploads\\\/2025\\\/09\\\/idam-1488648.jpg\",\"width\":1280,\"height\":720},{\"@type\":\"BreadcrumbList\",\"@id\":\"https:\\\/\\\/kuzeyinsesi.org\\\/index.php\\\/2025\\\/09\\\/04\\\/hindistanda-ten-rengi-yuzunden-esini-yakarak-olduren-adama-idam-cezasi\\\/#breadcrumb\",\"itemListElement\":[{\"@type\":\"ListItem\",\"position\":1,\"name\":\"Anasayfa\",\"item\":\"https:\\\/\\\/kuzeyinsesi.org\\\/\"},{\"@type\":\"ListItem\",\"position\":2,\"name\":\"Hindistanda ten rengi y\u00fcz\u00fcnden e\u015fini yakarak \u00f6ld\u00fcren adama idam cezas\u0131\"}]},{\"@type\":\"WebSite\",\"@id\":\"https:\\\/\\\/kuzeyinsesi.org\\\/#website\",\"url\":\"https:\\\/\\\/kuzeyinsesi.org\\\/\",\"name\":\"Kuzeyin Sesi\",\"description\":\"Do\u011fru Haberin Adresi\",\"potentialAction\":[{\"@type\":\"SearchAction\",\"target\":{\"@type\":\"EntryPoint\",\"urlTemplate\":\"https:\\\/\\\/kuzeyinsesi.org\\\/?s={search_term_string}\"},\"query-input\":{\"@type\":\"PropertyValueSpecification\",\"valueRequired\":true,\"valueName\":\"search_term_string\"}}],\"inLanguage\":\"tr\"},{\"@type\":\"Person\",\"@id\":\"https:\\\/\\\/kuzeyinsesi.org\\\/#\\\/schema\\\/person\\\/9f859689cdf01485597712386e37f5aa\",\"name\":\"Kuzeyin Sesi\",\"image\":{\"@type\":\"ImageObject\",\"inLanguage\":\"tr\",\"@id\":\"https:\\\/\\\/secure.gravatar.com\\\/avatar\\\/bab33852abfd8b282518d6ed81826833d77c3c882d9ab608add591ccace47a44?s=96&d=mm&r=g\",\"url\":\"https:\\\/\\\/secure.gravatar.com\\\/avatar\\\/bab33852abfd8b282518d6ed81826833d77c3c882d9ab608add591ccace47a44?s=96&d=mm&r=g\",\"contentUrl\":\"https:\\\/\\\/secure.gravatar.com\\\/avatar\\\/bab33852abfd8b282518d6ed81826833d77c3c882d9ab608add591ccace47a44?s=96&d=mm&r=g\",\"caption\":\"Kuzeyin Sesi\"},\"sameAs\":[\"https:\\\/\\\/kuzeyinsesi.org\"],\"url\":\"https:\\\/\\\/kuzeyinsesi.org\\\/index.php\\\/author\\\/guven\\\/\"}]}<\/script>\n<!-- \/ Yoast SEO plugin. -->","yoast_head_json":{"title":"Hindistanda ten rengi y\u00fcz\u00fcnden e\u015fini yakarak \u00f6ld\u00fcren adama idam cezas\u0131 - Kuzeyin Sesi","robots":{"index":"index","follow":"follow","max-snippet":"max-snippet:-1","max-image-preview":"max-image-preview:large","max-video-preview":"max-video-preview:-1"},"canonical":"https:\/\/kuzeyinsesi.org\/index.php\/2025\/09\/04\/hindistanda-ten-rengi-yuzunden-esini-yakarak-olduren-adama-idam-cezasi\/","og_locale":"tr_TR","og_type":"article","og_title":"Hindistanda ten rengi y\u00fcz\u00fcnden e\u015fini yakarak \u00f6ld\u00fcren adama idam cezas\u0131 - Kuzeyin Sesi","og_description":"&#13; Udaipur\u2019daki davada Yarg\u0131\u00e7 Rahul Choudhary, cinayetin \u201cen nadir g\u00f6r\u00fclen olaylardan biri\u201d oldu\u011funu belirterek bunun \u201cinsanl\u0131\u011fa kar\u015f\u0131 bir su\u00e7\u201d say\u0131ld\u0131\u011f\u0131n\u0131 vurgulad\u0131. &#13; Savc\u0131 Dinesh Paliwal karar\u0131 \u201ctarihi\u201d olarak nitelendirdi ve \u00fcst mahkemenin onay\u0131na g\u00f6nderildi\u011fini s\u00f6yledi. San\u0131\u011f\u0131n 30 g\u00fcn i\u00e7inde itiraz hakk\u0131 bulunuyor. San\u0131k avukat\u0131 Surendra Kumar Menariya, m\u00fcvekkilinin su\u00e7suz oldu\u011funu ve karar\u0131n temyizde bozulaca\u011f\u0131n\u0131 savundu. [&hellip;]","og_url":"https:\/\/kuzeyinsesi.org\/index.php\/2025\/09\/04\/hindistanda-ten-rengi-yuzunden-esini-yakarak-olduren-adama-idam-cezasi\/","og_site_name":"Kuzeyin Sesi","article_publisher":"https:\/\/www.facebook.com\/kuzeyinsesii","article_published_time":"2025-09-03T23:15:24+00:00","og_image":[{"url":"https:\/\/trthaberstatic.cdn.wp.trt.com.tr\/resimler\/1488000\/idam-1488648.jpg","type":"","width":"","height":""}],"author":"Kuzeyin Sesi","twitter_card":"summary_large_image","twitter_creator":"@kuzeyinsesii","twitter_site":"@kuzeyinsesii","twitter_misc":{"Yazan:":"Kuzeyin Sesi","Tahmini okuma s\u00fcresi":"1 dakika"},"schema":{"@context":"https:\/\/schema.org","@graph":[{"@type":"Article","@id":"https:\/\/kuzeyinsesi.org\/index.php\/2025\/09\/04\/hindistanda-ten-rengi-yuzunden-esini-yakarak-olduren-adama-idam-cezasi\/#article","isPartOf":{"@id":"https:\/\/kuzeyinsesi.org\/index.php\/2025\/09\/04\/hindistanda-ten-rengi-yuzunden-esini-yakarak-olduren-adama-idam-cezasi\/"},"author":{"name":"Kuzeyin Sesi","@id":"https:\/\/kuzeyinsesi.org\/#\/schema\/person\/9f859689cdf01485597712386e37f5aa"},"headline":"Hindistanda ten rengi y\u00fcz\u00fcnden e\u015fini yakarak \u00f6ld\u00fcren adama idam cezas\u0131","datePublished":"2025-09-03T23:15:24+00:00","mainEntityOfPage":{"@id":"https:\/\/kuzeyinsesi.org\/index.php\/2025\/09\/04\/hindistanda-ten-rengi-yuzunden-esini-yakarak-olduren-adama-idam-cezasi\/"},"wordCount":243,"commentCount":0,"image":{"@id":"https:\/\/kuzeyinsesi.org\/index.php\/2025\/09\/04\/hindistanda-ten-rengi-yuzunden-esini-yakarak-olduren-adama-idam-cezasi\/#primaryimage"},"thumbnailUrl":"https:\/\/kuzeyinsesi.org\/wp-content\/uploads\/2025\/09\/idam-1488648.jpg","articleSection":["D\u00fcnya"],"inLanguage":"tr","potentialAction":[{"@type":"CommentAction","name":"Comment","target":["https:\/\/kuzeyinsesi.org\/index.php\/2025\/09\/04\/hindistanda-ten-rengi-yuzunden-esini-yakarak-olduren-adama-idam-cezasi\/#respond"]}]},{"@type":"WebPage","@id":"https:\/\/kuzeyinsesi.org\/index.php\/2025\/09\/04\/hindistanda-ten-rengi-yuzunden-esini-yakarak-olduren-adama-idam-cezasi\/","url":"https:\/\/kuzeyinsesi.org\/index.php\/2025\/09\/04\/hindistanda-ten-rengi-yuzunden-esini-yakarak-olduren-adama-idam-cezasi\/","name":"Hindistanda ten rengi y\u00fcz\u00fcnden e\u015fini yakarak \u00f6ld\u00fcren adama idam cezas\u0131 - Kuzeyin Sesi","isPartOf":{"@id":"https:\/\/kuzeyinsesi.org\/#website"},"primaryImageOfPage":{"@id":"https:\/\/kuzeyinsesi.org\/index.php\/2025\/09\/04\/hindistanda-ten-rengi-yuzunden-esini-yakarak-olduren-adama-idam-cezasi\/#primaryimage"},"image":{"@id":"https:\/\/kuzeyinsesi.org\/index.php\/2025\/09\/04\/hindistanda-ten-rengi-yuzunden-esini-yakarak-olduren-adama-idam-cezasi\/#primaryimage"},"thumbnailUrl":"https:\/\/kuzeyinsesi.org\/wp-content\/uploads\/2025\/09\/idam-1488648.jpg","datePublished":"2025-09-03T23:15:24+00:00","author":{"@id":"https:\/\/kuzeyinsesi.org\/#\/schema\/person\/9f859689cdf01485597712386e37f5aa"},"breadcrumb":{"@id":"https:\/\/kuzeyinsesi.org\/index.php\/2025\/09\/04\/hindistanda-ten-rengi-yuzunden-esini-yakarak-olduren-adama-idam-cezasi\/#breadcrumb"},"inLanguage":"tr","potentialAction":[{"@type":"ReadAction","target":["https:\/\/kuzeyinsesi.org\/index.php\/2025\/09\/04\/hindistanda-ten-rengi-yuzunden-esini-yakarak-olduren-adama-idam-cezasi\/"]}]},{"@type":"ImageObject","inLanguage":"tr","@id":"https:\/\/kuzeyinsesi.org\/index.php\/2025\/09\/04\/hindistanda-ten-rengi-yuzunden-esini-yakarak-olduren-adama-idam-cezasi\/#primaryimage","url":"https:\/\/kuzeyinsesi.org\/wp-content\/uploads\/2025\/09\/idam-1488648.jpg","contentUrl":"https:\/\/kuzeyinsesi.org\/wp-content\/uploads\/2025\/09\/idam-1488648.jpg","width":1280,"height":720},{"@type":"BreadcrumbList","@id":"https:\/\/kuzeyinsesi.org\/index.php\/2025\/09\/04\/hindistanda-ten-rengi-yuzunden-esini-yakarak-olduren-adama-idam-cezasi\/#breadcrumb","itemListElement":[{"@type":"ListItem","position":1,"name":"Anasayfa","item":"https:\/\/kuzeyinsesi.org\/"},{"@type":"ListItem","position":2,"name":"Hindistanda ten rengi y\u00fcz\u00fcnden e\u015fini yakarak \u00f6ld\u00fcren adama idam cezas\u0131"}]},{"@type":"WebSite","@id":"https:\/\/kuzeyinsesi.org\/#website","url":"https:\/\/kuzeyinsesi.org\/","name":"Kuzeyin Sesi","description":"Do\u011fru Haberin Adresi","potentialAction":[{"@type":"SearchAction","target":{"@type":"EntryPoint","urlTemplate":"https:\/\/kuzeyinsesi.org\/?s={search_term_string}"},"query-input":{"@type":"PropertyValueSpecification","valueRequired":true,"valueName":"search_term_string"}}],"inLanguage":"tr"},{"@type":"Person","@id":"https:\/\/kuzeyinsesi.org\/#\/schema\/person\/9f859689cdf01485597712386e37f5aa","name":"Kuzeyin Sesi","image":{"@type":"ImageObject","inLanguage":"tr","@id":"https:\/\/secure.gravatar.com\/avatar\/bab33852abfd8b282518d6ed81826833d77c3c882d9ab608add591ccace47a44?s=96&d=mm&r=g","url":"https:\/\/secure.gravatar.com\/avatar\/bab33852abfd8b282518d6ed81826833d77c3c882d9ab608add591ccace47a44?s=96&d=mm&r=g","contentUrl":"https:\/\/secure.gravatar.com\/avatar\/bab33852abfd8b282518d6ed81826833d77c3c882d9ab608add591ccace47a44?s=96&d=mm&r=g","caption":"Kuzeyin Sesi"},"sameAs":["https:\/\/kuzeyinsesi.org"],"url":"https:\/\/kuzeyinsesi.org\/index.php\/author\/guven\/"}]}},"_links":{"self":[{"href":"https:\/\/kuzeyinsesi.org\/index.php\/wp-json\/wp\/v2\/posts\/31158","targetHints":{"allow":["GET"]}}],"collection":[{"href":"https:\/\/kuzeyinsesi.org\/index.php\/wp-json\/wp\/v2\/posts"}],"about":[{"href":"https:\/\/kuzeyinsesi.org\/index.php\/wp-json\/wp\/v2\/types\/post"}],"author":[{"embeddable":true,"href":"https:\/\/kuzeyinsesi.org\/index.php\/wp-json\/wp\/v2\/users\/1"}],"replies":[{"embeddable":true,"href":"https:\/\/kuzeyinsesi.org\/index.php\/wp-json\/wp\/v2\/comments?post=31158"}],"version-history":[{"count":0,"href":"https:\/\/kuzeyinsesi.org\/index.php\/wp-json\/wp\/v2\/posts\/31158\/revisions"}],"wp:featuredmedia":[{"embeddable":true,"href":"https:\/\/kuzeyinsesi.org\/index.php\/wp-json\/wp\/v2\/media\/31159"}],"wp:attachment":[{"href":"https:\/\/kuzeyinsesi.org\/index.php\/wp-json\/wp\/v2\/media?parent=31158"}],"wp:term":[{"taxonomy":"category","embeddable":true,"href":"https:\/\/kuzeyinsesi.org\/index.php\/wp-json\/wp\/v2\/categories?post=31158"},{"taxonomy":"post_tag","embeddable":true,"href":"https:\/\/kuzeyinsesi.org\/index.php\/wp-json\/wp\/v2\/tags?post=31158"}],"curies":[{"name":"wp","href":"https:\/\/api.w.org\/{rel}","templated":true}]}}