{"id":31156,"date":"2025-09-04T01:44:23","date_gmt":"2025-09-03T22:44:23","guid":{"rendered":"https:\/\/kuzeyinsesi.org\/index.php\/2025\/09\/04\/dunya-bu-ay-82-dakikalik-kanli-ay-tutulmasina-tanik-olacak\/"},"modified":"2025-09-04T01:44:23","modified_gmt":"2025-09-03T22:44:23","slug":"dunya-bu-ay-82-dakikalik-kanli-ay-tutulmasina-tanik-olacak","status":"publish","type":"post","link":"https:\/\/kuzeyinsesi.org\/index.php\/2025\/09\/04\/dunya-bu-ay-82-dakikalik-kanli-ay-tutulmasina-tanik-olacak\/","title":{"rendered":"D\u00fcnya bu ay 82 dakikal\u0131k Kanl\u0131 Ay tutulmas\u0131na tan\u0131k olacak"},"content":{"rendered":"<p><\/p>\n<div>\n<p>&#13;<br \/>\n\t<a href=\"https:\/\/www.trthaber.com\/etiket\/nasa\/\" target=\"_blank\">NASA<\/a> verilerine g\u00f6re tutulma toplamda yakla\u015f\u0131k be\u015f bu\u00e7uk saat s\u00fcrecek. Ay\u2019\u0131n tamamen k\u0131z\u0131l renge b\u00fcr\u00fcnece\u011fi \u201ctam tutulma\u201d evresi ise 1 saat 22 dakika devam edecek.<\/p>\n<p>&#13;<br \/>\n\tBu, 2022\u2019den bu yana g\u00f6zlemlenecek en uzun tam Ay tutulmas\u0131 olacak.<\/p>\n<h2>&#13;<br \/>\n\t6,2 milyar ki\u015fi tamamen g\u00f6rebilecek<\/h2>\n<p>&#13;<br \/>\n\tOlay, Avustralya, Asya, <a href=\"https:\/\/www.trthaber.com\/etiket\/afrika\/\" target=\"_blank\">Afrika<\/a> ve Avrupa\u2019dan izlenebilecek. D\u00fcnya n\u00fcfusunun b\u00fcy\u00fck b\u00f6l\u00fcm\u00fc, yani 7 milyardan fazla insan tutulmay\u0131 g\u00f6rebilecek; 6,2 milyar ki\u015fi ise ba\u015ftan sona t\u00fcm evreleri izleme \u015fans\u0131na sahip olacak.<\/p>\n<p>&#13;<br \/>\n\tAmerika k\u0131tas\u0131nda ise g\u00fcnd\u00fcz vakti oldu\u011fu i\u00e7in b\u00fcy\u00fck oranda g\u00f6zlemlenemeyecek. Ancak Hawaii, Alaska\u2019n\u0131n k\u00fc\u00e7\u00fck bir k\u0131sm\u0131 ve Brezilya\u2019n\u0131n bir b\u00f6l\u00fcm\u00fc k\u0131smi tutulmay\u0131 g\u00f6rebilecek.<\/p>\n<h2>&#13;<br \/>\n\tK\u0131z\u0131l renge b\u00fcr\u00fcnme sebebi<\/h2>\n<p>&#13;<br \/>\n\tAy\u2019\u0131n k\u0131rm\u0131z\u0131ya d\u00f6nmesi, D\u00fcnya atmosferinden ge\u00e7en g\u00fcne\u015f \u0131\u015f\u0131nlar\u0131n\u0131n etkisiyle ger\u00e7ekle\u015fiyor. Atmosfer k\u0131sa dalga boylu mavi \u0131\u015f\u0131\u011f\u0131 da\u011f\u0131t\u0131rken, uzun dalga boylu k\u0131rm\u0131z\u0131 \u0131\u015f\u0131k Ay\u2019a ula\u015fabiliyor.<\/p>\n<p>&#13;<br \/>\n\tBu s\u00fcre\u00e7, g\u00fcn bat\u0131m\u0131nda g\u00f6ky\u00fcz\u00fcn\u00fcn k\u0131zarmas\u0131yla ayn\u0131 fiziksel mekanizmaya dayan\u0131yor.<\/p>\n<h2>&#13;<br \/>\n\tSaatler netle\u015fti<\/h2>\n<p>&#13;<br \/>\n\tTutulma 15.28 GMT\u2019de ba\u015flayacak ve 20.55 GMT\u2019de sona erecek. Tam tutulma evresi 17.30\u2019da ba\u015flay\u0131p 18.52\u2019de tamamlanacak. \u0130zlemek isteyenler bulunduklar\u0131 konuma g\u00f6re saat fark\u0131n\u0131 kontrol edebilecek.<\/p>\n<h2>&#13;<br \/>\n\tG\u00fcne\u015f tutulmas\u0131 da yolda<\/h2>\n<p>&#13;<br \/>\n\tAy tutulmalar\u0131 genellikle g\u00fcne\u015f tutulmalar\u0131n\u0131n hemen \u00f6ncesinde ya da sonras\u0131nda meydana geliyor. Bu tutulmadan iki hafta sonra, 21 Eyl\u00fcl 2025\u2019te k\u0131smi g\u00fcne\u015f tutulmas\u0131 ya\u015fanacak.<\/p>\n<p>&#13;<br \/>\n\tAncak bu yaln\u0131zca Yeni Zelanda, Antarktika, Pasifik adalar\u0131 ve Avustralya\u2019n\u0131n do\u011fu k\u0131y\u0131s\u0131nda dar bir \u015ferit \u00fczerinden izlenebilecek.<\/p>\n<\/p><\/div>\n","protected":false},"excerpt":{"rendered":"<p>&#13; NASA verilerine g\u00f6re tutulma toplamda yakla\u015f\u0131k be\u015f bu\u00e7uk saat s\u00fcrecek. Ay\u2019\u0131n tamamen k\u0131z\u0131l renge b\u00fcr\u00fcnece\u011fi \u201ctam tutulma\u201d evresi ise 1 saat 22 dakika devam edecek. &#13; Bu, 2022\u2019den bu yana g\u00f6zlemlenecek en uzun tam Ay tutulmas\u0131 olacak. &#13; 6,2 milyar ki\u015fi tamamen g\u00f6rebilecek &#13; Olay, Avustralya, Asya, Afrika ve Avrupa\u2019dan izlenebilecek. D\u00fcnya n\u00fcfusunun b\u00fcy\u00fck [&hellip;]<\/p>\n","protected":false},"author":1,"featured_media":31157,"comment_status":"open","ping_status":"open","sticky":false,"template":"","format":"standard","meta":{"jnews-multi-image_gallery":[],"jnews_single_post":[],"jnews_primary_category":[],"jnews_social_meta":[],"jnews_override_counter":[],"footnotes":""},"categories":[2],"tags":[],"class_list":["post-31156","post","type-post","status-publish","format-standard","has-post-thumbnail","hentry","category-dunya"],"yoast_head":"<!-- This site is optimized with the Yoast SEO plugin v28.4 - https:\/\/yoast.com\/product\/yoast-seo-wordpress\/ -->\n<title>D\u00fcnya bu ay 82 dakikal\u0131k Kanl\u0131 Ay tutulmas\u0131na tan\u0131k olacak - Kuzeyin Sesi<\/title>\n<meta name=\"robots\" content=\"index, follow, max-snippet:-1, max-image-preview:large, max-video-preview:-1\" \/>\n<link rel=\"canonical\" href=\"https:\/\/kuzeyinsesi.org\/index.php\/2025\/09\/04\/dunya-bu-ay-82-dakikalik-kanli-ay-tutulmasina-tanik-olacak\/\" \/>\n<meta property=\"og:locale\" content=\"tr_TR\" \/>\n<meta property=\"og:type\" content=\"article\" \/>\n<meta property=\"og:title\" content=\"D\u00fcnya bu ay 82 dakikal\u0131k Kanl\u0131 Ay tutulmas\u0131na tan\u0131k olacak - Kuzeyin Sesi\" \/>\n<meta property=\"og:description\" content=\"&#013; NASA verilerine g\u00f6re tutulma toplamda yakla\u015f\u0131k be\u015f bu\u00e7uk saat s\u00fcrecek. Ay\u2019\u0131n tamamen k\u0131z\u0131l renge b\u00fcr\u00fcnece\u011fi \u201ctam tutulma\u201d evresi ise 1 saat 22 dakika devam edecek. &#013; Bu, 2022\u2019den bu yana g\u00f6zlemlenecek en uzun tam Ay tutulmas\u0131 olacak. &#013; 6,2 milyar ki\u015fi tamamen g\u00f6rebilecek &#013; Olay, Avustralya, Asya, Afrika ve Avrupa\u2019dan izlenebilecek. D\u00fcnya n\u00fcfusunun b\u00fcy\u00fck [&hellip;]\" \/>\n<meta property=\"og:url\" content=\"https:\/\/kuzeyinsesi.org\/index.php\/2025\/09\/04\/dunya-bu-ay-82-dakikalik-kanli-ay-tutulmasina-tanik-olacak\/\" \/>\n<meta property=\"og:site_name\" content=\"Kuzeyin Sesi\" \/>\n<meta property=\"article:publisher\" content=\"https:\/\/www.facebook.com\/kuzeyinsesii\" \/>\n<meta property=\"article:published_time\" content=\"2025-09-03T22:44:23+00:00\" \/>\n<meta property=\"og:image\" content=\"https:\/\/trthaberstatic.cdn.wp.trt.com.tr\/resimler\/1836000\/kanli-ay-tutulmasi-a-1837858.jpg\" \/>\n<meta name=\"author\" content=\"Kuzeyin Sesi\" \/>\n<meta name=\"twitter:card\" content=\"summary_large_image\" \/>\n<meta name=\"twitter:creator\" content=\"@kuzeyinsesii\" \/>\n<meta name=\"twitter:site\" content=\"@kuzeyinsesii\" \/>\n<meta name=\"twitter:label1\" content=\"Yazan:\" \/>\n\t<meta name=\"twitter:data1\" content=\"Kuzeyin Sesi\" \/>\n\t<meta name=\"twitter:label2\" content=\"Tahmini okuma s\u00fcresi\" \/>\n\t<meta name=\"twitter:data2\" content=\"1 dakika\" \/>\n<script type=\"application\/ld+json\" class=\"yoast-schema-graph\">{\"@context\":\"https:\\\/\\\/schema.org\",\"@graph\":[{\"@type\":\"Article\",\"@id\":\"https:\\\/\\\/kuzeyinsesi.org\\\/index.php\\\/2025\\\/09\\\/04\\\/dunya-bu-ay-82-dakikalik-kanli-ay-tutulmasina-tanik-olacak\\\/#article\",\"isPartOf\":{\"@id\":\"https:\\\/\\\/kuzeyinsesi.org\\\/index.php\\\/2025\\\/09\\\/04\\\/dunya-bu-ay-82-dakikalik-kanli-ay-tutulmasina-tanik-olacak\\\/\"},\"author\":{\"name\":\"Kuzeyin Sesi\",\"@id\":\"https:\\\/\\\/kuzeyinsesi.org\\\/#\\\/schema\\\/person\\\/9f859689cdf01485597712386e37f5aa\"},\"headline\":\"D\u00fcnya bu ay 82 dakikal\u0131k Kanl\u0131 Ay tutulmas\u0131na tan\u0131k olacak\",\"datePublished\":\"2025-09-03T22:44:23+00:00\",\"mainEntityOfPage\":{\"@id\":\"https:\\\/\\\/kuzeyinsesi.org\\\/index.php\\\/2025\\\/09\\\/04\\\/dunya-bu-ay-82-dakikalik-kanli-ay-tutulmasina-tanik-olacak\\\/\"},\"wordCount\":310,\"commentCount\":0,\"image\":{\"@id\":\"https:\\\/\\\/kuzeyinsesi.org\\\/index.php\\\/2025\\\/09\\\/04\\\/dunya-bu-ay-82-dakikalik-kanli-ay-tutulmasina-tanik-olacak\\\/#primaryimage\"},\"thumbnailUrl\":\"https:\\\/\\\/kuzeyinsesi.org\\\/wp-content\\\/uploads\\\/2025\\\/09\\\/kanli-ay-tutulmasi-a-1837858.jpg\",\"articleSection\":[\"D\u00fcnya\"],\"inLanguage\":\"tr\",\"potentialAction\":[{\"@type\":\"CommentAction\",\"name\":\"Comment\",\"target\":[\"https:\\\/\\\/kuzeyinsesi.org\\\/index.php\\\/2025\\\/09\\\/04\\\/dunya-bu-ay-82-dakikalik-kanli-ay-tutulmasina-tanik-olacak\\\/#respond\"]}]},{\"@type\":\"WebPage\",\"@id\":\"https:\\\/\\\/kuzeyinsesi.org\\\/index.php\\\/2025\\\/09\\\/04\\\/dunya-bu-ay-82-dakikalik-kanli-ay-tutulmasina-tanik-olacak\\\/\",\"url\":\"https:\\\/\\\/kuzeyinsesi.org\\\/index.php\\\/2025\\\/09\\\/04\\\/dunya-bu-ay-82-dakikalik-kanli-ay-tutulmasina-tanik-olacak\\\/\",\"name\":\"D\u00fcnya bu ay 82 dakikal\u0131k Kanl\u0131 Ay tutulmas\u0131na tan\u0131k olacak - Kuzeyin Sesi\",\"isPartOf\":{\"@id\":\"https:\\\/\\\/kuzeyinsesi.org\\\/#website\"},\"primaryImageOfPage\":{\"@id\":\"https:\\\/\\\/kuzeyinsesi.org\\\/index.php\\\/2025\\\/09\\\/04\\\/dunya-bu-ay-82-dakikalik-kanli-ay-tutulmasina-tanik-olacak\\\/#primaryimage\"},\"image\":{\"@id\":\"https:\\\/\\\/kuzeyinsesi.org\\\/index.php\\\/2025\\\/09\\\/04\\\/dunya-bu-ay-82-dakikalik-kanli-ay-tutulmasina-tanik-olacak\\\/#primaryimage\"},\"thumbnailUrl\":\"https:\\\/\\\/kuzeyinsesi.org\\\/wp-content\\\/uploads\\\/2025\\\/09\\\/kanli-ay-tutulmasi-a-1837858.jpg\",\"datePublished\":\"2025-09-03T22:44:23+00:00\",\"author\":{\"@id\":\"https:\\\/\\\/kuzeyinsesi.org\\\/#\\\/schema\\\/person\\\/9f859689cdf01485597712386e37f5aa\"},\"breadcrumb\":{\"@id\":\"https:\\\/\\\/kuzeyinsesi.org\\\/index.php\\\/2025\\\/09\\\/04\\\/dunya-bu-ay-82-dakikalik-kanli-ay-tutulmasina-tanik-olacak\\\/#breadcrumb\"},\"inLanguage\":\"tr\",\"potentialAction\":[{\"@type\":\"ReadAction\",\"target\":[\"https:\\\/\\\/kuzeyinsesi.org\\\/index.php\\\/2025\\\/09\\\/04\\\/dunya-bu-ay-82-dakikalik-kanli-ay-tutulmasina-tanik-olacak\\\/\"]}]},{\"@type\":\"ImageObject\",\"inLanguage\":\"tr\",\"@id\":\"https:\\\/\\\/kuzeyinsesi.org\\\/index.php\\\/2025\\\/09\\\/04\\\/dunya-bu-ay-82-dakikalik-kanli-ay-tutulmasina-tanik-olacak\\\/#primaryimage\",\"url\":\"https:\\\/\\\/kuzeyinsesi.org\\\/wp-content\\\/uploads\\\/2025\\\/09\\\/kanli-ay-tutulmasi-a-1837858.jpg\",\"contentUrl\":\"https:\\\/\\\/kuzeyinsesi.org\\\/wp-content\\\/uploads\\\/2025\\\/09\\\/kanli-ay-tutulmasi-a-1837858.jpg\",\"width\":1280,\"height\":720},{\"@type\":\"BreadcrumbList\",\"@id\":\"https:\\\/\\\/kuzeyinsesi.org\\\/index.php\\\/2025\\\/09\\\/04\\\/dunya-bu-ay-82-dakikalik-kanli-ay-tutulmasina-tanik-olacak\\\/#breadcrumb\",\"itemListElement\":[{\"@type\":\"ListItem\",\"position\":1,\"name\":\"Anasayfa\",\"item\":\"https:\\\/\\\/kuzeyinsesi.org\\\/\"},{\"@type\":\"ListItem\",\"position\":2,\"name\":\"D\u00fcnya bu ay 82 dakikal\u0131k Kanl\u0131 Ay tutulmas\u0131na tan\u0131k olacak\"}]},{\"@type\":\"WebSite\",\"@id\":\"https:\\\/\\\/kuzeyinsesi.org\\\/#website\",\"url\":\"https:\\\/\\\/kuzeyinsesi.org\\\/\",\"name\":\"Kuzeyin Sesi\",\"description\":\"Do\u011fru Haberin Adresi\",\"potentialAction\":[{\"@type\":\"SearchAction\",\"target\":{\"@type\":\"EntryPoint\",\"urlTemplate\":\"https:\\\/\\\/kuzeyinsesi.org\\\/?s={search_term_string}\"},\"query-input\":{\"@type\":\"PropertyValueSpecification\",\"valueRequired\":true,\"valueName\":\"search_term_string\"}}],\"inLanguage\":\"tr\"},{\"@type\":\"Person\",\"@id\":\"https:\\\/\\\/kuzeyinsesi.org\\\/#\\\/schema\\\/person\\\/9f859689cdf01485597712386e37f5aa\",\"name\":\"Kuzeyin Sesi\",\"image\":{\"@type\":\"ImageObject\",\"inLanguage\":\"tr\",\"@id\":\"https:\\\/\\\/secure.gravatar.com\\\/avatar\\\/bab33852abfd8b282518d6ed81826833d77c3c882d9ab608add591ccace47a44?s=96&d=mm&r=g\",\"url\":\"https:\\\/\\\/secure.gravatar.com\\\/avatar\\\/bab33852abfd8b282518d6ed81826833d77c3c882d9ab608add591ccace47a44?s=96&d=mm&r=g\",\"contentUrl\":\"https:\\\/\\\/secure.gravatar.com\\\/avatar\\\/bab33852abfd8b282518d6ed81826833d77c3c882d9ab608add591ccace47a44?s=96&d=mm&r=g\",\"caption\":\"Kuzeyin Sesi\"},\"sameAs\":[\"https:\\\/\\\/kuzeyinsesi.org\"],\"url\":\"https:\\\/\\\/kuzeyinsesi.org\\\/index.php\\\/author\\\/guven\\\/\"}]}<\/script>\n<!-- \/ Yoast SEO plugin. -->","yoast_head_json":{"title":"D\u00fcnya bu ay 82 dakikal\u0131k Kanl\u0131 Ay tutulmas\u0131na tan\u0131k olacak - Kuzeyin Sesi","robots":{"index":"index","follow":"follow","max-snippet":"max-snippet:-1","max-image-preview":"max-image-preview:large","max-video-preview":"max-video-preview:-1"},"canonical":"https:\/\/kuzeyinsesi.org\/index.php\/2025\/09\/04\/dunya-bu-ay-82-dakikalik-kanli-ay-tutulmasina-tanik-olacak\/","og_locale":"tr_TR","og_type":"article","og_title":"D\u00fcnya bu ay 82 dakikal\u0131k Kanl\u0131 Ay tutulmas\u0131na tan\u0131k olacak - Kuzeyin Sesi","og_description":"&#13; NASA verilerine g\u00f6re tutulma toplamda yakla\u015f\u0131k be\u015f bu\u00e7uk saat s\u00fcrecek. Ay\u2019\u0131n tamamen k\u0131z\u0131l renge b\u00fcr\u00fcnece\u011fi \u201ctam tutulma\u201d evresi ise 1 saat 22 dakika devam edecek. &#13; Bu, 2022\u2019den bu yana g\u00f6zlemlenecek en uzun tam Ay tutulmas\u0131 olacak. &#13; 6,2 milyar ki\u015fi tamamen g\u00f6rebilecek &#13; Olay, Avustralya, Asya, Afrika ve Avrupa\u2019dan izlenebilecek. D\u00fcnya n\u00fcfusunun b\u00fcy\u00fck [&hellip;]","og_url":"https:\/\/kuzeyinsesi.org\/index.php\/2025\/09\/04\/dunya-bu-ay-82-dakikalik-kanli-ay-tutulmasina-tanik-olacak\/","og_site_name":"Kuzeyin Sesi","article_publisher":"https:\/\/www.facebook.com\/kuzeyinsesii","article_published_time":"2025-09-03T22:44:23+00:00","og_image":[{"url":"https:\/\/trthaberstatic.cdn.wp.trt.com.tr\/resimler\/1836000\/kanli-ay-tutulmasi-a-1837858.jpg","type":"","width":"","height":""}],"author":"Kuzeyin Sesi","twitter_card":"summary_large_image","twitter_creator":"@kuzeyinsesii","twitter_site":"@kuzeyinsesii","twitter_misc":{"Yazan:":"Kuzeyin Sesi","Tahmini okuma s\u00fcresi":"1 dakika"},"schema":{"@context":"https:\/\/schema.org","@graph":[{"@type":"Article","@id":"https:\/\/kuzeyinsesi.org\/index.php\/2025\/09\/04\/dunya-bu-ay-82-dakikalik-kanli-ay-tutulmasina-tanik-olacak\/#article","isPartOf":{"@id":"https:\/\/kuzeyinsesi.org\/index.php\/2025\/09\/04\/dunya-bu-ay-82-dakikalik-kanli-ay-tutulmasina-tanik-olacak\/"},"author":{"name":"Kuzeyin Sesi","@id":"https:\/\/kuzeyinsesi.org\/#\/schema\/person\/9f859689cdf01485597712386e37f5aa"},"headline":"D\u00fcnya bu ay 82 dakikal\u0131k Kanl\u0131 Ay tutulmas\u0131na tan\u0131k olacak","datePublished":"2025-09-03T22:44:23+00:00","mainEntityOfPage":{"@id":"https:\/\/kuzeyinsesi.org\/index.php\/2025\/09\/04\/dunya-bu-ay-82-dakikalik-kanli-ay-tutulmasina-tanik-olacak\/"},"wordCount":310,"commentCount":0,"image":{"@id":"https:\/\/kuzeyinsesi.org\/index.php\/2025\/09\/04\/dunya-bu-ay-82-dakikalik-kanli-ay-tutulmasina-tanik-olacak\/#primaryimage"},"thumbnailUrl":"https:\/\/kuzeyinsesi.org\/wp-content\/uploads\/2025\/09\/kanli-ay-tutulmasi-a-1837858.jpg","articleSection":["D\u00fcnya"],"inLanguage":"tr","potentialAction":[{"@type":"CommentAction","name":"Comment","target":["https:\/\/kuzeyinsesi.org\/index.php\/2025\/09\/04\/dunya-bu-ay-82-dakikalik-kanli-ay-tutulmasina-tanik-olacak\/#respond"]}]},{"@type":"WebPage","@id":"https:\/\/kuzeyinsesi.org\/index.php\/2025\/09\/04\/dunya-bu-ay-82-dakikalik-kanli-ay-tutulmasina-tanik-olacak\/","url":"https:\/\/kuzeyinsesi.org\/index.php\/2025\/09\/04\/dunya-bu-ay-82-dakikalik-kanli-ay-tutulmasina-tanik-olacak\/","name":"D\u00fcnya bu ay 82 dakikal\u0131k Kanl\u0131 Ay tutulmas\u0131na tan\u0131k olacak - Kuzeyin Sesi","isPartOf":{"@id":"https:\/\/kuzeyinsesi.org\/#website"},"primaryImageOfPage":{"@id":"https:\/\/kuzeyinsesi.org\/index.php\/2025\/09\/04\/dunya-bu-ay-82-dakikalik-kanli-ay-tutulmasina-tanik-olacak\/#primaryimage"},"image":{"@id":"https:\/\/kuzeyinsesi.org\/index.php\/2025\/09\/04\/dunya-bu-ay-82-dakikalik-kanli-ay-tutulmasina-tanik-olacak\/#primaryimage"},"thumbnailUrl":"https:\/\/kuzeyinsesi.org\/wp-content\/uploads\/2025\/09\/kanli-ay-tutulmasi-a-1837858.jpg","datePublished":"2025-09-03T22:44:23+00:00","author":{"@id":"https:\/\/kuzeyinsesi.org\/#\/schema\/person\/9f859689cdf01485597712386e37f5aa"},"breadcrumb":{"@id":"https:\/\/kuzeyinsesi.org\/index.php\/2025\/09\/04\/dunya-bu-ay-82-dakikalik-kanli-ay-tutulmasina-tanik-olacak\/#breadcrumb"},"inLanguage":"tr","potentialAction":[{"@type":"ReadAction","target":["https:\/\/kuzeyinsesi.org\/index.php\/2025\/09\/04\/dunya-bu-ay-82-dakikalik-kanli-ay-tutulmasina-tanik-olacak\/"]}]},{"@type":"ImageObject","inLanguage":"tr","@id":"https:\/\/kuzeyinsesi.org\/index.php\/2025\/09\/04\/dunya-bu-ay-82-dakikalik-kanli-ay-tutulmasina-tanik-olacak\/#primaryimage","url":"https:\/\/kuzeyinsesi.org\/wp-content\/uploads\/2025\/09\/kanli-ay-tutulmasi-a-1837858.jpg","contentUrl":"https:\/\/kuzeyinsesi.org\/wp-content\/uploads\/2025\/09\/kanli-ay-tutulmasi-a-1837858.jpg","width":1280,"height":720},{"@type":"BreadcrumbList","@id":"https:\/\/kuzeyinsesi.org\/index.php\/2025\/09\/04\/dunya-bu-ay-82-dakikalik-kanli-ay-tutulmasina-tanik-olacak\/#breadcrumb","itemListElement":[{"@type":"ListItem","position":1,"name":"Anasayfa","item":"https:\/\/kuzeyinsesi.org\/"},{"@type":"ListItem","position":2,"name":"D\u00fcnya bu ay 82 dakikal\u0131k Kanl\u0131 Ay tutulmas\u0131na tan\u0131k olacak"}]},{"@type":"WebSite","@id":"https:\/\/kuzeyinsesi.org\/#website","url":"https:\/\/kuzeyinsesi.org\/","name":"Kuzeyin Sesi","description":"Do\u011fru Haberin Adresi","potentialAction":[{"@type":"SearchAction","target":{"@type":"EntryPoint","urlTemplate":"https:\/\/kuzeyinsesi.org\/?s={search_term_string}"},"query-input":{"@type":"PropertyValueSpecification","valueRequired":true,"valueName":"search_term_string"}}],"inLanguage":"tr"},{"@type":"Person","@id":"https:\/\/kuzeyinsesi.org\/#\/schema\/person\/9f859689cdf01485597712386e37f5aa","name":"Kuzeyin Sesi","image":{"@type":"ImageObject","inLanguage":"tr","@id":"https:\/\/secure.gravatar.com\/avatar\/bab33852abfd8b282518d6ed81826833d77c3c882d9ab608add591ccace47a44?s=96&d=mm&r=g","url":"https:\/\/secure.gravatar.com\/avatar\/bab33852abfd8b282518d6ed81826833d77c3c882d9ab608add591ccace47a44?s=96&d=mm&r=g","contentUrl":"https:\/\/secure.gravatar.com\/avatar\/bab33852abfd8b282518d6ed81826833d77c3c882d9ab608add591ccace47a44?s=96&d=mm&r=g","caption":"Kuzeyin Sesi"},"sameAs":["https:\/\/kuzeyinsesi.org"],"url":"https:\/\/kuzeyinsesi.org\/index.php\/author\/guven\/"}]}},"_links":{"self":[{"href":"https:\/\/kuzeyinsesi.org\/index.php\/wp-json\/wp\/v2\/posts\/31156","targetHints":{"allow":["GET"]}}],"collection":[{"href":"https:\/\/kuzeyinsesi.org\/index.php\/wp-json\/wp\/v2\/posts"}],"about":[{"href":"https:\/\/kuzeyinsesi.org\/index.php\/wp-json\/wp\/v2\/types\/post"}],"author":[{"embeddable":true,"href":"https:\/\/kuzeyinsesi.org\/index.php\/wp-json\/wp\/v2\/users\/1"}],"replies":[{"embeddable":true,"href":"https:\/\/kuzeyinsesi.org\/index.php\/wp-json\/wp\/v2\/comments?post=31156"}],"version-history":[{"count":0,"href":"https:\/\/kuzeyinsesi.org\/index.php\/wp-json\/wp\/v2\/posts\/31156\/revisions"}],"wp:featuredmedia":[{"embeddable":true,"href":"https:\/\/kuzeyinsesi.org\/index.php\/wp-json\/wp\/v2\/media\/31157"}],"wp:attachment":[{"href":"https:\/\/kuzeyinsesi.org\/index.php\/wp-json\/wp\/v2\/media?parent=31156"}],"wp:term":[{"taxonomy":"category","embeddable":true,"href":"https:\/\/kuzeyinsesi.org\/index.php\/wp-json\/wp\/v2\/categories?post=31156"},{"taxonomy":"post_tag","embeddable":true,"href":"https:\/\/kuzeyinsesi.org\/index.php\/wp-json\/wp\/v2\/tags?post=31156"}],"curies":[{"name":"wp","href":"https:\/\/api.w.org\/{rel}","templated":true}]}}