{"id":31149,"date":"2025-09-04T00:11:25","date_gmt":"2025-09-03T21:11:25","guid":{"rendered":"https:\/\/kuzeyinsesi.org\/index.php\/2025\/09\/04\/putin-zelenskiyi-moskovada-gorusmeye-davet-etti\/"},"modified":"2025-09-04T00:11:25","modified_gmt":"2025-09-03T21:11:25","slug":"putin-zelenskiyi-moskovada-gorusmeye-davet-etti","status":"publish","type":"post","link":"https:\/\/kuzeyinsesi.org\/index.php\/2025\/09\/04\/putin-zelenskiyi-moskovada-gorusmeye-davet-etti\/","title":{"rendered":"Putin, Zelenski&#039;yi Moskova&#039;da g\u00f6r\u00fc\u015fmeye davet etti"},"content":{"rendered":"<p><\/p>\n<div>\n<p>&#13;<br \/>\n\tPutin, \u00c7in\u2019e ger\u00e7ekle\u015ftirdi\u011fi d\u00f6rt g\u00fcnl\u00fck ziyaretin ard\u0131ndan Pekin\u2019de Rus gazetecilerin sorular\u0131n\u0131 yan\u0131tlad\u0131.<\/p>\n<p>&#13;<br \/>\n\t\u00c7in\u2019le <a href=\"https:\/\/www.trthaber.com\/etiket\/rusya\/\" target=\"_blank\">Rusya<\/a> aras\u0131nda <a href=\"https:\/\/www.trthaber.com\/etiket\/dogal-gaz\/\" target=\"_blank\">do\u011fal gaz<\/a> ticaretine ili\u015fkin var\u0131lan anla\u015fmalara ili\u015fkin konu\u015fan Putin, \u201cRus gaz\u0131n\u0131n boru hatlar\u0131yla \u00c7in\u2019e sevkiyat\u0131 y\u0131ll\u0131k 100 milyar metrek\u00fcpe ula\u015fabilir. D\u00fcnyan\u0131n en b\u00fcy\u00fck <a href=\"https:\/\/www.trthaber.com\/etiket\/enerji\/\" target=\"_blank\">enerji<\/a> t\u00fcketicisi \u00c7in, piyasa form\u00fcl\u00fcne dayal\u0131 bir fiyattan do\u011fal gaz alacak ve ona da avantaj sa\u011flayacak.\u201d dedi.<\/p>\n<p>&#13;<br \/>\n\tZelenski ile g\u00f6r\u00fc\u015fmeyi hi\u00e7bir zaman reddetmedi\u011fini belirten Putin, <a href=\"https:\/\/www.trthaber.com\/etiket\/abd\/\" target=\"_blank\">ABD<\/a> Ba\u015fkan\u0131 Donald Trump\u2019\u0131n da kendisine b\u00f6yle bir g\u00f6r\u00fc\u015fmenin olas\u0131l\u0131\u011f\u0131n\u0131 sordu\u011funu ifade etti.<\/p>\n<p>&#13;<br \/>\n\tB\u00f6yle bir g\u00f6r\u00fc\u015fme i\u00e7in iyi bir haz\u0131rl\u0131k yap\u0131lmas\u0131 gerekti\u011fini vurgulayan Putin, \u201cE\u011fer Zelenski haz\u0131rsa Moskova\u2019ya gelsin ve bu g\u00f6r\u00fc\u015fme ger\u00e7ekle\u015fsin.\u201d \u015feklinde konu\u015ftu.<\/p>\n<p>&#13;<br \/>\n\tSa\u011fduyunun galip gelmesi halinde <a href=\"https:\/\/www.trthaber.com\/etiket\/ukrayna\/\" target=\"_blank\">Ukrayna<\/a> konusunda \u00e7\u00f6z\u00fcme ula\u015f\u0131labilece\u011fine i\u015faret eden Putin, &#8220;Trump y\u00f6netimi de \u00e7\u00f6z\u00fcm i\u00e7in samimi bir \u00e7aba g\u00f6steriyor. Bence t\u00fcnelin sonunda belli bir \u0131\u015f\u0131k g\u00f6r\u00fcnd\u00fc. Durumun nas\u0131l geli\u015fti\u011fini g\u00f6relim. Aksi takdirde, belirledi\u011fimiz g\u00f6revleri askeri yollarla \u00e7\u00f6zmek zorunda kalaca\u011f\u0131z.&#8221; dedi.<\/p>\n<h2>&#13;<br \/>\n\tUkrayna ile <a href=\"https:\/\/www.trthaber.com\/etiket\/istanbul\/\" target=\"_blank\">\u0130stanbul<\/a> m\u00fczakereleri<\/h2>\n<p>&#13;<br \/>\n\tUkrayna\u2019n\u0131n NATO&#8217;ya girmesine kar\u015f\u0131 olduklar\u0131n\u0131 yineleyen Putin, toprak takas\u0131 kar\u015f\u0131l\u0131\u011f\u0131nda Ukrayna\u2019ya g\u00fcvenlik garantisi sa\u011flamas\u0131na ili\u015fkin bir anla\u015fman\u0131n ise g\u00fcndemlerinde olmad\u0131\u011f\u0131n\u0131n alt\u0131n\u0131 \u00e7izdi.<\/p>\n<p>&#13;<br \/>\n\tPutin, Ukrayna\u2019daki toprak konusuyla ilgili referandum yap\u0131lmas\u0131 gerekti\u011fini belirterek, \u201cAncak s\u0131k\u0131y\u00f6netim kapsam\u0131nda referandum yap\u0131lamaz. Bu, referandum yapmak i\u00e7in s\u0131k\u0131y\u00f6netimin kald\u0131r\u0131lmas\u0131 gerekti\u011fi, bu yap\u0131l\u0131r yap\u0131lmaz da ba\u015fkanl\u0131k se\u00e7iminin yap\u0131lmas\u0131 gerekti\u011fi anlam\u0131na geliyor. Bu s\u00fcre\u00e7 sonsuza kadar b\u00f6yle s\u00fcrebilir.\u201d dedi.<\/p>\n<p>&#13;<br \/>\n\t\u0130stanbul&#8217;daki do\u011frudan m\u00fczakerelerde Rus heyetine ba\u015fkanl\u0131k yapan Vladimir Medinskiy\u2019nin \u00e7al\u0131\u015fmalar\u0131ndan memnuniyet duydu\u011funu kaydeden Putin, Ukrayna ile m\u00fczakerelerdeki Rus heyetinin seviyesini y\u00fckseltmeye haz\u0131r olduklar\u0131n\u0131 s\u00f6yledi.<\/p>\n<p>&#13;<br \/>\n\t<a href=\"https:\/\/www.trthaber.com\/etiket\/azerbaycan\/\" target=\"_blank\">Azerbaycan<\/a> Cumhurba\u015fkan\u0131 <a href=\"https:\/\/www.trthaber.com\/etiket\/ilham-aliyev\/\" target=\"_blank\">\u0130lham Aliyev<\/a> ile Pekin\u2019de kar\u015f\u0131la\u015fmalar\u0131na ili\u015fkin konu\u015fan Putin, \u201cAliyev ile selamla\u015ft\u0131m, e\u015fiyle selamla\u015ft\u0131m. Birka\u00e7 kelime konu\u015ftuk. Rusya ile Azerbaycan aras\u0131ndaki ili\u015fkilerde sorunlar var, ancak ili\u015fkileri geli\u015ftirme iste\u011fi her \u015feyi yerli yerine oturtacakt\u0131r.\u201d \u015feklinde konu\u015ftu.<\/p>\n<\/p><\/div>\n","protected":false},"excerpt":{"rendered":"<p>&#13; Putin, \u00c7in\u2019e ger\u00e7ekle\u015ftirdi\u011fi d\u00f6rt g\u00fcnl\u00fck ziyaretin ard\u0131ndan Pekin\u2019de Rus gazetecilerin sorular\u0131n\u0131 yan\u0131tlad\u0131. &#13; \u00c7in\u2019le Rusya aras\u0131nda do\u011fal gaz ticaretine ili\u015fkin var\u0131lan anla\u015fmalara ili\u015fkin konu\u015fan Putin, \u201cRus gaz\u0131n\u0131n boru hatlar\u0131yla \u00c7in\u2019e sevkiyat\u0131 y\u0131ll\u0131k 100 milyar metrek\u00fcpe ula\u015fabilir. D\u00fcnyan\u0131n en b\u00fcy\u00fck enerji t\u00fcketicisi \u00c7in, piyasa form\u00fcl\u00fcne dayal\u0131 bir fiyattan do\u011fal gaz alacak ve ona da avantaj [&hellip;]<\/p>\n","protected":false},"author":1,"featured_media":30893,"comment_status":"open","ping_status":"open","sticky":false,"template":"","format":"standard","meta":{"jnews-multi-image_gallery":[],"jnews_single_post":[],"jnews_primary_category":[],"jnews_social_meta":[],"jnews_override_counter":[],"footnotes":""},"categories":[2],"tags":[],"class_list":["post-31149","post","type-post","status-publish","format-standard","has-post-thumbnail","hentry","category-dunya"],"yoast_head":"<!-- This site is optimized with the Yoast SEO plugin v28.4 - https:\/\/yoast.com\/product\/yoast-seo-wordpress\/ -->\n<title>Putin, Zelenski&#039;yi Moskova&#039;da g\u00f6r\u00fc\u015fmeye davet etti - Kuzeyin Sesi<\/title>\n<meta name=\"robots\" content=\"index, follow, max-snippet:-1, max-image-preview:large, max-video-preview:-1\" \/>\n<link rel=\"canonical\" href=\"https:\/\/kuzeyinsesi.org\/index.php\/2025\/09\/04\/putin-zelenskiyi-moskovada-gorusmeye-davet-etti\/\" \/>\n<meta property=\"og:locale\" content=\"tr_TR\" \/>\n<meta property=\"og:type\" content=\"article\" \/>\n<meta property=\"og:title\" content=\"Putin, Zelenski&#039;yi Moskova&#039;da g\u00f6r\u00fc\u015fmeye davet etti - Kuzeyin Sesi\" \/>\n<meta property=\"og:description\" content=\"&#013; Putin, \u00c7in\u2019e ger\u00e7ekle\u015ftirdi\u011fi d\u00f6rt g\u00fcnl\u00fck ziyaretin ard\u0131ndan Pekin\u2019de Rus gazetecilerin sorular\u0131n\u0131 yan\u0131tlad\u0131. &#013; \u00c7in\u2019le Rusya aras\u0131nda do\u011fal gaz ticaretine ili\u015fkin var\u0131lan anla\u015fmalara ili\u015fkin konu\u015fan Putin, \u201cRus gaz\u0131n\u0131n boru hatlar\u0131yla \u00c7in\u2019e sevkiyat\u0131 y\u0131ll\u0131k 100 milyar metrek\u00fcpe ula\u015fabilir. D\u00fcnyan\u0131n en b\u00fcy\u00fck enerji t\u00fcketicisi \u00c7in, piyasa form\u00fcl\u00fcne dayal\u0131 bir fiyattan do\u011fal gaz alacak ve ona da avantaj [&hellip;]\" \/>\n<meta property=\"og:url\" content=\"https:\/\/kuzeyinsesi.org\/index.php\/2025\/09\/04\/putin-zelenskiyi-moskovada-gorusmeye-davet-etti\/\" \/>\n<meta property=\"og:site_name\" content=\"Kuzeyin Sesi\" \/>\n<meta property=\"article:publisher\" content=\"https:\/\/www.facebook.com\/kuzeyinsesii\" \/>\n<meta property=\"article:published_time\" content=\"2025-09-03T21:11:25+00:00\" \/>\n<meta property=\"og:image\" content=\"https:\/\/trthaberstatic.cdn.wp.trt.com.tr\/resimler\/2314000\/putin-depo-2314884.jpg\" \/>\n<meta name=\"author\" content=\"Kuzeyin Sesi\" \/>\n<meta name=\"twitter:card\" content=\"summary_large_image\" \/>\n<meta name=\"twitter:creator\" content=\"@kuzeyinsesii\" \/>\n<meta name=\"twitter:site\" content=\"@kuzeyinsesii\" \/>\n<meta name=\"twitter:label1\" content=\"Yazan:\" \/>\n\t<meta name=\"twitter:data1\" content=\"Kuzeyin Sesi\" \/>\n\t<meta name=\"twitter:label2\" content=\"Tahmini okuma s\u00fcresi\" \/>\n\t<meta name=\"twitter:data2\" content=\"2 dakika\" \/>\n<script type=\"application\/ld+json\" class=\"yoast-schema-graph\">{\"@context\":\"https:\\\/\\\/schema.org\",\"@graph\":[{\"@type\":\"Article\",\"@id\":\"https:\\\/\\\/kuzeyinsesi.org\\\/index.php\\\/2025\\\/09\\\/04\\\/putin-zelenskiyi-moskovada-gorusmeye-davet-etti\\\/#article\",\"isPartOf\":{\"@id\":\"https:\\\/\\\/kuzeyinsesi.org\\\/index.php\\\/2025\\\/09\\\/04\\\/putin-zelenskiyi-moskovada-gorusmeye-davet-etti\\\/\"},\"author\":{\"name\":\"Kuzeyin Sesi\",\"@id\":\"https:\\\/\\\/kuzeyinsesi.org\\\/#\\\/schema\\\/person\\\/9f859689cdf01485597712386e37f5aa\"},\"headline\":\"Putin, Zelenski&#039;yi Moskova&#039;da g\u00f6r\u00fc\u015fmeye davet etti\",\"datePublished\":\"2025-09-03T21:11:25+00:00\",\"mainEntityOfPage\":{\"@id\":\"https:\\\/\\\/kuzeyinsesi.org\\\/index.php\\\/2025\\\/09\\\/04\\\/putin-zelenskiyi-moskovada-gorusmeye-davet-etti\\\/\"},\"wordCount\":434,\"commentCount\":0,\"image\":{\"@id\":\"https:\\\/\\\/kuzeyinsesi.org\\\/index.php\\\/2025\\\/09\\\/04\\\/putin-zelenskiyi-moskovada-gorusmeye-davet-etti\\\/#primaryimage\"},\"thumbnailUrl\":\"https:\\\/\\\/kuzeyinsesi.org\\\/wp-content\\\/uploads\\\/2025\\\/08\\\/putin-depo-2314884.jpg\",\"articleSection\":[\"D\u00fcnya\"],\"inLanguage\":\"tr\",\"potentialAction\":[{\"@type\":\"CommentAction\",\"name\":\"Comment\",\"target\":[\"https:\\\/\\\/kuzeyinsesi.org\\\/index.php\\\/2025\\\/09\\\/04\\\/putin-zelenskiyi-moskovada-gorusmeye-davet-etti\\\/#respond\"]}]},{\"@type\":\"WebPage\",\"@id\":\"https:\\\/\\\/kuzeyinsesi.org\\\/index.php\\\/2025\\\/09\\\/04\\\/putin-zelenskiyi-moskovada-gorusmeye-davet-etti\\\/\",\"url\":\"https:\\\/\\\/kuzeyinsesi.org\\\/index.php\\\/2025\\\/09\\\/04\\\/putin-zelenskiyi-moskovada-gorusmeye-davet-etti\\\/\",\"name\":\"Putin, Zelenski&#039;yi Moskova&#039;da g\u00f6r\u00fc\u015fmeye davet etti - Kuzeyin Sesi\",\"isPartOf\":{\"@id\":\"https:\\\/\\\/kuzeyinsesi.org\\\/#website\"},\"primaryImageOfPage\":{\"@id\":\"https:\\\/\\\/kuzeyinsesi.org\\\/index.php\\\/2025\\\/09\\\/04\\\/putin-zelenskiyi-moskovada-gorusmeye-davet-etti\\\/#primaryimage\"},\"image\":{\"@id\":\"https:\\\/\\\/kuzeyinsesi.org\\\/index.php\\\/2025\\\/09\\\/04\\\/putin-zelenskiyi-moskovada-gorusmeye-davet-etti\\\/#primaryimage\"},\"thumbnailUrl\":\"https:\\\/\\\/kuzeyinsesi.org\\\/wp-content\\\/uploads\\\/2025\\\/08\\\/putin-depo-2314884.jpg\",\"datePublished\":\"2025-09-03T21:11:25+00:00\",\"author\":{\"@id\":\"https:\\\/\\\/kuzeyinsesi.org\\\/#\\\/schema\\\/person\\\/9f859689cdf01485597712386e37f5aa\"},\"breadcrumb\":{\"@id\":\"https:\\\/\\\/kuzeyinsesi.org\\\/index.php\\\/2025\\\/09\\\/04\\\/putin-zelenskiyi-moskovada-gorusmeye-davet-etti\\\/#breadcrumb\"},\"inLanguage\":\"tr\",\"potentialAction\":[{\"@type\":\"ReadAction\",\"target\":[\"https:\\\/\\\/kuzeyinsesi.org\\\/index.php\\\/2025\\\/09\\\/04\\\/putin-zelenskiyi-moskovada-gorusmeye-davet-etti\\\/\"]}]},{\"@type\":\"ImageObject\",\"inLanguage\":\"tr\",\"@id\":\"https:\\\/\\\/kuzeyinsesi.org\\\/index.php\\\/2025\\\/09\\\/04\\\/putin-zelenskiyi-moskovada-gorusmeye-davet-etti\\\/#primaryimage\",\"url\":\"https:\\\/\\\/kuzeyinsesi.org\\\/wp-content\\\/uploads\\\/2025\\\/08\\\/putin-depo-2314884.jpg\",\"contentUrl\":\"https:\\\/\\\/kuzeyinsesi.org\\\/wp-content\\\/uploads\\\/2025\\\/08\\\/putin-depo-2314884.jpg\",\"width\":1280,\"height\":720},{\"@type\":\"BreadcrumbList\",\"@id\":\"https:\\\/\\\/kuzeyinsesi.org\\\/index.php\\\/2025\\\/09\\\/04\\\/putin-zelenskiyi-moskovada-gorusmeye-davet-etti\\\/#breadcrumb\",\"itemListElement\":[{\"@type\":\"ListItem\",\"position\":1,\"name\":\"Anasayfa\",\"item\":\"https:\\\/\\\/kuzeyinsesi.org\\\/\"},{\"@type\":\"ListItem\",\"position\":2,\"name\":\"Putin, Zelenski&#039;yi Moskova&#039;da g\u00f6r\u00fc\u015fmeye davet etti\"}]},{\"@type\":\"WebSite\",\"@id\":\"https:\\\/\\\/kuzeyinsesi.org\\\/#website\",\"url\":\"https:\\\/\\\/kuzeyinsesi.org\\\/\",\"name\":\"Kuzeyin Sesi\",\"description\":\"Do\u011fru Haberin Adresi\",\"potentialAction\":[{\"@type\":\"SearchAction\",\"target\":{\"@type\":\"EntryPoint\",\"urlTemplate\":\"https:\\\/\\\/kuzeyinsesi.org\\\/?s={search_term_string}\"},\"query-input\":{\"@type\":\"PropertyValueSpecification\",\"valueRequired\":true,\"valueName\":\"search_term_string\"}}],\"inLanguage\":\"tr\"},{\"@type\":\"Person\",\"@id\":\"https:\\\/\\\/kuzeyinsesi.org\\\/#\\\/schema\\\/person\\\/9f859689cdf01485597712386e37f5aa\",\"name\":\"Kuzeyin Sesi\",\"image\":{\"@type\":\"ImageObject\",\"inLanguage\":\"tr\",\"@id\":\"https:\\\/\\\/secure.gravatar.com\\\/avatar\\\/bab33852abfd8b282518d6ed81826833d77c3c882d9ab608add591ccace47a44?s=96&d=mm&r=g\",\"url\":\"https:\\\/\\\/secure.gravatar.com\\\/avatar\\\/bab33852abfd8b282518d6ed81826833d77c3c882d9ab608add591ccace47a44?s=96&d=mm&r=g\",\"contentUrl\":\"https:\\\/\\\/secure.gravatar.com\\\/avatar\\\/bab33852abfd8b282518d6ed81826833d77c3c882d9ab608add591ccace47a44?s=96&d=mm&r=g\",\"caption\":\"Kuzeyin Sesi\"},\"sameAs\":[\"https:\\\/\\\/kuzeyinsesi.org\"],\"url\":\"https:\\\/\\\/kuzeyinsesi.org\\\/index.php\\\/author\\\/guven\\\/\"}]}<\/script>\n<!-- \/ Yoast SEO plugin. -->","yoast_head_json":{"title":"Putin, Zelenski&#039;yi Moskova&#039;da g\u00f6r\u00fc\u015fmeye davet etti - Kuzeyin Sesi","robots":{"index":"index","follow":"follow","max-snippet":"max-snippet:-1","max-image-preview":"max-image-preview:large","max-video-preview":"max-video-preview:-1"},"canonical":"https:\/\/kuzeyinsesi.org\/index.php\/2025\/09\/04\/putin-zelenskiyi-moskovada-gorusmeye-davet-etti\/","og_locale":"tr_TR","og_type":"article","og_title":"Putin, Zelenski&#039;yi Moskova&#039;da g\u00f6r\u00fc\u015fmeye davet etti - Kuzeyin Sesi","og_description":"&#13; Putin, \u00c7in\u2019e ger\u00e7ekle\u015ftirdi\u011fi d\u00f6rt g\u00fcnl\u00fck ziyaretin ard\u0131ndan Pekin\u2019de Rus gazetecilerin sorular\u0131n\u0131 yan\u0131tlad\u0131. &#13; \u00c7in\u2019le Rusya aras\u0131nda do\u011fal gaz ticaretine ili\u015fkin var\u0131lan anla\u015fmalara ili\u015fkin konu\u015fan Putin, \u201cRus gaz\u0131n\u0131n boru hatlar\u0131yla \u00c7in\u2019e sevkiyat\u0131 y\u0131ll\u0131k 100 milyar metrek\u00fcpe ula\u015fabilir. D\u00fcnyan\u0131n en b\u00fcy\u00fck enerji t\u00fcketicisi \u00c7in, piyasa form\u00fcl\u00fcne dayal\u0131 bir fiyattan do\u011fal gaz alacak ve ona da avantaj [&hellip;]","og_url":"https:\/\/kuzeyinsesi.org\/index.php\/2025\/09\/04\/putin-zelenskiyi-moskovada-gorusmeye-davet-etti\/","og_site_name":"Kuzeyin Sesi","article_publisher":"https:\/\/www.facebook.com\/kuzeyinsesii","article_published_time":"2025-09-03T21:11:25+00:00","og_image":[{"url":"https:\/\/trthaberstatic.cdn.wp.trt.com.tr\/resimler\/2314000\/putin-depo-2314884.jpg","type":"","width":"","height":""}],"author":"Kuzeyin Sesi","twitter_card":"summary_large_image","twitter_creator":"@kuzeyinsesii","twitter_site":"@kuzeyinsesii","twitter_misc":{"Yazan:":"Kuzeyin Sesi","Tahmini okuma s\u00fcresi":"2 dakika"},"schema":{"@context":"https:\/\/schema.org","@graph":[{"@type":"Article","@id":"https:\/\/kuzeyinsesi.org\/index.php\/2025\/09\/04\/putin-zelenskiyi-moskovada-gorusmeye-davet-etti\/#article","isPartOf":{"@id":"https:\/\/kuzeyinsesi.org\/index.php\/2025\/09\/04\/putin-zelenskiyi-moskovada-gorusmeye-davet-etti\/"},"author":{"name":"Kuzeyin Sesi","@id":"https:\/\/kuzeyinsesi.org\/#\/schema\/person\/9f859689cdf01485597712386e37f5aa"},"headline":"Putin, Zelenski&#039;yi Moskova&#039;da g\u00f6r\u00fc\u015fmeye davet etti","datePublished":"2025-09-03T21:11:25+00:00","mainEntityOfPage":{"@id":"https:\/\/kuzeyinsesi.org\/index.php\/2025\/09\/04\/putin-zelenskiyi-moskovada-gorusmeye-davet-etti\/"},"wordCount":434,"commentCount":0,"image":{"@id":"https:\/\/kuzeyinsesi.org\/index.php\/2025\/09\/04\/putin-zelenskiyi-moskovada-gorusmeye-davet-etti\/#primaryimage"},"thumbnailUrl":"https:\/\/kuzeyinsesi.org\/wp-content\/uploads\/2025\/08\/putin-depo-2314884.jpg","articleSection":["D\u00fcnya"],"inLanguage":"tr","potentialAction":[{"@type":"CommentAction","name":"Comment","target":["https:\/\/kuzeyinsesi.org\/index.php\/2025\/09\/04\/putin-zelenskiyi-moskovada-gorusmeye-davet-etti\/#respond"]}]},{"@type":"WebPage","@id":"https:\/\/kuzeyinsesi.org\/index.php\/2025\/09\/04\/putin-zelenskiyi-moskovada-gorusmeye-davet-etti\/","url":"https:\/\/kuzeyinsesi.org\/index.php\/2025\/09\/04\/putin-zelenskiyi-moskovada-gorusmeye-davet-etti\/","name":"Putin, Zelenski&#039;yi Moskova&#039;da g\u00f6r\u00fc\u015fmeye davet etti - Kuzeyin Sesi","isPartOf":{"@id":"https:\/\/kuzeyinsesi.org\/#website"},"primaryImageOfPage":{"@id":"https:\/\/kuzeyinsesi.org\/index.php\/2025\/09\/04\/putin-zelenskiyi-moskovada-gorusmeye-davet-etti\/#primaryimage"},"image":{"@id":"https:\/\/kuzeyinsesi.org\/index.php\/2025\/09\/04\/putin-zelenskiyi-moskovada-gorusmeye-davet-etti\/#primaryimage"},"thumbnailUrl":"https:\/\/kuzeyinsesi.org\/wp-content\/uploads\/2025\/08\/putin-depo-2314884.jpg","datePublished":"2025-09-03T21:11:25+00:00","author":{"@id":"https:\/\/kuzeyinsesi.org\/#\/schema\/person\/9f859689cdf01485597712386e37f5aa"},"breadcrumb":{"@id":"https:\/\/kuzeyinsesi.org\/index.php\/2025\/09\/04\/putin-zelenskiyi-moskovada-gorusmeye-davet-etti\/#breadcrumb"},"inLanguage":"tr","potentialAction":[{"@type":"ReadAction","target":["https:\/\/kuzeyinsesi.org\/index.php\/2025\/09\/04\/putin-zelenskiyi-moskovada-gorusmeye-davet-etti\/"]}]},{"@type":"ImageObject","inLanguage":"tr","@id":"https:\/\/kuzeyinsesi.org\/index.php\/2025\/09\/04\/putin-zelenskiyi-moskovada-gorusmeye-davet-etti\/#primaryimage","url":"https:\/\/kuzeyinsesi.org\/wp-content\/uploads\/2025\/08\/putin-depo-2314884.jpg","contentUrl":"https:\/\/kuzeyinsesi.org\/wp-content\/uploads\/2025\/08\/putin-depo-2314884.jpg","width":1280,"height":720},{"@type":"BreadcrumbList","@id":"https:\/\/kuzeyinsesi.org\/index.php\/2025\/09\/04\/putin-zelenskiyi-moskovada-gorusmeye-davet-etti\/#breadcrumb","itemListElement":[{"@type":"ListItem","position":1,"name":"Anasayfa","item":"https:\/\/kuzeyinsesi.org\/"},{"@type":"ListItem","position":2,"name":"Putin, Zelenski&#039;yi Moskova&#039;da g\u00f6r\u00fc\u015fmeye davet etti"}]},{"@type":"WebSite","@id":"https:\/\/kuzeyinsesi.org\/#website","url":"https:\/\/kuzeyinsesi.org\/","name":"Kuzeyin Sesi","description":"Do\u011fru Haberin Adresi","potentialAction":[{"@type":"SearchAction","target":{"@type":"EntryPoint","urlTemplate":"https:\/\/kuzeyinsesi.org\/?s={search_term_string}"},"query-input":{"@type":"PropertyValueSpecification","valueRequired":true,"valueName":"search_term_string"}}],"inLanguage":"tr"},{"@type":"Person","@id":"https:\/\/kuzeyinsesi.org\/#\/schema\/person\/9f859689cdf01485597712386e37f5aa","name":"Kuzeyin Sesi","image":{"@type":"ImageObject","inLanguage":"tr","@id":"https:\/\/secure.gravatar.com\/avatar\/bab33852abfd8b282518d6ed81826833d77c3c882d9ab608add591ccace47a44?s=96&d=mm&r=g","url":"https:\/\/secure.gravatar.com\/avatar\/bab33852abfd8b282518d6ed81826833d77c3c882d9ab608add591ccace47a44?s=96&d=mm&r=g","contentUrl":"https:\/\/secure.gravatar.com\/avatar\/bab33852abfd8b282518d6ed81826833d77c3c882d9ab608add591ccace47a44?s=96&d=mm&r=g","caption":"Kuzeyin Sesi"},"sameAs":["https:\/\/kuzeyinsesi.org"],"url":"https:\/\/kuzeyinsesi.org\/index.php\/author\/guven\/"}]}},"_links":{"self":[{"href":"https:\/\/kuzeyinsesi.org\/index.php\/wp-json\/wp\/v2\/posts\/31149","targetHints":{"allow":["GET"]}}],"collection":[{"href":"https:\/\/kuzeyinsesi.org\/index.php\/wp-json\/wp\/v2\/posts"}],"about":[{"href":"https:\/\/kuzeyinsesi.org\/index.php\/wp-json\/wp\/v2\/types\/post"}],"author":[{"embeddable":true,"href":"https:\/\/kuzeyinsesi.org\/index.php\/wp-json\/wp\/v2\/users\/1"}],"replies":[{"embeddable":true,"href":"https:\/\/kuzeyinsesi.org\/index.php\/wp-json\/wp\/v2\/comments?post=31149"}],"version-history":[{"count":0,"href":"https:\/\/kuzeyinsesi.org\/index.php\/wp-json\/wp\/v2\/posts\/31149\/revisions"}],"wp:featuredmedia":[{"embeddable":true,"href":"https:\/\/kuzeyinsesi.org\/index.php\/wp-json\/wp\/v2\/media\/30893"}],"wp:attachment":[{"href":"https:\/\/kuzeyinsesi.org\/index.php\/wp-json\/wp\/v2\/media?parent=31149"}],"wp:term":[{"taxonomy":"category","embeddable":true,"href":"https:\/\/kuzeyinsesi.org\/index.php\/wp-json\/wp\/v2\/categories?post=31149"},{"taxonomy":"post_tag","embeddable":true,"href":"https:\/\/kuzeyinsesi.org\/index.php\/wp-json\/wp\/v2\/tags?post=31149"}],"curies":[{"name":"wp","href":"https:\/\/api.w.org\/{rel}","templated":true}]}}