{"id":31144,"date":"2025-09-03T22:38:25","date_gmt":"2025-09-03T19:38:25","guid":{"rendered":"https:\/\/kuzeyinsesi.org\/index.php\/2025\/09\/03\/kassam-tugaylari-gazzede-israile-karsi-musanin-asasi-operasyonunu-baslatti\/"},"modified":"2025-09-03T22:38:25","modified_gmt":"2025-09-03T19:38:25","slug":"kassam-tugaylari-gazzede-israile-karsi-musanin-asasi-operasyonunu-baslatti","status":"publish","type":"post","link":"https:\/\/kuzeyinsesi.org\/index.php\/2025\/09\/03\/kassam-tugaylari-gazzede-israile-karsi-musanin-asasi-operasyonunu-baslatti\/","title":{"rendered":"Kassam Tugaylar\u0131, Gazze&#039;de \u0130srail&#039;e kar\u015f\u0131 Musa&#039;n\u0131n Asas\u0131 Operasyonunu ba\u015flatt\u0131"},"content":{"rendered":"<p><\/p>\n<div>\n<p>&#13;<br \/>\n\tKassam Tugaylar\u0131, <a href=\"https:\/\/www.trthaber.com\/etiket\/telegram\/\" target=\"_blank\">Telegram<\/a> sayfas\u0131ndan yay\u0131mlad\u0131\u011f\u0131 bir videoda, sava\u015f\u00e7\u0131lar\u0131n\u0131n <a href=\"https:\/\/www.trthaber.com\/etiket\/gazze\/\" target=\"_blank\">Gazze<\/a> \u015eeridi&#8217;nin kuzeyindeki Cibaliya kentinde <a href=\"https:\/\/www.trthaber.com\/etiket\/israil\/\" target=\"_blank\">\u0130srail<\/a> ordusuna ait ara\u00e7lar\u0131 &#8220;Musa&#8217;n\u0131n Asas\u0131 Operasyonu&#8221; \u00e7er\u00e7evesinde hedef ald\u0131\u011f\u0131n\u0131 duyurdu.<\/p>\n<p>&#13;<br \/>\n\tYay\u0131mlanan g\u00f6r\u00fcnt\u00fcde, Kassam Tugaylar\u0131, \u0130srail&#8217;in &#8220;Gideon&#8217;un <a href=\"https:\/\/www.trthaber.com\/etiket\/savas\/\" target=\"_blank\">Sava\u015f<\/a> Arabalar\u0131 2&#8243; operasyonuna kar\u015f\u0131 &#8220;Musa&#8217;n\u0131n Asas\u0131 Operasyonu&#8221;nu ba\u015flatt\u0131klar\u0131n\u0131 a\u00e7\u0131klad\u0131.<\/p>\n<p>&#13;<br \/>\n\tG\u00f6r\u00fcnt\u00fclerde, Kassam sava\u015f\u00e7\u0131lar\u0131n\u0131n \u0130srail askerlerini ta\u015f\u0131yan bir araca y\u00f6nelik bomba yerle\u015ftirdi\u011fi, ard\u0131ndan patlat\u0131ld\u0131\u011f\u0131 ve akabinde antitank roketleriyle \u0130srail tanklar\u0131n\u0131n hedef al\u0131nd\u0131\u011f\u0131n\u0131 g\u00f6steren sahneler yer ald\u0131.<\/p>\n<p>&#13;<br \/>\n\tKassam a\u00e7\u0131klamas\u0131nda, operasyonda \u0130srail ordusuna ait ara\u00e7lar\u0131n &#8220;Yasin&#8221; roketleri ve otomatik silahlarla hedef al\u0131nd\u0131\u011f\u0131 bilgilerine yer verildi.<\/p>\n<p>&#13;<br \/>\n\tKassam, s\u00f6z konusu operasyon sonucunda \u0130srail askerlerinden \u00f6len ya da yaralananlara ili\u015fkin bilgi vermedi.<\/p>\n<p>&#13;<br \/>\n\t\u0130srail <a href=\"https:\/\/www.trthaber.com\/etiket\/genelkurmay\/\" target=\"_blank\">Genelkurmay<\/a> Ba\u015fkan\u0131 Eyal Zamir, bug\u00fcn Gazze \u015eehri&#8217;ni ku\u015fat\u0131p Filistinlileri b\u00f6lgeden uzakla\u015ft\u0131rd\u0131ktan sonra tamam\u0131n\u0131 i\u015fgal etmeyi ama\u00e7layan \u200b\u200b\u200b\u200b\u200b\u200b\u200b&#8221;Gideon&#8217;un Sava\u015f Arabalar\u0131 2&#8243; adl\u0131 operasyonun resmen ba\u015flat\u0131ld\u0131\u011f\u0131n\u0131 duyurdu.<\/p>\n<p>&#13;<br \/>\n\t\u0130srail ordusu, yakla\u015f\u0131k 4 haftad\u0131r Gazze kentinde devasa y\u0131k\u0131mlar yaparken, b\u00f6lgedeki Filistinlere y\u00f6nelik binden fazla ki\u015finin \u00f6l\u00fcm\u00fcne ve binlercesinin de yaralanmas\u0131na sebep olan geni\u015f \u00e7apl\u0131 sald\u0131r\u0131lar ve bombard\u0131manlar ger\u00e7ekle\u015ftiriyor.<\/p>\n<\/p><\/div>\n","protected":false},"excerpt":{"rendered":"<p>&#13; Kassam Tugaylar\u0131, Telegram sayfas\u0131ndan yay\u0131mlad\u0131\u011f\u0131 bir videoda, sava\u015f\u00e7\u0131lar\u0131n\u0131n Gazze \u015eeridi&#8217;nin kuzeyindeki Cibaliya kentinde \u0130srail ordusuna ait ara\u00e7lar\u0131 &#8220;Musa&#8217;n\u0131n Asas\u0131 Operasyonu&#8221; \u00e7er\u00e7evesinde hedef ald\u0131\u011f\u0131n\u0131 duyurdu. &#13; Yay\u0131mlanan g\u00f6r\u00fcnt\u00fcde, Kassam Tugaylar\u0131, \u0130srail&#8217;in &#8220;Gideon&#8217;un Sava\u015f Arabalar\u0131 2&#8243; operasyonuna kar\u015f\u0131 &#8220;Musa&#8217;n\u0131n Asas\u0131 Operasyonu&#8221;nu ba\u015flatt\u0131klar\u0131n\u0131 a\u00e7\u0131klad\u0131. &#13; G\u00f6r\u00fcnt\u00fclerde, Kassam sava\u015f\u00e7\u0131lar\u0131n\u0131n \u0130srail askerlerini ta\u015f\u0131yan bir araca y\u00f6nelik bomba yerle\u015ftirdi\u011fi, ard\u0131ndan [&hellip;]<\/p>\n","protected":false},"author":1,"featured_media":31145,"comment_status":"open","ping_status":"open","sticky":false,"template":"","format":"standard","meta":{"jnews-multi-image_gallery":[],"jnews_single_post":[],"jnews_primary_category":[],"jnews_social_meta":[],"jnews_override_counter":[],"footnotes":""},"categories":[2],"tags":[],"class_list":["post-31144","post","type-post","status-publish","format-standard","has-post-thumbnail","hentry","category-dunya"],"yoast_head":"<!-- This site is optimized with the Yoast SEO plugin v28.4 - https:\/\/yoast.com\/product\/yoast-seo-wordpress\/ -->\n<title>Kassam Tugaylar\u0131, Gazze&#039;de \u0130srail&#039;e kar\u015f\u0131 Musa&#039;n\u0131n Asas\u0131 Operasyonunu ba\u015flatt\u0131 - Kuzeyin Sesi<\/title>\n<meta name=\"robots\" content=\"index, follow, max-snippet:-1, max-image-preview:large, max-video-preview:-1\" \/>\n<link rel=\"canonical\" href=\"https:\/\/kuzeyinsesi.org\/index.php\/2025\/09\/03\/kassam-tugaylari-gazzede-israile-karsi-musanin-asasi-operasyonunu-baslatti\/\" \/>\n<meta property=\"og:locale\" content=\"tr_TR\" \/>\n<meta property=\"og:type\" content=\"article\" \/>\n<meta property=\"og:title\" content=\"Kassam Tugaylar\u0131, Gazze&#039;de \u0130srail&#039;e kar\u015f\u0131 Musa&#039;n\u0131n Asas\u0131 Operasyonunu ba\u015flatt\u0131 - Kuzeyin Sesi\" \/>\n<meta property=\"og:description\" content=\"&#013; Kassam Tugaylar\u0131, Telegram sayfas\u0131ndan yay\u0131mlad\u0131\u011f\u0131 bir videoda, sava\u015f\u00e7\u0131lar\u0131n\u0131n Gazze \u015eeridi&#8217;nin kuzeyindeki Cibaliya kentinde \u0130srail ordusuna ait ara\u00e7lar\u0131 &#8220;Musa&#8217;n\u0131n Asas\u0131 Operasyonu&#8221; \u00e7er\u00e7evesinde hedef ald\u0131\u011f\u0131n\u0131 duyurdu. &#013; Yay\u0131mlanan g\u00f6r\u00fcnt\u00fcde, Kassam Tugaylar\u0131, \u0130srail&#8217;in &#8220;Gideon&#8217;un Sava\u015f Arabalar\u0131 2&#8243; operasyonuna kar\u015f\u0131 &#8220;Musa&#8217;n\u0131n Asas\u0131 Operasyonu&#8221;nu ba\u015flatt\u0131klar\u0131n\u0131 a\u00e7\u0131klad\u0131. &#013; G\u00f6r\u00fcnt\u00fclerde, Kassam sava\u015f\u00e7\u0131lar\u0131n\u0131n \u0130srail askerlerini ta\u015f\u0131yan bir araca y\u00f6nelik bomba yerle\u015ftirdi\u011fi, ard\u0131ndan [&hellip;]\" \/>\n<meta property=\"og:url\" content=\"https:\/\/kuzeyinsesi.org\/index.php\/2025\/09\/03\/kassam-tugaylari-gazzede-israile-karsi-musanin-asasi-operasyonunu-baslatti\/\" \/>\n<meta property=\"og:site_name\" content=\"Kuzeyin Sesi\" \/>\n<meta property=\"article:publisher\" content=\"https:\/\/www.facebook.com\/kuzeyinsesii\" \/>\n<meta property=\"article:published_time\" content=\"2025-09-03T19:38:25+00:00\" \/>\n<meta property=\"og:image\" content=\"https:\/\/trthaberstatic.cdn.wp.trt.com.tr\/resimler\/2358000\/kassam-aa-2359607.jpg\" \/>\n<meta name=\"author\" content=\"Kuzeyin Sesi\" \/>\n<meta name=\"twitter:card\" content=\"summary_large_image\" \/>\n<meta name=\"twitter:creator\" content=\"@kuzeyinsesii\" \/>\n<meta name=\"twitter:site\" content=\"@kuzeyinsesii\" \/>\n<meta name=\"twitter:label1\" content=\"Yazan:\" \/>\n\t<meta name=\"twitter:data1\" content=\"Kuzeyin Sesi\" \/>\n\t<meta name=\"twitter:label2\" content=\"Tahmini okuma s\u00fcresi\" \/>\n\t<meta name=\"twitter:data2\" content=\"1 dakika\" \/>\n<script type=\"application\/ld+json\" class=\"yoast-schema-graph\">{\"@context\":\"https:\\\/\\\/schema.org\",\"@graph\":[{\"@type\":\"Article\",\"@id\":\"https:\\\/\\\/kuzeyinsesi.org\\\/index.php\\\/2025\\\/09\\\/03\\\/kassam-tugaylari-gazzede-israile-karsi-musanin-asasi-operasyonunu-baslatti\\\/#article\",\"isPartOf\":{\"@id\":\"https:\\\/\\\/kuzeyinsesi.org\\\/index.php\\\/2025\\\/09\\\/03\\\/kassam-tugaylari-gazzede-israile-karsi-musanin-asasi-operasyonunu-baslatti\\\/\"},\"author\":{\"name\":\"Kuzeyin Sesi\",\"@id\":\"https:\\\/\\\/kuzeyinsesi.org\\\/#\\\/schema\\\/person\\\/9f859689cdf01485597712386e37f5aa\"},\"headline\":\"Kassam Tugaylar\u0131, Gazze&#039;de \u0130srail&#039;e kar\u015f\u0131 Musa&#039;n\u0131n Asas\u0131 Operasyonunu ba\u015flatt\u0131\",\"datePublished\":\"2025-09-03T19:38:25+00:00\",\"mainEntityOfPage\":{\"@id\":\"https:\\\/\\\/kuzeyinsesi.org\\\/index.php\\\/2025\\\/09\\\/03\\\/kassam-tugaylari-gazzede-israile-karsi-musanin-asasi-operasyonunu-baslatti\\\/\"},\"wordCount\":241,\"commentCount\":0,\"image\":{\"@id\":\"https:\\\/\\\/kuzeyinsesi.org\\\/index.php\\\/2025\\\/09\\\/03\\\/kassam-tugaylari-gazzede-israile-karsi-musanin-asasi-operasyonunu-baslatti\\\/#primaryimage\"},\"thumbnailUrl\":\"https:\\\/\\\/kuzeyinsesi.org\\\/wp-content\\\/uploads\\\/2025\\\/09\\\/kassam-aa-2359607.jpg\",\"articleSection\":[\"D\u00fcnya\"],\"inLanguage\":\"tr\",\"potentialAction\":[{\"@type\":\"CommentAction\",\"name\":\"Comment\",\"target\":[\"https:\\\/\\\/kuzeyinsesi.org\\\/index.php\\\/2025\\\/09\\\/03\\\/kassam-tugaylari-gazzede-israile-karsi-musanin-asasi-operasyonunu-baslatti\\\/#respond\"]}]},{\"@type\":\"WebPage\",\"@id\":\"https:\\\/\\\/kuzeyinsesi.org\\\/index.php\\\/2025\\\/09\\\/03\\\/kassam-tugaylari-gazzede-israile-karsi-musanin-asasi-operasyonunu-baslatti\\\/\",\"url\":\"https:\\\/\\\/kuzeyinsesi.org\\\/index.php\\\/2025\\\/09\\\/03\\\/kassam-tugaylari-gazzede-israile-karsi-musanin-asasi-operasyonunu-baslatti\\\/\",\"name\":\"Kassam Tugaylar\u0131, Gazze&#039;de \u0130srail&#039;e kar\u015f\u0131 Musa&#039;n\u0131n Asas\u0131 Operasyonunu ba\u015flatt\u0131 - Kuzeyin Sesi\",\"isPartOf\":{\"@id\":\"https:\\\/\\\/kuzeyinsesi.org\\\/#website\"},\"primaryImageOfPage\":{\"@id\":\"https:\\\/\\\/kuzeyinsesi.org\\\/index.php\\\/2025\\\/09\\\/03\\\/kassam-tugaylari-gazzede-israile-karsi-musanin-asasi-operasyonunu-baslatti\\\/#primaryimage\"},\"image\":{\"@id\":\"https:\\\/\\\/kuzeyinsesi.org\\\/index.php\\\/2025\\\/09\\\/03\\\/kassam-tugaylari-gazzede-israile-karsi-musanin-asasi-operasyonunu-baslatti\\\/#primaryimage\"},\"thumbnailUrl\":\"https:\\\/\\\/kuzeyinsesi.org\\\/wp-content\\\/uploads\\\/2025\\\/09\\\/kassam-aa-2359607.jpg\",\"datePublished\":\"2025-09-03T19:38:25+00:00\",\"author\":{\"@id\":\"https:\\\/\\\/kuzeyinsesi.org\\\/#\\\/schema\\\/person\\\/9f859689cdf01485597712386e37f5aa\"},\"breadcrumb\":{\"@id\":\"https:\\\/\\\/kuzeyinsesi.org\\\/index.php\\\/2025\\\/09\\\/03\\\/kassam-tugaylari-gazzede-israile-karsi-musanin-asasi-operasyonunu-baslatti\\\/#breadcrumb\"},\"inLanguage\":\"tr\",\"potentialAction\":[{\"@type\":\"ReadAction\",\"target\":[\"https:\\\/\\\/kuzeyinsesi.org\\\/index.php\\\/2025\\\/09\\\/03\\\/kassam-tugaylari-gazzede-israile-karsi-musanin-asasi-operasyonunu-baslatti\\\/\"]}]},{\"@type\":\"ImageObject\",\"inLanguage\":\"tr\",\"@id\":\"https:\\\/\\\/kuzeyinsesi.org\\\/index.php\\\/2025\\\/09\\\/03\\\/kassam-tugaylari-gazzede-israile-karsi-musanin-asasi-operasyonunu-baslatti\\\/#primaryimage\",\"url\":\"https:\\\/\\\/kuzeyinsesi.org\\\/wp-content\\\/uploads\\\/2025\\\/09\\\/kassam-aa-2359607.jpg\",\"contentUrl\":\"https:\\\/\\\/kuzeyinsesi.org\\\/wp-content\\\/uploads\\\/2025\\\/09\\\/kassam-aa-2359607.jpg\",\"width\":1280,\"height\":720},{\"@type\":\"BreadcrumbList\",\"@id\":\"https:\\\/\\\/kuzeyinsesi.org\\\/index.php\\\/2025\\\/09\\\/03\\\/kassam-tugaylari-gazzede-israile-karsi-musanin-asasi-operasyonunu-baslatti\\\/#breadcrumb\",\"itemListElement\":[{\"@type\":\"ListItem\",\"position\":1,\"name\":\"Anasayfa\",\"item\":\"https:\\\/\\\/kuzeyinsesi.org\\\/\"},{\"@type\":\"ListItem\",\"position\":2,\"name\":\"Kassam Tugaylar\u0131, Gazze&#039;de \u0130srail&#039;e kar\u015f\u0131 Musa&#039;n\u0131n Asas\u0131 Operasyonunu ba\u015flatt\u0131\"}]},{\"@type\":\"WebSite\",\"@id\":\"https:\\\/\\\/kuzeyinsesi.org\\\/#website\",\"url\":\"https:\\\/\\\/kuzeyinsesi.org\\\/\",\"name\":\"Kuzeyin Sesi\",\"description\":\"Do\u011fru Haberin Adresi\",\"potentialAction\":[{\"@type\":\"SearchAction\",\"target\":{\"@type\":\"EntryPoint\",\"urlTemplate\":\"https:\\\/\\\/kuzeyinsesi.org\\\/?s={search_term_string}\"},\"query-input\":{\"@type\":\"PropertyValueSpecification\",\"valueRequired\":true,\"valueName\":\"search_term_string\"}}],\"inLanguage\":\"tr\"},{\"@type\":\"Person\",\"@id\":\"https:\\\/\\\/kuzeyinsesi.org\\\/#\\\/schema\\\/person\\\/9f859689cdf01485597712386e37f5aa\",\"name\":\"Kuzeyin Sesi\",\"image\":{\"@type\":\"ImageObject\",\"inLanguage\":\"tr\",\"@id\":\"https:\\\/\\\/secure.gravatar.com\\\/avatar\\\/bab33852abfd8b282518d6ed81826833d77c3c882d9ab608add591ccace47a44?s=96&d=mm&r=g\",\"url\":\"https:\\\/\\\/secure.gravatar.com\\\/avatar\\\/bab33852abfd8b282518d6ed81826833d77c3c882d9ab608add591ccace47a44?s=96&d=mm&r=g\",\"contentUrl\":\"https:\\\/\\\/secure.gravatar.com\\\/avatar\\\/bab33852abfd8b282518d6ed81826833d77c3c882d9ab608add591ccace47a44?s=96&d=mm&r=g\",\"caption\":\"Kuzeyin Sesi\"},\"sameAs\":[\"https:\\\/\\\/kuzeyinsesi.org\"],\"url\":\"https:\\\/\\\/kuzeyinsesi.org\\\/index.php\\\/author\\\/guven\\\/\"}]}<\/script>\n<!-- \/ Yoast SEO plugin. -->","yoast_head_json":{"title":"Kassam Tugaylar\u0131, Gazze&#039;de \u0130srail&#039;e kar\u015f\u0131 Musa&#039;n\u0131n Asas\u0131 Operasyonunu ba\u015flatt\u0131 - Kuzeyin Sesi","robots":{"index":"index","follow":"follow","max-snippet":"max-snippet:-1","max-image-preview":"max-image-preview:large","max-video-preview":"max-video-preview:-1"},"canonical":"https:\/\/kuzeyinsesi.org\/index.php\/2025\/09\/03\/kassam-tugaylari-gazzede-israile-karsi-musanin-asasi-operasyonunu-baslatti\/","og_locale":"tr_TR","og_type":"article","og_title":"Kassam Tugaylar\u0131, Gazze&#039;de \u0130srail&#039;e kar\u015f\u0131 Musa&#039;n\u0131n Asas\u0131 Operasyonunu ba\u015flatt\u0131 - Kuzeyin Sesi","og_description":"&#13; Kassam Tugaylar\u0131, Telegram sayfas\u0131ndan yay\u0131mlad\u0131\u011f\u0131 bir videoda, sava\u015f\u00e7\u0131lar\u0131n\u0131n Gazze \u015eeridi&#8217;nin kuzeyindeki Cibaliya kentinde \u0130srail ordusuna ait ara\u00e7lar\u0131 &#8220;Musa&#8217;n\u0131n Asas\u0131 Operasyonu&#8221; \u00e7er\u00e7evesinde hedef ald\u0131\u011f\u0131n\u0131 duyurdu. &#13; Yay\u0131mlanan g\u00f6r\u00fcnt\u00fcde, Kassam Tugaylar\u0131, \u0130srail&#8217;in &#8220;Gideon&#8217;un Sava\u015f Arabalar\u0131 2&#8243; operasyonuna kar\u015f\u0131 &#8220;Musa&#8217;n\u0131n Asas\u0131 Operasyonu&#8221;nu ba\u015flatt\u0131klar\u0131n\u0131 a\u00e7\u0131klad\u0131. &#13; G\u00f6r\u00fcnt\u00fclerde, Kassam sava\u015f\u00e7\u0131lar\u0131n\u0131n \u0130srail askerlerini ta\u015f\u0131yan bir araca y\u00f6nelik bomba yerle\u015ftirdi\u011fi, ard\u0131ndan [&hellip;]","og_url":"https:\/\/kuzeyinsesi.org\/index.php\/2025\/09\/03\/kassam-tugaylari-gazzede-israile-karsi-musanin-asasi-operasyonunu-baslatti\/","og_site_name":"Kuzeyin Sesi","article_publisher":"https:\/\/www.facebook.com\/kuzeyinsesii","article_published_time":"2025-09-03T19:38:25+00:00","og_image":[{"url":"https:\/\/trthaberstatic.cdn.wp.trt.com.tr\/resimler\/2358000\/kassam-aa-2359607.jpg","type":"","width":"","height":""}],"author":"Kuzeyin Sesi","twitter_card":"summary_large_image","twitter_creator":"@kuzeyinsesii","twitter_site":"@kuzeyinsesii","twitter_misc":{"Yazan:":"Kuzeyin Sesi","Tahmini okuma s\u00fcresi":"1 dakika"},"schema":{"@context":"https:\/\/schema.org","@graph":[{"@type":"Article","@id":"https:\/\/kuzeyinsesi.org\/index.php\/2025\/09\/03\/kassam-tugaylari-gazzede-israile-karsi-musanin-asasi-operasyonunu-baslatti\/#article","isPartOf":{"@id":"https:\/\/kuzeyinsesi.org\/index.php\/2025\/09\/03\/kassam-tugaylari-gazzede-israile-karsi-musanin-asasi-operasyonunu-baslatti\/"},"author":{"name":"Kuzeyin Sesi","@id":"https:\/\/kuzeyinsesi.org\/#\/schema\/person\/9f859689cdf01485597712386e37f5aa"},"headline":"Kassam Tugaylar\u0131, Gazze&#039;de \u0130srail&#039;e kar\u015f\u0131 Musa&#039;n\u0131n Asas\u0131 Operasyonunu ba\u015flatt\u0131","datePublished":"2025-09-03T19:38:25+00:00","mainEntityOfPage":{"@id":"https:\/\/kuzeyinsesi.org\/index.php\/2025\/09\/03\/kassam-tugaylari-gazzede-israile-karsi-musanin-asasi-operasyonunu-baslatti\/"},"wordCount":241,"commentCount":0,"image":{"@id":"https:\/\/kuzeyinsesi.org\/index.php\/2025\/09\/03\/kassam-tugaylari-gazzede-israile-karsi-musanin-asasi-operasyonunu-baslatti\/#primaryimage"},"thumbnailUrl":"https:\/\/kuzeyinsesi.org\/wp-content\/uploads\/2025\/09\/kassam-aa-2359607.jpg","articleSection":["D\u00fcnya"],"inLanguage":"tr","potentialAction":[{"@type":"CommentAction","name":"Comment","target":["https:\/\/kuzeyinsesi.org\/index.php\/2025\/09\/03\/kassam-tugaylari-gazzede-israile-karsi-musanin-asasi-operasyonunu-baslatti\/#respond"]}]},{"@type":"WebPage","@id":"https:\/\/kuzeyinsesi.org\/index.php\/2025\/09\/03\/kassam-tugaylari-gazzede-israile-karsi-musanin-asasi-operasyonunu-baslatti\/","url":"https:\/\/kuzeyinsesi.org\/index.php\/2025\/09\/03\/kassam-tugaylari-gazzede-israile-karsi-musanin-asasi-operasyonunu-baslatti\/","name":"Kassam Tugaylar\u0131, Gazze&#039;de \u0130srail&#039;e kar\u015f\u0131 Musa&#039;n\u0131n Asas\u0131 Operasyonunu ba\u015flatt\u0131 - Kuzeyin Sesi","isPartOf":{"@id":"https:\/\/kuzeyinsesi.org\/#website"},"primaryImageOfPage":{"@id":"https:\/\/kuzeyinsesi.org\/index.php\/2025\/09\/03\/kassam-tugaylari-gazzede-israile-karsi-musanin-asasi-operasyonunu-baslatti\/#primaryimage"},"image":{"@id":"https:\/\/kuzeyinsesi.org\/index.php\/2025\/09\/03\/kassam-tugaylari-gazzede-israile-karsi-musanin-asasi-operasyonunu-baslatti\/#primaryimage"},"thumbnailUrl":"https:\/\/kuzeyinsesi.org\/wp-content\/uploads\/2025\/09\/kassam-aa-2359607.jpg","datePublished":"2025-09-03T19:38:25+00:00","author":{"@id":"https:\/\/kuzeyinsesi.org\/#\/schema\/person\/9f859689cdf01485597712386e37f5aa"},"breadcrumb":{"@id":"https:\/\/kuzeyinsesi.org\/index.php\/2025\/09\/03\/kassam-tugaylari-gazzede-israile-karsi-musanin-asasi-operasyonunu-baslatti\/#breadcrumb"},"inLanguage":"tr","potentialAction":[{"@type":"ReadAction","target":["https:\/\/kuzeyinsesi.org\/index.php\/2025\/09\/03\/kassam-tugaylari-gazzede-israile-karsi-musanin-asasi-operasyonunu-baslatti\/"]}]},{"@type":"ImageObject","inLanguage":"tr","@id":"https:\/\/kuzeyinsesi.org\/index.php\/2025\/09\/03\/kassam-tugaylari-gazzede-israile-karsi-musanin-asasi-operasyonunu-baslatti\/#primaryimage","url":"https:\/\/kuzeyinsesi.org\/wp-content\/uploads\/2025\/09\/kassam-aa-2359607.jpg","contentUrl":"https:\/\/kuzeyinsesi.org\/wp-content\/uploads\/2025\/09\/kassam-aa-2359607.jpg","width":1280,"height":720},{"@type":"BreadcrumbList","@id":"https:\/\/kuzeyinsesi.org\/index.php\/2025\/09\/03\/kassam-tugaylari-gazzede-israile-karsi-musanin-asasi-operasyonunu-baslatti\/#breadcrumb","itemListElement":[{"@type":"ListItem","position":1,"name":"Anasayfa","item":"https:\/\/kuzeyinsesi.org\/"},{"@type":"ListItem","position":2,"name":"Kassam Tugaylar\u0131, Gazze&#039;de \u0130srail&#039;e kar\u015f\u0131 Musa&#039;n\u0131n Asas\u0131 Operasyonunu ba\u015flatt\u0131"}]},{"@type":"WebSite","@id":"https:\/\/kuzeyinsesi.org\/#website","url":"https:\/\/kuzeyinsesi.org\/","name":"Kuzeyin Sesi","description":"Do\u011fru Haberin Adresi","potentialAction":[{"@type":"SearchAction","target":{"@type":"EntryPoint","urlTemplate":"https:\/\/kuzeyinsesi.org\/?s={search_term_string}"},"query-input":{"@type":"PropertyValueSpecification","valueRequired":true,"valueName":"search_term_string"}}],"inLanguage":"tr"},{"@type":"Person","@id":"https:\/\/kuzeyinsesi.org\/#\/schema\/person\/9f859689cdf01485597712386e37f5aa","name":"Kuzeyin Sesi","image":{"@type":"ImageObject","inLanguage":"tr","@id":"https:\/\/secure.gravatar.com\/avatar\/bab33852abfd8b282518d6ed81826833d77c3c882d9ab608add591ccace47a44?s=96&d=mm&r=g","url":"https:\/\/secure.gravatar.com\/avatar\/bab33852abfd8b282518d6ed81826833d77c3c882d9ab608add591ccace47a44?s=96&d=mm&r=g","contentUrl":"https:\/\/secure.gravatar.com\/avatar\/bab33852abfd8b282518d6ed81826833d77c3c882d9ab608add591ccace47a44?s=96&d=mm&r=g","caption":"Kuzeyin Sesi"},"sameAs":["https:\/\/kuzeyinsesi.org"],"url":"https:\/\/kuzeyinsesi.org\/index.php\/author\/guven\/"}]}},"_links":{"self":[{"href":"https:\/\/kuzeyinsesi.org\/index.php\/wp-json\/wp\/v2\/posts\/31144","targetHints":{"allow":["GET"]}}],"collection":[{"href":"https:\/\/kuzeyinsesi.org\/index.php\/wp-json\/wp\/v2\/posts"}],"about":[{"href":"https:\/\/kuzeyinsesi.org\/index.php\/wp-json\/wp\/v2\/types\/post"}],"author":[{"embeddable":true,"href":"https:\/\/kuzeyinsesi.org\/index.php\/wp-json\/wp\/v2\/users\/1"}],"replies":[{"embeddable":true,"href":"https:\/\/kuzeyinsesi.org\/index.php\/wp-json\/wp\/v2\/comments?post=31144"}],"version-history":[{"count":0,"href":"https:\/\/kuzeyinsesi.org\/index.php\/wp-json\/wp\/v2\/posts\/31144\/revisions"}],"wp:featuredmedia":[{"embeddable":true,"href":"https:\/\/kuzeyinsesi.org\/index.php\/wp-json\/wp\/v2\/media\/31145"}],"wp:attachment":[{"href":"https:\/\/kuzeyinsesi.org\/index.php\/wp-json\/wp\/v2\/media?parent=31144"}],"wp:term":[{"taxonomy":"category","embeddable":true,"href":"https:\/\/kuzeyinsesi.org\/index.php\/wp-json\/wp\/v2\/categories?post=31144"},{"taxonomy":"post_tag","embeddable":true,"href":"https:\/\/kuzeyinsesi.org\/index.php\/wp-json\/wp\/v2\/tags?post=31144"}],"curies":[{"name":"wp","href":"https:\/\/api.w.org\/{rel}","templated":true}]}}