{"id":31137,"date":"2025-09-03T19:28:24","date_gmt":"2025-09-03T16:28:24","guid":{"rendered":"https:\/\/kuzeyinsesi.org\/index.php\/2025\/09\/03\/israilli-asker-gazze-saldirilari-nedeniyle-orduda-bir-intihar-dalgasinin-yasanacagini-soyledi\/"},"modified":"2025-09-03T19:28:24","modified_gmt":"2025-09-03T16:28:24","slug":"israilli-asker-gazze-saldirilari-nedeniyle-orduda-bir-intihar-dalgasinin-yasanacagini-soyledi","status":"publish","type":"post","link":"https:\/\/kuzeyinsesi.org\/index.php\/2025\/09\/03\/israilli-asker-gazze-saldirilari-nedeniyle-orduda-bir-intihar-dalgasinin-yasanacagini-soyledi\/","title":{"rendered":"\u0130srailli asker, Gazze sald\u0131r\u0131lar\u0131 nedeniyle orduda bir &quot;intihar dalgas\u0131n\u0131n&quot; ya\u015fanaca\u011f\u0131n\u0131 s\u00f6yledi"},"content":{"rendered":"<p><\/p>\n<div>\n<p>&#13;<br \/>\n\t<a href=\"https:\/\/www.trthaber.com\/etiket\/israil\/\" target=\"_blank\">\u0130srail<\/a> devlet televizyonu KAN\u2019\u0131n haberine g\u00f6re, \u0130srail Meclisi D\u0131\u015f \u0130li\u015fkiler ve Savunma Komisyonu&#8217;nun ultra-Ortodokslar\u0131n askere al\u0131nmas\u0131na ili\u015fkin d\u00fczenledi\u011fi oturum esnas\u0131nda <a href=\"https:\/\/www.trthaber.com\/etiket\/gazze\/\" target=\"_blank\">Gazze<\/a> \u015eeridi\u2019nde sald\u0131r\u0131lara kat\u0131lan bir asker, orduda g\u00f6zle g\u00f6r\u00fcl\u00fcr \u015fekilde artan intihar vakalar\u0131 hakk\u0131nda konu\u015ftu.<\/p>\n<p>&#13;<br \/>\n\tGolani Tugay\u0131&#8217;nda g\u00f6rev yapan asker, &#8220;21 ya\u015f\u0131nday\u0131m ve hayalim aln\u0131m\u0131n ortas\u0131ndan kur\u015fun yemek. Y\u00fcr\u00fcyen bir cesedim. \u0130ntihar etmeye \u00e7al\u0131\u015ft\u0131m, t\u00fcm ellerim kesik. Neden? Bu lanet \u00fclke i\u00e7in sava\u015ft\u0131m. Bana bir koruma sa\u011flamazsan\u0131z, \u0130srail&#8217;de intiharlar ya\u015fanacak.\u201d dedi.<\/p>\n<p>&#13;<br \/>\n\tGazze \u015eeridi\u2019ne sald\u0131r\u0131lar nedeniyle <a href=\"https:\/\/www.trthaber.com\/etiket\/savas\/\" target=\"_blank\">sava\u015f<\/a> sonras\u0131 \u0130srail toplumuna \u00e7ok say\u0131da \u201csava\u015fta yaralanm\u0131\u015f su\u00e7lu veya <a href=\"https:\/\/www.trthaber.com\/etiket\/uyusturucu\/\" target=\"_blank\">uyu\u015fturucu<\/a> ba\u011f\u0131ml\u0131s\u0131 eski askerin kat\u0131laca\u011f\u0131n\u0131&#8221; belirten eski asker, &#8220;23 arkada\u015f\u0131m\u0131 kaybettim, \u00fc\u00e7 g\u00fcn \u00f6nce bir asker intihar etti. G\u00f6zlerimin \u00f6n\u00fcnde cesetler g\u00f6r\u00fcyorum.\u201d dedi.<\/p>\n<p>&#13;<br \/>\n\t\u0130srailli askerin itiraflar\u0131n\u0131n ard\u0131ndan Demokratlar Partisi milletvekili Efrat Rayten-Marom ile Ba\u015fbakan Binyamin <a href=\"https:\/\/www.trthaber.com\/etiket\/netanyahu\/\" target=\"_blank\">Netanyahu<\/a> liderli\u011findeki Tali Gottlieb aras\u0131nda s\u00f6zl\u00fc tart\u0131\u015fma ya\u015fand\u0131.<\/p>\n<p>&#13;<br \/>\n\tMilletvekili Maron, &#8220;Askerlerin \u00e7\u0131\u011fl\u0131klar\u0131n\u0131 duydunuz, onlar\u0131n g\u00f6zlerinin i\u00e7ine nas\u0131l bakacaks\u0131n\u0131z?&#8221; ifadeleriyle Gottlieb&#8217;e seslenirken Likud milletvekili, &#8220;Rahatl\u0131kla!&#8221; cevab\u0131n\u0131 verdi.<\/p>\n<h2>&#13;<br \/>\n\t\u0130srail ordusundaki intihar vakalar\u0131nda ciddi art\u0131\u015f ya\u015fan\u0131yor<\/h2>\n<p>&#13;<br \/>\n\t\u0130srail ordusunun Gazze \u015eeridi\u2019ne sald\u0131r\u0131lar\u0131n\u0131 ba\u015flatt\u0131\u011f\u0131 7 Ekim 2023&#8217;ten sonra intihar vakalar\u0131nda g\u00f6zle g\u00f6r\u00fcl\u00fcr bir art\u0131\u015f ya\u015fand\u0131\u011f\u0131 g\u00f6r\u00fcl\u00fcyor.<\/p>\n<p>&#13;<br \/>\n\t\u0130srail ordusu i\u00e7inde 2021 y\u0131l\u0131nda 11 asker intihar ederken, bir sonraki y\u0131l bu say\u0131 14&#8217;e y\u00fckselmi\u015fti. \u0130srail&#8217;in Gazze \u015eeridi\u2019ni insani felakete s\u00fcr\u00fckledi\u011fi sald\u0131r\u0131lar\u0131n\u0131 ba\u015flatt\u0131\u011f\u0131 2023 y\u0131l\u0131nda ise intihar eden asker say\u0131s\u0131 17&#8217;ye \u00e7\u0131km\u0131\u015ft\u0131.<\/p>\n<p>&#13;<br \/>\n\tGe\u00e7en y\u0131l ise 12&#8217;si yedek olmak \u00fczere 21 \u0130srail askeri ya\u015fam\u0131na son vermi\u015fti.<\/p>\n<p>&#13;<br \/>\n\t\u0130srail devlet televizyonu KAN, bu y\u0131l intihar eden askerlerin say\u0131s\u0131 18 oldu\u011funu duyurmu\u015ftu.<\/p>\n<h2>&#13;<br \/>\n\t\u0130srail ordusu, intiharlar\u0131 saklama \u00e7abas\u0131nda<\/h2>\n<p>&#13;<br \/>\n\t\u0130srail bas\u0131n\u0131na yans\u0131yan intihar vakalar\u0131na ili\u015fkin haberler b\u00fcy\u00fck yank\u0131 uyand\u0131rmaya devam ederken <a href=\"https:\/\/www.trthaber.com\/etiket\/ordu\/\" target=\"_blank\">ordu<\/a> yetkilileri, giderek artan intiharlara ili\u015fkin a\u00e7\u0131klama yapmaktan ka\u00e7\u0131n\u0131yor.<\/p>\n<p>&#13;<br \/>\n\t\u0130srail ordusu, askerlerin bozulan ruh sa\u011fl\u0131\u011f\u0131na ili\u015fkin psikolojik destek program\u0131 ba\u015flatm\u0131\u015ft\u0131.<\/p>\n<p>&#13;<br \/>\n\tBu kapsamda \u0130srailli Duygusal <a href=\"https:\/\/www.trthaber.com\/etiket\/ilk-yardim\/\" target=\"_blank\">\u0130lk Yard\u0131m<\/a> Servisi&#8217;nden (ERAN) yap\u0131lan a\u00e7\u0131klamada, haziran ay\u0131nda 6 binden fazla \u0130srail askerinin, psikolojik destek i\u00e7in ba\u015fvuruda bulundu\u011fu ifade edilmi\u015fti.<\/p>\n<p>&#13;<br \/>\n\t\u0130srail Ordu S\u00f6zc\u00fcs\u00fc Effie Defrin, 17 Temmuz&#8217;da d\u00fczenledi\u011fi bas\u0131n toplant\u0131s\u0131nda, ordudaki intihar vakalar\u0131na ili\u015fkin soruya, &#8220;olaylar\u0131 inceledikleri ve ara\u015ft\u0131rd\u0131klar\u0131&#8221; \u015feklinde cevap vermi\u015fti.<\/p>\n<p>&#13;<br \/>\n\tS\u00f6zc\u00fc, 2025 y\u0131l\u0131na ait intihar say\u0131lar\u0131n\u0131 a\u00e7\u0131klamaktan ise ka\u00e7\u0131nm\u0131\u015ft\u0131.<\/p>\n<\/p><\/div>\n","protected":false},"excerpt":{"rendered":"<p>&#13; \u0130srail devlet televizyonu KAN\u2019\u0131n haberine g\u00f6re, \u0130srail Meclisi D\u0131\u015f \u0130li\u015fkiler ve Savunma Komisyonu&#8217;nun ultra-Ortodokslar\u0131n askere al\u0131nmas\u0131na ili\u015fkin d\u00fczenledi\u011fi oturum esnas\u0131nda Gazze \u015eeridi\u2019nde sald\u0131r\u0131lara kat\u0131lan bir asker, orduda g\u00f6zle g\u00f6r\u00fcl\u00fcr \u015fekilde artan intihar vakalar\u0131 hakk\u0131nda konu\u015ftu. &#13; Golani Tugay\u0131&#8217;nda g\u00f6rev yapan asker, &#8220;21 ya\u015f\u0131nday\u0131m ve hayalim aln\u0131m\u0131n ortas\u0131ndan kur\u015fun yemek. Y\u00fcr\u00fcyen bir cesedim. \u0130ntihar etmeye [&hellip;]<\/p>\n","protected":false},"author":1,"featured_media":30903,"comment_status":"open","ping_status":"open","sticky":false,"template":"","format":"standard","meta":{"jnews-multi-image_gallery":[],"jnews_single_post":[],"jnews_primary_category":[],"jnews_social_meta":[],"jnews_override_counter":[],"footnotes":""},"categories":[2],"tags":[],"class_list":["post-31137","post","type-post","status-publish","format-standard","has-post-thumbnail","hentry","category-dunya"],"yoast_head":"<!-- This site is optimized with the Yoast SEO plugin v28.4 - https:\/\/yoast.com\/product\/yoast-seo-wordpress\/ -->\n<title>\u0130srailli asker, Gazze sald\u0131r\u0131lar\u0131 nedeniyle orduda bir &quot;intihar dalgas\u0131n\u0131n&quot; ya\u015fanaca\u011f\u0131n\u0131 s\u00f6yledi - Kuzeyin Sesi<\/title>\n<meta name=\"robots\" content=\"index, follow, max-snippet:-1, max-image-preview:large, max-video-preview:-1\" \/>\n<link rel=\"canonical\" href=\"https:\/\/kuzeyinsesi.org\/index.php\/2025\/09\/03\/israilli-asker-gazze-saldirilari-nedeniyle-orduda-bir-intihar-dalgasinin-yasanacagini-soyledi\/\" \/>\n<meta property=\"og:locale\" content=\"tr_TR\" \/>\n<meta property=\"og:type\" content=\"article\" \/>\n<meta property=\"og:title\" content=\"\u0130srailli asker, Gazze sald\u0131r\u0131lar\u0131 nedeniyle orduda bir &quot;intihar dalgas\u0131n\u0131n&quot; ya\u015fanaca\u011f\u0131n\u0131 s\u00f6yledi - Kuzeyin Sesi\" \/>\n<meta property=\"og:description\" content=\"&#013; \u0130srail devlet televizyonu KAN\u2019\u0131n haberine g\u00f6re, \u0130srail Meclisi D\u0131\u015f \u0130li\u015fkiler ve Savunma Komisyonu&#8217;nun ultra-Ortodokslar\u0131n askere al\u0131nmas\u0131na ili\u015fkin d\u00fczenledi\u011fi oturum esnas\u0131nda Gazze \u015eeridi\u2019nde sald\u0131r\u0131lara kat\u0131lan bir asker, orduda g\u00f6zle g\u00f6r\u00fcl\u00fcr \u015fekilde artan intihar vakalar\u0131 hakk\u0131nda konu\u015ftu. &#013; Golani Tugay\u0131&#8217;nda g\u00f6rev yapan asker, &#8220;21 ya\u015f\u0131nday\u0131m ve hayalim aln\u0131m\u0131n ortas\u0131ndan kur\u015fun yemek. Y\u00fcr\u00fcyen bir cesedim. \u0130ntihar etmeye [&hellip;]\" \/>\n<meta property=\"og:url\" content=\"https:\/\/kuzeyinsesi.org\/index.php\/2025\/09\/03\/israilli-asker-gazze-saldirilari-nedeniyle-orduda-bir-intihar-dalgasinin-yasanacagini-soyledi\/\" \/>\n<meta property=\"og:site_name\" content=\"Kuzeyin Sesi\" \/>\n<meta property=\"article:publisher\" content=\"https:\/\/www.facebook.com\/kuzeyinsesii\" \/>\n<meta property=\"article:published_time\" content=\"2025-09-03T16:28:24+00:00\" \/>\n<meta property=\"og:image\" content=\"https:\/\/trthaberstatic.cdn.wp.trt.com.tr\/resimler\/2350000\/israil-asker-2350626.jpg\" \/>\n<meta name=\"author\" content=\"Kuzeyin Sesi\" \/>\n<meta name=\"twitter:card\" content=\"summary_large_image\" \/>\n<meta name=\"twitter:creator\" content=\"@kuzeyinsesii\" \/>\n<meta name=\"twitter:site\" content=\"@kuzeyinsesii\" \/>\n<meta name=\"twitter:label1\" content=\"Yazan:\" \/>\n\t<meta name=\"twitter:data1\" content=\"Kuzeyin Sesi\" \/>\n\t<meta name=\"twitter:label2\" content=\"Tahmini okuma s\u00fcresi\" \/>\n\t<meta name=\"twitter:data2\" content=\"2 dakika\" \/>\n<script type=\"application\/ld+json\" class=\"yoast-schema-graph\">{\"@context\":\"https:\\\/\\\/schema.org\",\"@graph\":[{\"@type\":\"Article\",\"@id\":\"https:\\\/\\\/kuzeyinsesi.org\\\/index.php\\\/2025\\\/09\\\/03\\\/israilli-asker-gazze-saldirilari-nedeniyle-orduda-bir-intihar-dalgasinin-yasanacagini-soyledi\\\/#article\",\"isPartOf\":{\"@id\":\"https:\\\/\\\/kuzeyinsesi.org\\\/index.php\\\/2025\\\/09\\\/03\\\/israilli-asker-gazze-saldirilari-nedeniyle-orduda-bir-intihar-dalgasinin-yasanacagini-soyledi\\\/\"},\"author\":{\"name\":\"Kuzeyin Sesi\",\"@id\":\"https:\\\/\\\/kuzeyinsesi.org\\\/#\\\/schema\\\/person\\\/9f859689cdf01485597712386e37f5aa\"},\"headline\":\"\u0130srailli asker, Gazze sald\u0131r\u0131lar\u0131 nedeniyle orduda bir &quot;intihar dalgas\u0131n\u0131n&quot; ya\u015fanaca\u011f\u0131n\u0131 s\u00f6yledi\",\"datePublished\":\"2025-09-03T16:28:24+00:00\",\"mainEntityOfPage\":{\"@id\":\"https:\\\/\\\/kuzeyinsesi.org\\\/index.php\\\/2025\\\/09\\\/03\\\/israilli-asker-gazze-saldirilari-nedeniyle-orduda-bir-intihar-dalgasinin-yasanacagini-soyledi\\\/\"},\"wordCount\":502,\"commentCount\":0,\"image\":{\"@id\":\"https:\\\/\\\/kuzeyinsesi.org\\\/index.php\\\/2025\\\/09\\\/03\\\/israilli-asker-gazze-saldirilari-nedeniyle-orduda-bir-intihar-dalgasinin-yasanacagini-soyledi\\\/#primaryimage\"},\"thumbnailUrl\":\"https:\\\/\\\/kuzeyinsesi.org\\\/wp-content\\\/uploads\\\/2025\\\/08\\\/israil-asker-2350626.jpg\",\"articleSection\":[\"D\u00fcnya\"],\"inLanguage\":\"tr\",\"potentialAction\":[{\"@type\":\"CommentAction\",\"name\":\"Comment\",\"target\":[\"https:\\\/\\\/kuzeyinsesi.org\\\/index.php\\\/2025\\\/09\\\/03\\\/israilli-asker-gazze-saldirilari-nedeniyle-orduda-bir-intihar-dalgasinin-yasanacagini-soyledi\\\/#respond\"]}]},{\"@type\":\"WebPage\",\"@id\":\"https:\\\/\\\/kuzeyinsesi.org\\\/index.php\\\/2025\\\/09\\\/03\\\/israilli-asker-gazze-saldirilari-nedeniyle-orduda-bir-intihar-dalgasinin-yasanacagini-soyledi\\\/\",\"url\":\"https:\\\/\\\/kuzeyinsesi.org\\\/index.php\\\/2025\\\/09\\\/03\\\/israilli-asker-gazze-saldirilari-nedeniyle-orduda-bir-intihar-dalgasinin-yasanacagini-soyledi\\\/\",\"name\":\"\u0130srailli asker, Gazze sald\u0131r\u0131lar\u0131 nedeniyle orduda bir &quot;intihar dalgas\u0131n\u0131n&quot; ya\u015fanaca\u011f\u0131n\u0131 s\u00f6yledi - Kuzeyin Sesi\",\"isPartOf\":{\"@id\":\"https:\\\/\\\/kuzeyinsesi.org\\\/#website\"},\"primaryImageOfPage\":{\"@id\":\"https:\\\/\\\/kuzeyinsesi.org\\\/index.php\\\/2025\\\/09\\\/03\\\/israilli-asker-gazze-saldirilari-nedeniyle-orduda-bir-intihar-dalgasinin-yasanacagini-soyledi\\\/#primaryimage\"},\"image\":{\"@id\":\"https:\\\/\\\/kuzeyinsesi.org\\\/index.php\\\/2025\\\/09\\\/03\\\/israilli-asker-gazze-saldirilari-nedeniyle-orduda-bir-intihar-dalgasinin-yasanacagini-soyledi\\\/#primaryimage\"},\"thumbnailUrl\":\"https:\\\/\\\/kuzeyinsesi.org\\\/wp-content\\\/uploads\\\/2025\\\/08\\\/israil-asker-2350626.jpg\",\"datePublished\":\"2025-09-03T16:28:24+00:00\",\"author\":{\"@id\":\"https:\\\/\\\/kuzeyinsesi.org\\\/#\\\/schema\\\/person\\\/9f859689cdf01485597712386e37f5aa\"},\"breadcrumb\":{\"@id\":\"https:\\\/\\\/kuzeyinsesi.org\\\/index.php\\\/2025\\\/09\\\/03\\\/israilli-asker-gazze-saldirilari-nedeniyle-orduda-bir-intihar-dalgasinin-yasanacagini-soyledi\\\/#breadcrumb\"},\"inLanguage\":\"tr\",\"potentialAction\":[{\"@type\":\"ReadAction\",\"target\":[\"https:\\\/\\\/kuzeyinsesi.org\\\/index.php\\\/2025\\\/09\\\/03\\\/israilli-asker-gazze-saldirilari-nedeniyle-orduda-bir-intihar-dalgasinin-yasanacagini-soyledi\\\/\"]}]},{\"@type\":\"ImageObject\",\"inLanguage\":\"tr\",\"@id\":\"https:\\\/\\\/kuzeyinsesi.org\\\/index.php\\\/2025\\\/09\\\/03\\\/israilli-asker-gazze-saldirilari-nedeniyle-orduda-bir-intihar-dalgasinin-yasanacagini-soyledi\\\/#primaryimage\",\"url\":\"https:\\\/\\\/kuzeyinsesi.org\\\/wp-content\\\/uploads\\\/2025\\\/08\\\/israil-asker-2350626.jpg\",\"contentUrl\":\"https:\\\/\\\/kuzeyinsesi.org\\\/wp-content\\\/uploads\\\/2025\\\/08\\\/israil-asker-2350626.jpg\",\"width\":1280,\"height\":720},{\"@type\":\"BreadcrumbList\",\"@id\":\"https:\\\/\\\/kuzeyinsesi.org\\\/index.php\\\/2025\\\/09\\\/03\\\/israilli-asker-gazze-saldirilari-nedeniyle-orduda-bir-intihar-dalgasinin-yasanacagini-soyledi\\\/#breadcrumb\",\"itemListElement\":[{\"@type\":\"ListItem\",\"position\":1,\"name\":\"Anasayfa\",\"item\":\"https:\\\/\\\/kuzeyinsesi.org\\\/\"},{\"@type\":\"ListItem\",\"position\":2,\"name\":\"\u0130srailli asker, Gazze sald\u0131r\u0131lar\u0131 nedeniyle orduda bir &quot;intihar dalgas\u0131n\u0131n&quot; ya\u015fanaca\u011f\u0131n\u0131 s\u00f6yledi\"}]},{\"@type\":\"WebSite\",\"@id\":\"https:\\\/\\\/kuzeyinsesi.org\\\/#website\",\"url\":\"https:\\\/\\\/kuzeyinsesi.org\\\/\",\"name\":\"Kuzeyin Sesi\",\"description\":\"Do\u011fru Haberin Adresi\",\"potentialAction\":[{\"@type\":\"SearchAction\",\"target\":{\"@type\":\"EntryPoint\",\"urlTemplate\":\"https:\\\/\\\/kuzeyinsesi.org\\\/?s={search_term_string}\"},\"query-input\":{\"@type\":\"PropertyValueSpecification\",\"valueRequired\":true,\"valueName\":\"search_term_string\"}}],\"inLanguage\":\"tr\"},{\"@type\":\"Person\",\"@id\":\"https:\\\/\\\/kuzeyinsesi.org\\\/#\\\/schema\\\/person\\\/9f859689cdf01485597712386e37f5aa\",\"name\":\"Kuzeyin Sesi\",\"image\":{\"@type\":\"ImageObject\",\"inLanguage\":\"tr\",\"@id\":\"https:\\\/\\\/secure.gravatar.com\\\/avatar\\\/bab33852abfd8b282518d6ed81826833d77c3c882d9ab608add591ccace47a44?s=96&d=mm&r=g\",\"url\":\"https:\\\/\\\/secure.gravatar.com\\\/avatar\\\/bab33852abfd8b282518d6ed81826833d77c3c882d9ab608add591ccace47a44?s=96&d=mm&r=g\",\"contentUrl\":\"https:\\\/\\\/secure.gravatar.com\\\/avatar\\\/bab33852abfd8b282518d6ed81826833d77c3c882d9ab608add591ccace47a44?s=96&d=mm&r=g\",\"caption\":\"Kuzeyin Sesi\"},\"sameAs\":[\"https:\\\/\\\/kuzeyinsesi.org\"],\"url\":\"https:\\\/\\\/kuzeyinsesi.org\\\/index.php\\\/author\\\/guven\\\/\"}]}<\/script>\n<!-- \/ Yoast SEO plugin. -->","yoast_head_json":{"title":"\u0130srailli asker, Gazze sald\u0131r\u0131lar\u0131 nedeniyle orduda bir &quot;intihar dalgas\u0131n\u0131n&quot; ya\u015fanaca\u011f\u0131n\u0131 s\u00f6yledi - Kuzeyin Sesi","robots":{"index":"index","follow":"follow","max-snippet":"max-snippet:-1","max-image-preview":"max-image-preview:large","max-video-preview":"max-video-preview:-1"},"canonical":"https:\/\/kuzeyinsesi.org\/index.php\/2025\/09\/03\/israilli-asker-gazze-saldirilari-nedeniyle-orduda-bir-intihar-dalgasinin-yasanacagini-soyledi\/","og_locale":"tr_TR","og_type":"article","og_title":"\u0130srailli asker, Gazze sald\u0131r\u0131lar\u0131 nedeniyle orduda bir &quot;intihar dalgas\u0131n\u0131n&quot; ya\u015fanaca\u011f\u0131n\u0131 s\u00f6yledi - Kuzeyin Sesi","og_description":"&#13; \u0130srail devlet televizyonu KAN\u2019\u0131n haberine g\u00f6re, \u0130srail Meclisi D\u0131\u015f \u0130li\u015fkiler ve Savunma Komisyonu&#8217;nun ultra-Ortodokslar\u0131n askere al\u0131nmas\u0131na ili\u015fkin d\u00fczenledi\u011fi oturum esnas\u0131nda Gazze \u015eeridi\u2019nde sald\u0131r\u0131lara kat\u0131lan bir asker, orduda g\u00f6zle g\u00f6r\u00fcl\u00fcr \u015fekilde artan intihar vakalar\u0131 hakk\u0131nda konu\u015ftu. &#13; Golani Tugay\u0131&#8217;nda g\u00f6rev yapan asker, &#8220;21 ya\u015f\u0131nday\u0131m ve hayalim aln\u0131m\u0131n ortas\u0131ndan kur\u015fun yemek. Y\u00fcr\u00fcyen bir cesedim. \u0130ntihar etmeye [&hellip;]","og_url":"https:\/\/kuzeyinsesi.org\/index.php\/2025\/09\/03\/israilli-asker-gazze-saldirilari-nedeniyle-orduda-bir-intihar-dalgasinin-yasanacagini-soyledi\/","og_site_name":"Kuzeyin Sesi","article_publisher":"https:\/\/www.facebook.com\/kuzeyinsesii","article_published_time":"2025-09-03T16:28:24+00:00","og_image":[{"url":"https:\/\/trthaberstatic.cdn.wp.trt.com.tr\/resimler\/2350000\/israil-asker-2350626.jpg","type":"","width":"","height":""}],"author":"Kuzeyin Sesi","twitter_card":"summary_large_image","twitter_creator":"@kuzeyinsesii","twitter_site":"@kuzeyinsesii","twitter_misc":{"Yazan:":"Kuzeyin Sesi","Tahmini okuma s\u00fcresi":"2 dakika"},"schema":{"@context":"https:\/\/schema.org","@graph":[{"@type":"Article","@id":"https:\/\/kuzeyinsesi.org\/index.php\/2025\/09\/03\/israilli-asker-gazze-saldirilari-nedeniyle-orduda-bir-intihar-dalgasinin-yasanacagini-soyledi\/#article","isPartOf":{"@id":"https:\/\/kuzeyinsesi.org\/index.php\/2025\/09\/03\/israilli-asker-gazze-saldirilari-nedeniyle-orduda-bir-intihar-dalgasinin-yasanacagini-soyledi\/"},"author":{"name":"Kuzeyin Sesi","@id":"https:\/\/kuzeyinsesi.org\/#\/schema\/person\/9f859689cdf01485597712386e37f5aa"},"headline":"\u0130srailli asker, Gazze sald\u0131r\u0131lar\u0131 nedeniyle orduda bir &quot;intihar dalgas\u0131n\u0131n&quot; ya\u015fanaca\u011f\u0131n\u0131 s\u00f6yledi","datePublished":"2025-09-03T16:28:24+00:00","mainEntityOfPage":{"@id":"https:\/\/kuzeyinsesi.org\/index.php\/2025\/09\/03\/israilli-asker-gazze-saldirilari-nedeniyle-orduda-bir-intihar-dalgasinin-yasanacagini-soyledi\/"},"wordCount":502,"commentCount":0,"image":{"@id":"https:\/\/kuzeyinsesi.org\/index.php\/2025\/09\/03\/israilli-asker-gazze-saldirilari-nedeniyle-orduda-bir-intihar-dalgasinin-yasanacagini-soyledi\/#primaryimage"},"thumbnailUrl":"https:\/\/kuzeyinsesi.org\/wp-content\/uploads\/2025\/08\/israil-asker-2350626.jpg","articleSection":["D\u00fcnya"],"inLanguage":"tr","potentialAction":[{"@type":"CommentAction","name":"Comment","target":["https:\/\/kuzeyinsesi.org\/index.php\/2025\/09\/03\/israilli-asker-gazze-saldirilari-nedeniyle-orduda-bir-intihar-dalgasinin-yasanacagini-soyledi\/#respond"]}]},{"@type":"WebPage","@id":"https:\/\/kuzeyinsesi.org\/index.php\/2025\/09\/03\/israilli-asker-gazze-saldirilari-nedeniyle-orduda-bir-intihar-dalgasinin-yasanacagini-soyledi\/","url":"https:\/\/kuzeyinsesi.org\/index.php\/2025\/09\/03\/israilli-asker-gazze-saldirilari-nedeniyle-orduda-bir-intihar-dalgasinin-yasanacagini-soyledi\/","name":"\u0130srailli asker, Gazze sald\u0131r\u0131lar\u0131 nedeniyle orduda bir &quot;intihar dalgas\u0131n\u0131n&quot; ya\u015fanaca\u011f\u0131n\u0131 s\u00f6yledi - Kuzeyin Sesi","isPartOf":{"@id":"https:\/\/kuzeyinsesi.org\/#website"},"primaryImageOfPage":{"@id":"https:\/\/kuzeyinsesi.org\/index.php\/2025\/09\/03\/israilli-asker-gazze-saldirilari-nedeniyle-orduda-bir-intihar-dalgasinin-yasanacagini-soyledi\/#primaryimage"},"image":{"@id":"https:\/\/kuzeyinsesi.org\/index.php\/2025\/09\/03\/israilli-asker-gazze-saldirilari-nedeniyle-orduda-bir-intihar-dalgasinin-yasanacagini-soyledi\/#primaryimage"},"thumbnailUrl":"https:\/\/kuzeyinsesi.org\/wp-content\/uploads\/2025\/08\/israil-asker-2350626.jpg","datePublished":"2025-09-03T16:28:24+00:00","author":{"@id":"https:\/\/kuzeyinsesi.org\/#\/schema\/person\/9f859689cdf01485597712386e37f5aa"},"breadcrumb":{"@id":"https:\/\/kuzeyinsesi.org\/index.php\/2025\/09\/03\/israilli-asker-gazze-saldirilari-nedeniyle-orduda-bir-intihar-dalgasinin-yasanacagini-soyledi\/#breadcrumb"},"inLanguage":"tr","potentialAction":[{"@type":"ReadAction","target":["https:\/\/kuzeyinsesi.org\/index.php\/2025\/09\/03\/israilli-asker-gazze-saldirilari-nedeniyle-orduda-bir-intihar-dalgasinin-yasanacagini-soyledi\/"]}]},{"@type":"ImageObject","inLanguage":"tr","@id":"https:\/\/kuzeyinsesi.org\/index.php\/2025\/09\/03\/israilli-asker-gazze-saldirilari-nedeniyle-orduda-bir-intihar-dalgasinin-yasanacagini-soyledi\/#primaryimage","url":"https:\/\/kuzeyinsesi.org\/wp-content\/uploads\/2025\/08\/israil-asker-2350626.jpg","contentUrl":"https:\/\/kuzeyinsesi.org\/wp-content\/uploads\/2025\/08\/israil-asker-2350626.jpg","width":1280,"height":720},{"@type":"BreadcrumbList","@id":"https:\/\/kuzeyinsesi.org\/index.php\/2025\/09\/03\/israilli-asker-gazze-saldirilari-nedeniyle-orduda-bir-intihar-dalgasinin-yasanacagini-soyledi\/#breadcrumb","itemListElement":[{"@type":"ListItem","position":1,"name":"Anasayfa","item":"https:\/\/kuzeyinsesi.org\/"},{"@type":"ListItem","position":2,"name":"\u0130srailli asker, Gazze sald\u0131r\u0131lar\u0131 nedeniyle orduda bir &quot;intihar dalgas\u0131n\u0131n&quot; ya\u015fanaca\u011f\u0131n\u0131 s\u00f6yledi"}]},{"@type":"WebSite","@id":"https:\/\/kuzeyinsesi.org\/#website","url":"https:\/\/kuzeyinsesi.org\/","name":"Kuzeyin Sesi","description":"Do\u011fru Haberin Adresi","potentialAction":[{"@type":"SearchAction","target":{"@type":"EntryPoint","urlTemplate":"https:\/\/kuzeyinsesi.org\/?s={search_term_string}"},"query-input":{"@type":"PropertyValueSpecification","valueRequired":true,"valueName":"search_term_string"}}],"inLanguage":"tr"},{"@type":"Person","@id":"https:\/\/kuzeyinsesi.org\/#\/schema\/person\/9f859689cdf01485597712386e37f5aa","name":"Kuzeyin Sesi","image":{"@type":"ImageObject","inLanguage":"tr","@id":"https:\/\/secure.gravatar.com\/avatar\/bab33852abfd8b282518d6ed81826833d77c3c882d9ab608add591ccace47a44?s=96&d=mm&r=g","url":"https:\/\/secure.gravatar.com\/avatar\/bab33852abfd8b282518d6ed81826833d77c3c882d9ab608add591ccace47a44?s=96&d=mm&r=g","contentUrl":"https:\/\/secure.gravatar.com\/avatar\/bab33852abfd8b282518d6ed81826833d77c3c882d9ab608add591ccace47a44?s=96&d=mm&r=g","caption":"Kuzeyin Sesi"},"sameAs":["https:\/\/kuzeyinsesi.org"],"url":"https:\/\/kuzeyinsesi.org\/index.php\/author\/guven\/"}]}},"_links":{"self":[{"href":"https:\/\/kuzeyinsesi.org\/index.php\/wp-json\/wp\/v2\/posts\/31137","targetHints":{"allow":["GET"]}}],"collection":[{"href":"https:\/\/kuzeyinsesi.org\/index.php\/wp-json\/wp\/v2\/posts"}],"about":[{"href":"https:\/\/kuzeyinsesi.org\/index.php\/wp-json\/wp\/v2\/types\/post"}],"author":[{"embeddable":true,"href":"https:\/\/kuzeyinsesi.org\/index.php\/wp-json\/wp\/v2\/users\/1"}],"replies":[{"embeddable":true,"href":"https:\/\/kuzeyinsesi.org\/index.php\/wp-json\/wp\/v2\/comments?post=31137"}],"version-history":[{"count":0,"href":"https:\/\/kuzeyinsesi.org\/index.php\/wp-json\/wp\/v2\/posts\/31137\/revisions"}],"wp:featuredmedia":[{"embeddable":true,"href":"https:\/\/kuzeyinsesi.org\/index.php\/wp-json\/wp\/v2\/media\/30903"}],"wp:attachment":[{"href":"https:\/\/kuzeyinsesi.org\/index.php\/wp-json\/wp\/v2\/media?parent=31137"}],"wp:term":[{"taxonomy":"category","embeddable":true,"href":"https:\/\/kuzeyinsesi.org\/index.php\/wp-json\/wp\/v2\/categories?post=31137"},{"taxonomy":"post_tag","embeddable":true,"href":"https:\/\/kuzeyinsesi.org\/index.php\/wp-json\/wp\/v2\/tags?post=31137"}],"curies":[{"name":"wp","href":"https:\/\/api.w.org\/{rel}","templated":true}]}}