{"id":31136,"date":"2025-09-03T18:57:29","date_gmt":"2025-09-03T15:57:29","guid":{"rendered":"https:\/\/kuzeyinsesi.org\/index.php\/2025\/09\/03\/iskocya-israili-silahlandiran-sirketlere-kamu-fonu-aktarimini-durduracak\/"},"modified":"2025-09-03T18:57:29","modified_gmt":"2025-09-03T15:57:29","slug":"iskocya-israili-silahlandiran-sirketlere-kamu-fonu-aktarimini-durduracak","status":"publish","type":"post","link":"https:\/\/kuzeyinsesi.org\/index.php\/2025\/09\/03\/iskocya-israili-silahlandiran-sirketlere-kamu-fonu-aktarimini-durduracak\/","title":{"rendered":"\u0130sko\u00e7ya, \u0130srail&#039;i silahland\u0131ran \u015firketlere kamu fonu aktar\u0131m\u0131n\u0131 durduracak"},"content":{"rendered":"<p><\/p>\n<div>\n<p>&#13;<br \/>\n\t<a href=\"https:\/\/www.trthaber.com\/etiket\/iskocya\/\" target=\"_blank\">\u0130sko\u00e7ya<\/a> B\u00f6lgesel Ba\u015fbakan\u0131 John Swinney, \u0130sko\u00e7 \u00d6zerk Parlamentosu Holyrood&#8217;da yapt\u0131\u011f\u0131 konu\u015fmada, Gazze&#8217;deki <a href=\"https:\/\/www.trthaber.com\/etiket\/soykirim\/\" target=\"_blank\">soyk\u0131r\u0131m<\/a> nedeniyle \u0130srail&#8217;e y\u00f6nelik bir dizi tedbir a\u00e7\u0131klad\u0131.<\/p>\n<p>&#13;<br \/>\n\tSwinney, bu kapsamda, \u0130srail&#8217;e askeri \u00fcr\u00fcn sa\u011flayan \u015firketlere kamu fonu aktar\u0131m\u0131n\u0131n durdurulaca\u011f\u0131n\u0131 bildirdi.<\/p>\n<p>&#13;<br \/>\n\tBuna g\u00f6re, \u0130sko\u00e7 h\u00fck\u00fcmeti, ba\u011fl\u0131 kurumlar ve \u0130sko\u00e7ya Ulusal Yat\u0131r\u0131m Bankas\u0131 taraf\u0131ndan savunma \u015firketlerine verilecek yeni hibeler veya yat\u0131r\u0131mlar ask\u0131ya al\u0131nacak.<\/p>\n<p>&#13;<br \/>\n\tSwinney, soyk\u0131r\u0131m yap\u0131ld\u0131\u011f\u0131na dair makul kan\u0131tlar bulunan \u00fclkelere \u00fcr\u00fcn veya hizmet sa\u011flayan silah \u015firketlerine kamu taraf\u0131ndan yeni para aktar\u0131m\u0131n\u0131 durduracaklar\u0131n\u0131 belirterek, buna \u0130srail&#8217;in de dahil olaca\u011f\u0131n\u0131n alt\u0131n\u0131 \u00e7izdi.<\/p>\n<p>&#13;<br \/>\n\t\u0130sko\u00e7 lider John Swinney, &#8220;\u0130sko\u00e7 h\u00fck\u00fcmetinden destek isteyen herhangi bir savunma \u015firketi, \u00fcr\u00fcnlerinin <a href=\"https:\/\/www.trthaber.com\/etiket\/israil\/\" target=\"_blank\">\u0130srail<\/a> ile askeri ili\u015fkisi olmad\u0131\u011f\u0131n\u0131 kan\u0131tlamak zorunda olacak.&#8221; dedi.<\/p>\n<p>&#13;<br \/>\n\t<a href=\"https:\/\/www.trthaber.com\/etiket\/ingiltere\/\" target=\"_blank\">\u0130ngiltere<\/a> h\u00fck\u00fcmetine de \u0130ngiltere-\u0130srail Serbest <a href=\"https:\/\/www.trthaber.com\/etiket\/ticaret\/\" target=\"_blank\">Ticaret<\/a> Anla\u015fmas\u0131&#8217;ndan \u00e7ekilme \u00e7a\u011fr\u0131s\u0131 yapan Swinney, \u0130ngiltere&#8217;nin \u0130rlanda&#8217;y\u0131 izleyerek, i\u015fgal alt\u0131ndaki Filistin topraklar\u0131nda \u00fcretilen \u0130srail mallar\u0131n\u0131n ithalat\u0131n\u0131 yasaklamas\u0131 gerekti\u011fini vurgulad\u0131.<\/p>\n<p>&#13;<br \/>\n\tSwinney, \u0130sko\u00e7ya h\u00fck\u00fcmetinin, ayr\u0131ca Gazze&#8217;ye y\u00f6nelik insani yard\u0131mlar kapsam\u0131nda Dundee merkezli &#8220;Kids Operating Room&#8221; kurulu\u015funa 400 bin sterlin fon sa\u011flayaca\u011f\u0131n\u0131 belirterek, \u015fu ifadeleri kulland\u0131:<\/p>\n<p>&#13;<br \/>\n\t&#8220;Bu fon, Gazze&#8217;de h\u0131zla konu\u015fland\u0131r\u0131labilecek bir hastanenin hayata ge\u00e7irilmesi i\u00e7in 15 milyon dolarl\u0131k ek finansman sa\u011flanmas\u0131na yard\u0131mc\u0131 olacak. \u0130sko\u00e7ya&#8217;da sadece bir hafta i\u00e7inde in\u015fa edilmek \u00fczere tasarlanan hastane, en zorlu ortamlarda \u00e7al\u0131\u015fabilecek ve onlarca y\u0131l dayanabilecek. Her y\u0131l binlerce hastaya temel cerrahi, do\u011fum ve pediatri hizmetleri sa\u011flayacak.&#8221;<\/p>\n<p>&#13;<br \/>\n\tSwinney, buna ek olarak i\u015fgal alt\u0131ndaki Filistin topraklar\u0131ndaki insani yard\u0131m \u00e7al\u0131\u015fmalar\u0131 i\u00e7in <a href=\"https:\/\/www.trthaber.com\/etiket\/birlesmis-milletler\/\" target=\"_blank\">Birle\u015fmi\u015f Milletler<\/a> (BM) \u0130nsani \u0130\u015fler Koordinasyon Ofisi (OCHA) fonuna 600 bin sterlin katk\u0131 yap\u0131laca\u011f\u0131n\u0131 duyurdu.<\/p>\n<\/p><\/div>\n","protected":false},"excerpt":{"rendered":"<p>&#13; \u0130sko\u00e7ya B\u00f6lgesel Ba\u015fbakan\u0131 John Swinney, \u0130sko\u00e7 \u00d6zerk Parlamentosu Holyrood&#8217;da yapt\u0131\u011f\u0131 konu\u015fmada, Gazze&#8217;deki soyk\u0131r\u0131m nedeniyle \u0130srail&#8217;e y\u00f6nelik bir dizi tedbir a\u00e7\u0131klad\u0131. &#13; Swinney, bu kapsamda, \u0130srail&#8217;e askeri \u00fcr\u00fcn sa\u011flayan \u015firketlere kamu fonu aktar\u0131m\u0131n\u0131n durdurulaca\u011f\u0131n\u0131 bildirdi. &#13; Buna g\u00f6re, \u0130sko\u00e7 h\u00fck\u00fcmeti, ba\u011fl\u0131 kurumlar ve \u0130sko\u00e7ya Ulusal Yat\u0131r\u0131m Bankas\u0131 taraf\u0131ndan savunma \u015firketlerine verilecek yeni hibeler veya yat\u0131r\u0131mlar [&hellip;]<\/p>\n","protected":false},"author":1,"featured_media":30584,"comment_status":"open","ping_status":"open","sticky":false,"template":"","format":"standard","meta":{"jnews-multi-image_gallery":[],"jnews_single_post":[],"jnews_primary_category":[],"jnews_social_meta":[],"jnews_override_counter":[],"footnotes":""},"categories":[2],"tags":[],"class_list":["post-31136","post","type-post","status-publish","format-standard","has-post-thumbnail","hentry","category-dunya"],"yoast_head":"<!-- This site is optimized with the Yoast SEO plugin v28.4 - https:\/\/yoast.com\/product\/yoast-seo-wordpress\/ -->\n<title>\u0130sko\u00e7ya, \u0130srail&#039;i silahland\u0131ran \u015firketlere kamu fonu aktar\u0131m\u0131n\u0131 durduracak - Kuzeyin Sesi<\/title>\n<meta name=\"robots\" content=\"index, follow, max-snippet:-1, max-image-preview:large, max-video-preview:-1\" \/>\n<link rel=\"canonical\" href=\"https:\/\/kuzeyinsesi.org\/index.php\/2025\/09\/03\/iskocya-israili-silahlandiran-sirketlere-kamu-fonu-aktarimini-durduracak\/\" \/>\n<meta property=\"og:locale\" content=\"tr_TR\" \/>\n<meta property=\"og:type\" content=\"article\" \/>\n<meta property=\"og:title\" content=\"\u0130sko\u00e7ya, \u0130srail&#039;i silahland\u0131ran \u015firketlere kamu fonu aktar\u0131m\u0131n\u0131 durduracak - Kuzeyin Sesi\" \/>\n<meta property=\"og:description\" content=\"&#013; \u0130sko\u00e7ya B\u00f6lgesel Ba\u015fbakan\u0131 John Swinney, \u0130sko\u00e7 \u00d6zerk Parlamentosu Holyrood&#8217;da yapt\u0131\u011f\u0131 konu\u015fmada, Gazze&#8217;deki soyk\u0131r\u0131m nedeniyle \u0130srail&#8217;e y\u00f6nelik bir dizi tedbir a\u00e7\u0131klad\u0131. &#013; Swinney, bu kapsamda, \u0130srail&#8217;e askeri \u00fcr\u00fcn sa\u011flayan \u015firketlere kamu fonu aktar\u0131m\u0131n\u0131n durdurulaca\u011f\u0131n\u0131 bildirdi. &#013; Buna g\u00f6re, \u0130sko\u00e7 h\u00fck\u00fcmeti, ba\u011fl\u0131 kurumlar ve \u0130sko\u00e7ya Ulusal Yat\u0131r\u0131m Bankas\u0131 taraf\u0131ndan savunma \u015firketlerine verilecek yeni hibeler veya yat\u0131r\u0131mlar [&hellip;]\" \/>\n<meta property=\"og:url\" content=\"https:\/\/kuzeyinsesi.org\/index.php\/2025\/09\/03\/iskocya-israili-silahlandiran-sirketlere-kamu-fonu-aktarimini-durduracak\/\" \/>\n<meta property=\"og:site_name\" content=\"Kuzeyin Sesi\" \/>\n<meta property=\"article:publisher\" content=\"https:\/\/www.facebook.com\/kuzeyinsesii\" \/>\n<meta property=\"article:published_time\" content=\"2025-09-03T15:57:29+00:00\" \/>\n<meta property=\"og:image\" content=\"https:\/\/trthaberstatic.cdn.wp.trt.com.tr\/resimler\/2390000\/katil-israil-askerleri-bati-seria-zeytin-aa-2390994.jpg\" \/>\n<meta name=\"author\" content=\"Kuzeyin Sesi\" \/>\n<meta name=\"twitter:card\" content=\"summary_large_image\" \/>\n<meta name=\"twitter:creator\" content=\"@kuzeyinsesii\" \/>\n<meta name=\"twitter:site\" content=\"@kuzeyinsesii\" \/>\n<meta name=\"twitter:label1\" content=\"Yazan:\" \/>\n\t<meta name=\"twitter:data1\" content=\"Kuzeyin Sesi\" \/>\n\t<meta name=\"twitter:label2\" content=\"Tahmini okuma s\u00fcresi\" \/>\n\t<meta name=\"twitter:data2\" content=\"2 dakika\" \/>\n<script type=\"application\/ld+json\" class=\"yoast-schema-graph\">{\"@context\":\"https:\\\/\\\/schema.org\",\"@graph\":[{\"@type\":\"Article\",\"@id\":\"https:\\\/\\\/kuzeyinsesi.org\\\/index.php\\\/2025\\\/09\\\/03\\\/iskocya-israili-silahlandiran-sirketlere-kamu-fonu-aktarimini-durduracak\\\/#article\",\"isPartOf\":{\"@id\":\"https:\\\/\\\/kuzeyinsesi.org\\\/index.php\\\/2025\\\/09\\\/03\\\/iskocya-israili-silahlandiran-sirketlere-kamu-fonu-aktarimini-durduracak\\\/\"},\"author\":{\"name\":\"Kuzeyin Sesi\",\"@id\":\"https:\\\/\\\/kuzeyinsesi.org\\\/#\\\/schema\\\/person\\\/9f859689cdf01485597712386e37f5aa\"},\"headline\":\"\u0130sko\u00e7ya, \u0130srail&#039;i silahland\u0131ran \u015firketlere kamu fonu aktar\u0131m\u0131n\u0131 durduracak\",\"datePublished\":\"2025-09-03T15:57:29+00:00\",\"mainEntityOfPage\":{\"@id\":\"https:\\\/\\\/kuzeyinsesi.org\\\/index.php\\\/2025\\\/09\\\/03\\\/iskocya-israili-silahlandiran-sirketlere-kamu-fonu-aktarimini-durduracak\\\/\"},\"wordCount\":344,\"commentCount\":0,\"image\":{\"@id\":\"https:\\\/\\\/kuzeyinsesi.org\\\/index.php\\\/2025\\\/09\\\/03\\\/iskocya-israili-silahlandiran-sirketlere-kamu-fonu-aktarimini-durduracak\\\/#primaryimage\"},\"thumbnailUrl\":\"https:\\\/\\\/kuzeyinsesi.org\\\/wp-content\\\/uploads\\\/2025\\\/08\\\/katil-israil-askerleri-bati-seria-zeytin-aa-2390994.jpg\",\"articleSection\":[\"D\u00fcnya\"],\"inLanguage\":\"tr\",\"potentialAction\":[{\"@type\":\"CommentAction\",\"name\":\"Comment\",\"target\":[\"https:\\\/\\\/kuzeyinsesi.org\\\/index.php\\\/2025\\\/09\\\/03\\\/iskocya-israili-silahlandiran-sirketlere-kamu-fonu-aktarimini-durduracak\\\/#respond\"]}]},{\"@type\":\"WebPage\",\"@id\":\"https:\\\/\\\/kuzeyinsesi.org\\\/index.php\\\/2025\\\/09\\\/03\\\/iskocya-israili-silahlandiran-sirketlere-kamu-fonu-aktarimini-durduracak\\\/\",\"url\":\"https:\\\/\\\/kuzeyinsesi.org\\\/index.php\\\/2025\\\/09\\\/03\\\/iskocya-israili-silahlandiran-sirketlere-kamu-fonu-aktarimini-durduracak\\\/\",\"name\":\"\u0130sko\u00e7ya, \u0130srail&#039;i silahland\u0131ran \u015firketlere kamu fonu aktar\u0131m\u0131n\u0131 durduracak - Kuzeyin Sesi\",\"isPartOf\":{\"@id\":\"https:\\\/\\\/kuzeyinsesi.org\\\/#website\"},\"primaryImageOfPage\":{\"@id\":\"https:\\\/\\\/kuzeyinsesi.org\\\/index.php\\\/2025\\\/09\\\/03\\\/iskocya-israili-silahlandiran-sirketlere-kamu-fonu-aktarimini-durduracak\\\/#primaryimage\"},\"image\":{\"@id\":\"https:\\\/\\\/kuzeyinsesi.org\\\/index.php\\\/2025\\\/09\\\/03\\\/iskocya-israili-silahlandiran-sirketlere-kamu-fonu-aktarimini-durduracak\\\/#primaryimage\"},\"thumbnailUrl\":\"https:\\\/\\\/kuzeyinsesi.org\\\/wp-content\\\/uploads\\\/2025\\\/08\\\/katil-israil-askerleri-bati-seria-zeytin-aa-2390994.jpg\",\"datePublished\":\"2025-09-03T15:57:29+00:00\",\"author\":{\"@id\":\"https:\\\/\\\/kuzeyinsesi.org\\\/#\\\/schema\\\/person\\\/9f859689cdf01485597712386e37f5aa\"},\"breadcrumb\":{\"@id\":\"https:\\\/\\\/kuzeyinsesi.org\\\/index.php\\\/2025\\\/09\\\/03\\\/iskocya-israili-silahlandiran-sirketlere-kamu-fonu-aktarimini-durduracak\\\/#breadcrumb\"},\"inLanguage\":\"tr\",\"potentialAction\":[{\"@type\":\"ReadAction\",\"target\":[\"https:\\\/\\\/kuzeyinsesi.org\\\/index.php\\\/2025\\\/09\\\/03\\\/iskocya-israili-silahlandiran-sirketlere-kamu-fonu-aktarimini-durduracak\\\/\"]}]},{\"@type\":\"ImageObject\",\"inLanguage\":\"tr\",\"@id\":\"https:\\\/\\\/kuzeyinsesi.org\\\/index.php\\\/2025\\\/09\\\/03\\\/iskocya-israili-silahlandiran-sirketlere-kamu-fonu-aktarimini-durduracak\\\/#primaryimage\",\"url\":\"https:\\\/\\\/kuzeyinsesi.org\\\/wp-content\\\/uploads\\\/2025\\\/08\\\/katil-israil-askerleri-bati-seria-zeytin-aa-2390994.jpg\",\"contentUrl\":\"https:\\\/\\\/kuzeyinsesi.org\\\/wp-content\\\/uploads\\\/2025\\\/08\\\/katil-israil-askerleri-bati-seria-zeytin-aa-2390994.jpg\",\"width\":1280,\"height\":720},{\"@type\":\"BreadcrumbList\",\"@id\":\"https:\\\/\\\/kuzeyinsesi.org\\\/index.php\\\/2025\\\/09\\\/03\\\/iskocya-israili-silahlandiran-sirketlere-kamu-fonu-aktarimini-durduracak\\\/#breadcrumb\",\"itemListElement\":[{\"@type\":\"ListItem\",\"position\":1,\"name\":\"Anasayfa\",\"item\":\"https:\\\/\\\/kuzeyinsesi.org\\\/\"},{\"@type\":\"ListItem\",\"position\":2,\"name\":\"\u0130sko\u00e7ya, \u0130srail&#039;i silahland\u0131ran \u015firketlere kamu fonu aktar\u0131m\u0131n\u0131 durduracak\"}]},{\"@type\":\"WebSite\",\"@id\":\"https:\\\/\\\/kuzeyinsesi.org\\\/#website\",\"url\":\"https:\\\/\\\/kuzeyinsesi.org\\\/\",\"name\":\"Kuzeyin Sesi\",\"description\":\"Do\u011fru Haberin Adresi\",\"potentialAction\":[{\"@type\":\"SearchAction\",\"target\":{\"@type\":\"EntryPoint\",\"urlTemplate\":\"https:\\\/\\\/kuzeyinsesi.org\\\/?s={search_term_string}\"},\"query-input\":{\"@type\":\"PropertyValueSpecification\",\"valueRequired\":true,\"valueName\":\"search_term_string\"}}],\"inLanguage\":\"tr\"},{\"@type\":\"Person\",\"@id\":\"https:\\\/\\\/kuzeyinsesi.org\\\/#\\\/schema\\\/person\\\/9f859689cdf01485597712386e37f5aa\",\"name\":\"Kuzeyin Sesi\",\"image\":{\"@type\":\"ImageObject\",\"inLanguage\":\"tr\",\"@id\":\"https:\\\/\\\/secure.gravatar.com\\\/avatar\\\/bab33852abfd8b282518d6ed81826833d77c3c882d9ab608add591ccace47a44?s=96&d=mm&r=g\",\"url\":\"https:\\\/\\\/secure.gravatar.com\\\/avatar\\\/bab33852abfd8b282518d6ed81826833d77c3c882d9ab608add591ccace47a44?s=96&d=mm&r=g\",\"contentUrl\":\"https:\\\/\\\/secure.gravatar.com\\\/avatar\\\/bab33852abfd8b282518d6ed81826833d77c3c882d9ab608add591ccace47a44?s=96&d=mm&r=g\",\"caption\":\"Kuzeyin Sesi\"},\"sameAs\":[\"https:\\\/\\\/kuzeyinsesi.org\"],\"url\":\"https:\\\/\\\/kuzeyinsesi.org\\\/index.php\\\/author\\\/guven\\\/\"}]}<\/script>\n<!-- \/ Yoast SEO plugin. -->","yoast_head_json":{"title":"\u0130sko\u00e7ya, \u0130srail&#039;i silahland\u0131ran \u015firketlere kamu fonu aktar\u0131m\u0131n\u0131 durduracak - Kuzeyin Sesi","robots":{"index":"index","follow":"follow","max-snippet":"max-snippet:-1","max-image-preview":"max-image-preview:large","max-video-preview":"max-video-preview:-1"},"canonical":"https:\/\/kuzeyinsesi.org\/index.php\/2025\/09\/03\/iskocya-israili-silahlandiran-sirketlere-kamu-fonu-aktarimini-durduracak\/","og_locale":"tr_TR","og_type":"article","og_title":"\u0130sko\u00e7ya, \u0130srail&#039;i silahland\u0131ran \u015firketlere kamu fonu aktar\u0131m\u0131n\u0131 durduracak - Kuzeyin Sesi","og_description":"&#13; \u0130sko\u00e7ya B\u00f6lgesel Ba\u015fbakan\u0131 John Swinney, \u0130sko\u00e7 \u00d6zerk Parlamentosu Holyrood&#8217;da yapt\u0131\u011f\u0131 konu\u015fmada, Gazze&#8217;deki soyk\u0131r\u0131m nedeniyle \u0130srail&#8217;e y\u00f6nelik bir dizi tedbir a\u00e7\u0131klad\u0131. &#13; Swinney, bu kapsamda, \u0130srail&#8217;e askeri \u00fcr\u00fcn sa\u011flayan \u015firketlere kamu fonu aktar\u0131m\u0131n\u0131n durdurulaca\u011f\u0131n\u0131 bildirdi. &#13; Buna g\u00f6re, \u0130sko\u00e7 h\u00fck\u00fcmeti, ba\u011fl\u0131 kurumlar ve \u0130sko\u00e7ya Ulusal Yat\u0131r\u0131m Bankas\u0131 taraf\u0131ndan savunma \u015firketlerine verilecek yeni hibeler veya yat\u0131r\u0131mlar [&hellip;]","og_url":"https:\/\/kuzeyinsesi.org\/index.php\/2025\/09\/03\/iskocya-israili-silahlandiran-sirketlere-kamu-fonu-aktarimini-durduracak\/","og_site_name":"Kuzeyin Sesi","article_publisher":"https:\/\/www.facebook.com\/kuzeyinsesii","article_published_time":"2025-09-03T15:57:29+00:00","og_image":[{"url":"https:\/\/trthaberstatic.cdn.wp.trt.com.tr\/resimler\/2390000\/katil-israil-askerleri-bati-seria-zeytin-aa-2390994.jpg","type":"","width":"","height":""}],"author":"Kuzeyin Sesi","twitter_card":"summary_large_image","twitter_creator":"@kuzeyinsesii","twitter_site":"@kuzeyinsesii","twitter_misc":{"Yazan:":"Kuzeyin Sesi","Tahmini okuma s\u00fcresi":"2 dakika"},"schema":{"@context":"https:\/\/schema.org","@graph":[{"@type":"Article","@id":"https:\/\/kuzeyinsesi.org\/index.php\/2025\/09\/03\/iskocya-israili-silahlandiran-sirketlere-kamu-fonu-aktarimini-durduracak\/#article","isPartOf":{"@id":"https:\/\/kuzeyinsesi.org\/index.php\/2025\/09\/03\/iskocya-israili-silahlandiran-sirketlere-kamu-fonu-aktarimini-durduracak\/"},"author":{"name":"Kuzeyin Sesi","@id":"https:\/\/kuzeyinsesi.org\/#\/schema\/person\/9f859689cdf01485597712386e37f5aa"},"headline":"\u0130sko\u00e7ya, \u0130srail&#039;i silahland\u0131ran \u015firketlere kamu fonu aktar\u0131m\u0131n\u0131 durduracak","datePublished":"2025-09-03T15:57:29+00:00","mainEntityOfPage":{"@id":"https:\/\/kuzeyinsesi.org\/index.php\/2025\/09\/03\/iskocya-israili-silahlandiran-sirketlere-kamu-fonu-aktarimini-durduracak\/"},"wordCount":344,"commentCount":0,"image":{"@id":"https:\/\/kuzeyinsesi.org\/index.php\/2025\/09\/03\/iskocya-israili-silahlandiran-sirketlere-kamu-fonu-aktarimini-durduracak\/#primaryimage"},"thumbnailUrl":"https:\/\/kuzeyinsesi.org\/wp-content\/uploads\/2025\/08\/katil-israil-askerleri-bati-seria-zeytin-aa-2390994.jpg","articleSection":["D\u00fcnya"],"inLanguage":"tr","potentialAction":[{"@type":"CommentAction","name":"Comment","target":["https:\/\/kuzeyinsesi.org\/index.php\/2025\/09\/03\/iskocya-israili-silahlandiran-sirketlere-kamu-fonu-aktarimini-durduracak\/#respond"]}]},{"@type":"WebPage","@id":"https:\/\/kuzeyinsesi.org\/index.php\/2025\/09\/03\/iskocya-israili-silahlandiran-sirketlere-kamu-fonu-aktarimini-durduracak\/","url":"https:\/\/kuzeyinsesi.org\/index.php\/2025\/09\/03\/iskocya-israili-silahlandiran-sirketlere-kamu-fonu-aktarimini-durduracak\/","name":"\u0130sko\u00e7ya, \u0130srail&#039;i silahland\u0131ran \u015firketlere kamu fonu aktar\u0131m\u0131n\u0131 durduracak - Kuzeyin Sesi","isPartOf":{"@id":"https:\/\/kuzeyinsesi.org\/#website"},"primaryImageOfPage":{"@id":"https:\/\/kuzeyinsesi.org\/index.php\/2025\/09\/03\/iskocya-israili-silahlandiran-sirketlere-kamu-fonu-aktarimini-durduracak\/#primaryimage"},"image":{"@id":"https:\/\/kuzeyinsesi.org\/index.php\/2025\/09\/03\/iskocya-israili-silahlandiran-sirketlere-kamu-fonu-aktarimini-durduracak\/#primaryimage"},"thumbnailUrl":"https:\/\/kuzeyinsesi.org\/wp-content\/uploads\/2025\/08\/katil-israil-askerleri-bati-seria-zeytin-aa-2390994.jpg","datePublished":"2025-09-03T15:57:29+00:00","author":{"@id":"https:\/\/kuzeyinsesi.org\/#\/schema\/person\/9f859689cdf01485597712386e37f5aa"},"breadcrumb":{"@id":"https:\/\/kuzeyinsesi.org\/index.php\/2025\/09\/03\/iskocya-israili-silahlandiran-sirketlere-kamu-fonu-aktarimini-durduracak\/#breadcrumb"},"inLanguage":"tr","potentialAction":[{"@type":"ReadAction","target":["https:\/\/kuzeyinsesi.org\/index.php\/2025\/09\/03\/iskocya-israili-silahlandiran-sirketlere-kamu-fonu-aktarimini-durduracak\/"]}]},{"@type":"ImageObject","inLanguage":"tr","@id":"https:\/\/kuzeyinsesi.org\/index.php\/2025\/09\/03\/iskocya-israili-silahlandiran-sirketlere-kamu-fonu-aktarimini-durduracak\/#primaryimage","url":"https:\/\/kuzeyinsesi.org\/wp-content\/uploads\/2025\/08\/katil-israil-askerleri-bati-seria-zeytin-aa-2390994.jpg","contentUrl":"https:\/\/kuzeyinsesi.org\/wp-content\/uploads\/2025\/08\/katil-israil-askerleri-bati-seria-zeytin-aa-2390994.jpg","width":1280,"height":720},{"@type":"BreadcrumbList","@id":"https:\/\/kuzeyinsesi.org\/index.php\/2025\/09\/03\/iskocya-israili-silahlandiran-sirketlere-kamu-fonu-aktarimini-durduracak\/#breadcrumb","itemListElement":[{"@type":"ListItem","position":1,"name":"Anasayfa","item":"https:\/\/kuzeyinsesi.org\/"},{"@type":"ListItem","position":2,"name":"\u0130sko\u00e7ya, \u0130srail&#039;i silahland\u0131ran \u015firketlere kamu fonu aktar\u0131m\u0131n\u0131 durduracak"}]},{"@type":"WebSite","@id":"https:\/\/kuzeyinsesi.org\/#website","url":"https:\/\/kuzeyinsesi.org\/","name":"Kuzeyin Sesi","description":"Do\u011fru Haberin Adresi","potentialAction":[{"@type":"SearchAction","target":{"@type":"EntryPoint","urlTemplate":"https:\/\/kuzeyinsesi.org\/?s={search_term_string}"},"query-input":{"@type":"PropertyValueSpecification","valueRequired":true,"valueName":"search_term_string"}}],"inLanguage":"tr"},{"@type":"Person","@id":"https:\/\/kuzeyinsesi.org\/#\/schema\/person\/9f859689cdf01485597712386e37f5aa","name":"Kuzeyin Sesi","image":{"@type":"ImageObject","inLanguage":"tr","@id":"https:\/\/secure.gravatar.com\/avatar\/bab33852abfd8b282518d6ed81826833d77c3c882d9ab608add591ccace47a44?s=96&d=mm&r=g","url":"https:\/\/secure.gravatar.com\/avatar\/bab33852abfd8b282518d6ed81826833d77c3c882d9ab608add591ccace47a44?s=96&d=mm&r=g","contentUrl":"https:\/\/secure.gravatar.com\/avatar\/bab33852abfd8b282518d6ed81826833d77c3c882d9ab608add591ccace47a44?s=96&d=mm&r=g","caption":"Kuzeyin Sesi"},"sameAs":["https:\/\/kuzeyinsesi.org"],"url":"https:\/\/kuzeyinsesi.org\/index.php\/author\/guven\/"}]}},"_links":{"self":[{"href":"https:\/\/kuzeyinsesi.org\/index.php\/wp-json\/wp\/v2\/posts\/31136","targetHints":{"allow":["GET"]}}],"collection":[{"href":"https:\/\/kuzeyinsesi.org\/index.php\/wp-json\/wp\/v2\/posts"}],"about":[{"href":"https:\/\/kuzeyinsesi.org\/index.php\/wp-json\/wp\/v2\/types\/post"}],"author":[{"embeddable":true,"href":"https:\/\/kuzeyinsesi.org\/index.php\/wp-json\/wp\/v2\/users\/1"}],"replies":[{"embeddable":true,"href":"https:\/\/kuzeyinsesi.org\/index.php\/wp-json\/wp\/v2\/comments?post=31136"}],"version-history":[{"count":0,"href":"https:\/\/kuzeyinsesi.org\/index.php\/wp-json\/wp\/v2\/posts\/31136\/revisions"}],"wp:featuredmedia":[{"embeddable":true,"href":"https:\/\/kuzeyinsesi.org\/index.php\/wp-json\/wp\/v2\/media\/30584"}],"wp:attachment":[{"href":"https:\/\/kuzeyinsesi.org\/index.php\/wp-json\/wp\/v2\/media?parent=31136"}],"wp:term":[{"taxonomy":"category","embeddable":true,"href":"https:\/\/kuzeyinsesi.org\/index.php\/wp-json\/wp\/v2\/categories?post=31136"},{"taxonomy":"post_tag","embeddable":true,"href":"https:\/\/kuzeyinsesi.org\/index.php\/wp-json\/wp\/v2\/tags?post=31136"}],"curies":[{"name":"wp","href":"https:\/\/api.w.org\/{rel}","templated":true}]}}