{"id":31128,"date":"2025-09-03T16:51:19","date_gmt":"2025-09-03T13:51:19","guid":{"rendered":"https:\/\/kuzeyinsesi.org\/index.php\/2025\/09\/03\/pakistanin-pencap-eyaletinde-seller-nedeniyle-yaklasik-300-bin-kisi-tahliye-edildi\/"},"modified":"2025-09-03T16:51:19","modified_gmt":"2025-09-03T13:51:19","slug":"pakistanin-pencap-eyaletinde-seller-nedeniyle-yaklasik-300-bin-kisi-tahliye-edildi","status":"publish","type":"post","link":"https:\/\/kuzeyinsesi.org\/index.php\/2025\/09\/03\/pakistanin-pencap-eyaletinde-seller-nedeniyle-yaklasik-300-bin-kisi-tahliye-edildi\/","title":{"rendered":"Pakistan&#039;\u0131n Pencap eyaletinde seller nedeniyle yakla\u015f\u0131k 300 bin ki\u015fi tahliye edildi"},"content":{"rendered":"<p><\/p>\n<div>\n<p>&#13;<br \/>\n\t<a href=\"https:\/\/www.trthaber.com\/etiket\/muson\/\" target=\"_blank\">Muson<\/a> ya\u011f\u0131\u015flar\u0131n\u0131n yol a\u00e7t\u0131\u011f\u0131 sellerde <a href=\"https:\/\/www.trthaber.com\/etiket\/hindistan\/\" target=\"_blank\">Hindistan<\/a> s\u0131n\u0131r\u0131na yak\u0131n Narowal ve Sialkot&#8217;un ard\u0131ndan Muzaffargarh b\u00f6lgesindeki onlarca k\u00f6y sular alt\u0131nda kald\u0131.<\/p>\n<p>&#13;<br \/>\n\tEyaletin Afet Y\u00f6netim Kurumu (PDMA) Genel Direkt\u00f6r\u00fc Arfan Ali Kathia, botlarla y\u00fcr\u00fct\u00fclen arama kurtarma \u00e7al\u0131\u015fmalar\u0131na binlerce g\u00f6revlinin kat\u0131ld\u0131\u011f\u0131n\u0131, <a href=\"https:\/\/www.trthaber.com\/etiket\/ordu\/\" target=\"_blank\">ordu<\/a> birliklerinin de <a href=\"https:\/\/www.trthaber.com\/etiket\/su\/\" target=\"_blank\">su<\/a> alt\u0131nda kalan k\u00f6ylerden insanlar\u0131 ve hayvanlar\u0131 tahliye i\u00e7in g\u00f6revlendirildi\u011fini bildirdi.<\/p>\n<p>&#13;<br \/>\n\tSon 48 saatte yakla\u015f\u0131k 300 bin ki\u015finin g\u00fcvenli b\u00f6lgelere tahliye edildi\u011fini belirten Kathia, eyaletteki 33 bin k\u00f6yde 3,3 milyondan fazla ki\u015finin selden etkilendi\u011fini, hasar tespit \u00e7al\u0131\u015fmalar\u0131n\u0131n s\u00fcrd\u00fc\u011f\u00fcn\u00fc ve evlerini kaybedenlere eyalet y\u00f6netimi taraf\u0131ndan tazminat \u00f6denece\u011fini aktard\u0131.<\/p>\n<p>&#13;<br \/>\n\tKathia, b\u00f6lgedeki barajlarda ve Ravi, \u00c7enab ile Sutlej nehirlerinde su seviyelerinin y\u00fckselmesiyle ta\u015fk\u0131nlar\u0131n ya\u015fand\u0131\u011f\u0131n\u0131 dile getirdi.<\/p>\n<p>&#13;<br \/>\n\tEkiplerin \u00e7at\u0131larda mahsur kalan ki\u015fileri bulmak i\u00e7in insans\u0131z hava ara\u00e7lar\u0131 kulland\u0131\u011f\u0131n\u0131 s\u00f6yleyen Kathia, selden etkilenenler i\u00e7in \u00e7ad\u0131r kentler kuruldu\u011funu, <a href=\"https:\/\/www.trthaber.com\/etiket\/gida\/\" target=\"_blank\">g\u0131da<\/a> ve temel ihtiya\u00e7lar\u0131n da\u011f\u0131t\u0131ld\u0131\u011f\u0131n\u0131 kaydetti.<\/p>\n<p>&#13;<br \/>\n\tPakistan, ge\u00e7en ay selden etkilenen b\u00f6lgelerde toplu tahliyelere ba\u015flam\u0131\u015ft\u0131. Yetkililer, son tahliyelerle yerinden edilenlerin say\u0131s\u0131n\u0131n 1,3 milyona ula\u015ft\u0131\u011f\u0131n\u0131 a\u00e7\u0131klad\u0131.<\/p>\n<h2>&#13;<br \/>\n\tMuson ya\u011fmurlar\u0131<\/h2>\n<p>&#13;<br \/>\n\tG\u00fcney Asya&#8217;da haziran-eyl\u00fcl aylar\u0131nda etkili olan muson ya\u011f\u0131\u015flar\u0131, Hindistan ve <a href=\"https:\/\/www.trthaber.com\/etiket\/pakistan\/\" target=\"_blank\">Pakistan<\/a> ba\u015fta olmak \u00fczere b\u00f6lge \u00fclkelerinde her y\u0131l b\u00fcy\u00fck \u00e7apl\u0131 do\u011fal afetlere ve kazalara yol a\u00e7\u0131yor.<\/p>\n<p>&#13;<br \/>\n\tPakistan genelinde 26 Haziran&#8217;dan bu yana meydana gelen sellerde 800&#8217;den fazla ki\u015fi, Hindistan&#8217;\u0131n Hima\u00e7al Prade\u015f eyaletinde ise haziran ba\u015f\u0131ndan beri yakla\u015f\u0131k 300 ki\u015fi hayat\u0131n\u0131 kaybetti.<\/p>\n<p>&#13;<br \/>\n\tPencap K\u0131demli Bakan\u0131 Maryam Aurangzeb, afeti &#8220;Pencap tarihindeki en b\u00fcy\u00fck <a href=\"https:\/\/www.trthaber.com\/etiket\/sel\/\" target=\"_blank\">sel<\/a> felaketi&#8221; olarak nitelemi\u015f, su seviyesinin ilk kez bu kadar y\u00fckseldi\u011fini ifade etmi\u015fti.<\/p>\n<\/p><\/div>\n","protected":false},"excerpt":{"rendered":"<p>&#13; Muson ya\u011f\u0131\u015flar\u0131n\u0131n yol a\u00e7t\u0131\u011f\u0131 sellerde Hindistan s\u0131n\u0131r\u0131na yak\u0131n Narowal ve Sialkot&#8217;un ard\u0131ndan Muzaffargarh b\u00f6lgesindeki onlarca k\u00f6y sular alt\u0131nda kald\u0131. &#13; Eyaletin Afet Y\u00f6netim Kurumu (PDMA) Genel Direkt\u00f6r\u00fc Arfan Ali Kathia, botlarla y\u00fcr\u00fct\u00fclen arama kurtarma \u00e7al\u0131\u015fmalar\u0131na binlerce g\u00f6revlinin kat\u0131ld\u0131\u011f\u0131n\u0131, ordu birliklerinin de su alt\u0131nda kalan k\u00f6ylerden insanlar\u0131 ve hayvanlar\u0131 tahliye i\u00e7in g\u00f6revlendirildi\u011fini bildirdi. &#13; Son [&hellip;]<\/p>\n","protected":false},"author":1,"featured_media":31129,"comment_status":"open","ping_status":"open","sticky":false,"template":"","format":"standard","meta":{"jnews-multi-image_gallery":[],"jnews_single_post":[],"jnews_primary_category":[],"jnews_social_meta":[],"jnews_override_counter":[],"footnotes":""},"categories":[2],"tags":[],"class_list":["post-31128","post","type-post","status-publish","format-standard","has-post-thumbnail","hentry","category-dunya"],"yoast_head":"<!-- This site is optimized with the Yoast SEO plugin v28.4 - https:\/\/yoast.com\/product\/yoast-seo-wordpress\/ -->\n<title>Pakistan&#039;\u0131n Pencap eyaletinde seller nedeniyle yakla\u015f\u0131k 300 bin ki\u015fi tahliye edildi - Kuzeyin Sesi<\/title>\n<meta name=\"robots\" content=\"index, follow, max-snippet:-1, max-image-preview:large, max-video-preview:-1\" \/>\n<link rel=\"canonical\" href=\"https:\/\/kuzeyinsesi.org\/index.php\/2025\/09\/03\/pakistanin-pencap-eyaletinde-seller-nedeniyle-yaklasik-300-bin-kisi-tahliye-edildi\/\" \/>\n<meta property=\"og:locale\" content=\"tr_TR\" \/>\n<meta property=\"og:type\" content=\"article\" \/>\n<meta property=\"og:title\" content=\"Pakistan&#039;\u0131n Pencap eyaletinde seller nedeniyle yakla\u015f\u0131k 300 bin ki\u015fi tahliye edildi - Kuzeyin Sesi\" \/>\n<meta property=\"og:description\" content=\"&#013; Muson ya\u011f\u0131\u015flar\u0131n\u0131n yol a\u00e7t\u0131\u011f\u0131 sellerde Hindistan s\u0131n\u0131r\u0131na yak\u0131n Narowal ve Sialkot&#8217;un ard\u0131ndan Muzaffargarh b\u00f6lgesindeki onlarca k\u00f6y sular alt\u0131nda kald\u0131. &#013; Eyaletin Afet Y\u00f6netim Kurumu (PDMA) Genel Direkt\u00f6r\u00fc Arfan Ali Kathia, botlarla y\u00fcr\u00fct\u00fclen arama kurtarma \u00e7al\u0131\u015fmalar\u0131na binlerce g\u00f6revlinin kat\u0131ld\u0131\u011f\u0131n\u0131, ordu birliklerinin de su alt\u0131nda kalan k\u00f6ylerden insanlar\u0131 ve hayvanlar\u0131 tahliye i\u00e7in g\u00f6revlendirildi\u011fini bildirdi. &#013; Son [&hellip;]\" \/>\n<meta property=\"og:url\" content=\"https:\/\/kuzeyinsesi.org\/index.php\/2025\/09\/03\/pakistanin-pencap-eyaletinde-seller-nedeniyle-yaklasik-300-bin-kisi-tahliye-edildi\/\" \/>\n<meta property=\"og:site_name\" content=\"Kuzeyin Sesi\" \/>\n<meta property=\"article:publisher\" content=\"https:\/\/www.facebook.com\/kuzeyinsesii\" \/>\n<meta property=\"article:published_time\" content=\"2025-09-03T13:51:19+00:00\" \/>\n<meta property=\"og:image\" content=\"https:\/\/trthaberstatic.cdn.wp.trt.com.tr\/resimler\/2394000\/pncp-a-2394198.jpg\" \/>\n<meta name=\"author\" content=\"Kuzeyin Sesi\" \/>\n<meta name=\"twitter:card\" content=\"summary_large_image\" \/>\n<meta name=\"twitter:creator\" content=\"@kuzeyinsesii\" \/>\n<meta name=\"twitter:site\" content=\"@kuzeyinsesii\" \/>\n<meta name=\"twitter:label1\" content=\"Yazan:\" \/>\n\t<meta name=\"twitter:data1\" content=\"Kuzeyin Sesi\" \/>\n\t<meta name=\"twitter:label2\" content=\"Tahmini okuma s\u00fcresi\" \/>\n\t<meta name=\"twitter:data2\" content=\"2 dakika\" \/>\n<script type=\"application\/ld+json\" class=\"yoast-schema-graph\">{\"@context\":\"https:\\\/\\\/schema.org\",\"@graph\":[{\"@type\":\"Article\",\"@id\":\"https:\\\/\\\/kuzeyinsesi.org\\\/index.php\\\/2025\\\/09\\\/03\\\/pakistanin-pencap-eyaletinde-seller-nedeniyle-yaklasik-300-bin-kisi-tahliye-edildi\\\/#article\",\"isPartOf\":{\"@id\":\"https:\\\/\\\/kuzeyinsesi.org\\\/index.php\\\/2025\\\/09\\\/03\\\/pakistanin-pencap-eyaletinde-seller-nedeniyle-yaklasik-300-bin-kisi-tahliye-edildi\\\/\"},\"author\":{\"name\":\"Kuzeyin Sesi\",\"@id\":\"https:\\\/\\\/kuzeyinsesi.org\\\/#\\\/schema\\\/person\\\/9f859689cdf01485597712386e37f5aa\"},\"headline\":\"Pakistan&#039;\u0131n Pencap eyaletinde seller nedeniyle yakla\u015f\u0131k 300 bin ki\u015fi tahliye edildi\",\"datePublished\":\"2025-09-03T13:51:19+00:00\",\"mainEntityOfPage\":{\"@id\":\"https:\\\/\\\/kuzeyinsesi.org\\\/index.php\\\/2025\\\/09\\\/03\\\/pakistanin-pencap-eyaletinde-seller-nedeniyle-yaklasik-300-bin-kisi-tahliye-edildi\\\/\"},\"wordCount\":333,\"commentCount\":0,\"image\":{\"@id\":\"https:\\\/\\\/kuzeyinsesi.org\\\/index.php\\\/2025\\\/09\\\/03\\\/pakistanin-pencap-eyaletinde-seller-nedeniyle-yaklasik-300-bin-kisi-tahliye-edildi\\\/#primaryimage\"},\"thumbnailUrl\":\"https:\\\/\\\/kuzeyinsesi.org\\\/wp-content\\\/uploads\\\/2025\\\/09\\\/pncp-a-2394198.jpg\",\"articleSection\":[\"D\u00fcnya\"],\"inLanguage\":\"tr\",\"potentialAction\":[{\"@type\":\"CommentAction\",\"name\":\"Comment\",\"target\":[\"https:\\\/\\\/kuzeyinsesi.org\\\/index.php\\\/2025\\\/09\\\/03\\\/pakistanin-pencap-eyaletinde-seller-nedeniyle-yaklasik-300-bin-kisi-tahliye-edildi\\\/#respond\"]}]},{\"@type\":\"WebPage\",\"@id\":\"https:\\\/\\\/kuzeyinsesi.org\\\/index.php\\\/2025\\\/09\\\/03\\\/pakistanin-pencap-eyaletinde-seller-nedeniyle-yaklasik-300-bin-kisi-tahliye-edildi\\\/\",\"url\":\"https:\\\/\\\/kuzeyinsesi.org\\\/index.php\\\/2025\\\/09\\\/03\\\/pakistanin-pencap-eyaletinde-seller-nedeniyle-yaklasik-300-bin-kisi-tahliye-edildi\\\/\",\"name\":\"Pakistan&#039;\u0131n Pencap eyaletinde seller nedeniyle yakla\u015f\u0131k 300 bin ki\u015fi tahliye edildi - Kuzeyin Sesi\",\"isPartOf\":{\"@id\":\"https:\\\/\\\/kuzeyinsesi.org\\\/#website\"},\"primaryImageOfPage\":{\"@id\":\"https:\\\/\\\/kuzeyinsesi.org\\\/index.php\\\/2025\\\/09\\\/03\\\/pakistanin-pencap-eyaletinde-seller-nedeniyle-yaklasik-300-bin-kisi-tahliye-edildi\\\/#primaryimage\"},\"image\":{\"@id\":\"https:\\\/\\\/kuzeyinsesi.org\\\/index.php\\\/2025\\\/09\\\/03\\\/pakistanin-pencap-eyaletinde-seller-nedeniyle-yaklasik-300-bin-kisi-tahliye-edildi\\\/#primaryimage\"},\"thumbnailUrl\":\"https:\\\/\\\/kuzeyinsesi.org\\\/wp-content\\\/uploads\\\/2025\\\/09\\\/pncp-a-2394198.jpg\",\"datePublished\":\"2025-09-03T13:51:19+00:00\",\"author\":{\"@id\":\"https:\\\/\\\/kuzeyinsesi.org\\\/#\\\/schema\\\/person\\\/9f859689cdf01485597712386e37f5aa\"},\"breadcrumb\":{\"@id\":\"https:\\\/\\\/kuzeyinsesi.org\\\/index.php\\\/2025\\\/09\\\/03\\\/pakistanin-pencap-eyaletinde-seller-nedeniyle-yaklasik-300-bin-kisi-tahliye-edildi\\\/#breadcrumb\"},\"inLanguage\":\"tr\",\"potentialAction\":[{\"@type\":\"ReadAction\",\"target\":[\"https:\\\/\\\/kuzeyinsesi.org\\\/index.php\\\/2025\\\/09\\\/03\\\/pakistanin-pencap-eyaletinde-seller-nedeniyle-yaklasik-300-bin-kisi-tahliye-edildi\\\/\"]}]},{\"@type\":\"ImageObject\",\"inLanguage\":\"tr\",\"@id\":\"https:\\\/\\\/kuzeyinsesi.org\\\/index.php\\\/2025\\\/09\\\/03\\\/pakistanin-pencap-eyaletinde-seller-nedeniyle-yaklasik-300-bin-kisi-tahliye-edildi\\\/#primaryimage\",\"url\":\"https:\\\/\\\/kuzeyinsesi.org\\\/wp-content\\\/uploads\\\/2025\\\/09\\\/pncp-a-2394198.jpg\",\"contentUrl\":\"https:\\\/\\\/kuzeyinsesi.org\\\/wp-content\\\/uploads\\\/2025\\\/09\\\/pncp-a-2394198.jpg\",\"width\":1280,\"height\":720},{\"@type\":\"BreadcrumbList\",\"@id\":\"https:\\\/\\\/kuzeyinsesi.org\\\/index.php\\\/2025\\\/09\\\/03\\\/pakistanin-pencap-eyaletinde-seller-nedeniyle-yaklasik-300-bin-kisi-tahliye-edildi\\\/#breadcrumb\",\"itemListElement\":[{\"@type\":\"ListItem\",\"position\":1,\"name\":\"Anasayfa\",\"item\":\"https:\\\/\\\/kuzeyinsesi.org\\\/\"},{\"@type\":\"ListItem\",\"position\":2,\"name\":\"Pakistan&#039;\u0131n Pencap eyaletinde seller nedeniyle yakla\u015f\u0131k 300 bin ki\u015fi tahliye edildi\"}]},{\"@type\":\"WebSite\",\"@id\":\"https:\\\/\\\/kuzeyinsesi.org\\\/#website\",\"url\":\"https:\\\/\\\/kuzeyinsesi.org\\\/\",\"name\":\"Kuzeyin Sesi\",\"description\":\"Do\u011fru Haberin Adresi\",\"potentialAction\":[{\"@type\":\"SearchAction\",\"target\":{\"@type\":\"EntryPoint\",\"urlTemplate\":\"https:\\\/\\\/kuzeyinsesi.org\\\/?s={search_term_string}\"},\"query-input\":{\"@type\":\"PropertyValueSpecification\",\"valueRequired\":true,\"valueName\":\"search_term_string\"}}],\"inLanguage\":\"tr\"},{\"@type\":\"Person\",\"@id\":\"https:\\\/\\\/kuzeyinsesi.org\\\/#\\\/schema\\\/person\\\/9f859689cdf01485597712386e37f5aa\",\"name\":\"Kuzeyin Sesi\",\"image\":{\"@type\":\"ImageObject\",\"inLanguage\":\"tr\",\"@id\":\"https:\\\/\\\/secure.gravatar.com\\\/avatar\\\/bab33852abfd8b282518d6ed81826833d77c3c882d9ab608add591ccace47a44?s=96&d=mm&r=g\",\"url\":\"https:\\\/\\\/secure.gravatar.com\\\/avatar\\\/bab33852abfd8b282518d6ed81826833d77c3c882d9ab608add591ccace47a44?s=96&d=mm&r=g\",\"contentUrl\":\"https:\\\/\\\/secure.gravatar.com\\\/avatar\\\/bab33852abfd8b282518d6ed81826833d77c3c882d9ab608add591ccace47a44?s=96&d=mm&r=g\",\"caption\":\"Kuzeyin Sesi\"},\"sameAs\":[\"https:\\\/\\\/kuzeyinsesi.org\"],\"url\":\"https:\\\/\\\/kuzeyinsesi.org\\\/index.php\\\/author\\\/guven\\\/\"}]}<\/script>\n<!-- \/ Yoast SEO plugin. -->","yoast_head_json":{"title":"Pakistan&#039;\u0131n Pencap eyaletinde seller nedeniyle yakla\u015f\u0131k 300 bin ki\u015fi tahliye edildi - Kuzeyin Sesi","robots":{"index":"index","follow":"follow","max-snippet":"max-snippet:-1","max-image-preview":"max-image-preview:large","max-video-preview":"max-video-preview:-1"},"canonical":"https:\/\/kuzeyinsesi.org\/index.php\/2025\/09\/03\/pakistanin-pencap-eyaletinde-seller-nedeniyle-yaklasik-300-bin-kisi-tahliye-edildi\/","og_locale":"tr_TR","og_type":"article","og_title":"Pakistan&#039;\u0131n Pencap eyaletinde seller nedeniyle yakla\u015f\u0131k 300 bin ki\u015fi tahliye edildi - Kuzeyin Sesi","og_description":"&#13; Muson ya\u011f\u0131\u015flar\u0131n\u0131n yol a\u00e7t\u0131\u011f\u0131 sellerde Hindistan s\u0131n\u0131r\u0131na yak\u0131n Narowal ve Sialkot&#8217;un ard\u0131ndan Muzaffargarh b\u00f6lgesindeki onlarca k\u00f6y sular alt\u0131nda kald\u0131. &#13; Eyaletin Afet Y\u00f6netim Kurumu (PDMA) Genel Direkt\u00f6r\u00fc Arfan Ali Kathia, botlarla y\u00fcr\u00fct\u00fclen arama kurtarma \u00e7al\u0131\u015fmalar\u0131na binlerce g\u00f6revlinin kat\u0131ld\u0131\u011f\u0131n\u0131, ordu birliklerinin de su alt\u0131nda kalan k\u00f6ylerden insanlar\u0131 ve hayvanlar\u0131 tahliye i\u00e7in g\u00f6revlendirildi\u011fini bildirdi. &#13; Son [&hellip;]","og_url":"https:\/\/kuzeyinsesi.org\/index.php\/2025\/09\/03\/pakistanin-pencap-eyaletinde-seller-nedeniyle-yaklasik-300-bin-kisi-tahliye-edildi\/","og_site_name":"Kuzeyin Sesi","article_publisher":"https:\/\/www.facebook.com\/kuzeyinsesii","article_published_time":"2025-09-03T13:51:19+00:00","og_image":[{"url":"https:\/\/trthaberstatic.cdn.wp.trt.com.tr\/resimler\/2394000\/pncp-a-2394198.jpg","type":"","width":"","height":""}],"author":"Kuzeyin Sesi","twitter_card":"summary_large_image","twitter_creator":"@kuzeyinsesii","twitter_site":"@kuzeyinsesii","twitter_misc":{"Yazan:":"Kuzeyin Sesi","Tahmini okuma s\u00fcresi":"2 dakika"},"schema":{"@context":"https:\/\/schema.org","@graph":[{"@type":"Article","@id":"https:\/\/kuzeyinsesi.org\/index.php\/2025\/09\/03\/pakistanin-pencap-eyaletinde-seller-nedeniyle-yaklasik-300-bin-kisi-tahliye-edildi\/#article","isPartOf":{"@id":"https:\/\/kuzeyinsesi.org\/index.php\/2025\/09\/03\/pakistanin-pencap-eyaletinde-seller-nedeniyle-yaklasik-300-bin-kisi-tahliye-edildi\/"},"author":{"name":"Kuzeyin Sesi","@id":"https:\/\/kuzeyinsesi.org\/#\/schema\/person\/9f859689cdf01485597712386e37f5aa"},"headline":"Pakistan&#039;\u0131n Pencap eyaletinde seller nedeniyle yakla\u015f\u0131k 300 bin ki\u015fi tahliye edildi","datePublished":"2025-09-03T13:51:19+00:00","mainEntityOfPage":{"@id":"https:\/\/kuzeyinsesi.org\/index.php\/2025\/09\/03\/pakistanin-pencap-eyaletinde-seller-nedeniyle-yaklasik-300-bin-kisi-tahliye-edildi\/"},"wordCount":333,"commentCount":0,"image":{"@id":"https:\/\/kuzeyinsesi.org\/index.php\/2025\/09\/03\/pakistanin-pencap-eyaletinde-seller-nedeniyle-yaklasik-300-bin-kisi-tahliye-edildi\/#primaryimage"},"thumbnailUrl":"https:\/\/kuzeyinsesi.org\/wp-content\/uploads\/2025\/09\/pncp-a-2394198.jpg","articleSection":["D\u00fcnya"],"inLanguage":"tr","potentialAction":[{"@type":"CommentAction","name":"Comment","target":["https:\/\/kuzeyinsesi.org\/index.php\/2025\/09\/03\/pakistanin-pencap-eyaletinde-seller-nedeniyle-yaklasik-300-bin-kisi-tahliye-edildi\/#respond"]}]},{"@type":"WebPage","@id":"https:\/\/kuzeyinsesi.org\/index.php\/2025\/09\/03\/pakistanin-pencap-eyaletinde-seller-nedeniyle-yaklasik-300-bin-kisi-tahliye-edildi\/","url":"https:\/\/kuzeyinsesi.org\/index.php\/2025\/09\/03\/pakistanin-pencap-eyaletinde-seller-nedeniyle-yaklasik-300-bin-kisi-tahliye-edildi\/","name":"Pakistan&#039;\u0131n Pencap eyaletinde seller nedeniyle yakla\u015f\u0131k 300 bin ki\u015fi tahliye edildi - Kuzeyin Sesi","isPartOf":{"@id":"https:\/\/kuzeyinsesi.org\/#website"},"primaryImageOfPage":{"@id":"https:\/\/kuzeyinsesi.org\/index.php\/2025\/09\/03\/pakistanin-pencap-eyaletinde-seller-nedeniyle-yaklasik-300-bin-kisi-tahliye-edildi\/#primaryimage"},"image":{"@id":"https:\/\/kuzeyinsesi.org\/index.php\/2025\/09\/03\/pakistanin-pencap-eyaletinde-seller-nedeniyle-yaklasik-300-bin-kisi-tahliye-edildi\/#primaryimage"},"thumbnailUrl":"https:\/\/kuzeyinsesi.org\/wp-content\/uploads\/2025\/09\/pncp-a-2394198.jpg","datePublished":"2025-09-03T13:51:19+00:00","author":{"@id":"https:\/\/kuzeyinsesi.org\/#\/schema\/person\/9f859689cdf01485597712386e37f5aa"},"breadcrumb":{"@id":"https:\/\/kuzeyinsesi.org\/index.php\/2025\/09\/03\/pakistanin-pencap-eyaletinde-seller-nedeniyle-yaklasik-300-bin-kisi-tahliye-edildi\/#breadcrumb"},"inLanguage":"tr","potentialAction":[{"@type":"ReadAction","target":["https:\/\/kuzeyinsesi.org\/index.php\/2025\/09\/03\/pakistanin-pencap-eyaletinde-seller-nedeniyle-yaklasik-300-bin-kisi-tahliye-edildi\/"]}]},{"@type":"ImageObject","inLanguage":"tr","@id":"https:\/\/kuzeyinsesi.org\/index.php\/2025\/09\/03\/pakistanin-pencap-eyaletinde-seller-nedeniyle-yaklasik-300-bin-kisi-tahliye-edildi\/#primaryimage","url":"https:\/\/kuzeyinsesi.org\/wp-content\/uploads\/2025\/09\/pncp-a-2394198.jpg","contentUrl":"https:\/\/kuzeyinsesi.org\/wp-content\/uploads\/2025\/09\/pncp-a-2394198.jpg","width":1280,"height":720},{"@type":"BreadcrumbList","@id":"https:\/\/kuzeyinsesi.org\/index.php\/2025\/09\/03\/pakistanin-pencap-eyaletinde-seller-nedeniyle-yaklasik-300-bin-kisi-tahliye-edildi\/#breadcrumb","itemListElement":[{"@type":"ListItem","position":1,"name":"Anasayfa","item":"https:\/\/kuzeyinsesi.org\/"},{"@type":"ListItem","position":2,"name":"Pakistan&#039;\u0131n Pencap eyaletinde seller nedeniyle yakla\u015f\u0131k 300 bin ki\u015fi tahliye edildi"}]},{"@type":"WebSite","@id":"https:\/\/kuzeyinsesi.org\/#website","url":"https:\/\/kuzeyinsesi.org\/","name":"Kuzeyin Sesi","description":"Do\u011fru Haberin Adresi","potentialAction":[{"@type":"SearchAction","target":{"@type":"EntryPoint","urlTemplate":"https:\/\/kuzeyinsesi.org\/?s={search_term_string}"},"query-input":{"@type":"PropertyValueSpecification","valueRequired":true,"valueName":"search_term_string"}}],"inLanguage":"tr"},{"@type":"Person","@id":"https:\/\/kuzeyinsesi.org\/#\/schema\/person\/9f859689cdf01485597712386e37f5aa","name":"Kuzeyin Sesi","image":{"@type":"ImageObject","inLanguage":"tr","@id":"https:\/\/secure.gravatar.com\/avatar\/bab33852abfd8b282518d6ed81826833d77c3c882d9ab608add591ccace47a44?s=96&d=mm&r=g","url":"https:\/\/secure.gravatar.com\/avatar\/bab33852abfd8b282518d6ed81826833d77c3c882d9ab608add591ccace47a44?s=96&d=mm&r=g","contentUrl":"https:\/\/secure.gravatar.com\/avatar\/bab33852abfd8b282518d6ed81826833d77c3c882d9ab608add591ccace47a44?s=96&d=mm&r=g","caption":"Kuzeyin Sesi"},"sameAs":["https:\/\/kuzeyinsesi.org"],"url":"https:\/\/kuzeyinsesi.org\/index.php\/author\/guven\/"}]}},"_links":{"self":[{"href":"https:\/\/kuzeyinsesi.org\/index.php\/wp-json\/wp\/v2\/posts\/31128","targetHints":{"allow":["GET"]}}],"collection":[{"href":"https:\/\/kuzeyinsesi.org\/index.php\/wp-json\/wp\/v2\/posts"}],"about":[{"href":"https:\/\/kuzeyinsesi.org\/index.php\/wp-json\/wp\/v2\/types\/post"}],"author":[{"embeddable":true,"href":"https:\/\/kuzeyinsesi.org\/index.php\/wp-json\/wp\/v2\/users\/1"}],"replies":[{"embeddable":true,"href":"https:\/\/kuzeyinsesi.org\/index.php\/wp-json\/wp\/v2\/comments?post=31128"}],"version-history":[{"count":0,"href":"https:\/\/kuzeyinsesi.org\/index.php\/wp-json\/wp\/v2\/posts\/31128\/revisions"}],"wp:featuredmedia":[{"embeddable":true,"href":"https:\/\/kuzeyinsesi.org\/index.php\/wp-json\/wp\/v2\/media\/31129"}],"wp:attachment":[{"href":"https:\/\/kuzeyinsesi.org\/index.php\/wp-json\/wp\/v2\/media?parent=31128"}],"wp:term":[{"taxonomy":"category","embeddable":true,"href":"https:\/\/kuzeyinsesi.org\/index.php\/wp-json\/wp\/v2\/categories?post=31128"},{"taxonomy":"post_tag","embeddable":true,"href":"https:\/\/kuzeyinsesi.org\/index.php\/wp-json\/wp\/v2\/tags?post=31128"}],"curies":[{"name":"wp","href":"https:\/\/api.w.org\/{rel}","templated":true}]}}