{"id":31118,"date":"2025-09-03T14:16:48","date_gmt":"2025-09-03T11:16:48","guid":{"rendered":"https:\/\/kuzeyinsesi.org\/index.php\/2025\/09\/03\/cindeki-askeri-gecit-torenine-katilan-kim-ilk-kez-cok-tarafli-diplomatik-bir-etkinlikte-yer-aldi\/"},"modified":"2025-09-03T14:16:48","modified_gmt":"2025-09-03T11:16:48","slug":"cindeki-askeri-gecit-torenine-katilan-kim-ilk-kez-cok-tarafli-diplomatik-bir-etkinlikte-yer-aldi","status":"publish","type":"post","link":"https:\/\/kuzeyinsesi.org\/index.php\/2025\/09\/03\/cindeki-askeri-gecit-torenine-katilan-kim-ilk-kez-cok-tarafli-diplomatik-bir-etkinlikte-yer-aldi\/","title":{"rendered":"\u00c7in&#039;deki askeri ge\u00e7it t\u00f6renine kat\u0131lan Kim, ilk kez \u00e7ok tarafl\u0131 diplomatik bir etkinlikte yer ald\u0131"},"content":{"rendered":"<p><\/p>\n<div>\n<p>&#13;<br \/>\n\tKim, ba\u015fkent Pekin&#8217;deki Tiananmen Meydan\u0131&#8217;nda d\u00fczenlenen askeri ge\u00e7it t\u00f6renine kat\u0131lmak \u00fczere Pyongyang&#8217;dan \u00f6zel z\u0131rhl\u0131 trenle \u00c7in&#8217;e geldi.<\/p>\n<p>&#13;<br \/>\n\t<a href=\"https:\/\/www.trthaber.com\/etiket\/cin\/\" target=\"_blank\">\u00c7in<\/a> devlet medyas\u0131nca payla\u015f\u0131lan video ve foto\u011fraflarda, <a href=\"https:\/\/www.trthaber.com\/etiket\/kuzey-kore\/\" target=\"_blank\">Kuzey Kore<\/a> liderinin, \u00c7in Devlet Ba\u015fkan\u0131 \u015ei Cinping&#8217;nin sol taraf\u0131nda durdu\u011fu g\u00f6r\u00fcld\u00fc.<\/p>\n<p>&#13;<br \/>\n\tKim, <a href=\"https:\/\/www.trthaber.com\/etiket\/rusya\/\" target=\"_blank\">Rusya<\/a> Devlet Ba\u015fkan\u0131 Vladimir Putin&#8217;den sonra yabanc\u0131 konuklar\u0131n yer ald\u0131\u011f\u0131 podyuma \u00e7\u0131kan ikinci lider oldu.<\/p>\n<p>&#13;<br \/>\n\tKuzey Kore&#8217;de Kim ailesinin \u00fc\u00e7\u00fcnc\u00fc neslinden Kim, b\u00f6ylece ilk kez \u00e7ok tarafl\u0131, uluslararas\u0131 diplomatik bir etkinli\u011fe kat\u0131lm\u0131\u015f oldu.<\/p>\n<p>&#13;<br \/>\n\tAr\u015fiv kay\u0131tlar\u0131na g\u00f6re Kim, ABD&#8217;nin New York kentinde her y\u0131l d\u00fczenlenen <a href=\"https:\/\/www.trthaber.com\/etiket\/birlesmis-milletler\/\" target=\"_blank\">Birle\u015fmi\u015f Milletler<\/a> Genel Kurulu&#8217;na kat\u0131lm\u0131\u015f de\u011fil.<\/p>\n<h2>&#13;<br \/>\n\tK\u0131z\u0131 da heyette<\/h2>\n<p>&#13;<br \/>\n\tKuzey Kore heyetinde, Kim&#8217;in 12 ya\u015f\u0131nda oldu\u011fu tahmin edilen k\u0131z\u0131 Kim Ju Ae, D\u0131\u015fi\u015fleri Bakan\u0131 Choe Son-hui ve baz\u0131 \u00fcst d\u00fczey yetkililer yer ald\u0131.<\/p>\n<p>&#13;<br \/>\n\tKim Ju Ae&#8217;nin, d\u00fcnya liderlerinin kat\u0131ld\u0131\u011f\u0131 b\u00fcy\u00fck bir toplant\u0131da yer almas\u0131, uluslararas\u0131 bas\u0131nda &#8220;Kim&#8217;in halefi&#8221; olarak de\u011ferlendirilmesine yol a\u00e7t\u0131.<\/p>\n<p>&#13;<br \/>\n\tKim&#8217;in b\u00fcy\u00fckbabas\u0131, Kuzey Kore&#8217;nin kurucusu ve ilk lideri kabul edilen Kim Il-Sung, ilk kez 1959&#8217;da Pekin&#8217;de bir askeri ge\u00e7it t\u00f6renine kat\u0131lm\u0131\u015ft\u0131.<\/p>\n<p><\/p>\n<h2>&#13;<br \/>\n\tSeul ile &#8220;nadir&#8221; temas<\/h2>\n<p>&#13;<br \/>\n\tYonhap ajans\u0131na g\u00f6re, t\u00f6ren kapsam\u0131nda Pekin&#8217;de bulunan <a href=\"https:\/\/www.trthaber.com\/etiket\/guney-kore\/\" target=\"_blank\">G\u00fcney Kore<\/a> Parlamento Ba\u015fkan\u0131 Woo Won-shik, Kuzey Kore lideri Kim ile bir araya geldi.<\/p>\n<p>&#13;<br \/>\n\tG\u00fcney Kore bas\u0131n\u0131nda bu g\u00f6r\u00fc\u015fme, Seul ve Pyongyang y\u00f6netimi temsilcilerini bir araya getiren &#8220;nadir&#8221; bir temas olarak nitelendirildi.<\/p>\n<h2>&#13;<br \/>\n\t\u00d6nceki yurt d\u0131\u015f\u0131 ziyaretleri<\/h2>\n<p>&#13;<br \/>\n\tKim, 2011&#8217;de Kuzey Kore liderli\u011fi g\u00f6revine ba\u015flamas\u0131 sonras\u0131 ilk yurt d\u0131\u015f\u0131 ziyaretini Mart 2018&#8217;de \u00c7in&#8217;e yapm\u0131\u015ft\u0131.<\/p>\n<p>&#13;<br \/>\n\t2018&#8217;de 3 kez \u00c7in&#8217;e, birer kez G\u00fcney Kore ve Singapur&#8217;a giden Kim, 2019&#8217;da birer kez \u00c7in, Vietnam, Rusya ve G\u00fcney Kore&#8217;yi ziyaret etmi\u015fti.<\/p>\n<p>&#13;<br \/>\n\tKim, 2023&#8217;te Rusya&#8217;ya ve 2-3 Eyl\u00fcl&#8217;de de \u00c7in&#8217;e ziyaret ger\u00e7ekle\u015ftirdi.<\/p>\n<p>&#13;<br \/>\n\tOcak 1984 do\u011fumlu Kim Jong-un, 2011 y\u0131l\u0131ndan beri uluslararas\u0131 arenada Kuzey Kore lideri olarak tan\u0131mlan\u0131yor.<\/p>\n<h2>&#13;<br \/>\n\tT\u00f6renler<\/h2>\n<p>&#13;<br \/>\n\tTarihi meydandaki ge\u00e7it t\u00f6reni kapsam\u0131nda \u00c7in, yeni insans\u0131z hava ara\u00e7lar\u0131, siber ve elektronik harp ara\u00e7lar\u0131 ve hipersonik silahlar dahil yeni nesil askeri kapasitelerini sergiliyor.<\/p>\n<p>&#13;<br \/>\n\tT\u00f6rene, Rusya, \u0130ran, Pakistan, Mo\u011folistan, Kuzey Kore, Myanmar, Slovakya, S\u0131rbistan, <a href=\"https:\/\/www.trthaber.com\/etiket\/ozbekistan\/\" target=\"_blank\">\u00d6zbekistan<\/a> ve <a href=\"https:\/\/www.trthaber.com\/etiket\/belarus\/\" target=\"_blank\">Belarus<\/a> dahil 30&#8217;a yak\u0131n \u00fclkenin lideri kat\u0131l\u0131yor.<\/p>\n<p>&#13;<br \/>\n\tD\u0131\u015fi\u015fleri Bakan\u0131 Hakan Fidan, <a href=\"https:\/\/www.trthaber.com\/etiket\/enerji\/\" target=\"_blank\">Enerji<\/a> ve <a href=\"https:\/\/www.trthaber.com\/etiket\/tabii\/\" target=\"_blank\">Tabii<\/a> Kaynaklar Bakan\u0131 <a href=\"https:\/\/www.trthaber.com\/etiket\/alparslan-bayraktar\/\" target=\"_blank\">Alparslan Bayraktar<\/a> ve T\u00fcrkiye&#8217;nin Pekin B\u00fcy\u00fckel\u00e7isi Sel\u00e7uk \u00dcnal da t\u00f6reni protokol trib\u00fcn\u00fcnden izledi.<\/p>\n<p>&#13;<br \/>\n\t\u00c7in&#8217;deki bu t\u00f6renlere, T\u00fcrkiye&#8217;den ilk kez bakan d\u00fczeyinde kat\u0131l\u0131m oldu.<\/p>\n<\/p><\/div>\n","protected":false},"excerpt":{"rendered":"<p>&#13; Kim, ba\u015fkent Pekin&#8217;deki Tiananmen Meydan\u0131&#8217;nda d\u00fczenlenen askeri ge\u00e7it t\u00f6renine kat\u0131lmak \u00fczere Pyongyang&#8217;dan \u00f6zel z\u0131rhl\u0131 trenle \u00c7in&#8217;e geldi. &#13; \u00c7in devlet medyas\u0131nca payla\u015f\u0131lan video ve foto\u011fraflarda, Kuzey Kore liderinin, \u00c7in Devlet Ba\u015fkan\u0131 \u015ei Cinping&#8217;nin sol taraf\u0131nda durdu\u011fu g\u00f6r\u00fcld\u00fc. &#13; Kim, Rusya Devlet Ba\u015fkan\u0131 Vladimir Putin&#8217;den sonra yabanc\u0131 konuklar\u0131n yer ald\u0131\u011f\u0131 podyuma \u00e7\u0131kan ikinci lider oldu. [&hellip;]<\/p>\n","protected":false},"author":1,"featured_media":31119,"comment_status":"open","ping_status":"open","sticky":false,"template":"","format":"standard","meta":{"jnews-multi-image_gallery":[],"jnews_single_post":[],"jnews_primary_category":[],"jnews_social_meta":[],"jnews_override_counter":[],"footnotes":""},"categories":[2],"tags":[],"class_list":["post-31118","post","type-post","status-publish","format-standard","has-post-thumbnail","hentry","category-dunya"],"yoast_head":"<!-- This site is optimized with the Yoast SEO plugin v28.4 - https:\/\/yoast.com\/product\/yoast-seo-wordpress\/ -->\n<title>\u00c7in&#039;deki askeri ge\u00e7it t\u00f6renine kat\u0131lan Kim, ilk kez \u00e7ok tarafl\u0131 diplomatik bir etkinlikte yer ald\u0131 - Kuzeyin Sesi<\/title>\n<meta name=\"robots\" content=\"index, follow, max-snippet:-1, max-image-preview:large, max-video-preview:-1\" \/>\n<link rel=\"canonical\" href=\"https:\/\/kuzeyinsesi.org\/index.php\/2025\/09\/03\/cindeki-askeri-gecit-torenine-katilan-kim-ilk-kez-cok-tarafli-diplomatik-bir-etkinlikte-yer-aldi\/\" \/>\n<meta property=\"og:locale\" content=\"tr_TR\" \/>\n<meta property=\"og:type\" content=\"article\" \/>\n<meta property=\"og:title\" content=\"\u00c7in&#039;deki askeri ge\u00e7it t\u00f6renine kat\u0131lan Kim, ilk kez \u00e7ok tarafl\u0131 diplomatik bir etkinlikte yer ald\u0131 - Kuzeyin Sesi\" \/>\n<meta property=\"og:description\" content=\"&#013; Kim, ba\u015fkent Pekin&#8217;deki Tiananmen Meydan\u0131&#8217;nda d\u00fczenlenen askeri ge\u00e7it t\u00f6renine kat\u0131lmak \u00fczere Pyongyang&#8217;dan \u00f6zel z\u0131rhl\u0131 trenle \u00c7in&#8217;e geldi. &#013; \u00c7in devlet medyas\u0131nca payla\u015f\u0131lan video ve foto\u011fraflarda, Kuzey Kore liderinin, \u00c7in Devlet Ba\u015fkan\u0131 \u015ei Cinping&#8217;nin sol taraf\u0131nda durdu\u011fu g\u00f6r\u00fcld\u00fc. &#013; Kim, Rusya Devlet Ba\u015fkan\u0131 Vladimir Putin&#8217;den sonra yabanc\u0131 konuklar\u0131n yer ald\u0131\u011f\u0131 podyuma \u00e7\u0131kan ikinci lider oldu. [&hellip;]\" \/>\n<meta property=\"og:url\" content=\"https:\/\/kuzeyinsesi.org\/index.php\/2025\/09\/03\/cindeki-askeri-gecit-torenine-katilan-kim-ilk-kez-cok-tarafli-diplomatik-bir-etkinlikte-yer-aldi\/\" \/>\n<meta property=\"og:site_name\" content=\"Kuzeyin Sesi\" \/>\n<meta property=\"article:publisher\" content=\"https:\/\/www.facebook.com\/kuzeyinsesii\" \/>\n<meta property=\"article:published_time\" content=\"2025-09-03T11:16:48+00:00\" \/>\n<meta property=\"og:image\" content=\"https:\/\/www.trthaber.com\/dosyalar\/images\/2025-09-03T005033Z_528337586_RC20KGA5J2M9_RTRMADP_3_WW2-ANNIVERSARY-CHINA.JPG\" \/>\n<meta name=\"author\" content=\"Kuzeyin Sesi\" \/>\n<meta name=\"twitter:card\" content=\"summary_large_image\" \/>\n<meta name=\"twitter:creator\" content=\"@kuzeyinsesii\" \/>\n<meta name=\"twitter:site\" content=\"@kuzeyinsesii\" \/>\n<meta name=\"twitter:label1\" content=\"Yazan:\" \/>\n\t<meta name=\"twitter:data1\" content=\"Kuzeyin Sesi\" \/>\n\t<meta name=\"twitter:label2\" content=\"Tahmini okuma s\u00fcresi\" \/>\n\t<meta name=\"twitter:data2\" content=\"2 dakika\" \/>\n<script type=\"application\/ld+json\" class=\"yoast-schema-graph\">{\"@context\":\"https:\\\/\\\/schema.org\",\"@graph\":[{\"@type\":\"Article\",\"@id\":\"https:\\\/\\\/kuzeyinsesi.org\\\/index.php\\\/2025\\\/09\\\/03\\\/cindeki-askeri-gecit-torenine-katilan-kim-ilk-kez-cok-tarafli-diplomatik-bir-etkinlikte-yer-aldi\\\/#article\",\"isPartOf\":{\"@id\":\"https:\\\/\\\/kuzeyinsesi.org\\\/index.php\\\/2025\\\/09\\\/03\\\/cindeki-askeri-gecit-torenine-katilan-kim-ilk-kez-cok-tarafli-diplomatik-bir-etkinlikte-yer-aldi\\\/\"},\"author\":{\"name\":\"Kuzeyin Sesi\",\"@id\":\"https:\\\/\\\/kuzeyinsesi.org\\\/#\\\/schema\\\/person\\\/9f859689cdf01485597712386e37f5aa\"},\"headline\":\"\u00c7in&#039;deki askeri ge\u00e7it t\u00f6renine kat\u0131lan Kim, ilk kez \u00e7ok tarafl\u0131 diplomatik bir etkinlikte yer ald\u0131\",\"datePublished\":\"2025-09-03T11:16:48+00:00\",\"mainEntityOfPage\":{\"@id\":\"https:\\\/\\\/kuzeyinsesi.org\\\/index.php\\\/2025\\\/09\\\/03\\\/cindeki-askeri-gecit-torenine-katilan-kim-ilk-kez-cok-tarafli-diplomatik-bir-etkinlikte-yer-aldi\\\/\"},\"wordCount\":486,\"commentCount\":0,\"image\":{\"@id\":\"https:\\\/\\\/kuzeyinsesi.org\\\/index.php\\\/2025\\\/09\\\/03\\\/cindeki-askeri-gecit-torenine-katilan-kim-ilk-kez-cok-tarafli-diplomatik-bir-etkinlikte-yer-aldi\\\/#primaryimage\"},\"thumbnailUrl\":\"https:\\\/\\\/kuzeyinsesi.org\\\/wp-content\\\/uploads\\\/2025\\\/09\\\/kim-jong-un-2394163.jpg\",\"articleSection\":[\"D\u00fcnya\"],\"inLanguage\":\"tr\",\"potentialAction\":[{\"@type\":\"CommentAction\",\"name\":\"Comment\",\"target\":[\"https:\\\/\\\/kuzeyinsesi.org\\\/index.php\\\/2025\\\/09\\\/03\\\/cindeki-askeri-gecit-torenine-katilan-kim-ilk-kez-cok-tarafli-diplomatik-bir-etkinlikte-yer-aldi\\\/#respond\"]}]},{\"@type\":\"WebPage\",\"@id\":\"https:\\\/\\\/kuzeyinsesi.org\\\/index.php\\\/2025\\\/09\\\/03\\\/cindeki-askeri-gecit-torenine-katilan-kim-ilk-kez-cok-tarafli-diplomatik-bir-etkinlikte-yer-aldi\\\/\",\"url\":\"https:\\\/\\\/kuzeyinsesi.org\\\/index.php\\\/2025\\\/09\\\/03\\\/cindeki-askeri-gecit-torenine-katilan-kim-ilk-kez-cok-tarafli-diplomatik-bir-etkinlikte-yer-aldi\\\/\",\"name\":\"\u00c7in&#039;deki askeri ge\u00e7it t\u00f6renine kat\u0131lan Kim, ilk kez \u00e7ok tarafl\u0131 diplomatik bir etkinlikte yer ald\u0131 - Kuzeyin Sesi\",\"isPartOf\":{\"@id\":\"https:\\\/\\\/kuzeyinsesi.org\\\/#website\"},\"primaryImageOfPage\":{\"@id\":\"https:\\\/\\\/kuzeyinsesi.org\\\/index.php\\\/2025\\\/09\\\/03\\\/cindeki-askeri-gecit-torenine-katilan-kim-ilk-kez-cok-tarafli-diplomatik-bir-etkinlikte-yer-aldi\\\/#primaryimage\"},\"image\":{\"@id\":\"https:\\\/\\\/kuzeyinsesi.org\\\/index.php\\\/2025\\\/09\\\/03\\\/cindeki-askeri-gecit-torenine-katilan-kim-ilk-kez-cok-tarafli-diplomatik-bir-etkinlikte-yer-aldi\\\/#primaryimage\"},\"thumbnailUrl\":\"https:\\\/\\\/kuzeyinsesi.org\\\/wp-content\\\/uploads\\\/2025\\\/09\\\/kim-jong-un-2394163.jpg\",\"datePublished\":\"2025-09-03T11:16:48+00:00\",\"author\":{\"@id\":\"https:\\\/\\\/kuzeyinsesi.org\\\/#\\\/schema\\\/person\\\/9f859689cdf01485597712386e37f5aa\"},\"breadcrumb\":{\"@id\":\"https:\\\/\\\/kuzeyinsesi.org\\\/index.php\\\/2025\\\/09\\\/03\\\/cindeki-askeri-gecit-torenine-katilan-kim-ilk-kez-cok-tarafli-diplomatik-bir-etkinlikte-yer-aldi\\\/#breadcrumb\"},\"inLanguage\":\"tr\",\"potentialAction\":[{\"@type\":\"ReadAction\",\"target\":[\"https:\\\/\\\/kuzeyinsesi.org\\\/index.php\\\/2025\\\/09\\\/03\\\/cindeki-askeri-gecit-torenine-katilan-kim-ilk-kez-cok-tarafli-diplomatik-bir-etkinlikte-yer-aldi\\\/\"]}]},{\"@type\":\"ImageObject\",\"inLanguage\":\"tr\",\"@id\":\"https:\\\/\\\/kuzeyinsesi.org\\\/index.php\\\/2025\\\/09\\\/03\\\/cindeki-askeri-gecit-torenine-katilan-kim-ilk-kez-cok-tarafli-diplomatik-bir-etkinlikte-yer-aldi\\\/#primaryimage\",\"url\":\"https:\\\/\\\/kuzeyinsesi.org\\\/wp-content\\\/uploads\\\/2025\\\/09\\\/kim-jong-un-2394163.jpg\",\"contentUrl\":\"https:\\\/\\\/kuzeyinsesi.org\\\/wp-content\\\/uploads\\\/2025\\\/09\\\/kim-jong-un-2394163.jpg\",\"width\":1280,\"height\":720},{\"@type\":\"BreadcrumbList\",\"@id\":\"https:\\\/\\\/kuzeyinsesi.org\\\/index.php\\\/2025\\\/09\\\/03\\\/cindeki-askeri-gecit-torenine-katilan-kim-ilk-kez-cok-tarafli-diplomatik-bir-etkinlikte-yer-aldi\\\/#breadcrumb\",\"itemListElement\":[{\"@type\":\"ListItem\",\"position\":1,\"name\":\"Anasayfa\",\"item\":\"https:\\\/\\\/kuzeyinsesi.org\\\/\"},{\"@type\":\"ListItem\",\"position\":2,\"name\":\"\u00c7in&#039;deki askeri ge\u00e7it t\u00f6renine kat\u0131lan Kim, ilk kez \u00e7ok tarafl\u0131 diplomatik bir etkinlikte yer ald\u0131\"}]},{\"@type\":\"WebSite\",\"@id\":\"https:\\\/\\\/kuzeyinsesi.org\\\/#website\",\"url\":\"https:\\\/\\\/kuzeyinsesi.org\\\/\",\"name\":\"Kuzeyin Sesi\",\"description\":\"Do\u011fru Haberin Adresi\",\"potentialAction\":[{\"@type\":\"SearchAction\",\"target\":{\"@type\":\"EntryPoint\",\"urlTemplate\":\"https:\\\/\\\/kuzeyinsesi.org\\\/?s={search_term_string}\"},\"query-input\":{\"@type\":\"PropertyValueSpecification\",\"valueRequired\":true,\"valueName\":\"search_term_string\"}}],\"inLanguage\":\"tr\"},{\"@type\":\"Person\",\"@id\":\"https:\\\/\\\/kuzeyinsesi.org\\\/#\\\/schema\\\/person\\\/9f859689cdf01485597712386e37f5aa\",\"name\":\"Kuzeyin Sesi\",\"image\":{\"@type\":\"ImageObject\",\"inLanguage\":\"tr\",\"@id\":\"https:\\\/\\\/secure.gravatar.com\\\/avatar\\\/bab33852abfd8b282518d6ed81826833d77c3c882d9ab608add591ccace47a44?s=96&d=mm&r=g\",\"url\":\"https:\\\/\\\/secure.gravatar.com\\\/avatar\\\/bab33852abfd8b282518d6ed81826833d77c3c882d9ab608add591ccace47a44?s=96&d=mm&r=g\",\"contentUrl\":\"https:\\\/\\\/secure.gravatar.com\\\/avatar\\\/bab33852abfd8b282518d6ed81826833d77c3c882d9ab608add591ccace47a44?s=96&d=mm&r=g\",\"caption\":\"Kuzeyin Sesi\"},\"sameAs\":[\"https:\\\/\\\/kuzeyinsesi.org\"],\"url\":\"https:\\\/\\\/kuzeyinsesi.org\\\/index.php\\\/author\\\/guven\\\/\"}]}<\/script>\n<!-- \/ Yoast SEO plugin. -->","yoast_head_json":{"title":"\u00c7in&#039;deki askeri ge\u00e7it t\u00f6renine kat\u0131lan Kim, ilk kez \u00e7ok tarafl\u0131 diplomatik bir etkinlikte yer ald\u0131 - Kuzeyin Sesi","robots":{"index":"index","follow":"follow","max-snippet":"max-snippet:-1","max-image-preview":"max-image-preview:large","max-video-preview":"max-video-preview:-1"},"canonical":"https:\/\/kuzeyinsesi.org\/index.php\/2025\/09\/03\/cindeki-askeri-gecit-torenine-katilan-kim-ilk-kez-cok-tarafli-diplomatik-bir-etkinlikte-yer-aldi\/","og_locale":"tr_TR","og_type":"article","og_title":"\u00c7in&#039;deki askeri ge\u00e7it t\u00f6renine kat\u0131lan Kim, ilk kez \u00e7ok tarafl\u0131 diplomatik bir etkinlikte yer ald\u0131 - Kuzeyin Sesi","og_description":"&#13; Kim, ba\u015fkent Pekin&#8217;deki Tiananmen Meydan\u0131&#8217;nda d\u00fczenlenen askeri ge\u00e7it t\u00f6renine kat\u0131lmak \u00fczere Pyongyang&#8217;dan \u00f6zel z\u0131rhl\u0131 trenle \u00c7in&#8217;e geldi. &#13; \u00c7in devlet medyas\u0131nca payla\u015f\u0131lan video ve foto\u011fraflarda, Kuzey Kore liderinin, \u00c7in Devlet Ba\u015fkan\u0131 \u015ei Cinping&#8217;nin sol taraf\u0131nda durdu\u011fu g\u00f6r\u00fcld\u00fc. &#13; Kim, Rusya Devlet Ba\u015fkan\u0131 Vladimir Putin&#8217;den sonra yabanc\u0131 konuklar\u0131n yer ald\u0131\u011f\u0131 podyuma \u00e7\u0131kan ikinci lider oldu. [&hellip;]","og_url":"https:\/\/kuzeyinsesi.org\/index.php\/2025\/09\/03\/cindeki-askeri-gecit-torenine-katilan-kim-ilk-kez-cok-tarafli-diplomatik-bir-etkinlikte-yer-aldi\/","og_site_name":"Kuzeyin Sesi","article_publisher":"https:\/\/www.facebook.com\/kuzeyinsesii","article_published_time":"2025-09-03T11:16:48+00:00","og_image":[{"url":"https:\/\/www.trthaber.com\/dosyalar\/images\/2025-09-03T005033Z_528337586_RC20KGA5J2M9_RTRMADP_3_WW2-ANNIVERSARY-CHINA.JPG","type":"","width":"","height":""}],"author":"Kuzeyin Sesi","twitter_card":"summary_large_image","twitter_creator":"@kuzeyinsesii","twitter_site":"@kuzeyinsesii","twitter_misc":{"Yazan:":"Kuzeyin Sesi","Tahmini okuma s\u00fcresi":"2 dakika"},"schema":{"@context":"https:\/\/schema.org","@graph":[{"@type":"Article","@id":"https:\/\/kuzeyinsesi.org\/index.php\/2025\/09\/03\/cindeki-askeri-gecit-torenine-katilan-kim-ilk-kez-cok-tarafli-diplomatik-bir-etkinlikte-yer-aldi\/#article","isPartOf":{"@id":"https:\/\/kuzeyinsesi.org\/index.php\/2025\/09\/03\/cindeki-askeri-gecit-torenine-katilan-kim-ilk-kez-cok-tarafli-diplomatik-bir-etkinlikte-yer-aldi\/"},"author":{"name":"Kuzeyin Sesi","@id":"https:\/\/kuzeyinsesi.org\/#\/schema\/person\/9f859689cdf01485597712386e37f5aa"},"headline":"\u00c7in&#039;deki askeri ge\u00e7it t\u00f6renine kat\u0131lan Kim, ilk kez \u00e7ok tarafl\u0131 diplomatik bir etkinlikte yer ald\u0131","datePublished":"2025-09-03T11:16:48+00:00","mainEntityOfPage":{"@id":"https:\/\/kuzeyinsesi.org\/index.php\/2025\/09\/03\/cindeki-askeri-gecit-torenine-katilan-kim-ilk-kez-cok-tarafli-diplomatik-bir-etkinlikte-yer-aldi\/"},"wordCount":486,"commentCount":0,"image":{"@id":"https:\/\/kuzeyinsesi.org\/index.php\/2025\/09\/03\/cindeki-askeri-gecit-torenine-katilan-kim-ilk-kez-cok-tarafli-diplomatik-bir-etkinlikte-yer-aldi\/#primaryimage"},"thumbnailUrl":"https:\/\/kuzeyinsesi.org\/wp-content\/uploads\/2025\/09\/kim-jong-un-2394163.jpg","articleSection":["D\u00fcnya"],"inLanguage":"tr","potentialAction":[{"@type":"CommentAction","name":"Comment","target":["https:\/\/kuzeyinsesi.org\/index.php\/2025\/09\/03\/cindeki-askeri-gecit-torenine-katilan-kim-ilk-kez-cok-tarafli-diplomatik-bir-etkinlikte-yer-aldi\/#respond"]}]},{"@type":"WebPage","@id":"https:\/\/kuzeyinsesi.org\/index.php\/2025\/09\/03\/cindeki-askeri-gecit-torenine-katilan-kim-ilk-kez-cok-tarafli-diplomatik-bir-etkinlikte-yer-aldi\/","url":"https:\/\/kuzeyinsesi.org\/index.php\/2025\/09\/03\/cindeki-askeri-gecit-torenine-katilan-kim-ilk-kez-cok-tarafli-diplomatik-bir-etkinlikte-yer-aldi\/","name":"\u00c7in&#039;deki askeri ge\u00e7it t\u00f6renine kat\u0131lan Kim, ilk kez \u00e7ok tarafl\u0131 diplomatik bir etkinlikte yer ald\u0131 - Kuzeyin Sesi","isPartOf":{"@id":"https:\/\/kuzeyinsesi.org\/#website"},"primaryImageOfPage":{"@id":"https:\/\/kuzeyinsesi.org\/index.php\/2025\/09\/03\/cindeki-askeri-gecit-torenine-katilan-kim-ilk-kez-cok-tarafli-diplomatik-bir-etkinlikte-yer-aldi\/#primaryimage"},"image":{"@id":"https:\/\/kuzeyinsesi.org\/index.php\/2025\/09\/03\/cindeki-askeri-gecit-torenine-katilan-kim-ilk-kez-cok-tarafli-diplomatik-bir-etkinlikte-yer-aldi\/#primaryimage"},"thumbnailUrl":"https:\/\/kuzeyinsesi.org\/wp-content\/uploads\/2025\/09\/kim-jong-un-2394163.jpg","datePublished":"2025-09-03T11:16:48+00:00","author":{"@id":"https:\/\/kuzeyinsesi.org\/#\/schema\/person\/9f859689cdf01485597712386e37f5aa"},"breadcrumb":{"@id":"https:\/\/kuzeyinsesi.org\/index.php\/2025\/09\/03\/cindeki-askeri-gecit-torenine-katilan-kim-ilk-kez-cok-tarafli-diplomatik-bir-etkinlikte-yer-aldi\/#breadcrumb"},"inLanguage":"tr","potentialAction":[{"@type":"ReadAction","target":["https:\/\/kuzeyinsesi.org\/index.php\/2025\/09\/03\/cindeki-askeri-gecit-torenine-katilan-kim-ilk-kez-cok-tarafli-diplomatik-bir-etkinlikte-yer-aldi\/"]}]},{"@type":"ImageObject","inLanguage":"tr","@id":"https:\/\/kuzeyinsesi.org\/index.php\/2025\/09\/03\/cindeki-askeri-gecit-torenine-katilan-kim-ilk-kez-cok-tarafli-diplomatik-bir-etkinlikte-yer-aldi\/#primaryimage","url":"https:\/\/kuzeyinsesi.org\/wp-content\/uploads\/2025\/09\/kim-jong-un-2394163.jpg","contentUrl":"https:\/\/kuzeyinsesi.org\/wp-content\/uploads\/2025\/09\/kim-jong-un-2394163.jpg","width":1280,"height":720},{"@type":"BreadcrumbList","@id":"https:\/\/kuzeyinsesi.org\/index.php\/2025\/09\/03\/cindeki-askeri-gecit-torenine-katilan-kim-ilk-kez-cok-tarafli-diplomatik-bir-etkinlikte-yer-aldi\/#breadcrumb","itemListElement":[{"@type":"ListItem","position":1,"name":"Anasayfa","item":"https:\/\/kuzeyinsesi.org\/"},{"@type":"ListItem","position":2,"name":"\u00c7in&#039;deki askeri ge\u00e7it t\u00f6renine kat\u0131lan Kim, ilk kez \u00e7ok tarafl\u0131 diplomatik bir etkinlikte yer ald\u0131"}]},{"@type":"WebSite","@id":"https:\/\/kuzeyinsesi.org\/#website","url":"https:\/\/kuzeyinsesi.org\/","name":"Kuzeyin Sesi","description":"Do\u011fru Haberin Adresi","potentialAction":[{"@type":"SearchAction","target":{"@type":"EntryPoint","urlTemplate":"https:\/\/kuzeyinsesi.org\/?s={search_term_string}"},"query-input":{"@type":"PropertyValueSpecification","valueRequired":true,"valueName":"search_term_string"}}],"inLanguage":"tr"},{"@type":"Person","@id":"https:\/\/kuzeyinsesi.org\/#\/schema\/person\/9f859689cdf01485597712386e37f5aa","name":"Kuzeyin Sesi","image":{"@type":"ImageObject","inLanguage":"tr","@id":"https:\/\/secure.gravatar.com\/avatar\/bab33852abfd8b282518d6ed81826833d77c3c882d9ab608add591ccace47a44?s=96&d=mm&r=g","url":"https:\/\/secure.gravatar.com\/avatar\/bab33852abfd8b282518d6ed81826833d77c3c882d9ab608add591ccace47a44?s=96&d=mm&r=g","contentUrl":"https:\/\/secure.gravatar.com\/avatar\/bab33852abfd8b282518d6ed81826833d77c3c882d9ab608add591ccace47a44?s=96&d=mm&r=g","caption":"Kuzeyin Sesi"},"sameAs":["https:\/\/kuzeyinsesi.org"],"url":"https:\/\/kuzeyinsesi.org\/index.php\/author\/guven\/"}]}},"_links":{"self":[{"href":"https:\/\/kuzeyinsesi.org\/index.php\/wp-json\/wp\/v2\/posts\/31118","targetHints":{"allow":["GET"]}}],"collection":[{"href":"https:\/\/kuzeyinsesi.org\/index.php\/wp-json\/wp\/v2\/posts"}],"about":[{"href":"https:\/\/kuzeyinsesi.org\/index.php\/wp-json\/wp\/v2\/types\/post"}],"author":[{"embeddable":true,"href":"https:\/\/kuzeyinsesi.org\/index.php\/wp-json\/wp\/v2\/users\/1"}],"replies":[{"embeddable":true,"href":"https:\/\/kuzeyinsesi.org\/index.php\/wp-json\/wp\/v2\/comments?post=31118"}],"version-history":[{"count":0,"href":"https:\/\/kuzeyinsesi.org\/index.php\/wp-json\/wp\/v2\/posts\/31118\/revisions"}],"wp:featuredmedia":[{"embeddable":true,"href":"https:\/\/kuzeyinsesi.org\/index.php\/wp-json\/wp\/v2\/media\/31119"}],"wp:attachment":[{"href":"https:\/\/kuzeyinsesi.org\/index.php\/wp-json\/wp\/v2\/media?parent=31118"}],"wp:term":[{"taxonomy":"category","embeddable":true,"href":"https:\/\/kuzeyinsesi.org\/index.php\/wp-json\/wp\/v2\/categories?post=31118"},{"taxonomy":"post_tag","embeddable":true,"href":"https:\/\/kuzeyinsesi.org\/index.php\/wp-json\/wp\/v2\/tags?post=31118"}],"curies":[{"name":"wp","href":"https:\/\/api.w.org\/{rel}","templated":true}]}}