{"id":31103,"date":"2025-09-03T09:29:25","date_gmt":"2025-09-03T06:29:25","guid":{"rendered":"https:\/\/kuzeyinsesi.org\/index.php\/2025\/09\/03\/ingilterede-enerji-icecekleri-16-yas-altina-yasaklandi\/"},"modified":"2025-09-03T09:29:25","modified_gmt":"2025-09-03T06:29:25","slug":"ingilterede-enerji-icecekleri-16-yas-altina-yasaklandi","status":"publish","type":"post","link":"https:\/\/kuzeyinsesi.org\/index.php\/2025\/09\/03\/ingilterede-enerji-icecekleri-16-yas-altina-yasaklandi\/","title":{"rendered":"\u0130ngiltere&#039;de enerji i\u00e7ecekleri 16 ya\u015f alt\u0131na yasakland\u0131"},"content":{"rendered":"<p><\/p>\n<div>\n<p>&#13;<br \/>\n\tRed Bull, Monster, Relentless ve Prime gibi i\u00e7ecekleri kapsayan yasa\u011fa g\u00f6re, litre ba\u015f\u0131na 150 miligramdan fazla kafein i\u00e7eren \u00fcr\u00fcnlerin 16 ya\u015f alt\u0131na sat\u0131\u015f\u0131 art\u0131k yasal olmayacak. Coca-Cola, Pepsi, \u00e7ay ve <a href=\"https:\/\/www.trthaber.com\/etiket\/kahve\/\" target=\"_blank\">kahve<\/a> gibi daha d\u00fc\u015f\u00fck kafeinli i\u00e7ecekler ise kapsam d\u0131\u015f\u0131nda b\u0131rak\u0131ld\u0131.<\/p>\n<p>&#13;<br \/>\n\tSa\u011fl\u0131k Bakan\u0131 Wes Streeting, \u201c\u00c7ocuklar\u0131n her g\u00fcn \u00e7ift espressoya e\u015fde\u011fer kafein t\u00fcketmesi kabul edilemez. Bu i\u00e7ecekler masum g\u00f6r\u00fcnse de <a href=\"https:\/\/www.trthaber.com\/etiket\/uyku\/\" target=\"_blank\">uyku<\/a> d\u00fczenini, konsantrasyonu ve sa\u011fl\u0131\u011f\u0131 bozuyor, \u015fekerli olanlar ise di\u015flere zarar verip obeziteyi art\u0131r\u0131yor\u201d dedi.<\/p>\n<h2>&#13;<br \/>\n\t<a href=\"https:\/\/www.trthaber.com\/etiket\/cocuk\/\" target=\"_blank\">\u00c7ocuk<\/a> sa\u011fl\u0131\u011f\u0131na etkileri<\/h2>\n<p>&#13;<br \/>\n\tResm\u00ee verilere g\u00f6re, \u0130ngiltere\u2019de yakla\u015f\u0131k 100 bin \u00e7ocuk her g\u00fcn en az bir y\u00fcksek kafeinli <a href=\"https:\/\/www.trthaber.com\/etiket\/enerji\/\" target=\"_blank\">enerji<\/a> i\u00e7ece\u011fi t\u00fcketiyor. Uzmanlar, bu i\u00e7eceklerin uyku sorunlar\u0131, <a href=\"https:\/\/www.trthaber.com\/etiket\/kaygi\/\" target=\"_blank\">kayg\u0131<\/a> art\u0131\u015f\u0131, dikkat da\u011f\u0131n\u0131kl\u0131\u011f\u0131 ve okul ba\u015far\u0131s\u0131nda d\u00fc\u015f\u00fc\u015fe yol a\u00e7t\u0131\u011f\u0131n\u0131 belirtiyor. Ayr\u0131ca y\u00fcksek \u015feker oran\u0131 <a href=\"https:\/\/www.trthaber.com\/etiket\/obezite\/\" target=\"_blank\">obezite<\/a> ve di\u015f \u00e7\u00fcr\u00fcmesi riskini art\u0131r\u0131yor.<\/p>\n<p>&#13;<br \/>\n\tObezite Sa\u011fl\u0131k \u0130ttifak\u0131 Direkt\u00f6r\u00fc Katharine Jenner yasa\u011f\u0131 \u201c\u00e7ocuklar\u0131n fiziksel, ruhsal ve di\u015f sa\u011fl\u0131\u011f\u0131 i\u00e7in kan\u0131ta dayal\u0131 mant\u0131kl\u0131 bir ad\u0131m\u201d diye nitelendirdi. Action on Sugar\u2019dan Dr. Kawther Hashem ise \u201cbu i\u00e7ecekler gereksiz ve zararl\u0131, yasak \u00e7ocuklar\u0131 korumak i\u00e7in \u015fart\u201d ifadelerini kulland\u0131.<\/p>\n<h2>&#13;<br \/>\n\tMarketler \u00f6nceden k\u0131s\u0131tlama getirmi\u015fti<\/h2>\n<p>&#13;<br \/>\n\tB\u00fcy\u00fck s\u00fcpermarket zincirleri Tesco, Sainsbury\u2019s, Asda, Morrisons ve Waitrose \u00e7ocuklara enerji i\u00e7ece\u011fi sat\u0131\u015f\u0131n\u0131 daha \u00f6nce durdurmu\u015ftu. Ancak h\u00fck\u00fcmet, k\u00fc\u00e7\u00fck bakkal ve b\u00fcfelerde sat\u0131\u015flar\u0131n s\u00fcrd\u00fc\u011f\u00fcn\u00fc vurgulad\u0131.<\/p>\n<p>&#13;<br \/>\n\tYeni d\u00fczenlemenin 12 haftal\u0131k bir isti\u015fare s\u00fcreci sonras\u0131 y\u00fcr\u00fcrl\u00fc\u011fe girmesi bekleniyor. Yasa\u011f\u0131n ard\u0131ndan okullarda ve otomatlarda da sat\u0131\u015f\u0131n engellenmesi planlan\u0131yor.<\/p>\n<h2>&#13;<br \/>\n\t\u015eirketlerden a\u00e7\u0131klama<\/h2>\n<p>&#13;<br \/>\n\t\u0130ngiliz Me\u015frubat Derne\u011fi Genel Direkt\u00f6r\u00fc Gavin Partington, \u00fcreticilerin \u00fcr\u00fcnlerini 16 ya\u015f alt\u0131na pazarlamad\u0131\u011f\u0131n\u0131 savunarak, sekt\u00f6r\u00fcn uzun s\u00fcredir kendi i\u00e7 t\u00fcz\u00fc\u011f\u00fcyle d\u00fczenleme yapt\u0131\u011f\u0131n\u0131 hat\u0131rlatt\u0131.<\/p>\n<p>&#13;<br \/>\n\tUzmanlara g\u00f6re yasa\u011f\u0131n kapsaml\u0131 uygulanmas\u0131, \u00e7ocuklar\u0131n sa\u011fl\u0131\u011f\u0131n\u0131 korumada kritik rol oynayacak.<\/p>\n<\/p><\/div>\n","protected":false},"excerpt":{"rendered":"<p>&#13; Red Bull, Monster, Relentless ve Prime gibi i\u00e7ecekleri kapsayan yasa\u011fa g\u00f6re, litre ba\u015f\u0131na 150 miligramdan fazla kafein i\u00e7eren \u00fcr\u00fcnlerin 16 ya\u015f alt\u0131na sat\u0131\u015f\u0131 art\u0131k yasal olmayacak. Coca-Cola, Pepsi, \u00e7ay ve kahve gibi daha d\u00fc\u015f\u00fck kafeinli i\u00e7ecekler ise kapsam d\u0131\u015f\u0131nda b\u0131rak\u0131ld\u0131. &#13; Sa\u011fl\u0131k Bakan\u0131 Wes Streeting, \u201c\u00c7ocuklar\u0131n her g\u00fcn \u00e7ift espressoya e\u015fde\u011fer kafein t\u00fcketmesi kabul [&hellip;]<\/p>\n","protected":false},"author":1,"featured_media":31104,"comment_status":"open","ping_status":"open","sticky":false,"template":"","format":"standard","meta":{"jnews-multi-image_gallery":[],"jnews_single_post":[],"jnews_primary_category":[],"jnews_social_meta":[],"jnews_override_counter":[],"footnotes":""},"categories":[2],"tags":[],"class_list":["post-31103","post","type-post","status-publish","format-standard","has-post-thumbnail","hentry","category-dunya"],"yoast_head":"<!-- This site is optimized with the Yoast SEO plugin v28.4 - https:\/\/yoast.com\/product\/yoast-seo-wordpress\/ -->\n<title>\u0130ngiltere&#039;de enerji i\u00e7ecekleri 16 ya\u015f alt\u0131na yasakland\u0131 - Kuzeyin Sesi<\/title>\n<meta name=\"robots\" content=\"index, follow, max-snippet:-1, max-image-preview:large, max-video-preview:-1\" \/>\n<link rel=\"canonical\" href=\"https:\/\/kuzeyinsesi.org\/index.php\/2025\/09\/03\/ingilterede-enerji-icecekleri-16-yas-altina-yasaklandi\/\" \/>\n<meta property=\"og:locale\" content=\"tr_TR\" \/>\n<meta property=\"og:type\" content=\"article\" \/>\n<meta property=\"og:title\" content=\"\u0130ngiltere&#039;de enerji i\u00e7ecekleri 16 ya\u015f alt\u0131na yasakland\u0131 - Kuzeyin Sesi\" \/>\n<meta property=\"og:description\" content=\"&#013; Red Bull, Monster, Relentless ve Prime gibi i\u00e7ecekleri kapsayan yasa\u011fa g\u00f6re, litre ba\u015f\u0131na 150 miligramdan fazla kafein i\u00e7eren \u00fcr\u00fcnlerin 16 ya\u015f alt\u0131na sat\u0131\u015f\u0131 art\u0131k yasal olmayacak. Coca-Cola, Pepsi, \u00e7ay ve kahve gibi daha d\u00fc\u015f\u00fck kafeinli i\u00e7ecekler ise kapsam d\u0131\u015f\u0131nda b\u0131rak\u0131ld\u0131. &#013; Sa\u011fl\u0131k Bakan\u0131 Wes Streeting, \u201c\u00c7ocuklar\u0131n her g\u00fcn \u00e7ift espressoya e\u015fde\u011fer kafein t\u00fcketmesi kabul [&hellip;]\" \/>\n<meta property=\"og:url\" content=\"https:\/\/kuzeyinsesi.org\/index.php\/2025\/09\/03\/ingilterede-enerji-icecekleri-16-yas-altina-yasaklandi\/\" \/>\n<meta property=\"og:site_name\" content=\"Kuzeyin Sesi\" \/>\n<meta property=\"article:publisher\" content=\"https:\/\/www.facebook.com\/kuzeyinsesii\" \/>\n<meta property=\"article:published_time\" content=\"2025-09-03T06:29:25+00:00\" \/>\n<meta property=\"og:image\" content=\"https:\/\/trthaberstatic.cdn.wp.trt.com.tr\/resimler\/1694000\/depozito-kutu-icecek-depophotos-1694911.jpg\" \/>\n<meta name=\"author\" content=\"Kuzeyin Sesi\" \/>\n<meta name=\"twitter:card\" content=\"summary_large_image\" \/>\n<meta name=\"twitter:creator\" content=\"@kuzeyinsesii\" \/>\n<meta name=\"twitter:site\" content=\"@kuzeyinsesii\" \/>\n<meta name=\"twitter:label1\" content=\"Yazan:\" \/>\n\t<meta name=\"twitter:data1\" content=\"Kuzeyin Sesi\" \/>\n\t<meta name=\"twitter:label2\" content=\"Tahmini okuma s\u00fcresi\" \/>\n\t<meta name=\"twitter:data2\" content=\"2 dakika\" \/>\n<script type=\"application\/ld+json\" class=\"yoast-schema-graph\">{\"@context\":\"https:\\\/\\\/schema.org\",\"@graph\":[{\"@type\":\"Article\",\"@id\":\"https:\\\/\\\/kuzeyinsesi.org\\\/index.php\\\/2025\\\/09\\\/03\\\/ingilterede-enerji-icecekleri-16-yas-altina-yasaklandi\\\/#article\",\"isPartOf\":{\"@id\":\"https:\\\/\\\/kuzeyinsesi.org\\\/index.php\\\/2025\\\/09\\\/03\\\/ingilterede-enerji-icecekleri-16-yas-altina-yasaklandi\\\/\"},\"author\":{\"name\":\"Kuzeyin Sesi\",\"@id\":\"https:\\\/\\\/kuzeyinsesi.org\\\/#\\\/schema\\\/person\\\/9f859689cdf01485597712386e37f5aa\"},\"headline\":\"\u0130ngiltere&#039;de enerji i\u00e7ecekleri 16 ya\u015f alt\u0131na yasakland\u0131\",\"datePublished\":\"2025-09-03T06:29:25+00:00\",\"mainEntityOfPage\":{\"@id\":\"https:\\\/\\\/kuzeyinsesi.org\\\/index.php\\\/2025\\\/09\\\/03\\\/ingilterede-enerji-icecekleri-16-yas-altina-yasaklandi\\\/\"},\"wordCount\":364,\"commentCount\":0,\"image\":{\"@id\":\"https:\\\/\\\/kuzeyinsesi.org\\\/index.php\\\/2025\\\/09\\\/03\\\/ingilterede-enerji-icecekleri-16-yas-altina-yasaklandi\\\/#primaryimage\"},\"thumbnailUrl\":\"https:\\\/\\\/kuzeyinsesi.org\\\/wp-content\\\/uploads\\\/2025\\\/09\\\/depozito-kutu-icecek-depophotos-1694911.jpg\",\"articleSection\":[\"D\u00fcnya\"],\"inLanguage\":\"tr\",\"potentialAction\":[{\"@type\":\"CommentAction\",\"name\":\"Comment\",\"target\":[\"https:\\\/\\\/kuzeyinsesi.org\\\/index.php\\\/2025\\\/09\\\/03\\\/ingilterede-enerji-icecekleri-16-yas-altina-yasaklandi\\\/#respond\"]}]},{\"@type\":\"WebPage\",\"@id\":\"https:\\\/\\\/kuzeyinsesi.org\\\/index.php\\\/2025\\\/09\\\/03\\\/ingilterede-enerji-icecekleri-16-yas-altina-yasaklandi\\\/\",\"url\":\"https:\\\/\\\/kuzeyinsesi.org\\\/index.php\\\/2025\\\/09\\\/03\\\/ingilterede-enerji-icecekleri-16-yas-altina-yasaklandi\\\/\",\"name\":\"\u0130ngiltere&#039;de enerji i\u00e7ecekleri 16 ya\u015f alt\u0131na yasakland\u0131 - Kuzeyin Sesi\",\"isPartOf\":{\"@id\":\"https:\\\/\\\/kuzeyinsesi.org\\\/#website\"},\"primaryImageOfPage\":{\"@id\":\"https:\\\/\\\/kuzeyinsesi.org\\\/index.php\\\/2025\\\/09\\\/03\\\/ingilterede-enerji-icecekleri-16-yas-altina-yasaklandi\\\/#primaryimage\"},\"image\":{\"@id\":\"https:\\\/\\\/kuzeyinsesi.org\\\/index.php\\\/2025\\\/09\\\/03\\\/ingilterede-enerji-icecekleri-16-yas-altina-yasaklandi\\\/#primaryimage\"},\"thumbnailUrl\":\"https:\\\/\\\/kuzeyinsesi.org\\\/wp-content\\\/uploads\\\/2025\\\/09\\\/depozito-kutu-icecek-depophotos-1694911.jpg\",\"datePublished\":\"2025-09-03T06:29:25+00:00\",\"author\":{\"@id\":\"https:\\\/\\\/kuzeyinsesi.org\\\/#\\\/schema\\\/person\\\/9f859689cdf01485597712386e37f5aa\"},\"breadcrumb\":{\"@id\":\"https:\\\/\\\/kuzeyinsesi.org\\\/index.php\\\/2025\\\/09\\\/03\\\/ingilterede-enerji-icecekleri-16-yas-altina-yasaklandi\\\/#breadcrumb\"},\"inLanguage\":\"tr\",\"potentialAction\":[{\"@type\":\"ReadAction\",\"target\":[\"https:\\\/\\\/kuzeyinsesi.org\\\/index.php\\\/2025\\\/09\\\/03\\\/ingilterede-enerji-icecekleri-16-yas-altina-yasaklandi\\\/\"]}]},{\"@type\":\"ImageObject\",\"inLanguage\":\"tr\",\"@id\":\"https:\\\/\\\/kuzeyinsesi.org\\\/index.php\\\/2025\\\/09\\\/03\\\/ingilterede-enerji-icecekleri-16-yas-altina-yasaklandi\\\/#primaryimage\",\"url\":\"https:\\\/\\\/kuzeyinsesi.org\\\/wp-content\\\/uploads\\\/2025\\\/09\\\/depozito-kutu-icecek-depophotos-1694911.jpg\",\"contentUrl\":\"https:\\\/\\\/kuzeyinsesi.org\\\/wp-content\\\/uploads\\\/2025\\\/09\\\/depozito-kutu-icecek-depophotos-1694911.jpg\",\"width\":1280,\"height\":720},{\"@type\":\"BreadcrumbList\",\"@id\":\"https:\\\/\\\/kuzeyinsesi.org\\\/index.php\\\/2025\\\/09\\\/03\\\/ingilterede-enerji-icecekleri-16-yas-altina-yasaklandi\\\/#breadcrumb\",\"itemListElement\":[{\"@type\":\"ListItem\",\"position\":1,\"name\":\"Anasayfa\",\"item\":\"https:\\\/\\\/kuzeyinsesi.org\\\/\"},{\"@type\":\"ListItem\",\"position\":2,\"name\":\"\u0130ngiltere&#039;de enerji i\u00e7ecekleri 16 ya\u015f alt\u0131na yasakland\u0131\"}]},{\"@type\":\"WebSite\",\"@id\":\"https:\\\/\\\/kuzeyinsesi.org\\\/#website\",\"url\":\"https:\\\/\\\/kuzeyinsesi.org\\\/\",\"name\":\"Kuzeyin Sesi\",\"description\":\"Do\u011fru Haberin Adresi\",\"potentialAction\":[{\"@type\":\"SearchAction\",\"target\":{\"@type\":\"EntryPoint\",\"urlTemplate\":\"https:\\\/\\\/kuzeyinsesi.org\\\/?s={search_term_string}\"},\"query-input\":{\"@type\":\"PropertyValueSpecification\",\"valueRequired\":true,\"valueName\":\"search_term_string\"}}],\"inLanguage\":\"tr\"},{\"@type\":\"Person\",\"@id\":\"https:\\\/\\\/kuzeyinsesi.org\\\/#\\\/schema\\\/person\\\/9f859689cdf01485597712386e37f5aa\",\"name\":\"Kuzeyin Sesi\",\"image\":{\"@type\":\"ImageObject\",\"inLanguage\":\"tr\",\"@id\":\"https:\\\/\\\/secure.gravatar.com\\\/avatar\\\/bab33852abfd8b282518d6ed81826833d77c3c882d9ab608add591ccace47a44?s=96&d=mm&r=g\",\"url\":\"https:\\\/\\\/secure.gravatar.com\\\/avatar\\\/bab33852abfd8b282518d6ed81826833d77c3c882d9ab608add591ccace47a44?s=96&d=mm&r=g\",\"contentUrl\":\"https:\\\/\\\/secure.gravatar.com\\\/avatar\\\/bab33852abfd8b282518d6ed81826833d77c3c882d9ab608add591ccace47a44?s=96&d=mm&r=g\",\"caption\":\"Kuzeyin Sesi\"},\"sameAs\":[\"https:\\\/\\\/kuzeyinsesi.org\"],\"url\":\"https:\\\/\\\/kuzeyinsesi.org\\\/index.php\\\/author\\\/guven\\\/\"}]}<\/script>\n<!-- \/ Yoast SEO plugin. -->","yoast_head_json":{"title":"\u0130ngiltere&#039;de enerji i\u00e7ecekleri 16 ya\u015f alt\u0131na yasakland\u0131 - Kuzeyin Sesi","robots":{"index":"index","follow":"follow","max-snippet":"max-snippet:-1","max-image-preview":"max-image-preview:large","max-video-preview":"max-video-preview:-1"},"canonical":"https:\/\/kuzeyinsesi.org\/index.php\/2025\/09\/03\/ingilterede-enerji-icecekleri-16-yas-altina-yasaklandi\/","og_locale":"tr_TR","og_type":"article","og_title":"\u0130ngiltere&#039;de enerji i\u00e7ecekleri 16 ya\u015f alt\u0131na yasakland\u0131 - Kuzeyin Sesi","og_description":"&#13; Red Bull, Monster, Relentless ve Prime gibi i\u00e7ecekleri kapsayan yasa\u011fa g\u00f6re, litre ba\u015f\u0131na 150 miligramdan fazla kafein i\u00e7eren \u00fcr\u00fcnlerin 16 ya\u015f alt\u0131na sat\u0131\u015f\u0131 art\u0131k yasal olmayacak. Coca-Cola, Pepsi, \u00e7ay ve kahve gibi daha d\u00fc\u015f\u00fck kafeinli i\u00e7ecekler ise kapsam d\u0131\u015f\u0131nda b\u0131rak\u0131ld\u0131. &#13; Sa\u011fl\u0131k Bakan\u0131 Wes Streeting, \u201c\u00c7ocuklar\u0131n her g\u00fcn \u00e7ift espressoya e\u015fde\u011fer kafein t\u00fcketmesi kabul [&hellip;]","og_url":"https:\/\/kuzeyinsesi.org\/index.php\/2025\/09\/03\/ingilterede-enerji-icecekleri-16-yas-altina-yasaklandi\/","og_site_name":"Kuzeyin Sesi","article_publisher":"https:\/\/www.facebook.com\/kuzeyinsesii","article_published_time":"2025-09-03T06:29:25+00:00","og_image":[{"url":"https:\/\/trthaberstatic.cdn.wp.trt.com.tr\/resimler\/1694000\/depozito-kutu-icecek-depophotos-1694911.jpg","type":"","width":"","height":""}],"author":"Kuzeyin Sesi","twitter_card":"summary_large_image","twitter_creator":"@kuzeyinsesii","twitter_site":"@kuzeyinsesii","twitter_misc":{"Yazan:":"Kuzeyin Sesi","Tahmini okuma s\u00fcresi":"2 dakika"},"schema":{"@context":"https:\/\/schema.org","@graph":[{"@type":"Article","@id":"https:\/\/kuzeyinsesi.org\/index.php\/2025\/09\/03\/ingilterede-enerji-icecekleri-16-yas-altina-yasaklandi\/#article","isPartOf":{"@id":"https:\/\/kuzeyinsesi.org\/index.php\/2025\/09\/03\/ingilterede-enerji-icecekleri-16-yas-altina-yasaklandi\/"},"author":{"name":"Kuzeyin Sesi","@id":"https:\/\/kuzeyinsesi.org\/#\/schema\/person\/9f859689cdf01485597712386e37f5aa"},"headline":"\u0130ngiltere&#039;de enerji i\u00e7ecekleri 16 ya\u015f alt\u0131na yasakland\u0131","datePublished":"2025-09-03T06:29:25+00:00","mainEntityOfPage":{"@id":"https:\/\/kuzeyinsesi.org\/index.php\/2025\/09\/03\/ingilterede-enerji-icecekleri-16-yas-altina-yasaklandi\/"},"wordCount":364,"commentCount":0,"image":{"@id":"https:\/\/kuzeyinsesi.org\/index.php\/2025\/09\/03\/ingilterede-enerji-icecekleri-16-yas-altina-yasaklandi\/#primaryimage"},"thumbnailUrl":"https:\/\/kuzeyinsesi.org\/wp-content\/uploads\/2025\/09\/depozito-kutu-icecek-depophotos-1694911.jpg","articleSection":["D\u00fcnya"],"inLanguage":"tr","potentialAction":[{"@type":"CommentAction","name":"Comment","target":["https:\/\/kuzeyinsesi.org\/index.php\/2025\/09\/03\/ingilterede-enerji-icecekleri-16-yas-altina-yasaklandi\/#respond"]}]},{"@type":"WebPage","@id":"https:\/\/kuzeyinsesi.org\/index.php\/2025\/09\/03\/ingilterede-enerji-icecekleri-16-yas-altina-yasaklandi\/","url":"https:\/\/kuzeyinsesi.org\/index.php\/2025\/09\/03\/ingilterede-enerji-icecekleri-16-yas-altina-yasaklandi\/","name":"\u0130ngiltere&#039;de enerji i\u00e7ecekleri 16 ya\u015f alt\u0131na yasakland\u0131 - Kuzeyin Sesi","isPartOf":{"@id":"https:\/\/kuzeyinsesi.org\/#website"},"primaryImageOfPage":{"@id":"https:\/\/kuzeyinsesi.org\/index.php\/2025\/09\/03\/ingilterede-enerji-icecekleri-16-yas-altina-yasaklandi\/#primaryimage"},"image":{"@id":"https:\/\/kuzeyinsesi.org\/index.php\/2025\/09\/03\/ingilterede-enerji-icecekleri-16-yas-altina-yasaklandi\/#primaryimage"},"thumbnailUrl":"https:\/\/kuzeyinsesi.org\/wp-content\/uploads\/2025\/09\/depozito-kutu-icecek-depophotos-1694911.jpg","datePublished":"2025-09-03T06:29:25+00:00","author":{"@id":"https:\/\/kuzeyinsesi.org\/#\/schema\/person\/9f859689cdf01485597712386e37f5aa"},"breadcrumb":{"@id":"https:\/\/kuzeyinsesi.org\/index.php\/2025\/09\/03\/ingilterede-enerji-icecekleri-16-yas-altina-yasaklandi\/#breadcrumb"},"inLanguage":"tr","potentialAction":[{"@type":"ReadAction","target":["https:\/\/kuzeyinsesi.org\/index.php\/2025\/09\/03\/ingilterede-enerji-icecekleri-16-yas-altina-yasaklandi\/"]}]},{"@type":"ImageObject","inLanguage":"tr","@id":"https:\/\/kuzeyinsesi.org\/index.php\/2025\/09\/03\/ingilterede-enerji-icecekleri-16-yas-altina-yasaklandi\/#primaryimage","url":"https:\/\/kuzeyinsesi.org\/wp-content\/uploads\/2025\/09\/depozito-kutu-icecek-depophotos-1694911.jpg","contentUrl":"https:\/\/kuzeyinsesi.org\/wp-content\/uploads\/2025\/09\/depozito-kutu-icecek-depophotos-1694911.jpg","width":1280,"height":720},{"@type":"BreadcrumbList","@id":"https:\/\/kuzeyinsesi.org\/index.php\/2025\/09\/03\/ingilterede-enerji-icecekleri-16-yas-altina-yasaklandi\/#breadcrumb","itemListElement":[{"@type":"ListItem","position":1,"name":"Anasayfa","item":"https:\/\/kuzeyinsesi.org\/"},{"@type":"ListItem","position":2,"name":"\u0130ngiltere&#039;de enerji i\u00e7ecekleri 16 ya\u015f alt\u0131na yasakland\u0131"}]},{"@type":"WebSite","@id":"https:\/\/kuzeyinsesi.org\/#website","url":"https:\/\/kuzeyinsesi.org\/","name":"Kuzeyin Sesi","description":"Do\u011fru Haberin Adresi","potentialAction":[{"@type":"SearchAction","target":{"@type":"EntryPoint","urlTemplate":"https:\/\/kuzeyinsesi.org\/?s={search_term_string}"},"query-input":{"@type":"PropertyValueSpecification","valueRequired":true,"valueName":"search_term_string"}}],"inLanguage":"tr"},{"@type":"Person","@id":"https:\/\/kuzeyinsesi.org\/#\/schema\/person\/9f859689cdf01485597712386e37f5aa","name":"Kuzeyin Sesi","image":{"@type":"ImageObject","inLanguage":"tr","@id":"https:\/\/secure.gravatar.com\/avatar\/bab33852abfd8b282518d6ed81826833d77c3c882d9ab608add591ccace47a44?s=96&d=mm&r=g","url":"https:\/\/secure.gravatar.com\/avatar\/bab33852abfd8b282518d6ed81826833d77c3c882d9ab608add591ccace47a44?s=96&d=mm&r=g","contentUrl":"https:\/\/secure.gravatar.com\/avatar\/bab33852abfd8b282518d6ed81826833d77c3c882d9ab608add591ccace47a44?s=96&d=mm&r=g","caption":"Kuzeyin Sesi"},"sameAs":["https:\/\/kuzeyinsesi.org"],"url":"https:\/\/kuzeyinsesi.org\/index.php\/author\/guven\/"}]}},"_links":{"self":[{"href":"https:\/\/kuzeyinsesi.org\/index.php\/wp-json\/wp\/v2\/posts\/31103","targetHints":{"allow":["GET"]}}],"collection":[{"href":"https:\/\/kuzeyinsesi.org\/index.php\/wp-json\/wp\/v2\/posts"}],"about":[{"href":"https:\/\/kuzeyinsesi.org\/index.php\/wp-json\/wp\/v2\/types\/post"}],"author":[{"embeddable":true,"href":"https:\/\/kuzeyinsesi.org\/index.php\/wp-json\/wp\/v2\/users\/1"}],"replies":[{"embeddable":true,"href":"https:\/\/kuzeyinsesi.org\/index.php\/wp-json\/wp\/v2\/comments?post=31103"}],"version-history":[{"count":0,"href":"https:\/\/kuzeyinsesi.org\/index.php\/wp-json\/wp\/v2\/posts\/31103\/revisions"}],"wp:featuredmedia":[{"embeddable":true,"href":"https:\/\/kuzeyinsesi.org\/index.php\/wp-json\/wp\/v2\/media\/31104"}],"wp:attachment":[{"href":"https:\/\/kuzeyinsesi.org\/index.php\/wp-json\/wp\/v2\/media?parent=31103"}],"wp:term":[{"taxonomy":"category","embeddable":true,"href":"https:\/\/kuzeyinsesi.org\/index.php\/wp-json\/wp\/v2\/categories?post=31103"},{"taxonomy":"post_tag","embeddable":true,"href":"https:\/\/kuzeyinsesi.org\/index.php\/wp-json\/wp\/v2\/tags?post=31103"}],"curies":[{"name":"wp","href":"https:\/\/api.w.org\/{rel}","templated":true}]}}