{"id":31099,"date":"2025-09-03T07:25:29","date_gmt":"2025-09-03T04:25:29","guid":{"rendered":"https:\/\/kuzeyinsesi.org\/index.php\/2025\/09\/03\/iki-icecek-sac-dokulmesi-ve-erken-beyazlamayi-tetikliyor\/"},"modified":"2025-09-03T07:25:29","modified_gmt":"2025-09-03T04:25:29","slug":"iki-icecek-sac-dokulmesi-ve-erken-beyazlamayi-tetikliyor","status":"publish","type":"post","link":"https:\/\/kuzeyinsesi.org\/index.php\/2025\/09\/03\/iki-icecek-sac-dokulmesi-ve-erken-beyazlamayi-tetikliyor\/","title":{"rendered":"\u0130ki i\u00e7ecek sa\u00e7 d\u00f6k\u00fclmesi ve erken beyazlamay\u0131 tetikliyor"},"content":{"rendered":"<p><\/p>\n<div>\n<p>&#13;<br \/>\n\tBardaktaki i\u00e7ece\u011finiz, ba\u015f\u0131n\u0131zdaki sa\u00e7lara zarar veriyor olabilir.<\/p>\n<p>&#13;<br \/>\n\tYeni bir bilimsel derleme, Amerika\u2019da en \u00e7ok t\u00fcketilen iki i\u00e7ece\u011fin sa\u00e7 d\u00f6k\u00fclmesi ve erken beyazlamay\u0131 tetikleyebilece\u011fini ortaya koydu. Ama umut var: Yayg\u0131n bulunan basit bir takviye sa\u00e7lar\u0131n\u0131z\u0131 korumaya yard\u0131mc\u0131 olabilir.<\/p>\n<p>&#13;<br \/>\n\tHaftada 3,5 litreden fazla \u015fekerli i\u00e7ecek t\u00fcketiminin \u00f6zellikle erkeklerde sa\u00e7 d\u00f6k\u00fclmesiyle ili\u015fkili oldu\u011fu belirtildi. Uzmanlar, fazla \u015fekerin sa\u00e7 derisinde ya\u011f \u00fcretimini art\u0131rarak iltihap ve tahri\u015fe yol a\u00e7t\u0131\u011f\u0131n\u0131, bunun da sa\u00e7 k\u00f6klerine zarar verdi\u011fini ifade ediyor.<\/p>\n<p>&#13;<br \/>\n\tAlkol\u00fcn ise v\u00fccudu susuz b\u0131rakt\u0131\u011f\u0131, besin emilimini bozdu\u011fu ve hormon dengesini olumsuz etkiledi\u011fi, ayr\u0131ca oksidatif stresi art\u0131rarak sa\u00e7 k\u00f6klerini ve sa\u00e7 rengini veren melanin \u00fcretimini zedeledi\u011fi kaydedildi.<\/p>\n<h2>&#13;<br \/>\n\t\u00c7\u00f6z\u00fcm: D vitamini ve dengeli beslenme<\/h2>\n<p>&#13;<br \/>\n\t\u0130ncelenen be\u015f farkl\u0131 \u00e7al\u0131\u015fmada, D vitamini seviyelerinin y\u00fcksek olmas\u0131n\u0131n sa\u00e7 d\u00f6k\u00fclmesini azaltt\u0131\u011f\u0131 ve sa\u00e7 b\u00fcy\u00fcmesini destekledi\u011fi g\u00f6r\u00fcld\u00fc. Ara\u015ft\u0131rmac\u0131lar ayr\u0131ca demir, protein, soya \u00fcr\u00fcnleri ve brokoli ile lahana gibi sebzelerin de sa\u00e7 sa\u011fl\u0131\u011f\u0131na katk\u0131 sa\u011flad\u0131\u011f\u0131n\u0131 belirtiyor.<\/p>\n<p>&#13;<br \/>\n\tUzmanlar, takviyelerin yan\u0131 s\u0131ra gerekli durumlarda ila\u00e7 tedavisi, lazer uygulamalar\u0131 ve sa\u00e7 ekimi gibi y\u00f6ntemlerin de devreye girebilece\u011fini hat\u0131rlat\u0131yor.<\/p>\n<p>&#13;<br \/>\n\tDermatolog Dr. Susan Massick, \u201cSa\u00e7 d\u00f6k\u00fclmesi belirginle\u015fmeden \u00f6nlem almak \u00f6nemlidir\u201d uyar\u0131s\u0131nda bulundu.<\/p>\n<\/p><\/div>\n","protected":false},"excerpt":{"rendered":"<p>&#13; Bardaktaki i\u00e7ece\u011finiz, ba\u015f\u0131n\u0131zdaki sa\u00e7lara zarar veriyor olabilir. &#13; Yeni bir bilimsel derleme, Amerika\u2019da en \u00e7ok t\u00fcketilen iki i\u00e7ece\u011fin sa\u00e7 d\u00f6k\u00fclmesi ve erken beyazlamay\u0131 tetikleyebilece\u011fini ortaya koydu. Ama umut var: Yayg\u0131n bulunan basit bir takviye sa\u00e7lar\u0131n\u0131z\u0131 korumaya yard\u0131mc\u0131 olabilir. &#13; Haftada 3,5 litreden fazla \u015fekerli i\u00e7ecek t\u00fcketiminin \u00f6zellikle erkeklerde sa\u00e7 d\u00f6k\u00fclmesiyle ili\u015fkili oldu\u011fu belirtildi. Uzmanlar, [&hellip;]<\/p>\n","protected":false},"author":1,"featured_media":31100,"comment_status":"open","ping_status":"open","sticky":false,"template":"","format":"standard","meta":{"jnews-multi-image_gallery":[],"jnews_single_post":[],"jnews_primary_category":[],"jnews_social_meta":[],"jnews_override_counter":[],"footnotes":""},"categories":[2],"tags":[],"class_list":["post-31099","post","type-post","status-publish","format-standard","has-post-thumbnail","hentry","category-dunya"],"yoast_head":"<!-- This site is optimized with the Yoast SEO plugin v27.5 - https:\/\/yoast.com\/product\/yoast-seo-wordpress\/ -->\n<title>\u0130ki i\u00e7ecek sa\u00e7 d\u00f6k\u00fclmesi ve erken beyazlamay\u0131 tetikliyor - Kuzeyin Sesi<\/title>\n<meta name=\"robots\" content=\"index, follow, max-snippet:-1, max-image-preview:large, max-video-preview:-1\" \/>\n<link rel=\"canonical\" href=\"https:\/\/kuzeyinsesi.org\/index.php\/2025\/09\/03\/iki-icecek-sac-dokulmesi-ve-erken-beyazlamayi-tetikliyor\/\" \/>\n<meta property=\"og:locale\" content=\"tr_TR\" \/>\n<meta property=\"og:type\" content=\"article\" \/>\n<meta property=\"og:title\" content=\"\u0130ki i\u00e7ecek sa\u00e7 d\u00f6k\u00fclmesi ve erken beyazlamay\u0131 tetikliyor - Kuzeyin Sesi\" \/>\n<meta property=\"og:description\" content=\"&#013; Bardaktaki i\u00e7ece\u011finiz, ba\u015f\u0131n\u0131zdaki sa\u00e7lara zarar veriyor olabilir. &#013; Yeni bir bilimsel derleme, Amerika\u2019da en \u00e7ok t\u00fcketilen iki i\u00e7ece\u011fin sa\u00e7 d\u00f6k\u00fclmesi ve erken beyazlamay\u0131 tetikleyebilece\u011fini ortaya koydu. Ama umut var: Yayg\u0131n bulunan basit bir takviye sa\u00e7lar\u0131n\u0131z\u0131 korumaya yard\u0131mc\u0131 olabilir. &#013; Haftada 3,5 litreden fazla \u015fekerli i\u00e7ecek t\u00fcketiminin \u00f6zellikle erkeklerde sa\u00e7 d\u00f6k\u00fclmesiyle ili\u015fkili oldu\u011fu belirtildi. Uzmanlar, [&hellip;]\" \/>\n<meta property=\"og:url\" content=\"https:\/\/kuzeyinsesi.org\/index.php\/2025\/09\/03\/iki-icecek-sac-dokulmesi-ve-erken-beyazlamayi-tetikliyor\/\" \/>\n<meta property=\"og:site_name\" content=\"Kuzeyin Sesi\" \/>\n<meta property=\"article:publisher\" content=\"https:\/\/www.facebook.com\/kuzeyinsesii\" \/>\n<meta property=\"article:published_time\" content=\"2025-09-03T04:25:29+00:00\" \/>\n<meta property=\"og:image\" content=\"https:\/\/trthaberstatic.cdn.wp.trt.com.tr\/resimler\/1886000\/kel-kellik-afp-1886883.jpg\" \/>\n<meta name=\"author\" content=\"Kuzeyin Sesi\" \/>\n<meta name=\"twitter:card\" content=\"summary_large_image\" \/>\n<meta name=\"twitter:creator\" content=\"@kuzeyinsesii\" \/>\n<meta name=\"twitter:site\" content=\"@kuzeyinsesii\" \/>\n<meta name=\"twitter:label1\" content=\"Yazan:\" \/>\n\t<meta name=\"twitter:data1\" content=\"Kuzeyin Sesi\" \/>\n\t<meta name=\"twitter:label2\" content=\"Tahmini okuma s\u00fcresi\" \/>\n\t<meta name=\"twitter:data2\" content=\"1 dakika\" \/>\n<script type=\"application\/ld+json\" class=\"yoast-schema-graph\">{\"@context\":\"https:\\\/\\\/schema.org\",\"@graph\":[{\"@type\":\"Article\",\"@id\":\"https:\\\/\\\/kuzeyinsesi.org\\\/index.php\\\/2025\\\/09\\\/03\\\/iki-icecek-sac-dokulmesi-ve-erken-beyazlamayi-tetikliyor\\\/#article\",\"isPartOf\":{\"@id\":\"https:\\\/\\\/kuzeyinsesi.org\\\/index.php\\\/2025\\\/09\\\/03\\\/iki-icecek-sac-dokulmesi-ve-erken-beyazlamayi-tetikliyor\\\/\"},\"author\":{\"name\":\"Kuzeyin Sesi\",\"@id\":\"https:\\\/\\\/kuzeyinsesi.org\\\/#\\\/schema\\\/person\\\/9f859689cdf01485597712386e37f5aa\"},\"headline\":\"\u0130ki i\u00e7ecek sa\u00e7 d\u00f6k\u00fclmesi ve erken beyazlamay\u0131 tetikliyor\",\"datePublished\":\"2025-09-03T04:25:29+00:00\",\"mainEntityOfPage\":{\"@id\":\"https:\\\/\\\/kuzeyinsesi.org\\\/index.php\\\/2025\\\/09\\\/03\\\/iki-icecek-sac-dokulmesi-ve-erken-beyazlamayi-tetikliyor\\\/\"},\"wordCount\":250,\"commentCount\":0,\"image\":{\"@id\":\"https:\\\/\\\/kuzeyinsesi.org\\\/index.php\\\/2025\\\/09\\\/03\\\/iki-icecek-sac-dokulmesi-ve-erken-beyazlamayi-tetikliyor\\\/#primaryimage\"},\"thumbnailUrl\":\"https:\\\/\\\/kuzeyinsesi.org\\\/wp-content\\\/uploads\\\/2025\\\/09\\\/kel-kellik-afp-1886883.jpg\",\"articleSection\":[\"D\u00fcnya\"],\"inLanguage\":\"tr\",\"potentialAction\":[{\"@type\":\"CommentAction\",\"name\":\"Comment\",\"target\":[\"https:\\\/\\\/kuzeyinsesi.org\\\/index.php\\\/2025\\\/09\\\/03\\\/iki-icecek-sac-dokulmesi-ve-erken-beyazlamayi-tetikliyor\\\/#respond\"]}]},{\"@type\":\"WebPage\",\"@id\":\"https:\\\/\\\/kuzeyinsesi.org\\\/index.php\\\/2025\\\/09\\\/03\\\/iki-icecek-sac-dokulmesi-ve-erken-beyazlamayi-tetikliyor\\\/\",\"url\":\"https:\\\/\\\/kuzeyinsesi.org\\\/index.php\\\/2025\\\/09\\\/03\\\/iki-icecek-sac-dokulmesi-ve-erken-beyazlamayi-tetikliyor\\\/\",\"name\":\"\u0130ki i\u00e7ecek sa\u00e7 d\u00f6k\u00fclmesi ve erken beyazlamay\u0131 tetikliyor - Kuzeyin Sesi\",\"isPartOf\":{\"@id\":\"https:\\\/\\\/kuzeyinsesi.org\\\/#website\"},\"primaryImageOfPage\":{\"@id\":\"https:\\\/\\\/kuzeyinsesi.org\\\/index.php\\\/2025\\\/09\\\/03\\\/iki-icecek-sac-dokulmesi-ve-erken-beyazlamayi-tetikliyor\\\/#primaryimage\"},\"image\":{\"@id\":\"https:\\\/\\\/kuzeyinsesi.org\\\/index.php\\\/2025\\\/09\\\/03\\\/iki-icecek-sac-dokulmesi-ve-erken-beyazlamayi-tetikliyor\\\/#primaryimage\"},\"thumbnailUrl\":\"https:\\\/\\\/kuzeyinsesi.org\\\/wp-content\\\/uploads\\\/2025\\\/09\\\/kel-kellik-afp-1886883.jpg\",\"datePublished\":\"2025-09-03T04:25:29+00:00\",\"author\":{\"@id\":\"https:\\\/\\\/kuzeyinsesi.org\\\/#\\\/schema\\\/person\\\/9f859689cdf01485597712386e37f5aa\"},\"breadcrumb\":{\"@id\":\"https:\\\/\\\/kuzeyinsesi.org\\\/index.php\\\/2025\\\/09\\\/03\\\/iki-icecek-sac-dokulmesi-ve-erken-beyazlamayi-tetikliyor\\\/#breadcrumb\"},\"inLanguage\":\"tr\",\"potentialAction\":[{\"@type\":\"ReadAction\",\"target\":[\"https:\\\/\\\/kuzeyinsesi.org\\\/index.php\\\/2025\\\/09\\\/03\\\/iki-icecek-sac-dokulmesi-ve-erken-beyazlamayi-tetikliyor\\\/\"]}]},{\"@type\":\"ImageObject\",\"inLanguage\":\"tr\",\"@id\":\"https:\\\/\\\/kuzeyinsesi.org\\\/index.php\\\/2025\\\/09\\\/03\\\/iki-icecek-sac-dokulmesi-ve-erken-beyazlamayi-tetikliyor\\\/#primaryimage\",\"url\":\"https:\\\/\\\/kuzeyinsesi.org\\\/wp-content\\\/uploads\\\/2025\\\/09\\\/kel-kellik-afp-1886883.jpg\",\"contentUrl\":\"https:\\\/\\\/kuzeyinsesi.org\\\/wp-content\\\/uploads\\\/2025\\\/09\\\/kel-kellik-afp-1886883.jpg\",\"width\":1280,\"height\":720},{\"@type\":\"BreadcrumbList\",\"@id\":\"https:\\\/\\\/kuzeyinsesi.org\\\/index.php\\\/2025\\\/09\\\/03\\\/iki-icecek-sac-dokulmesi-ve-erken-beyazlamayi-tetikliyor\\\/#breadcrumb\",\"itemListElement\":[{\"@type\":\"ListItem\",\"position\":1,\"name\":\"Anasayfa\",\"item\":\"https:\\\/\\\/kuzeyinsesi.org\\\/\"},{\"@type\":\"ListItem\",\"position\":2,\"name\":\"\u0130ki i\u00e7ecek sa\u00e7 d\u00f6k\u00fclmesi ve erken beyazlamay\u0131 tetikliyor\"}]},{\"@type\":\"WebSite\",\"@id\":\"https:\\\/\\\/kuzeyinsesi.org\\\/#website\",\"url\":\"https:\\\/\\\/kuzeyinsesi.org\\\/\",\"name\":\"Kuzeyin Sesi\",\"description\":\"Do\u011fru Haberin Adresi\",\"potentialAction\":[{\"@type\":\"SearchAction\",\"target\":{\"@type\":\"EntryPoint\",\"urlTemplate\":\"https:\\\/\\\/kuzeyinsesi.org\\\/?s={search_term_string}\"},\"query-input\":{\"@type\":\"PropertyValueSpecification\",\"valueRequired\":true,\"valueName\":\"search_term_string\"}}],\"inLanguage\":\"tr\"},{\"@type\":\"Person\",\"@id\":\"https:\\\/\\\/kuzeyinsesi.org\\\/#\\\/schema\\\/person\\\/9f859689cdf01485597712386e37f5aa\",\"name\":\"Kuzeyin Sesi\",\"image\":{\"@type\":\"ImageObject\",\"inLanguage\":\"tr\",\"@id\":\"https:\\\/\\\/secure.gravatar.com\\\/avatar\\\/bab33852abfd8b282518d6ed81826833d77c3c882d9ab608add591ccace47a44?s=96&d=mm&r=g\",\"url\":\"https:\\\/\\\/secure.gravatar.com\\\/avatar\\\/bab33852abfd8b282518d6ed81826833d77c3c882d9ab608add591ccace47a44?s=96&d=mm&r=g\",\"contentUrl\":\"https:\\\/\\\/secure.gravatar.com\\\/avatar\\\/bab33852abfd8b282518d6ed81826833d77c3c882d9ab608add591ccace47a44?s=96&d=mm&r=g\",\"caption\":\"Kuzeyin Sesi\"},\"sameAs\":[\"https:\\\/\\\/kuzeyinsesi.org\"],\"url\":\"https:\\\/\\\/kuzeyinsesi.org\\\/index.php\\\/author\\\/guven\\\/\"}]}<\/script>\n<!-- \/ Yoast SEO plugin. -->","yoast_head_json":{"title":"\u0130ki i\u00e7ecek sa\u00e7 d\u00f6k\u00fclmesi ve erken beyazlamay\u0131 tetikliyor - Kuzeyin Sesi","robots":{"index":"index","follow":"follow","max-snippet":"max-snippet:-1","max-image-preview":"max-image-preview:large","max-video-preview":"max-video-preview:-1"},"canonical":"https:\/\/kuzeyinsesi.org\/index.php\/2025\/09\/03\/iki-icecek-sac-dokulmesi-ve-erken-beyazlamayi-tetikliyor\/","og_locale":"tr_TR","og_type":"article","og_title":"\u0130ki i\u00e7ecek sa\u00e7 d\u00f6k\u00fclmesi ve erken beyazlamay\u0131 tetikliyor - Kuzeyin Sesi","og_description":"&#13; Bardaktaki i\u00e7ece\u011finiz, ba\u015f\u0131n\u0131zdaki sa\u00e7lara zarar veriyor olabilir. &#13; Yeni bir bilimsel derleme, Amerika\u2019da en \u00e7ok t\u00fcketilen iki i\u00e7ece\u011fin sa\u00e7 d\u00f6k\u00fclmesi ve erken beyazlamay\u0131 tetikleyebilece\u011fini ortaya koydu. Ama umut var: Yayg\u0131n bulunan basit bir takviye sa\u00e7lar\u0131n\u0131z\u0131 korumaya yard\u0131mc\u0131 olabilir. &#13; Haftada 3,5 litreden fazla \u015fekerli i\u00e7ecek t\u00fcketiminin \u00f6zellikle erkeklerde sa\u00e7 d\u00f6k\u00fclmesiyle ili\u015fkili oldu\u011fu belirtildi. Uzmanlar, [&hellip;]","og_url":"https:\/\/kuzeyinsesi.org\/index.php\/2025\/09\/03\/iki-icecek-sac-dokulmesi-ve-erken-beyazlamayi-tetikliyor\/","og_site_name":"Kuzeyin Sesi","article_publisher":"https:\/\/www.facebook.com\/kuzeyinsesii","article_published_time":"2025-09-03T04:25:29+00:00","og_image":[{"url":"https:\/\/trthaberstatic.cdn.wp.trt.com.tr\/resimler\/1886000\/kel-kellik-afp-1886883.jpg","type":"","width":"","height":""}],"author":"Kuzeyin Sesi","twitter_card":"summary_large_image","twitter_creator":"@kuzeyinsesii","twitter_site":"@kuzeyinsesii","twitter_misc":{"Yazan:":"Kuzeyin Sesi","Tahmini okuma s\u00fcresi":"1 dakika"},"schema":{"@context":"https:\/\/schema.org","@graph":[{"@type":"Article","@id":"https:\/\/kuzeyinsesi.org\/index.php\/2025\/09\/03\/iki-icecek-sac-dokulmesi-ve-erken-beyazlamayi-tetikliyor\/#article","isPartOf":{"@id":"https:\/\/kuzeyinsesi.org\/index.php\/2025\/09\/03\/iki-icecek-sac-dokulmesi-ve-erken-beyazlamayi-tetikliyor\/"},"author":{"name":"Kuzeyin Sesi","@id":"https:\/\/kuzeyinsesi.org\/#\/schema\/person\/9f859689cdf01485597712386e37f5aa"},"headline":"\u0130ki i\u00e7ecek sa\u00e7 d\u00f6k\u00fclmesi ve erken beyazlamay\u0131 tetikliyor","datePublished":"2025-09-03T04:25:29+00:00","mainEntityOfPage":{"@id":"https:\/\/kuzeyinsesi.org\/index.php\/2025\/09\/03\/iki-icecek-sac-dokulmesi-ve-erken-beyazlamayi-tetikliyor\/"},"wordCount":250,"commentCount":0,"image":{"@id":"https:\/\/kuzeyinsesi.org\/index.php\/2025\/09\/03\/iki-icecek-sac-dokulmesi-ve-erken-beyazlamayi-tetikliyor\/#primaryimage"},"thumbnailUrl":"https:\/\/kuzeyinsesi.org\/wp-content\/uploads\/2025\/09\/kel-kellik-afp-1886883.jpg","articleSection":["D\u00fcnya"],"inLanguage":"tr","potentialAction":[{"@type":"CommentAction","name":"Comment","target":["https:\/\/kuzeyinsesi.org\/index.php\/2025\/09\/03\/iki-icecek-sac-dokulmesi-ve-erken-beyazlamayi-tetikliyor\/#respond"]}]},{"@type":"WebPage","@id":"https:\/\/kuzeyinsesi.org\/index.php\/2025\/09\/03\/iki-icecek-sac-dokulmesi-ve-erken-beyazlamayi-tetikliyor\/","url":"https:\/\/kuzeyinsesi.org\/index.php\/2025\/09\/03\/iki-icecek-sac-dokulmesi-ve-erken-beyazlamayi-tetikliyor\/","name":"\u0130ki i\u00e7ecek sa\u00e7 d\u00f6k\u00fclmesi ve erken beyazlamay\u0131 tetikliyor - Kuzeyin Sesi","isPartOf":{"@id":"https:\/\/kuzeyinsesi.org\/#website"},"primaryImageOfPage":{"@id":"https:\/\/kuzeyinsesi.org\/index.php\/2025\/09\/03\/iki-icecek-sac-dokulmesi-ve-erken-beyazlamayi-tetikliyor\/#primaryimage"},"image":{"@id":"https:\/\/kuzeyinsesi.org\/index.php\/2025\/09\/03\/iki-icecek-sac-dokulmesi-ve-erken-beyazlamayi-tetikliyor\/#primaryimage"},"thumbnailUrl":"https:\/\/kuzeyinsesi.org\/wp-content\/uploads\/2025\/09\/kel-kellik-afp-1886883.jpg","datePublished":"2025-09-03T04:25:29+00:00","author":{"@id":"https:\/\/kuzeyinsesi.org\/#\/schema\/person\/9f859689cdf01485597712386e37f5aa"},"breadcrumb":{"@id":"https:\/\/kuzeyinsesi.org\/index.php\/2025\/09\/03\/iki-icecek-sac-dokulmesi-ve-erken-beyazlamayi-tetikliyor\/#breadcrumb"},"inLanguage":"tr","potentialAction":[{"@type":"ReadAction","target":["https:\/\/kuzeyinsesi.org\/index.php\/2025\/09\/03\/iki-icecek-sac-dokulmesi-ve-erken-beyazlamayi-tetikliyor\/"]}]},{"@type":"ImageObject","inLanguage":"tr","@id":"https:\/\/kuzeyinsesi.org\/index.php\/2025\/09\/03\/iki-icecek-sac-dokulmesi-ve-erken-beyazlamayi-tetikliyor\/#primaryimage","url":"https:\/\/kuzeyinsesi.org\/wp-content\/uploads\/2025\/09\/kel-kellik-afp-1886883.jpg","contentUrl":"https:\/\/kuzeyinsesi.org\/wp-content\/uploads\/2025\/09\/kel-kellik-afp-1886883.jpg","width":1280,"height":720},{"@type":"BreadcrumbList","@id":"https:\/\/kuzeyinsesi.org\/index.php\/2025\/09\/03\/iki-icecek-sac-dokulmesi-ve-erken-beyazlamayi-tetikliyor\/#breadcrumb","itemListElement":[{"@type":"ListItem","position":1,"name":"Anasayfa","item":"https:\/\/kuzeyinsesi.org\/"},{"@type":"ListItem","position":2,"name":"\u0130ki i\u00e7ecek sa\u00e7 d\u00f6k\u00fclmesi ve erken beyazlamay\u0131 tetikliyor"}]},{"@type":"WebSite","@id":"https:\/\/kuzeyinsesi.org\/#website","url":"https:\/\/kuzeyinsesi.org\/","name":"Kuzeyin Sesi","description":"Do\u011fru Haberin Adresi","potentialAction":[{"@type":"SearchAction","target":{"@type":"EntryPoint","urlTemplate":"https:\/\/kuzeyinsesi.org\/?s={search_term_string}"},"query-input":{"@type":"PropertyValueSpecification","valueRequired":true,"valueName":"search_term_string"}}],"inLanguage":"tr"},{"@type":"Person","@id":"https:\/\/kuzeyinsesi.org\/#\/schema\/person\/9f859689cdf01485597712386e37f5aa","name":"Kuzeyin Sesi","image":{"@type":"ImageObject","inLanguage":"tr","@id":"https:\/\/secure.gravatar.com\/avatar\/bab33852abfd8b282518d6ed81826833d77c3c882d9ab608add591ccace47a44?s=96&d=mm&r=g","url":"https:\/\/secure.gravatar.com\/avatar\/bab33852abfd8b282518d6ed81826833d77c3c882d9ab608add591ccace47a44?s=96&d=mm&r=g","contentUrl":"https:\/\/secure.gravatar.com\/avatar\/bab33852abfd8b282518d6ed81826833d77c3c882d9ab608add591ccace47a44?s=96&d=mm&r=g","caption":"Kuzeyin Sesi"},"sameAs":["https:\/\/kuzeyinsesi.org"],"url":"https:\/\/kuzeyinsesi.org\/index.php\/author\/guven\/"}]}},"_links":{"self":[{"href":"https:\/\/kuzeyinsesi.org\/index.php\/wp-json\/wp\/v2\/posts\/31099","targetHints":{"allow":["GET"]}}],"collection":[{"href":"https:\/\/kuzeyinsesi.org\/index.php\/wp-json\/wp\/v2\/posts"}],"about":[{"href":"https:\/\/kuzeyinsesi.org\/index.php\/wp-json\/wp\/v2\/types\/post"}],"author":[{"embeddable":true,"href":"https:\/\/kuzeyinsesi.org\/index.php\/wp-json\/wp\/v2\/users\/1"}],"replies":[{"embeddable":true,"href":"https:\/\/kuzeyinsesi.org\/index.php\/wp-json\/wp\/v2\/comments?post=31099"}],"version-history":[{"count":0,"href":"https:\/\/kuzeyinsesi.org\/index.php\/wp-json\/wp\/v2\/posts\/31099\/revisions"}],"wp:featuredmedia":[{"embeddable":true,"href":"https:\/\/kuzeyinsesi.org\/index.php\/wp-json\/wp\/v2\/media\/31100"}],"wp:attachment":[{"href":"https:\/\/kuzeyinsesi.org\/index.php\/wp-json\/wp\/v2\/media?parent=31099"}],"wp:term":[{"taxonomy":"category","embeddable":true,"href":"https:\/\/kuzeyinsesi.org\/index.php\/wp-json\/wp\/v2\/categories?post=31099"},{"taxonomy":"post_tag","embeddable":true,"href":"https:\/\/kuzeyinsesi.org\/index.php\/wp-json\/wp\/v2\/tags?post=31099"}],"curies":[{"name":"wp","href":"https:\/\/api.w.org\/{rel}","templated":true}]}}