{"id":31097,"date":"2025-09-03T05:19:41","date_gmt":"2025-09-03T02:19:41","guid":{"rendered":"https:\/\/kuzeyinsesi.org\/index.php\/2025\/09\/03\/bircok-ulkeden-heyelan-felaketi-yasayan-sudana-bassagligi-mesajlari\/"},"modified":"2025-09-03T05:19:41","modified_gmt":"2025-09-03T02:19:41","slug":"bircok-ulkeden-heyelan-felaketi-yasayan-sudana-bassagligi-mesajlari","status":"publish","type":"post","link":"https:\/\/kuzeyinsesi.org\/index.php\/2025\/09\/03\/bircok-ulkeden-heyelan-felaketi-yasayan-sudana-bassagligi-mesajlari\/","title":{"rendered":"Bir\u00e7ok \u00fclkeden heyelan felaketi ya\u015fayan Sudan&#039;a ba\u015fsa\u011fl\u0131\u011f\u0131 mesajlar\u0131"},"content":{"rendered":"<p><\/p>\n<div>\n<p>&#13;<br \/>\n\t<a href=\"https:\/\/www.trthaber.com\/etiket\/suudi-arabistan\/\" target=\"_blank\">Suudi Arabistan<\/a> D\u0131\u015fi\u015fleri Bakanl\u0131\u011f\u0131ndan yap\u0131lan a\u00e7\u0131klamada, <a href=\"https:\/\/www.trthaber.com\/etiket\/sudan\/\" target=\"_blank\">Sudan<\/a> h\u00fck\u00fcmetine ve halk\u0131na Cebel Marra&#8217;daki <a href=\"https:\/\/www.trthaber.com\/etiket\/heyelan\/\" target=\"_blank\">heyelan<\/a> felaketinde hayat\u0131n\u0131 kaybedenler i\u00e7in ba\u015fsa\u011fl\u0131\u011f\u0131 dilendi.<\/p>\n<p>&#13;<br \/>\n\tA\u00e7\u0131klamada, Suudi Arabistan&#8217;\u0131n Sudan ve halk\u0131yla dayan\u0131\u015fma i\u00e7inde oldu\u011fu belirtilerek, hayat\u0131n\u0131 kaybedenlerin ailelerine ba\u015fsa\u011fl\u0131\u011f\u0131, yaral\u0131lara ise acil \u015fifalar dile\u011finde bulunuldu.<\/p>\n<h2>&#13;<br \/>\n\tKatar<\/h2>\n<p>&#13;<br \/>\n\t<a href=\"https:\/\/www.trthaber.com\/etiket\/katar\/\" target=\"_blank\">Katar<\/a> resmi ajans\u0131 QNA&#8217;n\u0131n haberine g\u00f6re, Katar <a href=\"https:\/\/www.trthaber.com\/etiket\/disisleri-bakanligi\/\" target=\"_blank\">D\u0131\u015fi\u015fleri Bakanl\u0131\u011f\u0131<\/a> Uluslararas\u0131 \u0130\u015fbirli\u011finden Sorumlu Devlet Bakan\u0131 Meryem el-Misned, Sudan Ge\u00e7i\u015f Egemenlik Konseyi \u0130nsani \u0130\u015fler Dan\u0131\u015fman\u0131 ve \u0130nsani Acil Durumlar Y\u00fcksek Ulusal Komitesi Ba\u015fkan\u0131 Es-Sad\u0131k \u0130smail Mahmud ile telefonda g\u00f6r\u00fc\u015ft\u00fc.<\/p>\n<p>&#13;<br \/>\n\tG\u00f6r\u00fc\u015fmede, iki \u00fclke aras\u0131ndaki i\u015fbirli\u011fi ili\u015fkileri ve \u00f6zellikle insani alanda bu ili\u015fkilerin desteklenmesi ve geli\u015ftirilmesi yollar\u0131 ele al\u0131nd\u0131.<\/p>\n<p>&#13;<br \/>\n\tG\u00f6r\u00fc\u015fme s\u0131ras\u0131nda, heyelan felaketinde hayat\u0131n\u0131 kaybedenler i\u00e7in ba\u015fsa\u011fl\u0131\u011f\u0131, yaral\u0131lara da acil \u015fifalar dileyen Misned, Katar&#8217;\u0131n Sudan halk\u0131na bu felaketin etkileriyle m\u00fccadelede tam destek sa\u011flamaya haz\u0131r oldu\u011funu vurgulad\u0131.<\/p>\n<p>&#13;<br \/>\n\tMahmud da \u00e7e\u015fitli alanlarda Sudan halk\u0131na sa\u011flad\u0131\u011f\u0131 s\u00fcrekli destekten dolay\u0131 \u00fclkesi ad\u0131na Katar&#8217;a te\u015fekk\u00fcr etti.<\/p>\n<h2>&#13;<br \/>\n\tM\u0131s\u0131r<\/h2>\n<p>&#13;<br \/>\n\t<a href=\"https:\/\/www.trthaber.com\/etiket\/misir\/\" target=\"_blank\">M\u0131s\u0131r<\/a> D\u0131\u015fi\u015fleri Bakanl\u0131\u011f\u0131&#8217;ndan yap\u0131lan a\u00e7\u0131klamada, Sudan&#8217;la dayan\u0131\u015fma i\u00e7inde olundu\u011fu belirtilerek, M\u0131s\u0131r&#8217;\u0131n, y\u0131k\u0131c\u0131 heyelanlar\u0131n kurbanlar\u0131 i\u00e7in Sudan h\u00fck\u00fcmetine, y\u00f6netimine ve halk\u0131na en i\u00e7ten ba\u015fsa\u011fl\u0131\u011f\u0131 dileklerini sundu\u011fu aktar\u0131ld\u0131.<\/p>\n<p>&#13;<br \/>\n\tA\u00e7\u0131klamada, &#8220;M\u0131s\u0131r, bu ac\u0131 trajedide Sudan h\u00fck\u00fcmeti, y\u00f6netimi ve karde\u015f halk\u0131yla tam dayan\u0131\u015fma i\u00e7inde oldu\u011funu teyit ediyor ve kurbanlar\u0131n ailelerine ba\u015fsa\u011fl\u0131\u011f\u0131 diliyor.&#8221; ifadelerine yer verildi.<\/p>\n<h2>&#13;<br \/>\n\t\u00dcrd\u00fcn<\/h2>\n<p>&#13;<br \/>\n\t<a href=\"https:\/\/www.trthaber.com\/etiket\/urdun\/\" target=\"_blank\">\u00dcrd\u00fcn<\/a> D\u0131\u015fi\u015fleri Bakanl\u0131\u011f\u0131 S\u00f6zc\u00fcs\u00fc Fuad Mecali, yapt\u0131\u011f\u0131 yaz\u0131l\u0131 a\u00e7\u0131klamada, heyelan felaketinde hayat\u0131n\u0131 kaybedenler i\u00e7in Sudan&#8217;a en derin taziyelerini iletti.<\/p>\n<p>&#13;<br \/>\n\tBu ac\u0131 trajedide \u00dcrd\u00fcn&#8217;\u00fcn Sudan h\u00fck\u00fcmeti ve halk\u0131yla tam dayan\u0131\u015fma i\u00e7inde oldu\u011funa i\u015faret eden Mecali, hayat\u0131n\u0131 kaybedenlerin ailelerine en derin taziye dile\u011finde bulundu.<\/p>\n<h2>&#13;<br \/>\n\tKuveyt<\/h2>\n<p>&#13;<br \/>\n\tKuveyt D\u0131\u015fi\u015fleri Bakanl\u0131\u011f\u0131&#8217;ndan yap\u0131lan a\u00e7\u0131klamada, Sudan&#8217;da ya\u015fanan heyelan sonras\u0131 Kuveyt&#8217;in Sudan ile dayan\u0131\u015fma i\u00e7inde oldu\u011fu vurgulanarak, olayda hayat\u0131n\u0131 kaybedenler i\u00e7in ba\u015fsa\u011fl\u0131\u011f\u0131, yaral\u0131lar i\u00e7in de acil \u015fifalar dile\u011finde bulunuldu.<\/p>\n<h2>&#13;<br \/>\n\tBAE<\/h2>\n<p>&#13;<br \/>\n\t<a href=\"https:\/\/www.trthaber.com\/etiket\/bae\/\" target=\"_blank\">BAE<\/a> D\u0131\u015fi\u015fleri Bakanl\u0131\u011f\u0131&#8217;ndan yap\u0131lan a\u00e7\u0131klamada ise heyelan dolay\u0131s\u0131yla Sudan halk\u0131na ba\u015fsa\u011fl\u0131\u011f\u0131 dile\u011finde bulunularak, Sudan ile dayan\u0131\u015fma i\u00e7inde olundu\u011fu kaydedildi.<\/p>\n<p>&#13;<br \/>\n\tHeyelan felaketinde hayat\u0131n\u0131 kaybedenlerin ailelerine ve Sudan halk\u0131na ba\u015fsa\u011fl\u0131\u011f\u0131 dile\u011finde bulunulan a\u00e7\u0131klamada, BAE&#8217;nin bu zor ko\u015fullarda Sudan halk\u0131n\u0131n yan\u0131nda oldu\u011fu yinelendi.<\/p>\n<p>&#13;<br \/>\n\tSudan Egemenlik Konseyi, d\u00fcn \u00fclkenin bat\u0131s\u0131ndaki Orta Darfur eyaleti, Cebel Marra b\u00f6lgesinde meydana gelen heyelan felaketinde y\u00fczlerce ki\u015finin hayat\u0131n\u0131 kaybetti\u011fini a\u00e7\u0131klam\u0131\u015ft\u0131.<\/p>\n<p>&#13;<br \/>\n\tKonseyden yap\u0131lan a\u00e7\u0131klamada, &#8220;B\u00f6lgede etkili olan yo\u011fun ya\u011f\u0131\u015flar\u0131n ard\u0131ndan ya\u015fanan toprak kaymas\u0131 sonucu hayat\u0131n\u0131 kaybeden masum vatanda\u015flar\u0131m\u0131z\u0131 derin bir \u00fcz\u00fcnt\u00fc ve kederle an\u0131yoruz.&#8221; ifadesi kullan\u0131lm\u0131\u015ft\u0131.<\/p>\n<p>&#13;<br \/>\n\tB\u00f6lgeyi kontrol eden isyanc\u0131 Sudan Kurtulu\u015f Hareketi-Abdulvahid Nur kanad\u0131na ba\u011fl\u0131 sivil otoritenin yapt\u0131\u011f\u0131 a\u00e7\u0131klamada da yo\u011fun ya\u011f\u0131\u015flar\u0131n neden oldu\u011fu toprak kaymas\u0131n\u0131n Tirsin k\u00f6y\u00fcn\u00fc tamamen yok etti\u011fi ve 1000&#8217;den fazla ki\u015fiden yaln\u0131zca bir ki\u015finin kurtuldu\u011fu aktar\u0131lm\u0131\u015ft\u0131.<\/p>\n<p>&#13;<br \/>\n\tA\u00e7\u0131klamada, \u015funlar kaydedilmi\u015fti:<\/p>\n<p>&#13;<br \/>\n\t&#8220;Tirsin k\u00f6y\u00fc sakinlerini derin \u00fcz\u00fcnt\u00fc ve kayg\u0131yla takip ediyoruz. A\u011fustos ay\u0131n\u0131n son haftas\u0131nda etkili olan yo\u011fun ya\u011f\u0131\u015flar b\u00fcy\u00fck ve y\u0131k\u0131c\u0131 heyelanlara yol a\u00e7t\u0131. \u0130lk bilgilere g\u00f6re k\u00f6y\u00fcn tamam\u0131 yok oldu.&#8221;<\/p>\n<p>&#13;<br \/>\n\tSudan&#8217;da temmuz-ekim aylar\u0131ndaki <a href=\"https:\/\/www.trthaber.com\/etiket\/saganak\/\" target=\"_blank\">sa\u011fanak<\/a> d\u00f6neminde her y\u0131l y\u00fcz\u00fc a\u015fk\u0131n ki\u015fi <a href=\"https:\/\/www.trthaber.com\/etiket\/sel\/\" target=\"_blank\">sel<\/a> ve ta\u015fk\u0131nlarda hayat\u0131n\u0131 kaybediyor, binlerce ev ve tar\u0131m alan\u0131 zarar g\u00f6r\u00fcyor.<\/p>\n<\/p><\/div>\n","protected":false},"excerpt":{"rendered":"<p>&#13; Suudi Arabistan D\u0131\u015fi\u015fleri Bakanl\u0131\u011f\u0131ndan yap\u0131lan a\u00e7\u0131klamada, Sudan h\u00fck\u00fcmetine ve halk\u0131na Cebel Marra&#8217;daki heyelan felaketinde hayat\u0131n\u0131 kaybedenler i\u00e7in ba\u015fsa\u011fl\u0131\u011f\u0131 dilendi. &#13; A\u00e7\u0131klamada, Suudi Arabistan&#8217;\u0131n Sudan ve halk\u0131yla dayan\u0131\u015fma i\u00e7inde oldu\u011fu belirtilerek, hayat\u0131n\u0131 kaybedenlerin ailelerine ba\u015fsa\u011fl\u0131\u011f\u0131, yaral\u0131lara ise acil \u015fifalar dile\u011finde bulunuldu. &#13; Katar &#13; Katar resmi ajans\u0131 QNA&#8217;n\u0131n haberine g\u00f6re, Katar D\u0131\u015fi\u015fleri Bakanl\u0131\u011f\u0131 Uluslararas\u0131 \u0130\u015fbirli\u011finden [&hellip;]<\/p>\n","protected":false},"author":1,"featured_media":31098,"comment_status":"open","ping_status":"open","sticky":false,"template":"","format":"standard","meta":{"jnews-multi-image_gallery":[],"jnews_single_post":[],"jnews_primary_category":[],"jnews_social_meta":[],"jnews_override_counter":[],"footnotes":""},"categories":[2],"tags":[],"class_list":["post-31097","post","type-post","status-publish","format-standard","has-post-thumbnail","hentry","category-dunya"],"yoast_head":"<!-- This site is optimized with the Yoast SEO plugin v28.4 - https:\/\/yoast.com\/product\/yoast-seo-wordpress\/ -->\n<title>Bir\u00e7ok \u00fclkeden heyelan felaketi ya\u015fayan Sudan&#039;a ba\u015fsa\u011fl\u0131\u011f\u0131 mesajlar\u0131 - Kuzeyin Sesi<\/title>\n<meta name=\"robots\" content=\"index, follow, max-snippet:-1, max-image-preview:large, max-video-preview:-1\" \/>\n<link rel=\"canonical\" href=\"https:\/\/kuzeyinsesi.org\/index.php\/2025\/09\/03\/bircok-ulkeden-heyelan-felaketi-yasayan-sudana-bassagligi-mesajlari\/\" \/>\n<meta property=\"og:locale\" content=\"tr_TR\" \/>\n<meta property=\"og:type\" content=\"article\" \/>\n<meta property=\"og:title\" content=\"Bir\u00e7ok \u00fclkeden heyelan felaketi ya\u015fayan Sudan&#039;a ba\u015fsa\u011fl\u0131\u011f\u0131 mesajlar\u0131 - Kuzeyin Sesi\" \/>\n<meta property=\"og:description\" content=\"&#013; Suudi Arabistan D\u0131\u015fi\u015fleri Bakanl\u0131\u011f\u0131ndan yap\u0131lan a\u00e7\u0131klamada, Sudan h\u00fck\u00fcmetine ve halk\u0131na Cebel Marra&#8217;daki heyelan felaketinde hayat\u0131n\u0131 kaybedenler i\u00e7in ba\u015fsa\u011fl\u0131\u011f\u0131 dilendi. &#013; A\u00e7\u0131klamada, Suudi Arabistan&#8217;\u0131n Sudan ve halk\u0131yla dayan\u0131\u015fma i\u00e7inde oldu\u011fu belirtilerek, hayat\u0131n\u0131 kaybedenlerin ailelerine ba\u015fsa\u011fl\u0131\u011f\u0131, yaral\u0131lara ise acil \u015fifalar dile\u011finde bulunuldu. &#013; Katar &#013; Katar resmi ajans\u0131 QNA&#8217;n\u0131n haberine g\u00f6re, Katar D\u0131\u015fi\u015fleri Bakanl\u0131\u011f\u0131 Uluslararas\u0131 \u0130\u015fbirli\u011finden [&hellip;]\" \/>\n<meta property=\"og:url\" content=\"https:\/\/kuzeyinsesi.org\/index.php\/2025\/09\/03\/bircok-ulkeden-heyelan-felaketi-yasayan-sudana-bassagligi-mesajlari\/\" \/>\n<meta property=\"og:site_name\" content=\"Kuzeyin Sesi\" \/>\n<meta property=\"article:publisher\" content=\"https:\/\/www.facebook.com\/kuzeyinsesii\" \/>\n<meta property=\"article:published_time\" content=\"2025-09-03T02:19:41+00:00\" \/>\n<meta property=\"og:image\" content=\"https:\/\/trthaberstatic.cdn.wp.trt.com.tr\/resimler\/2394000\/sudan-toprak-kaymasiaa-2394026.jpg\" \/>\n<meta name=\"author\" content=\"Kuzeyin Sesi\" \/>\n<meta name=\"twitter:card\" content=\"summary_large_image\" \/>\n<meta name=\"twitter:creator\" content=\"@kuzeyinsesii\" \/>\n<meta name=\"twitter:site\" content=\"@kuzeyinsesii\" \/>\n<meta name=\"twitter:label1\" content=\"Yazan:\" \/>\n\t<meta name=\"twitter:data1\" content=\"Kuzeyin Sesi\" \/>\n\t<meta name=\"twitter:label2\" content=\"Tahmini okuma s\u00fcresi\" \/>\n\t<meta name=\"twitter:data2\" content=\"3 dakika\" \/>\n<script type=\"application\/ld+json\" class=\"yoast-schema-graph\">{\"@context\":\"https:\\\/\\\/schema.org\",\"@graph\":[{\"@type\":\"Article\",\"@id\":\"https:\\\/\\\/kuzeyinsesi.org\\\/index.php\\\/2025\\\/09\\\/03\\\/bircok-ulkeden-heyelan-felaketi-yasayan-sudana-bassagligi-mesajlari\\\/#article\",\"isPartOf\":{\"@id\":\"https:\\\/\\\/kuzeyinsesi.org\\\/index.php\\\/2025\\\/09\\\/03\\\/bircok-ulkeden-heyelan-felaketi-yasayan-sudana-bassagligi-mesajlari\\\/\"},\"author\":{\"name\":\"Kuzeyin Sesi\",\"@id\":\"https:\\\/\\\/kuzeyinsesi.org\\\/#\\\/schema\\\/person\\\/9f859689cdf01485597712386e37f5aa\"},\"headline\":\"Bir\u00e7ok \u00fclkeden heyelan felaketi ya\u015fayan Sudan&#039;a ba\u015fsa\u011fl\u0131\u011f\u0131 mesajlar\u0131\",\"datePublished\":\"2025-09-03T02:19:41+00:00\",\"mainEntityOfPage\":{\"@id\":\"https:\\\/\\\/kuzeyinsesi.org\\\/index.php\\\/2025\\\/09\\\/03\\\/bircok-ulkeden-heyelan-felaketi-yasayan-sudana-bassagligi-mesajlari\\\/\"},\"wordCount\":707,\"commentCount\":0,\"image\":{\"@id\":\"https:\\\/\\\/kuzeyinsesi.org\\\/index.php\\\/2025\\\/09\\\/03\\\/bircok-ulkeden-heyelan-felaketi-yasayan-sudana-bassagligi-mesajlari\\\/#primaryimage\"},\"thumbnailUrl\":\"https:\\\/\\\/kuzeyinsesi.org\\\/wp-content\\\/uploads\\\/2025\\\/09\\\/sudan-toprak-kaymasiaa-2394026.jpg\",\"articleSection\":[\"D\u00fcnya\"],\"inLanguage\":\"tr\",\"potentialAction\":[{\"@type\":\"CommentAction\",\"name\":\"Comment\",\"target\":[\"https:\\\/\\\/kuzeyinsesi.org\\\/index.php\\\/2025\\\/09\\\/03\\\/bircok-ulkeden-heyelan-felaketi-yasayan-sudana-bassagligi-mesajlari\\\/#respond\"]}]},{\"@type\":\"WebPage\",\"@id\":\"https:\\\/\\\/kuzeyinsesi.org\\\/index.php\\\/2025\\\/09\\\/03\\\/bircok-ulkeden-heyelan-felaketi-yasayan-sudana-bassagligi-mesajlari\\\/\",\"url\":\"https:\\\/\\\/kuzeyinsesi.org\\\/index.php\\\/2025\\\/09\\\/03\\\/bircok-ulkeden-heyelan-felaketi-yasayan-sudana-bassagligi-mesajlari\\\/\",\"name\":\"Bir\u00e7ok \u00fclkeden heyelan felaketi ya\u015fayan Sudan&#039;a ba\u015fsa\u011fl\u0131\u011f\u0131 mesajlar\u0131 - Kuzeyin Sesi\",\"isPartOf\":{\"@id\":\"https:\\\/\\\/kuzeyinsesi.org\\\/#website\"},\"primaryImageOfPage\":{\"@id\":\"https:\\\/\\\/kuzeyinsesi.org\\\/index.php\\\/2025\\\/09\\\/03\\\/bircok-ulkeden-heyelan-felaketi-yasayan-sudana-bassagligi-mesajlari\\\/#primaryimage\"},\"image\":{\"@id\":\"https:\\\/\\\/kuzeyinsesi.org\\\/index.php\\\/2025\\\/09\\\/03\\\/bircok-ulkeden-heyelan-felaketi-yasayan-sudana-bassagligi-mesajlari\\\/#primaryimage\"},\"thumbnailUrl\":\"https:\\\/\\\/kuzeyinsesi.org\\\/wp-content\\\/uploads\\\/2025\\\/09\\\/sudan-toprak-kaymasiaa-2394026.jpg\",\"datePublished\":\"2025-09-03T02:19:41+00:00\",\"author\":{\"@id\":\"https:\\\/\\\/kuzeyinsesi.org\\\/#\\\/schema\\\/person\\\/9f859689cdf01485597712386e37f5aa\"},\"breadcrumb\":{\"@id\":\"https:\\\/\\\/kuzeyinsesi.org\\\/index.php\\\/2025\\\/09\\\/03\\\/bircok-ulkeden-heyelan-felaketi-yasayan-sudana-bassagligi-mesajlari\\\/#breadcrumb\"},\"inLanguage\":\"tr\",\"potentialAction\":[{\"@type\":\"ReadAction\",\"target\":[\"https:\\\/\\\/kuzeyinsesi.org\\\/index.php\\\/2025\\\/09\\\/03\\\/bircok-ulkeden-heyelan-felaketi-yasayan-sudana-bassagligi-mesajlari\\\/\"]}]},{\"@type\":\"ImageObject\",\"inLanguage\":\"tr\",\"@id\":\"https:\\\/\\\/kuzeyinsesi.org\\\/index.php\\\/2025\\\/09\\\/03\\\/bircok-ulkeden-heyelan-felaketi-yasayan-sudana-bassagligi-mesajlari\\\/#primaryimage\",\"url\":\"https:\\\/\\\/kuzeyinsesi.org\\\/wp-content\\\/uploads\\\/2025\\\/09\\\/sudan-toprak-kaymasiaa-2394026.jpg\",\"contentUrl\":\"https:\\\/\\\/kuzeyinsesi.org\\\/wp-content\\\/uploads\\\/2025\\\/09\\\/sudan-toprak-kaymasiaa-2394026.jpg\",\"width\":1280,\"height\":720},{\"@type\":\"BreadcrumbList\",\"@id\":\"https:\\\/\\\/kuzeyinsesi.org\\\/index.php\\\/2025\\\/09\\\/03\\\/bircok-ulkeden-heyelan-felaketi-yasayan-sudana-bassagligi-mesajlari\\\/#breadcrumb\",\"itemListElement\":[{\"@type\":\"ListItem\",\"position\":1,\"name\":\"Anasayfa\",\"item\":\"https:\\\/\\\/kuzeyinsesi.org\\\/\"},{\"@type\":\"ListItem\",\"position\":2,\"name\":\"Bir\u00e7ok \u00fclkeden heyelan felaketi ya\u015fayan Sudan&#039;a ba\u015fsa\u011fl\u0131\u011f\u0131 mesajlar\u0131\"}]},{\"@type\":\"WebSite\",\"@id\":\"https:\\\/\\\/kuzeyinsesi.org\\\/#website\",\"url\":\"https:\\\/\\\/kuzeyinsesi.org\\\/\",\"name\":\"Kuzeyin Sesi\",\"description\":\"Do\u011fru Haberin Adresi\",\"potentialAction\":[{\"@type\":\"SearchAction\",\"target\":{\"@type\":\"EntryPoint\",\"urlTemplate\":\"https:\\\/\\\/kuzeyinsesi.org\\\/?s={search_term_string}\"},\"query-input\":{\"@type\":\"PropertyValueSpecification\",\"valueRequired\":true,\"valueName\":\"search_term_string\"}}],\"inLanguage\":\"tr\"},{\"@type\":\"Person\",\"@id\":\"https:\\\/\\\/kuzeyinsesi.org\\\/#\\\/schema\\\/person\\\/9f859689cdf01485597712386e37f5aa\",\"name\":\"Kuzeyin Sesi\",\"image\":{\"@type\":\"ImageObject\",\"inLanguage\":\"tr\",\"@id\":\"https:\\\/\\\/secure.gravatar.com\\\/avatar\\\/bab33852abfd8b282518d6ed81826833d77c3c882d9ab608add591ccace47a44?s=96&d=mm&r=g\",\"url\":\"https:\\\/\\\/secure.gravatar.com\\\/avatar\\\/bab33852abfd8b282518d6ed81826833d77c3c882d9ab608add591ccace47a44?s=96&d=mm&r=g\",\"contentUrl\":\"https:\\\/\\\/secure.gravatar.com\\\/avatar\\\/bab33852abfd8b282518d6ed81826833d77c3c882d9ab608add591ccace47a44?s=96&d=mm&r=g\",\"caption\":\"Kuzeyin Sesi\"},\"sameAs\":[\"https:\\\/\\\/kuzeyinsesi.org\"],\"url\":\"https:\\\/\\\/kuzeyinsesi.org\\\/index.php\\\/author\\\/guven\\\/\"}]}<\/script>\n<!-- \/ Yoast SEO plugin. -->","yoast_head_json":{"title":"Bir\u00e7ok \u00fclkeden heyelan felaketi ya\u015fayan Sudan&#039;a ba\u015fsa\u011fl\u0131\u011f\u0131 mesajlar\u0131 - Kuzeyin Sesi","robots":{"index":"index","follow":"follow","max-snippet":"max-snippet:-1","max-image-preview":"max-image-preview:large","max-video-preview":"max-video-preview:-1"},"canonical":"https:\/\/kuzeyinsesi.org\/index.php\/2025\/09\/03\/bircok-ulkeden-heyelan-felaketi-yasayan-sudana-bassagligi-mesajlari\/","og_locale":"tr_TR","og_type":"article","og_title":"Bir\u00e7ok \u00fclkeden heyelan felaketi ya\u015fayan Sudan&#039;a ba\u015fsa\u011fl\u0131\u011f\u0131 mesajlar\u0131 - Kuzeyin Sesi","og_description":"&#13; Suudi Arabistan D\u0131\u015fi\u015fleri Bakanl\u0131\u011f\u0131ndan yap\u0131lan a\u00e7\u0131klamada, Sudan h\u00fck\u00fcmetine ve halk\u0131na Cebel Marra&#8217;daki heyelan felaketinde hayat\u0131n\u0131 kaybedenler i\u00e7in ba\u015fsa\u011fl\u0131\u011f\u0131 dilendi. &#13; A\u00e7\u0131klamada, Suudi Arabistan&#8217;\u0131n Sudan ve halk\u0131yla dayan\u0131\u015fma i\u00e7inde oldu\u011fu belirtilerek, hayat\u0131n\u0131 kaybedenlerin ailelerine ba\u015fsa\u011fl\u0131\u011f\u0131, yaral\u0131lara ise acil \u015fifalar dile\u011finde bulunuldu. &#13; Katar &#13; Katar resmi ajans\u0131 QNA&#8217;n\u0131n haberine g\u00f6re, Katar D\u0131\u015fi\u015fleri Bakanl\u0131\u011f\u0131 Uluslararas\u0131 \u0130\u015fbirli\u011finden [&hellip;]","og_url":"https:\/\/kuzeyinsesi.org\/index.php\/2025\/09\/03\/bircok-ulkeden-heyelan-felaketi-yasayan-sudana-bassagligi-mesajlari\/","og_site_name":"Kuzeyin Sesi","article_publisher":"https:\/\/www.facebook.com\/kuzeyinsesii","article_published_time":"2025-09-03T02:19:41+00:00","og_image":[{"url":"https:\/\/trthaberstatic.cdn.wp.trt.com.tr\/resimler\/2394000\/sudan-toprak-kaymasiaa-2394026.jpg","type":"","width":"","height":""}],"author":"Kuzeyin Sesi","twitter_card":"summary_large_image","twitter_creator":"@kuzeyinsesii","twitter_site":"@kuzeyinsesii","twitter_misc":{"Yazan:":"Kuzeyin Sesi","Tahmini okuma s\u00fcresi":"3 dakika"},"schema":{"@context":"https:\/\/schema.org","@graph":[{"@type":"Article","@id":"https:\/\/kuzeyinsesi.org\/index.php\/2025\/09\/03\/bircok-ulkeden-heyelan-felaketi-yasayan-sudana-bassagligi-mesajlari\/#article","isPartOf":{"@id":"https:\/\/kuzeyinsesi.org\/index.php\/2025\/09\/03\/bircok-ulkeden-heyelan-felaketi-yasayan-sudana-bassagligi-mesajlari\/"},"author":{"name":"Kuzeyin Sesi","@id":"https:\/\/kuzeyinsesi.org\/#\/schema\/person\/9f859689cdf01485597712386e37f5aa"},"headline":"Bir\u00e7ok \u00fclkeden heyelan felaketi ya\u015fayan Sudan&#039;a ba\u015fsa\u011fl\u0131\u011f\u0131 mesajlar\u0131","datePublished":"2025-09-03T02:19:41+00:00","mainEntityOfPage":{"@id":"https:\/\/kuzeyinsesi.org\/index.php\/2025\/09\/03\/bircok-ulkeden-heyelan-felaketi-yasayan-sudana-bassagligi-mesajlari\/"},"wordCount":707,"commentCount":0,"image":{"@id":"https:\/\/kuzeyinsesi.org\/index.php\/2025\/09\/03\/bircok-ulkeden-heyelan-felaketi-yasayan-sudana-bassagligi-mesajlari\/#primaryimage"},"thumbnailUrl":"https:\/\/kuzeyinsesi.org\/wp-content\/uploads\/2025\/09\/sudan-toprak-kaymasiaa-2394026.jpg","articleSection":["D\u00fcnya"],"inLanguage":"tr","potentialAction":[{"@type":"CommentAction","name":"Comment","target":["https:\/\/kuzeyinsesi.org\/index.php\/2025\/09\/03\/bircok-ulkeden-heyelan-felaketi-yasayan-sudana-bassagligi-mesajlari\/#respond"]}]},{"@type":"WebPage","@id":"https:\/\/kuzeyinsesi.org\/index.php\/2025\/09\/03\/bircok-ulkeden-heyelan-felaketi-yasayan-sudana-bassagligi-mesajlari\/","url":"https:\/\/kuzeyinsesi.org\/index.php\/2025\/09\/03\/bircok-ulkeden-heyelan-felaketi-yasayan-sudana-bassagligi-mesajlari\/","name":"Bir\u00e7ok \u00fclkeden heyelan felaketi ya\u015fayan Sudan&#039;a ba\u015fsa\u011fl\u0131\u011f\u0131 mesajlar\u0131 - Kuzeyin Sesi","isPartOf":{"@id":"https:\/\/kuzeyinsesi.org\/#website"},"primaryImageOfPage":{"@id":"https:\/\/kuzeyinsesi.org\/index.php\/2025\/09\/03\/bircok-ulkeden-heyelan-felaketi-yasayan-sudana-bassagligi-mesajlari\/#primaryimage"},"image":{"@id":"https:\/\/kuzeyinsesi.org\/index.php\/2025\/09\/03\/bircok-ulkeden-heyelan-felaketi-yasayan-sudana-bassagligi-mesajlari\/#primaryimage"},"thumbnailUrl":"https:\/\/kuzeyinsesi.org\/wp-content\/uploads\/2025\/09\/sudan-toprak-kaymasiaa-2394026.jpg","datePublished":"2025-09-03T02:19:41+00:00","author":{"@id":"https:\/\/kuzeyinsesi.org\/#\/schema\/person\/9f859689cdf01485597712386e37f5aa"},"breadcrumb":{"@id":"https:\/\/kuzeyinsesi.org\/index.php\/2025\/09\/03\/bircok-ulkeden-heyelan-felaketi-yasayan-sudana-bassagligi-mesajlari\/#breadcrumb"},"inLanguage":"tr","potentialAction":[{"@type":"ReadAction","target":["https:\/\/kuzeyinsesi.org\/index.php\/2025\/09\/03\/bircok-ulkeden-heyelan-felaketi-yasayan-sudana-bassagligi-mesajlari\/"]}]},{"@type":"ImageObject","inLanguage":"tr","@id":"https:\/\/kuzeyinsesi.org\/index.php\/2025\/09\/03\/bircok-ulkeden-heyelan-felaketi-yasayan-sudana-bassagligi-mesajlari\/#primaryimage","url":"https:\/\/kuzeyinsesi.org\/wp-content\/uploads\/2025\/09\/sudan-toprak-kaymasiaa-2394026.jpg","contentUrl":"https:\/\/kuzeyinsesi.org\/wp-content\/uploads\/2025\/09\/sudan-toprak-kaymasiaa-2394026.jpg","width":1280,"height":720},{"@type":"BreadcrumbList","@id":"https:\/\/kuzeyinsesi.org\/index.php\/2025\/09\/03\/bircok-ulkeden-heyelan-felaketi-yasayan-sudana-bassagligi-mesajlari\/#breadcrumb","itemListElement":[{"@type":"ListItem","position":1,"name":"Anasayfa","item":"https:\/\/kuzeyinsesi.org\/"},{"@type":"ListItem","position":2,"name":"Bir\u00e7ok \u00fclkeden heyelan felaketi ya\u015fayan Sudan&#039;a ba\u015fsa\u011fl\u0131\u011f\u0131 mesajlar\u0131"}]},{"@type":"WebSite","@id":"https:\/\/kuzeyinsesi.org\/#website","url":"https:\/\/kuzeyinsesi.org\/","name":"Kuzeyin Sesi","description":"Do\u011fru Haberin Adresi","potentialAction":[{"@type":"SearchAction","target":{"@type":"EntryPoint","urlTemplate":"https:\/\/kuzeyinsesi.org\/?s={search_term_string}"},"query-input":{"@type":"PropertyValueSpecification","valueRequired":true,"valueName":"search_term_string"}}],"inLanguage":"tr"},{"@type":"Person","@id":"https:\/\/kuzeyinsesi.org\/#\/schema\/person\/9f859689cdf01485597712386e37f5aa","name":"Kuzeyin Sesi","image":{"@type":"ImageObject","inLanguage":"tr","@id":"https:\/\/secure.gravatar.com\/avatar\/bab33852abfd8b282518d6ed81826833d77c3c882d9ab608add591ccace47a44?s=96&d=mm&r=g","url":"https:\/\/secure.gravatar.com\/avatar\/bab33852abfd8b282518d6ed81826833d77c3c882d9ab608add591ccace47a44?s=96&d=mm&r=g","contentUrl":"https:\/\/secure.gravatar.com\/avatar\/bab33852abfd8b282518d6ed81826833d77c3c882d9ab608add591ccace47a44?s=96&d=mm&r=g","caption":"Kuzeyin Sesi"},"sameAs":["https:\/\/kuzeyinsesi.org"],"url":"https:\/\/kuzeyinsesi.org\/index.php\/author\/guven\/"}]}},"_links":{"self":[{"href":"https:\/\/kuzeyinsesi.org\/index.php\/wp-json\/wp\/v2\/posts\/31097","targetHints":{"allow":["GET"]}}],"collection":[{"href":"https:\/\/kuzeyinsesi.org\/index.php\/wp-json\/wp\/v2\/posts"}],"about":[{"href":"https:\/\/kuzeyinsesi.org\/index.php\/wp-json\/wp\/v2\/types\/post"}],"author":[{"embeddable":true,"href":"https:\/\/kuzeyinsesi.org\/index.php\/wp-json\/wp\/v2\/users\/1"}],"replies":[{"embeddable":true,"href":"https:\/\/kuzeyinsesi.org\/index.php\/wp-json\/wp\/v2\/comments?post=31097"}],"version-history":[{"count":0,"href":"https:\/\/kuzeyinsesi.org\/index.php\/wp-json\/wp\/v2\/posts\/31097\/revisions"}],"wp:featuredmedia":[{"embeddable":true,"href":"https:\/\/kuzeyinsesi.org\/index.php\/wp-json\/wp\/v2\/media\/31098"}],"wp:attachment":[{"href":"https:\/\/kuzeyinsesi.org\/index.php\/wp-json\/wp\/v2\/media?parent=31097"}],"wp:term":[{"taxonomy":"category","embeddable":true,"href":"https:\/\/kuzeyinsesi.org\/index.php\/wp-json\/wp\/v2\/categories?post=31097"},{"taxonomy":"post_tag","embeddable":true,"href":"https:\/\/kuzeyinsesi.org\/index.php\/wp-json\/wp\/v2\/tags?post=31097"}],"curies":[{"name":"wp","href":"https:\/\/api.w.org\/{rel}","templated":true}]}}