{"id":31080,"date":"2025-09-02T21:30:06","date_gmt":"2025-09-02T18:30:06","guid":{"rendered":"https:\/\/kuzeyinsesi.org\/index.php\/2025\/09\/02\/bm-gazzede-14-agustostan-bu-yana-zorla-yerinden-edilenlerin-sayisi-76-bini-gecti\/"},"modified":"2025-09-02T21:30:06","modified_gmt":"2025-09-02T18:30:06","slug":"bm-gazzede-14-agustostan-bu-yana-zorla-yerinden-edilenlerin-sayisi-76-bini-gecti","status":"publish","type":"post","link":"https:\/\/kuzeyinsesi.org\/index.php\/2025\/09\/02\/bm-gazzede-14-agustostan-bu-yana-zorla-yerinden-edilenlerin-sayisi-76-bini-gecti\/","title":{"rendered":"BM: Gazze&#039;de 14 A\u011fustos&#039;tan bu yana zorla yerinden edilenlerin say\u0131s\u0131 76 bini ge\u00e7ti"},"content":{"rendered":"<p><\/p>\n<div>\n<p>&#13;<br \/>\n\tBM Genel Sekreter S\u00f6zc\u00fcs\u00fc Stephane Dujarric, New York&#8217;taki BM Genel Merkezi&#8217;nde d\u00fczenlenen g\u00fcnl\u00fck bas\u0131n toplant\u0131s\u0131nda, Gazze&#8217;deki son geli\u015fmelere ili\u015fkin bilgi verdi.<\/p>\n<p>&#13;<br \/>\n\tDujarric, Gazze\u2019de <a href=\"https:\/\/www.trthaber.com\/etiket\/nufus\/\" target=\"_blank\">n\u00fcfus<\/a> hareketlerini izleyen BM personeli ve ortaklar\u0131n\u0131n, \u0130srail\u2019in devam eden sald\u0131r\u0131lar\u0131 \u00fczerine insanlar\u0131n k\u0131y\u0131lara do\u011fru ka\u00e7maya devam etti\u011fini, bu ba\u011flamda 14 A\u011fustos\u2019tan bu yana 76 binden fazla yeni yerinden edilmenin kaydedildi\u011fini belirtti.<\/p>\n<p>&#13;<br \/>\n\tBu g\u00f6\u00e7lerin 23 binden fazlas\u0131n\u0131n Gazze&#8217;nin kuzeyinden g\u00fcneyine do\u011fru ger\u00e7ekle\u015fti\u011fine dikkati \u00e7eken Dujarric, k\u0131y\u0131 b\u00f6lgelerinde olu\u015fan a\u015f\u0131r\u0131 kalabal\u0131k nedeniyle baz\u0131 Filistinlilerin \u0130srail\u2019in \u201cbo\u015faltma emri\u201d verdi\u011fi kuzeydeki k\u0131y\u0131lara yerle\u015fmeye \u00e7al\u0131\u015ft\u0131\u011f\u0131n\u0131 aktard\u0131.<\/p>\n<p>&#13;<br \/>\n\tDujarric, di\u011fer yandan Gazze&#8217;de yetersiz beslenmeye ba\u011fl\u0131 \u00f6l\u00fcmlerle ilgili g\u00fcnl\u00fck raporlar\u0131n da gelmeye devam etti\u011fini bildirerek, bu \u00e7er\u00e7evede <a href=\"https:\/\/www.trthaber.com\/etiket\/gazze\/\" target=\"_blank\">Gazze<\/a> i\u00e7inde insani yard\u0131m hareketlerinin <a href=\"https:\/\/www.trthaber.com\/etiket\/israil\/\" target=\"_blank\">\u0130srail<\/a> taraf\u0131ndan &#8220;a\u011f\u0131r bir \u015fekilde&#8221; engellenmeye devam etti\u011finin de alt\u0131n\u0131 \u00e7izdi.<\/p>\n<\/p><\/div>\n","protected":false},"excerpt":{"rendered":"<p>&#13; BM Genel Sekreter S\u00f6zc\u00fcs\u00fc Stephane Dujarric, New York&#8217;taki BM Genel Merkezi&#8217;nde d\u00fczenlenen g\u00fcnl\u00fck bas\u0131n toplant\u0131s\u0131nda, Gazze&#8217;deki son geli\u015fmelere ili\u015fkin bilgi verdi. &#13; Dujarric, Gazze\u2019de n\u00fcfus hareketlerini izleyen BM personeli ve ortaklar\u0131n\u0131n, \u0130srail\u2019in devam eden sald\u0131r\u0131lar\u0131 \u00fczerine insanlar\u0131n k\u0131y\u0131lara do\u011fru ka\u00e7maya devam etti\u011fini, bu ba\u011flamda 14 A\u011fustos\u2019tan bu yana 76 binden fazla yeni yerinden edilmenin [&hellip;]<\/p>\n","protected":false},"author":1,"featured_media":31081,"comment_status":"open","ping_status":"open","sticky":false,"template":"","format":"standard","meta":{"jnews-multi-image_gallery":[],"jnews_single_post":[],"jnews_primary_category":[],"jnews_social_meta":[],"jnews_override_counter":[],"footnotes":""},"categories":[2],"tags":[],"class_list":["post-31080","post","type-post","status-publish","format-standard","has-post-thumbnail","hentry","category-dunya"],"yoast_head":"<!-- This site is optimized with the Yoast SEO plugin v27.5 - https:\/\/yoast.com\/product\/yoast-seo-wordpress\/ -->\n<title>BM: Gazze&#039;de 14 A\u011fustos&#039;tan bu yana zorla yerinden edilenlerin say\u0131s\u0131 76 bini ge\u00e7ti - Kuzeyin Sesi<\/title>\n<meta name=\"robots\" content=\"index, follow, max-snippet:-1, max-image-preview:large, max-video-preview:-1\" \/>\n<link rel=\"canonical\" href=\"https:\/\/kuzeyinsesi.org\/index.php\/2025\/09\/02\/bm-gazzede-14-agustostan-bu-yana-zorla-yerinden-edilenlerin-sayisi-76-bini-gecti\/\" \/>\n<meta property=\"og:locale\" content=\"tr_TR\" \/>\n<meta property=\"og:type\" content=\"article\" \/>\n<meta property=\"og:title\" content=\"BM: Gazze&#039;de 14 A\u011fustos&#039;tan bu yana zorla yerinden edilenlerin say\u0131s\u0131 76 bini ge\u00e7ti - Kuzeyin Sesi\" \/>\n<meta property=\"og:description\" content=\"&#013; BM Genel Sekreter S\u00f6zc\u00fcs\u00fc Stephane Dujarric, New York&#8217;taki BM Genel Merkezi&#8217;nde d\u00fczenlenen g\u00fcnl\u00fck bas\u0131n toplant\u0131s\u0131nda, Gazze&#8217;deki son geli\u015fmelere ili\u015fkin bilgi verdi. &#013; Dujarric, Gazze\u2019de n\u00fcfus hareketlerini izleyen BM personeli ve ortaklar\u0131n\u0131n, \u0130srail\u2019in devam eden sald\u0131r\u0131lar\u0131 \u00fczerine insanlar\u0131n k\u0131y\u0131lara do\u011fru ka\u00e7maya devam etti\u011fini, bu ba\u011flamda 14 A\u011fustos\u2019tan bu yana 76 binden fazla yeni yerinden edilmenin [&hellip;]\" \/>\n<meta property=\"og:url\" content=\"https:\/\/kuzeyinsesi.org\/index.php\/2025\/09\/02\/bm-gazzede-14-agustostan-bu-yana-zorla-yerinden-edilenlerin-sayisi-76-bini-gecti\/\" \/>\n<meta property=\"og:site_name\" content=\"Kuzeyin Sesi\" \/>\n<meta property=\"article:publisher\" content=\"https:\/\/www.facebook.com\/kuzeyinsesii\" \/>\n<meta property=\"article:published_time\" content=\"2025-09-02T18:30:06+00:00\" \/>\n<meta property=\"og:image\" content=\"https:\/\/trthaberstatic.cdn.wp.trt.com.tr\/resimler\/2392000\/gazze-goc-a-2393885.jpg\" \/>\n<meta name=\"author\" content=\"Kuzeyin Sesi\" \/>\n<meta name=\"twitter:card\" content=\"summary_large_image\" \/>\n<meta name=\"twitter:creator\" content=\"@kuzeyinsesii\" \/>\n<meta name=\"twitter:site\" content=\"@kuzeyinsesii\" \/>\n<meta name=\"twitter:label1\" content=\"Yazan:\" \/>\n\t<meta name=\"twitter:data1\" content=\"Kuzeyin Sesi\" \/>\n\t<meta name=\"twitter:label2\" content=\"Tahmini okuma s\u00fcresi\" \/>\n\t<meta name=\"twitter:data2\" content=\"1 dakika\" \/>\n<script type=\"application\/ld+json\" class=\"yoast-schema-graph\">{\"@context\":\"https:\\\/\\\/schema.org\",\"@graph\":[{\"@type\":\"Article\",\"@id\":\"https:\\\/\\\/kuzeyinsesi.org\\\/index.php\\\/2025\\\/09\\\/02\\\/bm-gazzede-14-agustostan-bu-yana-zorla-yerinden-edilenlerin-sayisi-76-bini-gecti\\\/#article\",\"isPartOf\":{\"@id\":\"https:\\\/\\\/kuzeyinsesi.org\\\/index.php\\\/2025\\\/09\\\/02\\\/bm-gazzede-14-agustostan-bu-yana-zorla-yerinden-edilenlerin-sayisi-76-bini-gecti\\\/\"},\"author\":{\"name\":\"Kuzeyin Sesi\",\"@id\":\"https:\\\/\\\/kuzeyinsesi.org\\\/#\\\/schema\\\/person\\\/9f859689cdf01485597712386e37f5aa\"},\"headline\":\"BM: Gazze&#039;de 14 A\u011fustos&#039;tan bu yana zorla yerinden edilenlerin say\u0131s\u0131 76 bini ge\u00e7ti\",\"datePublished\":\"2025-09-02T18:30:06+00:00\",\"mainEntityOfPage\":{\"@id\":\"https:\\\/\\\/kuzeyinsesi.org\\\/index.php\\\/2025\\\/09\\\/02\\\/bm-gazzede-14-agustostan-bu-yana-zorla-yerinden-edilenlerin-sayisi-76-bini-gecti\\\/\"},\"wordCount\":199,\"commentCount\":0,\"image\":{\"@id\":\"https:\\\/\\\/kuzeyinsesi.org\\\/index.php\\\/2025\\\/09\\\/02\\\/bm-gazzede-14-agustostan-bu-yana-zorla-yerinden-edilenlerin-sayisi-76-bini-gecti\\\/#primaryimage\"},\"thumbnailUrl\":\"https:\\\/\\\/kuzeyinsesi.org\\\/wp-content\\\/uploads\\\/2025\\\/09\\\/gazze-goc-a-2393885.jpg\",\"articleSection\":[\"D\u00fcnya\"],\"inLanguage\":\"tr\",\"potentialAction\":[{\"@type\":\"CommentAction\",\"name\":\"Comment\",\"target\":[\"https:\\\/\\\/kuzeyinsesi.org\\\/index.php\\\/2025\\\/09\\\/02\\\/bm-gazzede-14-agustostan-bu-yana-zorla-yerinden-edilenlerin-sayisi-76-bini-gecti\\\/#respond\"]}]},{\"@type\":\"WebPage\",\"@id\":\"https:\\\/\\\/kuzeyinsesi.org\\\/index.php\\\/2025\\\/09\\\/02\\\/bm-gazzede-14-agustostan-bu-yana-zorla-yerinden-edilenlerin-sayisi-76-bini-gecti\\\/\",\"url\":\"https:\\\/\\\/kuzeyinsesi.org\\\/index.php\\\/2025\\\/09\\\/02\\\/bm-gazzede-14-agustostan-bu-yana-zorla-yerinden-edilenlerin-sayisi-76-bini-gecti\\\/\",\"name\":\"BM: Gazze&#039;de 14 A\u011fustos&#039;tan bu yana zorla yerinden edilenlerin say\u0131s\u0131 76 bini ge\u00e7ti - Kuzeyin Sesi\",\"isPartOf\":{\"@id\":\"https:\\\/\\\/kuzeyinsesi.org\\\/#website\"},\"primaryImageOfPage\":{\"@id\":\"https:\\\/\\\/kuzeyinsesi.org\\\/index.php\\\/2025\\\/09\\\/02\\\/bm-gazzede-14-agustostan-bu-yana-zorla-yerinden-edilenlerin-sayisi-76-bini-gecti\\\/#primaryimage\"},\"image\":{\"@id\":\"https:\\\/\\\/kuzeyinsesi.org\\\/index.php\\\/2025\\\/09\\\/02\\\/bm-gazzede-14-agustostan-bu-yana-zorla-yerinden-edilenlerin-sayisi-76-bini-gecti\\\/#primaryimage\"},\"thumbnailUrl\":\"https:\\\/\\\/kuzeyinsesi.org\\\/wp-content\\\/uploads\\\/2025\\\/09\\\/gazze-goc-a-2393885.jpg\",\"datePublished\":\"2025-09-02T18:30:06+00:00\",\"author\":{\"@id\":\"https:\\\/\\\/kuzeyinsesi.org\\\/#\\\/schema\\\/person\\\/9f859689cdf01485597712386e37f5aa\"},\"breadcrumb\":{\"@id\":\"https:\\\/\\\/kuzeyinsesi.org\\\/index.php\\\/2025\\\/09\\\/02\\\/bm-gazzede-14-agustostan-bu-yana-zorla-yerinden-edilenlerin-sayisi-76-bini-gecti\\\/#breadcrumb\"},\"inLanguage\":\"tr\",\"potentialAction\":[{\"@type\":\"ReadAction\",\"target\":[\"https:\\\/\\\/kuzeyinsesi.org\\\/index.php\\\/2025\\\/09\\\/02\\\/bm-gazzede-14-agustostan-bu-yana-zorla-yerinden-edilenlerin-sayisi-76-bini-gecti\\\/\"]}]},{\"@type\":\"ImageObject\",\"inLanguage\":\"tr\",\"@id\":\"https:\\\/\\\/kuzeyinsesi.org\\\/index.php\\\/2025\\\/09\\\/02\\\/bm-gazzede-14-agustostan-bu-yana-zorla-yerinden-edilenlerin-sayisi-76-bini-gecti\\\/#primaryimage\",\"url\":\"https:\\\/\\\/kuzeyinsesi.org\\\/wp-content\\\/uploads\\\/2025\\\/09\\\/gazze-goc-a-2393885.jpg\",\"contentUrl\":\"https:\\\/\\\/kuzeyinsesi.org\\\/wp-content\\\/uploads\\\/2025\\\/09\\\/gazze-goc-a-2393885.jpg\",\"width\":1280,\"height\":720},{\"@type\":\"BreadcrumbList\",\"@id\":\"https:\\\/\\\/kuzeyinsesi.org\\\/index.php\\\/2025\\\/09\\\/02\\\/bm-gazzede-14-agustostan-bu-yana-zorla-yerinden-edilenlerin-sayisi-76-bini-gecti\\\/#breadcrumb\",\"itemListElement\":[{\"@type\":\"ListItem\",\"position\":1,\"name\":\"Anasayfa\",\"item\":\"https:\\\/\\\/kuzeyinsesi.org\\\/\"},{\"@type\":\"ListItem\",\"position\":2,\"name\":\"BM: Gazze&#039;de 14 A\u011fustos&#039;tan bu yana zorla yerinden edilenlerin say\u0131s\u0131 76 bini ge\u00e7ti\"}]},{\"@type\":\"WebSite\",\"@id\":\"https:\\\/\\\/kuzeyinsesi.org\\\/#website\",\"url\":\"https:\\\/\\\/kuzeyinsesi.org\\\/\",\"name\":\"Kuzeyin Sesi\",\"description\":\"Do\u011fru Haberin Adresi\",\"potentialAction\":[{\"@type\":\"SearchAction\",\"target\":{\"@type\":\"EntryPoint\",\"urlTemplate\":\"https:\\\/\\\/kuzeyinsesi.org\\\/?s={search_term_string}\"},\"query-input\":{\"@type\":\"PropertyValueSpecification\",\"valueRequired\":true,\"valueName\":\"search_term_string\"}}],\"inLanguage\":\"tr\"},{\"@type\":\"Person\",\"@id\":\"https:\\\/\\\/kuzeyinsesi.org\\\/#\\\/schema\\\/person\\\/9f859689cdf01485597712386e37f5aa\",\"name\":\"Kuzeyin Sesi\",\"image\":{\"@type\":\"ImageObject\",\"inLanguage\":\"tr\",\"@id\":\"https:\\\/\\\/secure.gravatar.com\\\/avatar\\\/bab33852abfd8b282518d6ed81826833d77c3c882d9ab608add591ccace47a44?s=96&d=mm&r=g\",\"url\":\"https:\\\/\\\/secure.gravatar.com\\\/avatar\\\/bab33852abfd8b282518d6ed81826833d77c3c882d9ab608add591ccace47a44?s=96&d=mm&r=g\",\"contentUrl\":\"https:\\\/\\\/secure.gravatar.com\\\/avatar\\\/bab33852abfd8b282518d6ed81826833d77c3c882d9ab608add591ccace47a44?s=96&d=mm&r=g\",\"caption\":\"Kuzeyin Sesi\"},\"sameAs\":[\"https:\\\/\\\/kuzeyinsesi.org\"],\"url\":\"https:\\\/\\\/kuzeyinsesi.org\\\/index.php\\\/author\\\/guven\\\/\"}]}<\/script>\n<!-- \/ Yoast SEO plugin. -->","yoast_head_json":{"title":"BM: Gazze&#039;de 14 A\u011fustos&#039;tan bu yana zorla yerinden edilenlerin say\u0131s\u0131 76 bini ge\u00e7ti - Kuzeyin Sesi","robots":{"index":"index","follow":"follow","max-snippet":"max-snippet:-1","max-image-preview":"max-image-preview:large","max-video-preview":"max-video-preview:-1"},"canonical":"https:\/\/kuzeyinsesi.org\/index.php\/2025\/09\/02\/bm-gazzede-14-agustostan-bu-yana-zorla-yerinden-edilenlerin-sayisi-76-bini-gecti\/","og_locale":"tr_TR","og_type":"article","og_title":"BM: Gazze&#039;de 14 A\u011fustos&#039;tan bu yana zorla yerinden edilenlerin say\u0131s\u0131 76 bini ge\u00e7ti - Kuzeyin Sesi","og_description":"&#13; BM Genel Sekreter S\u00f6zc\u00fcs\u00fc Stephane Dujarric, New York&#8217;taki BM Genel Merkezi&#8217;nde d\u00fczenlenen g\u00fcnl\u00fck bas\u0131n toplant\u0131s\u0131nda, Gazze&#8217;deki son geli\u015fmelere ili\u015fkin bilgi verdi. &#13; Dujarric, Gazze\u2019de n\u00fcfus hareketlerini izleyen BM personeli ve ortaklar\u0131n\u0131n, \u0130srail\u2019in devam eden sald\u0131r\u0131lar\u0131 \u00fczerine insanlar\u0131n k\u0131y\u0131lara do\u011fru ka\u00e7maya devam etti\u011fini, bu ba\u011flamda 14 A\u011fustos\u2019tan bu yana 76 binden fazla yeni yerinden edilmenin [&hellip;]","og_url":"https:\/\/kuzeyinsesi.org\/index.php\/2025\/09\/02\/bm-gazzede-14-agustostan-bu-yana-zorla-yerinden-edilenlerin-sayisi-76-bini-gecti\/","og_site_name":"Kuzeyin Sesi","article_publisher":"https:\/\/www.facebook.com\/kuzeyinsesii","article_published_time":"2025-09-02T18:30:06+00:00","og_image":[{"url":"https:\/\/trthaberstatic.cdn.wp.trt.com.tr\/resimler\/2392000\/gazze-goc-a-2393885.jpg","type":"","width":"","height":""}],"author":"Kuzeyin Sesi","twitter_card":"summary_large_image","twitter_creator":"@kuzeyinsesii","twitter_site":"@kuzeyinsesii","twitter_misc":{"Yazan:":"Kuzeyin Sesi","Tahmini okuma s\u00fcresi":"1 dakika"},"schema":{"@context":"https:\/\/schema.org","@graph":[{"@type":"Article","@id":"https:\/\/kuzeyinsesi.org\/index.php\/2025\/09\/02\/bm-gazzede-14-agustostan-bu-yana-zorla-yerinden-edilenlerin-sayisi-76-bini-gecti\/#article","isPartOf":{"@id":"https:\/\/kuzeyinsesi.org\/index.php\/2025\/09\/02\/bm-gazzede-14-agustostan-bu-yana-zorla-yerinden-edilenlerin-sayisi-76-bini-gecti\/"},"author":{"name":"Kuzeyin Sesi","@id":"https:\/\/kuzeyinsesi.org\/#\/schema\/person\/9f859689cdf01485597712386e37f5aa"},"headline":"BM: Gazze&#039;de 14 A\u011fustos&#039;tan bu yana zorla yerinden edilenlerin say\u0131s\u0131 76 bini ge\u00e7ti","datePublished":"2025-09-02T18:30:06+00:00","mainEntityOfPage":{"@id":"https:\/\/kuzeyinsesi.org\/index.php\/2025\/09\/02\/bm-gazzede-14-agustostan-bu-yana-zorla-yerinden-edilenlerin-sayisi-76-bini-gecti\/"},"wordCount":199,"commentCount":0,"image":{"@id":"https:\/\/kuzeyinsesi.org\/index.php\/2025\/09\/02\/bm-gazzede-14-agustostan-bu-yana-zorla-yerinden-edilenlerin-sayisi-76-bini-gecti\/#primaryimage"},"thumbnailUrl":"https:\/\/kuzeyinsesi.org\/wp-content\/uploads\/2025\/09\/gazze-goc-a-2393885.jpg","articleSection":["D\u00fcnya"],"inLanguage":"tr","potentialAction":[{"@type":"CommentAction","name":"Comment","target":["https:\/\/kuzeyinsesi.org\/index.php\/2025\/09\/02\/bm-gazzede-14-agustostan-bu-yana-zorla-yerinden-edilenlerin-sayisi-76-bini-gecti\/#respond"]}]},{"@type":"WebPage","@id":"https:\/\/kuzeyinsesi.org\/index.php\/2025\/09\/02\/bm-gazzede-14-agustostan-bu-yana-zorla-yerinden-edilenlerin-sayisi-76-bini-gecti\/","url":"https:\/\/kuzeyinsesi.org\/index.php\/2025\/09\/02\/bm-gazzede-14-agustostan-bu-yana-zorla-yerinden-edilenlerin-sayisi-76-bini-gecti\/","name":"BM: Gazze&#039;de 14 A\u011fustos&#039;tan bu yana zorla yerinden edilenlerin say\u0131s\u0131 76 bini ge\u00e7ti - Kuzeyin Sesi","isPartOf":{"@id":"https:\/\/kuzeyinsesi.org\/#website"},"primaryImageOfPage":{"@id":"https:\/\/kuzeyinsesi.org\/index.php\/2025\/09\/02\/bm-gazzede-14-agustostan-bu-yana-zorla-yerinden-edilenlerin-sayisi-76-bini-gecti\/#primaryimage"},"image":{"@id":"https:\/\/kuzeyinsesi.org\/index.php\/2025\/09\/02\/bm-gazzede-14-agustostan-bu-yana-zorla-yerinden-edilenlerin-sayisi-76-bini-gecti\/#primaryimage"},"thumbnailUrl":"https:\/\/kuzeyinsesi.org\/wp-content\/uploads\/2025\/09\/gazze-goc-a-2393885.jpg","datePublished":"2025-09-02T18:30:06+00:00","author":{"@id":"https:\/\/kuzeyinsesi.org\/#\/schema\/person\/9f859689cdf01485597712386e37f5aa"},"breadcrumb":{"@id":"https:\/\/kuzeyinsesi.org\/index.php\/2025\/09\/02\/bm-gazzede-14-agustostan-bu-yana-zorla-yerinden-edilenlerin-sayisi-76-bini-gecti\/#breadcrumb"},"inLanguage":"tr","potentialAction":[{"@type":"ReadAction","target":["https:\/\/kuzeyinsesi.org\/index.php\/2025\/09\/02\/bm-gazzede-14-agustostan-bu-yana-zorla-yerinden-edilenlerin-sayisi-76-bini-gecti\/"]}]},{"@type":"ImageObject","inLanguage":"tr","@id":"https:\/\/kuzeyinsesi.org\/index.php\/2025\/09\/02\/bm-gazzede-14-agustostan-bu-yana-zorla-yerinden-edilenlerin-sayisi-76-bini-gecti\/#primaryimage","url":"https:\/\/kuzeyinsesi.org\/wp-content\/uploads\/2025\/09\/gazze-goc-a-2393885.jpg","contentUrl":"https:\/\/kuzeyinsesi.org\/wp-content\/uploads\/2025\/09\/gazze-goc-a-2393885.jpg","width":1280,"height":720},{"@type":"BreadcrumbList","@id":"https:\/\/kuzeyinsesi.org\/index.php\/2025\/09\/02\/bm-gazzede-14-agustostan-bu-yana-zorla-yerinden-edilenlerin-sayisi-76-bini-gecti\/#breadcrumb","itemListElement":[{"@type":"ListItem","position":1,"name":"Anasayfa","item":"https:\/\/kuzeyinsesi.org\/"},{"@type":"ListItem","position":2,"name":"BM: Gazze&#039;de 14 A\u011fustos&#039;tan bu yana zorla yerinden edilenlerin say\u0131s\u0131 76 bini ge\u00e7ti"}]},{"@type":"WebSite","@id":"https:\/\/kuzeyinsesi.org\/#website","url":"https:\/\/kuzeyinsesi.org\/","name":"Kuzeyin Sesi","description":"Do\u011fru Haberin Adresi","potentialAction":[{"@type":"SearchAction","target":{"@type":"EntryPoint","urlTemplate":"https:\/\/kuzeyinsesi.org\/?s={search_term_string}"},"query-input":{"@type":"PropertyValueSpecification","valueRequired":true,"valueName":"search_term_string"}}],"inLanguage":"tr"},{"@type":"Person","@id":"https:\/\/kuzeyinsesi.org\/#\/schema\/person\/9f859689cdf01485597712386e37f5aa","name":"Kuzeyin Sesi","image":{"@type":"ImageObject","inLanguage":"tr","@id":"https:\/\/secure.gravatar.com\/avatar\/bab33852abfd8b282518d6ed81826833d77c3c882d9ab608add591ccace47a44?s=96&d=mm&r=g","url":"https:\/\/secure.gravatar.com\/avatar\/bab33852abfd8b282518d6ed81826833d77c3c882d9ab608add591ccace47a44?s=96&d=mm&r=g","contentUrl":"https:\/\/secure.gravatar.com\/avatar\/bab33852abfd8b282518d6ed81826833d77c3c882d9ab608add591ccace47a44?s=96&d=mm&r=g","caption":"Kuzeyin Sesi"},"sameAs":["https:\/\/kuzeyinsesi.org"],"url":"https:\/\/kuzeyinsesi.org\/index.php\/author\/guven\/"}]}},"_links":{"self":[{"href":"https:\/\/kuzeyinsesi.org\/index.php\/wp-json\/wp\/v2\/posts\/31080","targetHints":{"allow":["GET"]}}],"collection":[{"href":"https:\/\/kuzeyinsesi.org\/index.php\/wp-json\/wp\/v2\/posts"}],"about":[{"href":"https:\/\/kuzeyinsesi.org\/index.php\/wp-json\/wp\/v2\/types\/post"}],"author":[{"embeddable":true,"href":"https:\/\/kuzeyinsesi.org\/index.php\/wp-json\/wp\/v2\/users\/1"}],"replies":[{"embeddable":true,"href":"https:\/\/kuzeyinsesi.org\/index.php\/wp-json\/wp\/v2\/comments?post=31080"}],"version-history":[{"count":0,"href":"https:\/\/kuzeyinsesi.org\/index.php\/wp-json\/wp\/v2\/posts\/31080\/revisions"}],"wp:featuredmedia":[{"embeddable":true,"href":"https:\/\/kuzeyinsesi.org\/index.php\/wp-json\/wp\/v2\/media\/31081"}],"wp:attachment":[{"href":"https:\/\/kuzeyinsesi.org\/index.php\/wp-json\/wp\/v2\/media?parent=31080"}],"wp:term":[{"taxonomy":"category","embeddable":true,"href":"https:\/\/kuzeyinsesi.org\/index.php\/wp-json\/wp\/v2\/categories?post=31080"},{"taxonomy":"post_tag","embeddable":true,"href":"https:\/\/kuzeyinsesi.org\/index.php\/wp-json\/wp\/v2\/tags?post=31080"}],"curies":[{"name":"wp","href":"https:\/\/api.w.org\/{rel}","templated":true}]}}