{"id":3108,"date":"2024-05-21T21:01:53","date_gmt":"2024-05-21T18:01:53","guid":{"rendered":"https:\/\/kuzeyinsesi.com\/index.php\/2024\/05\/21\/lefke-belediyesi-cocuk-orkestrasi-uluslararasi-odunpazari-3d-genclik-festivaline-katildi\/"},"modified":"2024-05-21T21:01:53","modified_gmt":"2024-05-21T18:01:53","slug":"lefke-belediyesi-cocuk-orkestrasi-uluslararasi-odunpazari-3d-genclik-festivaline-katildi","status":"publish","type":"post","link":"https:\/\/kuzeyinsesi.org\/index.php\/2024\/05\/21\/lefke-belediyesi-cocuk-orkestrasi-uluslararasi-odunpazari-3d-genclik-festivaline-katildi\/","title":{"rendered":"Lefke Belediyesi \u00c7ocuk Orkestras\u0131, Uluslararas\u0131 Odunpazar\u0131 3D Gen\u00e7lik Festivali\u2019ne kat\u0131ld\u0131"},"content":{"rendered":"<div>\n<div class=\"mariselle-image-container none\">\n                                            <\/div>\n<p>Lefke Belediyesi \u00c7ocuk Orkestras\u0131, Odunpazar\u0131 Belediyesi taraf\u0131ndan Eski\u015fehir\u2019de d\u00fczenlenen Uluslararas\u0131 Odunpazar\u0131 Dinleme Diyalog Dayan\u0131\u015fma (3D) Gen\u00e7lik Festivali\u2019ne kat\u0131ld\u0131.<\/p>\n<p>Belediyeden yap\u0131lan a\u00e7\u0131klamaya g\u00f6re, orkestra, Lefke Belediyesi\u2019nin karde\u015f belediyesi Eski\u015fehir Odunpazar\u0131 Belediyesi\u2019nin davetlisi olarak 19 May\u0131s Gen\u00e7lik ve Spor Bayram\u0131 kapsam\u0131nda d\u00fczenlenen 3D Gen\u00e7lik Festivali\u2019nde performans sundu.<\/p>\n<p>Lefke Belediyesi \u00c7ocuk Orkestras\u0131, festivalde K\u0131br\u0131s T\u00fcrk k\u00fclt\u00fcr\u00fcn\u00fc yans\u0131tan yerel m\u00fcziklerden olu\u015fan bir g\u00f6steri yapt\u0131.<\/p>\n<p>Lefke Belediyesi D\u0131\u015fili\u015fkiler ve Cittaslow Sorumlusu M\u00fcnevver Ebedi, etkinlikle ilgili \u201cfarkl\u0131 \u00fclkelerden gelen gen\u00e7lerle birlikte bir araya gelen ekibimiz, kentimiz ve yerel k\u00fclt\u00fcr\u00fcm\u00fcz\u00fcn farkl\u0131 \u00fclkelere iletilmesi i\u00e7in el\u00e7i olmu\u015flard\u0131r\u201d dedi.<\/p>\n<\/p><\/div>\n<p><script async\n                    defer\n                    crossorigin=\"anonymous\"\n                    src=\"https:\/\/connect.facebook.net\/tr_TR\/sdk.js#xfbml=1&#038;version=v3.3\"\n            ><\/script><\/p>\n","protected":false},"excerpt":{"rendered":"<p>Lefke Belediyesi \u00c7ocuk Orkestras\u0131, Odunpazar\u0131 Belediyesi taraf\u0131ndan Eski\u015fehir\u2019de d\u00fczenlenen Uluslararas\u0131 Odunpazar\u0131 Dinleme Diyalog Dayan\u0131\u015fma (3D) Gen\u00e7lik Festivali\u2019ne kat\u0131ld\u0131. Belediyeden yap\u0131lan a\u00e7\u0131klamaya g\u00f6re, orkestra, Lefke Belediyesi\u2019nin karde\u015f belediyesi Eski\u015fehir Odunpazar\u0131 Belediyesi\u2019nin davetlisi olarak 19 May\u0131s Gen\u00e7lik ve Spor Bayram\u0131 kapsam\u0131nda d\u00fczenlenen 3D Gen\u00e7lik Festivali\u2019nde performans sundu. Lefke Belediyesi \u00c7ocuk Orkestras\u0131, festivalde K\u0131br\u0131s T\u00fcrk k\u00fclt\u00fcr\u00fcn\u00fc yans\u0131tan yerel [&hellip;]<\/p>\n","protected":false},"author":1,"featured_media":3109,"comment_status":"open","ping_status":"open","sticky":false,"template":"","format":"standard","meta":{"jnews-multi-image_gallery":[],"jnews_single_post":[],"jnews_primary_category":[],"jnews_social_meta":[],"jnews_override_counter":[],"footnotes":""},"categories":[6],"tags":[],"class_list":["post-3108","post","type-post","status-publish","format-standard","has-post-thumbnail","hentry","category-yasam"],"yoast_head":"<!-- This site is optimized with the Yoast SEO plugin v27.5 - https:\/\/yoast.com\/product\/yoast-seo-wordpress\/ -->\n<title>Lefke Belediyesi \u00c7ocuk Orkestras\u0131, Uluslararas\u0131 Odunpazar\u0131 3D Gen\u00e7lik Festivali\u2019ne kat\u0131ld\u0131 - Kuzeyin Sesi<\/title>\n<meta name=\"robots\" content=\"index, follow, max-snippet:-1, max-image-preview:large, max-video-preview:-1\" \/>\n<link rel=\"canonical\" href=\"https:\/\/kuzeyinsesi.org\/index.php\/2024\/05\/21\/lefke-belediyesi-cocuk-orkestrasi-uluslararasi-odunpazari-3d-genclik-festivaline-katildi\/\" \/>\n<meta property=\"og:locale\" content=\"tr_TR\" \/>\n<meta property=\"og:type\" content=\"article\" \/>\n<meta property=\"og:title\" content=\"Lefke Belediyesi \u00c7ocuk Orkestras\u0131, Uluslararas\u0131 Odunpazar\u0131 3D Gen\u00e7lik Festivali\u2019ne kat\u0131ld\u0131 - Kuzeyin Sesi\" \/>\n<meta property=\"og:description\" content=\"Lefke Belediyesi \u00c7ocuk Orkestras\u0131, Odunpazar\u0131 Belediyesi taraf\u0131ndan Eski\u015fehir\u2019de d\u00fczenlenen Uluslararas\u0131 Odunpazar\u0131 Dinleme Diyalog Dayan\u0131\u015fma (3D) Gen\u00e7lik Festivali\u2019ne kat\u0131ld\u0131. Belediyeden yap\u0131lan a\u00e7\u0131klamaya g\u00f6re, orkestra, Lefke Belediyesi\u2019nin karde\u015f belediyesi Eski\u015fehir Odunpazar\u0131 Belediyesi\u2019nin davetlisi olarak 19 May\u0131s Gen\u00e7lik ve Spor Bayram\u0131 kapsam\u0131nda d\u00fczenlenen 3D Gen\u00e7lik Festivali\u2019nde performans sundu. Lefke Belediyesi \u00c7ocuk Orkestras\u0131, festivalde K\u0131br\u0131s T\u00fcrk k\u00fclt\u00fcr\u00fcn\u00fc yans\u0131tan yerel [&hellip;]\" \/>\n<meta property=\"og:url\" content=\"https:\/\/kuzeyinsesi.org\/index.php\/2024\/05\/21\/lefke-belediyesi-cocuk-orkestrasi-uluslararasi-odunpazari-3d-genclik-festivaline-katildi\/\" \/>\n<meta property=\"og:site_name\" content=\"Kuzeyin Sesi\" \/>\n<meta property=\"article:publisher\" content=\"https:\/\/www.facebook.com\/kuzeyinsesii\" \/>\n<meta property=\"article:published_time\" content=\"2024-05-21T18:01:53+00:00\" \/>\n<meta property=\"og:image\" content=\"https:\/\/kuzeyinsesi.org\/wp-content\/uploads\/2024\/05\/lefke-13.jpg\" \/>\n\t<meta property=\"og:image:width\" content=\"1600\" \/>\n\t<meta property=\"og:image:height\" content=\"1200\" \/>\n\t<meta property=\"og:image:type\" content=\"image\/jpeg\" \/>\n<meta name=\"author\" content=\"Kuzeyin Sesi\" \/>\n<meta name=\"twitter:card\" content=\"summary_large_image\" \/>\n<meta name=\"twitter:creator\" content=\"@kuzeyinsesii\" \/>\n<meta name=\"twitter:site\" content=\"@kuzeyinsesii\" \/>\n<meta name=\"twitter:label1\" content=\"Yazan:\" \/>\n\t<meta name=\"twitter:data1\" content=\"Kuzeyin Sesi\" \/>\n\t<meta name=\"twitter:label2\" content=\"Tahmini okuma s\u00fcresi\" \/>\n\t<meta name=\"twitter:data2\" content=\"1 dakika\" \/>\n<script type=\"application\/ld+json\" class=\"yoast-schema-graph\">{\"@context\":\"https:\\\/\\\/schema.org\",\"@graph\":[{\"@type\":\"Article\",\"@id\":\"https:\\\/\\\/kuzeyinsesi.org\\\/index.php\\\/2024\\\/05\\\/21\\\/lefke-belediyesi-cocuk-orkestrasi-uluslararasi-odunpazari-3d-genclik-festivaline-katildi\\\/#article\",\"isPartOf\":{\"@id\":\"https:\\\/\\\/kuzeyinsesi.org\\\/index.php\\\/2024\\\/05\\\/21\\\/lefke-belediyesi-cocuk-orkestrasi-uluslararasi-odunpazari-3d-genclik-festivaline-katildi\\\/\"},\"author\":{\"name\":\"Kuzeyin Sesi\",\"@id\":\"https:\\\/\\\/kuzeyinsesi.org\\\/#\\\/schema\\\/person\\\/9f859689cdf01485597712386e37f5aa\"},\"headline\":\"Lefke Belediyesi \u00c7ocuk Orkestras\u0131, Uluslararas\u0131 Odunpazar\u0131 3D Gen\u00e7lik Festivali\u2019ne kat\u0131ld\u0131\",\"datePublished\":\"2024-05-21T18:01:53+00:00\",\"mainEntityOfPage\":{\"@id\":\"https:\\\/\\\/kuzeyinsesi.org\\\/index.php\\\/2024\\\/05\\\/21\\\/lefke-belediyesi-cocuk-orkestrasi-uluslararasi-odunpazari-3d-genclik-festivaline-katildi\\\/\"},\"wordCount\":145,\"commentCount\":0,\"image\":{\"@id\":\"https:\\\/\\\/kuzeyinsesi.org\\\/index.php\\\/2024\\\/05\\\/21\\\/lefke-belediyesi-cocuk-orkestrasi-uluslararasi-odunpazari-3d-genclik-festivaline-katildi\\\/#primaryimage\"},\"thumbnailUrl\":\"https:\\\/\\\/kuzeyinsesi.org\\\/wp-content\\\/uploads\\\/2024\\\/05\\\/lefke-13.jpg\",\"articleSection\":[\"Ya\u015fam\"],\"inLanguage\":\"tr\",\"potentialAction\":[{\"@type\":\"CommentAction\",\"name\":\"Comment\",\"target\":[\"https:\\\/\\\/kuzeyinsesi.org\\\/index.php\\\/2024\\\/05\\\/21\\\/lefke-belediyesi-cocuk-orkestrasi-uluslararasi-odunpazari-3d-genclik-festivaline-katildi\\\/#respond\"]}]},{\"@type\":\"WebPage\",\"@id\":\"https:\\\/\\\/kuzeyinsesi.org\\\/index.php\\\/2024\\\/05\\\/21\\\/lefke-belediyesi-cocuk-orkestrasi-uluslararasi-odunpazari-3d-genclik-festivaline-katildi\\\/\",\"url\":\"https:\\\/\\\/kuzeyinsesi.org\\\/index.php\\\/2024\\\/05\\\/21\\\/lefke-belediyesi-cocuk-orkestrasi-uluslararasi-odunpazari-3d-genclik-festivaline-katildi\\\/\",\"name\":\"Lefke Belediyesi \u00c7ocuk Orkestras\u0131, Uluslararas\u0131 Odunpazar\u0131 3D Gen\u00e7lik Festivali\u2019ne kat\u0131ld\u0131 - Kuzeyin Sesi\",\"isPartOf\":{\"@id\":\"https:\\\/\\\/kuzeyinsesi.org\\\/#website\"},\"primaryImageOfPage\":{\"@id\":\"https:\\\/\\\/kuzeyinsesi.org\\\/index.php\\\/2024\\\/05\\\/21\\\/lefke-belediyesi-cocuk-orkestrasi-uluslararasi-odunpazari-3d-genclik-festivaline-katildi\\\/#primaryimage\"},\"image\":{\"@id\":\"https:\\\/\\\/kuzeyinsesi.org\\\/index.php\\\/2024\\\/05\\\/21\\\/lefke-belediyesi-cocuk-orkestrasi-uluslararasi-odunpazari-3d-genclik-festivaline-katildi\\\/#primaryimage\"},\"thumbnailUrl\":\"https:\\\/\\\/kuzeyinsesi.org\\\/wp-content\\\/uploads\\\/2024\\\/05\\\/lefke-13.jpg\",\"datePublished\":\"2024-05-21T18:01:53+00:00\",\"author\":{\"@id\":\"https:\\\/\\\/kuzeyinsesi.org\\\/#\\\/schema\\\/person\\\/9f859689cdf01485597712386e37f5aa\"},\"breadcrumb\":{\"@id\":\"https:\\\/\\\/kuzeyinsesi.org\\\/index.php\\\/2024\\\/05\\\/21\\\/lefke-belediyesi-cocuk-orkestrasi-uluslararasi-odunpazari-3d-genclik-festivaline-katildi\\\/#breadcrumb\"},\"inLanguage\":\"tr\",\"potentialAction\":[{\"@type\":\"ReadAction\",\"target\":[\"https:\\\/\\\/kuzeyinsesi.org\\\/index.php\\\/2024\\\/05\\\/21\\\/lefke-belediyesi-cocuk-orkestrasi-uluslararasi-odunpazari-3d-genclik-festivaline-katildi\\\/\"]}]},{\"@type\":\"ImageObject\",\"inLanguage\":\"tr\",\"@id\":\"https:\\\/\\\/kuzeyinsesi.org\\\/index.php\\\/2024\\\/05\\\/21\\\/lefke-belediyesi-cocuk-orkestrasi-uluslararasi-odunpazari-3d-genclik-festivaline-katildi\\\/#primaryimage\",\"url\":\"https:\\\/\\\/kuzeyinsesi.org\\\/wp-content\\\/uploads\\\/2024\\\/05\\\/lefke-13.jpg\",\"contentUrl\":\"https:\\\/\\\/kuzeyinsesi.org\\\/wp-content\\\/uploads\\\/2024\\\/05\\\/lefke-13.jpg\",\"width\":1600,\"height\":1200},{\"@type\":\"BreadcrumbList\",\"@id\":\"https:\\\/\\\/kuzeyinsesi.org\\\/index.php\\\/2024\\\/05\\\/21\\\/lefke-belediyesi-cocuk-orkestrasi-uluslararasi-odunpazari-3d-genclik-festivaline-katildi\\\/#breadcrumb\",\"itemListElement\":[{\"@type\":\"ListItem\",\"position\":1,\"name\":\"Anasayfa\",\"item\":\"https:\\\/\\\/kuzeyinsesi.org\\\/\"},{\"@type\":\"ListItem\",\"position\":2,\"name\":\"Lefke Belediyesi \u00c7ocuk Orkestras\u0131, Uluslararas\u0131 Odunpazar\u0131 3D Gen\u00e7lik Festivali\u2019ne kat\u0131ld\u0131\"}]},{\"@type\":\"WebSite\",\"@id\":\"https:\\\/\\\/kuzeyinsesi.org\\\/#website\",\"url\":\"https:\\\/\\\/kuzeyinsesi.org\\\/\",\"name\":\"Kuzeyin Sesi\",\"description\":\"Do\u011fru Haberin Adresi\",\"potentialAction\":[{\"@type\":\"SearchAction\",\"target\":{\"@type\":\"EntryPoint\",\"urlTemplate\":\"https:\\\/\\\/kuzeyinsesi.org\\\/?s={search_term_string}\"},\"query-input\":{\"@type\":\"PropertyValueSpecification\",\"valueRequired\":true,\"valueName\":\"search_term_string\"}}],\"inLanguage\":\"tr\"},{\"@type\":\"Person\",\"@id\":\"https:\\\/\\\/kuzeyinsesi.org\\\/#\\\/schema\\\/person\\\/9f859689cdf01485597712386e37f5aa\",\"name\":\"Kuzeyin Sesi\",\"image\":{\"@type\":\"ImageObject\",\"inLanguage\":\"tr\",\"@id\":\"https:\\\/\\\/secure.gravatar.com\\\/avatar\\\/bab33852abfd8b282518d6ed81826833d77c3c882d9ab608add591ccace47a44?s=96&d=mm&r=g\",\"url\":\"https:\\\/\\\/secure.gravatar.com\\\/avatar\\\/bab33852abfd8b282518d6ed81826833d77c3c882d9ab608add591ccace47a44?s=96&d=mm&r=g\",\"contentUrl\":\"https:\\\/\\\/secure.gravatar.com\\\/avatar\\\/bab33852abfd8b282518d6ed81826833d77c3c882d9ab608add591ccace47a44?s=96&d=mm&r=g\",\"caption\":\"Kuzeyin Sesi\"},\"sameAs\":[\"https:\\\/\\\/kuzeyinsesi.org\"],\"url\":\"https:\\\/\\\/kuzeyinsesi.org\\\/index.php\\\/author\\\/guven\\\/\"}]}<\/script>\n<!-- \/ Yoast SEO plugin. -->","yoast_head_json":{"title":"Lefke Belediyesi \u00c7ocuk Orkestras\u0131, Uluslararas\u0131 Odunpazar\u0131 3D Gen\u00e7lik Festivali\u2019ne kat\u0131ld\u0131 - Kuzeyin Sesi","robots":{"index":"index","follow":"follow","max-snippet":"max-snippet:-1","max-image-preview":"max-image-preview:large","max-video-preview":"max-video-preview:-1"},"canonical":"https:\/\/kuzeyinsesi.org\/index.php\/2024\/05\/21\/lefke-belediyesi-cocuk-orkestrasi-uluslararasi-odunpazari-3d-genclik-festivaline-katildi\/","og_locale":"tr_TR","og_type":"article","og_title":"Lefke Belediyesi \u00c7ocuk Orkestras\u0131, Uluslararas\u0131 Odunpazar\u0131 3D Gen\u00e7lik Festivali\u2019ne kat\u0131ld\u0131 - Kuzeyin Sesi","og_description":"Lefke Belediyesi \u00c7ocuk Orkestras\u0131, Odunpazar\u0131 Belediyesi taraf\u0131ndan Eski\u015fehir\u2019de d\u00fczenlenen Uluslararas\u0131 Odunpazar\u0131 Dinleme Diyalog Dayan\u0131\u015fma (3D) Gen\u00e7lik Festivali\u2019ne kat\u0131ld\u0131. Belediyeden yap\u0131lan a\u00e7\u0131klamaya g\u00f6re, orkestra, Lefke Belediyesi\u2019nin karde\u015f belediyesi Eski\u015fehir Odunpazar\u0131 Belediyesi\u2019nin davetlisi olarak 19 May\u0131s Gen\u00e7lik ve Spor Bayram\u0131 kapsam\u0131nda d\u00fczenlenen 3D Gen\u00e7lik Festivali\u2019nde performans sundu. Lefke Belediyesi \u00c7ocuk Orkestras\u0131, festivalde K\u0131br\u0131s T\u00fcrk k\u00fclt\u00fcr\u00fcn\u00fc yans\u0131tan yerel [&hellip;]","og_url":"https:\/\/kuzeyinsesi.org\/index.php\/2024\/05\/21\/lefke-belediyesi-cocuk-orkestrasi-uluslararasi-odunpazari-3d-genclik-festivaline-katildi\/","og_site_name":"Kuzeyin Sesi","article_publisher":"https:\/\/www.facebook.com\/kuzeyinsesii","article_published_time":"2024-05-21T18:01:53+00:00","og_image":[{"width":1600,"height":1200,"url":"https:\/\/kuzeyinsesi.org\/wp-content\/uploads\/2024\/05\/lefke-13.jpg","type":"image\/jpeg"}],"author":"Kuzeyin Sesi","twitter_card":"summary_large_image","twitter_creator":"@kuzeyinsesii","twitter_site":"@kuzeyinsesii","twitter_misc":{"Yazan:":"Kuzeyin Sesi","Tahmini okuma s\u00fcresi":"1 dakika"},"schema":{"@context":"https:\/\/schema.org","@graph":[{"@type":"Article","@id":"https:\/\/kuzeyinsesi.org\/index.php\/2024\/05\/21\/lefke-belediyesi-cocuk-orkestrasi-uluslararasi-odunpazari-3d-genclik-festivaline-katildi\/#article","isPartOf":{"@id":"https:\/\/kuzeyinsesi.org\/index.php\/2024\/05\/21\/lefke-belediyesi-cocuk-orkestrasi-uluslararasi-odunpazari-3d-genclik-festivaline-katildi\/"},"author":{"name":"Kuzeyin Sesi","@id":"https:\/\/kuzeyinsesi.org\/#\/schema\/person\/9f859689cdf01485597712386e37f5aa"},"headline":"Lefke Belediyesi \u00c7ocuk Orkestras\u0131, Uluslararas\u0131 Odunpazar\u0131 3D Gen\u00e7lik Festivali\u2019ne kat\u0131ld\u0131","datePublished":"2024-05-21T18:01:53+00:00","mainEntityOfPage":{"@id":"https:\/\/kuzeyinsesi.org\/index.php\/2024\/05\/21\/lefke-belediyesi-cocuk-orkestrasi-uluslararasi-odunpazari-3d-genclik-festivaline-katildi\/"},"wordCount":145,"commentCount":0,"image":{"@id":"https:\/\/kuzeyinsesi.org\/index.php\/2024\/05\/21\/lefke-belediyesi-cocuk-orkestrasi-uluslararasi-odunpazari-3d-genclik-festivaline-katildi\/#primaryimage"},"thumbnailUrl":"https:\/\/kuzeyinsesi.org\/wp-content\/uploads\/2024\/05\/lefke-13.jpg","articleSection":["Ya\u015fam"],"inLanguage":"tr","potentialAction":[{"@type":"CommentAction","name":"Comment","target":["https:\/\/kuzeyinsesi.org\/index.php\/2024\/05\/21\/lefke-belediyesi-cocuk-orkestrasi-uluslararasi-odunpazari-3d-genclik-festivaline-katildi\/#respond"]}]},{"@type":"WebPage","@id":"https:\/\/kuzeyinsesi.org\/index.php\/2024\/05\/21\/lefke-belediyesi-cocuk-orkestrasi-uluslararasi-odunpazari-3d-genclik-festivaline-katildi\/","url":"https:\/\/kuzeyinsesi.org\/index.php\/2024\/05\/21\/lefke-belediyesi-cocuk-orkestrasi-uluslararasi-odunpazari-3d-genclik-festivaline-katildi\/","name":"Lefke Belediyesi \u00c7ocuk Orkestras\u0131, Uluslararas\u0131 Odunpazar\u0131 3D Gen\u00e7lik Festivali\u2019ne kat\u0131ld\u0131 - Kuzeyin Sesi","isPartOf":{"@id":"https:\/\/kuzeyinsesi.org\/#website"},"primaryImageOfPage":{"@id":"https:\/\/kuzeyinsesi.org\/index.php\/2024\/05\/21\/lefke-belediyesi-cocuk-orkestrasi-uluslararasi-odunpazari-3d-genclik-festivaline-katildi\/#primaryimage"},"image":{"@id":"https:\/\/kuzeyinsesi.org\/index.php\/2024\/05\/21\/lefke-belediyesi-cocuk-orkestrasi-uluslararasi-odunpazari-3d-genclik-festivaline-katildi\/#primaryimage"},"thumbnailUrl":"https:\/\/kuzeyinsesi.org\/wp-content\/uploads\/2024\/05\/lefke-13.jpg","datePublished":"2024-05-21T18:01:53+00:00","author":{"@id":"https:\/\/kuzeyinsesi.org\/#\/schema\/person\/9f859689cdf01485597712386e37f5aa"},"breadcrumb":{"@id":"https:\/\/kuzeyinsesi.org\/index.php\/2024\/05\/21\/lefke-belediyesi-cocuk-orkestrasi-uluslararasi-odunpazari-3d-genclik-festivaline-katildi\/#breadcrumb"},"inLanguage":"tr","potentialAction":[{"@type":"ReadAction","target":["https:\/\/kuzeyinsesi.org\/index.php\/2024\/05\/21\/lefke-belediyesi-cocuk-orkestrasi-uluslararasi-odunpazari-3d-genclik-festivaline-katildi\/"]}]},{"@type":"ImageObject","inLanguage":"tr","@id":"https:\/\/kuzeyinsesi.org\/index.php\/2024\/05\/21\/lefke-belediyesi-cocuk-orkestrasi-uluslararasi-odunpazari-3d-genclik-festivaline-katildi\/#primaryimage","url":"https:\/\/kuzeyinsesi.org\/wp-content\/uploads\/2024\/05\/lefke-13.jpg","contentUrl":"https:\/\/kuzeyinsesi.org\/wp-content\/uploads\/2024\/05\/lefke-13.jpg","width":1600,"height":1200},{"@type":"BreadcrumbList","@id":"https:\/\/kuzeyinsesi.org\/index.php\/2024\/05\/21\/lefke-belediyesi-cocuk-orkestrasi-uluslararasi-odunpazari-3d-genclik-festivaline-katildi\/#breadcrumb","itemListElement":[{"@type":"ListItem","position":1,"name":"Anasayfa","item":"https:\/\/kuzeyinsesi.org\/"},{"@type":"ListItem","position":2,"name":"Lefke Belediyesi \u00c7ocuk Orkestras\u0131, Uluslararas\u0131 Odunpazar\u0131 3D Gen\u00e7lik Festivali\u2019ne kat\u0131ld\u0131"}]},{"@type":"WebSite","@id":"https:\/\/kuzeyinsesi.org\/#website","url":"https:\/\/kuzeyinsesi.org\/","name":"Kuzeyin Sesi","description":"Do\u011fru Haberin Adresi","potentialAction":[{"@type":"SearchAction","target":{"@type":"EntryPoint","urlTemplate":"https:\/\/kuzeyinsesi.org\/?s={search_term_string}"},"query-input":{"@type":"PropertyValueSpecification","valueRequired":true,"valueName":"search_term_string"}}],"inLanguage":"tr"},{"@type":"Person","@id":"https:\/\/kuzeyinsesi.org\/#\/schema\/person\/9f859689cdf01485597712386e37f5aa","name":"Kuzeyin Sesi","image":{"@type":"ImageObject","inLanguage":"tr","@id":"https:\/\/secure.gravatar.com\/avatar\/bab33852abfd8b282518d6ed81826833d77c3c882d9ab608add591ccace47a44?s=96&d=mm&r=g","url":"https:\/\/secure.gravatar.com\/avatar\/bab33852abfd8b282518d6ed81826833d77c3c882d9ab608add591ccace47a44?s=96&d=mm&r=g","contentUrl":"https:\/\/secure.gravatar.com\/avatar\/bab33852abfd8b282518d6ed81826833d77c3c882d9ab608add591ccace47a44?s=96&d=mm&r=g","caption":"Kuzeyin Sesi"},"sameAs":["https:\/\/kuzeyinsesi.org"],"url":"https:\/\/kuzeyinsesi.org\/index.php\/author\/guven\/"}]}},"_links":{"self":[{"href":"https:\/\/kuzeyinsesi.org\/index.php\/wp-json\/wp\/v2\/posts\/3108","targetHints":{"allow":["GET"]}}],"collection":[{"href":"https:\/\/kuzeyinsesi.org\/index.php\/wp-json\/wp\/v2\/posts"}],"about":[{"href":"https:\/\/kuzeyinsesi.org\/index.php\/wp-json\/wp\/v2\/types\/post"}],"author":[{"embeddable":true,"href":"https:\/\/kuzeyinsesi.org\/index.php\/wp-json\/wp\/v2\/users\/1"}],"replies":[{"embeddable":true,"href":"https:\/\/kuzeyinsesi.org\/index.php\/wp-json\/wp\/v2\/comments?post=3108"}],"version-history":[{"count":0,"href":"https:\/\/kuzeyinsesi.org\/index.php\/wp-json\/wp\/v2\/posts\/3108\/revisions"}],"wp:featuredmedia":[{"embeddable":true,"href":"https:\/\/kuzeyinsesi.org\/index.php\/wp-json\/wp\/v2\/media\/3109"}],"wp:attachment":[{"href":"https:\/\/kuzeyinsesi.org\/index.php\/wp-json\/wp\/v2\/media?parent=3108"}],"wp:term":[{"taxonomy":"category","embeddable":true,"href":"https:\/\/kuzeyinsesi.org\/index.php\/wp-json\/wp\/v2\/categories?post=3108"},{"taxonomy":"post_tag","embeddable":true,"href":"https:\/\/kuzeyinsesi.org\/index.php\/wp-json\/wp\/v2\/tags?post=3108"}],"curies":[{"name":"wp","href":"https:\/\/api.w.org\/{rel}","templated":true}]}}