{"id":31075,"date":"2025-09-02T18:55:31","date_gmt":"2025-09-02T15:55:31","guid":{"rendered":"https:\/\/kuzeyinsesi.org\/index.php\/2025\/09\/02\/katar-israil-tarafinda-baris-surecine-girmek-isteyen-hicbir-irade-ortada-yok\/"},"modified":"2025-09-02T18:55:31","modified_gmt":"2025-09-02T15:55:31","slug":"katar-israil-tarafinda-baris-surecine-girmek-isteyen-hicbir-irade-ortada-yok","status":"publish","type":"post","link":"https:\/\/kuzeyinsesi.org\/index.php\/2025\/09\/02\/katar-israil-tarafinda-baris-surecine-girmek-isteyen-hicbir-irade-ortada-yok\/","title":{"rendered":"Katar: \u0130srail taraf\u0131nda bar\u0131\u015f s\u00fcrecine girmek isteyen hi\u00e7bir irade ortada yok"},"content":{"rendered":"<p><\/p>\n<div>\n<p>&#13;<br \/>\n\t<a href=\"https:\/\/www.trthaber.com\/etiket\/katar\/\" target=\"_blank\">Katar<\/a> <a href=\"https:\/\/www.trthaber.com\/etiket\/disisleri-bakanligi\/\" target=\"_blank\">D\u0131\u015fi\u015fleri Bakanl\u0131\u011f\u0131<\/a> S\u00f6zc\u00fcs\u00fc Macid el-Ensari, Katar&#8217;\u0131n ba\u015fkenti Doha\u2019da d\u00fczenledi\u011fi bas\u0131n toplant\u0131s\u0131nda, <a href=\"https:\/\/www.trthaber.com\/etiket\/hamas\/\" target=\"_blank\">Hamas<\/a> ile <a href=\"https:\/\/www.trthaber.com\/etiket\/israil\/\" target=\"_blank\">\u0130srail<\/a> aras\u0131nda Katar, <a href=\"https:\/\/www.trthaber.com\/etiket\/abd\/\" target=\"_blank\">ABD<\/a> ve M\u0131s\u0131r\u2019\u0131n arabuluculu\u011funda devam eden ate\u015fkes m\u00fczakereleri ve Filistin devletinin tan\u0131nmas\u0131na ili\u015fkin a\u00e7\u0131klamalarda bulundu.<\/p>\n<p>&#13;<br \/>\n\tFilistinlilerin t\u00fcm uluslararas\u0131 platformlarda uygun ve g\u00fc\u00e7l\u00fc bir \u015fekilde temsil edilmesinin \u00f6nemine vurgu yapan Ensari, \u0130srail\u2019in mevcut ad\u0131mlar\u0131na b\u00f6lgesel ve uluslararas\u0131 d\u00fczeyde a\u00e7\u0131k bir \u015fekilde kar\u015f\u0131 \u00e7\u0131k\u0131ld\u0131\u011f\u0131n\u0131 belirtti.<\/p>\n<p>&#13;<br \/>\n\tEnsari, Filistin devletinin tan\u0131nmas\u0131 s\u00fcreci ve iki devletli \u00e7\u00f6z\u00fcm ile ilgili, \u201c\u0130srail taraf\u0131nda bar\u0131\u015f s\u00fcrecine girmek isteyen hi\u00e7bir irade ortada yokken, bar\u0131\u015f s\u00fcrecini beklemenin bir faydas\u0131 yoktur.\u201d ifadelerini kulland\u0131.<\/p>\n<p>&#13;<br \/>\n\tUluslararas\u0131 toplumun \u0130srail sald\u0131r\u0131lar\u0131n\u0131 durdurmak i\u00e7in ortak bir tav\u0131r sergilemesi gerekti\u011finin alt\u0131n\u0131 \u00e7izen Ensari, insani meselenin herhangi bir anla\u015fmaya ba\u011flanamayaca\u011f\u0131n\u0131, Gazze\u2019ye insani yard\u0131mlar\u0131n ula\u015ft\u0131r\u0131lmas\u0131 i\u00e7in s\u0131n\u0131r kap\u0131lar\u0131n\u0131n derhal a\u00e7\u0131lmas\u0131 gerekti\u011fini kaydetti.<\/p>\n<p>&#13;<br \/>\n\t<a href=\"https:\/\/www.trthaber.com\/etiket\/netanyahu\/\" target=\"_blank\">Netanyahu<\/a> h\u00fck\u00fcmetine sava\u015f\u0131 sona erdirmek i\u00e7in m\u00fczakerelere kat\u0131lma \u00e7a\u011fr\u0131s\u0131nda bulunan Ensari, \u0130srail\u2019in Gazze\u2019yi i\u015fgal plan\u0131n\u0131n b\u00f6lgedeki t\u00fcm taraflar i\u00e7in, hatta rehineler a\u00e7\u0131s\u0131ndan dahi ciddi bir tehdit olu\u015fturdu\u011funu dile getirdi.<\/p>\n<p>&#13;<br \/>\n\tEnsari, Gazze\u2019de ate\u015fkes i\u00e7in sunulan son \u00f6neriye \u0130srail\u2019den \u015fimdiye kadar herhangi bir yan\u0131t al\u0131nmad\u0131\u011f\u0131n\u0131 hat\u0131rlatarak, &#8220;\u0130srail&#8217;in art\u0131k bir yan\u0131t vermesi ve m\u00fczakerelere kat\u0131lmas\u0131 gerekiyor ancak \u015fu ana kadar yeni bir \u015fey yok&#8221; dedi.<\/p>\n<p>&#13;<br \/>\n\t\u0130srail\u2019in sahadaki askeri operasyonlar\u0131n\u0131 geni\u015fletti\u011fini kaydeden Ensari, bunun olumlu bir sonuca yol a\u00e7mayaca\u011f\u0131n\u0131 vurgulad\u0131.<\/p>\n<p>&#13;<br \/>\n\tEnsari, \u201cGazze\u2019de ate\u015fkesin sa\u011flanmas\u0131 i\u00e7in \u00e7abalar\u0131m\u0131z aral\u0131ks\u0131z s\u00fcr\u00fcyor. Hedefimiz, m\u00fcmk\u00fcn olan en k\u0131sa s\u00fcrede anla\u015fmay\u0131 duyurmak.\u201d ifadeleriyle s\u00f6zlerini tamamlad\u0131.<\/p>\n<h2>&#13;<br \/>\n\tHamas, ate\u015fkes anla\u015fmas\u0131 \u00f6nerisini kabul etti\u011fini duyurmu\u015ftu<\/h2>\n<p>&#13;<br \/>\n\tHamas, <a href=\"https:\/\/www.trthaber.com\/etiket\/misir\/\" target=\"_blank\">M\u0131s\u0131r<\/a> ve Katar&#8217;\u0131n Gazze&#8217;de ate\u015fkes ve esir takas\u0131yla ilgili sunduklar\u0131 \u00f6neriyi kabul ettiklerini bildirmi\u015fti.<\/p>\n<p>&#13;<br \/>\n\t\u00d6te yandan \u0130srail bas\u0131n\u0131na konu\u015fan ismi a\u00e7\u0131klanmayan \u0130srailli \u00fcst d\u00fczey bir yetkili, esir takas\u0131 anla\u015fmas\u0131na ili\u015fkin Hamas&#8217;\u0131n yan\u0131t\u0131n\u0131 alm\u0131\u015f olmalar\u0131na ra\u011fmen Tel Aviv&#8217;in tutumunda herhangi bir de\u011fi\u015fiklik olmad\u0131\u011f\u0131n\u0131 ifade etmi\u015fti.<\/p>\n<p>&#13;<br \/>\n\t\u0130srailli yetkili, Tel Aviv y\u00f6netiminin esirlerin tamam\u0131n\u0131n serbest b\u0131rak\u0131lmas\u0131n\u0131 \u00f6ng\u00f6ren bir anla\u015fmada \u0131srarc\u0131 oldu\u011funu kaydetmi\u015fti.<\/p>\n<p>&#13;<br \/>\n\t\u0130srail Ba\u015fbakanl\u0131k Ofisinden The Times of Israel&#8217;e yap\u0131lan a\u00e7\u0131klamada ise, &#8220;\u015fu a\u015famada&#8221; Gazze&#8217;de ate\u015fkes ve esir takas\u0131 m\u00fczakereleri i\u00e7in Doha ya da Kahire&#8217;ye heyet g\u00f6nderilmesinin planlanmad\u0131\u011f\u0131 belirtilmi\u015fti.<\/p>\n<h2>&#13;<br \/>\n\t\u0130srail, <a href=\"https:\/\/www.trthaber.com\/etiket\/gazze\/\" target=\"_blank\">Gazze<\/a> kentini i\u015fgal karar\u0131 alm\u0131\u015ft\u0131<\/h2>\n<p>&#13;<br \/>\n\t\u0130srail G\u00fcvenlik Kabinesi, 8 A\u011fustos&#8217;ta b\u00f6lgenin kuzeyindeki Gazze kentinin i\u015fgal edilmesine y\u00f6nelik plana onay vermi\u015fti.<\/p>\n<p>&#13;<br \/>\n\tNetanyahu, kabine toplant\u0131s\u0131 \u00f6ncesi verdi\u011fi bir r\u00f6portajda, Gazze \u015eeridi&#8217;nin tamam\u0131n\u0131 i\u015fgal etmeyi hedeflediklerini s\u00f6ylemi\u015fti.<\/p>\n<p>&#13;<br \/>\n\t\u0130srail bas\u0131n\u0131nda yer alan haberlerde de ordunun Gazze&#8217;nin geri kalan\u0131n\u0131 i\u015fgal etme emri ald\u0131\u011f\u0131 ancak bu ad\u0131m\u0131n eyl\u00fcl ay\u0131ndan \u00f6nce hayata ge\u00e7irilmesinin beklenmedi\u011fi aktar\u0131lm\u0131\u015ft\u0131.<\/p>\n<p>&#13;<br \/>\n\tPlana g\u00f6re ilk a\u015famada yakla\u015f\u0131k bir milyon Filistinli g\u00fcneye s\u00fcrg\u00fcn edilecek, kent ku\u015fat\u0131lacak ve yo\u011fun sald\u0131r\u0131lar sonras\u0131 i\u015fgal edilecek.<\/p>\n<p>&#13;<br \/>\n\t\u0130kinci a\u015famada ise b\u00fcy\u00fck \u00f6l\u00e7\u00fcde harabeye d\u00f6nm\u00fc\u015f olan Gazze&#8217;nin merkezindeki m\u00fclteci kamplar\u0131n\u0131n i\u015fgali \u00f6ng\u00f6r\u00fcl\u00fcyor.<\/p>\n<p>&#13;<br \/>\n\t\u0130srail, 1967&#8217;den 2005&#8217;e kadar 38 y\u0131l boyunca Gazze \u015eeridi&#8217;ni i\u015fgal alt\u0131nda tutmu\u015ftu. Bug\u00fcn yakla\u015f\u0131k 2,3 milyon Filistinlinin ya\u015fad\u0131\u011f\u0131 Gazze \u015eeridi 18 y\u0131ld\u0131r a\u011f\u0131r bir abluka alt\u0131nda bulunuyor.<\/p>\n<\/p><\/div>\n","protected":false},"excerpt":{"rendered":"<p>&#13; Katar D\u0131\u015fi\u015fleri Bakanl\u0131\u011f\u0131 S\u00f6zc\u00fcs\u00fc Macid el-Ensari, Katar&#8217;\u0131n ba\u015fkenti Doha\u2019da d\u00fczenledi\u011fi bas\u0131n toplant\u0131s\u0131nda, Hamas ile \u0130srail aras\u0131nda Katar, ABD ve M\u0131s\u0131r\u2019\u0131n arabuluculu\u011funda devam eden ate\u015fkes m\u00fczakereleri ve Filistin devletinin tan\u0131nmas\u0131na ili\u015fkin a\u00e7\u0131klamalarda bulundu. &#13; Filistinlilerin t\u00fcm uluslararas\u0131 platformlarda uygun ve g\u00fc\u00e7l\u00fc bir \u015fekilde temsil edilmesinin \u00f6nemine vurgu yapan Ensari, \u0130srail\u2019in mevcut ad\u0131mlar\u0131na b\u00f6lgesel ve uluslararas\u0131 [&hellip;]<\/p>\n","protected":false},"author":1,"featured_media":31076,"comment_status":"open","ping_status":"open","sticky":false,"template":"","format":"standard","meta":{"jnews-multi-image_gallery":[],"jnews_single_post":[],"jnews_primary_category":[],"jnews_social_meta":[],"jnews_override_counter":[],"footnotes":""},"categories":[2],"tags":[],"class_list":["post-31075","post","type-post","status-publish","format-standard","has-post-thumbnail","hentry","category-dunya"],"yoast_head":"<!-- This site is optimized with the Yoast SEO plugin v28.4 - https:\/\/yoast.com\/product\/yoast-seo-wordpress\/ -->\n<title>Katar: \u0130srail taraf\u0131nda bar\u0131\u015f s\u00fcrecine girmek isteyen hi\u00e7bir irade ortada yok - Kuzeyin Sesi<\/title>\n<meta name=\"robots\" content=\"index, follow, max-snippet:-1, max-image-preview:large, max-video-preview:-1\" \/>\n<link rel=\"canonical\" href=\"https:\/\/kuzeyinsesi.org\/index.php\/2025\/09\/02\/katar-israil-tarafinda-baris-surecine-girmek-isteyen-hicbir-irade-ortada-yok\/\" \/>\n<meta property=\"og:locale\" content=\"tr_TR\" \/>\n<meta property=\"og:type\" content=\"article\" \/>\n<meta property=\"og:title\" content=\"Katar: \u0130srail taraf\u0131nda bar\u0131\u015f s\u00fcrecine girmek isteyen hi\u00e7bir irade ortada yok - Kuzeyin Sesi\" \/>\n<meta property=\"og:description\" content=\"&#013; Katar D\u0131\u015fi\u015fleri Bakanl\u0131\u011f\u0131 S\u00f6zc\u00fcs\u00fc Macid el-Ensari, Katar&#8217;\u0131n ba\u015fkenti Doha\u2019da d\u00fczenledi\u011fi bas\u0131n toplant\u0131s\u0131nda, Hamas ile \u0130srail aras\u0131nda Katar, ABD ve M\u0131s\u0131r\u2019\u0131n arabuluculu\u011funda devam eden ate\u015fkes m\u00fczakereleri ve Filistin devletinin tan\u0131nmas\u0131na ili\u015fkin a\u00e7\u0131klamalarda bulundu. &#013; Filistinlilerin t\u00fcm uluslararas\u0131 platformlarda uygun ve g\u00fc\u00e7l\u00fc bir \u015fekilde temsil edilmesinin \u00f6nemine vurgu yapan Ensari, \u0130srail\u2019in mevcut ad\u0131mlar\u0131na b\u00f6lgesel ve uluslararas\u0131 [&hellip;]\" \/>\n<meta property=\"og:url\" content=\"https:\/\/kuzeyinsesi.org\/index.php\/2025\/09\/02\/katar-israil-tarafinda-baris-surecine-girmek-isteyen-hicbir-irade-ortada-yok\/\" \/>\n<meta property=\"og:site_name\" content=\"Kuzeyin Sesi\" \/>\n<meta property=\"article:publisher\" content=\"https:\/\/www.facebook.com\/kuzeyinsesii\" \/>\n<meta property=\"article:published_time\" content=\"2025-09-02T15:55:31+00:00\" \/>\n<meta property=\"og:image\" content=\"https:\/\/trthaberstatic.cdn.wp.trt.com.tr\/resimler\/2174000\/netanyahu-reu-2175811.jpg\" \/>\n<meta name=\"author\" content=\"Kuzeyin Sesi\" \/>\n<meta name=\"twitter:card\" content=\"summary_large_image\" \/>\n<meta name=\"twitter:creator\" content=\"@kuzeyinsesii\" \/>\n<meta name=\"twitter:site\" content=\"@kuzeyinsesii\" \/>\n<meta name=\"twitter:label1\" content=\"Yazan:\" \/>\n\t<meta name=\"twitter:data1\" content=\"Kuzeyin Sesi\" \/>\n\t<meta name=\"twitter:label2\" content=\"Tahmini okuma s\u00fcresi\" \/>\n\t<meta name=\"twitter:data2\" content=\"3 dakika\" \/>\n<script type=\"application\/ld+json\" class=\"yoast-schema-graph\">{\"@context\":\"https:\\\/\\\/schema.org\",\"@graph\":[{\"@type\":\"Article\",\"@id\":\"https:\\\/\\\/kuzeyinsesi.org\\\/index.php\\\/2025\\\/09\\\/02\\\/katar-israil-tarafinda-baris-surecine-girmek-isteyen-hicbir-irade-ortada-yok\\\/#article\",\"isPartOf\":{\"@id\":\"https:\\\/\\\/kuzeyinsesi.org\\\/index.php\\\/2025\\\/09\\\/02\\\/katar-israil-tarafinda-baris-surecine-girmek-isteyen-hicbir-irade-ortada-yok\\\/\"},\"author\":{\"name\":\"Kuzeyin Sesi\",\"@id\":\"https:\\\/\\\/kuzeyinsesi.org\\\/#\\\/schema\\\/person\\\/9f859689cdf01485597712386e37f5aa\"},\"headline\":\"Katar: \u0130srail taraf\u0131nda bar\u0131\u015f s\u00fcrecine girmek isteyen hi\u00e7bir irade ortada yok\",\"datePublished\":\"2025-09-02T15:55:31+00:00\",\"mainEntityOfPage\":{\"@id\":\"https:\\\/\\\/kuzeyinsesi.org\\\/index.php\\\/2025\\\/09\\\/02\\\/katar-israil-tarafinda-baris-surecine-girmek-isteyen-hicbir-irade-ortada-yok\\\/\"},\"wordCount\":676,\"commentCount\":0,\"image\":{\"@id\":\"https:\\\/\\\/kuzeyinsesi.org\\\/index.php\\\/2025\\\/09\\\/02\\\/katar-israil-tarafinda-baris-surecine-girmek-isteyen-hicbir-irade-ortada-yok\\\/#primaryimage\"},\"thumbnailUrl\":\"https:\\\/\\\/kuzeyinsesi.org\\\/wp-content\\\/uploads\\\/2024\\\/05\\\/1714991607_netanyahu-reu-2175811.jpg\",\"articleSection\":[\"D\u00fcnya\"],\"inLanguage\":\"tr\",\"potentialAction\":[{\"@type\":\"CommentAction\",\"name\":\"Comment\",\"target\":[\"https:\\\/\\\/kuzeyinsesi.org\\\/index.php\\\/2025\\\/09\\\/02\\\/katar-israil-tarafinda-baris-surecine-girmek-isteyen-hicbir-irade-ortada-yok\\\/#respond\"]}]},{\"@type\":\"WebPage\",\"@id\":\"https:\\\/\\\/kuzeyinsesi.org\\\/index.php\\\/2025\\\/09\\\/02\\\/katar-israil-tarafinda-baris-surecine-girmek-isteyen-hicbir-irade-ortada-yok\\\/\",\"url\":\"https:\\\/\\\/kuzeyinsesi.org\\\/index.php\\\/2025\\\/09\\\/02\\\/katar-israil-tarafinda-baris-surecine-girmek-isteyen-hicbir-irade-ortada-yok\\\/\",\"name\":\"Katar: \u0130srail taraf\u0131nda bar\u0131\u015f s\u00fcrecine girmek isteyen hi\u00e7bir irade ortada yok - Kuzeyin Sesi\",\"isPartOf\":{\"@id\":\"https:\\\/\\\/kuzeyinsesi.org\\\/#website\"},\"primaryImageOfPage\":{\"@id\":\"https:\\\/\\\/kuzeyinsesi.org\\\/index.php\\\/2025\\\/09\\\/02\\\/katar-israil-tarafinda-baris-surecine-girmek-isteyen-hicbir-irade-ortada-yok\\\/#primaryimage\"},\"image\":{\"@id\":\"https:\\\/\\\/kuzeyinsesi.org\\\/index.php\\\/2025\\\/09\\\/02\\\/katar-israil-tarafinda-baris-surecine-girmek-isteyen-hicbir-irade-ortada-yok\\\/#primaryimage\"},\"thumbnailUrl\":\"https:\\\/\\\/kuzeyinsesi.org\\\/wp-content\\\/uploads\\\/2024\\\/05\\\/1714991607_netanyahu-reu-2175811.jpg\",\"datePublished\":\"2025-09-02T15:55:31+00:00\",\"author\":{\"@id\":\"https:\\\/\\\/kuzeyinsesi.org\\\/#\\\/schema\\\/person\\\/9f859689cdf01485597712386e37f5aa\"},\"breadcrumb\":{\"@id\":\"https:\\\/\\\/kuzeyinsesi.org\\\/index.php\\\/2025\\\/09\\\/02\\\/katar-israil-tarafinda-baris-surecine-girmek-isteyen-hicbir-irade-ortada-yok\\\/#breadcrumb\"},\"inLanguage\":\"tr\",\"potentialAction\":[{\"@type\":\"ReadAction\",\"target\":[\"https:\\\/\\\/kuzeyinsesi.org\\\/index.php\\\/2025\\\/09\\\/02\\\/katar-israil-tarafinda-baris-surecine-girmek-isteyen-hicbir-irade-ortada-yok\\\/\"]}]},{\"@type\":\"ImageObject\",\"inLanguage\":\"tr\",\"@id\":\"https:\\\/\\\/kuzeyinsesi.org\\\/index.php\\\/2025\\\/09\\\/02\\\/katar-israil-tarafinda-baris-surecine-girmek-isteyen-hicbir-irade-ortada-yok\\\/#primaryimage\",\"url\":\"https:\\\/\\\/kuzeyinsesi.org\\\/wp-content\\\/uploads\\\/2024\\\/05\\\/1714991607_netanyahu-reu-2175811.jpg\",\"contentUrl\":\"https:\\\/\\\/kuzeyinsesi.org\\\/wp-content\\\/uploads\\\/2024\\\/05\\\/1714991607_netanyahu-reu-2175811.jpg\",\"width\":1280,\"height\":720},{\"@type\":\"BreadcrumbList\",\"@id\":\"https:\\\/\\\/kuzeyinsesi.org\\\/index.php\\\/2025\\\/09\\\/02\\\/katar-israil-tarafinda-baris-surecine-girmek-isteyen-hicbir-irade-ortada-yok\\\/#breadcrumb\",\"itemListElement\":[{\"@type\":\"ListItem\",\"position\":1,\"name\":\"Anasayfa\",\"item\":\"https:\\\/\\\/kuzeyinsesi.org\\\/\"},{\"@type\":\"ListItem\",\"position\":2,\"name\":\"Katar: \u0130srail taraf\u0131nda bar\u0131\u015f s\u00fcrecine girmek isteyen hi\u00e7bir irade ortada yok\"}]},{\"@type\":\"WebSite\",\"@id\":\"https:\\\/\\\/kuzeyinsesi.org\\\/#website\",\"url\":\"https:\\\/\\\/kuzeyinsesi.org\\\/\",\"name\":\"Kuzeyin Sesi\",\"description\":\"Do\u011fru Haberin Adresi\",\"potentialAction\":[{\"@type\":\"SearchAction\",\"target\":{\"@type\":\"EntryPoint\",\"urlTemplate\":\"https:\\\/\\\/kuzeyinsesi.org\\\/?s={search_term_string}\"},\"query-input\":{\"@type\":\"PropertyValueSpecification\",\"valueRequired\":true,\"valueName\":\"search_term_string\"}}],\"inLanguage\":\"tr\"},{\"@type\":\"Person\",\"@id\":\"https:\\\/\\\/kuzeyinsesi.org\\\/#\\\/schema\\\/person\\\/9f859689cdf01485597712386e37f5aa\",\"name\":\"Kuzeyin Sesi\",\"image\":{\"@type\":\"ImageObject\",\"inLanguage\":\"tr\",\"@id\":\"https:\\\/\\\/secure.gravatar.com\\\/avatar\\\/bab33852abfd8b282518d6ed81826833d77c3c882d9ab608add591ccace47a44?s=96&d=mm&r=g\",\"url\":\"https:\\\/\\\/secure.gravatar.com\\\/avatar\\\/bab33852abfd8b282518d6ed81826833d77c3c882d9ab608add591ccace47a44?s=96&d=mm&r=g\",\"contentUrl\":\"https:\\\/\\\/secure.gravatar.com\\\/avatar\\\/bab33852abfd8b282518d6ed81826833d77c3c882d9ab608add591ccace47a44?s=96&d=mm&r=g\",\"caption\":\"Kuzeyin Sesi\"},\"sameAs\":[\"https:\\\/\\\/kuzeyinsesi.org\"],\"url\":\"https:\\\/\\\/kuzeyinsesi.org\\\/index.php\\\/author\\\/guven\\\/\"}]}<\/script>\n<!-- \/ Yoast SEO plugin. -->","yoast_head_json":{"title":"Katar: \u0130srail taraf\u0131nda bar\u0131\u015f s\u00fcrecine girmek isteyen hi\u00e7bir irade ortada yok - Kuzeyin Sesi","robots":{"index":"index","follow":"follow","max-snippet":"max-snippet:-1","max-image-preview":"max-image-preview:large","max-video-preview":"max-video-preview:-1"},"canonical":"https:\/\/kuzeyinsesi.org\/index.php\/2025\/09\/02\/katar-israil-tarafinda-baris-surecine-girmek-isteyen-hicbir-irade-ortada-yok\/","og_locale":"tr_TR","og_type":"article","og_title":"Katar: \u0130srail taraf\u0131nda bar\u0131\u015f s\u00fcrecine girmek isteyen hi\u00e7bir irade ortada yok - Kuzeyin Sesi","og_description":"&#13; Katar D\u0131\u015fi\u015fleri Bakanl\u0131\u011f\u0131 S\u00f6zc\u00fcs\u00fc Macid el-Ensari, Katar&#8217;\u0131n ba\u015fkenti Doha\u2019da d\u00fczenledi\u011fi bas\u0131n toplant\u0131s\u0131nda, Hamas ile \u0130srail aras\u0131nda Katar, ABD ve M\u0131s\u0131r\u2019\u0131n arabuluculu\u011funda devam eden ate\u015fkes m\u00fczakereleri ve Filistin devletinin tan\u0131nmas\u0131na ili\u015fkin a\u00e7\u0131klamalarda bulundu. &#13; Filistinlilerin t\u00fcm uluslararas\u0131 platformlarda uygun ve g\u00fc\u00e7l\u00fc bir \u015fekilde temsil edilmesinin \u00f6nemine vurgu yapan Ensari, \u0130srail\u2019in mevcut ad\u0131mlar\u0131na b\u00f6lgesel ve uluslararas\u0131 [&hellip;]","og_url":"https:\/\/kuzeyinsesi.org\/index.php\/2025\/09\/02\/katar-israil-tarafinda-baris-surecine-girmek-isteyen-hicbir-irade-ortada-yok\/","og_site_name":"Kuzeyin Sesi","article_publisher":"https:\/\/www.facebook.com\/kuzeyinsesii","article_published_time":"2025-09-02T15:55:31+00:00","og_image":[{"url":"https:\/\/trthaberstatic.cdn.wp.trt.com.tr\/resimler\/2174000\/netanyahu-reu-2175811.jpg","type":"","width":"","height":""}],"author":"Kuzeyin Sesi","twitter_card":"summary_large_image","twitter_creator":"@kuzeyinsesii","twitter_site":"@kuzeyinsesii","twitter_misc":{"Yazan:":"Kuzeyin Sesi","Tahmini okuma s\u00fcresi":"3 dakika"},"schema":{"@context":"https:\/\/schema.org","@graph":[{"@type":"Article","@id":"https:\/\/kuzeyinsesi.org\/index.php\/2025\/09\/02\/katar-israil-tarafinda-baris-surecine-girmek-isteyen-hicbir-irade-ortada-yok\/#article","isPartOf":{"@id":"https:\/\/kuzeyinsesi.org\/index.php\/2025\/09\/02\/katar-israil-tarafinda-baris-surecine-girmek-isteyen-hicbir-irade-ortada-yok\/"},"author":{"name":"Kuzeyin Sesi","@id":"https:\/\/kuzeyinsesi.org\/#\/schema\/person\/9f859689cdf01485597712386e37f5aa"},"headline":"Katar: \u0130srail taraf\u0131nda bar\u0131\u015f s\u00fcrecine girmek isteyen hi\u00e7bir irade ortada yok","datePublished":"2025-09-02T15:55:31+00:00","mainEntityOfPage":{"@id":"https:\/\/kuzeyinsesi.org\/index.php\/2025\/09\/02\/katar-israil-tarafinda-baris-surecine-girmek-isteyen-hicbir-irade-ortada-yok\/"},"wordCount":676,"commentCount":0,"image":{"@id":"https:\/\/kuzeyinsesi.org\/index.php\/2025\/09\/02\/katar-israil-tarafinda-baris-surecine-girmek-isteyen-hicbir-irade-ortada-yok\/#primaryimage"},"thumbnailUrl":"https:\/\/kuzeyinsesi.org\/wp-content\/uploads\/2024\/05\/1714991607_netanyahu-reu-2175811.jpg","articleSection":["D\u00fcnya"],"inLanguage":"tr","potentialAction":[{"@type":"CommentAction","name":"Comment","target":["https:\/\/kuzeyinsesi.org\/index.php\/2025\/09\/02\/katar-israil-tarafinda-baris-surecine-girmek-isteyen-hicbir-irade-ortada-yok\/#respond"]}]},{"@type":"WebPage","@id":"https:\/\/kuzeyinsesi.org\/index.php\/2025\/09\/02\/katar-israil-tarafinda-baris-surecine-girmek-isteyen-hicbir-irade-ortada-yok\/","url":"https:\/\/kuzeyinsesi.org\/index.php\/2025\/09\/02\/katar-israil-tarafinda-baris-surecine-girmek-isteyen-hicbir-irade-ortada-yok\/","name":"Katar: \u0130srail taraf\u0131nda bar\u0131\u015f s\u00fcrecine girmek isteyen hi\u00e7bir irade ortada yok - Kuzeyin Sesi","isPartOf":{"@id":"https:\/\/kuzeyinsesi.org\/#website"},"primaryImageOfPage":{"@id":"https:\/\/kuzeyinsesi.org\/index.php\/2025\/09\/02\/katar-israil-tarafinda-baris-surecine-girmek-isteyen-hicbir-irade-ortada-yok\/#primaryimage"},"image":{"@id":"https:\/\/kuzeyinsesi.org\/index.php\/2025\/09\/02\/katar-israil-tarafinda-baris-surecine-girmek-isteyen-hicbir-irade-ortada-yok\/#primaryimage"},"thumbnailUrl":"https:\/\/kuzeyinsesi.org\/wp-content\/uploads\/2024\/05\/1714991607_netanyahu-reu-2175811.jpg","datePublished":"2025-09-02T15:55:31+00:00","author":{"@id":"https:\/\/kuzeyinsesi.org\/#\/schema\/person\/9f859689cdf01485597712386e37f5aa"},"breadcrumb":{"@id":"https:\/\/kuzeyinsesi.org\/index.php\/2025\/09\/02\/katar-israil-tarafinda-baris-surecine-girmek-isteyen-hicbir-irade-ortada-yok\/#breadcrumb"},"inLanguage":"tr","potentialAction":[{"@type":"ReadAction","target":["https:\/\/kuzeyinsesi.org\/index.php\/2025\/09\/02\/katar-israil-tarafinda-baris-surecine-girmek-isteyen-hicbir-irade-ortada-yok\/"]}]},{"@type":"ImageObject","inLanguage":"tr","@id":"https:\/\/kuzeyinsesi.org\/index.php\/2025\/09\/02\/katar-israil-tarafinda-baris-surecine-girmek-isteyen-hicbir-irade-ortada-yok\/#primaryimage","url":"https:\/\/kuzeyinsesi.org\/wp-content\/uploads\/2024\/05\/1714991607_netanyahu-reu-2175811.jpg","contentUrl":"https:\/\/kuzeyinsesi.org\/wp-content\/uploads\/2024\/05\/1714991607_netanyahu-reu-2175811.jpg","width":1280,"height":720},{"@type":"BreadcrumbList","@id":"https:\/\/kuzeyinsesi.org\/index.php\/2025\/09\/02\/katar-israil-tarafinda-baris-surecine-girmek-isteyen-hicbir-irade-ortada-yok\/#breadcrumb","itemListElement":[{"@type":"ListItem","position":1,"name":"Anasayfa","item":"https:\/\/kuzeyinsesi.org\/"},{"@type":"ListItem","position":2,"name":"Katar: \u0130srail taraf\u0131nda bar\u0131\u015f s\u00fcrecine girmek isteyen hi\u00e7bir irade ortada yok"}]},{"@type":"WebSite","@id":"https:\/\/kuzeyinsesi.org\/#website","url":"https:\/\/kuzeyinsesi.org\/","name":"Kuzeyin Sesi","description":"Do\u011fru Haberin Adresi","potentialAction":[{"@type":"SearchAction","target":{"@type":"EntryPoint","urlTemplate":"https:\/\/kuzeyinsesi.org\/?s={search_term_string}"},"query-input":{"@type":"PropertyValueSpecification","valueRequired":true,"valueName":"search_term_string"}}],"inLanguage":"tr"},{"@type":"Person","@id":"https:\/\/kuzeyinsesi.org\/#\/schema\/person\/9f859689cdf01485597712386e37f5aa","name":"Kuzeyin Sesi","image":{"@type":"ImageObject","inLanguage":"tr","@id":"https:\/\/secure.gravatar.com\/avatar\/bab33852abfd8b282518d6ed81826833d77c3c882d9ab608add591ccace47a44?s=96&d=mm&r=g","url":"https:\/\/secure.gravatar.com\/avatar\/bab33852abfd8b282518d6ed81826833d77c3c882d9ab608add591ccace47a44?s=96&d=mm&r=g","contentUrl":"https:\/\/secure.gravatar.com\/avatar\/bab33852abfd8b282518d6ed81826833d77c3c882d9ab608add591ccace47a44?s=96&d=mm&r=g","caption":"Kuzeyin Sesi"},"sameAs":["https:\/\/kuzeyinsesi.org"],"url":"https:\/\/kuzeyinsesi.org\/index.php\/author\/guven\/"}]}},"_links":{"self":[{"href":"https:\/\/kuzeyinsesi.org\/index.php\/wp-json\/wp\/v2\/posts\/31075","targetHints":{"allow":["GET"]}}],"collection":[{"href":"https:\/\/kuzeyinsesi.org\/index.php\/wp-json\/wp\/v2\/posts"}],"about":[{"href":"https:\/\/kuzeyinsesi.org\/index.php\/wp-json\/wp\/v2\/types\/post"}],"author":[{"embeddable":true,"href":"https:\/\/kuzeyinsesi.org\/index.php\/wp-json\/wp\/v2\/users\/1"}],"replies":[{"embeddable":true,"href":"https:\/\/kuzeyinsesi.org\/index.php\/wp-json\/wp\/v2\/comments?post=31075"}],"version-history":[{"count":0,"href":"https:\/\/kuzeyinsesi.org\/index.php\/wp-json\/wp\/v2\/posts\/31075\/revisions"}],"wp:featuredmedia":[{"embeddable":true,"href":"https:\/\/kuzeyinsesi.org\/index.php\/wp-json\/wp\/v2\/media\/31076"}],"wp:attachment":[{"href":"https:\/\/kuzeyinsesi.org\/index.php\/wp-json\/wp\/v2\/media?parent=31075"}],"wp:term":[{"taxonomy":"category","embeddable":true,"href":"https:\/\/kuzeyinsesi.org\/index.php\/wp-json\/wp\/v2\/categories?post=31075"},{"taxonomy":"post_tag","embeddable":true,"href":"https:\/\/kuzeyinsesi.org\/index.php\/wp-json\/wp\/v2\/tags?post=31075"}],"curies":[{"name":"wp","href":"https:\/\/api.w.org\/{rel}","templated":true}]}}