{"id":31065,"date":"2025-09-02T15:50:14","date_gmt":"2025-09-02T12:50:14","guid":{"rendered":"https:\/\/kuzeyinsesi.org\/index.php\/2025\/09\/02\/kuresel-gunes-enerjisi-kurulumlari-yilin-ilk-yarisinda-yuzde-64-artti\/"},"modified":"2025-09-02T15:50:14","modified_gmt":"2025-09-02T12:50:14","slug":"kuresel-gunes-enerjisi-kurulumlari-yilin-ilk-yarisinda-yuzde-64-artti","status":"publish","type":"post","link":"https:\/\/kuzeyinsesi.org\/index.php\/2025\/09\/02\/kuresel-gunes-enerjisi-kurulumlari-yilin-ilk-yarisinda-yuzde-64-artti\/","title":{"rendered":"K\u00fcresel g\u00fcne\u015f enerjisi kurulumlar\u0131 y\u0131l\u0131n ilk yar\u0131s\u0131nda y\u00fczde 64 artt\u0131"},"content":{"rendered":"<p><\/p>\n<div>\n<p>&#13;<br \/>\n\tUluslararas\u0131 <a href=\"https:\/\/www.trthaber.com\/etiket\/enerji\/\" target=\"_blank\">enerji<\/a> d\u00fc\u015f\u00fcnce kurulu\u015fu Ember&#8217;in analizine g\u00f6re, k\u00fcresel <a href=\"https:\/\/www.trthaber.com\/etiket\/gunes-enerjisi\/\" target=\"_blank\">g\u00fcne\u015f enerjisi<\/a> kurulumlar\u0131nda bu y\u0131l da rekor k\u0131r\u0131lmas\u0131 bekleniyor. Veriler, g\u00fcne\u015f enerjisinin yaln\u0131zca ivmesini de\u011fil, k\u00fcresel enerji sistemini d\u00f6n\u00fc\u015ft\u00fcrmedeki belirleyici rol\u00fcn\u00fc de ortaya koyuyor.<\/p>\n<p>&#13;<br \/>\n\tD\u00fcnya genelinde y\u0131l\u0131n ilk 6 ay\u0131nda 380 gigavatl\u0131k yeni kapasite devreye al\u0131n\u0131rken, bu miktar 2024&#8217;\u00fcn ayn\u0131 d\u00f6nemindeki 232 gigavata k\u0131yasla y\u00fczde 64 art\u0131\u015f g\u00f6sterdi.<\/p>\n<p>&#13;<br \/>\n\tGe\u00e7en y\u0131l k\u00fcresel g\u00fcne\u015f enerjisi kurulumlar\u0131 350 gigavat\u0131 eyl\u00fclde a\u015farken s\u00f6z konusu seviyeye bu y\u0131l haziranda ula\u015f\u0131ld\u0131.<\/p>\n<p>&#13;<br \/>\n\tK\u00fcresel g\u00fcne\u015f enerjisinden <a href=\"https:\/\/www.trthaber.com\/etiket\/elektrik\/\" target=\"_blank\">elektrik<\/a> \u00fcretimi, 2024&#8217;te bir \u00f6nceki y\u0131la g\u00f6re 469 teravatsaatin \u00fczerinde artt\u0131. Bu art\u0131\u015f bir \u00f6nceki y\u0131la g\u00f6re y\u00fczde 28 daha fazla. Son y\u0131llarda g\u00fcne\u015f enerjisi kapasitesindeki h\u0131zl\u0131 art\u0131\u015f, onu yeni elektrik \u00fcretiminde en h\u0131zl\u0131 b\u00fcy\u00fcyen kaynak haline getirdi.<\/p>\n<h2>&#13;<br \/>\n\t<a href=\"https:\/\/www.trthaber.com\/etiket\/cin\/\" target=\"_blank\">\u00c7in<\/a> g\u00fcne\u015fte liderli\u011fini s\u00fcrd\u00fcr\u00fcyor<\/h2>\n<p>&#13;<br \/>\n\tBu y\u0131l\u0131n ilk yar\u0131s\u0131nda \u00c7in&#8217;de g\u00fcne\u015f enerjisi kurulumlar\u0131, ge\u00e7en y\u0131l\u0131n ayn\u0131 d\u00f6nemine g\u00f6re iki kattan fazla artt\u0131. \u00c7in, 256 gigavatl\u0131k kurumla, bu alandaki k\u00fcresel liderli\u011fini s\u00fcrd\u00fcrd\u00fc. Ayr\u0131ca, \u00c7in&#8217;in k\u00fcresel toplam i\u00e7indeki pay\u0131 y\u00fczde 54&#8217;ten y\u00fczde 67&#8217;ye y\u00fckseldi.<\/p>\n<p>&#13;<br \/>\n\tAyn\u0131 d\u00f6nemde \u00c7in d\u0131\u015f\u0131ndaki \u00fclkeler toplam 124 gigavat kapasite devreye ald\u0131. Bu rakam, ge\u00e7en y\u0131l\u0131n ayn\u0131 d\u00f6nemine g\u00f6re y\u00fczde 15 art\u0131\u015fa i\u015faret etti.<\/p>\n<p>&#13;<br \/>\n\tHindistan, ge\u00e7en y\u0131l\u0131n ayn\u0131 d\u00f6nemine g\u00f6re y\u00fczde 49 art\u0131\u015fla 24 gigavat kapasite kurulumu ger\u00e7ekle\u015ftirerek d\u00fcnyada ikinci s\u0131rada yer ald\u0131. <a href=\"https:\/\/www.trthaber.com\/etiket\/abd\/\" target=\"_blank\">ABD<\/a> ise h\u00fck\u00fcmetin temiz enerji yat\u0131r\u0131mlar\u0131n\u0131 s\u0131n\u0131rlayan ad\u0131mlar\u0131na ra\u011fmen 21 gigavatla \u00fc\u00e7\u00fcnc\u00fc s\u0131rada yer ald\u0131. ABD&#8217;de art\u0131\u015f oran\u0131 y\u00fczde 4&#8217;te kald\u0131.<\/p>\n<p>&#13;<br \/>\n\tEmber&#8217;e g\u00f6re, Afrika&#8217;da da <a href=\"https:\/\/www.trthaber.com\/etiket\/buyume\/\" target=\"_blank\">b\u00fcy\u00fcme<\/a> h\u0131z kazanmaya ba\u015flad\u0131. K\u0131ta, son 12 ayda \u00c7in&#8217;den yapt\u0131\u011f\u0131 g\u00fcne\u015f paneli ithalat\u0131n\u0131 y\u00fczde 60 art\u0131rd\u0131. Ancak resmi kurulum verilerinin bulunmamas\u0131, ger\u00e7ek b\u00fcy\u00fcme h\u0131z\u0131n\u0131 belirsiz k\u0131l\u0131yor.<\/p>\n<p>&#13;<br \/>\n\tEmber K\u0131demli Enerji Analisti Nicolas Fulghum, rapora ili\u015fkin de\u011ferlendirmesinde, g\u00fcne\u015f enerjisinde y\u0131ll\u0131k kurulumlardaki keskin art\u0131\u015f\u0131n s\u00fcrd\u00fc\u011f\u00fcn\u00fc belirtti.<\/p>\n<p>&#13;<br \/>\n\tFulghum, &#8220;Dalgal\u0131 enerji piyasalar\u0131nda g\u00fcne\u015f enerjisi, k\u00fcresel <a href=\"https:\/\/www.trthaber.com\/etiket\/fosil\/\" target=\"_blank\">fosil<\/a> <a href=\"https:\/\/www.trthaber.com\/etiket\/yakit\/\" target=\"_blank\">yak\u0131t<\/a> tedarik zincirlerinden ba\u011f\u0131ms\u0131z olarak, artan talebi kar\u015f\u0131lamak i\u00e7in rekor h\u0131zda devreye al\u0131nabilen yerli enerji sunuyor.&#8221; ifadesini kulland\u0131.<\/p>\n<\/p><\/div>\n","protected":false},"excerpt":{"rendered":"<p>&#13; Uluslararas\u0131 enerji d\u00fc\u015f\u00fcnce kurulu\u015fu Ember&#8217;in analizine g\u00f6re, k\u00fcresel g\u00fcne\u015f enerjisi kurulumlar\u0131nda bu y\u0131l da rekor k\u0131r\u0131lmas\u0131 bekleniyor. Veriler, g\u00fcne\u015f enerjisinin yaln\u0131zca ivmesini de\u011fil, k\u00fcresel enerji sistemini d\u00f6n\u00fc\u015ft\u00fcrmedeki belirleyici rol\u00fcn\u00fc de ortaya koyuyor. &#13; D\u00fcnya genelinde y\u0131l\u0131n ilk 6 ay\u0131nda 380 gigavatl\u0131k yeni kapasite devreye al\u0131n\u0131rken, bu miktar 2024&#8217;\u00fcn ayn\u0131 d\u00f6nemindeki 232 gigavata k\u0131yasla y\u00fczde [&hellip;]<\/p>\n","protected":false},"author":1,"featured_media":31066,"comment_status":"open","ping_status":"open","sticky":false,"template":"","format":"standard","meta":{"jnews-multi-image_gallery":[],"jnews_single_post":[],"jnews_primary_category":[],"jnews_social_meta":[],"jnews_override_counter":[],"footnotes":""},"categories":[2],"tags":[],"class_list":["post-31065","post","type-post","status-publish","format-standard","has-post-thumbnail","hentry","category-dunya"],"yoast_head":"<!-- This site is optimized with the Yoast SEO plugin v28.4 - https:\/\/yoast.com\/product\/yoast-seo-wordpress\/ -->\n<title>K\u00fcresel g\u00fcne\u015f enerjisi kurulumlar\u0131 y\u0131l\u0131n ilk yar\u0131s\u0131nda y\u00fczde 64 artt\u0131 - Kuzeyin Sesi<\/title>\n<meta name=\"robots\" content=\"index, follow, max-snippet:-1, max-image-preview:large, max-video-preview:-1\" \/>\n<link rel=\"canonical\" href=\"https:\/\/kuzeyinsesi.org\/index.php\/2025\/09\/02\/kuresel-gunes-enerjisi-kurulumlari-yilin-ilk-yarisinda-yuzde-64-artti\/\" \/>\n<meta property=\"og:locale\" content=\"tr_TR\" \/>\n<meta property=\"og:type\" content=\"article\" \/>\n<meta property=\"og:title\" content=\"K\u00fcresel g\u00fcne\u015f enerjisi kurulumlar\u0131 y\u0131l\u0131n ilk yar\u0131s\u0131nda y\u00fczde 64 artt\u0131 - Kuzeyin Sesi\" \/>\n<meta property=\"og:description\" content=\"&#013; Uluslararas\u0131 enerji d\u00fc\u015f\u00fcnce kurulu\u015fu Ember&#8217;in analizine g\u00f6re, k\u00fcresel g\u00fcne\u015f enerjisi kurulumlar\u0131nda bu y\u0131l da rekor k\u0131r\u0131lmas\u0131 bekleniyor. Veriler, g\u00fcne\u015f enerjisinin yaln\u0131zca ivmesini de\u011fil, k\u00fcresel enerji sistemini d\u00f6n\u00fc\u015ft\u00fcrmedeki belirleyici rol\u00fcn\u00fc de ortaya koyuyor. &#013; D\u00fcnya genelinde y\u0131l\u0131n ilk 6 ay\u0131nda 380 gigavatl\u0131k yeni kapasite devreye al\u0131n\u0131rken, bu miktar 2024&#8217;\u00fcn ayn\u0131 d\u00f6nemindeki 232 gigavata k\u0131yasla y\u00fczde [&hellip;]\" \/>\n<meta property=\"og:url\" content=\"https:\/\/kuzeyinsesi.org\/index.php\/2025\/09\/02\/kuresel-gunes-enerjisi-kurulumlari-yilin-ilk-yarisinda-yuzde-64-artti\/\" \/>\n<meta property=\"og:site_name\" content=\"Kuzeyin Sesi\" \/>\n<meta property=\"article:publisher\" content=\"https:\/\/www.facebook.com\/kuzeyinsesii\" \/>\n<meta property=\"article:published_time\" content=\"2025-09-02T12:50:14+00:00\" \/>\n<meta property=\"og:image\" content=\"https:\/\/trthaberstatic.cdn.wp.trt.com.tr\/resimler\/1830000\/gunes-enerjisi-reu-1830312.jpg\" \/>\n<meta name=\"author\" content=\"Kuzeyin Sesi\" \/>\n<meta name=\"twitter:card\" content=\"summary_large_image\" \/>\n<meta name=\"twitter:creator\" content=\"@kuzeyinsesii\" \/>\n<meta name=\"twitter:site\" content=\"@kuzeyinsesii\" \/>\n<meta name=\"twitter:label1\" content=\"Yazan:\" \/>\n\t<meta name=\"twitter:data1\" content=\"Kuzeyin Sesi\" \/>\n\t<meta name=\"twitter:label2\" content=\"Tahmini okuma s\u00fcresi\" \/>\n\t<meta name=\"twitter:data2\" content=\"2 dakika\" \/>\n<script type=\"application\/ld+json\" class=\"yoast-schema-graph\">{\"@context\":\"https:\\\/\\\/schema.org\",\"@graph\":[{\"@type\":\"Article\",\"@id\":\"https:\\\/\\\/kuzeyinsesi.org\\\/index.php\\\/2025\\\/09\\\/02\\\/kuresel-gunes-enerjisi-kurulumlari-yilin-ilk-yarisinda-yuzde-64-artti\\\/#article\",\"isPartOf\":{\"@id\":\"https:\\\/\\\/kuzeyinsesi.org\\\/index.php\\\/2025\\\/09\\\/02\\\/kuresel-gunes-enerjisi-kurulumlari-yilin-ilk-yarisinda-yuzde-64-artti\\\/\"},\"author\":{\"name\":\"Kuzeyin Sesi\",\"@id\":\"https:\\\/\\\/kuzeyinsesi.org\\\/#\\\/schema\\\/person\\\/9f859689cdf01485597712386e37f5aa\"},\"headline\":\"K\u00fcresel g\u00fcne\u015f enerjisi kurulumlar\u0131 y\u0131l\u0131n ilk yar\u0131s\u0131nda y\u00fczde 64 artt\u0131\",\"datePublished\":\"2025-09-02T12:50:14+00:00\",\"mainEntityOfPage\":{\"@id\":\"https:\\\/\\\/kuzeyinsesi.org\\\/index.php\\\/2025\\\/09\\\/02\\\/kuresel-gunes-enerjisi-kurulumlari-yilin-ilk-yarisinda-yuzde-64-artti\\\/\"},\"wordCount\":445,\"commentCount\":0,\"image\":{\"@id\":\"https:\\\/\\\/kuzeyinsesi.org\\\/index.php\\\/2025\\\/09\\\/02\\\/kuresel-gunes-enerjisi-kurulumlari-yilin-ilk-yarisinda-yuzde-64-artti\\\/#primaryimage\"},\"thumbnailUrl\":\"https:\\\/\\\/kuzeyinsesi.org\\\/wp-content\\\/uploads\\\/2025\\\/09\\\/gunes-enerjisi-reu-1830312.jpg\",\"articleSection\":[\"D\u00fcnya\"],\"inLanguage\":\"tr\",\"potentialAction\":[{\"@type\":\"CommentAction\",\"name\":\"Comment\",\"target\":[\"https:\\\/\\\/kuzeyinsesi.org\\\/index.php\\\/2025\\\/09\\\/02\\\/kuresel-gunes-enerjisi-kurulumlari-yilin-ilk-yarisinda-yuzde-64-artti\\\/#respond\"]}]},{\"@type\":\"WebPage\",\"@id\":\"https:\\\/\\\/kuzeyinsesi.org\\\/index.php\\\/2025\\\/09\\\/02\\\/kuresel-gunes-enerjisi-kurulumlari-yilin-ilk-yarisinda-yuzde-64-artti\\\/\",\"url\":\"https:\\\/\\\/kuzeyinsesi.org\\\/index.php\\\/2025\\\/09\\\/02\\\/kuresel-gunes-enerjisi-kurulumlari-yilin-ilk-yarisinda-yuzde-64-artti\\\/\",\"name\":\"K\u00fcresel g\u00fcne\u015f enerjisi kurulumlar\u0131 y\u0131l\u0131n ilk yar\u0131s\u0131nda y\u00fczde 64 artt\u0131 - Kuzeyin Sesi\",\"isPartOf\":{\"@id\":\"https:\\\/\\\/kuzeyinsesi.org\\\/#website\"},\"primaryImageOfPage\":{\"@id\":\"https:\\\/\\\/kuzeyinsesi.org\\\/index.php\\\/2025\\\/09\\\/02\\\/kuresel-gunes-enerjisi-kurulumlari-yilin-ilk-yarisinda-yuzde-64-artti\\\/#primaryimage\"},\"image\":{\"@id\":\"https:\\\/\\\/kuzeyinsesi.org\\\/index.php\\\/2025\\\/09\\\/02\\\/kuresel-gunes-enerjisi-kurulumlari-yilin-ilk-yarisinda-yuzde-64-artti\\\/#primaryimage\"},\"thumbnailUrl\":\"https:\\\/\\\/kuzeyinsesi.org\\\/wp-content\\\/uploads\\\/2025\\\/09\\\/gunes-enerjisi-reu-1830312.jpg\",\"datePublished\":\"2025-09-02T12:50:14+00:00\",\"author\":{\"@id\":\"https:\\\/\\\/kuzeyinsesi.org\\\/#\\\/schema\\\/person\\\/9f859689cdf01485597712386e37f5aa\"},\"breadcrumb\":{\"@id\":\"https:\\\/\\\/kuzeyinsesi.org\\\/index.php\\\/2025\\\/09\\\/02\\\/kuresel-gunes-enerjisi-kurulumlari-yilin-ilk-yarisinda-yuzde-64-artti\\\/#breadcrumb\"},\"inLanguage\":\"tr\",\"potentialAction\":[{\"@type\":\"ReadAction\",\"target\":[\"https:\\\/\\\/kuzeyinsesi.org\\\/index.php\\\/2025\\\/09\\\/02\\\/kuresel-gunes-enerjisi-kurulumlari-yilin-ilk-yarisinda-yuzde-64-artti\\\/\"]}]},{\"@type\":\"ImageObject\",\"inLanguage\":\"tr\",\"@id\":\"https:\\\/\\\/kuzeyinsesi.org\\\/index.php\\\/2025\\\/09\\\/02\\\/kuresel-gunes-enerjisi-kurulumlari-yilin-ilk-yarisinda-yuzde-64-artti\\\/#primaryimage\",\"url\":\"https:\\\/\\\/kuzeyinsesi.org\\\/wp-content\\\/uploads\\\/2025\\\/09\\\/gunes-enerjisi-reu-1830312.jpg\",\"contentUrl\":\"https:\\\/\\\/kuzeyinsesi.org\\\/wp-content\\\/uploads\\\/2025\\\/09\\\/gunes-enerjisi-reu-1830312.jpg\",\"width\":1280,\"height\":720},{\"@type\":\"BreadcrumbList\",\"@id\":\"https:\\\/\\\/kuzeyinsesi.org\\\/index.php\\\/2025\\\/09\\\/02\\\/kuresel-gunes-enerjisi-kurulumlari-yilin-ilk-yarisinda-yuzde-64-artti\\\/#breadcrumb\",\"itemListElement\":[{\"@type\":\"ListItem\",\"position\":1,\"name\":\"Anasayfa\",\"item\":\"https:\\\/\\\/kuzeyinsesi.org\\\/\"},{\"@type\":\"ListItem\",\"position\":2,\"name\":\"K\u00fcresel g\u00fcne\u015f enerjisi kurulumlar\u0131 y\u0131l\u0131n ilk yar\u0131s\u0131nda y\u00fczde 64 artt\u0131\"}]},{\"@type\":\"WebSite\",\"@id\":\"https:\\\/\\\/kuzeyinsesi.org\\\/#website\",\"url\":\"https:\\\/\\\/kuzeyinsesi.org\\\/\",\"name\":\"Kuzeyin Sesi\",\"description\":\"Do\u011fru Haberin Adresi\",\"potentialAction\":[{\"@type\":\"SearchAction\",\"target\":{\"@type\":\"EntryPoint\",\"urlTemplate\":\"https:\\\/\\\/kuzeyinsesi.org\\\/?s={search_term_string}\"},\"query-input\":{\"@type\":\"PropertyValueSpecification\",\"valueRequired\":true,\"valueName\":\"search_term_string\"}}],\"inLanguage\":\"tr\"},{\"@type\":\"Person\",\"@id\":\"https:\\\/\\\/kuzeyinsesi.org\\\/#\\\/schema\\\/person\\\/9f859689cdf01485597712386e37f5aa\",\"name\":\"Kuzeyin Sesi\",\"image\":{\"@type\":\"ImageObject\",\"inLanguage\":\"tr\",\"@id\":\"https:\\\/\\\/secure.gravatar.com\\\/avatar\\\/bab33852abfd8b282518d6ed81826833d77c3c882d9ab608add591ccace47a44?s=96&d=mm&r=g\",\"url\":\"https:\\\/\\\/secure.gravatar.com\\\/avatar\\\/bab33852abfd8b282518d6ed81826833d77c3c882d9ab608add591ccace47a44?s=96&d=mm&r=g\",\"contentUrl\":\"https:\\\/\\\/secure.gravatar.com\\\/avatar\\\/bab33852abfd8b282518d6ed81826833d77c3c882d9ab608add591ccace47a44?s=96&d=mm&r=g\",\"caption\":\"Kuzeyin Sesi\"},\"sameAs\":[\"https:\\\/\\\/kuzeyinsesi.org\"],\"url\":\"https:\\\/\\\/kuzeyinsesi.org\\\/index.php\\\/author\\\/guven\\\/\"}]}<\/script>\n<!-- \/ Yoast SEO plugin. -->","yoast_head_json":{"title":"K\u00fcresel g\u00fcne\u015f enerjisi kurulumlar\u0131 y\u0131l\u0131n ilk yar\u0131s\u0131nda y\u00fczde 64 artt\u0131 - Kuzeyin Sesi","robots":{"index":"index","follow":"follow","max-snippet":"max-snippet:-1","max-image-preview":"max-image-preview:large","max-video-preview":"max-video-preview:-1"},"canonical":"https:\/\/kuzeyinsesi.org\/index.php\/2025\/09\/02\/kuresel-gunes-enerjisi-kurulumlari-yilin-ilk-yarisinda-yuzde-64-artti\/","og_locale":"tr_TR","og_type":"article","og_title":"K\u00fcresel g\u00fcne\u015f enerjisi kurulumlar\u0131 y\u0131l\u0131n ilk yar\u0131s\u0131nda y\u00fczde 64 artt\u0131 - Kuzeyin Sesi","og_description":"&#13; Uluslararas\u0131 enerji d\u00fc\u015f\u00fcnce kurulu\u015fu Ember&#8217;in analizine g\u00f6re, k\u00fcresel g\u00fcne\u015f enerjisi kurulumlar\u0131nda bu y\u0131l da rekor k\u0131r\u0131lmas\u0131 bekleniyor. Veriler, g\u00fcne\u015f enerjisinin yaln\u0131zca ivmesini de\u011fil, k\u00fcresel enerji sistemini d\u00f6n\u00fc\u015ft\u00fcrmedeki belirleyici rol\u00fcn\u00fc de ortaya koyuyor. &#13; D\u00fcnya genelinde y\u0131l\u0131n ilk 6 ay\u0131nda 380 gigavatl\u0131k yeni kapasite devreye al\u0131n\u0131rken, bu miktar 2024&#8217;\u00fcn ayn\u0131 d\u00f6nemindeki 232 gigavata k\u0131yasla y\u00fczde [&hellip;]","og_url":"https:\/\/kuzeyinsesi.org\/index.php\/2025\/09\/02\/kuresel-gunes-enerjisi-kurulumlari-yilin-ilk-yarisinda-yuzde-64-artti\/","og_site_name":"Kuzeyin Sesi","article_publisher":"https:\/\/www.facebook.com\/kuzeyinsesii","article_published_time":"2025-09-02T12:50:14+00:00","og_image":[{"url":"https:\/\/trthaberstatic.cdn.wp.trt.com.tr\/resimler\/1830000\/gunes-enerjisi-reu-1830312.jpg","type":"","width":"","height":""}],"author":"Kuzeyin Sesi","twitter_card":"summary_large_image","twitter_creator":"@kuzeyinsesii","twitter_site":"@kuzeyinsesii","twitter_misc":{"Yazan:":"Kuzeyin Sesi","Tahmini okuma s\u00fcresi":"2 dakika"},"schema":{"@context":"https:\/\/schema.org","@graph":[{"@type":"Article","@id":"https:\/\/kuzeyinsesi.org\/index.php\/2025\/09\/02\/kuresel-gunes-enerjisi-kurulumlari-yilin-ilk-yarisinda-yuzde-64-artti\/#article","isPartOf":{"@id":"https:\/\/kuzeyinsesi.org\/index.php\/2025\/09\/02\/kuresel-gunes-enerjisi-kurulumlari-yilin-ilk-yarisinda-yuzde-64-artti\/"},"author":{"name":"Kuzeyin Sesi","@id":"https:\/\/kuzeyinsesi.org\/#\/schema\/person\/9f859689cdf01485597712386e37f5aa"},"headline":"K\u00fcresel g\u00fcne\u015f enerjisi kurulumlar\u0131 y\u0131l\u0131n ilk yar\u0131s\u0131nda y\u00fczde 64 artt\u0131","datePublished":"2025-09-02T12:50:14+00:00","mainEntityOfPage":{"@id":"https:\/\/kuzeyinsesi.org\/index.php\/2025\/09\/02\/kuresel-gunes-enerjisi-kurulumlari-yilin-ilk-yarisinda-yuzde-64-artti\/"},"wordCount":445,"commentCount":0,"image":{"@id":"https:\/\/kuzeyinsesi.org\/index.php\/2025\/09\/02\/kuresel-gunes-enerjisi-kurulumlari-yilin-ilk-yarisinda-yuzde-64-artti\/#primaryimage"},"thumbnailUrl":"https:\/\/kuzeyinsesi.org\/wp-content\/uploads\/2025\/09\/gunes-enerjisi-reu-1830312.jpg","articleSection":["D\u00fcnya"],"inLanguage":"tr","potentialAction":[{"@type":"CommentAction","name":"Comment","target":["https:\/\/kuzeyinsesi.org\/index.php\/2025\/09\/02\/kuresel-gunes-enerjisi-kurulumlari-yilin-ilk-yarisinda-yuzde-64-artti\/#respond"]}]},{"@type":"WebPage","@id":"https:\/\/kuzeyinsesi.org\/index.php\/2025\/09\/02\/kuresel-gunes-enerjisi-kurulumlari-yilin-ilk-yarisinda-yuzde-64-artti\/","url":"https:\/\/kuzeyinsesi.org\/index.php\/2025\/09\/02\/kuresel-gunes-enerjisi-kurulumlari-yilin-ilk-yarisinda-yuzde-64-artti\/","name":"K\u00fcresel g\u00fcne\u015f enerjisi kurulumlar\u0131 y\u0131l\u0131n ilk yar\u0131s\u0131nda y\u00fczde 64 artt\u0131 - Kuzeyin Sesi","isPartOf":{"@id":"https:\/\/kuzeyinsesi.org\/#website"},"primaryImageOfPage":{"@id":"https:\/\/kuzeyinsesi.org\/index.php\/2025\/09\/02\/kuresel-gunes-enerjisi-kurulumlari-yilin-ilk-yarisinda-yuzde-64-artti\/#primaryimage"},"image":{"@id":"https:\/\/kuzeyinsesi.org\/index.php\/2025\/09\/02\/kuresel-gunes-enerjisi-kurulumlari-yilin-ilk-yarisinda-yuzde-64-artti\/#primaryimage"},"thumbnailUrl":"https:\/\/kuzeyinsesi.org\/wp-content\/uploads\/2025\/09\/gunes-enerjisi-reu-1830312.jpg","datePublished":"2025-09-02T12:50:14+00:00","author":{"@id":"https:\/\/kuzeyinsesi.org\/#\/schema\/person\/9f859689cdf01485597712386e37f5aa"},"breadcrumb":{"@id":"https:\/\/kuzeyinsesi.org\/index.php\/2025\/09\/02\/kuresel-gunes-enerjisi-kurulumlari-yilin-ilk-yarisinda-yuzde-64-artti\/#breadcrumb"},"inLanguage":"tr","potentialAction":[{"@type":"ReadAction","target":["https:\/\/kuzeyinsesi.org\/index.php\/2025\/09\/02\/kuresel-gunes-enerjisi-kurulumlari-yilin-ilk-yarisinda-yuzde-64-artti\/"]}]},{"@type":"ImageObject","inLanguage":"tr","@id":"https:\/\/kuzeyinsesi.org\/index.php\/2025\/09\/02\/kuresel-gunes-enerjisi-kurulumlari-yilin-ilk-yarisinda-yuzde-64-artti\/#primaryimage","url":"https:\/\/kuzeyinsesi.org\/wp-content\/uploads\/2025\/09\/gunes-enerjisi-reu-1830312.jpg","contentUrl":"https:\/\/kuzeyinsesi.org\/wp-content\/uploads\/2025\/09\/gunes-enerjisi-reu-1830312.jpg","width":1280,"height":720},{"@type":"BreadcrumbList","@id":"https:\/\/kuzeyinsesi.org\/index.php\/2025\/09\/02\/kuresel-gunes-enerjisi-kurulumlari-yilin-ilk-yarisinda-yuzde-64-artti\/#breadcrumb","itemListElement":[{"@type":"ListItem","position":1,"name":"Anasayfa","item":"https:\/\/kuzeyinsesi.org\/"},{"@type":"ListItem","position":2,"name":"K\u00fcresel g\u00fcne\u015f enerjisi kurulumlar\u0131 y\u0131l\u0131n ilk yar\u0131s\u0131nda y\u00fczde 64 artt\u0131"}]},{"@type":"WebSite","@id":"https:\/\/kuzeyinsesi.org\/#website","url":"https:\/\/kuzeyinsesi.org\/","name":"Kuzeyin Sesi","description":"Do\u011fru Haberin Adresi","potentialAction":[{"@type":"SearchAction","target":{"@type":"EntryPoint","urlTemplate":"https:\/\/kuzeyinsesi.org\/?s={search_term_string}"},"query-input":{"@type":"PropertyValueSpecification","valueRequired":true,"valueName":"search_term_string"}}],"inLanguage":"tr"},{"@type":"Person","@id":"https:\/\/kuzeyinsesi.org\/#\/schema\/person\/9f859689cdf01485597712386e37f5aa","name":"Kuzeyin Sesi","image":{"@type":"ImageObject","inLanguage":"tr","@id":"https:\/\/secure.gravatar.com\/avatar\/bab33852abfd8b282518d6ed81826833d77c3c882d9ab608add591ccace47a44?s=96&d=mm&r=g","url":"https:\/\/secure.gravatar.com\/avatar\/bab33852abfd8b282518d6ed81826833d77c3c882d9ab608add591ccace47a44?s=96&d=mm&r=g","contentUrl":"https:\/\/secure.gravatar.com\/avatar\/bab33852abfd8b282518d6ed81826833d77c3c882d9ab608add591ccace47a44?s=96&d=mm&r=g","caption":"Kuzeyin Sesi"},"sameAs":["https:\/\/kuzeyinsesi.org"],"url":"https:\/\/kuzeyinsesi.org\/index.php\/author\/guven\/"}]}},"_links":{"self":[{"href":"https:\/\/kuzeyinsesi.org\/index.php\/wp-json\/wp\/v2\/posts\/31065","targetHints":{"allow":["GET"]}}],"collection":[{"href":"https:\/\/kuzeyinsesi.org\/index.php\/wp-json\/wp\/v2\/posts"}],"about":[{"href":"https:\/\/kuzeyinsesi.org\/index.php\/wp-json\/wp\/v2\/types\/post"}],"author":[{"embeddable":true,"href":"https:\/\/kuzeyinsesi.org\/index.php\/wp-json\/wp\/v2\/users\/1"}],"replies":[{"embeddable":true,"href":"https:\/\/kuzeyinsesi.org\/index.php\/wp-json\/wp\/v2\/comments?post=31065"}],"version-history":[{"count":0,"href":"https:\/\/kuzeyinsesi.org\/index.php\/wp-json\/wp\/v2\/posts\/31065\/revisions"}],"wp:featuredmedia":[{"embeddable":true,"href":"https:\/\/kuzeyinsesi.org\/index.php\/wp-json\/wp\/v2\/media\/31066"}],"wp:attachment":[{"href":"https:\/\/kuzeyinsesi.org\/index.php\/wp-json\/wp\/v2\/media?parent=31065"}],"wp:term":[{"taxonomy":"category","embeddable":true,"href":"https:\/\/kuzeyinsesi.org\/index.php\/wp-json\/wp\/v2\/categories?post=31065"},{"taxonomy":"post_tag","embeddable":true,"href":"https:\/\/kuzeyinsesi.org\/index.php\/wp-json\/wp\/v2\/tags?post=31065"}],"curies":[{"name":"wp","href":"https:\/\/api.w.org\/{rel}","templated":true}]}}