{"id":31057,"date":"2025-09-02T12:42:52","date_gmt":"2025-09-02T09:42:52","guid":{"rendered":"https:\/\/kuzeyinsesi.org\/index.php\/2025\/09\/02\/gazzede-agustos-ayinda-185-kisi-acliktan-yasamini-yitirdi\/"},"modified":"2025-09-02T12:42:52","modified_gmt":"2025-09-02T09:42:52","slug":"gazzede-agustos-ayinda-185-kisi-acliktan-yasamini-yitirdi","status":"publish","type":"post","link":"https:\/\/kuzeyinsesi.org\/index.php\/2025\/09\/02\/gazzede-agustos-ayinda-185-kisi-acliktan-yasamini-yitirdi\/","title":{"rendered":"Gazze&#039;de a\u011fustos ay\u0131nda 185 ki\u015fi a\u00e7l\u0131ktan ya\u015fam\u0131n\u0131 yitirdi"},"content":{"rendered":"<p><\/p>\n<div>\n<p>&#13;<br \/>\n\tGazze&#8217;deki Filistin Sa\u011fl\u0131k Bakanl\u0131\u011f\u0131, yapt\u0131\u011f\u0131 yaz\u0131l\u0131 a\u00e7\u0131klamada <a href=\"https:\/\/www.trthaber.com\/etiket\/gazze\/\" target=\"_blank\">Gazze<\/a> \u015eeridi&#8217;nde k\u0131tl\u0131\u011f\u0131n y\u0131k\u0131c\u0131 etkilerinin artt\u0131\u011f\u0131 kaydedildi.<\/p>\n<p>&#13;<br \/>\n\tA\u00e7\u0131klamada, Gazze \u015eeridi&#8217;nde a\u011fustos ay\u0131nda yetersiz beslenme nedeniyle 185 Filistinli ya\u015fam\u0131n\u0131 yitirdi\u011fi; bunun ge\u00e7en aylara g\u00f6re en y\u00fcksek rakam oldu\u011fu kaydedildi.<\/p>\n<p>&#13;<br \/>\n\tBirle\u015fmi\u015f Milletlerin (BM) destekledi\u011fi Entegre <a href=\"https:\/\/www.trthaber.com\/etiket\/gida\/\" target=\"_blank\">G\u0131da<\/a> G\u00fcvenli\u011fi A\u015fama S\u0131n\u0131fland\u0131rmas\u0131&#8217;n\u0131n (IPC) 22 A\u011fustos&#8217;taki a\u00e7\u0131klamas\u0131yla Gazze&#8217;de k\u0131tl\u0131k ilan etmesinden bu yana ise 12&#8217;si \u00e7ocuk 70 ki\u015finin a\u00e7l\u0131k ve yetersiz beslenme nedeniyle ya\u015fam\u0131n\u0131 yitirdi\u011fi ifade edildi.<\/p>\n<p>&#13;<br \/>\n\tAyr\u0131ca Gazze \u015eeridi&#8217;nde 5 ya\u015f alt\u0131 yakla\u015f\u0131k 43 bin \u00e7ocu\u011fun yetersiz beslenme sorunuyla kar\u015f\u0131 kar\u015f\u0131ya oldu\u011fu aktar\u0131ld\u0131.<\/p>\n<p>&#13;<br \/>\n\tGazze \u015eeridi&#8217;nde 55 binden fazla hamile ve emziren annenin de yetersiz beslenme sorunuyla kar\u015f\u0131 kar\u015f\u0131ya kald\u0131\u011f\u0131 bildirildi.<\/p>\n<p>&#13;<br \/>\n\tAyr\u0131ca hamile kad\u0131nlardan y\u00fczde 67&#8217;sinin anemi hastas\u0131 oldu\u011fu ifade edildi.<\/p>\n<p>&#13;<br \/>\n\tSa\u011fl\u0131k Bakanl\u0131\u011f\u0131, Gazze \u015eeridi&#8217;nde mevcut g\u00f6stergelerin riskli durumu ve acil m\u00fcdahalenin s\u0131n\u0131rl\u0131 olmas\u0131n\u0131n yan\u0131 s\u0131ra g\u0131da ve t\u0131bbi malzemelerin yetersiz olmas\u0131 konusunda uyar\u0131da bulundu.<\/p>\n<p>&#13;<br \/>\n\tGazze \u015eeridi&#8217;nde 7 Ekim 2023&#8217;ten bu yana a\u00e7l\u0131ktan hayat\u0131n\u0131 kaybedenlerin say\u0131s\u0131 ise 130&#8217;u \u00e7ocuk olmak \u00fczere 361&#8217;e y\u00fckseldi.<\/p>\n<p>&#13;<br \/>\n\tIPC taraf\u0131ndan yay\u0131mlanan son raporda, &#8220;15 A\u011fustos 2025 itibar\u0131yla Gazze kentindeki k\u0131tl\u0131\u011f\u0131n &#8216;felaket seviyesi&#8217; olarak bilinen 5. seviyede oldu\u011funun kan\u0131tlarla do\u011fruland\u0131\u011f\u0131&#8221; bildirilmi\u015fti.<\/p>\n<p>&#13;<br \/>\n\tIPC&#8217;nin raporunda &#8220;22 ay s\u00fcren ac\u0131mas\u0131z \u00e7at\u0131\u015fmalar\u0131n ard\u0131ndan Gazze \u015eeridi&#8217;nde yar\u0131m milyondan fazla insan a\u00e7l\u0131k, yoksulluk ve \u00f6l\u00fcmle karakterize felaket ko\u015fullar\u0131yla kar\u015f\u0131 kar\u015f\u0131ya.&#8221; tespitine yer verilmi\u015fti.<\/p>\n<h2>&#13;<br \/>\n\tGazze &#8220;a\u00e7l\u0131ktan&#8221; \u00f6l\u00fcyor<\/h2>\n<p>&#13;<br \/>\n\t\u0130srail&#8217;in sald\u0131r\u0131lar\u0131 ve insani yard\u0131m giri\u015fini k\u0131s\u0131tlayan s\u0131k\u0131 ablukas\u0131 alt\u0131ndaki Gazze \u015eeridi, a\u00e7l\u0131\u011f\u0131n yay\u0131ld\u0131\u011f\u0131, su, ila\u00e7, t\u0131bbi gere\u00e7ler ve hijyen malzemesinin bulunamad\u0131\u011f\u0131 insani felaketi ya\u015f\u0131yor.<\/p>\n<p>&#13;<br \/>\n\tBa\u015fta \u00e7ocuklar olmak \u00fczere, Gazze \u015eeridi&#8217;nde a\u00e7l\u0131k nedeniyle \u00f6l\u00fcmler art\u0131yor. Yerel ve uluslararas\u0131 \u00e7evreler, \u0130srail&#8217;in &#8220;a\u00e7l\u0131\u011f\u0131 ve susuzlu\u011fu silah olarak&#8221; kulland\u0131\u011f\u0131n\u0131 belirtiyor.<\/p>\n<p>&#13;<br \/>\n\tSivil altyap\u0131y\u0131 da tahrip ederek Gazze&#8217;nin y\u00fczde 88&#8217;ini y\u0131kan <a href=\"https:\/\/www.trthaber.com\/etiket\/israil\/\" target=\"_blank\">\u0130srail<\/a> ordusu, s\u00fcrg\u00fcn emirleriyle yerinden etti\u011fi Filistinlileri s\u0131k s\u0131k bar\u0131nd\u0131klar\u0131 b\u00f6lgelerde hedef al\u0131yor.<\/p>\n<p>&#13;<br \/>\n\tN\u00fcfusu yakla\u015f\u0131k 2,3 milyon olan Gazze&#8217;de \u0130srail&#8217;in sald\u0131r\u0131lar\u0131 ve s\u00fcrg\u00fcn emirleriyle yerinden edilenlerin say\u0131s\u0131n\u0131n 2 milyona ula\u015ft\u0131\u011f\u0131, \u00e7ok say\u0131da ki\u015finin defalarca yerinden edildi\u011fi belirtiliyor.<\/p>\n<p>&#13;<br \/>\n\tTemel malzemelerden yoksun \u015fekilde yerinden edilen Filistinliler, derme \u00e7atma \u00e7ad\u0131rlarda veya a\u015f\u0131r\u0131 kalabal\u0131klar i\u00e7inde hijyen malzemelerinin eksikli\u011finde lavabolar\u0131n bile yetersiz oldu\u011fu, bula\u015f\u0131c\u0131 hastal\u0131klar\u0131n yay\u0131ld\u0131\u011f\u0131 okullarda hayatta kalmaya \u00e7al\u0131\u015f\u0131yor.<\/p>\n<p>&#13;<br \/>\n\t\u0130srail ordusu ise g\u00fcnl\u00fck d\u00fczenledi\u011fi sald\u0131r\u0131larla yerinden edilenlerin \u00e7ad\u0131rlar\u0131n\u0131 ve bar\u0131nd\u0131\u011f\u0131 sivil noktalar\u0131 bombal\u0131yor.<\/p>\n<\/p><\/div>\n","protected":false},"excerpt":{"rendered":"<p>&#13; Gazze&#8217;deki Filistin Sa\u011fl\u0131k Bakanl\u0131\u011f\u0131, yapt\u0131\u011f\u0131 yaz\u0131l\u0131 a\u00e7\u0131klamada Gazze \u015eeridi&#8217;nde k\u0131tl\u0131\u011f\u0131n y\u0131k\u0131c\u0131 etkilerinin artt\u0131\u011f\u0131 kaydedildi. &#13; A\u00e7\u0131klamada, Gazze \u015eeridi&#8217;nde a\u011fustos ay\u0131nda yetersiz beslenme nedeniyle 185 Filistinli ya\u015fam\u0131n\u0131 yitirdi\u011fi; bunun ge\u00e7en aylara g\u00f6re en y\u00fcksek rakam oldu\u011fu kaydedildi. &#13; Birle\u015fmi\u015f Milletlerin (BM) destekledi\u011fi Entegre G\u0131da G\u00fcvenli\u011fi A\u015fama S\u0131n\u0131fland\u0131rmas\u0131&#8217;n\u0131n (IPC) 22 A\u011fustos&#8217;taki a\u00e7\u0131klamas\u0131yla Gazze&#8217;de k\u0131tl\u0131k ilan etmesinden [&hellip;]<\/p>\n","protected":false},"author":1,"featured_media":30464,"comment_status":"open","ping_status":"open","sticky":false,"template":"","format":"standard","meta":{"jnews-multi-image_gallery":[],"jnews_single_post":[],"jnews_primary_category":[],"jnews_social_meta":[],"jnews_override_counter":[],"footnotes":""},"categories":[2],"tags":[],"class_list":["post-31057","post","type-post","status-publish","format-standard","has-post-thumbnail","hentry","category-dunya"],"yoast_head":"<!-- This site is optimized with the Yoast SEO plugin v28.4 - https:\/\/yoast.com\/product\/yoast-seo-wordpress\/ -->\n<title>Gazze&#039;de a\u011fustos ay\u0131nda 185 ki\u015fi a\u00e7l\u0131ktan ya\u015fam\u0131n\u0131 yitirdi - Kuzeyin Sesi<\/title>\n<meta name=\"robots\" content=\"index, follow, max-snippet:-1, max-image-preview:large, max-video-preview:-1\" \/>\n<link rel=\"canonical\" href=\"https:\/\/kuzeyinsesi.org\/index.php\/2025\/09\/02\/gazzede-agustos-ayinda-185-kisi-acliktan-yasamini-yitirdi\/\" \/>\n<meta property=\"og:locale\" content=\"tr_TR\" \/>\n<meta property=\"og:type\" content=\"article\" \/>\n<meta property=\"og:title\" content=\"Gazze&#039;de a\u011fustos ay\u0131nda 185 ki\u015fi a\u00e7l\u0131ktan ya\u015fam\u0131n\u0131 yitirdi - Kuzeyin Sesi\" \/>\n<meta property=\"og:description\" content=\"&#013; Gazze&#8217;deki Filistin Sa\u011fl\u0131k Bakanl\u0131\u011f\u0131, yapt\u0131\u011f\u0131 yaz\u0131l\u0131 a\u00e7\u0131klamada Gazze \u015eeridi&#8217;nde k\u0131tl\u0131\u011f\u0131n y\u0131k\u0131c\u0131 etkilerinin artt\u0131\u011f\u0131 kaydedildi. &#013; A\u00e7\u0131klamada, Gazze \u015eeridi&#8217;nde a\u011fustos ay\u0131nda yetersiz beslenme nedeniyle 185 Filistinli ya\u015fam\u0131n\u0131 yitirdi\u011fi; bunun ge\u00e7en aylara g\u00f6re en y\u00fcksek rakam oldu\u011fu kaydedildi. &#013; Birle\u015fmi\u015f Milletlerin (BM) destekledi\u011fi Entegre G\u0131da G\u00fcvenli\u011fi A\u015fama S\u0131n\u0131fland\u0131rmas\u0131&#8217;n\u0131n (IPC) 22 A\u011fustos&#8217;taki a\u00e7\u0131klamas\u0131yla Gazze&#8217;de k\u0131tl\u0131k ilan etmesinden [&hellip;]\" \/>\n<meta property=\"og:url\" content=\"https:\/\/kuzeyinsesi.org\/index.php\/2025\/09\/02\/gazzede-agustos-ayinda-185-kisi-acliktan-yasamini-yitirdi\/\" \/>\n<meta property=\"og:site_name\" content=\"Kuzeyin Sesi\" \/>\n<meta property=\"article:publisher\" content=\"https:\/\/www.facebook.com\/kuzeyinsesii\" \/>\n<meta property=\"article:published_time\" content=\"2025-09-02T09:42:52+00:00\" \/>\n<meta property=\"og:image\" content=\"https:\/\/trthaberstatic.cdn.wp.trt.com.tr\/resimler\/2390000\/gazze-aclik-trtworld-2390223.jpg\" \/>\n<meta name=\"author\" content=\"Kuzeyin Sesi\" \/>\n<meta name=\"twitter:card\" content=\"summary_large_image\" \/>\n<meta name=\"twitter:creator\" content=\"@kuzeyinsesii\" \/>\n<meta name=\"twitter:site\" content=\"@kuzeyinsesii\" \/>\n<meta name=\"twitter:label1\" content=\"Yazan:\" \/>\n\t<meta name=\"twitter:data1\" content=\"Kuzeyin Sesi\" \/>\n\t<meta name=\"twitter:label2\" content=\"Tahmini okuma s\u00fcresi\" \/>\n\t<meta name=\"twitter:data2\" content=\"2 dakika\" \/>\n<script type=\"application\/ld+json\" class=\"yoast-schema-graph\">{\"@context\":\"https:\\\/\\\/schema.org\",\"@graph\":[{\"@type\":\"Article\",\"@id\":\"https:\\\/\\\/kuzeyinsesi.org\\\/index.php\\\/2025\\\/09\\\/02\\\/gazzede-agustos-ayinda-185-kisi-acliktan-yasamini-yitirdi\\\/#article\",\"isPartOf\":{\"@id\":\"https:\\\/\\\/kuzeyinsesi.org\\\/index.php\\\/2025\\\/09\\\/02\\\/gazzede-agustos-ayinda-185-kisi-acliktan-yasamini-yitirdi\\\/\"},\"author\":{\"name\":\"Kuzeyin Sesi\",\"@id\":\"https:\\\/\\\/kuzeyinsesi.org\\\/#\\\/schema\\\/person\\\/9f859689cdf01485597712386e37f5aa\"},\"headline\":\"Gazze&#039;de a\u011fustos ay\u0131nda 185 ki\u015fi a\u00e7l\u0131ktan ya\u015fam\u0131n\u0131 yitirdi\",\"datePublished\":\"2025-09-02T09:42:52+00:00\",\"mainEntityOfPage\":{\"@id\":\"https:\\\/\\\/kuzeyinsesi.org\\\/index.php\\\/2025\\\/09\\\/02\\\/gazzede-agustos-ayinda-185-kisi-acliktan-yasamini-yitirdi\\\/\"},\"wordCount\":523,\"commentCount\":0,\"image\":{\"@id\":\"https:\\\/\\\/kuzeyinsesi.org\\\/index.php\\\/2025\\\/09\\\/02\\\/gazzede-agustos-ayinda-185-kisi-acliktan-yasamini-yitirdi\\\/#primaryimage\"},\"thumbnailUrl\":\"https:\\\/\\\/kuzeyinsesi.org\\\/wp-content\\\/uploads\\\/2025\\\/08\\\/gazze-aclik-trtworld-2390223.jpg\",\"articleSection\":[\"D\u00fcnya\"],\"inLanguage\":\"tr\",\"potentialAction\":[{\"@type\":\"CommentAction\",\"name\":\"Comment\",\"target\":[\"https:\\\/\\\/kuzeyinsesi.org\\\/index.php\\\/2025\\\/09\\\/02\\\/gazzede-agustos-ayinda-185-kisi-acliktan-yasamini-yitirdi\\\/#respond\"]}]},{\"@type\":\"WebPage\",\"@id\":\"https:\\\/\\\/kuzeyinsesi.org\\\/index.php\\\/2025\\\/09\\\/02\\\/gazzede-agustos-ayinda-185-kisi-acliktan-yasamini-yitirdi\\\/\",\"url\":\"https:\\\/\\\/kuzeyinsesi.org\\\/index.php\\\/2025\\\/09\\\/02\\\/gazzede-agustos-ayinda-185-kisi-acliktan-yasamini-yitirdi\\\/\",\"name\":\"Gazze&#039;de a\u011fustos ay\u0131nda 185 ki\u015fi a\u00e7l\u0131ktan ya\u015fam\u0131n\u0131 yitirdi - Kuzeyin Sesi\",\"isPartOf\":{\"@id\":\"https:\\\/\\\/kuzeyinsesi.org\\\/#website\"},\"primaryImageOfPage\":{\"@id\":\"https:\\\/\\\/kuzeyinsesi.org\\\/index.php\\\/2025\\\/09\\\/02\\\/gazzede-agustos-ayinda-185-kisi-acliktan-yasamini-yitirdi\\\/#primaryimage\"},\"image\":{\"@id\":\"https:\\\/\\\/kuzeyinsesi.org\\\/index.php\\\/2025\\\/09\\\/02\\\/gazzede-agustos-ayinda-185-kisi-acliktan-yasamini-yitirdi\\\/#primaryimage\"},\"thumbnailUrl\":\"https:\\\/\\\/kuzeyinsesi.org\\\/wp-content\\\/uploads\\\/2025\\\/08\\\/gazze-aclik-trtworld-2390223.jpg\",\"datePublished\":\"2025-09-02T09:42:52+00:00\",\"author\":{\"@id\":\"https:\\\/\\\/kuzeyinsesi.org\\\/#\\\/schema\\\/person\\\/9f859689cdf01485597712386e37f5aa\"},\"breadcrumb\":{\"@id\":\"https:\\\/\\\/kuzeyinsesi.org\\\/index.php\\\/2025\\\/09\\\/02\\\/gazzede-agustos-ayinda-185-kisi-acliktan-yasamini-yitirdi\\\/#breadcrumb\"},\"inLanguage\":\"tr\",\"potentialAction\":[{\"@type\":\"ReadAction\",\"target\":[\"https:\\\/\\\/kuzeyinsesi.org\\\/index.php\\\/2025\\\/09\\\/02\\\/gazzede-agustos-ayinda-185-kisi-acliktan-yasamini-yitirdi\\\/\"]}]},{\"@type\":\"ImageObject\",\"inLanguage\":\"tr\",\"@id\":\"https:\\\/\\\/kuzeyinsesi.org\\\/index.php\\\/2025\\\/09\\\/02\\\/gazzede-agustos-ayinda-185-kisi-acliktan-yasamini-yitirdi\\\/#primaryimage\",\"url\":\"https:\\\/\\\/kuzeyinsesi.org\\\/wp-content\\\/uploads\\\/2025\\\/08\\\/gazze-aclik-trtworld-2390223.jpg\",\"contentUrl\":\"https:\\\/\\\/kuzeyinsesi.org\\\/wp-content\\\/uploads\\\/2025\\\/08\\\/gazze-aclik-trtworld-2390223.jpg\",\"width\":1280,\"height\":720},{\"@type\":\"BreadcrumbList\",\"@id\":\"https:\\\/\\\/kuzeyinsesi.org\\\/index.php\\\/2025\\\/09\\\/02\\\/gazzede-agustos-ayinda-185-kisi-acliktan-yasamini-yitirdi\\\/#breadcrumb\",\"itemListElement\":[{\"@type\":\"ListItem\",\"position\":1,\"name\":\"Anasayfa\",\"item\":\"https:\\\/\\\/kuzeyinsesi.org\\\/\"},{\"@type\":\"ListItem\",\"position\":2,\"name\":\"Gazze&#039;de a\u011fustos ay\u0131nda 185 ki\u015fi a\u00e7l\u0131ktan ya\u015fam\u0131n\u0131 yitirdi\"}]},{\"@type\":\"WebSite\",\"@id\":\"https:\\\/\\\/kuzeyinsesi.org\\\/#website\",\"url\":\"https:\\\/\\\/kuzeyinsesi.org\\\/\",\"name\":\"Kuzeyin Sesi\",\"description\":\"Do\u011fru Haberin Adresi\",\"potentialAction\":[{\"@type\":\"SearchAction\",\"target\":{\"@type\":\"EntryPoint\",\"urlTemplate\":\"https:\\\/\\\/kuzeyinsesi.org\\\/?s={search_term_string}\"},\"query-input\":{\"@type\":\"PropertyValueSpecification\",\"valueRequired\":true,\"valueName\":\"search_term_string\"}}],\"inLanguage\":\"tr\"},{\"@type\":\"Person\",\"@id\":\"https:\\\/\\\/kuzeyinsesi.org\\\/#\\\/schema\\\/person\\\/9f859689cdf01485597712386e37f5aa\",\"name\":\"Kuzeyin Sesi\",\"image\":{\"@type\":\"ImageObject\",\"inLanguage\":\"tr\",\"@id\":\"https:\\\/\\\/secure.gravatar.com\\\/avatar\\\/bab33852abfd8b282518d6ed81826833d77c3c882d9ab608add591ccace47a44?s=96&d=mm&r=g\",\"url\":\"https:\\\/\\\/secure.gravatar.com\\\/avatar\\\/bab33852abfd8b282518d6ed81826833d77c3c882d9ab608add591ccace47a44?s=96&d=mm&r=g\",\"contentUrl\":\"https:\\\/\\\/secure.gravatar.com\\\/avatar\\\/bab33852abfd8b282518d6ed81826833d77c3c882d9ab608add591ccace47a44?s=96&d=mm&r=g\",\"caption\":\"Kuzeyin Sesi\"},\"sameAs\":[\"https:\\\/\\\/kuzeyinsesi.org\"],\"url\":\"https:\\\/\\\/kuzeyinsesi.org\\\/index.php\\\/author\\\/guven\\\/\"}]}<\/script>\n<!-- \/ Yoast SEO plugin. -->","yoast_head_json":{"title":"Gazze&#039;de a\u011fustos ay\u0131nda 185 ki\u015fi a\u00e7l\u0131ktan ya\u015fam\u0131n\u0131 yitirdi - Kuzeyin Sesi","robots":{"index":"index","follow":"follow","max-snippet":"max-snippet:-1","max-image-preview":"max-image-preview:large","max-video-preview":"max-video-preview:-1"},"canonical":"https:\/\/kuzeyinsesi.org\/index.php\/2025\/09\/02\/gazzede-agustos-ayinda-185-kisi-acliktan-yasamini-yitirdi\/","og_locale":"tr_TR","og_type":"article","og_title":"Gazze&#039;de a\u011fustos ay\u0131nda 185 ki\u015fi a\u00e7l\u0131ktan ya\u015fam\u0131n\u0131 yitirdi - Kuzeyin Sesi","og_description":"&#13; Gazze&#8217;deki Filistin Sa\u011fl\u0131k Bakanl\u0131\u011f\u0131, yapt\u0131\u011f\u0131 yaz\u0131l\u0131 a\u00e7\u0131klamada Gazze \u015eeridi&#8217;nde k\u0131tl\u0131\u011f\u0131n y\u0131k\u0131c\u0131 etkilerinin artt\u0131\u011f\u0131 kaydedildi. &#13; A\u00e7\u0131klamada, Gazze \u015eeridi&#8217;nde a\u011fustos ay\u0131nda yetersiz beslenme nedeniyle 185 Filistinli ya\u015fam\u0131n\u0131 yitirdi\u011fi; bunun ge\u00e7en aylara g\u00f6re en y\u00fcksek rakam oldu\u011fu kaydedildi. &#13; Birle\u015fmi\u015f Milletlerin (BM) destekledi\u011fi Entegre G\u0131da G\u00fcvenli\u011fi A\u015fama S\u0131n\u0131fland\u0131rmas\u0131&#8217;n\u0131n (IPC) 22 A\u011fustos&#8217;taki a\u00e7\u0131klamas\u0131yla Gazze&#8217;de k\u0131tl\u0131k ilan etmesinden [&hellip;]","og_url":"https:\/\/kuzeyinsesi.org\/index.php\/2025\/09\/02\/gazzede-agustos-ayinda-185-kisi-acliktan-yasamini-yitirdi\/","og_site_name":"Kuzeyin Sesi","article_publisher":"https:\/\/www.facebook.com\/kuzeyinsesii","article_published_time":"2025-09-02T09:42:52+00:00","og_image":[{"url":"https:\/\/trthaberstatic.cdn.wp.trt.com.tr\/resimler\/2390000\/gazze-aclik-trtworld-2390223.jpg","type":"","width":"","height":""}],"author":"Kuzeyin Sesi","twitter_card":"summary_large_image","twitter_creator":"@kuzeyinsesii","twitter_site":"@kuzeyinsesii","twitter_misc":{"Yazan:":"Kuzeyin Sesi","Tahmini okuma s\u00fcresi":"2 dakika"},"schema":{"@context":"https:\/\/schema.org","@graph":[{"@type":"Article","@id":"https:\/\/kuzeyinsesi.org\/index.php\/2025\/09\/02\/gazzede-agustos-ayinda-185-kisi-acliktan-yasamini-yitirdi\/#article","isPartOf":{"@id":"https:\/\/kuzeyinsesi.org\/index.php\/2025\/09\/02\/gazzede-agustos-ayinda-185-kisi-acliktan-yasamini-yitirdi\/"},"author":{"name":"Kuzeyin Sesi","@id":"https:\/\/kuzeyinsesi.org\/#\/schema\/person\/9f859689cdf01485597712386e37f5aa"},"headline":"Gazze&#039;de a\u011fustos ay\u0131nda 185 ki\u015fi a\u00e7l\u0131ktan ya\u015fam\u0131n\u0131 yitirdi","datePublished":"2025-09-02T09:42:52+00:00","mainEntityOfPage":{"@id":"https:\/\/kuzeyinsesi.org\/index.php\/2025\/09\/02\/gazzede-agustos-ayinda-185-kisi-acliktan-yasamini-yitirdi\/"},"wordCount":523,"commentCount":0,"image":{"@id":"https:\/\/kuzeyinsesi.org\/index.php\/2025\/09\/02\/gazzede-agustos-ayinda-185-kisi-acliktan-yasamini-yitirdi\/#primaryimage"},"thumbnailUrl":"https:\/\/kuzeyinsesi.org\/wp-content\/uploads\/2025\/08\/gazze-aclik-trtworld-2390223.jpg","articleSection":["D\u00fcnya"],"inLanguage":"tr","potentialAction":[{"@type":"CommentAction","name":"Comment","target":["https:\/\/kuzeyinsesi.org\/index.php\/2025\/09\/02\/gazzede-agustos-ayinda-185-kisi-acliktan-yasamini-yitirdi\/#respond"]}]},{"@type":"WebPage","@id":"https:\/\/kuzeyinsesi.org\/index.php\/2025\/09\/02\/gazzede-agustos-ayinda-185-kisi-acliktan-yasamini-yitirdi\/","url":"https:\/\/kuzeyinsesi.org\/index.php\/2025\/09\/02\/gazzede-agustos-ayinda-185-kisi-acliktan-yasamini-yitirdi\/","name":"Gazze&#039;de a\u011fustos ay\u0131nda 185 ki\u015fi a\u00e7l\u0131ktan ya\u015fam\u0131n\u0131 yitirdi - Kuzeyin Sesi","isPartOf":{"@id":"https:\/\/kuzeyinsesi.org\/#website"},"primaryImageOfPage":{"@id":"https:\/\/kuzeyinsesi.org\/index.php\/2025\/09\/02\/gazzede-agustos-ayinda-185-kisi-acliktan-yasamini-yitirdi\/#primaryimage"},"image":{"@id":"https:\/\/kuzeyinsesi.org\/index.php\/2025\/09\/02\/gazzede-agustos-ayinda-185-kisi-acliktan-yasamini-yitirdi\/#primaryimage"},"thumbnailUrl":"https:\/\/kuzeyinsesi.org\/wp-content\/uploads\/2025\/08\/gazze-aclik-trtworld-2390223.jpg","datePublished":"2025-09-02T09:42:52+00:00","author":{"@id":"https:\/\/kuzeyinsesi.org\/#\/schema\/person\/9f859689cdf01485597712386e37f5aa"},"breadcrumb":{"@id":"https:\/\/kuzeyinsesi.org\/index.php\/2025\/09\/02\/gazzede-agustos-ayinda-185-kisi-acliktan-yasamini-yitirdi\/#breadcrumb"},"inLanguage":"tr","potentialAction":[{"@type":"ReadAction","target":["https:\/\/kuzeyinsesi.org\/index.php\/2025\/09\/02\/gazzede-agustos-ayinda-185-kisi-acliktan-yasamini-yitirdi\/"]}]},{"@type":"ImageObject","inLanguage":"tr","@id":"https:\/\/kuzeyinsesi.org\/index.php\/2025\/09\/02\/gazzede-agustos-ayinda-185-kisi-acliktan-yasamini-yitirdi\/#primaryimage","url":"https:\/\/kuzeyinsesi.org\/wp-content\/uploads\/2025\/08\/gazze-aclik-trtworld-2390223.jpg","contentUrl":"https:\/\/kuzeyinsesi.org\/wp-content\/uploads\/2025\/08\/gazze-aclik-trtworld-2390223.jpg","width":1280,"height":720},{"@type":"BreadcrumbList","@id":"https:\/\/kuzeyinsesi.org\/index.php\/2025\/09\/02\/gazzede-agustos-ayinda-185-kisi-acliktan-yasamini-yitirdi\/#breadcrumb","itemListElement":[{"@type":"ListItem","position":1,"name":"Anasayfa","item":"https:\/\/kuzeyinsesi.org\/"},{"@type":"ListItem","position":2,"name":"Gazze&#039;de a\u011fustos ay\u0131nda 185 ki\u015fi a\u00e7l\u0131ktan ya\u015fam\u0131n\u0131 yitirdi"}]},{"@type":"WebSite","@id":"https:\/\/kuzeyinsesi.org\/#website","url":"https:\/\/kuzeyinsesi.org\/","name":"Kuzeyin Sesi","description":"Do\u011fru Haberin Adresi","potentialAction":[{"@type":"SearchAction","target":{"@type":"EntryPoint","urlTemplate":"https:\/\/kuzeyinsesi.org\/?s={search_term_string}"},"query-input":{"@type":"PropertyValueSpecification","valueRequired":true,"valueName":"search_term_string"}}],"inLanguage":"tr"},{"@type":"Person","@id":"https:\/\/kuzeyinsesi.org\/#\/schema\/person\/9f859689cdf01485597712386e37f5aa","name":"Kuzeyin Sesi","image":{"@type":"ImageObject","inLanguage":"tr","@id":"https:\/\/secure.gravatar.com\/avatar\/bab33852abfd8b282518d6ed81826833d77c3c882d9ab608add591ccace47a44?s=96&d=mm&r=g","url":"https:\/\/secure.gravatar.com\/avatar\/bab33852abfd8b282518d6ed81826833d77c3c882d9ab608add591ccace47a44?s=96&d=mm&r=g","contentUrl":"https:\/\/secure.gravatar.com\/avatar\/bab33852abfd8b282518d6ed81826833d77c3c882d9ab608add591ccace47a44?s=96&d=mm&r=g","caption":"Kuzeyin Sesi"},"sameAs":["https:\/\/kuzeyinsesi.org"],"url":"https:\/\/kuzeyinsesi.org\/index.php\/author\/guven\/"}]}},"_links":{"self":[{"href":"https:\/\/kuzeyinsesi.org\/index.php\/wp-json\/wp\/v2\/posts\/31057","targetHints":{"allow":["GET"]}}],"collection":[{"href":"https:\/\/kuzeyinsesi.org\/index.php\/wp-json\/wp\/v2\/posts"}],"about":[{"href":"https:\/\/kuzeyinsesi.org\/index.php\/wp-json\/wp\/v2\/types\/post"}],"author":[{"embeddable":true,"href":"https:\/\/kuzeyinsesi.org\/index.php\/wp-json\/wp\/v2\/users\/1"}],"replies":[{"embeddable":true,"href":"https:\/\/kuzeyinsesi.org\/index.php\/wp-json\/wp\/v2\/comments?post=31057"}],"version-history":[{"count":0,"href":"https:\/\/kuzeyinsesi.org\/index.php\/wp-json\/wp\/v2\/posts\/31057\/revisions"}],"wp:featuredmedia":[{"embeddable":true,"href":"https:\/\/kuzeyinsesi.org\/index.php\/wp-json\/wp\/v2\/media\/30464"}],"wp:attachment":[{"href":"https:\/\/kuzeyinsesi.org\/index.php\/wp-json\/wp\/v2\/media?parent=31057"}],"wp:term":[{"taxonomy":"category","embeddable":true,"href":"https:\/\/kuzeyinsesi.org\/index.php\/wp-json\/wp\/v2\/categories?post=31057"},{"taxonomy":"post_tag","embeddable":true,"href":"https:\/\/kuzeyinsesi.org\/index.php\/wp-json\/wp\/v2\/tags?post=31057"}],"curies":[{"name":"wp","href":"https:\/\/api.w.org\/{rel}","templated":true}]}}