{"id":31051,"date":"2025-09-02T11:07:34","date_gmt":"2025-09-02T08:07:34","guid":{"rendered":"https:\/\/kuzeyinsesi.org\/index.php\/2025\/09\/02\/katil-israil-askerleri-el-halil-belediye-baskani-da-dahil-cok-sayida-filistinliyi-gozaltina-aldi\/"},"modified":"2025-09-02T11:07:34","modified_gmt":"2025-09-02T08:07:34","slug":"katil-israil-askerleri-el-halil-belediye-baskani-da-dahil-cok-sayida-filistinliyi-gozaltina-aldi","status":"publish","type":"post","link":"https:\/\/kuzeyinsesi.org\/index.php\/2025\/09\/02\/katil-israil-askerleri-el-halil-belediye-baskani-da-dahil-cok-sayida-filistinliyi-gozaltina-aldi\/","title":{"rendered":"Katil \u0130srail askerleri El Halil Belediye Ba\u015fkan\u0131 da dahil \u00e7ok say\u0131da Filistinliyi g\u00f6zalt\u0131na ald\u0131"},"content":{"rendered":"<p><\/p>\n<div>\n<p>&#13;<br \/>\n\t<a href=\"https:\/\/www.trthaber.com\/etiket\/israil\/\" target=\"_blank\">\u0130srail<\/a> askerleri Nablus, Kalkilya, Ramallah ve El Halil kentlerine bask\u0131nlar d\u00fczenledi.<\/p>\n<p>&#13;<br \/>\n\tTan\u0131klara g\u00f6re, Nablus\u2019un Kefr Kalil, Tell, Asira e\u015f-\u015eamaliye ve Kusra beldelerinde 13 Filistinli g\u00f6zalt\u0131na al\u0131nd\u0131. Bask\u0131n s\u0131ras\u0131nda Kefr Kalil\u2019de bir Filistinlinin a\u011f\u0131r \u015fekilde darp dildi\u011fi, v\u00fccudunda morluklar olu\u015ftu\u011fu ve hastaneye kald\u0131r\u0131ld\u0131\u011f\u0131 bildirildi.<\/p>\n<p>&#13;<br \/>\n\tYerel kaynaklar, \u0130srail ordusunun Kalkiliya\u2019da 2, Ramallah\u2019ta ise 3 ki\u015fiyi g\u00f6zalt\u0131na ald\u0131\u011f\u0131n\u0131 aktard\u0131.<\/p>\n<p>&#13;<br \/>\n\tEl Halil Belediyesinden yap\u0131lan a\u00e7\u0131klamada, &#8220;\u0130srail i\u015fgal g\u00fc\u00e7leri, Belediye Ba\u015fkan\u0131 Teysir Ebu Suneyne\u2019yi \u015fafak vakti evine bask\u0131n d\u00fczenleyerek g\u00f6zalt\u0131na ald\u0131. Bask\u0131n s\u0131ras\u0131nda evdeki e\u015fyalar tahrip edilerek maddi hasara yol a\u00e7\u0131ld\u0131.&#8221; ifadelerine yer verildi.<\/p>\n<p>&#13;<br \/>\n\tBelediye meclisi, &#8220;Bu vah\u015fi sald\u0131r\u0131 yaln\u0131zca belediye ba\u015fkan\u0131n\u0131 de\u011fil, ayn\u0131 zamanda El Halil halk\u0131n\u0131n ve se\u00e7ilmi\u015f kurumlar\u0131n\u0131n iradesini hedef almaktad\u0131r. Bu, demokratik s\u00fcrece ve halk\u0131m\u0131z\u0131n kendi i\u015flerini \u00f6zg\u00fcr ve onurlu bir \u015fekilde y\u00f6netme hakk\u0131na a\u00e7\u0131k bir sald\u0131r\u0131d\u0131r.&#8221; de\u011ferlendirmesinde bulundu.<\/p>\n<p>&#13;<br \/>\n\tBelediye, Ebu Suneyne\u2019nin g\u00fcvenli\u011finden \u0130srail g\u00fc\u00e7lerini sorumlu tutarak, uluslararas\u0131 kurulu\u015flara &#8220;hukuki ve ahlaki sorumluluklar\u0131n\u0131 \u00fcstlenme, belediye ba\u015fkan\u0131n\u0131n derhal serbest b\u0131rak\u0131lmas\u0131 i\u00e7in bask\u0131 yapma ve ihlallere son verilmesi&#8221; \u00e7a\u011fr\u0131s\u0131nda bulundu.<\/p>\n<p>&#13;<br \/>\n\tEbu Suneyne\u2019nin g\u00f6zalt\u0131na al\u0131nmas\u0131, \u0130srail\u2019de El Halil\u2019in Bat\u0131 \u015eeria\u2019dan ayr\u0131larak ayr\u0131 bir &#8220;emirlik&#8221; kurulmas\u0131 y\u00f6n\u00fcndeki tart\u0131\u015fmalar\u0131n yo\u011funla\u015ft\u0131\u011f\u0131 bir d\u00f6neme denk geldi. Filistin Y\u00f6netimi, a\u015firetler ve yerel kurumlar bu \u00f6neriyi reddediyor.<\/p>\n<p>&#13;<br \/>\n\t\u0130srail&#8217;in Kanal 24 televizyonunun haberine g\u00f6re, \u0130srail Ba\u015fbakan\u0131 Binyamin Netanyahu\u2019nun bu plan\u0131 g\u00fcndeme getirmesi, bir\u00e7ok Bat\u0131l\u0131 \u00fclkenin (Fransa ve <a href=\"https:\/\/www.trthaber.com\/etiket\/ingiltere\/\" target=\"_blank\">\u0130ngiltere<\/a> dahil) Eyl\u00fcl ay\u0131nda BM Genel Kurulu\u2019nda Filistin Devleti\u2019ni tan\u0131ma niyetine kar\u015f\u0131 bir hamle niteli\u011fi ta\u015f\u0131yor.<\/p>\n<p>&#13;<br \/>\n\t\u0130srail, onlarca y\u0131ld\u0131r Filistin\u2019i i\u015fgal ediyor, 1967 s\u0131n\u0131rlar\u0131na dayal\u0131, ba\u015fkenti Do\u011fu <a href=\"https:\/\/www.trthaber.com\/etiket\/kudus\/\" target=\"_blank\">Kud\u00fcs<\/a> olan ba\u011f\u0131ms\u0131z Filistin devletini kabul etmeyi reddediyor.<\/p>\n<p>&#13;<br \/>\n\tGazze\u2019de y\u00fcr\u00fct\u00fclen y\u0131k\u0131c\u0131 sava\u015fla paralel olarak, \u0130srail ordusu ve yerle\u015fimcilerin Bat\u0131 \u015eeria\u2019daki sald\u0131r\u0131lar\u0131 da yo\u011funla\u015ft\u0131. Filistin verilerine g\u00f6re, bu sald\u0131r\u0131larda en az bin 16 Filistinli \u00f6ld\u00fcr\u00fcld\u00fc, yakla\u015f\u0131k 7 bin ki\u015fi yaraland\u0131, 18 bin 500\u2019den fazlas\u0131 g\u00f6zalt\u0131na al\u0131nd\u0131.<\/p>\n<p>&#13;<br \/>\n\t<a href=\"https:\/\/www.trthaber.com\/etiket\/abd\/\" target=\"_blank\">ABD<\/a> deste\u011fiyle \u0130srail\u2019in 7 Ekim 2023\u2019ten bu yana s\u00fcrd\u00fcrd\u00fc\u011f\u00fc sald\u0131r\u0131larda ise \u00e7o\u011fu kad\u0131n ve \u00e7ocuk 63 bin 557 Filistinli ya\u015fam\u0131n\u0131 yitirdi, 160 bin 660 ki\u015fi yaraland\u0131. 9 binden fazla ki\u015fi kay\u0131p, y\u00fcz binlerce ki\u015fi yerinden edildi. K\u0131tl\u0131k nedeniyle 127\u2019si \u00e7ocuk olmak \u00fczere 348 ki\u015fi hayat\u0131n\u0131 kaybetti.<\/p>\n<\/p><\/div>\n","protected":false},"excerpt":{"rendered":"<p>&#13; \u0130srail askerleri Nablus, Kalkilya, Ramallah ve El Halil kentlerine bask\u0131nlar d\u00fczenledi. &#13; Tan\u0131klara g\u00f6re, Nablus\u2019un Kefr Kalil, Tell, Asira e\u015f-\u015eamaliye ve Kusra beldelerinde 13 Filistinli g\u00f6zalt\u0131na al\u0131nd\u0131. Bask\u0131n s\u0131ras\u0131nda Kefr Kalil\u2019de bir Filistinlinin a\u011f\u0131r \u015fekilde darp dildi\u011fi, v\u00fccudunda morluklar olu\u015ftu\u011fu ve hastaneye kald\u0131r\u0131ld\u0131\u011f\u0131 bildirildi. &#13; Yerel kaynaklar, \u0130srail ordusunun Kalkiliya\u2019da 2, Ramallah\u2019ta ise 3 [&hellip;]<\/p>\n","protected":false},"author":1,"featured_media":31052,"comment_status":"open","ping_status":"open","sticky":false,"template":"","format":"standard","meta":{"jnews-multi-image_gallery":[],"jnews_single_post":[],"jnews_primary_category":[],"jnews_social_meta":[],"jnews_override_counter":[],"footnotes":""},"categories":[2],"tags":[],"class_list":["post-31051","post","type-post","status-publish","format-standard","has-post-thumbnail","hentry","category-dunya"],"yoast_head":"<!-- This site is optimized with the Yoast SEO plugin v28.4 - https:\/\/yoast.com\/product\/yoast-seo-wordpress\/ -->\n<title>Katil \u0130srail askerleri El Halil Belediye Ba\u015fkan\u0131 da dahil \u00e7ok say\u0131da Filistinliyi g\u00f6zalt\u0131na ald\u0131 - Kuzeyin Sesi<\/title>\n<meta name=\"robots\" content=\"index, follow, max-snippet:-1, max-image-preview:large, max-video-preview:-1\" \/>\n<link rel=\"canonical\" href=\"https:\/\/kuzeyinsesi.org\/index.php\/2025\/09\/02\/katil-israil-askerleri-el-halil-belediye-baskani-da-dahil-cok-sayida-filistinliyi-gozaltina-aldi\/\" \/>\n<meta property=\"og:locale\" content=\"tr_TR\" \/>\n<meta property=\"og:type\" content=\"article\" \/>\n<meta property=\"og:title\" content=\"Katil \u0130srail askerleri El Halil Belediye Ba\u015fkan\u0131 da dahil \u00e7ok say\u0131da Filistinliyi g\u00f6zalt\u0131na ald\u0131 - Kuzeyin Sesi\" \/>\n<meta property=\"og:description\" content=\"&#013; \u0130srail askerleri Nablus, Kalkilya, Ramallah ve El Halil kentlerine bask\u0131nlar d\u00fczenledi. &#013; Tan\u0131klara g\u00f6re, Nablus\u2019un Kefr Kalil, Tell, Asira e\u015f-\u015eamaliye ve Kusra beldelerinde 13 Filistinli g\u00f6zalt\u0131na al\u0131nd\u0131. Bask\u0131n s\u0131ras\u0131nda Kefr Kalil\u2019de bir Filistinlinin a\u011f\u0131r \u015fekilde darp dildi\u011fi, v\u00fccudunda morluklar olu\u015ftu\u011fu ve hastaneye kald\u0131r\u0131ld\u0131\u011f\u0131 bildirildi. &#013; Yerel kaynaklar, \u0130srail ordusunun Kalkiliya\u2019da 2, Ramallah\u2019ta ise 3 [&hellip;]\" \/>\n<meta property=\"og:url\" content=\"https:\/\/kuzeyinsesi.org\/index.php\/2025\/09\/02\/katil-israil-askerleri-el-halil-belediye-baskani-da-dahil-cok-sayida-filistinliyi-gozaltina-aldi\/\" \/>\n<meta property=\"og:site_name\" content=\"Kuzeyin Sesi\" \/>\n<meta property=\"article:publisher\" content=\"https:\/\/www.facebook.com\/kuzeyinsesii\" \/>\n<meta property=\"article:published_time\" content=\"2025-09-02T08:07:34+00:00\" \/>\n<meta property=\"og:image\" content=\"https:\/\/trthaberstatic.cdn.wp.trt.com.tr\/resimler\/2146000\/ramallah-ofer-aa-2146918.jpg\" \/>\n<meta name=\"author\" content=\"Kuzeyin Sesi\" \/>\n<meta name=\"twitter:card\" content=\"summary_large_image\" \/>\n<meta name=\"twitter:creator\" content=\"@kuzeyinsesii\" \/>\n<meta name=\"twitter:site\" content=\"@kuzeyinsesii\" \/>\n<meta name=\"twitter:label1\" content=\"Yazan:\" \/>\n\t<meta name=\"twitter:data1\" content=\"Kuzeyin Sesi\" \/>\n\t<meta name=\"twitter:label2\" content=\"Tahmini okuma s\u00fcresi\" \/>\n\t<meta name=\"twitter:data2\" content=\"2 dakika\" \/>\n<script type=\"application\/ld+json\" class=\"yoast-schema-graph\">{\"@context\":\"https:\\\/\\\/schema.org\",\"@graph\":[{\"@type\":\"Article\",\"@id\":\"https:\\\/\\\/kuzeyinsesi.org\\\/index.php\\\/2025\\\/09\\\/02\\\/katil-israil-askerleri-el-halil-belediye-baskani-da-dahil-cok-sayida-filistinliyi-gozaltina-aldi\\\/#article\",\"isPartOf\":{\"@id\":\"https:\\\/\\\/kuzeyinsesi.org\\\/index.php\\\/2025\\\/09\\\/02\\\/katil-israil-askerleri-el-halil-belediye-baskani-da-dahil-cok-sayida-filistinliyi-gozaltina-aldi\\\/\"},\"author\":{\"name\":\"Kuzeyin Sesi\",\"@id\":\"https:\\\/\\\/kuzeyinsesi.org\\\/#\\\/schema\\\/person\\\/9f859689cdf01485597712386e37f5aa\"},\"headline\":\"Katil \u0130srail askerleri El Halil Belediye Ba\u015fkan\u0131 da dahil \u00e7ok say\u0131da Filistinliyi g\u00f6zalt\u0131na ald\u0131\",\"datePublished\":\"2025-09-02T08:07:34+00:00\",\"mainEntityOfPage\":{\"@id\":\"https:\\\/\\\/kuzeyinsesi.org\\\/index.php\\\/2025\\\/09\\\/02\\\/katil-israil-askerleri-el-halil-belediye-baskani-da-dahil-cok-sayida-filistinliyi-gozaltina-aldi\\\/\"},\"wordCount\":494,\"commentCount\":0,\"image\":{\"@id\":\"https:\\\/\\\/kuzeyinsesi.org\\\/index.php\\\/2025\\\/09\\\/02\\\/katil-israil-askerleri-el-halil-belediye-baskani-da-dahil-cok-sayida-filistinliyi-gozaltina-aldi\\\/#primaryimage\"},\"thumbnailUrl\":\"https:\\\/\\\/kuzeyinsesi.org\\\/wp-content\\\/uploads\\\/2025\\\/09\\\/ramallah-ofer-aa-2146918.jpg\",\"articleSection\":[\"D\u00fcnya\"],\"inLanguage\":\"tr\",\"potentialAction\":[{\"@type\":\"CommentAction\",\"name\":\"Comment\",\"target\":[\"https:\\\/\\\/kuzeyinsesi.org\\\/index.php\\\/2025\\\/09\\\/02\\\/katil-israil-askerleri-el-halil-belediye-baskani-da-dahil-cok-sayida-filistinliyi-gozaltina-aldi\\\/#respond\"]}]},{\"@type\":\"WebPage\",\"@id\":\"https:\\\/\\\/kuzeyinsesi.org\\\/index.php\\\/2025\\\/09\\\/02\\\/katil-israil-askerleri-el-halil-belediye-baskani-da-dahil-cok-sayida-filistinliyi-gozaltina-aldi\\\/\",\"url\":\"https:\\\/\\\/kuzeyinsesi.org\\\/index.php\\\/2025\\\/09\\\/02\\\/katil-israil-askerleri-el-halil-belediye-baskani-da-dahil-cok-sayida-filistinliyi-gozaltina-aldi\\\/\",\"name\":\"Katil \u0130srail askerleri El Halil Belediye Ba\u015fkan\u0131 da dahil \u00e7ok say\u0131da Filistinliyi g\u00f6zalt\u0131na ald\u0131 - Kuzeyin Sesi\",\"isPartOf\":{\"@id\":\"https:\\\/\\\/kuzeyinsesi.org\\\/#website\"},\"primaryImageOfPage\":{\"@id\":\"https:\\\/\\\/kuzeyinsesi.org\\\/index.php\\\/2025\\\/09\\\/02\\\/katil-israil-askerleri-el-halil-belediye-baskani-da-dahil-cok-sayida-filistinliyi-gozaltina-aldi\\\/#primaryimage\"},\"image\":{\"@id\":\"https:\\\/\\\/kuzeyinsesi.org\\\/index.php\\\/2025\\\/09\\\/02\\\/katil-israil-askerleri-el-halil-belediye-baskani-da-dahil-cok-sayida-filistinliyi-gozaltina-aldi\\\/#primaryimage\"},\"thumbnailUrl\":\"https:\\\/\\\/kuzeyinsesi.org\\\/wp-content\\\/uploads\\\/2025\\\/09\\\/ramallah-ofer-aa-2146918.jpg\",\"datePublished\":\"2025-09-02T08:07:34+00:00\",\"author\":{\"@id\":\"https:\\\/\\\/kuzeyinsesi.org\\\/#\\\/schema\\\/person\\\/9f859689cdf01485597712386e37f5aa\"},\"breadcrumb\":{\"@id\":\"https:\\\/\\\/kuzeyinsesi.org\\\/index.php\\\/2025\\\/09\\\/02\\\/katil-israil-askerleri-el-halil-belediye-baskani-da-dahil-cok-sayida-filistinliyi-gozaltina-aldi\\\/#breadcrumb\"},\"inLanguage\":\"tr\",\"potentialAction\":[{\"@type\":\"ReadAction\",\"target\":[\"https:\\\/\\\/kuzeyinsesi.org\\\/index.php\\\/2025\\\/09\\\/02\\\/katil-israil-askerleri-el-halil-belediye-baskani-da-dahil-cok-sayida-filistinliyi-gozaltina-aldi\\\/\"]}]},{\"@type\":\"ImageObject\",\"inLanguage\":\"tr\",\"@id\":\"https:\\\/\\\/kuzeyinsesi.org\\\/index.php\\\/2025\\\/09\\\/02\\\/katil-israil-askerleri-el-halil-belediye-baskani-da-dahil-cok-sayida-filistinliyi-gozaltina-aldi\\\/#primaryimage\",\"url\":\"https:\\\/\\\/kuzeyinsesi.org\\\/wp-content\\\/uploads\\\/2025\\\/09\\\/ramallah-ofer-aa-2146918.jpg\",\"contentUrl\":\"https:\\\/\\\/kuzeyinsesi.org\\\/wp-content\\\/uploads\\\/2025\\\/09\\\/ramallah-ofer-aa-2146918.jpg\",\"width\":1280,\"height\":720},{\"@type\":\"BreadcrumbList\",\"@id\":\"https:\\\/\\\/kuzeyinsesi.org\\\/index.php\\\/2025\\\/09\\\/02\\\/katil-israil-askerleri-el-halil-belediye-baskani-da-dahil-cok-sayida-filistinliyi-gozaltina-aldi\\\/#breadcrumb\",\"itemListElement\":[{\"@type\":\"ListItem\",\"position\":1,\"name\":\"Anasayfa\",\"item\":\"https:\\\/\\\/kuzeyinsesi.org\\\/\"},{\"@type\":\"ListItem\",\"position\":2,\"name\":\"Katil \u0130srail askerleri El Halil Belediye Ba\u015fkan\u0131 da dahil \u00e7ok say\u0131da Filistinliyi g\u00f6zalt\u0131na ald\u0131\"}]},{\"@type\":\"WebSite\",\"@id\":\"https:\\\/\\\/kuzeyinsesi.org\\\/#website\",\"url\":\"https:\\\/\\\/kuzeyinsesi.org\\\/\",\"name\":\"Kuzeyin Sesi\",\"description\":\"Do\u011fru Haberin Adresi\",\"potentialAction\":[{\"@type\":\"SearchAction\",\"target\":{\"@type\":\"EntryPoint\",\"urlTemplate\":\"https:\\\/\\\/kuzeyinsesi.org\\\/?s={search_term_string}\"},\"query-input\":{\"@type\":\"PropertyValueSpecification\",\"valueRequired\":true,\"valueName\":\"search_term_string\"}}],\"inLanguage\":\"tr\"},{\"@type\":\"Person\",\"@id\":\"https:\\\/\\\/kuzeyinsesi.org\\\/#\\\/schema\\\/person\\\/9f859689cdf01485597712386e37f5aa\",\"name\":\"Kuzeyin Sesi\",\"image\":{\"@type\":\"ImageObject\",\"inLanguage\":\"tr\",\"@id\":\"https:\\\/\\\/secure.gravatar.com\\\/avatar\\\/bab33852abfd8b282518d6ed81826833d77c3c882d9ab608add591ccace47a44?s=96&d=mm&r=g\",\"url\":\"https:\\\/\\\/secure.gravatar.com\\\/avatar\\\/bab33852abfd8b282518d6ed81826833d77c3c882d9ab608add591ccace47a44?s=96&d=mm&r=g\",\"contentUrl\":\"https:\\\/\\\/secure.gravatar.com\\\/avatar\\\/bab33852abfd8b282518d6ed81826833d77c3c882d9ab608add591ccace47a44?s=96&d=mm&r=g\",\"caption\":\"Kuzeyin Sesi\"},\"sameAs\":[\"https:\\\/\\\/kuzeyinsesi.org\"],\"url\":\"https:\\\/\\\/kuzeyinsesi.org\\\/index.php\\\/author\\\/guven\\\/\"}]}<\/script>\n<!-- \/ Yoast SEO plugin. -->","yoast_head_json":{"title":"Katil \u0130srail askerleri El Halil Belediye Ba\u015fkan\u0131 da dahil \u00e7ok say\u0131da Filistinliyi g\u00f6zalt\u0131na ald\u0131 - Kuzeyin Sesi","robots":{"index":"index","follow":"follow","max-snippet":"max-snippet:-1","max-image-preview":"max-image-preview:large","max-video-preview":"max-video-preview:-1"},"canonical":"https:\/\/kuzeyinsesi.org\/index.php\/2025\/09\/02\/katil-israil-askerleri-el-halil-belediye-baskani-da-dahil-cok-sayida-filistinliyi-gozaltina-aldi\/","og_locale":"tr_TR","og_type":"article","og_title":"Katil \u0130srail askerleri El Halil Belediye Ba\u015fkan\u0131 da dahil \u00e7ok say\u0131da Filistinliyi g\u00f6zalt\u0131na ald\u0131 - Kuzeyin Sesi","og_description":"&#13; \u0130srail askerleri Nablus, Kalkilya, Ramallah ve El Halil kentlerine bask\u0131nlar d\u00fczenledi. &#13; Tan\u0131klara g\u00f6re, Nablus\u2019un Kefr Kalil, Tell, Asira e\u015f-\u015eamaliye ve Kusra beldelerinde 13 Filistinli g\u00f6zalt\u0131na al\u0131nd\u0131. Bask\u0131n s\u0131ras\u0131nda Kefr Kalil\u2019de bir Filistinlinin a\u011f\u0131r \u015fekilde darp dildi\u011fi, v\u00fccudunda morluklar olu\u015ftu\u011fu ve hastaneye kald\u0131r\u0131ld\u0131\u011f\u0131 bildirildi. &#13; Yerel kaynaklar, \u0130srail ordusunun Kalkiliya\u2019da 2, Ramallah\u2019ta ise 3 [&hellip;]","og_url":"https:\/\/kuzeyinsesi.org\/index.php\/2025\/09\/02\/katil-israil-askerleri-el-halil-belediye-baskani-da-dahil-cok-sayida-filistinliyi-gozaltina-aldi\/","og_site_name":"Kuzeyin Sesi","article_publisher":"https:\/\/www.facebook.com\/kuzeyinsesii","article_published_time":"2025-09-02T08:07:34+00:00","og_image":[{"url":"https:\/\/trthaberstatic.cdn.wp.trt.com.tr\/resimler\/2146000\/ramallah-ofer-aa-2146918.jpg","type":"","width":"","height":""}],"author":"Kuzeyin Sesi","twitter_card":"summary_large_image","twitter_creator":"@kuzeyinsesii","twitter_site":"@kuzeyinsesii","twitter_misc":{"Yazan:":"Kuzeyin Sesi","Tahmini okuma s\u00fcresi":"2 dakika"},"schema":{"@context":"https:\/\/schema.org","@graph":[{"@type":"Article","@id":"https:\/\/kuzeyinsesi.org\/index.php\/2025\/09\/02\/katil-israil-askerleri-el-halil-belediye-baskani-da-dahil-cok-sayida-filistinliyi-gozaltina-aldi\/#article","isPartOf":{"@id":"https:\/\/kuzeyinsesi.org\/index.php\/2025\/09\/02\/katil-israil-askerleri-el-halil-belediye-baskani-da-dahil-cok-sayida-filistinliyi-gozaltina-aldi\/"},"author":{"name":"Kuzeyin Sesi","@id":"https:\/\/kuzeyinsesi.org\/#\/schema\/person\/9f859689cdf01485597712386e37f5aa"},"headline":"Katil \u0130srail askerleri El Halil Belediye Ba\u015fkan\u0131 da dahil \u00e7ok say\u0131da Filistinliyi g\u00f6zalt\u0131na ald\u0131","datePublished":"2025-09-02T08:07:34+00:00","mainEntityOfPage":{"@id":"https:\/\/kuzeyinsesi.org\/index.php\/2025\/09\/02\/katil-israil-askerleri-el-halil-belediye-baskani-da-dahil-cok-sayida-filistinliyi-gozaltina-aldi\/"},"wordCount":494,"commentCount":0,"image":{"@id":"https:\/\/kuzeyinsesi.org\/index.php\/2025\/09\/02\/katil-israil-askerleri-el-halil-belediye-baskani-da-dahil-cok-sayida-filistinliyi-gozaltina-aldi\/#primaryimage"},"thumbnailUrl":"https:\/\/kuzeyinsesi.org\/wp-content\/uploads\/2025\/09\/ramallah-ofer-aa-2146918.jpg","articleSection":["D\u00fcnya"],"inLanguage":"tr","potentialAction":[{"@type":"CommentAction","name":"Comment","target":["https:\/\/kuzeyinsesi.org\/index.php\/2025\/09\/02\/katil-israil-askerleri-el-halil-belediye-baskani-da-dahil-cok-sayida-filistinliyi-gozaltina-aldi\/#respond"]}]},{"@type":"WebPage","@id":"https:\/\/kuzeyinsesi.org\/index.php\/2025\/09\/02\/katil-israil-askerleri-el-halil-belediye-baskani-da-dahil-cok-sayida-filistinliyi-gozaltina-aldi\/","url":"https:\/\/kuzeyinsesi.org\/index.php\/2025\/09\/02\/katil-israil-askerleri-el-halil-belediye-baskani-da-dahil-cok-sayida-filistinliyi-gozaltina-aldi\/","name":"Katil \u0130srail askerleri El Halil Belediye Ba\u015fkan\u0131 da dahil \u00e7ok say\u0131da Filistinliyi g\u00f6zalt\u0131na ald\u0131 - Kuzeyin Sesi","isPartOf":{"@id":"https:\/\/kuzeyinsesi.org\/#website"},"primaryImageOfPage":{"@id":"https:\/\/kuzeyinsesi.org\/index.php\/2025\/09\/02\/katil-israil-askerleri-el-halil-belediye-baskani-da-dahil-cok-sayida-filistinliyi-gozaltina-aldi\/#primaryimage"},"image":{"@id":"https:\/\/kuzeyinsesi.org\/index.php\/2025\/09\/02\/katil-israil-askerleri-el-halil-belediye-baskani-da-dahil-cok-sayida-filistinliyi-gozaltina-aldi\/#primaryimage"},"thumbnailUrl":"https:\/\/kuzeyinsesi.org\/wp-content\/uploads\/2025\/09\/ramallah-ofer-aa-2146918.jpg","datePublished":"2025-09-02T08:07:34+00:00","author":{"@id":"https:\/\/kuzeyinsesi.org\/#\/schema\/person\/9f859689cdf01485597712386e37f5aa"},"breadcrumb":{"@id":"https:\/\/kuzeyinsesi.org\/index.php\/2025\/09\/02\/katil-israil-askerleri-el-halil-belediye-baskani-da-dahil-cok-sayida-filistinliyi-gozaltina-aldi\/#breadcrumb"},"inLanguage":"tr","potentialAction":[{"@type":"ReadAction","target":["https:\/\/kuzeyinsesi.org\/index.php\/2025\/09\/02\/katil-israil-askerleri-el-halil-belediye-baskani-da-dahil-cok-sayida-filistinliyi-gozaltina-aldi\/"]}]},{"@type":"ImageObject","inLanguage":"tr","@id":"https:\/\/kuzeyinsesi.org\/index.php\/2025\/09\/02\/katil-israil-askerleri-el-halil-belediye-baskani-da-dahil-cok-sayida-filistinliyi-gozaltina-aldi\/#primaryimage","url":"https:\/\/kuzeyinsesi.org\/wp-content\/uploads\/2025\/09\/ramallah-ofer-aa-2146918.jpg","contentUrl":"https:\/\/kuzeyinsesi.org\/wp-content\/uploads\/2025\/09\/ramallah-ofer-aa-2146918.jpg","width":1280,"height":720},{"@type":"BreadcrumbList","@id":"https:\/\/kuzeyinsesi.org\/index.php\/2025\/09\/02\/katil-israil-askerleri-el-halil-belediye-baskani-da-dahil-cok-sayida-filistinliyi-gozaltina-aldi\/#breadcrumb","itemListElement":[{"@type":"ListItem","position":1,"name":"Anasayfa","item":"https:\/\/kuzeyinsesi.org\/"},{"@type":"ListItem","position":2,"name":"Katil \u0130srail askerleri El Halil Belediye Ba\u015fkan\u0131 da dahil \u00e7ok say\u0131da Filistinliyi g\u00f6zalt\u0131na ald\u0131"}]},{"@type":"WebSite","@id":"https:\/\/kuzeyinsesi.org\/#website","url":"https:\/\/kuzeyinsesi.org\/","name":"Kuzeyin Sesi","description":"Do\u011fru Haberin Adresi","potentialAction":[{"@type":"SearchAction","target":{"@type":"EntryPoint","urlTemplate":"https:\/\/kuzeyinsesi.org\/?s={search_term_string}"},"query-input":{"@type":"PropertyValueSpecification","valueRequired":true,"valueName":"search_term_string"}}],"inLanguage":"tr"},{"@type":"Person","@id":"https:\/\/kuzeyinsesi.org\/#\/schema\/person\/9f859689cdf01485597712386e37f5aa","name":"Kuzeyin Sesi","image":{"@type":"ImageObject","inLanguage":"tr","@id":"https:\/\/secure.gravatar.com\/avatar\/bab33852abfd8b282518d6ed81826833d77c3c882d9ab608add591ccace47a44?s=96&d=mm&r=g","url":"https:\/\/secure.gravatar.com\/avatar\/bab33852abfd8b282518d6ed81826833d77c3c882d9ab608add591ccace47a44?s=96&d=mm&r=g","contentUrl":"https:\/\/secure.gravatar.com\/avatar\/bab33852abfd8b282518d6ed81826833d77c3c882d9ab608add591ccace47a44?s=96&d=mm&r=g","caption":"Kuzeyin Sesi"},"sameAs":["https:\/\/kuzeyinsesi.org"],"url":"https:\/\/kuzeyinsesi.org\/index.php\/author\/guven\/"}]}},"_links":{"self":[{"href":"https:\/\/kuzeyinsesi.org\/index.php\/wp-json\/wp\/v2\/posts\/31051","targetHints":{"allow":["GET"]}}],"collection":[{"href":"https:\/\/kuzeyinsesi.org\/index.php\/wp-json\/wp\/v2\/posts"}],"about":[{"href":"https:\/\/kuzeyinsesi.org\/index.php\/wp-json\/wp\/v2\/types\/post"}],"author":[{"embeddable":true,"href":"https:\/\/kuzeyinsesi.org\/index.php\/wp-json\/wp\/v2\/users\/1"}],"replies":[{"embeddable":true,"href":"https:\/\/kuzeyinsesi.org\/index.php\/wp-json\/wp\/v2\/comments?post=31051"}],"version-history":[{"count":0,"href":"https:\/\/kuzeyinsesi.org\/index.php\/wp-json\/wp\/v2\/posts\/31051\/revisions"}],"wp:featuredmedia":[{"embeddable":true,"href":"https:\/\/kuzeyinsesi.org\/index.php\/wp-json\/wp\/v2\/media\/31052"}],"wp:attachment":[{"href":"https:\/\/kuzeyinsesi.org\/index.php\/wp-json\/wp\/v2\/media?parent=31051"}],"wp:term":[{"taxonomy":"category","embeddable":true,"href":"https:\/\/kuzeyinsesi.org\/index.php\/wp-json\/wp\/v2\/categories?post=31051"},{"taxonomy":"post_tag","embeddable":true,"href":"https:\/\/kuzeyinsesi.org\/index.php\/wp-json\/wp\/v2\/tags?post=31051"}],"curies":[{"name":"wp","href":"https:\/\/api.w.org\/{rel}","templated":true}]}}