{"id":31049,"date":"2025-09-02T10:03:53","date_gmt":"2025-09-02T07:03:53","guid":{"rendered":"https:\/\/kuzeyinsesi.org\/index.php\/2025\/09\/02\/katil-israil-saldirilari-nedeniyle-binlerce-filistinli-gazze-kenti-sahiline-sikisti\/"},"modified":"2025-09-02T10:03:53","modified_gmt":"2025-09-02T07:03:53","slug":"katil-israil-saldirilari-nedeniyle-binlerce-filistinli-gazze-kenti-sahiline-sikisti","status":"publish","type":"post","link":"https:\/\/kuzeyinsesi.org\/index.php\/2025\/09\/02\/katil-israil-saldirilari-nedeniyle-binlerce-filistinli-gazze-kenti-sahiline-sikisti\/","title":{"rendered":"Katil \u0130srail sald\u0131r\u0131lar\u0131 nedeniyle binlerce Filistinli Gazze kenti sahiline s\u0131k\u0131\u015ft\u0131"},"content":{"rendered":"<p><\/p>\n<div>\n<p>&#13;<br \/>\n\t\u0130\u015fgal plan\u0131n\u0131 devreye sokan <a href=\"https:\/\/www.trthaber.com\/etiket\/israil\/\" target=\"_blank\">\u0130srail<\/a> ordusu, <a href=\"https:\/\/www.trthaber.com\/etiket\/gazze\/\" target=\"_blank\">Gazze<\/a> kenti \u00e7evresindeki sald\u0131r\u0131lar\u0131n\u0131 art\u0131rarak devam ediyor.<\/p>\n<p>&#13;<br \/>\n\tSald\u0131r\u0131lar, Zeytun, \u015eeyh R\u0131dvan, Sadra mahalleleri ve Cibaliya b\u00f6lgesi gibi Gazze kentinin \u00e7evresindeki yerlerde yo\u011funla\u015f\u0131yor.<\/p>\n<p>&#13;<br \/>\n\t\u0130srail ordusunun sald\u0131r\u0131lar\u0131 nedeniyle yakla\u015f\u0131k 1 milyon ki\u015finin ya\u015fam m\u00fccadelesi verdi\u011fi Gazze&#8217;nin kuzeyinde binlerce ki\u015fi bir kez daha yerinden edildi.<\/p>\n<p>&#13;<br \/>\n\tYanlar\u0131na alabildikleri birka\u00e7 e\u015fyayla her g\u00fcn y\u00fczlerce Filistinli Gazze kenti sahiline <a href=\"https:\/\/www.trthaber.com\/etiket\/goc\/\" target=\"_blank\">g\u00f6\u00e7<\/a> ediyor.<\/p>\n<h2>&#13;<br \/>\n\tSahilde \u00e7ad\u0131r kuracak yer kalmad\u0131<\/h2>\n<p>&#13;<br \/>\n\t\u0130srail&#8217;in katliamlar\u0131na ra\u011fmen Gazze&#8217;nin kuzeyini terk etmek istemeyen binlerce Filistinli Gazze kenti sahilinde kurduklar\u0131 derme \u00e7atma \u00e7ad\u0131rlarda hayatta kalma m\u00fccadelesi veriyor.<\/p>\n<p>&#13;<br \/>\n\tSald\u0131r\u0131lar\u0131n oldu\u011fu mahallelerden <a href=\"https:\/\/www.trthaber.com\/etiket\/sahil\/\" target=\"_blank\">sahil<\/a> b\u00f6lgesine g\u00f6\u00e7 eden Filistinler bulabildikleri bo\u015f alanlara derme \u00e7atma \u00e7ad\u0131rlar\u0131n\u0131 kurmu\u015f durumda.<\/p>\n<p>&#13;<br \/>\n\tAA kameras\u0131na yans\u0131yan g\u00f6r\u00fcnt\u00fclerde, Gazze kenti sahilinde neredeyse \u00e7ad\u0131r kuracak alan kalmad\u0131\u011f\u0131 g\u00f6r\u00fcl\u00fcyor.<\/p>\n<p>&#13;<br \/>\n\tHer ge\u00e7en g\u00fcn giderek artan \u00e7ad\u0131r say\u0131s\u0131, \u0130srail sald\u0131r\u0131lar\u0131 nedeniyle Gazze&#8217;nin kuzeyinde binlerce Filistinlinin zorla yerinden edildi\u011fini g\u00f6zler \u00f6n\u00fcne seriyor.<\/p>\n<h2>&#13;<br \/>\n\t\u00d6nlerinde \u0130srail ordusu, arkalar\u0131nda deniz<\/h2>\n<p>&#13;<br \/>\n\tVatanlar\u0131 ile hayatlar\u0131 aras\u0131nda tercihe zorlanan Filistinliler, 7 Ekim 2023&#8217;ten bu yana bitmeyen zorla yerinden edilmeyi bir kez daha ya\u015f\u0131yor.<\/p>\n<p>&#13;<br \/>\n\t\u0130srail&#8217;in i\u015fgal plan\u0131na ra\u011fmen Gazze&#8217;nin kuzeyini terk etmek istemeyen Filistinliler, iki ara bir derede kalm\u0131\u015f durumda.<\/p>\n<p>&#13;<br \/>\n\t\u00d6nlerinde i\u015fgalci \u0130srail ordusu, arkalar\u0131na da Akdeniz olan binlerce Filistinli, alt yap\u0131n\u0131n olmad\u0131\u011f\u0131 Gazze kenti sahiline s\u0131k\u0131\u015fm\u0131\u015f durumda.<\/p>\n<p>&#13;<br \/>\n\tGazze kenti sahili, 7 Ekim 2023&#8217;ten \u00f6nce \u0130srail&#8217;in hava, kara ve denizden uygulad\u0131\u011f\u0131 ablukaya ra\u011fmen Gazze \u015eeridi&#8217;nde ya\u015fayan Filistinlilerin adeta nefes alabildikleri nadir yerlerden biriydi.<\/p>\n<p>&#13;<br \/>\n\tBir zamanlar kumsallar\u0131nda \u00e7ocuklar\u0131n oynad\u0131\u011f\u0131, denize bakan kafeler ve lokantalarla Filistinli ailelere ev sahipli\u011fi yapan Gazze kenti sahili bug\u00fcn itibar\u0131yla derme \u00e7atma \u00e7ad\u0131r kente d\u00f6n\u00fc\u015fm\u00fc\u015f durumda.<\/p>\n<\/p><\/div>\n","protected":false},"excerpt":{"rendered":"<p>&#13; \u0130\u015fgal plan\u0131n\u0131 devreye sokan \u0130srail ordusu, Gazze kenti \u00e7evresindeki sald\u0131r\u0131lar\u0131n\u0131 art\u0131rarak devam ediyor. &#13; Sald\u0131r\u0131lar, Zeytun, \u015eeyh R\u0131dvan, Sadra mahalleleri ve Cibaliya b\u00f6lgesi gibi Gazze kentinin \u00e7evresindeki yerlerde yo\u011funla\u015f\u0131yor. &#13; \u0130srail ordusunun sald\u0131r\u0131lar\u0131 nedeniyle yakla\u015f\u0131k 1 milyon ki\u015finin ya\u015fam m\u00fccadelesi verdi\u011fi Gazze&#8217;nin kuzeyinde binlerce ki\u015fi bir kez daha yerinden edildi. &#13; Yanlar\u0131na alabildikleri birka\u00e7 [&hellip;]<\/p>\n","protected":false},"author":1,"featured_media":30640,"comment_status":"open","ping_status":"open","sticky":false,"template":"","format":"standard","meta":{"jnews-multi-image_gallery":[],"jnews_single_post":[],"jnews_primary_category":[],"jnews_social_meta":[],"jnews_override_counter":[],"footnotes":""},"categories":[2],"tags":[],"class_list":["post-31049","post","type-post","status-publish","format-standard","has-post-thumbnail","hentry","category-dunya"],"yoast_head":"<!-- This site is optimized with the Yoast SEO plugin v28.4 - https:\/\/yoast.com\/product\/yoast-seo-wordpress\/ -->\n<title>Katil \u0130srail sald\u0131r\u0131lar\u0131 nedeniyle binlerce Filistinli Gazze kenti sahiline s\u0131k\u0131\u015ft\u0131 - Kuzeyin Sesi<\/title>\n<meta name=\"robots\" content=\"index, follow, max-snippet:-1, max-image-preview:large, max-video-preview:-1\" \/>\n<link rel=\"canonical\" href=\"https:\/\/kuzeyinsesi.org\/index.php\/2025\/09\/02\/katil-israil-saldirilari-nedeniyle-binlerce-filistinli-gazze-kenti-sahiline-sikisti\/\" \/>\n<meta property=\"og:locale\" content=\"tr_TR\" \/>\n<meta property=\"og:type\" content=\"article\" \/>\n<meta property=\"og:title\" content=\"Katil \u0130srail sald\u0131r\u0131lar\u0131 nedeniyle binlerce Filistinli Gazze kenti sahiline s\u0131k\u0131\u015ft\u0131 - Kuzeyin Sesi\" \/>\n<meta property=\"og:description\" content=\"&#013; \u0130\u015fgal plan\u0131n\u0131 devreye sokan \u0130srail ordusu, Gazze kenti \u00e7evresindeki sald\u0131r\u0131lar\u0131n\u0131 art\u0131rarak devam ediyor. &#013; Sald\u0131r\u0131lar, Zeytun, \u015eeyh R\u0131dvan, Sadra mahalleleri ve Cibaliya b\u00f6lgesi gibi Gazze kentinin \u00e7evresindeki yerlerde yo\u011funla\u015f\u0131yor. &#013; \u0130srail ordusunun sald\u0131r\u0131lar\u0131 nedeniyle yakla\u015f\u0131k 1 milyon ki\u015finin ya\u015fam m\u00fccadelesi verdi\u011fi Gazze&#8217;nin kuzeyinde binlerce ki\u015fi bir kez daha yerinden edildi. &#013; Yanlar\u0131na alabildikleri birka\u00e7 [&hellip;]\" \/>\n<meta property=\"og:url\" content=\"https:\/\/kuzeyinsesi.org\/index.php\/2025\/09\/02\/katil-israil-saldirilari-nedeniyle-binlerce-filistinli-gazze-kenti-sahiline-sikisti\/\" \/>\n<meta property=\"og:site_name\" content=\"Kuzeyin Sesi\" \/>\n<meta property=\"article:publisher\" content=\"https:\/\/www.facebook.com\/kuzeyinsesii\" \/>\n<meta property=\"article:published_time\" content=\"2025-09-02T07:03:53+00:00\" \/>\n<meta property=\"og:image\" content=\"https:\/\/trthaberstatic.cdn.wp.trt.com.tr\/resimler\/2344000\/gazze-goc-a-2344966.jpg\" \/>\n<meta name=\"author\" content=\"Kuzeyin Sesi\" \/>\n<meta name=\"twitter:card\" content=\"summary_large_image\" \/>\n<meta name=\"twitter:creator\" content=\"@kuzeyinsesii\" \/>\n<meta name=\"twitter:site\" content=\"@kuzeyinsesii\" \/>\n<meta name=\"twitter:label1\" content=\"Yazan:\" \/>\n\t<meta name=\"twitter:data1\" content=\"Kuzeyin Sesi\" \/>\n\t<meta name=\"twitter:label2\" content=\"Tahmini okuma s\u00fcresi\" \/>\n\t<meta name=\"twitter:data2\" content=\"2 dakika\" \/>\n<script type=\"application\/ld+json\" class=\"yoast-schema-graph\">{\"@context\":\"https:\\\/\\\/schema.org\",\"@graph\":[{\"@type\":\"Article\",\"@id\":\"https:\\\/\\\/kuzeyinsesi.org\\\/index.php\\\/2025\\\/09\\\/02\\\/katil-israil-saldirilari-nedeniyle-binlerce-filistinli-gazze-kenti-sahiline-sikisti\\\/#article\",\"isPartOf\":{\"@id\":\"https:\\\/\\\/kuzeyinsesi.org\\\/index.php\\\/2025\\\/09\\\/02\\\/katil-israil-saldirilari-nedeniyle-binlerce-filistinli-gazze-kenti-sahiline-sikisti\\\/\"},\"author\":{\"name\":\"Kuzeyin Sesi\",\"@id\":\"https:\\\/\\\/kuzeyinsesi.org\\\/#\\\/schema\\\/person\\\/9f859689cdf01485597712386e37f5aa\"},\"headline\":\"Katil \u0130srail sald\u0131r\u0131lar\u0131 nedeniyle binlerce Filistinli Gazze kenti sahiline s\u0131k\u0131\u015ft\u0131\",\"datePublished\":\"2025-09-02T07:03:53+00:00\",\"mainEntityOfPage\":{\"@id\":\"https:\\\/\\\/kuzeyinsesi.org\\\/index.php\\\/2025\\\/09\\\/02\\\/katil-israil-saldirilari-nedeniyle-binlerce-filistinli-gazze-kenti-sahiline-sikisti\\\/\"},\"wordCount\":340,\"commentCount\":0,\"image\":{\"@id\":\"https:\\\/\\\/kuzeyinsesi.org\\\/index.php\\\/2025\\\/09\\\/02\\\/katil-israil-saldirilari-nedeniyle-binlerce-filistinli-gazze-kenti-sahiline-sikisti\\\/#primaryimage\"},\"thumbnailUrl\":\"https:\\\/\\\/kuzeyinsesi.org\\\/wp-content\\\/uploads\\\/2025\\\/08\\\/gazze-goc-a-2344966.jpg\",\"articleSection\":[\"D\u00fcnya\"],\"inLanguage\":\"tr\",\"potentialAction\":[{\"@type\":\"CommentAction\",\"name\":\"Comment\",\"target\":[\"https:\\\/\\\/kuzeyinsesi.org\\\/index.php\\\/2025\\\/09\\\/02\\\/katil-israil-saldirilari-nedeniyle-binlerce-filistinli-gazze-kenti-sahiline-sikisti\\\/#respond\"]}]},{\"@type\":\"WebPage\",\"@id\":\"https:\\\/\\\/kuzeyinsesi.org\\\/index.php\\\/2025\\\/09\\\/02\\\/katil-israil-saldirilari-nedeniyle-binlerce-filistinli-gazze-kenti-sahiline-sikisti\\\/\",\"url\":\"https:\\\/\\\/kuzeyinsesi.org\\\/index.php\\\/2025\\\/09\\\/02\\\/katil-israil-saldirilari-nedeniyle-binlerce-filistinli-gazze-kenti-sahiline-sikisti\\\/\",\"name\":\"Katil \u0130srail sald\u0131r\u0131lar\u0131 nedeniyle binlerce Filistinli Gazze kenti sahiline s\u0131k\u0131\u015ft\u0131 - Kuzeyin Sesi\",\"isPartOf\":{\"@id\":\"https:\\\/\\\/kuzeyinsesi.org\\\/#website\"},\"primaryImageOfPage\":{\"@id\":\"https:\\\/\\\/kuzeyinsesi.org\\\/index.php\\\/2025\\\/09\\\/02\\\/katil-israil-saldirilari-nedeniyle-binlerce-filistinli-gazze-kenti-sahiline-sikisti\\\/#primaryimage\"},\"image\":{\"@id\":\"https:\\\/\\\/kuzeyinsesi.org\\\/index.php\\\/2025\\\/09\\\/02\\\/katil-israil-saldirilari-nedeniyle-binlerce-filistinli-gazze-kenti-sahiline-sikisti\\\/#primaryimage\"},\"thumbnailUrl\":\"https:\\\/\\\/kuzeyinsesi.org\\\/wp-content\\\/uploads\\\/2025\\\/08\\\/gazze-goc-a-2344966.jpg\",\"datePublished\":\"2025-09-02T07:03:53+00:00\",\"author\":{\"@id\":\"https:\\\/\\\/kuzeyinsesi.org\\\/#\\\/schema\\\/person\\\/9f859689cdf01485597712386e37f5aa\"},\"breadcrumb\":{\"@id\":\"https:\\\/\\\/kuzeyinsesi.org\\\/index.php\\\/2025\\\/09\\\/02\\\/katil-israil-saldirilari-nedeniyle-binlerce-filistinli-gazze-kenti-sahiline-sikisti\\\/#breadcrumb\"},\"inLanguage\":\"tr\",\"potentialAction\":[{\"@type\":\"ReadAction\",\"target\":[\"https:\\\/\\\/kuzeyinsesi.org\\\/index.php\\\/2025\\\/09\\\/02\\\/katil-israil-saldirilari-nedeniyle-binlerce-filistinli-gazze-kenti-sahiline-sikisti\\\/\"]}]},{\"@type\":\"ImageObject\",\"inLanguage\":\"tr\",\"@id\":\"https:\\\/\\\/kuzeyinsesi.org\\\/index.php\\\/2025\\\/09\\\/02\\\/katil-israil-saldirilari-nedeniyle-binlerce-filistinli-gazze-kenti-sahiline-sikisti\\\/#primaryimage\",\"url\":\"https:\\\/\\\/kuzeyinsesi.org\\\/wp-content\\\/uploads\\\/2025\\\/08\\\/gazze-goc-a-2344966.jpg\",\"contentUrl\":\"https:\\\/\\\/kuzeyinsesi.org\\\/wp-content\\\/uploads\\\/2025\\\/08\\\/gazze-goc-a-2344966.jpg\",\"width\":1280,\"height\":720},{\"@type\":\"BreadcrumbList\",\"@id\":\"https:\\\/\\\/kuzeyinsesi.org\\\/index.php\\\/2025\\\/09\\\/02\\\/katil-israil-saldirilari-nedeniyle-binlerce-filistinli-gazze-kenti-sahiline-sikisti\\\/#breadcrumb\",\"itemListElement\":[{\"@type\":\"ListItem\",\"position\":1,\"name\":\"Anasayfa\",\"item\":\"https:\\\/\\\/kuzeyinsesi.org\\\/\"},{\"@type\":\"ListItem\",\"position\":2,\"name\":\"Katil \u0130srail sald\u0131r\u0131lar\u0131 nedeniyle binlerce Filistinli Gazze kenti sahiline s\u0131k\u0131\u015ft\u0131\"}]},{\"@type\":\"WebSite\",\"@id\":\"https:\\\/\\\/kuzeyinsesi.org\\\/#website\",\"url\":\"https:\\\/\\\/kuzeyinsesi.org\\\/\",\"name\":\"Kuzeyin Sesi\",\"description\":\"Do\u011fru Haberin Adresi\",\"potentialAction\":[{\"@type\":\"SearchAction\",\"target\":{\"@type\":\"EntryPoint\",\"urlTemplate\":\"https:\\\/\\\/kuzeyinsesi.org\\\/?s={search_term_string}\"},\"query-input\":{\"@type\":\"PropertyValueSpecification\",\"valueRequired\":true,\"valueName\":\"search_term_string\"}}],\"inLanguage\":\"tr\"},{\"@type\":\"Person\",\"@id\":\"https:\\\/\\\/kuzeyinsesi.org\\\/#\\\/schema\\\/person\\\/9f859689cdf01485597712386e37f5aa\",\"name\":\"Kuzeyin Sesi\",\"image\":{\"@type\":\"ImageObject\",\"inLanguage\":\"tr\",\"@id\":\"https:\\\/\\\/secure.gravatar.com\\\/avatar\\\/bab33852abfd8b282518d6ed81826833d77c3c882d9ab608add591ccace47a44?s=96&d=mm&r=g\",\"url\":\"https:\\\/\\\/secure.gravatar.com\\\/avatar\\\/bab33852abfd8b282518d6ed81826833d77c3c882d9ab608add591ccace47a44?s=96&d=mm&r=g\",\"contentUrl\":\"https:\\\/\\\/secure.gravatar.com\\\/avatar\\\/bab33852abfd8b282518d6ed81826833d77c3c882d9ab608add591ccace47a44?s=96&d=mm&r=g\",\"caption\":\"Kuzeyin Sesi\"},\"sameAs\":[\"https:\\\/\\\/kuzeyinsesi.org\"],\"url\":\"https:\\\/\\\/kuzeyinsesi.org\\\/index.php\\\/author\\\/guven\\\/\"}]}<\/script>\n<!-- \/ Yoast SEO plugin. -->","yoast_head_json":{"title":"Katil \u0130srail sald\u0131r\u0131lar\u0131 nedeniyle binlerce Filistinli Gazze kenti sahiline s\u0131k\u0131\u015ft\u0131 - Kuzeyin Sesi","robots":{"index":"index","follow":"follow","max-snippet":"max-snippet:-1","max-image-preview":"max-image-preview:large","max-video-preview":"max-video-preview:-1"},"canonical":"https:\/\/kuzeyinsesi.org\/index.php\/2025\/09\/02\/katil-israil-saldirilari-nedeniyle-binlerce-filistinli-gazze-kenti-sahiline-sikisti\/","og_locale":"tr_TR","og_type":"article","og_title":"Katil \u0130srail sald\u0131r\u0131lar\u0131 nedeniyle binlerce Filistinli Gazze kenti sahiline s\u0131k\u0131\u015ft\u0131 - Kuzeyin Sesi","og_description":"&#13; \u0130\u015fgal plan\u0131n\u0131 devreye sokan \u0130srail ordusu, Gazze kenti \u00e7evresindeki sald\u0131r\u0131lar\u0131n\u0131 art\u0131rarak devam ediyor. &#13; Sald\u0131r\u0131lar, Zeytun, \u015eeyh R\u0131dvan, Sadra mahalleleri ve Cibaliya b\u00f6lgesi gibi Gazze kentinin \u00e7evresindeki yerlerde yo\u011funla\u015f\u0131yor. &#13; \u0130srail ordusunun sald\u0131r\u0131lar\u0131 nedeniyle yakla\u015f\u0131k 1 milyon ki\u015finin ya\u015fam m\u00fccadelesi verdi\u011fi Gazze&#8217;nin kuzeyinde binlerce ki\u015fi bir kez daha yerinden edildi. &#13; Yanlar\u0131na alabildikleri birka\u00e7 [&hellip;]","og_url":"https:\/\/kuzeyinsesi.org\/index.php\/2025\/09\/02\/katil-israil-saldirilari-nedeniyle-binlerce-filistinli-gazze-kenti-sahiline-sikisti\/","og_site_name":"Kuzeyin Sesi","article_publisher":"https:\/\/www.facebook.com\/kuzeyinsesii","article_published_time":"2025-09-02T07:03:53+00:00","og_image":[{"url":"https:\/\/trthaberstatic.cdn.wp.trt.com.tr\/resimler\/2344000\/gazze-goc-a-2344966.jpg","type":"","width":"","height":""}],"author":"Kuzeyin Sesi","twitter_card":"summary_large_image","twitter_creator":"@kuzeyinsesii","twitter_site":"@kuzeyinsesii","twitter_misc":{"Yazan:":"Kuzeyin Sesi","Tahmini okuma s\u00fcresi":"2 dakika"},"schema":{"@context":"https:\/\/schema.org","@graph":[{"@type":"Article","@id":"https:\/\/kuzeyinsesi.org\/index.php\/2025\/09\/02\/katil-israil-saldirilari-nedeniyle-binlerce-filistinli-gazze-kenti-sahiline-sikisti\/#article","isPartOf":{"@id":"https:\/\/kuzeyinsesi.org\/index.php\/2025\/09\/02\/katil-israil-saldirilari-nedeniyle-binlerce-filistinli-gazze-kenti-sahiline-sikisti\/"},"author":{"name":"Kuzeyin Sesi","@id":"https:\/\/kuzeyinsesi.org\/#\/schema\/person\/9f859689cdf01485597712386e37f5aa"},"headline":"Katil \u0130srail sald\u0131r\u0131lar\u0131 nedeniyle binlerce Filistinli Gazze kenti sahiline s\u0131k\u0131\u015ft\u0131","datePublished":"2025-09-02T07:03:53+00:00","mainEntityOfPage":{"@id":"https:\/\/kuzeyinsesi.org\/index.php\/2025\/09\/02\/katil-israil-saldirilari-nedeniyle-binlerce-filistinli-gazze-kenti-sahiline-sikisti\/"},"wordCount":340,"commentCount":0,"image":{"@id":"https:\/\/kuzeyinsesi.org\/index.php\/2025\/09\/02\/katil-israil-saldirilari-nedeniyle-binlerce-filistinli-gazze-kenti-sahiline-sikisti\/#primaryimage"},"thumbnailUrl":"https:\/\/kuzeyinsesi.org\/wp-content\/uploads\/2025\/08\/gazze-goc-a-2344966.jpg","articleSection":["D\u00fcnya"],"inLanguage":"tr","potentialAction":[{"@type":"CommentAction","name":"Comment","target":["https:\/\/kuzeyinsesi.org\/index.php\/2025\/09\/02\/katil-israil-saldirilari-nedeniyle-binlerce-filistinli-gazze-kenti-sahiline-sikisti\/#respond"]}]},{"@type":"WebPage","@id":"https:\/\/kuzeyinsesi.org\/index.php\/2025\/09\/02\/katil-israil-saldirilari-nedeniyle-binlerce-filistinli-gazze-kenti-sahiline-sikisti\/","url":"https:\/\/kuzeyinsesi.org\/index.php\/2025\/09\/02\/katil-israil-saldirilari-nedeniyle-binlerce-filistinli-gazze-kenti-sahiline-sikisti\/","name":"Katil \u0130srail sald\u0131r\u0131lar\u0131 nedeniyle binlerce Filistinli Gazze kenti sahiline s\u0131k\u0131\u015ft\u0131 - Kuzeyin Sesi","isPartOf":{"@id":"https:\/\/kuzeyinsesi.org\/#website"},"primaryImageOfPage":{"@id":"https:\/\/kuzeyinsesi.org\/index.php\/2025\/09\/02\/katil-israil-saldirilari-nedeniyle-binlerce-filistinli-gazze-kenti-sahiline-sikisti\/#primaryimage"},"image":{"@id":"https:\/\/kuzeyinsesi.org\/index.php\/2025\/09\/02\/katil-israil-saldirilari-nedeniyle-binlerce-filistinli-gazze-kenti-sahiline-sikisti\/#primaryimage"},"thumbnailUrl":"https:\/\/kuzeyinsesi.org\/wp-content\/uploads\/2025\/08\/gazze-goc-a-2344966.jpg","datePublished":"2025-09-02T07:03:53+00:00","author":{"@id":"https:\/\/kuzeyinsesi.org\/#\/schema\/person\/9f859689cdf01485597712386e37f5aa"},"breadcrumb":{"@id":"https:\/\/kuzeyinsesi.org\/index.php\/2025\/09\/02\/katil-israil-saldirilari-nedeniyle-binlerce-filistinli-gazze-kenti-sahiline-sikisti\/#breadcrumb"},"inLanguage":"tr","potentialAction":[{"@type":"ReadAction","target":["https:\/\/kuzeyinsesi.org\/index.php\/2025\/09\/02\/katil-israil-saldirilari-nedeniyle-binlerce-filistinli-gazze-kenti-sahiline-sikisti\/"]}]},{"@type":"ImageObject","inLanguage":"tr","@id":"https:\/\/kuzeyinsesi.org\/index.php\/2025\/09\/02\/katil-israil-saldirilari-nedeniyle-binlerce-filistinli-gazze-kenti-sahiline-sikisti\/#primaryimage","url":"https:\/\/kuzeyinsesi.org\/wp-content\/uploads\/2025\/08\/gazze-goc-a-2344966.jpg","contentUrl":"https:\/\/kuzeyinsesi.org\/wp-content\/uploads\/2025\/08\/gazze-goc-a-2344966.jpg","width":1280,"height":720},{"@type":"BreadcrumbList","@id":"https:\/\/kuzeyinsesi.org\/index.php\/2025\/09\/02\/katil-israil-saldirilari-nedeniyle-binlerce-filistinli-gazze-kenti-sahiline-sikisti\/#breadcrumb","itemListElement":[{"@type":"ListItem","position":1,"name":"Anasayfa","item":"https:\/\/kuzeyinsesi.org\/"},{"@type":"ListItem","position":2,"name":"Katil \u0130srail sald\u0131r\u0131lar\u0131 nedeniyle binlerce Filistinli Gazze kenti sahiline s\u0131k\u0131\u015ft\u0131"}]},{"@type":"WebSite","@id":"https:\/\/kuzeyinsesi.org\/#website","url":"https:\/\/kuzeyinsesi.org\/","name":"Kuzeyin Sesi","description":"Do\u011fru Haberin Adresi","potentialAction":[{"@type":"SearchAction","target":{"@type":"EntryPoint","urlTemplate":"https:\/\/kuzeyinsesi.org\/?s={search_term_string}"},"query-input":{"@type":"PropertyValueSpecification","valueRequired":true,"valueName":"search_term_string"}}],"inLanguage":"tr"},{"@type":"Person","@id":"https:\/\/kuzeyinsesi.org\/#\/schema\/person\/9f859689cdf01485597712386e37f5aa","name":"Kuzeyin Sesi","image":{"@type":"ImageObject","inLanguage":"tr","@id":"https:\/\/secure.gravatar.com\/avatar\/bab33852abfd8b282518d6ed81826833d77c3c882d9ab608add591ccace47a44?s=96&d=mm&r=g","url":"https:\/\/secure.gravatar.com\/avatar\/bab33852abfd8b282518d6ed81826833d77c3c882d9ab608add591ccace47a44?s=96&d=mm&r=g","contentUrl":"https:\/\/secure.gravatar.com\/avatar\/bab33852abfd8b282518d6ed81826833d77c3c882d9ab608add591ccace47a44?s=96&d=mm&r=g","caption":"Kuzeyin Sesi"},"sameAs":["https:\/\/kuzeyinsesi.org"],"url":"https:\/\/kuzeyinsesi.org\/index.php\/author\/guven\/"}]}},"_links":{"self":[{"href":"https:\/\/kuzeyinsesi.org\/index.php\/wp-json\/wp\/v2\/posts\/31049","targetHints":{"allow":["GET"]}}],"collection":[{"href":"https:\/\/kuzeyinsesi.org\/index.php\/wp-json\/wp\/v2\/posts"}],"about":[{"href":"https:\/\/kuzeyinsesi.org\/index.php\/wp-json\/wp\/v2\/types\/post"}],"author":[{"embeddable":true,"href":"https:\/\/kuzeyinsesi.org\/index.php\/wp-json\/wp\/v2\/users\/1"}],"replies":[{"embeddable":true,"href":"https:\/\/kuzeyinsesi.org\/index.php\/wp-json\/wp\/v2\/comments?post=31049"}],"version-history":[{"count":0,"href":"https:\/\/kuzeyinsesi.org\/index.php\/wp-json\/wp\/v2\/posts\/31049\/revisions"}],"wp:featuredmedia":[{"embeddable":true,"href":"https:\/\/kuzeyinsesi.org\/index.php\/wp-json\/wp\/v2\/media\/30640"}],"wp:attachment":[{"href":"https:\/\/kuzeyinsesi.org\/index.php\/wp-json\/wp\/v2\/media?parent=31049"}],"wp:term":[{"taxonomy":"category","embeddable":true,"href":"https:\/\/kuzeyinsesi.org\/index.php\/wp-json\/wp\/v2\/categories?post=31049"},{"taxonomy":"post_tag","embeddable":true,"href":"https:\/\/kuzeyinsesi.org\/index.php\/wp-json\/wp\/v2\/tags?post=31049"}],"curies":[{"name":"wp","href":"https:\/\/api.w.org\/{rel}","templated":true}]}}