{"id":31031,"date":"2025-09-01T22:01:16","date_gmt":"2025-09-01T19:01:16","guid":{"rendered":"https:\/\/kuzeyinsesi.org\/index.php\/2025\/09\/01\/kremlin-putin-trump-ve-zelenski-ile-uclu-veya-ikili-bir-zirve-icin-anlasma-yapmadi\/"},"modified":"2025-09-01T22:01:16","modified_gmt":"2025-09-01T19:01:16","slug":"kremlin-putin-trump-ve-zelenski-ile-uclu-veya-ikili-bir-zirve-icin-anlasma-yapmadi","status":"publish","type":"post","link":"https:\/\/kuzeyinsesi.org\/index.php\/2025\/09\/01\/kremlin-putin-trump-ve-zelenski-ile-uclu-veya-ikili-bir-zirve-icin-anlasma-yapmadi\/","title":{"rendered":"Kremlin: Putin, Trump ve Zelenski ile \u00fc\u00e7l\u00fc veya ikili bir zirve i\u00e7in anla\u015fma yapmad\u0131"},"content":{"rendered":"<p><\/p>\n<div>\n<p>&#13;<br \/>\n\tU\u015fakov, Rossiya devlet kanal\u0131na yapt\u0131\u011f\u0131 a\u00e7\u0131klamada, <a href=\"https:\/\/www.trthaber.com\/etiket\/rusya\/\" target=\"_blank\">Rusya<\/a> Devlet Ba\u015fkan\u0131 Vladimir Putin&#8217;in <a href=\"https:\/\/www.trthaber.com\/etiket\/abd\/\" target=\"_blank\">ABD<\/a> Ba\u015fkan\u0131 <a href=\"https:\/\/www.trthaber.com\/etiket\/donald-trump\/\" target=\"_blank\">Donald Trump<\/a> ile Alaska&#8217;da yapt\u0131\u011f\u0131 g\u00f6r\u00fc\u015fmenin i\u00e7eri\u011fine ili\u015fkin detay verdi.<\/p>\n<p>&#13;<br \/>\n\tTrump&#8217;\u0131n \u00d6zel Temsilcisi Steve Witkoff&#8217;un <a href=\"https:\/\/www.trthaber.com\/etiket\/moskova\/\" target=\"_blank\">Moskova<\/a> ziyareti esnas\u0131nda \u00fczerinde anla\u015f\u0131lan konular\u0131 geli\u015ftirmek i\u00e7in her iki liderin Alaska&#8217;da anla\u015fmaya vard\u0131\u011f\u0131 bilgisini payla\u015fan U\u015fakov, &#8220;Witkoff&#8217;un be\u015f ziyareti, \u00f6zellikle de son ziyareti s\u0131ras\u0131nda edinilen her \u015fey, Putin ve Trump aras\u0131ndaki g\u00f6r\u00fc\u015fmenin temelini olu\u015fturdu. Bunun ard\u0131ndan liderler sonra nas\u0131l hareket edecekleri konusunda anla\u015ft\u0131.&#8221; ifadelerini kulland\u0131.<\/p>\n<p>&#13;<br \/>\n\tHem ABD hem Rus taraf\u0131n\u0131n bu anla\u015fma \u00fczerinde \u00e7al\u0131\u015ft\u0131\u011f\u0131n\u0131 dile getiren U\u015fakov, her iki taraf\u0131n bu \u00e7er\u00e7evede di\u011fer liderlerle de temaslarda bulundu\u011funu bildirdi.<\/p>\n<p>&#13;<br \/>\n\tRusya-Ukrayna m\u00fczakerelerinin seviyesini y\u00fckseltmeye y\u00f6nelik hen\u00fcz somut bir \u00f6neri olmad\u0131\u011f\u0131na dikkati \u00e7eken U\u015fakov, m\u00fczakerelerin seviyesini y\u00fckseltme fikrinin liderler aras\u0131nda yap\u0131lan bir telefon g\u00f6r\u00fc\u015fmesinde m\u00fczakere edildi\u011fini, ard\u0131ndan Alaska&#8217;daki g\u00f6r\u00fc\u015fmede g\u00fcndeme geldi\u011fini aktard\u0131.<\/p>\n<p>&#13;<br \/>\n\tU\u015fakov, Amerikal\u0131lar\u0131n bu konuyu kendi aralar\u0131nda g\u00f6r\u00fc\u015feceklerini ve ard\u0131ndan kendilerine bu hususta baz\u0131 \u00f6nerilerde bulunacaklar\u0131 konusunda bilgi verdiklerini ifade etti.<\/p>\n<p>&#13;<br \/>\n\tPutin ve Trump aras\u0131nda, <a href=\"https:\/\/www.trthaber.com\/etiket\/ukrayna\/\" target=\"_blank\">Ukrayna<\/a> Devlet Ba\u015fkan\u0131 Volodimir Zelenski ile g\u00f6r\u00fc\u015fmeler konusunda hen\u00fcz bir anla\u015fma olmad\u0131\u011f\u0131na dikkati \u00e7eken U\u015fakov, &#8220;\u015eimdilik bas\u0131nda yay\u0131nlananlar tam olarak anla\u015ft\u0131\u011f\u0131m\u0131z gibi \u015feyler de\u011fil. \u015eimdi \u00fc\u00e7l\u00fc bir g\u00f6r\u00fc\u015fmeden, Putin ve Zelenski aras\u0131nda bir g\u00f6r\u00fc\u015fmeden bahsediyorlar. Ama bildi\u011fim kadar\u0131yla Putin ve Trump aras\u0131nda bu konuda bir anla\u015fma yok.&#8221; diye konu\u015ftu.<\/p>\n<\/p><\/div>\n","protected":false},"excerpt":{"rendered":"<p>&#13; U\u015fakov, Rossiya devlet kanal\u0131na yapt\u0131\u011f\u0131 a\u00e7\u0131klamada, Rusya Devlet Ba\u015fkan\u0131 Vladimir Putin&#8217;in ABD Ba\u015fkan\u0131 Donald Trump ile Alaska&#8217;da yapt\u0131\u011f\u0131 g\u00f6r\u00fc\u015fmenin i\u00e7eri\u011fine ili\u015fkin detay verdi. &#13; Trump&#8217;\u0131n \u00d6zel Temsilcisi Steve Witkoff&#8217;un Moskova ziyareti esnas\u0131nda \u00fczerinde anla\u015f\u0131lan konular\u0131 geli\u015ftirmek i\u00e7in her iki liderin Alaska&#8217;da anla\u015fmaya vard\u0131\u011f\u0131 bilgisini payla\u015fan U\u015fakov, &#8220;Witkoff&#8217;un be\u015f ziyareti, \u00f6zellikle de son ziyareti s\u0131ras\u0131nda [&hellip;]<\/p>\n","protected":false},"author":1,"featured_media":31032,"comment_status":"open","ping_status":"open","sticky":false,"template":"","format":"standard","meta":{"jnews-multi-image_gallery":[],"jnews_single_post":[],"jnews_primary_category":[],"jnews_social_meta":[],"jnews_override_counter":[],"footnotes":""},"categories":[2],"tags":[],"class_list":["post-31031","post","type-post","status-publish","format-standard","has-post-thumbnail","hentry","category-dunya"],"yoast_head":"<!-- This site is optimized with the Yoast SEO plugin v28.4 - https:\/\/yoast.com\/product\/yoast-seo-wordpress\/ -->\n<title>Kremlin: Putin, Trump ve Zelenski ile \u00fc\u00e7l\u00fc veya ikili bir zirve i\u00e7in anla\u015fma yapmad\u0131 - Kuzeyin Sesi<\/title>\n<meta name=\"robots\" content=\"index, follow, max-snippet:-1, max-image-preview:large, max-video-preview:-1\" \/>\n<link rel=\"canonical\" href=\"https:\/\/kuzeyinsesi.org\/index.php\/2025\/09\/01\/kremlin-putin-trump-ve-zelenski-ile-uclu-veya-ikili-bir-zirve-icin-anlasma-yapmadi\/\" \/>\n<meta property=\"og:locale\" content=\"tr_TR\" \/>\n<meta property=\"og:type\" content=\"article\" \/>\n<meta property=\"og:title\" content=\"Kremlin: Putin, Trump ve Zelenski ile \u00fc\u00e7l\u00fc veya ikili bir zirve i\u00e7in anla\u015fma yapmad\u0131 - Kuzeyin Sesi\" \/>\n<meta property=\"og:description\" content=\"&#013; U\u015fakov, Rossiya devlet kanal\u0131na yapt\u0131\u011f\u0131 a\u00e7\u0131klamada, Rusya Devlet Ba\u015fkan\u0131 Vladimir Putin&#8217;in ABD Ba\u015fkan\u0131 Donald Trump ile Alaska&#8217;da yapt\u0131\u011f\u0131 g\u00f6r\u00fc\u015fmenin i\u00e7eri\u011fine ili\u015fkin detay verdi. &#013; Trump&#8217;\u0131n \u00d6zel Temsilcisi Steve Witkoff&#8217;un Moskova ziyareti esnas\u0131nda \u00fczerinde anla\u015f\u0131lan konular\u0131 geli\u015ftirmek i\u00e7in her iki liderin Alaska&#8217;da anla\u015fmaya vard\u0131\u011f\u0131 bilgisini payla\u015fan U\u015fakov, &#8220;Witkoff&#8217;un be\u015f ziyareti, \u00f6zellikle de son ziyareti s\u0131ras\u0131nda [&hellip;]\" \/>\n<meta property=\"og:url\" content=\"https:\/\/kuzeyinsesi.org\/index.php\/2025\/09\/01\/kremlin-putin-trump-ve-zelenski-ile-uclu-veya-ikili-bir-zirve-icin-anlasma-yapmadi\/\" \/>\n<meta property=\"og:site_name\" content=\"Kuzeyin Sesi\" \/>\n<meta property=\"article:publisher\" content=\"https:\/\/www.facebook.com\/kuzeyinsesii\" \/>\n<meta property=\"article:published_time\" content=\"2025-09-01T19:01:16+00:00\" \/>\n<meta property=\"og:image\" content=\"https:\/\/trthaberstatic.cdn.wp.trt.com.tr\/resimler\/1772000\/kremlin-reu-1773993.jpg\" \/>\n<meta name=\"author\" content=\"Kuzeyin Sesi\" \/>\n<meta name=\"twitter:card\" content=\"summary_large_image\" \/>\n<meta name=\"twitter:creator\" content=\"@kuzeyinsesii\" \/>\n<meta name=\"twitter:site\" content=\"@kuzeyinsesii\" \/>\n<meta name=\"twitter:label1\" content=\"Yazan:\" \/>\n\t<meta name=\"twitter:data1\" content=\"Kuzeyin Sesi\" \/>\n\t<meta name=\"twitter:label2\" content=\"Tahmini okuma s\u00fcresi\" \/>\n\t<meta name=\"twitter:data2\" content=\"1 dakika\" \/>\n<script type=\"application\/ld+json\" class=\"yoast-schema-graph\">{\"@context\":\"https:\\\/\\\/schema.org\",\"@graph\":[{\"@type\":\"Article\",\"@id\":\"https:\\\/\\\/kuzeyinsesi.org\\\/index.php\\\/2025\\\/09\\\/01\\\/kremlin-putin-trump-ve-zelenski-ile-uclu-veya-ikili-bir-zirve-icin-anlasma-yapmadi\\\/#article\",\"isPartOf\":{\"@id\":\"https:\\\/\\\/kuzeyinsesi.org\\\/index.php\\\/2025\\\/09\\\/01\\\/kremlin-putin-trump-ve-zelenski-ile-uclu-veya-ikili-bir-zirve-icin-anlasma-yapmadi\\\/\"},\"author\":{\"name\":\"Kuzeyin Sesi\",\"@id\":\"https:\\\/\\\/kuzeyinsesi.org\\\/#\\\/schema\\\/person\\\/9f859689cdf01485597712386e37f5aa\"},\"headline\":\"Kremlin: Putin, Trump ve Zelenski ile \u00fc\u00e7l\u00fc veya ikili bir zirve i\u00e7in anla\u015fma yapmad\u0131\",\"datePublished\":\"2025-09-01T19:01:16+00:00\",\"mainEntityOfPage\":{\"@id\":\"https:\\\/\\\/kuzeyinsesi.org\\\/index.php\\\/2025\\\/09\\\/01\\\/kremlin-putin-trump-ve-zelenski-ile-uclu-veya-ikili-bir-zirve-icin-anlasma-yapmadi\\\/\"},\"wordCount\":310,\"commentCount\":0,\"image\":{\"@id\":\"https:\\\/\\\/kuzeyinsesi.org\\\/index.php\\\/2025\\\/09\\\/01\\\/kremlin-putin-trump-ve-zelenski-ile-uclu-veya-ikili-bir-zirve-icin-anlasma-yapmadi\\\/#primaryimage\"},\"thumbnailUrl\":\"https:\\\/\\\/kuzeyinsesi.org\\\/wp-content\\\/uploads\\\/2025\\\/09\\\/kremlin-reu-1773993.jpg\",\"articleSection\":[\"D\u00fcnya\"],\"inLanguage\":\"tr\",\"potentialAction\":[{\"@type\":\"CommentAction\",\"name\":\"Comment\",\"target\":[\"https:\\\/\\\/kuzeyinsesi.org\\\/index.php\\\/2025\\\/09\\\/01\\\/kremlin-putin-trump-ve-zelenski-ile-uclu-veya-ikili-bir-zirve-icin-anlasma-yapmadi\\\/#respond\"]}]},{\"@type\":\"WebPage\",\"@id\":\"https:\\\/\\\/kuzeyinsesi.org\\\/index.php\\\/2025\\\/09\\\/01\\\/kremlin-putin-trump-ve-zelenski-ile-uclu-veya-ikili-bir-zirve-icin-anlasma-yapmadi\\\/\",\"url\":\"https:\\\/\\\/kuzeyinsesi.org\\\/index.php\\\/2025\\\/09\\\/01\\\/kremlin-putin-trump-ve-zelenski-ile-uclu-veya-ikili-bir-zirve-icin-anlasma-yapmadi\\\/\",\"name\":\"Kremlin: Putin, Trump ve Zelenski ile \u00fc\u00e7l\u00fc veya ikili bir zirve i\u00e7in anla\u015fma yapmad\u0131 - Kuzeyin Sesi\",\"isPartOf\":{\"@id\":\"https:\\\/\\\/kuzeyinsesi.org\\\/#website\"},\"primaryImageOfPage\":{\"@id\":\"https:\\\/\\\/kuzeyinsesi.org\\\/index.php\\\/2025\\\/09\\\/01\\\/kremlin-putin-trump-ve-zelenski-ile-uclu-veya-ikili-bir-zirve-icin-anlasma-yapmadi\\\/#primaryimage\"},\"image\":{\"@id\":\"https:\\\/\\\/kuzeyinsesi.org\\\/index.php\\\/2025\\\/09\\\/01\\\/kremlin-putin-trump-ve-zelenski-ile-uclu-veya-ikili-bir-zirve-icin-anlasma-yapmadi\\\/#primaryimage\"},\"thumbnailUrl\":\"https:\\\/\\\/kuzeyinsesi.org\\\/wp-content\\\/uploads\\\/2025\\\/09\\\/kremlin-reu-1773993.jpg\",\"datePublished\":\"2025-09-01T19:01:16+00:00\",\"author\":{\"@id\":\"https:\\\/\\\/kuzeyinsesi.org\\\/#\\\/schema\\\/person\\\/9f859689cdf01485597712386e37f5aa\"},\"breadcrumb\":{\"@id\":\"https:\\\/\\\/kuzeyinsesi.org\\\/index.php\\\/2025\\\/09\\\/01\\\/kremlin-putin-trump-ve-zelenski-ile-uclu-veya-ikili-bir-zirve-icin-anlasma-yapmadi\\\/#breadcrumb\"},\"inLanguage\":\"tr\",\"potentialAction\":[{\"@type\":\"ReadAction\",\"target\":[\"https:\\\/\\\/kuzeyinsesi.org\\\/index.php\\\/2025\\\/09\\\/01\\\/kremlin-putin-trump-ve-zelenski-ile-uclu-veya-ikili-bir-zirve-icin-anlasma-yapmadi\\\/\"]}]},{\"@type\":\"ImageObject\",\"inLanguage\":\"tr\",\"@id\":\"https:\\\/\\\/kuzeyinsesi.org\\\/index.php\\\/2025\\\/09\\\/01\\\/kremlin-putin-trump-ve-zelenski-ile-uclu-veya-ikili-bir-zirve-icin-anlasma-yapmadi\\\/#primaryimage\",\"url\":\"https:\\\/\\\/kuzeyinsesi.org\\\/wp-content\\\/uploads\\\/2025\\\/09\\\/kremlin-reu-1773993.jpg\",\"contentUrl\":\"https:\\\/\\\/kuzeyinsesi.org\\\/wp-content\\\/uploads\\\/2025\\\/09\\\/kremlin-reu-1773993.jpg\",\"width\":1280,\"height\":720},{\"@type\":\"BreadcrumbList\",\"@id\":\"https:\\\/\\\/kuzeyinsesi.org\\\/index.php\\\/2025\\\/09\\\/01\\\/kremlin-putin-trump-ve-zelenski-ile-uclu-veya-ikili-bir-zirve-icin-anlasma-yapmadi\\\/#breadcrumb\",\"itemListElement\":[{\"@type\":\"ListItem\",\"position\":1,\"name\":\"Anasayfa\",\"item\":\"https:\\\/\\\/kuzeyinsesi.org\\\/\"},{\"@type\":\"ListItem\",\"position\":2,\"name\":\"Kremlin: Putin, Trump ve Zelenski ile \u00fc\u00e7l\u00fc veya ikili bir zirve i\u00e7in anla\u015fma yapmad\u0131\"}]},{\"@type\":\"WebSite\",\"@id\":\"https:\\\/\\\/kuzeyinsesi.org\\\/#website\",\"url\":\"https:\\\/\\\/kuzeyinsesi.org\\\/\",\"name\":\"Kuzeyin Sesi\",\"description\":\"Do\u011fru Haberin Adresi\",\"potentialAction\":[{\"@type\":\"SearchAction\",\"target\":{\"@type\":\"EntryPoint\",\"urlTemplate\":\"https:\\\/\\\/kuzeyinsesi.org\\\/?s={search_term_string}\"},\"query-input\":{\"@type\":\"PropertyValueSpecification\",\"valueRequired\":true,\"valueName\":\"search_term_string\"}}],\"inLanguage\":\"tr\"},{\"@type\":\"Person\",\"@id\":\"https:\\\/\\\/kuzeyinsesi.org\\\/#\\\/schema\\\/person\\\/9f859689cdf01485597712386e37f5aa\",\"name\":\"Kuzeyin Sesi\",\"image\":{\"@type\":\"ImageObject\",\"inLanguage\":\"tr\",\"@id\":\"https:\\\/\\\/secure.gravatar.com\\\/avatar\\\/bab33852abfd8b282518d6ed81826833d77c3c882d9ab608add591ccace47a44?s=96&d=mm&r=g\",\"url\":\"https:\\\/\\\/secure.gravatar.com\\\/avatar\\\/bab33852abfd8b282518d6ed81826833d77c3c882d9ab608add591ccace47a44?s=96&d=mm&r=g\",\"contentUrl\":\"https:\\\/\\\/secure.gravatar.com\\\/avatar\\\/bab33852abfd8b282518d6ed81826833d77c3c882d9ab608add591ccace47a44?s=96&d=mm&r=g\",\"caption\":\"Kuzeyin Sesi\"},\"sameAs\":[\"https:\\\/\\\/kuzeyinsesi.org\"],\"url\":\"https:\\\/\\\/kuzeyinsesi.org\\\/index.php\\\/author\\\/guven\\\/\"}]}<\/script>\n<!-- \/ Yoast SEO plugin. -->","yoast_head_json":{"title":"Kremlin: Putin, Trump ve Zelenski ile \u00fc\u00e7l\u00fc veya ikili bir zirve i\u00e7in anla\u015fma yapmad\u0131 - Kuzeyin Sesi","robots":{"index":"index","follow":"follow","max-snippet":"max-snippet:-1","max-image-preview":"max-image-preview:large","max-video-preview":"max-video-preview:-1"},"canonical":"https:\/\/kuzeyinsesi.org\/index.php\/2025\/09\/01\/kremlin-putin-trump-ve-zelenski-ile-uclu-veya-ikili-bir-zirve-icin-anlasma-yapmadi\/","og_locale":"tr_TR","og_type":"article","og_title":"Kremlin: Putin, Trump ve Zelenski ile \u00fc\u00e7l\u00fc veya ikili bir zirve i\u00e7in anla\u015fma yapmad\u0131 - Kuzeyin Sesi","og_description":"&#13; U\u015fakov, Rossiya devlet kanal\u0131na yapt\u0131\u011f\u0131 a\u00e7\u0131klamada, Rusya Devlet Ba\u015fkan\u0131 Vladimir Putin&#8217;in ABD Ba\u015fkan\u0131 Donald Trump ile Alaska&#8217;da yapt\u0131\u011f\u0131 g\u00f6r\u00fc\u015fmenin i\u00e7eri\u011fine ili\u015fkin detay verdi. &#13; Trump&#8217;\u0131n \u00d6zel Temsilcisi Steve Witkoff&#8217;un Moskova ziyareti esnas\u0131nda \u00fczerinde anla\u015f\u0131lan konular\u0131 geli\u015ftirmek i\u00e7in her iki liderin Alaska&#8217;da anla\u015fmaya vard\u0131\u011f\u0131 bilgisini payla\u015fan U\u015fakov, &#8220;Witkoff&#8217;un be\u015f ziyareti, \u00f6zellikle de son ziyareti s\u0131ras\u0131nda [&hellip;]","og_url":"https:\/\/kuzeyinsesi.org\/index.php\/2025\/09\/01\/kremlin-putin-trump-ve-zelenski-ile-uclu-veya-ikili-bir-zirve-icin-anlasma-yapmadi\/","og_site_name":"Kuzeyin Sesi","article_publisher":"https:\/\/www.facebook.com\/kuzeyinsesii","article_published_time":"2025-09-01T19:01:16+00:00","og_image":[{"url":"https:\/\/trthaberstatic.cdn.wp.trt.com.tr\/resimler\/1772000\/kremlin-reu-1773993.jpg","type":"","width":"","height":""}],"author":"Kuzeyin Sesi","twitter_card":"summary_large_image","twitter_creator":"@kuzeyinsesii","twitter_site":"@kuzeyinsesii","twitter_misc":{"Yazan:":"Kuzeyin Sesi","Tahmini okuma s\u00fcresi":"1 dakika"},"schema":{"@context":"https:\/\/schema.org","@graph":[{"@type":"Article","@id":"https:\/\/kuzeyinsesi.org\/index.php\/2025\/09\/01\/kremlin-putin-trump-ve-zelenski-ile-uclu-veya-ikili-bir-zirve-icin-anlasma-yapmadi\/#article","isPartOf":{"@id":"https:\/\/kuzeyinsesi.org\/index.php\/2025\/09\/01\/kremlin-putin-trump-ve-zelenski-ile-uclu-veya-ikili-bir-zirve-icin-anlasma-yapmadi\/"},"author":{"name":"Kuzeyin Sesi","@id":"https:\/\/kuzeyinsesi.org\/#\/schema\/person\/9f859689cdf01485597712386e37f5aa"},"headline":"Kremlin: Putin, Trump ve Zelenski ile \u00fc\u00e7l\u00fc veya ikili bir zirve i\u00e7in anla\u015fma yapmad\u0131","datePublished":"2025-09-01T19:01:16+00:00","mainEntityOfPage":{"@id":"https:\/\/kuzeyinsesi.org\/index.php\/2025\/09\/01\/kremlin-putin-trump-ve-zelenski-ile-uclu-veya-ikili-bir-zirve-icin-anlasma-yapmadi\/"},"wordCount":310,"commentCount":0,"image":{"@id":"https:\/\/kuzeyinsesi.org\/index.php\/2025\/09\/01\/kremlin-putin-trump-ve-zelenski-ile-uclu-veya-ikili-bir-zirve-icin-anlasma-yapmadi\/#primaryimage"},"thumbnailUrl":"https:\/\/kuzeyinsesi.org\/wp-content\/uploads\/2025\/09\/kremlin-reu-1773993.jpg","articleSection":["D\u00fcnya"],"inLanguage":"tr","potentialAction":[{"@type":"CommentAction","name":"Comment","target":["https:\/\/kuzeyinsesi.org\/index.php\/2025\/09\/01\/kremlin-putin-trump-ve-zelenski-ile-uclu-veya-ikili-bir-zirve-icin-anlasma-yapmadi\/#respond"]}]},{"@type":"WebPage","@id":"https:\/\/kuzeyinsesi.org\/index.php\/2025\/09\/01\/kremlin-putin-trump-ve-zelenski-ile-uclu-veya-ikili-bir-zirve-icin-anlasma-yapmadi\/","url":"https:\/\/kuzeyinsesi.org\/index.php\/2025\/09\/01\/kremlin-putin-trump-ve-zelenski-ile-uclu-veya-ikili-bir-zirve-icin-anlasma-yapmadi\/","name":"Kremlin: Putin, Trump ve Zelenski ile \u00fc\u00e7l\u00fc veya ikili bir zirve i\u00e7in anla\u015fma yapmad\u0131 - Kuzeyin Sesi","isPartOf":{"@id":"https:\/\/kuzeyinsesi.org\/#website"},"primaryImageOfPage":{"@id":"https:\/\/kuzeyinsesi.org\/index.php\/2025\/09\/01\/kremlin-putin-trump-ve-zelenski-ile-uclu-veya-ikili-bir-zirve-icin-anlasma-yapmadi\/#primaryimage"},"image":{"@id":"https:\/\/kuzeyinsesi.org\/index.php\/2025\/09\/01\/kremlin-putin-trump-ve-zelenski-ile-uclu-veya-ikili-bir-zirve-icin-anlasma-yapmadi\/#primaryimage"},"thumbnailUrl":"https:\/\/kuzeyinsesi.org\/wp-content\/uploads\/2025\/09\/kremlin-reu-1773993.jpg","datePublished":"2025-09-01T19:01:16+00:00","author":{"@id":"https:\/\/kuzeyinsesi.org\/#\/schema\/person\/9f859689cdf01485597712386e37f5aa"},"breadcrumb":{"@id":"https:\/\/kuzeyinsesi.org\/index.php\/2025\/09\/01\/kremlin-putin-trump-ve-zelenski-ile-uclu-veya-ikili-bir-zirve-icin-anlasma-yapmadi\/#breadcrumb"},"inLanguage":"tr","potentialAction":[{"@type":"ReadAction","target":["https:\/\/kuzeyinsesi.org\/index.php\/2025\/09\/01\/kremlin-putin-trump-ve-zelenski-ile-uclu-veya-ikili-bir-zirve-icin-anlasma-yapmadi\/"]}]},{"@type":"ImageObject","inLanguage":"tr","@id":"https:\/\/kuzeyinsesi.org\/index.php\/2025\/09\/01\/kremlin-putin-trump-ve-zelenski-ile-uclu-veya-ikili-bir-zirve-icin-anlasma-yapmadi\/#primaryimage","url":"https:\/\/kuzeyinsesi.org\/wp-content\/uploads\/2025\/09\/kremlin-reu-1773993.jpg","contentUrl":"https:\/\/kuzeyinsesi.org\/wp-content\/uploads\/2025\/09\/kremlin-reu-1773993.jpg","width":1280,"height":720},{"@type":"BreadcrumbList","@id":"https:\/\/kuzeyinsesi.org\/index.php\/2025\/09\/01\/kremlin-putin-trump-ve-zelenski-ile-uclu-veya-ikili-bir-zirve-icin-anlasma-yapmadi\/#breadcrumb","itemListElement":[{"@type":"ListItem","position":1,"name":"Anasayfa","item":"https:\/\/kuzeyinsesi.org\/"},{"@type":"ListItem","position":2,"name":"Kremlin: Putin, Trump ve Zelenski ile \u00fc\u00e7l\u00fc veya ikili bir zirve i\u00e7in anla\u015fma yapmad\u0131"}]},{"@type":"WebSite","@id":"https:\/\/kuzeyinsesi.org\/#website","url":"https:\/\/kuzeyinsesi.org\/","name":"Kuzeyin Sesi","description":"Do\u011fru Haberin Adresi","potentialAction":[{"@type":"SearchAction","target":{"@type":"EntryPoint","urlTemplate":"https:\/\/kuzeyinsesi.org\/?s={search_term_string}"},"query-input":{"@type":"PropertyValueSpecification","valueRequired":true,"valueName":"search_term_string"}}],"inLanguage":"tr"},{"@type":"Person","@id":"https:\/\/kuzeyinsesi.org\/#\/schema\/person\/9f859689cdf01485597712386e37f5aa","name":"Kuzeyin Sesi","image":{"@type":"ImageObject","inLanguage":"tr","@id":"https:\/\/secure.gravatar.com\/avatar\/bab33852abfd8b282518d6ed81826833d77c3c882d9ab608add591ccace47a44?s=96&d=mm&r=g","url":"https:\/\/secure.gravatar.com\/avatar\/bab33852abfd8b282518d6ed81826833d77c3c882d9ab608add591ccace47a44?s=96&d=mm&r=g","contentUrl":"https:\/\/secure.gravatar.com\/avatar\/bab33852abfd8b282518d6ed81826833d77c3c882d9ab608add591ccace47a44?s=96&d=mm&r=g","caption":"Kuzeyin Sesi"},"sameAs":["https:\/\/kuzeyinsesi.org"],"url":"https:\/\/kuzeyinsesi.org\/index.php\/author\/guven\/"}]}},"_links":{"self":[{"href":"https:\/\/kuzeyinsesi.org\/index.php\/wp-json\/wp\/v2\/posts\/31031","targetHints":{"allow":["GET"]}}],"collection":[{"href":"https:\/\/kuzeyinsesi.org\/index.php\/wp-json\/wp\/v2\/posts"}],"about":[{"href":"https:\/\/kuzeyinsesi.org\/index.php\/wp-json\/wp\/v2\/types\/post"}],"author":[{"embeddable":true,"href":"https:\/\/kuzeyinsesi.org\/index.php\/wp-json\/wp\/v2\/users\/1"}],"replies":[{"embeddable":true,"href":"https:\/\/kuzeyinsesi.org\/index.php\/wp-json\/wp\/v2\/comments?post=31031"}],"version-history":[{"count":0,"href":"https:\/\/kuzeyinsesi.org\/index.php\/wp-json\/wp\/v2\/posts\/31031\/revisions"}],"wp:featuredmedia":[{"embeddable":true,"href":"https:\/\/kuzeyinsesi.org\/index.php\/wp-json\/wp\/v2\/media\/31032"}],"wp:attachment":[{"href":"https:\/\/kuzeyinsesi.org\/index.php\/wp-json\/wp\/v2\/media?parent=31031"}],"wp:term":[{"taxonomy":"category","embeddable":true,"href":"https:\/\/kuzeyinsesi.org\/index.php\/wp-json\/wp\/v2\/categories?post=31031"},{"taxonomy":"post_tag","embeddable":true,"href":"https:\/\/kuzeyinsesi.org\/index.php\/wp-json\/wp\/v2\/tags?post=31031"}],"curies":[{"name":"wp","href":"https:\/\/api.w.org\/{rel}","templated":true}]}}