{"id":31029,"date":"2025-09-01T21:29:23","date_gmt":"2025-09-01T18:29:23","guid":{"rendered":"https:\/\/kuzeyinsesi.org\/index.php\/2025\/09\/01\/afganistanda-6-buyuklugunde-deprem-800den-fazla-kisi-yasamini-yitirdi\/"},"modified":"2025-09-01T21:29:23","modified_gmt":"2025-09-01T18:29:23","slug":"afganistanda-6-buyuklugunde-deprem-800den-fazla-kisi-yasamini-yitirdi","status":"publish","type":"post","link":"https:\/\/kuzeyinsesi.org\/index.php\/2025\/09\/01\/afganistanda-6-buyuklugunde-deprem-800den-fazla-kisi-yasamini-yitirdi\/","title":{"rendered":"Afganistan&#039;da 6 b\u00fcy\u00fckl\u00fc\u011f\u00fcnde deprem: 800&#039;den fazla ki\u015fi ya\u015fam\u0131n\u0131 yitirdi"},"content":{"rendered":"<p><\/p>\n<div>\n<p>&#13;<br \/>\n\tAfganistan ge\u00e7ici h\u00fck\u00fcmeti S\u00f6zc\u00fcs\u00fc Zabihullah M\u00fccahid, ABD merkezli X \u015firketinin sosyal medya platformundaki hesab\u0131ndan yapt\u0131\u011f\u0131 a\u00e7\u0131klamada, &#8220;Ne yaz\u0131k ki bug\u00fcnk\u00fc deprem, do\u011fu vilayetlerinde can ve mal kay\u0131plar\u0131na yol a\u00e7m\u0131\u015ft\u0131r.&#8221; ifadesini kulland\u0131.<\/p>\n<p>&#13;<br \/>\n\tYerel yetkililer ve b\u00f6lge sakinlerinin kurtarma \u00e7al\u0131\u015fmalar\u0131na kat\u0131ld\u0131\u011f\u0131n\u0131 aktaran M\u00fccahid, merkezi y\u00f6netim ve \u00e7evre vilayetlerden ekiplerin de b\u00f6lgeye do\u011fru yola \u00e7\u0131kt\u0131\u011f\u0131n\u0131 kaydetti. M\u00fccahid, &#8220;Hayatlar\u0131 kurtarmak i\u00e7in var olan t\u00fcm kaynaklar kullan\u0131lacakt\u0131r.&#8221; ifadesine yer verdi.<\/p>\n<p>&#13;<br \/>\n\tZabihullah M\u00fccahid daha sonra d\u00fczenledi\u011fi bas\u0131n toplant\u0131s\u0131nda, d\u00fcn gece meydana gelen 6 b\u00fcy\u00fckl\u00fc\u011f\u00fcndeki depremde can kayb\u0131n\u0131n 800&#8217;\u00fc, yaral\u0131 say\u0131s\u0131n\u0131n ise 2 bin 500&#8217;\u00fc ge\u00e7ti\u011fini duyurdu.<\/p>\n<p>&#13;<br \/>\n\tAfganistan Enformasyon Bakanl\u0131\u011f\u0131ndan bir yetkili de gece saatlerinde meydana gelen deprem hakk\u0131nda AA muhabirine yapt\u0131\u011f\u0131 a\u00e7\u0131klamada, depremden en \u00e7ok etkilenen b\u00f6lgelerin Kunar vilayetinde yer ald\u0131\u011f\u0131n\u0131, yollar\u0131n toprak kaymalar\u0131 nedeniyle ula\u015f\u0131ma kapand\u0131\u011f\u0131n\u0131 belirterek, arama kurtarma \u00e7al\u0131\u015fmalar\u0131n\u0131n helikopterlerle y\u00fcr\u00fct\u00fcld\u00fc\u011f\u00fcn\u00fc s\u00f6yledi.<\/p>\n<p>&#13;<br \/>\n\t&#8211; \u00dclkeyi vuran en \u015fiddetli depremlerden biri<\/p>\n<p>&#13;<br \/>\n\tYerel yetkililer, bunun, \u00fclkeyi vuran en \u015fiddetli depremlerden biri oldu\u011funu aktard\u0131.<\/p>\n<p>&#13;<br \/>\n\t\u00d6te yandan, b\u00f6lgede biri 5,2 b\u00fcy\u00fckl\u00fc\u011f\u00fcnde olan en az 2 art\u00e7\u0131 sars\u0131nt\u0131 kaydedildi.<\/p>\n<p>&#13;<br \/>\n\tABD Jeolojik Ara\u015ft\u0131rmalar Merkezi (USGS), Afganistan&#8217;\u0131n Pakistan s\u0131n\u0131r\u0131 yak\u0131n\u0131ndaki Celalabad&#8217;\u0131n 27 kilometre kuzeydo\u011fusunda, yerin 8 kilometre derinli\u011finde, 6 b\u00fcy\u00fckl\u00fc\u011f\u00fcnde deprem meydana geldi\u011fini duyurmu\u015ftu.<\/p>\n<\/p><\/div>\n","protected":false},"excerpt":{"rendered":"<p>&#13; Afganistan ge\u00e7ici h\u00fck\u00fcmeti S\u00f6zc\u00fcs\u00fc Zabihullah M\u00fccahid, ABD merkezli X \u015firketinin sosyal medya platformundaki hesab\u0131ndan yapt\u0131\u011f\u0131 a\u00e7\u0131klamada, &#8220;Ne yaz\u0131k ki bug\u00fcnk\u00fc deprem, do\u011fu vilayetlerinde can ve mal kay\u0131plar\u0131na yol a\u00e7m\u0131\u015ft\u0131r.&#8221; ifadesini kulland\u0131. &#13; Yerel yetkililer ve b\u00f6lge sakinlerinin kurtarma \u00e7al\u0131\u015fmalar\u0131na kat\u0131ld\u0131\u011f\u0131n\u0131 aktaran M\u00fccahid, merkezi y\u00f6netim ve \u00e7evre vilayetlerden ekiplerin de b\u00f6lgeye do\u011fru yola \u00e7\u0131kt\u0131\u011f\u0131n\u0131 kaydetti. [&hellip;]<\/p>\n","protected":false},"author":1,"featured_media":31030,"comment_status":"open","ping_status":"open","sticky":false,"template":"","format":"standard","meta":{"jnews-multi-image_gallery":[],"jnews_single_post":[],"jnews_primary_category":[],"jnews_social_meta":[],"jnews_override_counter":[],"footnotes":""},"categories":[2],"tags":[],"class_list":["post-31029","post","type-post","status-publish","format-standard","has-post-thumbnail","hentry","category-dunya"],"yoast_head":"<!-- This site is optimized with the Yoast SEO plugin v28.4 - https:\/\/yoast.com\/product\/yoast-seo-wordpress\/ -->\n<title>Afganistan&#039;da 6 b\u00fcy\u00fckl\u00fc\u011f\u00fcnde deprem: 800&#039;den fazla ki\u015fi ya\u015fam\u0131n\u0131 yitirdi - Kuzeyin Sesi<\/title>\n<meta name=\"robots\" content=\"index, follow, max-snippet:-1, max-image-preview:large, max-video-preview:-1\" \/>\n<link rel=\"canonical\" href=\"https:\/\/kuzeyinsesi.org\/index.php\/2025\/09\/01\/afganistanda-6-buyuklugunde-deprem-800den-fazla-kisi-yasamini-yitirdi\/\" \/>\n<meta property=\"og:locale\" content=\"tr_TR\" \/>\n<meta property=\"og:type\" content=\"article\" \/>\n<meta property=\"og:title\" content=\"Afganistan&#039;da 6 b\u00fcy\u00fckl\u00fc\u011f\u00fcnde deprem: 800&#039;den fazla ki\u015fi ya\u015fam\u0131n\u0131 yitirdi - Kuzeyin Sesi\" \/>\n<meta property=\"og:description\" content=\"&#013; Afganistan ge\u00e7ici h\u00fck\u00fcmeti S\u00f6zc\u00fcs\u00fc Zabihullah M\u00fccahid, ABD merkezli X \u015firketinin sosyal medya platformundaki hesab\u0131ndan yapt\u0131\u011f\u0131 a\u00e7\u0131klamada, &#8220;Ne yaz\u0131k ki bug\u00fcnk\u00fc deprem, do\u011fu vilayetlerinde can ve mal kay\u0131plar\u0131na yol a\u00e7m\u0131\u015ft\u0131r.&#8221; ifadesini kulland\u0131. &#013; Yerel yetkililer ve b\u00f6lge sakinlerinin kurtarma \u00e7al\u0131\u015fmalar\u0131na kat\u0131ld\u0131\u011f\u0131n\u0131 aktaran M\u00fccahid, merkezi y\u00f6netim ve \u00e7evre vilayetlerden ekiplerin de b\u00f6lgeye do\u011fru yola \u00e7\u0131kt\u0131\u011f\u0131n\u0131 kaydetti. [&hellip;]\" \/>\n<meta property=\"og:url\" content=\"https:\/\/kuzeyinsesi.org\/index.php\/2025\/09\/01\/afganistanda-6-buyuklugunde-deprem-800den-fazla-kisi-yasamini-yitirdi\/\" \/>\n<meta property=\"og:site_name\" content=\"Kuzeyin Sesi\" \/>\n<meta property=\"article:publisher\" content=\"https:\/\/www.facebook.com\/kuzeyinsesii\" \/>\n<meta property=\"article:published_time\" content=\"2025-09-01T18:29:23+00:00\" \/>\n<meta property=\"og:image\" content=\"https:\/\/trthaberstatic.cdn.wp.trt.com.tr\/resimler\/2392000\/afganistan-deprem-2393734.jpg\" \/>\n<meta name=\"author\" content=\"Kuzeyin Sesi\" \/>\n<meta name=\"twitter:card\" content=\"summary_large_image\" \/>\n<meta name=\"twitter:creator\" content=\"@kuzeyinsesii\" \/>\n<meta name=\"twitter:site\" content=\"@kuzeyinsesii\" \/>\n<meta name=\"twitter:label1\" content=\"Yazan:\" \/>\n\t<meta name=\"twitter:data1\" content=\"Kuzeyin Sesi\" \/>\n\t<meta name=\"twitter:label2\" content=\"Tahmini okuma s\u00fcresi\" \/>\n\t<meta name=\"twitter:data2\" content=\"1 dakika\" \/>\n<script type=\"application\/ld+json\" class=\"yoast-schema-graph\">{\"@context\":\"https:\\\/\\\/schema.org\",\"@graph\":[{\"@type\":\"Article\",\"@id\":\"https:\\\/\\\/kuzeyinsesi.org\\\/index.php\\\/2025\\\/09\\\/01\\\/afganistanda-6-buyuklugunde-deprem-800den-fazla-kisi-yasamini-yitirdi\\\/#article\",\"isPartOf\":{\"@id\":\"https:\\\/\\\/kuzeyinsesi.org\\\/index.php\\\/2025\\\/09\\\/01\\\/afganistanda-6-buyuklugunde-deprem-800den-fazla-kisi-yasamini-yitirdi\\\/\"},\"author\":{\"name\":\"Kuzeyin Sesi\",\"@id\":\"https:\\\/\\\/kuzeyinsesi.org\\\/#\\\/schema\\\/person\\\/9f859689cdf01485597712386e37f5aa\"},\"headline\":\"Afganistan&#039;da 6 b\u00fcy\u00fckl\u00fc\u011f\u00fcnde deprem: 800&#039;den fazla ki\u015fi ya\u015fam\u0131n\u0131 yitirdi\",\"datePublished\":\"2025-09-01T18:29:23+00:00\",\"mainEntityOfPage\":{\"@id\":\"https:\\\/\\\/kuzeyinsesi.org\\\/index.php\\\/2025\\\/09\\\/01\\\/afganistanda-6-buyuklugunde-deprem-800den-fazla-kisi-yasamini-yitirdi\\\/\"},\"wordCount\":273,\"commentCount\":0,\"image\":{\"@id\":\"https:\\\/\\\/kuzeyinsesi.org\\\/index.php\\\/2025\\\/09\\\/01\\\/afganistanda-6-buyuklugunde-deprem-800den-fazla-kisi-yasamini-yitirdi\\\/#primaryimage\"},\"thumbnailUrl\":\"https:\\\/\\\/kuzeyinsesi.org\\\/wp-content\\\/uploads\\\/2025\\\/09\\\/afganistan-deprem-2393734.jpg\",\"articleSection\":[\"D\u00fcnya\"],\"inLanguage\":\"tr\",\"potentialAction\":[{\"@type\":\"CommentAction\",\"name\":\"Comment\",\"target\":[\"https:\\\/\\\/kuzeyinsesi.org\\\/index.php\\\/2025\\\/09\\\/01\\\/afganistanda-6-buyuklugunde-deprem-800den-fazla-kisi-yasamini-yitirdi\\\/#respond\"]}]},{\"@type\":\"WebPage\",\"@id\":\"https:\\\/\\\/kuzeyinsesi.org\\\/index.php\\\/2025\\\/09\\\/01\\\/afganistanda-6-buyuklugunde-deprem-800den-fazla-kisi-yasamini-yitirdi\\\/\",\"url\":\"https:\\\/\\\/kuzeyinsesi.org\\\/index.php\\\/2025\\\/09\\\/01\\\/afganistanda-6-buyuklugunde-deprem-800den-fazla-kisi-yasamini-yitirdi\\\/\",\"name\":\"Afganistan&#039;da 6 b\u00fcy\u00fckl\u00fc\u011f\u00fcnde deprem: 800&#039;den fazla ki\u015fi ya\u015fam\u0131n\u0131 yitirdi - Kuzeyin Sesi\",\"isPartOf\":{\"@id\":\"https:\\\/\\\/kuzeyinsesi.org\\\/#website\"},\"primaryImageOfPage\":{\"@id\":\"https:\\\/\\\/kuzeyinsesi.org\\\/index.php\\\/2025\\\/09\\\/01\\\/afganistanda-6-buyuklugunde-deprem-800den-fazla-kisi-yasamini-yitirdi\\\/#primaryimage\"},\"image\":{\"@id\":\"https:\\\/\\\/kuzeyinsesi.org\\\/index.php\\\/2025\\\/09\\\/01\\\/afganistanda-6-buyuklugunde-deprem-800den-fazla-kisi-yasamini-yitirdi\\\/#primaryimage\"},\"thumbnailUrl\":\"https:\\\/\\\/kuzeyinsesi.org\\\/wp-content\\\/uploads\\\/2025\\\/09\\\/afganistan-deprem-2393734.jpg\",\"datePublished\":\"2025-09-01T18:29:23+00:00\",\"author\":{\"@id\":\"https:\\\/\\\/kuzeyinsesi.org\\\/#\\\/schema\\\/person\\\/9f859689cdf01485597712386e37f5aa\"},\"breadcrumb\":{\"@id\":\"https:\\\/\\\/kuzeyinsesi.org\\\/index.php\\\/2025\\\/09\\\/01\\\/afganistanda-6-buyuklugunde-deprem-800den-fazla-kisi-yasamini-yitirdi\\\/#breadcrumb\"},\"inLanguage\":\"tr\",\"potentialAction\":[{\"@type\":\"ReadAction\",\"target\":[\"https:\\\/\\\/kuzeyinsesi.org\\\/index.php\\\/2025\\\/09\\\/01\\\/afganistanda-6-buyuklugunde-deprem-800den-fazla-kisi-yasamini-yitirdi\\\/\"]}]},{\"@type\":\"ImageObject\",\"inLanguage\":\"tr\",\"@id\":\"https:\\\/\\\/kuzeyinsesi.org\\\/index.php\\\/2025\\\/09\\\/01\\\/afganistanda-6-buyuklugunde-deprem-800den-fazla-kisi-yasamini-yitirdi\\\/#primaryimage\",\"url\":\"https:\\\/\\\/kuzeyinsesi.org\\\/wp-content\\\/uploads\\\/2025\\\/09\\\/afganistan-deprem-2393734.jpg\",\"contentUrl\":\"https:\\\/\\\/kuzeyinsesi.org\\\/wp-content\\\/uploads\\\/2025\\\/09\\\/afganistan-deprem-2393734.jpg\",\"width\":1280,\"height\":720},{\"@type\":\"BreadcrumbList\",\"@id\":\"https:\\\/\\\/kuzeyinsesi.org\\\/index.php\\\/2025\\\/09\\\/01\\\/afganistanda-6-buyuklugunde-deprem-800den-fazla-kisi-yasamini-yitirdi\\\/#breadcrumb\",\"itemListElement\":[{\"@type\":\"ListItem\",\"position\":1,\"name\":\"Anasayfa\",\"item\":\"https:\\\/\\\/kuzeyinsesi.org\\\/\"},{\"@type\":\"ListItem\",\"position\":2,\"name\":\"Afganistan&#039;da 6 b\u00fcy\u00fckl\u00fc\u011f\u00fcnde deprem: 800&#039;den fazla ki\u015fi ya\u015fam\u0131n\u0131 yitirdi\"}]},{\"@type\":\"WebSite\",\"@id\":\"https:\\\/\\\/kuzeyinsesi.org\\\/#website\",\"url\":\"https:\\\/\\\/kuzeyinsesi.org\\\/\",\"name\":\"Kuzeyin Sesi\",\"description\":\"Do\u011fru Haberin Adresi\",\"potentialAction\":[{\"@type\":\"SearchAction\",\"target\":{\"@type\":\"EntryPoint\",\"urlTemplate\":\"https:\\\/\\\/kuzeyinsesi.org\\\/?s={search_term_string}\"},\"query-input\":{\"@type\":\"PropertyValueSpecification\",\"valueRequired\":true,\"valueName\":\"search_term_string\"}}],\"inLanguage\":\"tr\"},{\"@type\":\"Person\",\"@id\":\"https:\\\/\\\/kuzeyinsesi.org\\\/#\\\/schema\\\/person\\\/9f859689cdf01485597712386e37f5aa\",\"name\":\"Kuzeyin Sesi\",\"image\":{\"@type\":\"ImageObject\",\"inLanguage\":\"tr\",\"@id\":\"https:\\\/\\\/secure.gravatar.com\\\/avatar\\\/bab33852abfd8b282518d6ed81826833d77c3c882d9ab608add591ccace47a44?s=96&d=mm&r=g\",\"url\":\"https:\\\/\\\/secure.gravatar.com\\\/avatar\\\/bab33852abfd8b282518d6ed81826833d77c3c882d9ab608add591ccace47a44?s=96&d=mm&r=g\",\"contentUrl\":\"https:\\\/\\\/secure.gravatar.com\\\/avatar\\\/bab33852abfd8b282518d6ed81826833d77c3c882d9ab608add591ccace47a44?s=96&d=mm&r=g\",\"caption\":\"Kuzeyin Sesi\"},\"sameAs\":[\"https:\\\/\\\/kuzeyinsesi.org\"],\"url\":\"https:\\\/\\\/kuzeyinsesi.org\\\/index.php\\\/author\\\/guven\\\/\"}]}<\/script>\n<!-- \/ Yoast SEO plugin. -->","yoast_head_json":{"title":"Afganistan&#039;da 6 b\u00fcy\u00fckl\u00fc\u011f\u00fcnde deprem: 800&#039;den fazla ki\u015fi ya\u015fam\u0131n\u0131 yitirdi - Kuzeyin Sesi","robots":{"index":"index","follow":"follow","max-snippet":"max-snippet:-1","max-image-preview":"max-image-preview:large","max-video-preview":"max-video-preview:-1"},"canonical":"https:\/\/kuzeyinsesi.org\/index.php\/2025\/09\/01\/afganistanda-6-buyuklugunde-deprem-800den-fazla-kisi-yasamini-yitirdi\/","og_locale":"tr_TR","og_type":"article","og_title":"Afganistan&#039;da 6 b\u00fcy\u00fckl\u00fc\u011f\u00fcnde deprem: 800&#039;den fazla ki\u015fi ya\u015fam\u0131n\u0131 yitirdi - Kuzeyin Sesi","og_description":"&#13; Afganistan ge\u00e7ici h\u00fck\u00fcmeti S\u00f6zc\u00fcs\u00fc Zabihullah M\u00fccahid, ABD merkezli X \u015firketinin sosyal medya platformundaki hesab\u0131ndan yapt\u0131\u011f\u0131 a\u00e7\u0131klamada, &#8220;Ne yaz\u0131k ki bug\u00fcnk\u00fc deprem, do\u011fu vilayetlerinde can ve mal kay\u0131plar\u0131na yol a\u00e7m\u0131\u015ft\u0131r.&#8221; ifadesini kulland\u0131. &#13; Yerel yetkililer ve b\u00f6lge sakinlerinin kurtarma \u00e7al\u0131\u015fmalar\u0131na kat\u0131ld\u0131\u011f\u0131n\u0131 aktaran M\u00fccahid, merkezi y\u00f6netim ve \u00e7evre vilayetlerden ekiplerin de b\u00f6lgeye do\u011fru yola \u00e7\u0131kt\u0131\u011f\u0131n\u0131 kaydetti. [&hellip;]","og_url":"https:\/\/kuzeyinsesi.org\/index.php\/2025\/09\/01\/afganistanda-6-buyuklugunde-deprem-800den-fazla-kisi-yasamini-yitirdi\/","og_site_name":"Kuzeyin Sesi","article_publisher":"https:\/\/www.facebook.com\/kuzeyinsesii","article_published_time":"2025-09-01T18:29:23+00:00","og_image":[{"url":"https:\/\/trthaberstatic.cdn.wp.trt.com.tr\/resimler\/2392000\/afganistan-deprem-2393734.jpg","type":"","width":"","height":""}],"author":"Kuzeyin Sesi","twitter_card":"summary_large_image","twitter_creator":"@kuzeyinsesii","twitter_site":"@kuzeyinsesii","twitter_misc":{"Yazan:":"Kuzeyin Sesi","Tahmini okuma s\u00fcresi":"1 dakika"},"schema":{"@context":"https:\/\/schema.org","@graph":[{"@type":"Article","@id":"https:\/\/kuzeyinsesi.org\/index.php\/2025\/09\/01\/afganistanda-6-buyuklugunde-deprem-800den-fazla-kisi-yasamini-yitirdi\/#article","isPartOf":{"@id":"https:\/\/kuzeyinsesi.org\/index.php\/2025\/09\/01\/afganistanda-6-buyuklugunde-deprem-800den-fazla-kisi-yasamini-yitirdi\/"},"author":{"name":"Kuzeyin Sesi","@id":"https:\/\/kuzeyinsesi.org\/#\/schema\/person\/9f859689cdf01485597712386e37f5aa"},"headline":"Afganistan&#039;da 6 b\u00fcy\u00fckl\u00fc\u011f\u00fcnde deprem: 800&#039;den fazla ki\u015fi ya\u015fam\u0131n\u0131 yitirdi","datePublished":"2025-09-01T18:29:23+00:00","mainEntityOfPage":{"@id":"https:\/\/kuzeyinsesi.org\/index.php\/2025\/09\/01\/afganistanda-6-buyuklugunde-deprem-800den-fazla-kisi-yasamini-yitirdi\/"},"wordCount":273,"commentCount":0,"image":{"@id":"https:\/\/kuzeyinsesi.org\/index.php\/2025\/09\/01\/afganistanda-6-buyuklugunde-deprem-800den-fazla-kisi-yasamini-yitirdi\/#primaryimage"},"thumbnailUrl":"https:\/\/kuzeyinsesi.org\/wp-content\/uploads\/2025\/09\/afganistan-deprem-2393734.jpg","articleSection":["D\u00fcnya"],"inLanguage":"tr","potentialAction":[{"@type":"CommentAction","name":"Comment","target":["https:\/\/kuzeyinsesi.org\/index.php\/2025\/09\/01\/afganistanda-6-buyuklugunde-deprem-800den-fazla-kisi-yasamini-yitirdi\/#respond"]}]},{"@type":"WebPage","@id":"https:\/\/kuzeyinsesi.org\/index.php\/2025\/09\/01\/afganistanda-6-buyuklugunde-deprem-800den-fazla-kisi-yasamini-yitirdi\/","url":"https:\/\/kuzeyinsesi.org\/index.php\/2025\/09\/01\/afganistanda-6-buyuklugunde-deprem-800den-fazla-kisi-yasamini-yitirdi\/","name":"Afganistan&#039;da 6 b\u00fcy\u00fckl\u00fc\u011f\u00fcnde deprem: 800&#039;den fazla ki\u015fi ya\u015fam\u0131n\u0131 yitirdi - Kuzeyin Sesi","isPartOf":{"@id":"https:\/\/kuzeyinsesi.org\/#website"},"primaryImageOfPage":{"@id":"https:\/\/kuzeyinsesi.org\/index.php\/2025\/09\/01\/afganistanda-6-buyuklugunde-deprem-800den-fazla-kisi-yasamini-yitirdi\/#primaryimage"},"image":{"@id":"https:\/\/kuzeyinsesi.org\/index.php\/2025\/09\/01\/afganistanda-6-buyuklugunde-deprem-800den-fazla-kisi-yasamini-yitirdi\/#primaryimage"},"thumbnailUrl":"https:\/\/kuzeyinsesi.org\/wp-content\/uploads\/2025\/09\/afganistan-deprem-2393734.jpg","datePublished":"2025-09-01T18:29:23+00:00","author":{"@id":"https:\/\/kuzeyinsesi.org\/#\/schema\/person\/9f859689cdf01485597712386e37f5aa"},"breadcrumb":{"@id":"https:\/\/kuzeyinsesi.org\/index.php\/2025\/09\/01\/afganistanda-6-buyuklugunde-deprem-800den-fazla-kisi-yasamini-yitirdi\/#breadcrumb"},"inLanguage":"tr","potentialAction":[{"@type":"ReadAction","target":["https:\/\/kuzeyinsesi.org\/index.php\/2025\/09\/01\/afganistanda-6-buyuklugunde-deprem-800den-fazla-kisi-yasamini-yitirdi\/"]}]},{"@type":"ImageObject","inLanguage":"tr","@id":"https:\/\/kuzeyinsesi.org\/index.php\/2025\/09\/01\/afganistanda-6-buyuklugunde-deprem-800den-fazla-kisi-yasamini-yitirdi\/#primaryimage","url":"https:\/\/kuzeyinsesi.org\/wp-content\/uploads\/2025\/09\/afganistan-deprem-2393734.jpg","contentUrl":"https:\/\/kuzeyinsesi.org\/wp-content\/uploads\/2025\/09\/afganistan-deprem-2393734.jpg","width":1280,"height":720},{"@type":"BreadcrumbList","@id":"https:\/\/kuzeyinsesi.org\/index.php\/2025\/09\/01\/afganistanda-6-buyuklugunde-deprem-800den-fazla-kisi-yasamini-yitirdi\/#breadcrumb","itemListElement":[{"@type":"ListItem","position":1,"name":"Anasayfa","item":"https:\/\/kuzeyinsesi.org\/"},{"@type":"ListItem","position":2,"name":"Afganistan&#039;da 6 b\u00fcy\u00fckl\u00fc\u011f\u00fcnde deprem: 800&#039;den fazla ki\u015fi ya\u015fam\u0131n\u0131 yitirdi"}]},{"@type":"WebSite","@id":"https:\/\/kuzeyinsesi.org\/#website","url":"https:\/\/kuzeyinsesi.org\/","name":"Kuzeyin Sesi","description":"Do\u011fru Haberin Adresi","potentialAction":[{"@type":"SearchAction","target":{"@type":"EntryPoint","urlTemplate":"https:\/\/kuzeyinsesi.org\/?s={search_term_string}"},"query-input":{"@type":"PropertyValueSpecification","valueRequired":true,"valueName":"search_term_string"}}],"inLanguage":"tr"},{"@type":"Person","@id":"https:\/\/kuzeyinsesi.org\/#\/schema\/person\/9f859689cdf01485597712386e37f5aa","name":"Kuzeyin Sesi","image":{"@type":"ImageObject","inLanguage":"tr","@id":"https:\/\/secure.gravatar.com\/avatar\/bab33852abfd8b282518d6ed81826833d77c3c882d9ab608add591ccace47a44?s=96&d=mm&r=g","url":"https:\/\/secure.gravatar.com\/avatar\/bab33852abfd8b282518d6ed81826833d77c3c882d9ab608add591ccace47a44?s=96&d=mm&r=g","contentUrl":"https:\/\/secure.gravatar.com\/avatar\/bab33852abfd8b282518d6ed81826833d77c3c882d9ab608add591ccace47a44?s=96&d=mm&r=g","caption":"Kuzeyin Sesi"},"sameAs":["https:\/\/kuzeyinsesi.org"],"url":"https:\/\/kuzeyinsesi.org\/index.php\/author\/guven\/"}]}},"_links":{"self":[{"href":"https:\/\/kuzeyinsesi.org\/index.php\/wp-json\/wp\/v2\/posts\/31029","targetHints":{"allow":["GET"]}}],"collection":[{"href":"https:\/\/kuzeyinsesi.org\/index.php\/wp-json\/wp\/v2\/posts"}],"about":[{"href":"https:\/\/kuzeyinsesi.org\/index.php\/wp-json\/wp\/v2\/types\/post"}],"author":[{"embeddable":true,"href":"https:\/\/kuzeyinsesi.org\/index.php\/wp-json\/wp\/v2\/users\/1"}],"replies":[{"embeddable":true,"href":"https:\/\/kuzeyinsesi.org\/index.php\/wp-json\/wp\/v2\/comments?post=31029"}],"version-history":[{"count":0,"href":"https:\/\/kuzeyinsesi.org\/index.php\/wp-json\/wp\/v2\/posts\/31029\/revisions"}],"wp:featuredmedia":[{"embeddable":true,"href":"https:\/\/kuzeyinsesi.org\/index.php\/wp-json\/wp\/v2\/media\/31030"}],"wp:attachment":[{"href":"https:\/\/kuzeyinsesi.org\/index.php\/wp-json\/wp\/v2\/media?parent=31029"}],"wp:term":[{"taxonomy":"category","embeddable":true,"href":"https:\/\/kuzeyinsesi.org\/index.php\/wp-json\/wp\/v2\/categories?post=31029"},{"taxonomy":"post_tag","embeddable":true,"href":"https:\/\/kuzeyinsesi.org\/index.php\/wp-json\/wp\/v2\/tags?post=31029"}],"curies":[{"name":"wp","href":"https:\/\/api.w.org\/{rel}","templated":true}]}}