{"id":31027,"date":"2025-09-01T20:58:27","date_gmt":"2025-09-01T17:58:27","guid":{"rendered":"https:\/\/kuzeyinsesi.org\/index.php\/2025\/09\/01\/ingiltere-siginmacilarin-aile-birlesimi-basvurularini-askiya-alacak\/"},"modified":"2025-09-01T20:58:27","modified_gmt":"2025-09-01T17:58:27","slug":"ingiltere-siginmacilarin-aile-birlesimi-basvurularini-askiya-alacak","status":"publish","type":"post","link":"https:\/\/kuzeyinsesi.org\/index.php\/2025\/09\/01\/ingiltere-siginmacilarin-aile-birlesimi-basvurularini-askiya-alacak\/","title":{"rendered":"\u0130ngiltere, s\u0131\u011f\u0131nmac\u0131lar\u0131n aile birle\u015fimi ba\u015fvurular\u0131n\u0131 ask\u0131ya alacak"},"content":{"rendered":"<p><\/p>\n<div>\n<p>&#13;<br \/>\n\tCooper, <a href=\"https:\/\/www.trthaber.com\/etiket\/ingiltere\/\" target=\"_blank\">\u0130ngiltere<\/a> Parlamentosunda s\u0131n\u0131rlar ve <a href=\"https:\/\/www.trthaber.com\/etiket\/goc\/\" target=\"_blank\">g\u00f6\u00e7<\/a> konusunda milletvekillerini bilgilendirdi\u011fi konu\u015fmas\u0131nda bu alanda \u00f6nemli reformlar yapmaya ihtiya\u00e7 oldu\u011funu s\u00f6yledi.<\/p>\n<p>&#13;<br \/>\n\tH\u00fck\u00fcmetin g\u00f6reve geldi\u011fi Temmuz 2024&#8217;te \u0130ngiliz g\u00f6\u00e7menlik sisteminin kaos halinde oldu\u011funu belirten Cooper, o tarihten bu yana yabanc\u0131 su\u00e7lular\u0131n \u00fclkelerine iade oran\u0131n\u0131n y\u00fczde 14 artt\u0131\u011f\u0131n\u0131 aktard\u0131.<\/p>\n<p>&#13;<br \/>\n\tCooper, Fransa&#8217;yla yap\u0131lan d\u00fczensiz g\u00f6\u00e7menlerin iadesi anla\u015fmas\u0131 kapsam\u0131nda ilk g\u00f6\u00e7menlerin bu ay g\u00f6nderilece\u011fini vurgularken, \u0130ngiliz iltica sisteminin eski ve adaletsiz oldu\u011funa i\u015faret etti.<\/p>\n<p>&#13;<br \/>\n\tS\u0131\u011f\u0131nma sistemini modernize etme ve s\u0131n\u0131r g\u00fcvenli\u011fini art\u0131rmak i\u00e7in daha radikal ad\u0131mlar at\u0131laca\u011f\u0131n\u0131 anlatan Cooper, &#8220;Bunlar\u0131n merkezinde itiraz sisteminin tamamen elden ge\u00e7irilmesi olacak. Bakanl\u0131kta kurulacak yeni ve ba\u011f\u0131ms\u0131z bir kurum g\u00f6\u00e7 ve s\u0131\u011f\u0131nma itirazlar\u0131yla ilgilenecek.&#8221; dedi.<\/p>\n<p>&#13;<br \/>\n\tCooper, Avrupa <a href=\"https:\/\/www.trthaber.com\/etiket\/insan-haklari\/\" target=\"_blank\">\u0130nsan Haklar\u0131<\/a> Mahkemesi (A\u0130HM) kararlar\u0131n\u0131n \u0130ngiltere&#8217;de nas\u0131l yorumlanmas\u0131 gerekti\u011fiyle ilgili de bir reform yap\u0131laca\u011f\u0131n\u0131 anlatarak, &#8220;Ba\u015fvurular\u0131 ele alan sistemi h\u0131zland\u0131racak, s\u0131\u011f\u0131nmac\u0131 say\u0131s\u0131n\u0131 azaltarak yerle\u015ftirdi\u011fimiz otellerin kullan\u0131m\u0131na son verecek, ger\u00e7ek s\u0131\u011f\u0131nmac\u0131lar i\u00e7in kontrol edilen ve y\u00f6netilen bir yol olu\u015fturaca\u011f\u0131z.&#8221; diye konu\u015ftu.<\/p>\n<p>&#13;<br \/>\n\tTemmuz 2024&#8217;ten bu yana 35 bin ki\u015fiyi s\u0131n\u0131r d\u0131\u015f\u0131 ettiklerini hat\u0131rlatan Cooper, bir s\u0131\u011f\u0131nmac\u0131 ba\u015fvurusunun ortalama 54 haftada ele al\u0131nd\u0131\u011f\u0131n\u0131, yeni <a href=\"https:\/\/www.trthaber.com\/etiket\/sinir-guvenligi\/\" target=\"_blank\">S\u0131n\u0131r G\u00fcvenli\u011fi<\/a> Yasa Tasar\u0131s\u0131n\u0131n bu s\u00fcreyi 24 haftayla s\u0131n\u0131rlayaca\u011f\u0131n\u0131 s\u00f6yledi.<\/p>\n<h2>&#13;<br \/>\n\tS\u0131\u011f\u0131nmac\u0131lar\u0131n <a href=\"https:\/\/www.trthaber.com\/etiket\/aile\/\" target=\"_blank\">aile<\/a> birle\u015fimi ge\u00e7ici olarak ask\u0131ya al\u0131nacak<\/h2>\n<p>&#13;<br \/>\n\tCooper, s\u0131\u011f\u0131nmac\u0131lara y\u00f6nelik aile birle\u015fimi uygulamas\u0131nda da reforma gidildi\u011fini anlatarak, \u015funlar\u0131 s\u00f6yledi:<\/p>\n<p>&#13;<br \/>\n\t&#8220;Bu uygulama, <a href=\"https:\/\/www.trthaber.com\/etiket\/savas\/\" target=\"_blank\">sava\u015f<\/a> ve bask\u0131lar\u0131n ay\u0131rd\u0131\u011f\u0131 aileleri birle\u015ftirmek i\u00e7in geli\u015ftirildi. Pandemiden \u00f6nce ailelerini \u0130ngiltere&#8217;ye getirmek isteyen s\u0131\u011f\u0131nmac\u0131lar 1-2 y\u0131l sonra, i\u015f ve ev bulacak kadar zaman ge\u00e7irdikten sonra bu hakka kavu\u015fuyordu. \u015eu an s\u0131\u011f\u0131nma talepleri kabul edildikten bir ay sonra bu hakka kavu\u015fuyorlar. Hatta onlara ge\u00e7ici olarak sa\u011flanan konaklama mekan\u0131ndan ayr\u0131lmadan kavu\u015fuyorlar. Bu nedenle s\u0131\u011f\u0131nmac\u0131 aileleri evsizlik desteklerine ba\u015fvuruyor. Baz\u0131 belediyelerde evsizlik yard\u0131m\u0131na ba\u015fvuranlar\u0131n d\u00f6rtte birini s\u0131\u011f\u0131nmac\u0131 aileleri olu\u015fturuyor. Bu s\u00fcrd\u00fcr\u00fclemez.&#8221;<\/p>\n<p>&#13;<br \/>\n\tYasal yollarla \u0130ngiltere&#8217;ye g\u00f6\u00e7 edenlerin ailelerinden istenen sponsorluk \u015fart\u0131n\u0131n bu ki\u015filerde aranmamas\u0131n\u0131n adil olmad\u0131\u011f\u0131n\u0131n alt\u0131n\u0131 \u00e7izen Cooper, bu durumun insan ka\u00e7ak\u00e7\u0131lar\u0131 taraf\u0131ndan da kullan\u0131ld\u0131\u011f\u0131n\u0131 kaydetti.<\/p>\n<p>&#13;<br \/>\n\tAile birle\u015fimini ge\u00e7ici olarak ask\u0131ya alacaklar\u0131n\u0131 duyuran Cooper, yeni kurallar a\u00e7\u0131klanana kadar di\u011fer yasal yollarda kullan\u0131lan aile birle\u015fimi yollar\u0131n\u0131n kullan\u0131laca\u011f\u0131n\u0131 ifade etti.<\/p>\n<h2>&#13;<br \/>\n\t\u00d6nceki h\u00fck\u00fcmeti su\u00e7lad\u0131<\/h2>\n<p>&#13;<br \/>\n\tD\u00fczensiz g\u00f6\u00e7menlerin yerle\u015ftirildi\u011fi otellerdeki \u015fartlar\u0131n de\u011fi\u015fece\u011fini ve odalarda kalan g\u00f6\u00e7men say\u0131s\u0131n\u0131n art\u0131r\u0131laca\u011f\u0131n\u0131 s\u00f6yleyen Cooper, bu \u015fekilde tasarruf edilece\u011fini bildirdi.<\/p>\n<p>&#13;<br \/>\n\tCooper, otellerin kapat\u0131lmas\u0131 gerekti\u011fini ve bu parlamento d\u00f6neminde bunu ger\u00e7ekle\u015ftirmek i\u00e7in \u00e7al\u0131\u015ft\u0131klar\u0131n\u0131 da aktard\u0131.<\/p>\n<p>&#13;<br \/>\n\tGazze&#8217;ye y\u00f6nelik ad\u0131mlardan da s\u00f6z eden Cooper, &#8220;Gazze&#8217;deki sivillere y\u00f6nelik korkun\u00e7 sald\u0131r\u0131larda yaralanan \u00e7ocuklar i\u00e7in de acil ad\u0131mlar at\u0131yoruz. Gerekli tedaviyi burada g\u00f6rebilecekler.&#8221; dedi.<\/p>\n<p>&#13;<br \/>\n\tBu \u00e7ocuklara ve ailelerine y\u00f6nelik h\u0131zl\u0131 <a href=\"https:\/\/www.trthaber.com\/etiket\/vize\/\" target=\"_blank\">vize<\/a> uygulamas\u0131n\u0131n y\u00fcr\u00fcrl\u00fc\u011fe kondu\u011funu kaydeden Cooper, \u0130ngiltere&#8217;de y\u00fcksek <a href=\"https:\/\/www.trthaber.com\/etiket\/egitim\/\" target=\"_blank\">e\u011fitim<\/a> i\u00e7in Chevening Bursu kazanan \u00f6\u011frencilerin de ayn\u0131 uygulamadan yararlanaca\u011f\u0131n\u0131 vurgulad\u0131.<\/p>\n<p>&#13;<br \/>\n\tCooper, \u00e7at\u0131\u015fma b\u00f6lgelerindeki \u00f6\u011frencilere y\u00f6nelik yeni bir uygulamay\u0131 da hayata ge\u00e7ireceklerini belirtti.<\/p>\n<p>&#13;<br \/>\n\t\u00d6nceki h\u00fck\u00fcmeti s\u0131\u011f\u0131nmac\u0131lar\u0131 s\u0131n\u0131r d\u0131\u015f\u0131 etmemek ve yaln\u0131zca 4 g\u00f6n\u00fcll\u00fcy\u00fc s\u0131n\u0131r d\u0131\u015f\u0131 etmek i\u00e7in Ruanda&#8217;ya 700 milyon sterlin \u00f6demekle su\u00e7layan Cooper, cinsel istismar su\u00e7lular\u0131n\u0131n iltica sisteminin d\u0131\u015f\u0131na \u00e7\u0131kar\u0131lmas\u0131 gerekti\u011finin de alt\u0131n\u0131 \u00e7izdi.<\/p>\n<\/p><\/div>\n","protected":false},"excerpt":{"rendered":"<p>&#13; Cooper, \u0130ngiltere Parlamentosunda s\u0131n\u0131rlar ve g\u00f6\u00e7 konusunda milletvekillerini bilgilendirdi\u011fi konu\u015fmas\u0131nda bu alanda \u00f6nemli reformlar yapmaya ihtiya\u00e7 oldu\u011funu s\u00f6yledi. &#13; H\u00fck\u00fcmetin g\u00f6reve geldi\u011fi Temmuz 2024&#8217;te \u0130ngiliz g\u00f6\u00e7menlik sisteminin kaos halinde oldu\u011funu belirten Cooper, o tarihten bu yana yabanc\u0131 su\u00e7lular\u0131n \u00fclkelerine iade oran\u0131n\u0131n y\u00fczde 14 artt\u0131\u011f\u0131n\u0131 aktard\u0131. &#13; Cooper, Fransa&#8217;yla yap\u0131lan d\u00fczensiz g\u00f6\u00e7menlerin iadesi anla\u015fmas\u0131 kapsam\u0131nda [&hellip;]<\/p>\n","protected":false},"author":1,"featured_media":31028,"comment_status":"open","ping_status":"open","sticky":false,"template":"","format":"standard","meta":{"jnews-multi-image_gallery":[],"jnews_single_post":[],"jnews_primary_category":[],"jnews_social_meta":[],"jnews_override_counter":[],"footnotes":""},"categories":[2],"tags":[],"class_list":["post-31027","post","type-post","status-publish","format-standard","has-post-thumbnail","hentry","category-dunya"],"yoast_head":"<!-- This site is optimized with the Yoast SEO plugin v28.4 - https:\/\/yoast.com\/product\/yoast-seo-wordpress\/ -->\n<title>\u0130ngiltere, s\u0131\u011f\u0131nmac\u0131lar\u0131n aile birle\u015fimi ba\u015fvurular\u0131n\u0131 ask\u0131ya alacak - Kuzeyin Sesi<\/title>\n<meta name=\"robots\" content=\"index, follow, max-snippet:-1, max-image-preview:large, max-video-preview:-1\" \/>\n<link rel=\"canonical\" href=\"https:\/\/kuzeyinsesi.org\/index.php\/2025\/09\/01\/ingiltere-siginmacilarin-aile-birlesimi-basvurularini-askiya-alacak\/\" \/>\n<meta property=\"og:locale\" content=\"tr_TR\" \/>\n<meta property=\"og:type\" content=\"article\" \/>\n<meta property=\"og:title\" content=\"\u0130ngiltere, s\u0131\u011f\u0131nmac\u0131lar\u0131n aile birle\u015fimi ba\u015fvurular\u0131n\u0131 ask\u0131ya alacak - Kuzeyin Sesi\" \/>\n<meta property=\"og:description\" content=\"&#013; Cooper, \u0130ngiltere Parlamentosunda s\u0131n\u0131rlar ve g\u00f6\u00e7 konusunda milletvekillerini bilgilendirdi\u011fi konu\u015fmas\u0131nda bu alanda \u00f6nemli reformlar yapmaya ihtiya\u00e7 oldu\u011funu s\u00f6yledi. &#013; H\u00fck\u00fcmetin g\u00f6reve geldi\u011fi Temmuz 2024&#8217;te \u0130ngiliz g\u00f6\u00e7menlik sisteminin kaos halinde oldu\u011funu belirten Cooper, o tarihten bu yana yabanc\u0131 su\u00e7lular\u0131n \u00fclkelerine iade oran\u0131n\u0131n y\u00fczde 14 artt\u0131\u011f\u0131n\u0131 aktard\u0131. &#013; Cooper, Fransa&#8217;yla yap\u0131lan d\u00fczensiz g\u00f6\u00e7menlerin iadesi anla\u015fmas\u0131 kapsam\u0131nda [&hellip;]\" \/>\n<meta property=\"og:url\" content=\"https:\/\/kuzeyinsesi.org\/index.php\/2025\/09\/01\/ingiltere-siginmacilarin-aile-birlesimi-basvurularini-askiya-alacak\/\" \/>\n<meta property=\"og:site_name\" content=\"Kuzeyin Sesi\" \/>\n<meta property=\"article:publisher\" content=\"https:\/\/www.facebook.com\/kuzeyinsesii\" \/>\n<meta property=\"article:published_time\" content=\"2025-09-01T17:58:27+00:00\" \/>\n<meta property=\"og:image\" content=\"https:\/\/trthaberstatic.cdn.wp.trt.com.tr\/resimler\/1964000\/londra-reu-1964650.jpg\" \/>\n<meta name=\"author\" content=\"Kuzeyin Sesi\" \/>\n<meta name=\"twitter:card\" content=\"summary_large_image\" \/>\n<meta name=\"twitter:creator\" content=\"@kuzeyinsesii\" \/>\n<meta name=\"twitter:site\" content=\"@kuzeyinsesii\" \/>\n<meta name=\"twitter:label1\" content=\"Yazan:\" \/>\n\t<meta name=\"twitter:data1\" content=\"Kuzeyin Sesi\" \/>\n\t<meta name=\"twitter:label2\" content=\"Tahmini okuma s\u00fcresi\" \/>\n\t<meta name=\"twitter:data2\" content=\"3 dakika\" \/>\n<script type=\"application\/ld+json\" class=\"yoast-schema-graph\">{\"@context\":\"https:\\\/\\\/schema.org\",\"@graph\":[{\"@type\":\"Article\",\"@id\":\"https:\\\/\\\/kuzeyinsesi.org\\\/index.php\\\/2025\\\/09\\\/01\\\/ingiltere-siginmacilarin-aile-birlesimi-basvurularini-askiya-alacak\\\/#article\",\"isPartOf\":{\"@id\":\"https:\\\/\\\/kuzeyinsesi.org\\\/index.php\\\/2025\\\/09\\\/01\\\/ingiltere-siginmacilarin-aile-birlesimi-basvurularini-askiya-alacak\\\/\"},\"author\":{\"name\":\"Kuzeyin Sesi\",\"@id\":\"https:\\\/\\\/kuzeyinsesi.org\\\/#\\\/schema\\\/person\\\/9f859689cdf01485597712386e37f5aa\"},\"headline\":\"\u0130ngiltere, s\u0131\u011f\u0131nmac\u0131lar\u0131n aile birle\u015fimi ba\u015fvurular\u0131n\u0131 ask\u0131ya alacak\",\"datePublished\":\"2025-09-01T17:58:27+00:00\",\"mainEntityOfPage\":{\"@id\":\"https:\\\/\\\/kuzeyinsesi.org\\\/index.php\\\/2025\\\/09\\\/01\\\/ingiltere-siginmacilarin-aile-birlesimi-basvurularini-askiya-alacak\\\/\"},\"wordCount\":694,\"commentCount\":0,\"image\":{\"@id\":\"https:\\\/\\\/kuzeyinsesi.org\\\/index.php\\\/2025\\\/09\\\/01\\\/ingiltere-siginmacilarin-aile-birlesimi-basvurularini-askiya-alacak\\\/#primaryimage\"},\"thumbnailUrl\":\"https:\\\/\\\/kuzeyinsesi.org\\\/wp-content\\\/uploads\\\/2025\\\/09\\\/londra-reu-1964650.jpg\",\"articleSection\":[\"D\u00fcnya\"],\"inLanguage\":\"tr\",\"potentialAction\":[{\"@type\":\"CommentAction\",\"name\":\"Comment\",\"target\":[\"https:\\\/\\\/kuzeyinsesi.org\\\/index.php\\\/2025\\\/09\\\/01\\\/ingiltere-siginmacilarin-aile-birlesimi-basvurularini-askiya-alacak\\\/#respond\"]}]},{\"@type\":\"WebPage\",\"@id\":\"https:\\\/\\\/kuzeyinsesi.org\\\/index.php\\\/2025\\\/09\\\/01\\\/ingiltere-siginmacilarin-aile-birlesimi-basvurularini-askiya-alacak\\\/\",\"url\":\"https:\\\/\\\/kuzeyinsesi.org\\\/index.php\\\/2025\\\/09\\\/01\\\/ingiltere-siginmacilarin-aile-birlesimi-basvurularini-askiya-alacak\\\/\",\"name\":\"\u0130ngiltere, s\u0131\u011f\u0131nmac\u0131lar\u0131n aile birle\u015fimi ba\u015fvurular\u0131n\u0131 ask\u0131ya alacak - Kuzeyin Sesi\",\"isPartOf\":{\"@id\":\"https:\\\/\\\/kuzeyinsesi.org\\\/#website\"},\"primaryImageOfPage\":{\"@id\":\"https:\\\/\\\/kuzeyinsesi.org\\\/index.php\\\/2025\\\/09\\\/01\\\/ingiltere-siginmacilarin-aile-birlesimi-basvurularini-askiya-alacak\\\/#primaryimage\"},\"image\":{\"@id\":\"https:\\\/\\\/kuzeyinsesi.org\\\/index.php\\\/2025\\\/09\\\/01\\\/ingiltere-siginmacilarin-aile-birlesimi-basvurularini-askiya-alacak\\\/#primaryimage\"},\"thumbnailUrl\":\"https:\\\/\\\/kuzeyinsesi.org\\\/wp-content\\\/uploads\\\/2025\\\/09\\\/londra-reu-1964650.jpg\",\"datePublished\":\"2025-09-01T17:58:27+00:00\",\"author\":{\"@id\":\"https:\\\/\\\/kuzeyinsesi.org\\\/#\\\/schema\\\/person\\\/9f859689cdf01485597712386e37f5aa\"},\"breadcrumb\":{\"@id\":\"https:\\\/\\\/kuzeyinsesi.org\\\/index.php\\\/2025\\\/09\\\/01\\\/ingiltere-siginmacilarin-aile-birlesimi-basvurularini-askiya-alacak\\\/#breadcrumb\"},\"inLanguage\":\"tr\",\"potentialAction\":[{\"@type\":\"ReadAction\",\"target\":[\"https:\\\/\\\/kuzeyinsesi.org\\\/index.php\\\/2025\\\/09\\\/01\\\/ingiltere-siginmacilarin-aile-birlesimi-basvurularini-askiya-alacak\\\/\"]}]},{\"@type\":\"ImageObject\",\"inLanguage\":\"tr\",\"@id\":\"https:\\\/\\\/kuzeyinsesi.org\\\/index.php\\\/2025\\\/09\\\/01\\\/ingiltere-siginmacilarin-aile-birlesimi-basvurularini-askiya-alacak\\\/#primaryimage\",\"url\":\"https:\\\/\\\/kuzeyinsesi.org\\\/wp-content\\\/uploads\\\/2025\\\/09\\\/londra-reu-1964650.jpg\",\"contentUrl\":\"https:\\\/\\\/kuzeyinsesi.org\\\/wp-content\\\/uploads\\\/2025\\\/09\\\/londra-reu-1964650.jpg\",\"width\":1280,\"height\":720},{\"@type\":\"BreadcrumbList\",\"@id\":\"https:\\\/\\\/kuzeyinsesi.org\\\/index.php\\\/2025\\\/09\\\/01\\\/ingiltere-siginmacilarin-aile-birlesimi-basvurularini-askiya-alacak\\\/#breadcrumb\",\"itemListElement\":[{\"@type\":\"ListItem\",\"position\":1,\"name\":\"Anasayfa\",\"item\":\"https:\\\/\\\/kuzeyinsesi.org\\\/\"},{\"@type\":\"ListItem\",\"position\":2,\"name\":\"\u0130ngiltere, s\u0131\u011f\u0131nmac\u0131lar\u0131n aile birle\u015fimi ba\u015fvurular\u0131n\u0131 ask\u0131ya alacak\"}]},{\"@type\":\"WebSite\",\"@id\":\"https:\\\/\\\/kuzeyinsesi.org\\\/#website\",\"url\":\"https:\\\/\\\/kuzeyinsesi.org\\\/\",\"name\":\"Kuzeyin Sesi\",\"description\":\"Do\u011fru Haberin Adresi\",\"potentialAction\":[{\"@type\":\"SearchAction\",\"target\":{\"@type\":\"EntryPoint\",\"urlTemplate\":\"https:\\\/\\\/kuzeyinsesi.org\\\/?s={search_term_string}\"},\"query-input\":{\"@type\":\"PropertyValueSpecification\",\"valueRequired\":true,\"valueName\":\"search_term_string\"}}],\"inLanguage\":\"tr\"},{\"@type\":\"Person\",\"@id\":\"https:\\\/\\\/kuzeyinsesi.org\\\/#\\\/schema\\\/person\\\/9f859689cdf01485597712386e37f5aa\",\"name\":\"Kuzeyin Sesi\",\"image\":{\"@type\":\"ImageObject\",\"inLanguage\":\"tr\",\"@id\":\"https:\\\/\\\/secure.gravatar.com\\\/avatar\\\/bab33852abfd8b282518d6ed81826833d77c3c882d9ab608add591ccace47a44?s=96&d=mm&r=g\",\"url\":\"https:\\\/\\\/secure.gravatar.com\\\/avatar\\\/bab33852abfd8b282518d6ed81826833d77c3c882d9ab608add591ccace47a44?s=96&d=mm&r=g\",\"contentUrl\":\"https:\\\/\\\/secure.gravatar.com\\\/avatar\\\/bab33852abfd8b282518d6ed81826833d77c3c882d9ab608add591ccace47a44?s=96&d=mm&r=g\",\"caption\":\"Kuzeyin Sesi\"},\"sameAs\":[\"https:\\\/\\\/kuzeyinsesi.org\"],\"url\":\"https:\\\/\\\/kuzeyinsesi.org\\\/index.php\\\/author\\\/guven\\\/\"}]}<\/script>\n<!-- \/ Yoast SEO plugin. -->","yoast_head_json":{"title":"\u0130ngiltere, s\u0131\u011f\u0131nmac\u0131lar\u0131n aile birle\u015fimi ba\u015fvurular\u0131n\u0131 ask\u0131ya alacak - Kuzeyin Sesi","robots":{"index":"index","follow":"follow","max-snippet":"max-snippet:-1","max-image-preview":"max-image-preview:large","max-video-preview":"max-video-preview:-1"},"canonical":"https:\/\/kuzeyinsesi.org\/index.php\/2025\/09\/01\/ingiltere-siginmacilarin-aile-birlesimi-basvurularini-askiya-alacak\/","og_locale":"tr_TR","og_type":"article","og_title":"\u0130ngiltere, s\u0131\u011f\u0131nmac\u0131lar\u0131n aile birle\u015fimi ba\u015fvurular\u0131n\u0131 ask\u0131ya alacak - Kuzeyin Sesi","og_description":"&#13; Cooper, \u0130ngiltere Parlamentosunda s\u0131n\u0131rlar ve g\u00f6\u00e7 konusunda milletvekillerini bilgilendirdi\u011fi konu\u015fmas\u0131nda bu alanda \u00f6nemli reformlar yapmaya ihtiya\u00e7 oldu\u011funu s\u00f6yledi. &#13; H\u00fck\u00fcmetin g\u00f6reve geldi\u011fi Temmuz 2024&#8217;te \u0130ngiliz g\u00f6\u00e7menlik sisteminin kaos halinde oldu\u011funu belirten Cooper, o tarihten bu yana yabanc\u0131 su\u00e7lular\u0131n \u00fclkelerine iade oran\u0131n\u0131n y\u00fczde 14 artt\u0131\u011f\u0131n\u0131 aktard\u0131. &#13; Cooper, Fransa&#8217;yla yap\u0131lan d\u00fczensiz g\u00f6\u00e7menlerin iadesi anla\u015fmas\u0131 kapsam\u0131nda [&hellip;]","og_url":"https:\/\/kuzeyinsesi.org\/index.php\/2025\/09\/01\/ingiltere-siginmacilarin-aile-birlesimi-basvurularini-askiya-alacak\/","og_site_name":"Kuzeyin Sesi","article_publisher":"https:\/\/www.facebook.com\/kuzeyinsesii","article_published_time":"2025-09-01T17:58:27+00:00","og_image":[{"url":"https:\/\/trthaberstatic.cdn.wp.trt.com.tr\/resimler\/1964000\/londra-reu-1964650.jpg","type":"","width":"","height":""}],"author":"Kuzeyin Sesi","twitter_card":"summary_large_image","twitter_creator":"@kuzeyinsesii","twitter_site":"@kuzeyinsesii","twitter_misc":{"Yazan:":"Kuzeyin Sesi","Tahmini okuma s\u00fcresi":"3 dakika"},"schema":{"@context":"https:\/\/schema.org","@graph":[{"@type":"Article","@id":"https:\/\/kuzeyinsesi.org\/index.php\/2025\/09\/01\/ingiltere-siginmacilarin-aile-birlesimi-basvurularini-askiya-alacak\/#article","isPartOf":{"@id":"https:\/\/kuzeyinsesi.org\/index.php\/2025\/09\/01\/ingiltere-siginmacilarin-aile-birlesimi-basvurularini-askiya-alacak\/"},"author":{"name":"Kuzeyin Sesi","@id":"https:\/\/kuzeyinsesi.org\/#\/schema\/person\/9f859689cdf01485597712386e37f5aa"},"headline":"\u0130ngiltere, s\u0131\u011f\u0131nmac\u0131lar\u0131n aile birle\u015fimi ba\u015fvurular\u0131n\u0131 ask\u0131ya alacak","datePublished":"2025-09-01T17:58:27+00:00","mainEntityOfPage":{"@id":"https:\/\/kuzeyinsesi.org\/index.php\/2025\/09\/01\/ingiltere-siginmacilarin-aile-birlesimi-basvurularini-askiya-alacak\/"},"wordCount":694,"commentCount":0,"image":{"@id":"https:\/\/kuzeyinsesi.org\/index.php\/2025\/09\/01\/ingiltere-siginmacilarin-aile-birlesimi-basvurularini-askiya-alacak\/#primaryimage"},"thumbnailUrl":"https:\/\/kuzeyinsesi.org\/wp-content\/uploads\/2025\/09\/londra-reu-1964650.jpg","articleSection":["D\u00fcnya"],"inLanguage":"tr","potentialAction":[{"@type":"CommentAction","name":"Comment","target":["https:\/\/kuzeyinsesi.org\/index.php\/2025\/09\/01\/ingiltere-siginmacilarin-aile-birlesimi-basvurularini-askiya-alacak\/#respond"]}]},{"@type":"WebPage","@id":"https:\/\/kuzeyinsesi.org\/index.php\/2025\/09\/01\/ingiltere-siginmacilarin-aile-birlesimi-basvurularini-askiya-alacak\/","url":"https:\/\/kuzeyinsesi.org\/index.php\/2025\/09\/01\/ingiltere-siginmacilarin-aile-birlesimi-basvurularini-askiya-alacak\/","name":"\u0130ngiltere, s\u0131\u011f\u0131nmac\u0131lar\u0131n aile birle\u015fimi ba\u015fvurular\u0131n\u0131 ask\u0131ya alacak - Kuzeyin Sesi","isPartOf":{"@id":"https:\/\/kuzeyinsesi.org\/#website"},"primaryImageOfPage":{"@id":"https:\/\/kuzeyinsesi.org\/index.php\/2025\/09\/01\/ingiltere-siginmacilarin-aile-birlesimi-basvurularini-askiya-alacak\/#primaryimage"},"image":{"@id":"https:\/\/kuzeyinsesi.org\/index.php\/2025\/09\/01\/ingiltere-siginmacilarin-aile-birlesimi-basvurularini-askiya-alacak\/#primaryimage"},"thumbnailUrl":"https:\/\/kuzeyinsesi.org\/wp-content\/uploads\/2025\/09\/londra-reu-1964650.jpg","datePublished":"2025-09-01T17:58:27+00:00","author":{"@id":"https:\/\/kuzeyinsesi.org\/#\/schema\/person\/9f859689cdf01485597712386e37f5aa"},"breadcrumb":{"@id":"https:\/\/kuzeyinsesi.org\/index.php\/2025\/09\/01\/ingiltere-siginmacilarin-aile-birlesimi-basvurularini-askiya-alacak\/#breadcrumb"},"inLanguage":"tr","potentialAction":[{"@type":"ReadAction","target":["https:\/\/kuzeyinsesi.org\/index.php\/2025\/09\/01\/ingiltere-siginmacilarin-aile-birlesimi-basvurularini-askiya-alacak\/"]}]},{"@type":"ImageObject","inLanguage":"tr","@id":"https:\/\/kuzeyinsesi.org\/index.php\/2025\/09\/01\/ingiltere-siginmacilarin-aile-birlesimi-basvurularini-askiya-alacak\/#primaryimage","url":"https:\/\/kuzeyinsesi.org\/wp-content\/uploads\/2025\/09\/londra-reu-1964650.jpg","contentUrl":"https:\/\/kuzeyinsesi.org\/wp-content\/uploads\/2025\/09\/londra-reu-1964650.jpg","width":1280,"height":720},{"@type":"BreadcrumbList","@id":"https:\/\/kuzeyinsesi.org\/index.php\/2025\/09\/01\/ingiltere-siginmacilarin-aile-birlesimi-basvurularini-askiya-alacak\/#breadcrumb","itemListElement":[{"@type":"ListItem","position":1,"name":"Anasayfa","item":"https:\/\/kuzeyinsesi.org\/"},{"@type":"ListItem","position":2,"name":"\u0130ngiltere, s\u0131\u011f\u0131nmac\u0131lar\u0131n aile birle\u015fimi ba\u015fvurular\u0131n\u0131 ask\u0131ya alacak"}]},{"@type":"WebSite","@id":"https:\/\/kuzeyinsesi.org\/#website","url":"https:\/\/kuzeyinsesi.org\/","name":"Kuzeyin Sesi","description":"Do\u011fru Haberin Adresi","potentialAction":[{"@type":"SearchAction","target":{"@type":"EntryPoint","urlTemplate":"https:\/\/kuzeyinsesi.org\/?s={search_term_string}"},"query-input":{"@type":"PropertyValueSpecification","valueRequired":true,"valueName":"search_term_string"}}],"inLanguage":"tr"},{"@type":"Person","@id":"https:\/\/kuzeyinsesi.org\/#\/schema\/person\/9f859689cdf01485597712386e37f5aa","name":"Kuzeyin Sesi","image":{"@type":"ImageObject","inLanguage":"tr","@id":"https:\/\/secure.gravatar.com\/avatar\/bab33852abfd8b282518d6ed81826833d77c3c882d9ab608add591ccace47a44?s=96&d=mm&r=g","url":"https:\/\/secure.gravatar.com\/avatar\/bab33852abfd8b282518d6ed81826833d77c3c882d9ab608add591ccace47a44?s=96&d=mm&r=g","contentUrl":"https:\/\/secure.gravatar.com\/avatar\/bab33852abfd8b282518d6ed81826833d77c3c882d9ab608add591ccace47a44?s=96&d=mm&r=g","caption":"Kuzeyin Sesi"},"sameAs":["https:\/\/kuzeyinsesi.org"],"url":"https:\/\/kuzeyinsesi.org\/index.php\/author\/guven\/"}]}},"_links":{"self":[{"href":"https:\/\/kuzeyinsesi.org\/index.php\/wp-json\/wp\/v2\/posts\/31027","targetHints":{"allow":["GET"]}}],"collection":[{"href":"https:\/\/kuzeyinsesi.org\/index.php\/wp-json\/wp\/v2\/posts"}],"about":[{"href":"https:\/\/kuzeyinsesi.org\/index.php\/wp-json\/wp\/v2\/types\/post"}],"author":[{"embeddable":true,"href":"https:\/\/kuzeyinsesi.org\/index.php\/wp-json\/wp\/v2\/users\/1"}],"replies":[{"embeddable":true,"href":"https:\/\/kuzeyinsesi.org\/index.php\/wp-json\/wp\/v2\/comments?post=31027"}],"version-history":[{"count":0,"href":"https:\/\/kuzeyinsesi.org\/index.php\/wp-json\/wp\/v2\/posts\/31027\/revisions"}],"wp:featuredmedia":[{"embeddable":true,"href":"https:\/\/kuzeyinsesi.org\/index.php\/wp-json\/wp\/v2\/media\/31028"}],"wp:attachment":[{"href":"https:\/\/kuzeyinsesi.org\/index.php\/wp-json\/wp\/v2\/media?parent=31027"}],"wp:term":[{"taxonomy":"category","embeddable":true,"href":"https:\/\/kuzeyinsesi.org\/index.php\/wp-json\/wp\/v2\/categories?post=31027"},{"taxonomy":"post_tag","embeddable":true,"href":"https:\/\/kuzeyinsesi.org\/index.php\/wp-json\/wp\/v2\/tags?post=31027"}],"curies":[{"name":"wp","href":"https:\/\/api.w.org\/{rel}","templated":true}]}}