{"id":31024,"date":"2025-09-01T19:55:56","date_gmt":"2025-09-01T16:55:56","guid":{"rendered":"https:\/\/kuzeyinsesi.org\/index.php\/2025\/09\/01\/abdde-yargic-trump-yonetiminin-yaklasik-600-guatemalali-cocugu-sinir-disi-kararinin-yurutmesini-durdurdu\/"},"modified":"2025-09-01T19:55:56","modified_gmt":"2025-09-01T16:55:56","slug":"abdde-yargic-trump-yonetiminin-yaklasik-600-guatemalali-cocugu-sinir-disi-kararinin-yurutmesini-durdurdu","status":"publish","type":"post","link":"https:\/\/kuzeyinsesi.org\/index.php\/2025\/09\/01\/abdde-yargic-trump-yonetiminin-yaklasik-600-guatemalali-cocugu-sinir-disi-kararinin-yurutmesini-durdurdu\/","title":{"rendered":"ABD&#039;de yarg\u0131\u00e7, Trump y\u00f6netiminin yakla\u015f\u0131k 600 Guatemalal\u0131 \u00e7ocu\u011fu s\u0131n\u0131r d\u0131\u015f\u0131 karar\u0131n\u0131n y\u00fcr\u00fctmesini durdurdu"},"content":{"rendered":"<p><\/p>\n<div>\n<p>&#13;<br \/>\n\t<a href=\"https:\/\/www.trthaber.com\/etiket\/abd\/\" target=\"_blank\">ABD<\/a> bas\u0131n\u0131nda yer alan haberlere g\u00f6re avukatlar, Trump y\u00f6netiminin \u00fclkeye yasa d\u0131\u015f\u0131 yollarla ve yanlar\u0131nda aileleri olmadan gelen 10 ila 17 ya\u015flar\u0131ndaki 10 \u00e7ocu\u011fu s\u0131n\u0131r d\u0131\u015f\u0131 etme karar\u0131na kar\u015f\u0131 dava a\u00e7t\u0131.<\/p>\n<p>&#13;<br \/>\n\tDavada bu \u00e7ocuklar\u0131n \u00fclkelerine geri g\u00f6nderilmeleri durumunda &#8220;istismar, yok say\u0131lma, yarg\u0131lanma ya da i\u015fkenceye&#8221; maruz kalabilecekleri belirtildi.<\/p>\n<p>&#13;<br \/>\n\tDava a\u00e7\u0131lmas\u0131n\u0131n ard\u0131ndan ba\u015fkent Washington B\u00f6lge Mahkemesi Yarg\u0131c\u0131 Sparkle Sooknanan, \u00e7ocuklar\u0131n s\u0131n\u0131r d\u0131\u015f\u0131 edilmesi karar\u0131n\u0131n y\u00fcr\u00fctmesini 14 g\u00fcnl\u00fc\u011f\u00fcne durdurma karar\u0131 ald\u0131.<\/p>\n<p>&#13;<br \/>\n\tBu kararla s\u00f6z konusu 10 \u00e7ocu\u011fun yan\u0131 s\u0131ra yakla\u015f\u0131k 600 Guatemalal\u0131 refakatsiz \u00e7ocu\u011fun da s\u0131n\u0131r d\u0131\u015f\u0131 i\u015flemleri durdurulmu\u015f oldu.<\/p>\n<p>&#13;<br \/>\n\t\u00d6te yandan karar\u0131n a\u00e7\u0131kland\u0131\u011f\u0131 dakikalarda baz\u0131 \u00e7ocuklar\u0131n \u00e7oktan u\u00e7a\u011fa bindirildi\u011fi, karar\u0131n ard\u0131ndan u\u00e7aktan indirilerek M\u00fcltecileri Yeniden Yerle\u015ftirme Ofisine g\u00f6nderildikleri kaydedildi.<\/p>\n<p>&#13;<br \/>\n\tDemokrat Senat\u00f6r Ron Wyden, Trump y\u00f6netiminin ABD&#8217;ye aileleri olmadan gelen yakla\u015f\u0131k 600 Guatemalal\u0131 \u00e7ocu\u011fu s\u0131n\u0131r d\u0131\u015f\u0131 etme plan\u0131na tepki g\u00f6stermi\u015fti.<\/p>\n<p>&#13;<br \/>\n\tTrump y\u00f6netimi, g\u00f6\u00e7men kar\u015f\u0131t\u0131 kararlar\u0131 ve ad\u0131mlar\u0131 nedeniyle s\u0131k s\u0131k ele\u015ftiriliyor, mahkeme kararlar\u0131yla bir\u00e7ok ad\u0131m\u0131 engelleniyor.<\/p>\n<\/p><\/div>\n","protected":false},"excerpt":{"rendered":"<p>&#13; ABD bas\u0131n\u0131nda yer alan haberlere g\u00f6re avukatlar, Trump y\u00f6netiminin \u00fclkeye yasa d\u0131\u015f\u0131 yollarla ve yanlar\u0131nda aileleri olmadan gelen 10 ila 17 ya\u015flar\u0131ndaki 10 \u00e7ocu\u011fu s\u0131n\u0131r d\u0131\u015f\u0131 etme karar\u0131na kar\u015f\u0131 dava a\u00e7t\u0131. &#13; Davada bu \u00e7ocuklar\u0131n \u00fclkelerine geri g\u00f6nderilmeleri durumunda &#8220;istismar, yok say\u0131lma, yarg\u0131lanma ya da i\u015fkenceye&#8221; maruz kalabilecekleri belirtildi. &#13; Dava a\u00e7\u0131lmas\u0131n\u0131n ard\u0131ndan ba\u015fkent [&hellip;]<\/p>\n","protected":false},"author":1,"featured_media":30895,"comment_status":"open","ping_status":"open","sticky":false,"template":"","format":"standard","meta":{"jnews-multi-image_gallery":[],"jnews_single_post":[],"jnews_primary_category":[],"jnews_social_meta":[],"jnews_override_counter":[],"footnotes":""},"categories":[2],"tags":[],"class_list":["post-31024","post","type-post","status-publish","format-standard","has-post-thumbnail","hentry","category-dunya"],"yoast_head":"<!-- This site is optimized with the Yoast SEO plugin v28.4 - https:\/\/yoast.com\/product\/yoast-seo-wordpress\/ -->\n<title>ABD&#039;de yarg\u0131\u00e7, Trump y\u00f6netiminin yakla\u015f\u0131k 600 Guatemalal\u0131 \u00e7ocu\u011fu s\u0131n\u0131r d\u0131\u015f\u0131 karar\u0131n\u0131n y\u00fcr\u00fctmesini durdurdu - Kuzeyin Sesi<\/title>\n<meta name=\"robots\" content=\"index, follow, max-snippet:-1, max-image-preview:large, max-video-preview:-1\" \/>\n<link rel=\"canonical\" href=\"https:\/\/kuzeyinsesi.org\/index.php\/2025\/09\/01\/abdde-yargic-trump-yonetiminin-yaklasik-600-guatemalali-cocugu-sinir-disi-kararinin-yurutmesini-durdurdu\/\" \/>\n<meta property=\"og:locale\" content=\"tr_TR\" \/>\n<meta property=\"og:type\" content=\"article\" \/>\n<meta property=\"og:title\" content=\"ABD&#039;de yarg\u0131\u00e7, Trump y\u00f6netiminin yakla\u015f\u0131k 600 Guatemalal\u0131 \u00e7ocu\u011fu s\u0131n\u0131r d\u0131\u015f\u0131 karar\u0131n\u0131n y\u00fcr\u00fctmesini durdurdu - Kuzeyin Sesi\" \/>\n<meta property=\"og:description\" content=\"&#013; ABD bas\u0131n\u0131nda yer alan haberlere g\u00f6re avukatlar, Trump y\u00f6netiminin \u00fclkeye yasa d\u0131\u015f\u0131 yollarla ve yanlar\u0131nda aileleri olmadan gelen 10 ila 17 ya\u015flar\u0131ndaki 10 \u00e7ocu\u011fu s\u0131n\u0131r d\u0131\u015f\u0131 etme karar\u0131na kar\u015f\u0131 dava a\u00e7t\u0131. &#013; Davada bu \u00e7ocuklar\u0131n \u00fclkelerine geri g\u00f6nderilmeleri durumunda &#8220;istismar, yok say\u0131lma, yarg\u0131lanma ya da i\u015fkenceye&#8221; maruz kalabilecekleri belirtildi. &#013; Dava a\u00e7\u0131lmas\u0131n\u0131n ard\u0131ndan ba\u015fkent [&hellip;]\" \/>\n<meta property=\"og:url\" content=\"https:\/\/kuzeyinsesi.org\/index.php\/2025\/09\/01\/abdde-yargic-trump-yonetiminin-yaklasik-600-guatemalali-cocugu-sinir-disi-kararinin-yurutmesini-durdurdu\/\" \/>\n<meta property=\"og:site_name\" content=\"Kuzeyin Sesi\" \/>\n<meta property=\"article:publisher\" content=\"https:\/\/www.facebook.com\/kuzeyinsesii\" \/>\n<meta property=\"article:published_time\" content=\"2025-09-01T16:55:56+00:00\" \/>\n<meta property=\"og:image\" content=\"https:\/\/trthaberstatic.cdn.wp.trt.com.tr\/resimler\/2380000\/trump-re-2380153.jpg\" \/>\n<meta name=\"author\" content=\"Kuzeyin Sesi\" \/>\n<meta name=\"twitter:card\" content=\"summary_large_image\" \/>\n<meta name=\"twitter:creator\" content=\"@kuzeyinsesii\" \/>\n<meta name=\"twitter:site\" content=\"@kuzeyinsesii\" \/>\n<meta name=\"twitter:label1\" content=\"Yazan:\" \/>\n\t<meta name=\"twitter:data1\" content=\"Kuzeyin Sesi\" \/>\n\t<meta name=\"twitter:label2\" content=\"Tahmini okuma s\u00fcresi\" \/>\n\t<meta name=\"twitter:data2\" content=\"1 dakika\" \/>\n<script type=\"application\/ld+json\" class=\"yoast-schema-graph\">{\"@context\":\"https:\\\/\\\/schema.org\",\"@graph\":[{\"@type\":\"Article\",\"@id\":\"https:\\\/\\\/kuzeyinsesi.org\\\/index.php\\\/2025\\\/09\\\/01\\\/abdde-yargic-trump-yonetiminin-yaklasik-600-guatemalali-cocugu-sinir-disi-kararinin-yurutmesini-durdurdu\\\/#article\",\"isPartOf\":{\"@id\":\"https:\\\/\\\/kuzeyinsesi.org\\\/index.php\\\/2025\\\/09\\\/01\\\/abdde-yargic-trump-yonetiminin-yaklasik-600-guatemalali-cocugu-sinir-disi-kararinin-yurutmesini-durdurdu\\\/\"},\"author\":{\"name\":\"Kuzeyin Sesi\",\"@id\":\"https:\\\/\\\/kuzeyinsesi.org\\\/#\\\/schema\\\/person\\\/9f859689cdf01485597712386e37f5aa\"},\"headline\":\"ABD&#039;de yarg\u0131\u00e7, Trump y\u00f6netiminin yakla\u015f\u0131k 600 Guatemalal\u0131 \u00e7ocu\u011fu s\u0131n\u0131r d\u0131\u015f\u0131 karar\u0131n\u0131n y\u00fcr\u00fctmesini durdurdu\",\"datePublished\":\"2025-09-01T16:55:56+00:00\",\"mainEntityOfPage\":{\"@id\":\"https:\\\/\\\/kuzeyinsesi.org\\\/index.php\\\/2025\\\/09\\\/01\\\/abdde-yargic-trump-yonetiminin-yaklasik-600-guatemalali-cocugu-sinir-disi-kararinin-yurutmesini-durdurdu\\\/\"},\"wordCount\":232,\"commentCount\":0,\"image\":{\"@id\":\"https:\\\/\\\/kuzeyinsesi.org\\\/index.php\\\/2025\\\/09\\\/01\\\/abdde-yargic-trump-yonetiminin-yaklasik-600-guatemalali-cocugu-sinir-disi-kararinin-yurutmesini-durdurdu\\\/#primaryimage\"},\"thumbnailUrl\":\"https:\\\/\\\/kuzeyinsesi.org\\\/wp-content\\\/uploads\\\/2025\\\/08\\\/trump-re-2380153.jpg\",\"articleSection\":[\"D\u00fcnya\"],\"inLanguage\":\"tr\",\"potentialAction\":[{\"@type\":\"CommentAction\",\"name\":\"Comment\",\"target\":[\"https:\\\/\\\/kuzeyinsesi.org\\\/index.php\\\/2025\\\/09\\\/01\\\/abdde-yargic-trump-yonetiminin-yaklasik-600-guatemalali-cocugu-sinir-disi-kararinin-yurutmesini-durdurdu\\\/#respond\"]}]},{\"@type\":\"WebPage\",\"@id\":\"https:\\\/\\\/kuzeyinsesi.org\\\/index.php\\\/2025\\\/09\\\/01\\\/abdde-yargic-trump-yonetiminin-yaklasik-600-guatemalali-cocugu-sinir-disi-kararinin-yurutmesini-durdurdu\\\/\",\"url\":\"https:\\\/\\\/kuzeyinsesi.org\\\/index.php\\\/2025\\\/09\\\/01\\\/abdde-yargic-trump-yonetiminin-yaklasik-600-guatemalali-cocugu-sinir-disi-kararinin-yurutmesini-durdurdu\\\/\",\"name\":\"ABD&#039;de yarg\u0131\u00e7, Trump y\u00f6netiminin yakla\u015f\u0131k 600 Guatemalal\u0131 \u00e7ocu\u011fu s\u0131n\u0131r d\u0131\u015f\u0131 karar\u0131n\u0131n y\u00fcr\u00fctmesini durdurdu - Kuzeyin Sesi\",\"isPartOf\":{\"@id\":\"https:\\\/\\\/kuzeyinsesi.org\\\/#website\"},\"primaryImageOfPage\":{\"@id\":\"https:\\\/\\\/kuzeyinsesi.org\\\/index.php\\\/2025\\\/09\\\/01\\\/abdde-yargic-trump-yonetiminin-yaklasik-600-guatemalali-cocugu-sinir-disi-kararinin-yurutmesini-durdurdu\\\/#primaryimage\"},\"image\":{\"@id\":\"https:\\\/\\\/kuzeyinsesi.org\\\/index.php\\\/2025\\\/09\\\/01\\\/abdde-yargic-trump-yonetiminin-yaklasik-600-guatemalali-cocugu-sinir-disi-kararinin-yurutmesini-durdurdu\\\/#primaryimage\"},\"thumbnailUrl\":\"https:\\\/\\\/kuzeyinsesi.org\\\/wp-content\\\/uploads\\\/2025\\\/08\\\/trump-re-2380153.jpg\",\"datePublished\":\"2025-09-01T16:55:56+00:00\",\"author\":{\"@id\":\"https:\\\/\\\/kuzeyinsesi.org\\\/#\\\/schema\\\/person\\\/9f859689cdf01485597712386e37f5aa\"},\"breadcrumb\":{\"@id\":\"https:\\\/\\\/kuzeyinsesi.org\\\/index.php\\\/2025\\\/09\\\/01\\\/abdde-yargic-trump-yonetiminin-yaklasik-600-guatemalali-cocugu-sinir-disi-kararinin-yurutmesini-durdurdu\\\/#breadcrumb\"},\"inLanguage\":\"tr\",\"potentialAction\":[{\"@type\":\"ReadAction\",\"target\":[\"https:\\\/\\\/kuzeyinsesi.org\\\/index.php\\\/2025\\\/09\\\/01\\\/abdde-yargic-trump-yonetiminin-yaklasik-600-guatemalali-cocugu-sinir-disi-kararinin-yurutmesini-durdurdu\\\/\"]}]},{\"@type\":\"ImageObject\",\"inLanguage\":\"tr\",\"@id\":\"https:\\\/\\\/kuzeyinsesi.org\\\/index.php\\\/2025\\\/09\\\/01\\\/abdde-yargic-trump-yonetiminin-yaklasik-600-guatemalali-cocugu-sinir-disi-kararinin-yurutmesini-durdurdu\\\/#primaryimage\",\"url\":\"https:\\\/\\\/kuzeyinsesi.org\\\/wp-content\\\/uploads\\\/2025\\\/08\\\/trump-re-2380153.jpg\",\"contentUrl\":\"https:\\\/\\\/kuzeyinsesi.org\\\/wp-content\\\/uploads\\\/2025\\\/08\\\/trump-re-2380153.jpg\",\"width\":1280,\"height\":720},{\"@type\":\"BreadcrumbList\",\"@id\":\"https:\\\/\\\/kuzeyinsesi.org\\\/index.php\\\/2025\\\/09\\\/01\\\/abdde-yargic-trump-yonetiminin-yaklasik-600-guatemalali-cocugu-sinir-disi-kararinin-yurutmesini-durdurdu\\\/#breadcrumb\",\"itemListElement\":[{\"@type\":\"ListItem\",\"position\":1,\"name\":\"Anasayfa\",\"item\":\"https:\\\/\\\/kuzeyinsesi.org\\\/\"},{\"@type\":\"ListItem\",\"position\":2,\"name\":\"ABD&#039;de yarg\u0131\u00e7, Trump y\u00f6netiminin yakla\u015f\u0131k 600 Guatemalal\u0131 \u00e7ocu\u011fu s\u0131n\u0131r d\u0131\u015f\u0131 karar\u0131n\u0131n y\u00fcr\u00fctmesini durdurdu\"}]},{\"@type\":\"WebSite\",\"@id\":\"https:\\\/\\\/kuzeyinsesi.org\\\/#website\",\"url\":\"https:\\\/\\\/kuzeyinsesi.org\\\/\",\"name\":\"Kuzeyin Sesi\",\"description\":\"Do\u011fru Haberin Adresi\",\"potentialAction\":[{\"@type\":\"SearchAction\",\"target\":{\"@type\":\"EntryPoint\",\"urlTemplate\":\"https:\\\/\\\/kuzeyinsesi.org\\\/?s={search_term_string}\"},\"query-input\":{\"@type\":\"PropertyValueSpecification\",\"valueRequired\":true,\"valueName\":\"search_term_string\"}}],\"inLanguage\":\"tr\"},{\"@type\":\"Person\",\"@id\":\"https:\\\/\\\/kuzeyinsesi.org\\\/#\\\/schema\\\/person\\\/9f859689cdf01485597712386e37f5aa\",\"name\":\"Kuzeyin Sesi\",\"image\":{\"@type\":\"ImageObject\",\"inLanguage\":\"tr\",\"@id\":\"https:\\\/\\\/secure.gravatar.com\\\/avatar\\\/bab33852abfd8b282518d6ed81826833d77c3c882d9ab608add591ccace47a44?s=96&d=mm&r=g\",\"url\":\"https:\\\/\\\/secure.gravatar.com\\\/avatar\\\/bab33852abfd8b282518d6ed81826833d77c3c882d9ab608add591ccace47a44?s=96&d=mm&r=g\",\"contentUrl\":\"https:\\\/\\\/secure.gravatar.com\\\/avatar\\\/bab33852abfd8b282518d6ed81826833d77c3c882d9ab608add591ccace47a44?s=96&d=mm&r=g\",\"caption\":\"Kuzeyin Sesi\"},\"sameAs\":[\"https:\\\/\\\/kuzeyinsesi.org\"],\"url\":\"https:\\\/\\\/kuzeyinsesi.org\\\/index.php\\\/author\\\/guven\\\/\"}]}<\/script>\n<!-- \/ Yoast SEO plugin. -->","yoast_head_json":{"title":"ABD&#039;de yarg\u0131\u00e7, Trump y\u00f6netiminin yakla\u015f\u0131k 600 Guatemalal\u0131 \u00e7ocu\u011fu s\u0131n\u0131r d\u0131\u015f\u0131 karar\u0131n\u0131n y\u00fcr\u00fctmesini durdurdu - Kuzeyin Sesi","robots":{"index":"index","follow":"follow","max-snippet":"max-snippet:-1","max-image-preview":"max-image-preview:large","max-video-preview":"max-video-preview:-1"},"canonical":"https:\/\/kuzeyinsesi.org\/index.php\/2025\/09\/01\/abdde-yargic-trump-yonetiminin-yaklasik-600-guatemalali-cocugu-sinir-disi-kararinin-yurutmesini-durdurdu\/","og_locale":"tr_TR","og_type":"article","og_title":"ABD&#039;de yarg\u0131\u00e7, Trump y\u00f6netiminin yakla\u015f\u0131k 600 Guatemalal\u0131 \u00e7ocu\u011fu s\u0131n\u0131r d\u0131\u015f\u0131 karar\u0131n\u0131n y\u00fcr\u00fctmesini durdurdu - Kuzeyin Sesi","og_description":"&#13; ABD bas\u0131n\u0131nda yer alan haberlere g\u00f6re avukatlar, Trump y\u00f6netiminin \u00fclkeye yasa d\u0131\u015f\u0131 yollarla ve yanlar\u0131nda aileleri olmadan gelen 10 ila 17 ya\u015flar\u0131ndaki 10 \u00e7ocu\u011fu s\u0131n\u0131r d\u0131\u015f\u0131 etme karar\u0131na kar\u015f\u0131 dava a\u00e7t\u0131. &#13; Davada bu \u00e7ocuklar\u0131n \u00fclkelerine geri g\u00f6nderilmeleri durumunda &#8220;istismar, yok say\u0131lma, yarg\u0131lanma ya da i\u015fkenceye&#8221; maruz kalabilecekleri belirtildi. &#13; Dava a\u00e7\u0131lmas\u0131n\u0131n ard\u0131ndan ba\u015fkent [&hellip;]","og_url":"https:\/\/kuzeyinsesi.org\/index.php\/2025\/09\/01\/abdde-yargic-trump-yonetiminin-yaklasik-600-guatemalali-cocugu-sinir-disi-kararinin-yurutmesini-durdurdu\/","og_site_name":"Kuzeyin Sesi","article_publisher":"https:\/\/www.facebook.com\/kuzeyinsesii","article_published_time":"2025-09-01T16:55:56+00:00","og_image":[{"url":"https:\/\/trthaberstatic.cdn.wp.trt.com.tr\/resimler\/2380000\/trump-re-2380153.jpg","type":"","width":"","height":""}],"author":"Kuzeyin Sesi","twitter_card":"summary_large_image","twitter_creator":"@kuzeyinsesii","twitter_site":"@kuzeyinsesii","twitter_misc":{"Yazan:":"Kuzeyin Sesi","Tahmini okuma s\u00fcresi":"1 dakika"},"schema":{"@context":"https:\/\/schema.org","@graph":[{"@type":"Article","@id":"https:\/\/kuzeyinsesi.org\/index.php\/2025\/09\/01\/abdde-yargic-trump-yonetiminin-yaklasik-600-guatemalali-cocugu-sinir-disi-kararinin-yurutmesini-durdurdu\/#article","isPartOf":{"@id":"https:\/\/kuzeyinsesi.org\/index.php\/2025\/09\/01\/abdde-yargic-trump-yonetiminin-yaklasik-600-guatemalali-cocugu-sinir-disi-kararinin-yurutmesini-durdurdu\/"},"author":{"name":"Kuzeyin Sesi","@id":"https:\/\/kuzeyinsesi.org\/#\/schema\/person\/9f859689cdf01485597712386e37f5aa"},"headline":"ABD&#039;de yarg\u0131\u00e7, Trump y\u00f6netiminin yakla\u015f\u0131k 600 Guatemalal\u0131 \u00e7ocu\u011fu s\u0131n\u0131r d\u0131\u015f\u0131 karar\u0131n\u0131n y\u00fcr\u00fctmesini durdurdu","datePublished":"2025-09-01T16:55:56+00:00","mainEntityOfPage":{"@id":"https:\/\/kuzeyinsesi.org\/index.php\/2025\/09\/01\/abdde-yargic-trump-yonetiminin-yaklasik-600-guatemalali-cocugu-sinir-disi-kararinin-yurutmesini-durdurdu\/"},"wordCount":232,"commentCount":0,"image":{"@id":"https:\/\/kuzeyinsesi.org\/index.php\/2025\/09\/01\/abdde-yargic-trump-yonetiminin-yaklasik-600-guatemalali-cocugu-sinir-disi-kararinin-yurutmesini-durdurdu\/#primaryimage"},"thumbnailUrl":"https:\/\/kuzeyinsesi.org\/wp-content\/uploads\/2025\/08\/trump-re-2380153.jpg","articleSection":["D\u00fcnya"],"inLanguage":"tr","potentialAction":[{"@type":"CommentAction","name":"Comment","target":["https:\/\/kuzeyinsesi.org\/index.php\/2025\/09\/01\/abdde-yargic-trump-yonetiminin-yaklasik-600-guatemalali-cocugu-sinir-disi-kararinin-yurutmesini-durdurdu\/#respond"]}]},{"@type":"WebPage","@id":"https:\/\/kuzeyinsesi.org\/index.php\/2025\/09\/01\/abdde-yargic-trump-yonetiminin-yaklasik-600-guatemalali-cocugu-sinir-disi-kararinin-yurutmesini-durdurdu\/","url":"https:\/\/kuzeyinsesi.org\/index.php\/2025\/09\/01\/abdde-yargic-trump-yonetiminin-yaklasik-600-guatemalali-cocugu-sinir-disi-kararinin-yurutmesini-durdurdu\/","name":"ABD&#039;de yarg\u0131\u00e7, Trump y\u00f6netiminin yakla\u015f\u0131k 600 Guatemalal\u0131 \u00e7ocu\u011fu s\u0131n\u0131r d\u0131\u015f\u0131 karar\u0131n\u0131n y\u00fcr\u00fctmesini durdurdu - Kuzeyin Sesi","isPartOf":{"@id":"https:\/\/kuzeyinsesi.org\/#website"},"primaryImageOfPage":{"@id":"https:\/\/kuzeyinsesi.org\/index.php\/2025\/09\/01\/abdde-yargic-trump-yonetiminin-yaklasik-600-guatemalali-cocugu-sinir-disi-kararinin-yurutmesini-durdurdu\/#primaryimage"},"image":{"@id":"https:\/\/kuzeyinsesi.org\/index.php\/2025\/09\/01\/abdde-yargic-trump-yonetiminin-yaklasik-600-guatemalali-cocugu-sinir-disi-kararinin-yurutmesini-durdurdu\/#primaryimage"},"thumbnailUrl":"https:\/\/kuzeyinsesi.org\/wp-content\/uploads\/2025\/08\/trump-re-2380153.jpg","datePublished":"2025-09-01T16:55:56+00:00","author":{"@id":"https:\/\/kuzeyinsesi.org\/#\/schema\/person\/9f859689cdf01485597712386e37f5aa"},"breadcrumb":{"@id":"https:\/\/kuzeyinsesi.org\/index.php\/2025\/09\/01\/abdde-yargic-trump-yonetiminin-yaklasik-600-guatemalali-cocugu-sinir-disi-kararinin-yurutmesini-durdurdu\/#breadcrumb"},"inLanguage":"tr","potentialAction":[{"@type":"ReadAction","target":["https:\/\/kuzeyinsesi.org\/index.php\/2025\/09\/01\/abdde-yargic-trump-yonetiminin-yaklasik-600-guatemalali-cocugu-sinir-disi-kararinin-yurutmesini-durdurdu\/"]}]},{"@type":"ImageObject","inLanguage":"tr","@id":"https:\/\/kuzeyinsesi.org\/index.php\/2025\/09\/01\/abdde-yargic-trump-yonetiminin-yaklasik-600-guatemalali-cocugu-sinir-disi-kararinin-yurutmesini-durdurdu\/#primaryimage","url":"https:\/\/kuzeyinsesi.org\/wp-content\/uploads\/2025\/08\/trump-re-2380153.jpg","contentUrl":"https:\/\/kuzeyinsesi.org\/wp-content\/uploads\/2025\/08\/trump-re-2380153.jpg","width":1280,"height":720},{"@type":"BreadcrumbList","@id":"https:\/\/kuzeyinsesi.org\/index.php\/2025\/09\/01\/abdde-yargic-trump-yonetiminin-yaklasik-600-guatemalali-cocugu-sinir-disi-kararinin-yurutmesini-durdurdu\/#breadcrumb","itemListElement":[{"@type":"ListItem","position":1,"name":"Anasayfa","item":"https:\/\/kuzeyinsesi.org\/"},{"@type":"ListItem","position":2,"name":"ABD&#039;de yarg\u0131\u00e7, Trump y\u00f6netiminin yakla\u015f\u0131k 600 Guatemalal\u0131 \u00e7ocu\u011fu s\u0131n\u0131r d\u0131\u015f\u0131 karar\u0131n\u0131n y\u00fcr\u00fctmesini durdurdu"}]},{"@type":"WebSite","@id":"https:\/\/kuzeyinsesi.org\/#website","url":"https:\/\/kuzeyinsesi.org\/","name":"Kuzeyin Sesi","description":"Do\u011fru Haberin Adresi","potentialAction":[{"@type":"SearchAction","target":{"@type":"EntryPoint","urlTemplate":"https:\/\/kuzeyinsesi.org\/?s={search_term_string}"},"query-input":{"@type":"PropertyValueSpecification","valueRequired":true,"valueName":"search_term_string"}}],"inLanguage":"tr"},{"@type":"Person","@id":"https:\/\/kuzeyinsesi.org\/#\/schema\/person\/9f859689cdf01485597712386e37f5aa","name":"Kuzeyin Sesi","image":{"@type":"ImageObject","inLanguage":"tr","@id":"https:\/\/secure.gravatar.com\/avatar\/bab33852abfd8b282518d6ed81826833d77c3c882d9ab608add591ccace47a44?s=96&d=mm&r=g","url":"https:\/\/secure.gravatar.com\/avatar\/bab33852abfd8b282518d6ed81826833d77c3c882d9ab608add591ccace47a44?s=96&d=mm&r=g","contentUrl":"https:\/\/secure.gravatar.com\/avatar\/bab33852abfd8b282518d6ed81826833d77c3c882d9ab608add591ccace47a44?s=96&d=mm&r=g","caption":"Kuzeyin Sesi"},"sameAs":["https:\/\/kuzeyinsesi.org"],"url":"https:\/\/kuzeyinsesi.org\/index.php\/author\/guven\/"}]}},"_links":{"self":[{"href":"https:\/\/kuzeyinsesi.org\/index.php\/wp-json\/wp\/v2\/posts\/31024","targetHints":{"allow":["GET"]}}],"collection":[{"href":"https:\/\/kuzeyinsesi.org\/index.php\/wp-json\/wp\/v2\/posts"}],"about":[{"href":"https:\/\/kuzeyinsesi.org\/index.php\/wp-json\/wp\/v2\/types\/post"}],"author":[{"embeddable":true,"href":"https:\/\/kuzeyinsesi.org\/index.php\/wp-json\/wp\/v2\/users\/1"}],"replies":[{"embeddable":true,"href":"https:\/\/kuzeyinsesi.org\/index.php\/wp-json\/wp\/v2\/comments?post=31024"}],"version-history":[{"count":0,"href":"https:\/\/kuzeyinsesi.org\/index.php\/wp-json\/wp\/v2\/posts\/31024\/revisions"}],"wp:featuredmedia":[{"embeddable":true,"href":"https:\/\/kuzeyinsesi.org\/index.php\/wp-json\/wp\/v2\/media\/30895"}],"wp:attachment":[{"href":"https:\/\/kuzeyinsesi.org\/index.php\/wp-json\/wp\/v2\/media?parent=31024"}],"wp:term":[{"taxonomy":"category","embeddable":true,"href":"https:\/\/kuzeyinsesi.org\/index.php\/wp-json\/wp\/v2\/categories?post=31024"},{"taxonomy":"post_tag","embeddable":true,"href":"https:\/\/kuzeyinsesi.org\/index.php\/wp-json\/wp\/v2\/tags?post=31024"}],"curies":[{"name":"wp","href":"https:\/\/api.w.org\/{rel}","templated":true}]}}