{"id":31021,"date":"2025-09-01T18:52:23","date_gmt":"2025-09-01T15:52:23","guid":{"rendered":"https:\/\/kuzeyinsesi.org\/index.php\/2025\/09\/01\/fransada-ortaokullarda-cep-telefonu-yasagi-yururluge-girdi\/"},"modified":"2025-09-01T18:52:23","modified_gmt":"2025-09-01T15:52:23","slug":"fransada-ortaokullarda-cep-telefonu-yasagi-yururluge-girdi","status":"publish","type":"post","link":"https:\/\/kuzeyinsesi.org\/index.php\/2025\/09\/01\/fransada-ortaokullarda-cep-telefonu-yasagi-yururluge-girdi\/","title":{"rendered":"Fransada ortaokullarda cep telefonu yasa\u011f\u0131 y\u00fcr\u00fcrl\u00fc\u011fe girdi"},"content":{"rendered":"<p><\/p>\n<div>\n<p>&#13;<br \/>\n\t<a href=\"https:\/\/www.trthaber.com\/etiket\/fransa\/\" target=\"_blank\">Fransa<\/a> Milli <a href=\"https:\/\/www.trthaber.com\/etiket\/egitim\/\" target=\"_blank\">E\u011fitim<\/a> Bakan\u0131 Elisabeth Borne, ekranlar\u0131n gen\u00e7ler \u00fczerindeki olumsuz etkilerine dikkat \u00e7ekerek, &#8220;Ekran konusu bir halk sa\u011fl\u0131\u011f\u0131 meselesidir, zihinsel sa\u011fl\u0131k meselesidir, etkilerini kimse ink\u00e2r edemez&#8221; dedi.<\/p>\n<p>&#13;<br \/>\n\tGe\u00e7en y\u0131l, 100 kadar okulda denenen &#8220;telefon molada&#8221; uygulamas\u0131, 2025-2026 e\u011fitim y\u0131l\u0131 itibar\u0131yla t\u00fcm devlet ortaokullar\u0131na kademeli olarak yayg\u0131nla\u015ft\u0131r\u0131l\u0131yor.<\/p>\n<p>&#13;<br \/>\n\t\u00d6\u011frenciler, ders saatleri boyunca telefonlar\u0131n\u0131 dolaplara, kutulara veya \u00f6zel kilitli po\u015fetlere b\u0131rakacak.<\/p>\n<h2>&#13;<br \/>\n\tLiselerde yasak de\u011fil<\/h2>\n<p>&#13;<br \/>\n\tFransa\u2019da telefon yasa\u011f\u0131 ilk kez 2018\u2019de y\u00fcr\u00fcrl\u00fc\u011fe girmi\u015f ve ilkokullarda kesin bir \u015fekilde uygulanmaya ba\u015flanm\u0131\u015ft\u0131.<\/p>\n<p>&#13;<br \/>\n\tOrtaokullarda telefon kullan\u0131m\u0131 yasaklanm\u0131\u015ft\u0131 ancak \u00e7o\u011fu zaman ciddi \u015fekilde ihlal edilmi\u015f ve etkili bir \u015fekilde hayata ge\u00e7irilemedi. O d\u00f6nemde d\u00fczenleme, cihazlar\u0131n kapal\u0131 tutulmas\u0131 ve \u00e7antada ta\u015f\u0131nmas\u0131na izin veriyordu. Yeni d\u00fczenleme ise, ortaokullarda s\u00f6z konusu denetimi \u00e7ok daha s\u0131k\u0131 hale getirmeyi ama\u00e7l\u0131yor.<\/p>\n<p>&#13;<br \/>\n\tYasak yaln\u0131zca cep telefonlar\u0131yla s\u0131n\u0131rl\u0131 kalmayacak. Tabletler ve ak\u0131ll\u0131 saatler de yasak kapsam\u0131na al\u0131nd\u0131.<\/p>\n<p>&#13;<br \/>\n\tYasak yaln\u0131zca okul saatleriyle de s\u0131n\u0131rl\u0131 olmayacak; spor faaliyetleri ve okul gezileri gibi kurum d\u0131\u015f\u0131nda yap\u0131lan etkinliklerde de ge\u00e7erli olacak.<\/p>\n<p>&#13;<br \/>\n\tSa\u011fl\u0131k sorunlar\u0131 bulunan \u00f6\u011frenciler i\u00e7inse istisnalar tan\u0131n\u0131yor. \u00d6rne\u011fin diyabetli bir \u00f6\u011frenci, kan \u015fekeri \u00f6l\u00e7\u00fcm cihaz\u0131yla ba\u011flant\u0131l\u0131 telefonunu kullanabilecek. Liselerde ise yasak zorunlu de\u011fil ve her okul kendi i\u00e7 t\u00fcz\u00fc\u011f\u00fcne g\u00f6re karar veriyor.<\/p>\n<\/p><\/div>\n","protected":false},"excerpt":{"rendered":"<p>&#13; Fransa Milli E\u011fitim Bakan\u0131 Elisabeth Borne, ekranlar\u0131n gen\u00e7ler \u00fczerindeki olumsuz etkilerine dikkat \u00e7ekerek, &#8220;Ekran konusu bir halk sa\u011fl\u0131\u011f\u0131 meselesidir, zihinsel sa\u011fl\u0131k meselesidir, etkilerini kimse ink\u00e2r edemez&#8221; dedi. &#13; Ge\u00e7en y\u0131l, 100 kadar okulda denenen &#8220;telefon molada&#8221; uygulamas\u0131, 2025-2026 e\u011fitim y\u0131l\u0131 itibar\u0131yla t\u00fcm devlet ortaokullar\u0131na kademeli olarak yayg\u0131nla\u015ft\u0131r\u0131l\u0131yor. &#13; \u00d6\u011frenciler, ders saatleri boyunca telefonlar\u0131n\u0131 dolaplara, [&hellip;]<\/p>\n","protected":false},"author":1,"featured_media":30306,"comment_status":"open","ping_status":"open","sticky":false,"template":"","format":"standard","meta":{"jnews-multi-image_gallery":[],"jnews_single_post":[],"jnews_primary_category":[],"jnews_social_meta":[],"jnews_override_counter":[],"footnotes":""},"categories":[2],"tags":[],"class_list":["post-31021","post","type-post","status-publish","format-standard","has-post-thumbnail","hentry","category-dunya"],"yoast_head":"<!-- This site is optimized with the Yoast SEO plugin v28.4 - https:\/\/yoast.com\/product\/yoast-seo-wordpress\/ -->\n<title>Fransada ortaokullarda cep telefonu yasa\u011f\u0131 y\u00fcr\u00fcrl\u00fc\u011fe girdi - Kuzeyin Sesi<\/title>\n<meta name=\"robots\" content=\"index, follow, max-snippet:-1, max-image-preview:large, max-video-preview:-1\" \/>\n<link rel=\"canonical\" href=\"https:\/\/kuzeyinsesi.org\/index.php\/2025\/09\/01\/fransada-ortaokullarda-cep-telefonu-yasagi-yururluge-girdi\/\" \/>\n<meta property=\"og:locale\" content=\"tr_TR\" \/>\n<meta property=\"og:type\" content=\"article\" \/>\n<meta property=\"og:title\" content=\"Fransada ortaokullarda cep telefonu yasa\u011f\u0131 y\u00fcr\u00fcrl\u00fc\u011fe girdi - Kuzeyin Sesi\" \/>\n<meta property=\"og:description\" content=\"&#013; Fransa Milli E\u011fitim Bakan\u0131 Elisabeth Borne, ekranlar\u0131n gen\u00e7ler \u00fczerindeki olumsuz etkilerine dikkat \u00e7ekerek, &#8220;Ekran konusu bir halk sa\u011fl\u0131\u011f\u0131 meselesidir, zihinsel sa\u011fl\u0131k meselesidir, etkilerini kimse ink\u00e2r edemez&#8221; dedi. &#013; Ge\u00e7en y\u0131l, 100 kadar okulda denenen &#8220;telefon molada&#8221; uygulamas\u0131, 2025-2026 e\u011fitim y\u0131l\u0131 itibar\u0131yla t\u00fcm devlet ortaokullar\u0131na kademeli olarak yayg\u0131nla\u015ft\u0131r\u0131l\u0131yor. &#013; \u00d6\u011frenciler, ders saatleri boyunca telefonlar\u0131n\u0131 dolaplara, [&hellip;]\" \/>\n<meta property=\"og:url\" content=\"https:\/\/kuzeyinsesi.org\/index.php\/2025\/09\/01\/fransada-ortaokullarda-cep-telefonu-yasagi-yururluge-girdi\/\" \/>\n<meta property=\"og:site_name\" content=\"Kuzeyin Sesi\" \/>\n<meta property=\"article:publisher\" content=\"https:\/\/www.facebook.com\/kuzeyinsesii\" \/>\n<meta property=\"article:published_time\" content=\"2025-09-01T15:52:23+00:00\" \/>\n<meta property=\"og:image\" content=\"https:\/\/trthaberstatic.cdn.wp.trt.com.tr\/resimler\/2388000\/cep-telefonu-reu-2389574.jpg\" \/>\n<meta name=\"author\" content=\"Kuzeyin Sesi\" \/>\n<meta name=\"twitter:card\" content=\"summary_large_image\" \/>\n<meta name=\"twitter:creator\" content=\"@kuzeyinsesii\" \/>\n<meta name=\"twitter:site\" content=\"@kuzeyinsesii\" \/>\n<meta name=\"twitter:label1\" content=\"Yazan:\" \/>\n\t<meta name=\"twitter:data1\" content=\"Kuzeyin Sesi\" \/>\n\t<meta name=\"twitter:label2\" content=\"Tahmini okuma s\u00fcresi\" \/>\n\t<meta name=\"twitter:data2\" content=\"1 dakika\" \/>\n<script type=\"application\/ld+json\" class=\"yoast-schema-graph\">{\"@context\":\"https:\\\/\\\/schema.org\",\"@graph\":[{\"@type\":\"Article\",\"@id\":\"https:\\\/\\\/kuzeyinsesi.org\\\/index.php\\\/2025\\\/09\\\/01\\\/fransada-ortaokullarda-cep-telefonu-yasagi-yururluge-girdi\\\/#article\",\"isPartOf\":{\"@id\":\"https:\\\/\\\/kuzeyinsesi.org\\\/index.php\\\/2025\\\/09\\\/01\\\/fransada-ortaokullarda-cep-telefonu-yasagi-yururluge-girdi\\\/\"},\"author\":{\"name\":\"Kuzeyin Sesi\",\"@id\":\"https:\\\/\\\/kuzeyinsesi.org\\\/#\\\/schema\\\/person\\\/9f859689cdf01485597712386e37f5aa\"},\"headline\":\"Fransada ortaokullarda cep telefonu yasa\u011f\u0131 y\u00fcr\u00fcrl\u00fc\u011fe girdi\",\"datePublished\":\"2025-09-01T15:52:23+00:00\",\"mainEntityOfPage\":{\"@id\":\"https:\\\/\\\/kuzeyinsesi.org\\\/index.php\\\/2025\\\/09\\\/01\\\/fransada-ortaokullarda-cep-telefonu-yasagi-yururluge-girdi\\\/\"},\"wordCount\":262,\"commentCount\":0,\"image\":{\"@id\":\"https:\\\/\\\/kuzeyinsesi.org\\\/index.php\\\/2025\\\/09\\\/01\\\/fransada-ortaokullarda-cep-telefonu-yasagi-yururluge-girdi\\\/#primaryimage\"},\"thumbnailUrl\":\"https:\\\/\\\/kuzeyinsesi.org\\\/wp-content\\\/uploads\\\/2025\\\/08\\\/cep-telefonu-reu-2389574.jpg\",\"articleSection\":[\"D\u00fcnya\"],\"inLanguage\":\"tr\",\"potentialAction\":[{\"@type\":\"CommentAction\",\"name\":\"Comment\",\"target\":[\"https:\\\/\\\/kuzeyinsesi.org\\\/index.php\\\/2025\\\/09\\\/01\\\/fransada-ortaokullarda-cep-telefonu-yasagi-yururluge-girdi\\\/#respond\"]}]},{\"@type\":\"WebPage\",\"@id\":\"https:\\\/\\\/kuzeyinsesi.org\\\/index.php\\\/2025\\\/09\\\/01\\\/fransada-ortaokullarda-cep-telefonu-yasagi-yururluge-girdi\\\/\",\"url\":\"https:\\\/\\\/kuzeyinsesi.org\\\/index.php\\\/2025\\\/09\\\/01\\\/fransada-ortaokullarda-cep-telefonu-yasagi-yururluge-girdi\\\/\",\"name\":\"Fransada ortaokullarda cep telefonu yasa\u011f\u0131 y\u00fcr\u00fcrl\u00fc\u011fe girdi - Kuzeyin Sesi\",\"isPartOf\":{\"@id\":\"https:\\\/\\\/kuzeyinsesi.org\\\/#website\"},\"primaryImageOfPage\":{\"@id\":\"https:\\\/\\\/kuzeyinsesi.org\\\/index.php\\\/2025\\\/09\\\/01\\\/fransada-ortaokullarda-cep-telefonu-yasagi-yururluge-girdi\\\/#primaryimage\"},\"image\":{\"@id\":\"https:\\\/\\\/kuzeyinsesi.org\\\/index.php\\\/2025\\\/09\\\/01\\\/fransada-ortaokullarda-cep-telefonu-yasagi-yururluge-girdi\\\/#primaryimage\"},\"thumbnailUrl\":\"https:\\\/\\\/kuzeyinsesi.org\\\/wp-content\\\/uploads\\\/2025\\\/08\\\/cep-telefonu-reu-2389574.jpg\",\"datePublished\":\"2025-09-01T15:52:23+00:00\",\"author\":{\"@id\":\"https:\\\/\\\/kuzeyinsesi.org\\\/#\\\/schema\\\/person\\\/9f859689cdf01485597712386e37f5aa\"},\"breadcrumb\":{\"@id\":\"https:\\\/\\\/kuzeyinsesi.org\\\/index.php\\\/2025\\\/09\\\/01\\\/fransada-ortaokullarda-cep-telefonu-yasagi-yururluge-girdi\\\/#breadcrumb\"},\"inLanguage\":\"tr\",\"potentialAction\":[{\"@type\":\"ReadAction\",\"target\":[\"https:\\\/\\\/kuzeyinsesi.org\\\/index.php\\\/2025\\\/09\\\/01\\\/fransada-ortaokullarda-cep-telefonu-yasagi-yururluge-girdi\\\/\"]}]},{\"@type\":\"ImageObject\",\"inLanguage\":\"tr\",\"@id\":\"https:\\\/\\\/kuzeyinsesi.org\\\/index.php\\\/2025\\\/09\\\/01\\\/fransada-ortaokullarda-cep-telefonu-yasagi-yururluge-girdi\\\/#primaryimage\",\"url\":\"https:\\\/\\\/kuzeyinsesi.org\\\/wp-content\\\/uploads\\\/2025\\\/08\\\/cep-telefonu-reu-2389574.jpg\",\"contentUrl\":\"https:\\\/\\\/kuzeyinsesi.org\\\/wp-content\\\/uploads\\\/2025\\\/08\\\/cep-telefonu-reu-2389574.jpg\",\"width\":1280,\"height\":720},{\"@type\":\"BreadcrumbList\",\"@id\":\"https:\\\/\\\/kuzeyinsesi.org\\\/index.php\\\/2025\\\/09\\\/01\\\/fransada-ortaokullarda-cep-telefonu-yasagi-yururluge-girdi\\\/#breadcrumb\",\"itemListElement\":[{\"@type\":\"ListItem\",\"position\":1,\"name\":\"Anasayfa\",\"item\":\"https:\\\/\\\/kuzeyinsesi.org\\\/\"},{\"@type\":\"ListItem\",\"position\":2,\"name\":\"Fransada ortaokullarda cep telefonu yasa\u011f\u0131 y\u00fcr\u00fcrl\u00fc\u011fe girdi\"}]},{\"@type\":\"WebSite\",\"@id\":\"https:\\\/\\\/kuzeyinsesi.org\\\/#website\",\"url\":\"https:\\\/\\\/kuzeyinsesi.org\\\/\",\"name\":\"Kuzeyin Sesi\",\"description\":\"Do\u011fru Haberin Adresi\",\"potentialAction\":[{\"@type\":\"SearchAction\",\"target\":{\"@type\":\"EntryPoint\",\"urlTemplate\":\"https:\\\/\\\/kuzeyinsesi.org\\\/?s={search_term_string}\"},\"query-input\":{\"@type\":\"PropertyValueSpecification\",\"valueRequired\":true,\"valueName\":\"search_term_string\"}}],\"inLanguage\":\"tr\"},{\"@type\":\"Person\",\"@id\":\"https:\\\/\\\/kuzeyinsesi.org\\\/#\\\/schema\\\/person\\\/9f859689cdf01485597712386e37f5aa\",\"name\":\"Kuzeyin Sesi\",\"image\":{\"@type\":\"ImageObject\",\"inLanguage\":\"tr\",\"@id\":\"https:\\\/\\\/secure.gravatar.com\\\/avatar\\\/bab33852abfd8b282518d6ed81826833d77c3c882d9ab608add591ccace47a44?s=96&d=mm&r=g\",\"url\":\"https:\\\/\\\/secure.gravatar.com\\\/avatar\\\/bab33852abfd8b282518d6ed81826833d77c3c882d9ab608add591ccace47a44?s=96&d=mm&r=g\",\"contentUrl\":\"https:\\\/\\\/secure.gravatar.com\\\/avatar\\\/bab33852abfd8b282518d6ed81826833d77c3c882d9ab608add591ccace47a44?s=96&d=mm&r=g\",\"caption\":\"Kuzeyin Sesi\"},\"sameAs\":[\"https:\\\/\\\/kuzeyinsesi.org\"],\"url\":\"https:\\\/\\\/kuzeyinsesi.org\\\/index.php\\\/author\\\/guven\\\/\"}]}<\/script>\n<!-- \/ Yoast SEO plugin. -->","yoast_head_json":{"title":"Fransada ortaokullarda cep telefonu yasa\u011f\u0131 y\u00fcr\u00fcrl\u00fc\u011fe girdi - Kuzeyin Sesi","robots":{"index":"index","follow":"follow","max-snippet":"max-snippet:-1","max-image-preview":"max-image-preview:large","max-video-preview":"max-video-preview:-1"},"canonical":"https:\/\/kuzeyinsesi.org\/index.php\/2025\/09\/01\/fransada-ortaokullarda-cep-telefonu-yasagi-yururluge-girdi\/","og_locale":"tr_TR","og_type":"article","og_title":"Fransada ortaokullarda cep telefonu yasa\u011f\u0131 y\u00fcr\u00fcrl\u00fc\u011fe girdi - Kuzeyin Sesi","og_description":"&#13; Fransa Milli E\u011fitim Bakan\u0131 Elisabeth Borne, ekranlar\u0131n gen\u00e7ler \u00fczerindeki olumsuz etkilerine dikkat \u00e7ekerek, &#8220;Ekran konusu bir halk sa\u011fl\u0131\u011f\u0131 meselesidir, zihinsel sa\u011fl\u0131k meselesidir, etkilerini kimse ink\u00e2r edemez&#8221; dedi. &#13; Ge\u00e7en y\u0131l, 100 kadar okulda denenen &#8220;telefon molada&#8221; uygulamas\u0131, 2025-2026 e\u011fitim y\u0131l\u0131 itibar\u0131yla t\u00fcm devlet ortaokullar\u0131na kademeli olarak yayg\u0131nla\u015ft\u0131r\u0131l\u0131yor. &#13; \u00d6\u011frenciler, ders saatleri boyunca telefonlar\u0131n\u0131 dolaplara, [&hellip;]","og_url":"https:\/\/kuzeyinsesi.org\/index.php\/2025\/09\/01\/fransada-ortaokullarda-cep-telefonu-yasagi-yururluge-girdi\/","og_site_name":"Kuzeyin Sesi","article_publisher":"https:\/\/www.facebook.com\/kuzeyinsesii","article_published_time":"2025-09-01T15:52:23+00:00","og_image":[{"url":"https:\/\/trthaberstatic.cdn.wp.trt.com.tr\/resimler\/2388000\/cep-telefonu-reu-2389574.jpg","type":"","width":"","height":""}],"author":"Kuzeyin Sesi","twitter_card":"summary_large_image","twitter_creator":"@kuzeyinsesii","twitter_site":"@kuzeyinsesii","twitter_misc":{"Yazan:":"Kuzeyin Sesi","Tahmini okuma s\u00fcresi":"1 dakika"},"schema":{"@context":"https:\/\/schema.org","@graph":[{"@type":"Article","@id":"https:\/\/kuzeyinsesi.org\/index.php\/2025\/09\/01\/fransada-ortaokullarda-cep-telefonu-yasagi-yururluge-girdi\/#article","isPartOf":{"@id":"https:\/\/kuzeyinsesi.org\/index.php\/2025\/09\/01\/fransada-ortaokullarda-cep-telefonu-yasagi-yururluge-girdi\/"},"author":{"name":"Kuzeyin Sesi","@id":"https:\/\/kuzeyinsesi.org\/#\/schema\/person\/9f859689cdf01485597712386e37f5aa"},"headline":"Fransada ortaokullarda cep telefonu yasa\u011f\u0131 y\u00fcr\u00fcrl\u00fc\u011fe girdi","datePublished":"2025-09-01T15:52:23+00:00","mainEntityOfPage":{"@id":"https:\/\/kuzeyinsesi.org\/index.php\/2025\/09\/01\/fransada-ortaokullarda-cep-telefonu-yasagi-yururluge-girdi\/"},"wordCount":262,"commentCount":0,"image":{"@id":"https:\/\/kuzeyinsesi.org\/index.php\/2025\/09\/01\/fransada-ortaokullarda-cep-telefonu-yasagi-yururluge-girdi\/#primaryimage"},"thumbnailUrl":"https:\/\/kuzeyinsesi.org\/wp-content\/uploads\/2025\/08\/cep-telefonu-reu-2389574.jpg","articleSection":["D\u00fcnya"],"inLanguage":"tr","potentialAction":[{"@type":"CommentAction","name":"Comment","target":["https:\/\/kuzeyinsesi.org\/index.php\/2025\/09\/01\/fransada-ortaokullarda-cep-telefonu-yasagi-yururluge-girdi\/#respond"]}]},{"@type":"WebPage","@id":"https:\/\/kuzeyinsesi.org\/index.php\/2025\/09\/01\/fransada-ortaokullarda-cep-telefonu-yasagi-yururluge-girdi\/","url":"https:\/\/kuzeyinsesi.org\/index.php\/2025\/09\/01\/fransada-ortaokullarda-cep-telefonu-yasagi-yururluge-girdi\/","name":"Fransada ortaokullarda cep telefonu yasa\u011f\u0131 y\u00fcr\u00fcrl\u00fc\u011fe girdi - Kuzeyin Sesi","isPartOf":{"@id":"https:\/\/kuzeyinsesi.org\/#website"},"primaryImageOfPage":{"@id":"https:\/\/kuzeyinsesi.org\/index.php\/2025\/09\/01\/fransada-ortaokullarda-cep-telefonu-yasagi-yururluge-girdi\/#primaryimage"},"image":{"@id":"https:\/\/kuzeyinsesi.org\/index.php\/2025\/09\/01\/fransada-ortaokullarda-cep-telefonu-yasagi-yururluge-girdi\/#primaryimage"},"thumbnailUrl":"https:\/\/kuzeyinsesi.org\/wp-content\/uploads\/2025\/08\/cep-telefonu-reu-2389574.jpg","datePublished":"2025-09-01T15:52:23+00:00","author":{"@id":"https:\/\/kuzeyinsesi.org\/#\/schema\/person\/9f859689cdf01485597712386e37f5aa"},"breadcrumb":{"@id":"https:\/\/kuzeyinsesi.org\/index.php\/2025\/09\/01\/fransada-ortaokullarda-cep-telefonu-yasagi-yururluge-girdi\/#breadcrumb"},"inLanguage":"tr","potentialAction":[{"@type":"ReadAction","target":["https:\/\/kuzeyinsesi.org\/index.php\/2025\/09\/01\/fransada-ortaokullarda-cep-telefonu-yasagi-yururluge-girdi\/"]}]},{"@type":"ImageObject","inLanguage":"tr","@id":"https:\/\/kuzeyinsesi.org\/index.php\/2025\/09\/01\/fransada-ortaokullarda-cep-telefonu-yasagi-yururluge-girdi\/#primaryimage","url":"https:\/\/kuzeyinsesi.org\/wp-content\/uploads\/2025\/08\/cep-telefonu-reu-2389574.jpg","contentUrl":"https:\/\/kuzeyinsesi.org\/wp-content\/uploads\/2025\/08\/cep-telefonu-reu-2389574.jpg","width":1280,"height":720},{"@type":"BreadcrumbList","@id":"https:\/\/kuzeyinsesi.org\/index.php\/2025\/09\/01\/fransada-ortaokullarda-cep-telefonu-yasagi-yururluge-girdi\/#breadcrumb","itemListElement":[{"@type":"ListItem","position":1,"name":"Anasayfa","item":"https:\/\/kuzeyinsesi.org\/"},{"@type":"ListItem","position":2,"name":"Fransada ortaokullarda cep telefonu yasa\u011f\u0131 y\u00fcr\u00fcrl\u00fc\u011fe girdi"}]},{"@type":"WebSite","@id":"https:\/\/kuzeyinsesi.org\/#website","url":"https:\/\/kuzeyinsesi.org\/","name":"Kuzeyin Sesi","description":"Do\u011fru Haberin Adresi","potentialAction":[{"@type":"SearchAction","target":{"@type":"EntryPoint","urlTemplate":"https:\/\/kuzeyinsesi.org\/?s={search_term_string}"},"query-input":{"@type":"PropertyValueSpecification","valueRequired":true,"valueName":"search_term_string"}}],"inLanguage":"tr"},{"@type":"Person","@id":"https:\/\/kuzeyinsesi.org\/#\/schema\/person\/9f859689cdf01485597712386e37f5aa","name":"Kuzeyin Sesi","image":{"@type":"ImageObject","inLanguage":"tr","@id":"https:\/\/secure.gravatar.com\/avatar\/bab33852abfd8b282518d6ed81826833d77c3c882d9ab608add591ccace47a44?s=96&d=mm&r=g","url":"https:\/\/secure.gravatar.com\/avatar\/bab33852abfd8b282518d6ed81826833d77c3c882d9ab608add591ccace47a44?s=96&d=mm&r=g","contentUrl":"https:\/\/secure.gravatar.com\/avatar\/bab33852abfd8b282518d6ed81826833d77c3c882d9ab608add591ccace47a44?s=96&d=mm&r=g","caption":"Kuzeyin Sesi"},"sameAs":["https:\/\/kuzeyinsesi.org"],"url":"https:\/\/kuzeyinsesi.org\/index.php\/author\/guven\/"}]}},"_links":{"self":[{"href":"https:\/\/kuzeyinsesi.org\/index.php\/wp-json\/wp\/v2\/posts\/31021","targetHints":{"allow":["GET"]}}],"collection":[{"href":"https:\/\/kuzeyinsesi.org\/index.php\/wp-json\/wp\/v2\/posts"}],"about":[{"href":"https:\/\/kuzeyinsesi.org\/index.php\/wp-json\/wp\/v2\/types\/post"}],"author":[{"embeddable":true,"href":"https:\/\/kuzeyinsesi.org\/index.php\/wp-json\/wp\/v2\/users\/1"}],"replies":[{"embeddable":true,"href":"https:\/\/kuzeyinsesi.org\/index.php\/wp-json\/wp\/v2\/comments?post=31021"}],"version-history":[{"count":0,"href":"https:\/\/kuzeyinsesi.org\/index.php\/wp-json\/wp\/v2\/posts\/31021\/revisions"}],"wp:featuredmedia":[{"embeddable":true,"href":"https:\/\/kuzeyinsesi.org\/index.php\/wp-json\/wp\/v2\/media\/30306"}],"wp:attachment":[{"href":"https:\/\/kuzeyinsesi.org\/index.php\/wp-json\/wp\/v2\/media?parent=31021"}],"wp:term":[{"taxonomy":"category","embeddable":true,"href":"https:\/\/kuzeyinsesi.org\/index.php\/wp-json\/wp\/v2\/categories?post=31021"},{"taxonomy":"post_tag","embeddable":true,"href":"https:\/\/kuzeyinsesi.org\/index.php\/wp-json\/wp\/v2\/tags?post=31021"}],"curies":[{"name":"wp","href":"https:\/\/api.w.org\/{rel}","templated":true}]}}