{"id":31018,"date":"2025-09-01T17:50:20","date_gmt":"2025-09-01T14:50:20","guid":{"rendered":"https:\/\/kuzeyinsesi.org\/index.php\/2025\/09\/01\/new-york-times-abd-filistin-pasaportu-sahiplerine-vizeleri-askiya-aldi\/"},"modified":"2025-09-01T17:50:20","modified_gmt":"2025-09-01T14:50:20","slug":"new-york-times-abd-filistin-pasaportu-sahiplerine-vizeleri-askiya-aldi","status":"publish","type":"post","link":"https:\/\/kuzeyinsesi.org\/index.php\/2025\/09\/01\/new-york-times-abd-filistin-pasaportu-sahiplerine-vizeleri-askiya-aldi\/","title":{"rendered":"New York Times: ABD, Filistin pasaportu sahiplerine vizeleri ask\u0131ya ald\u0131"},"content":{"rendered":"<p><\/p>\n<div>\n<p>&#13;<br \/>\n\tNew York Times&#8217;\u0131n konuya yak\u0131n 4 ABD&#8217;li yetkiliye dayand\u0131rd\u0131\u011f\u0131 haberine g\u00f6re, Gazzelilere t\u00fcm ziyaret\u00e7i vizelerini ask\u0131ya ald\u0131\u011f\u0131n\u0131 duyuran <a href=\"https:\/\/www.trthaber.com\/etiket\/abd\/\" target=\"_blank\">ABD<\/a> y\u00f6netimi, bu konuda yeni bir ad\u0131m daha att\u0131.<\/p>\n<p>&#13;<br \/>\n\tABD D\u0131\u015fi\u015flerini Bakanl\u0131\u011f\u0131n\u0131n t\u00fcm b\u00fcy\u00fckel\u00e7iliklerine 18 A\u011fustos&#8217;ta g\u00f6nderdi\u011fi notta, <a href=\"https:\/\/www.trthaber.com\/etiket\/bati-seria\/\" target=\"_blank\">Bat\u0131 \u015eeria<\/a> ve Filistin diasporas\u0131ndan olan ki\u015filere g\u00f6\u00e7men olmayan <a href=\"https:\/\/www.trthaber.com\/etiket\/vize\/\" target=\"_blank\">vize<\/a> i\u015flemlerinin durdurulmas\u0131 emri verildi.<\/p>\n<p>&#13;<br \/>\n\tS\u00f6z konusu ad\u0131m, Filistin vizesine sahip ki\u015filere, t\u0131bbi tedavi, \u00fcniversite e\u011fitimi, ziyaret, i\u015f seyahati gibi ama\u00e7larla ABD&#8217;ye gelmeleri i\u00e7in verilen vizeleri etkiliyor.<\/p>\n<h2>&#13;<br \/>\n\tABD&#8217;den vize iptali<\/h2>\n<p>&#13;<br \/>\n\tABD D\u0131\u015fi\u015fleri Bakanl\u0131\u011f\u0131ndan 29 A\u011fustos&#8217;ta yap\u0131lan a\u00e7\u0131klamada, eyl\u00fcl ay\u0131nda New York&#8217;ta yap\u0131lacak 80. <a href=\"https:\/\/www.trthaber.com\/etiket\/birlesmis-milletler\/\" target=\"_blank\">Birle\u015fmi\u015f Milletler<\/a> (BM) Genel Kuruluna kat\u0131lmak \u00fczere ABD&#8217;ye gelecek Filistinli yetkililerin vizelerinin iptal edildi\u011fi belirtilmi\u015fti<\/p>\n<p>&#13;<br \/>\n\tA\u00e7\u0131klamada, &#8220;ABD yasalar\u0131na uygun olarak D\u0131\u015fi\u015fleri Bakan\u0131 Marco Rubio, yakla\u015fan Birle\u015fmi\u015f Milletler Genel Kurulu \u00f6ncesinde Filistin Kurtulu\u015f \u00d6rg\u00fct\u00fc ve Filistin Y\u00f6netimi \u00fcyelerinin vizelerini reddetti veya iptal etti.&#8221; ifadesi kullan\u0131lm\u0131\u015ft\u0131.<\/p>\n<p>&#13;<br \/>\n\tABD&#8217;nin bu karar\u0131 Filistin taraf\u0131nda tepki toplam\u0131\u015ft\u0131.<\/p>\n<p>&#13;<br \/>\n\t\u00d6te yandan ABD D\u0131\u015fi\u015fleri Bakanl\u0131\u011f\u0131, 16 A\u011fustos&#8217;ta, <a href=\"https:\/\/www.trthaber.com\/etiket\/gazze\/\" target=\"_blank\">Gazze<\/a> halk\u0131na t\u00fcm t\u00fcrlerde ziyaret\u00e7i vizelerini vermeyi durdurdu\u011funu duyurmu\u015ftu.<\/p>\n<\/p><\/div>\n","protected":false},"excerpt":{"rendered":"<p>&#13; New York Times&#8217;\u0131n konuya yak\u0131n 4 ABD&#8217;li yetkiliye dayand\u0131rd\u0131\u011f\u0131 haberine g\u00f6re, Gazzelilere t\u00fcm ziyaret\u00e7i vizelerini ask\u0131ya ald\u0131\u011f\u0131n\u0131 duyuran ABD y\u00f6netimi, bu konuda yeni bir ad\u0131m daha att\u0131. &#13; ABD D\u0131\u015fi\u015flerini Bakanl\u0131\u011f\u0131n\u0131n t\u00fcm b\u00fcy\u00fckel\u00e7iliklerine 18 A\u011fustos&#8217;ta g\u00f6nderdi\u011fi notta, Bat\u0131 \u015eeria ve Filistin diasporas\u0131ndan olan ki\u015filere g\u00f6\u00e7men olmayan vize i\u015flemlerinin durdurulmas\u0131 emri verildi. &#13; S\u00f6z konusu [&hellip;]<\/p>\n","protected":false},"author":1,"featured_media":30520,"comment_status":"open","ping_status":"open","sticky":false,"template":"","format":"standard","meta":{"jnews-multi-image_gallery":[],"jnews_single_post":[],"jnews_primary_category":[],"jnews_social_meta":[],"jnews_override_counter":[],"footnotes":""},"categories":[2],"tags":[],"class_list":["post-31018","post","type-post","status-publish","format-standard","has-post-thumbnail","hentry","category-dunya"],"yoast_head":"<!-- This site is optimized with the Yoast SEO plugin v27.5 - https:\/\/yoast.com\/product\/yoast-seo-wordpress\/ -->\n<title>New York Times: ABD, Filistin pasaportu sahiplerine vizeleri ask\u0131ya ald\u0131 - Kuzeyin Sesi<\/title>\n<meta name=\"robots\" content=\"index, follow, max-snippet:-1, max-image-preview:large, max-video-preview:-1\" \/>\n<link rel=\"canonical\" href=\"https:\/\/kuzeyinsesi.org\/index.php\/2025\/09\/01\/new-york-times-abd-filistin-pasaportu-sahiplerine-vizeleri-askiya-aldi\/\" \/>\n<meta property=\"og:locale\" content=\"tr_TR\" \/>\n<meta property=\"og:type\" content=\"article\" \/>\n<meta property=\"og:title\" content=\"New York Times: ABD, Filistin pasaportu sahiplerine vizeleri ask\u0131ya ald\u0131 - Kuzeyin Sesi\" \/>\n<meta property=\"og:description\" content=\"&#013; New York Times&#8217;\u0131n konuya yak\u0131n 4 ABD&#8217;li yetkiliye dayand\u0131rd\u0131\u011f\u0131 haberine g\u00f6re, Gazzelilere t\u00fcm ziyaret\u00e7i vizelerini ask\u0131ya ald\u0131\u011f\u0131n\u0131 duyuran ABD y\u00f6netimi, bu konuda yeni bir ad\u0131m daha att\u0131. &#013; ABD D\u0131\u015fi\u015flerini Bakanl\u0131\u011f\u0131n\u0131n t\u00fcm b\u00fcy\u00fckel\u00e7iliklerine 18 A\u011fustos&#8217;ta g\u00f6nderdi\u011fi notta, Bat\u0131 \u015eeria ve Filistin diasporas\u0131ndan olan ki\u015filere g\u00f6\u00e7men olmayan vize i\u015flemlerinin durdurulmas\u0131 emri verildi. &#013; S\u00f6z konusu [&hellip;]\" \/>\n<meta property=\"og:url\" content=\"https:\/\/kuzeyinsesi.org\/index.php\/2025\/09\/01\/new-york-times-abd-filistin-pasaportu-sahiplerine-vizeleri-askiya-aldi\/\" \/>\n<meta property=\"og:site_name\" content=\"Kuzeyin Sesi\" \/>\n<meta property=\"article:publisher\" content=\"https:\/\/www.facebook.com\/kuzeyinsesii\" \/>\n<meta property=\"article:published_time\" content=\"2025-09-01T14:50:20+00:00\" \/>\n<meta property=\"og:image\" content=\"https:\/\/trthaberstatic.cdn.wp.trt.com.tr\/resimler\/1510000\/abd-vize-1511959.jpg\" \/>\n<meta name=\"author\" content=\"Kuzeyin Sesi\" \/>\n<meta name=\"twitter:card\" content=\"summary_large_image\" \/>\n<meta name=\"twitter:creator\" content=\"@kuzeyinsesii\" \/>\n<meta name=\"twitter:site\" content=\"@kuzeyinsesii\" \/>\n<meta name=\"twitter:label1\" content=\"Yazan:\" \/>\n\t<meta name=\"twitter:data1\" content=\"Kuzeyin Sesi\" \/>\n\t<meta name=\"twitter:label2\" content=\"Tahmini okuma s\u00fcresi\" \/>\n\t<meta name=\"twitter:data2\" content=\"1 dakika\" \/>\n<script type=\"application\/ld+json\" class=\"yoast-schema-graph\">{\"@context\":\"https:\\\/\\\/schema.org\",\"@graph\":[{\"@type\":\"Article\",\"@id\":\"https:\\\/\\\/kuzeyinsesi.org\\\/index.php\\\/2025\\\/09\\\/01\\\/new-york-times-abd-filistin-pasaportu-sahiplerine-vizeleri-askiya-aldi\\\/#article\",\"isPartOf\":{\"@id\":\"https:\\\/\\\/kuzeyinsesi.org\\\/index.php\\\/2025\\\/09\\\/01\\\/new-york-times-abd-filistin-pasaportu-sahiplerine-vizeleri-askiya-aldi\\\/\"},\"author\":{\"name\":\"Kuzeyin Sesi\",\"@id\":\"https:\\\/\\\/kuzeyinsesi.org\\\/#\\\/schema\\\/person\\\/9f859689cdf01485597712386e37f5aa\"},\"headline\":\"New York Times: ABD, Filistin pasaportu sahiplerine vizeleri ask\u0131ya ald\u0131\",\"datePublished\":\"2025-09-01T14:50:20+00:00\",\"mainEntityOfPage\":{\"@id\":\"https:\\\/\\\/kuzeyinsesi.org\\\/index.php\\\/2025\\\/09\\\/01\\\/new-york-times-abd-filistin-pasaportu-sahiplerine-vizeleri-askiya-aldi\\\/\"},\"wordCount\":236,\"commentCount\":0,\"image\":{\"@id\":\"https:\\\/\\\/kuzeyinsesi.org\\\/index.php\\\/2025\\\/09\\\/01\\\/new-york-times-abd-filistin-pasaportu-sahiplerine-vizeleri-askiya-aldi\\\/#primaryimage\"},\"thumbnailUrl\":\"https:\\\/\\\/kuzeyinsesi.org\\\/wp-content\\\/uploads\\\/2025\\\/08\\\/abd-vize-1511959.jpg\",\"articleSection\":[\"D\u00fcnya\"],\"inLanguage\":\"tr\",\"potentialAction\":[{\"@type\":\"CommentAction\",\"name\":\"Comment\",\"target\":[\"https:\\\/\\\/kuzeyinsesi.org\\\/index.php\\\/2025\\\/09\\\/01\\\/new-york-times-abd-filistin-pasaportu-sahiplerine-vizeleri-askiya-aldi\\\/#respond\"]}]},{\"@type\":\"WebPage\",\"@id\":\"https:\\\/\\\/kuzeyinsesi.org\\\/index.php\\\/2025\\\/09\\\/01\\\/new-york-times-abd-filistin-pasaportu-sahiplerine-vizeleri-askiya-aldi\\\/\",\"url\":\"https:\\\/\\\/kuzeyinsesi.org\\\/index.php\\\/2025\\\/09\\\/01\\\/new-york-times-abd-filistin-pasaportu-sahiplerine-vizeleri-askiya-aldi\\\/\",\"name\":\"New York Times: ABD, Filistin pasaportu sahiplerine vizeleri ask\u0131ya ald\u0131 - Kuzeyin Sesi\",\"isPartOf\":{\"@id\":\"https:\\\/\\\/kuzeyinsesi.org\\\/#website\"},\"primaryImageOfPage\":{\"@id\":\"https:\\\/\\\/kuzeyinsesi.org\\\/index.php\\\/2025\\\/09\\\/01\\\/new-york-times-abd-filistin-pasaportu-sahiplerine-vizeleri-askiya-aldi\\\/#primaryimage\"},\"image\":{\"@id\":\"https:\\\/\\\/kuzeyinsesi.org\\\/index.php\\\/2025\\\/09\\\/01\\\/new-york-times-abd-filistin-pasaportu-sahiplerine-vizeleri-askiya-aldi\\\/#primaryimage\"},\"thumbnailUrl\":\"https:\\\/\\\/kuzeyinsesi.org\\\/wp-content\\\/uploads\\\/2025\\\/08\\\/abd-vize-1511959.jpg\",\"datePublished\":\"2025-09-01T14:50:20+00:00\",\"author\":{\"@id\":\"https:\\\/\\\/kuzeyinsesi.org\\\/#\\\/schema\\\/person\\\/9f859689cdf01485597712386e37f5aa\"},\"breadcrumb\":{\"@id\":\"https:\\\/\\\/kuzeyinsesi.org\\\/index.php\\\/2025\\\/09\\\/01\\\/new-york-times-abd-filistin-pasaportu-sahiplerine-vizeleri-askiya-aldi\\\/#breadcrumb\"},\"inLanguage\":\"tr\",\"potentialAction\":[{\"@type\":\"ReadAction\",\"target\":[\"https:\\\/\\\/kuzeyinsesi.org\\\/index.php\\\/2025\\\/09\\\/01\\\/new-york-times-abd-filistin-pasaportu-sahiplerine-vizeleri-askiya-aldi\\\/\"]}]},{\"@type\":\"ImageObject\",\"inLanguage\":\"tr\",\"@id\":\"https:\\\/\\\/kuzeyinsesi.org\\\/index.php\\\/2025\\\/09\\\/01\\\/new-york-times-abd-filistin-pasaportu-sahiplerine-vizeleri-askiya-aldi\\\/#primaryimage\",\"url\":\"https:\\\/\\\/kuzeyinsesi.org\\\/wp-content\\\/uploads\\\/2025\\\/08\\\/abd-vize-1511959.jpg\",\"contentUrl\":\"https:\\\/\\\/kuzeyinsesi.org\\\/wp-content\\\/uploads\\\/2025\\\/08\\\/abd-vize-1511959.jpg\",\"width\":1280,\"height\":720},{\"@type\":\"BreadcrumbList\",\"@id\":\"https:\\\/\\\/kuzeyinsesi.org\\\/index.php\\\/2025\\\/09\\\/01\\\/new-york-times-abd-filistin-pasaportu-sahiplerine-vizeleri-askiya-aldi\\\/#breadcrumb\",\"itemListElement\":[{\"@type\":\"ListItem\",\"position\":1,\"name\":\"Anasayfa\",\"item\":\"https:\\\/\\\/kuzeyinsesi.org\\\/\"},{\"@type\":\"ListItem\",\"position\":2,\"name\":\"New York Times: ABD, Filistin pasaportu sahiplerine vizeleri ask\u0131ya ald\u0131\"}]},{\"@type\":\"WebSite\",\"@id\":\"https:\\\/\\\/kuzeyinsesi.org\\\/#website\",\"url\":\"https:\\\/\\\/kuzeyinsesi.org\\\/\",\"name\":\"Kuzeyin Sesi\",\"description\":\"Do\u011fru Haberin Adresi\",\"potentialAction\":[{\"@type\":\"SearchAction\",\"target\":{\"@type\":\"EntryPoint\",\"urlTemplate\":\"https:\\\/\\\/kuzeyinsesi.org\\\/?s={search_term_string}\"},\"query-input\":{\"@type\":\"PropertyValueSpecification\",\"valueRequired\":true,\"valueName\":\"search_term_string\"}}],\"inLanguage\":\"tr\"},{\"@type\":\"Person\",\"@id\":\"https:\\\/\\\/kuzeyinsesi.org\\\/#\\\/schema\\\/person\\\/9f859689cdf01485597712386e37f5aa\",\"name\":\"Kuzeyin Sesi\",\"image\":{\"@type\":\"ImageObject\",\"inLanguage\":\"tr\",\"@id\":\"https:\\\/\\\/secure.gravatar.com\\\/avatar\\\/bab33852abfd8b282518d6ed81826833d77c3c882d9ab608add591ccace47a44?s=96&d=mm&r=g\",\"url\":\"https:\\\/\\\/secure.gravatar.com\\\/avatar\\\/bab33852abfd8b282518d6ed81826833d77c3c882d9ab608add591ccace47a44?s=96&d=mm&r=g\",\"contentUrl\":\"https:\\\/\\\/secure.gravatar.com\\\/avatar\\\/bab33852abfd8b282518d6ed81826833d77c3c882d9ab608add591ccace47a44?s=96&d=mm&r=g\",\"caption\":\"Kuzeyin Sesi\"},\"sameAs\":[\"https:\\\/\\\/kuzeyinsesi.org\"],\"url\":\"https:\\\/\\\/kuzeyinsesi.org\\\/index.php\\\/author\\\/guven\\\/\"}]}<\/script>\n<!-- \/ Yoast SEO plugin. -->","yoast_head_json":{"title":"New York Times: ABD, Filistin pasaportu sahiplerine vizeleri ask\u0131ya ald\u0131 - Kuzeyin Sesi","robots":{"index":"index","follow":"follow","max-snippet":"max-snippet:-1","max-image-preview":"max-image-preview:large","max-video-preview":"max-video-preview:-1"},"canonical":"https:\/\/kuzeyinsesi.org\/index.php\/2025\/09\/01\/new-york-times-abd-filistin-pasaportu-sahiplerine-vizeleri-askiya-aldi\/","og_locale":"tr_TR","og_type":"article","og_title":"New York Times: ABD, Filistin pasaportu sahiplerine vizeleri ask\u0131ya ald\u0131 - Kuzeyin Sesi","og_description":"&#13; New York Times&#8217;\u0131n konuya yak\u0131n 4 ABD&#8217;li yetkiliye dayand\u0131rd\u0131\u011f\u0131 haberine g\u00f6re, Gazzelilere t\u00fcm ziyaret\u00e7i vizelerini ask\u0131ya ald\u0131\u011f\u0131n\u0131 duyuran ABD y\u00f6netimi, bu konuda yeni bir ad\u0131m daha att\u0131. &#13; ABD D\u0131\u015fi\u015flerini Bakanl\u0131\u011f\u0131n\u0131n t\u00fcm b\u00fcy\u00fckel\u00e7iliklerine 18 A\u011fustos&#8217;ta g\u00f6nderdi\u011fi notta, Bat\u0131 \u015eeria ve Filistin diasporas\u0131ndan olan ki\u015filere g\u00f6\u00e7men olmayan vize i\u015flemlerinin durdurulmas\u0131 emri verildi. &#13; S\u00f6z konusu [&hellip;]","og_url":"https:\/\/kuzeyinsesi.org\/index.php\/2025\/09\/01\/new-york-times-abd-filistin-pasaportu-sahiplerine-vizeleri-askiya-aldi\/","og_site_name":"Kuzeyin Sesi","article_publisher":"https:\/\/www.facebook.com\/kuzeyinsesii","article_published_time":"2025-09-01T14:50:20+00:00","og_image":[{"url":"https:\/\/trthaberstatic.cdn.wp.trt.com.tr\/resimler\/1510000\/abd-vize-1511959.jpg","type":"","width":"","height":""}],"author":"Kuzeyin Sesi","twitter_card":"summary_large_image","twitter_creator":"@kuzeyinsesii","twitter_site":"@kuzeyinsesii","twitter_misc":{"Yazan:":"Kuzeyin Sesi","Tahmini okuma s\u00fcresi":"1 dakika"},"schema":{"@context":"https:\/\/schema.org","@graph":[{"@type":"Article","@id":"https:\/\/kuzeyinsesi.org\/index.php\/2025\/09\/01\/new-york-times-abd-filistin-pasaportu-sahiplerine-vizeleri-askiya-aldi\/#article","isPartOf":{"@id":"https:\/\/kuzeyinsesi.org\/index.php\/2025\/09\/01\/new-york-times-abd-filistin-pasaportu-sahiplerine-vizeleri-askiya-aldi\/"},"author":{"name":"Kuzeyin Sesi","@id":"https:\/\/kuzeyinsesi.org\/#\/schema\/person\/9f859689cdf01485597712386e37f5aa"},"headline":"New York Times: ABD, Filistin pasaportu sahiplerine vizeleri ask\u0131ya ald\u0131","datePublished":"2025-09-01T14:50:20+00:00","mainEntityOfPage":{"@id":"https:\/\/kuzeyinsesi.org\/index.php\/2025\/09\/01\/new-york-times-abd-filistin-pasaportu-sahiplerine-vizeleri-askiya-aldi\/"},"wordCount":236,"commentCount":0,"image":{"@id":"https:\/\/kuzeyinsesi.org\/index.php\/2025\/09\/01\/new-york-times-abd-filistin-pasaportu-sahiplerine-vizeleri-askiya-aldi\/#primaryimage"},"thumbnailUrl":"https:\/\/kuzeyinsesi.org\/wp-content\/uploads\/2025\/08\/abd-vize-1511959.jpg","articleSection":["D\u00fcnya"],"inLanguage":"tr","potentialAction":[{"@type":"CommentAction","name":"Comment","target":["https:\/\/kuzeyinsesi.org\/index.php\/2025\/09\/01\/new-york-times-abd-filistin-pasaportu-sahiplerine-vizeleri-askiya-aldi\/#respond"]}]},{"@type":"WebPage","@id":"https:\/\/kuzeyinsesi.org\/index.php\/2025\/09\/01\/new-york-times-abd-filistin-pasaportu-sahiplerine-vizeleri-askiya-aldi\/","url":"https:\/\/kuzeyinsesi.org\/index.php\/2025\/09\/01\/new-york-times-abd-filistin-pasaportu-sahiplerine-vizeleri-askiya-aldi\/","name":"New York Times: ABD, Filistin pasaportu sahiplerine vizeleri ask\u0131ya ald\u0131 - Kuzeyin Sesi","isPartOf":{"@id":"https:\/\/kuzeyinsesi.org\/#website"},"primaryImageOfPage":{"@id":"https:\/\/kuzeyinsesi.org\/index.php\/2025\/09\/01\/new-york-times-abd-filistin-pasaportu-sahiplerine-vizeleri-askiya-aldi\/#primaryimage"},"image":{"@id":"https:\/\/kuzeyinsesi.org\/index.php\/2025\/09\/01\/new-york-times-abd-filistin-pasaportu-sahiplerine-vizeleri-askiya-aldi\/#primaryimage"},"thumbnailUrl":"https:\/\/kuzeyinsesi.org\/wp-content\/uploads\/2025\/08\/abd-vize-1511959.jpg","datePublished":"2025-09-01T14:50:20+00:00","author":{"@id":"https:\/\/kuzeyinsesi.org\/#\/schema\/person\/9f859689cdf01485597712386e37f5aa"},"breadcrumb":{"@id":"https:\/\/kuzeyinsesi.org\/index.php\/2025\/09\/01\/new-york-times-abd-filistin-pasaportu-sahiplerine-vizeleri-askiya-aldi\/#breadcrumb"},"inLanguage":"tr","potentialAction":[{"@type":"ReadAction","target":["https:\/\/kuzeyinsesi.org\/index.php\/2025\/09\/01\/new-york-times-abd-filistin-pasaportu-sahiplerine-vizeleri-askiya-aldi\/"]}]},{"@type":"ImageObject","inLanguage":"tr","@id":"https:\/\/kuzeyinsesi.org\/index.php\/2025\/09\/01\/new-york-times-abd-filistin-pasaportu-sahiplerine-vizeleri-askiya-aldi\/#primaryimage","url":"https:\/\/kuzeyinsesi.org\/wp-content\/uploads\/2025\/08\/abd-vize-1511959.jpg","contentUrl":"https:\/\/kuzeyinsesi.org\/wp-content\/uploads\/2025\/08\/abd-vize-1511959.jpg","width":1280,"height":720},{"@type":"BreadcrumbList","@id":"https:\/\/kuzeyinsesi.org\/index.php\/2025\/09\/01\/new-york-times-abd-filistin-pasaportu-sahiplerine-vizeleri-askiya-aldi\/#breadcrumb","itemListElement":[{"@type":"ListItem","position":1,"name":"Anasayfa","item":"https:\/\/kuzeyinsesi.org\/"},{"@type":"ListItem","position":2,"name":"New York Times: ABD, Filistin pasaportu sahiplerine vizeleri ask\u0131ya ald\u0131"}]},{"@type":"WebSite","@id":"https:\/\/kuzeyinsesi.org\/#website","url":"https:\/\/kuzeyinsesi.org\/","name":"Kuzeyin Sesi","description":"Do\u011fru Haberin Adresi","potentialAction":[{"@type":"SearchAction","target":{"@type":"EntryPoint","urlTemplate":"https:\/\/kuzeyinsesi.org\/?s={search_term_string}"},"query-input":{"@type":"PropertyValueSpecification","valueRequired":true,"valueName":"search_term_string"}}],"inLanguage":"tr"},{"@type":"Person","@id":"https:\/\/kuzeyinsesi.org\/#\/schema\/person\/9f859689cdf01485597712386e37f5aa","name":"Kuzeyin Sesi","image":{"@type":"ImageObject","inLanguage":"tr","@id":"https:\/\/secure.gravatar.com\/avatar\/bab33852abfd8b282518d6ed81826833d77c3c882d9ab608add591ccace47a44?s=96&d=mm&r=g","url":"https:\/\/secure.gravatar.com\/avatar\/bab33852abfd8b282518d6ed81826833d77c3c882d9ab608add591ccace47a44?s=96&d=mm&r=g","contentUrl":"https:\/\/secure.gravatar.com\/avatar\/bab33852abfd8b282518d6ed81826833d77c3c882d9ab608add591ccace47a44?s=96&d=mm&r=g","caption":"Kuzeyin Sesi"},"sameAs":["https:\/\/kuzeyinsesi.org"],"url":"https:\/\/kuzeyinsesi.org\/index.php\/author\/guven\/"}]}},"_links":{"self":[{"href":"https:\/\/kuzeyinsesi.org\/index.php\/wp-json\/wp\/v2\/posts\/31018","targetHints":{"allow":["GET"]}}],"collection":[{"href":"https:\/\/kuzeyinsesi.org\/index.php\/wp-json\/wp\/v2\/posts"}],"about":[{"href":"https:\/\/kuzeyinsesi.org\/index.php\/wp-json\/wp\/v2\/types\/post"}],"author":[{"embeddable":true,"href":"https:\/\/kuzeyinsesi.org\/index.php\/wp-json\/wp\/v2\/users\/1"}],"replies":[{"embeddable":true,"href":"https:\/\/kuzeyinsesi.org\/index.php\/wp-json\/wp\/v2\/comments?post=31018"}],"version-history":[{"count":0,"href":"https:\/\/kuzeyinsesi.org\/index.php\/wp-json\/wp\/v2\/posts\/31018\/revisions"}],"wp:featuredmedia":[{"embeddable":true,"href":"https:\/\/kuzeyinsesi.org\/index.php\/wp-json\/wp\/v2\/media\/30520"}],"wp:attachment":[{"href":"https:\/\/kuzeyinsesi.org\/index.php\/wp-json\/wp\/v2\/media?parent=31018"}],"wp:term":[{"taxonomy":"category","embeddable":true,"href":"https:\/\/kuzeyinsesi.org\/index.php\/wp-json\/wp\/v2\/categories?post=31018"},{"taxonomy":"post_tag","embeddable":true,"href":"https:\/\/kuzeyinsesi.org\/index.php\/wp-json\/wp\/v2\/tags?post=31018"}],"curies":[{"name":"wp","href":"https:\/\/api.w.org\/{rel}","templated":true}]}}