{"id":31016,"date":"2025-09-01T17:19:33","date_gmt":"2025-09-01T14:19:33","guid":{"rendered":"https:\/\/kuzeyinsesi.org\/index.php\/2025\/09\/01\/whatsappa-yapay-zeka-destegi-yazim-yardimcisi-donemi-basladi\/"},"modified":"2025-09-01T17:19:33","modified_gmt":"2025-09-01T14:19:33","slug":"whatsappa-yapay-zeka-destegi-yazim-yardimcisi-donemi-basladi","status":"publish","type":"post","link":"https:\/\/kuzeyinsesi.org\/index.php\/2025\/09\/01\/whatsappa-yapay-zeka-destegi-yazim-yardimcisi-donemi-basladi\/","title":{"rendered":"WhatsAppa yapay zeka deste\u011fi: Yaz\u0131m yard\u0131mc\u0131s\u0131 d\u00f6nemi ba\u015flad\u0131"},"content":{"rendered":"<p><\/p>\n<div>\n<p>&#13;<br \/>\n\tKullan\u0131c\u0131lar, bire bir ya da grup sohbetinde yeni kalem simgesine dokunarak Yaz\u0131m Yard\u0131m\u0131\u2019n\u0131 a\u00e7abiliyor.<\/p>\n<p>&#13;<br \/>\n\tUygulama, tercih edilen \u00fcsluba g\u00f6re (profesyonel, g\u00fcndelik, esprili ve benzeri) yeniden yaz\u0131m \u00f6nerileri olu\u015fturuyor.<\/p>\n<h2>&#13;<br \/>\n\tGizlilik \u00f6n planda<\/h2>\n<p>&#13;<br \/>\n\tWhatsApp, \u00f6zelli\u011fin Private Processing teknolojisiyle geli\u015ftirildi\u011fini ve ne orijinal mesajlar\u0131n ne de yapay zek\u00e2 \u00f6nerilerinin <a href=\"https:\/\/www.trthaber.com\/etiket\/meta\/\" target=\"_blank\">Meta<\/a> ya da <a href=\"https:\/\/www.trthaber.com\/etiket\/whatsapp\/\" target=\"_blank\">WhatsApp<\/a> taraf\u0131ndan taranmad\u0131\u011f\u0131n\u0131 belirtiyor.<\/p>\n<p>&#13;<br \/>\n\t\u00d6zellik varsay\u0131lan olarak kapal\u0131 geliyor ve isteyen kullan\u0131c\u0131lar taraf\u0131ndan etkinle\u015ftiriliyor.<\/p>\n<h2>&#13;<br \/>\n\tKademeli yayg\u0131nla\u015fma<\/h2>\n<p>&#13;<br \/>\n\tYaz\u0131m Yard\u0131m\u0131, \u015fimdilik ABD\u2019de \u0130ngilizce olarak kullan\u0131ma sunuldu. WhatsApp, y\u0131l i\u00e7inde ek dil ve pazar deste\u011finin kademeli olarak devreye girece\u011fini, \u00f6zelli\u011fin d\u00fcnya genelinde milyonlarca kullan\u0131c\u0131ya ula\u015faca\u011f\u0131n\u0131 ifade ediyor.<\/p>\n<h2>&#13;<br \/>\n\tDi\u011fer denemeler<\/h2>\n<p>&#13;<br \/>\n\tUygulama, k\u0131sa s\u00fcre \u00f6nce cevaps\u0131z aramalara k\u0131sa sesli mesaj b\u0131rak\u0131lmas\u0131na imk\u00e2n veren bir \u00f6zelli\u011fi de test etmeye ba\u015flad\u0131.<\/p>\n<p>&#13;<br \/>\n\tBu \u00f6zellikle kullan\u0131c\u0131lar, yan\u0131tlanmayan aramalardan sonra ekrandaki \u201csesli mesaj kaydet\u201d k\u0131sayolunu kullanarak h\u0131zl\u0131ca not b\u0131rakabiliyor.<\/p>\n<\/p><\/div>\n","protected":false},"excerpt":{"rendered":"<p>&#13; Kullan\u0131c\u0131lar, bire bir ya da grup sohbetinde yeni kalem simgesine dokunarak Yaz\u0131m Yard\u0131m\u0131\u2019n\u0131 a\u00e7abiliyor. &#13; Uygulama, tercih edilen \u00fcsluba g\u00f6re (profesyonel, g\u00fcndelik, esprili ve benzeri) yeniden yaz\u0131m \u00f6nerileri olu\u015fturuyor. &#13; Gizlilik \u00f6n planda &#13; WhatsApp, \u00f6zelli\u011fin Private Processing teknolojisiyle geli\u015ftirildi\u011fini ve ne orijinal mesajlar\u0131n ne de yapay zek\u00e2 \u00f6nerilerinin Meta ya da WhatsApp taraf\u0131ndan [&hellip;]<\/p>\n","protected":false},"author":1,"featured_media":31017,"comment_status":"open","ping_status":"open","sticky":false,"template":"","format":"standard","meta":{"jnews-multi-image_gallery":[],"jnews_single_post":[],"jnews_primary_category":[],"jnews_social_meta":[],"jnews_override_counter":[],"footnotes":""},"categories":[2],"tags":[],"class_list":["post-31016","post","type-post","status-publish","format-standard","has-post-thumbnail","hentry","category-dunya"],"yoast_head":"<!-- This site is optimized with the Yoast SEO plugin v28.4 - https:\/\/yoast.com\/product\/yoast-seo-wordpress\/ -->\n<title>WhatsAppa yapay zeka deste\u011fi: Yaz\u0131m yard\u0131mc\u0131s\u0131 d\u00f6nemi ba\u015flad\u0131 - Kuzeyin Sesi<\/title>\n<meta name=\"robots\" content=\"index, follow, max-snippet:-1, max-image-preview:large, max-video-preview:-1\" \/>\n<link rel=\"canonical\" href=\"https:\/\/kuzeyinsesi.org\/index.php\/2025\/09\/01\/whatsappa-yapay-zeka-destegi-yazim-yardimcisi-donemi-basladi\/\" \/>\n<meta property=\"og:locale\" content=\"tr_TR\" \/>\n<meta property=\"og:type\" content=\"article\" \/>\n<meta property=\"og:title\" content=\"WhatsAppa yapay zeka deste\u011fi: Yaz\u0131m yard\u0131mc\u0131s\u0131 d\u00f6nemi ba\u015flad\u0131 - Kuzeyin Sesi\" \/>\n<meta property=\"og:description\" content=\"&#013; Kullan\u0131c\u0131lar, bire bir ya da grup sohbetinde yeni kalem simgesine dokunarak Yaz\u0131m Yard\u0131m\u0131\u2019n\u0131 a\u00e7abiliyor. &#013; Uygulama, tercih edilen \u00fcsluba g\u00f6re (profesyonel, g\u00fcndelik, esprili ve benzeri) yeniden yaz\u0131m \u00f6nerileri olu\u015fturuyor. &#013; Gizlilik \u00f6n planda &#013; WhatsApp, \u00f6zelli\u011fin Private Processing teknolojisiyle geli\u015ftirildi\u011fini ve ne orijinal mesajlar\u0131n ne de yapay zek\u00e2 \u00f6nerilerinin Meta ya da WhatsApp taraf\u0131ndan [&hellip;]\" \/>\n<meta property=\"og:url\" content=\"https:\/\/kuzeyinsesi.org\/index.php\/2025\/09\/01\/whatsappa-yapay-zeka-destegi-yazim-yardimcisi-donemi-basladi\/\" \/>\n<meta property=\"og:site_name\" content=\"Kuzeyin Sesi\" \/>\n<meta property=\"article:publisher\" content=\"https:\/\/www.facebook.com\/kuzeyinsesii\" \/>\n<meta property=\"article:published_time\" content=\"2025-09-01T14:19:33+00:00\" \/>\n<meta property=\"og:image\" content=\"https:\/\/trthaberstatic.cdn.wp.trt.com.tr\/resimler\/2016000\/whatsapp-meta-2016371.jpg\" \/>\n<meta name=\"author\" content=\"Kuzeyin Sesi\" \/>\n<meta name=\"twitter:card\" content=\"summary_large_image\" \/>\n<meta name=\"twitter:creator\" content=\"@kuzeyinsesii\" \/>\n<meta name=\"twitter:site\" content=\"@kuzeyinsesii\" \/>\n<meta name=\"twitter:label1\" content=\"Yazan:\" \/>\n\t<meta name=\"twitter:data1\" content=\"Kuzeyin Sesi\" \/>\n\t<meta name=\"twitter:label2\" content=\"Tahmini okuma s\u00fcresi\" \/>\n\t<meta name=\"twitter:data2\" content=\"1 dakika\" \/>\n<script type=\"application\/ld+json\" class=\"yoast-schema-graph\">{\"@context\":\"https:\\\/\\\/schema.org\",\"@graph\":[{\"@type\":\"Article\",\"@id\":\"https:\\\/\\\/kuzeyinsesi.org\\\/index.php\\\/2025\\\/09\\\/01\\\/whatsappa-yapay-zeka-destegi-yazim-yardimcisi-donemi-basladi\\\/#article\",\"isPartOf\":{\"@id\":\"https:\\\/\\\/kuzeyinsesi.org\\\/index.php\\\/2025\\\/09\\\/01\\\/whatsappa-yapay-zeka-destegi-yazim-yardimcisi-donemi-basladi\\\/\"},\"author\":{\"name\":\"Kuzeyin Sesi\",\"@id\":\"https:\\\/\\\/kuzeyinsesi.org\\\/#\\\/schema\\\/person\\\/9f859689cdf01485597712386e37f5aa\"},\"headline\":\"WhatsAppa yapay zeka deste\u011fi: Yaz\u0131m yard\u0131mc\u0131s\u0131 d\u00f6nemi ba\u015flad\u0131\",\"datePublished\":\"2025-09-01T14:19:33+00:00\",\"mainEntityOfPage\":{\"@id\":\"https:\\\/\\\/kuzeyinsesi.org\\\/index.php\\\/2025\\\/09\\\/01\\\/whatsappa-yapay-zeka-destegi-yazim-yardimcisi-donemi-basladi\\\/\"},\"wordCount\":197,\"commentCount\":0,\"image\":{\"@id\":\"https:\\\/\\\/kuzeyinsesi.org\\\/index.php\\\/2025\\\/09\\\/01\\\/whatsappa-yapay-zeka-destegi-yazim-yardimcisi-donemi-basladi\\\/#primaryimage\"},\"thumbnailUrl\":\"https:\\\/\\\/kuzeyinsesi.org\\\/wp-content\\\/uploads\\\/2025\\\/09\\\/whatsapp-meta-2016371.jpg\",\"articleSection\":[\"D\u00fcnya\"],\"inLanguage\":\"tr\",\"potentialAction\":[{\"@type\":\"CommentAction\",\"name\":\"Comment\",\"target\":[\"https:\\\/\\\/kuzeyinsesi.org\\\/index.php\\\/2025\\\/09\\\/01\\\/whatsappa-yapay-zeka-destegi-yazim-yardimcisi-donemi-basladi\\\/#respond\"]}]},{\"@type\":\"WebPage\",\"@id\":\"https:\\\/\\\/kuzeyinsesi.org\\\/index.php\\\/2025\\\/09\\\/01\\\/whatsappa-yapay-zeka-destegi-yazim-yardimcisi-donemi-basladi\\\/\",\"url\":\"https:\\\/\\\/kuzeyinsesi.org\\\/index.php\\\/2025\\\/09\\\/01\\\/whatsappa-yapay-zeka-destegi-yazim-yardimcisi-donemi-basladi\\\/\",\"name\":\"WhatsAppa yapay zeka deste\u011fi: Yaz\u0131m yard\u0131mc\u0131s\u0131 d\u00f6nemi ba\u015flad\u0131 - Kuzeyin Sesi\",\"isPartOf\":{\"@id\":\"https:\\\/\\\/kuzeyinsesi.org\\\/#website\"},\"primaryImageOfPage\":{\"@id\":\"https:\\\/\\\/kuzeyinsesi.org\\\/index.php\\\/2025\\\/09\\\/01\\\/whatsappa-yapay-zeka-destegi-yazim-yardimcisi-donemi-basladi\\\/#primaryimage\"},\"image\":{\"@id\":\"https:\\\/\\\/kuzeyinsesi.org\\\/index.php\\\/2025\\\/09\\\/01\\\/whatsappa-yapay-zeka-destegi-yazim-yardimcisi-donemi-basladi\\\/#primaryimage\"},\"thumbnailUrl\":\"https:\\\/\\\/kuzeyinsesi.org\\\/wp-content\\\/uploads\\\/2025\\\/09\\\/whatsapp-meta-2016371.jpg\",\"datePublished\":\"2025-09-01T14:19:33+00:00\",\"author\":{\"@id\":\"https:\\\/\\\/kuzeyinsesi.org\\\/#\\\/schema\\\/person\\\/9f859689cdf01485597712386e37f5aa\"},\"breadcrumb\":{\"@id\":\"https:\\\/\\\/kuzeyinsesi.org\\\/index.php\\\/2025\\\/09\\\/01\\\/whatsappa-yapay-zeka-destegi-yazim-yardimcisi-donemi-basladi\\\/#breadcrumb\"},\"inLanguage\":\"tr\",\"potentialAction\":[{\"@type\":\"ReadAction\",\"target\":[\"https:\\\/\\\/kuzeyinsesi.org\\\/index.php\\\/2025\\\/09\\\/01\\\/whatsappa-yapay-zeka-destegi-yazim-yardimcisi-donemi-basladi\\\/\"]}]},{\"@type\":\"ImageObject\",\"inLanguage\":\"tr\",\"@id\":\"https:\\\/\\\/kuzeyinsesi.org\\\/index.php\\\/2025\\\/09\\\/01\\\/whatsappa-yapay-zeka-destegi-yazim-yardimcisi-donemi-basladi\\\/#primaryimage\",\"url\":\"https:\\\/\\\/kuzeyinsesi.org\\\/wp-content\\\/uploads\\\/2025\\\/09\\\/whatsapp-meta-2016371.jpg\",\"contentUrl\":\"https:\\\/\\\/kuzeyinsesi.org\\\/wp-content\\\/uploads\\\/2025\\\/09\\\/whatsapp-meta-2016371.jpg\",\"width\":1280,\"height\":720},{\"@type\":\"BreadcrumbList\",\"@id\":\"https:\\\/\\\/kuzeyinsesi.org\\\/index.php\\\/2025\\\/09\\\/01\\\/whatsappa-yapay-zeka-destegi-yazim-yardimcisi-donemi-basladi\\\/#breadcrumb\",\"itemListElement\":[{\"@type\":\"ListItem\",\"position\":1,\"name\":\"Anasayfa\",\"item\":\"https:\\\/\\\/kuzeyinsesi.org\\\/\"},{\"@type\":\"ListItem\",\"position\":2,\"name\":\"WhatsAppa yapay zeka deste\u011fi: Yaz\u0131m yard\u0131mc\u0131s\u0131 d\u00f6nemi ba\u015flad\u0131\"}]},{\"@type\":\"WebSite\",\"@id\":\"https:\\\/\\\/kuzeyinsesi.org\\\/#website\",\"url\":\"https:\\\/\\\/kuzeyinsesi.org\\\/\",\"name\":\"Kuzeyin Sesi\",\"description\":\"Do\u011fru Haberin Adresi\",\"potentialAction\":[{\"@type\":\"SearchAction\",\"target\":{\"@type\":\"EntryPoint\",\"urlTemplate\":\"https:\\\/\\\/kuzeyinsesi.org\\\/?s={search_term_string}\"},\"query-input\":{\"@type\":\"PropertyValueSpecification\",\"valueRequired\":true,\"valueName\":\"search_term_string\"}}],\"inLanguage\":\"tr\"},{\"@type\":\"Person\",\"@id\":\"https:\\\/\\\/kuzeyinsesi.org\\\/#\\\/schema\\\/person\\\/9f859689cdf01485597712386e37f5aa\",\"name\":\"Kuzeyin Sesi\",\"image\":{\"@type\":\"ImageObject\",\"inLanguage\":\"tr\",\"@id\":\"https:\\\/\\\/secure.gravatar.com\\\/avatar\\\/bab33852abfd8b282518d6ed81826833d77c3c882d9ab608add591ccace47a44?s=96&d=mm&r=g\",\"url\":\"https:\\\/\\\/secure.gravatar.com\\\/avatar\\\/bab33852abfd8b282518d6ed81826833d77c3c882d9ab608add591ccace47a44?s=96&d=mm&r=g\",\"contentUrl\":\"https:\\\/\\\/secure.gravatar.com\\\/avatar\\\/bab33852abfd8b282518d6ed81826833d77c3c882d9ab608add591ccace47a44?s=96&d=mm&r=g\",\"caption\":\"Kuzeyin Sesi\"},\"sameAs\":[\"https:\\\/\\\/kuzeyinsesi.org\"],\"url\":\"https:\\\/\\\/kuzeyinsesi.org\\\/index.php\\\/author\\\/guven\\\/\"}]}<\/script>\n<!-- \/ Yoast SEO plugin. -->","yoast_head_json":{"title":"WhatsAppa yapay zeka deste\u011fi: Yaz\u0131m yard\u0131mc\u0131s\u0131 d\u00f6nemi ba\u015flad\u0131 - Kuzeyin Sesi","robots":{"index":"index","follow":"follow","max-snippet":"max-snippet:-1","max-image-preview":"max-image-preview:large","max-video-preview":"max-video-preview:-1"},"canonical":"https:\/\/kuzeyinsesi.org\/index.php\/2025\/09\/01\/whatsappa-yapay-zeka-destegi-yazim-yardimcisi-donemi-basladi\/","og_locale":"tr_TR","og_type":"article","og_title":"WhatsAppa yapay zeka deste\u011fi: Yaz\u0131m yard\u0131mc\u0131s\u0131 d\u00f6nemi ba\u015flad\u0131 - Kuzeyin Sesi","og_description":"&#13; Kullan\u0131c\u0131lar, bire bir ya da grup sohbetinde yeni kalem simgesine dokunarak Yaz\u0131m Yard\u0131m\u0131\u2019n\u0131 a\u00e7abiliyor. &#13; Uygulama, tercih edilen \u00fcsluba g\u00f6re (profesyonel, g\u00fcndelik, esprili ve benzeri) yeniden yaz\u0131m \u00f6nerileri olu\u015fturuyor. &#13; Gizlilik \u00f6n planda &#13; WhatsApp, \u00f6zelli\u011fin Private Processing teknolojisiyle geli\u015ftirildi\u011fini ve ne orijinal mesajlar\u0131n ne de yapay zek\u00e2 \u00f6nerilerinin Meta ya da WhatsApp taraf\u0131ndan [&hellip;]","og_url":"https:\/\/kuzeyinsesi.org\/index.php\/2025\/09\/01\/whatsappa-yapay-zeka-destegi-yazim-yardimcisi-donemi-basladi\/","og_site_name":"Kuzeyin Sesi","article_publisher":"https:\/\/www.facebook.com\/kuzeyinsesii","article_published_time":"2025-09-01T14:19:33+00:00","og_image":[{"url":"https:\/\/trthaberstatic.cdn.wp.trt.com.tr\/resimler\/2016000\/whatsapp-meta-2016371.jpg","type":"","width":"","height":""}],"author":"Kuzeyin Sesi","twitter_card":"summary_large_image","twitter_creator":"@kuzeyinsesii","twitter_site":"@kuzeyinsesii","twitter_misc":{"Yazan:":"Kuzeyin Sesi","Tahmini okuma s\u00fcresi":"1 dakika"},"schema":{"@context":"https:\/\/schema.org","@graph":[{"@type":"Article","@id":"https:\/\/kuzeyinsesi.org\/index.php\/2025\/09\/01\/whatsappa-yapay-zeka-destegi-yazim-yardimcisi-donemi-basladi\/#article","isPartOf":{"@id":"https:\/\/kuzeyinsesi.org\/index.php\/2025\/09\/01\/whatsappa-yapay-zeka-destegi-yazim-yardimcisi-donemi-basladi\/"},"author":{"name":"Kuzeyin Sesi","@id":"https:\/\/kuzeyinsesi.org\/#\/schema\/person\/9f859689cdf01485597712386e37f5aa"},"headline":"WhatsAppa yapay zeka deste\u011fi: Yaz\u0131m yard\u0131mc\u0131s\u0131 d\u00f6nemi ba\u015flad\u0131","datePublished":"2025-09-01T14:19:33+00:00","mainEntityOfPage":{"@id":"https:\/\/kuzeyinsesi.org\/index.php\/2025\/09\/01\/whatsappa-yapay-zeka-destegi-yazim-yardimcisi-donemi-basladi\/"},"wordCount":197,"commentCount":0,"image":{"@id":"https:\/\/kuzeyinsesi.org\/index.php\/2025\/09\/01\/whatsappa-yapay-zeka-destegi-yazim-yardimcisi-donemi-basladi\/#primaryimage"},"thumbnailUrl":"https:\/\/kuzeyinsesi.org\/wp-content\/uploads\/2025\/09\/whatsapp-meta-2016371.jpg","articleSection":["D\u00fcnya"],"inLanguage":"tr","potentialAction":[{"@type":"CommentAction","name":"Comment","target":["https:\/\/kuzeyinsesi.org\/index.php\/2025\/09\/01\/whatsappa-yapay-zeka-destegi-yazim-yardimcisi-donemi-basladi\/#respond"]}]},{"@type":"WebPage","@id":"https:\/\/kuzeyinsesi.org\/index.php\/2025\/09\/01\/whatsappa-yapay-zeka-destegi-yazim-yardimcisi-donemi-basladi\/","url":"https:\/\/kuzeyinsesi.org\/index.php\/2025\/09\/01\/whatsappa-yapay-zeka-destegi-yazim-yardimcisi-donemi-basladi\/","name":"WhatsAppa yapay zeka deste\u011fi: Yaz\u0131m yard\u0131mc\u0131s\u0131 d\u00f6nemi ba\u015flad\u0131 - Kuzeyin Sesi","isPartOf":{"@id":"https:\/\/kuzeyinsesi.org\/#website"},"primaryImageOfPage":{"@id":"https:\/\/kuzeyinsesi.org\/index.php\/2025\/09\/01\/whatsappa-yapay-zeka-destegi-yazim-yardimcisi-donemi-basladi\/#primaryimage"},"image":{"@id":"https:\/\/kuzeyinsesi.org\/index.php\/2025\/09\/01\/whatsappa-yapay-zeka-destegi-yazim-yardimcisi-donemi-basladi\/#primaryimage"},"thumbnailUrl":"https:\/\/kuzeyinsesi.org\/wp-content\/uploads\/2025\/09\/whatsapp-meta-2016371.jpg","datePublished":"2025-09-01T14:19:33+00:00","author":{"@id":"https:\/\/kuzeyinsesi.org\/#\/schema\/person\/9f859689cdf01485597712386e37f5aa"},"breadcrumb":{"@id":"https:\/\/kuzeyinsesi.org\/index.php\/2025\/09\/01\/whatsappa-yapay-zeka-destegi-yazim-yardimcisi-donemi-basladi\/#breadcrumb"},"inLanguage":"tr","potentialAction":[{"@type":"ReadAction","target":["https:\/\/kuzeyinsesi.org\/index.php\/2025\/09\/01\/whatsappa-yapay-zeka-destegi-yazim-yardimcisi-donemi-basladi\/"]}]},{"@type":"ImageObject","inLanguage":"tr","@id":"https:\/\/kuzeyinsesi.org\/index.php\/2025\/09\/01\/whatsappa-yapay-zeka-destegi-yazim-yardimcisi-donemi-basladi\/#primaryimage","url":"https:\/\/kuzeyinsesi.org\/wp-content\/uploads\/2025\/09\/whatsapp-meta-2016371.jpg","contentUrl":"https:\/\/kuzeyinsesi.org\/wp-content\/uploads\/2025\/09\/whatsapp-meta-2016371.jpg","width":1280,"height":720},{"@type":"BreadcrumbList","@id":"https:\/\/kuzeyinsesi.org\/index.php\/2025\/09\/01\/whatsappa-yapay-zeka-destegi-yazim-yardimcisi-donemi-basladi\/#breadcrumb","itemListElement":[{"@type":"ListItem","position":1,"name":"Anasayfa","item":"https:\/\/kuzeyinsesi.org\/"},{"@type":"ListItem","position":2,"name":"WhatsAppa yapay zeka deste\u011fi: Yaz\u0131m yard\u0131mc\u0131s\u0131 d\u00f6nemi ba\u015flad\u0131"}]},{"@type":"WebSite","@id":"https:\/\/kuzeyinsesi.org\/#website","url":"https:\/\/kuzeyinsesi.org\/","name":"Kuzeyin Sesi","description":"Do\u011fru Haberin Adresi","potentialAction":[{"@type":"SearchAction","target":{"@type":"EntryPoint","urlTemplate":"https:\/\/kuzeyinsesi.org\/?s={search_term_string}"},"query-input":{"@type":"PropertyValueSpecification","valueRequired":true,"valueName":"search_term_string"}}],"inLanguage":"tr"},{"@type":"Person","@id":"https:\/\/kuzeyinsesi.org\/#\/schema\/person\/9f859689cdf01485597712386e37f5aa","name":"Kuzeyin Sesi","image":{"@type":"ImageObject","inLanguage":"tr","@id":"https:\/\/secure.gravatar.com\/avatar\/bab33852abfd8b282518d6ed81826833d77c3c882d9ab608add591ccace47a44?s=96&d=mm&r=g","url":"https:\/\/secure.gravatar.com\/avatar\/bab33852abfd8b282518d6ed81826833d77c3c882d9ab608add591ccace47a44?s=96&d=mm&r=g","contentUrl":"https:\/\/secure.gravatar.com\/avatar\/bab33852abfd8b282518d6ed81826833d77c3c882d9ab608add591ccace47a44?s=96&d=mm&r=g","caption":"Kuzeyin Sesi"},"sameAs":["https:\/\/kuzeyinsesi.org"],"url":"https:\/\/kuzeyinsesi.org\/index.php\/author\/guven\/"}]}},"_links":{"self":[{"href":"https:\/\/kuzeyinsesi.org\/index.php\/wp-json\/wp\/v2\/posts\/31016","targetHints":{"allow":["GET"]}}],"collection":[{"href":"https:\/\/kuzeyinsesi.org\/index.php\/wp-json\/wp\/v2\/posts"}],"about":[{"href":"https:\/\/kuzeyinsesi.org\/index.php\/wp-json\/wp\/v2\/types\/post"}],"author":[{"embeddable":true,"href":"https:\/\/kuzeyinsesi.org\/index.php\/wp-json\/wp\/v2\/users\/1"}],"replies":[{"embeddable":true,"href":"https:\/\/kuzeyinsesi.org\/index.php\/wp-json\/wp\/v2\/comments?post=31016"}],"version-history":[{"count":0,"href":"https:\/\/kuzeyinsesi.org\/index.php\/wp-json\/wp\/v2\/posts\/31016\/revisions"}],"wp:featuredmedia":[{"embeddable":true,"href":"https:\/\/kuzeyinsesi.org\/index.php\/wp-json\/wp\/v2\/media\/31017"}],"wp:attachment":[{"href":"https:\/\/kuzeyinsesi.org\/index.php\/wp-json\/wp\/v2\/media?parent=31016"}],"wp:term":[{"taxonomy":"category","embeddable":true,"href":"https:\/\/kuzeyinsesi.org\/index.php\/wp-json\/wp\/v2\/categories?post=31016"},{"taxonomy":"post_tag","embeddable":true,"href":"https:\/\/kuzeyinsesi.org\/index.php\/wp-json\/wp\/v2\/tags?post=31016"}],"curies":[{"name":"wp","href":"https:\/\/api.w.org\/{rel}","templated":true}]}}