{"id":31014,"date":"2025-09-01T16:48:25","date_gmt":"2025-09-01T13:48:25","guid":{"rendered":"https:\/\/kuzeyinsesi.org\/index.php\/2025\/09\/01\/katil-israil-gazzedeki-aksa-sehitleri-hastanesini-14-kez-vurdu\/"},"modified":"2025-09-01T16:48:25","modified_gmt":"2025-09-01T13:48:25","slug":"katil-israil-gazzedeki-aksa-sehitleri-hastanesini-14-kez-vurdu","status":"publish","type":"post","link":"https:\/\/kuzeyinsesi.org\/index.php\/2025\/09\/01\/katil-israil-gazzedeki-aksa-sehitleri-hastanesini-14-kez-vurdu\/","title":{"rendered":"Katil \u0130srail Gazzedeki Aksa \u015eehitleri Hastanesini 14. kez vurdu"},"content":{"rendered":"<p><\/p>\n<div>\n<p>&#13;<br \/>\n\tGazze&#8217;deki h\u00fck\u00fcmetin <a href=\"https:\/\/www.trthaber.com\/etiket\/medya\/\" target=\"_blank\">Medya<\/a> Ofisinden yap\u0131lan a\u00e7\u0131klamada, <a href=\"https:\/\/www.trthaber.com\/etiket\/israil\/\" target=\"_blank\">\u0130srail<\/a> ordusuna ait <a href=\"https:\/\/www.trthaber.com\/etiket\/savas\/\" target=\"_blank\">sava\u015f<\/a> u\u00e7aklar\u0131n\u0131n, Aksa \u015eehitleri Hastanesi&#8217;ni \u00e7evreleyen duvar\u0131n i\u00e7inde yerinden edilen Filistinlilerin bar\u0131nd\u0131\u011f\u0131 \u00e7ad\u0131rlara ve yak\u0131n\u0131ndaki polikliniklere sald\u0131r\u0131 d\u00fczenledi\u011fi belirtildi.<\/p>\n<p>&#13;<br \/>\n\tA\u00e7\u0131klamada, daha \u00f6nce 13 kez hedef al\u0131nan Aksa \u015eehitleri Hastanesinin \u0130srail ordusu taraf\u0131ndan 7 Ekim 2023&#8217;ten bu yana 14. kez vuruldu\u011fu kaydedildi.<\/p>\n<p>&#13;<br \/>\n\tBombard\u0131man\u0131n ya\u015fand\u0131\u011f\u0131 b\u00f6lgede yaralanmalar\u0131n oldu\u011fu, maddi zarar\u0131n meydana geldi\u011fi ve hastanede tedavi g\u00f6ren onlarca hastan\u0131n \u00f6l\u00fcm tehlikesiyle kar\u015f\u0131 kar\u015f\u0131ya kald\u0131\u011f\u0131 ifade edildi.<\/p>\n<p>&#13;<br \/>\n\tMedya Ofisi a\u00e7\u0131klamas\u0131nda, uluslararas\u0131 topluma, <a href=\"https:\/\/www.trthaber.com\/etiket\/birlesmis-milletler\/\" target=\"_blank\">Birle\u015fmi\u015f Milletler<\/a> ve ba\u011fl\u0131 kurumlar\u0131na \u00e7a\u011fr\u0131da bulunularak, sava\u015f su\u00e7u ve <a href=\"https:\/\/www.trthaber.com\/etiket\/katliam\/\" target=\"_blank\">katliam<\/a> boyutuna ula\u015fan sald\u0131r\u0131lar\u0131n durdurulmas\u0131 i\u00e7in acilen harekete ge\u00e7ilmesi, kentteki hastaneler ile sa\u011fl\u0131k \u00e7al\u0131\u015fanlar\u0131na uluslararas\u0131 koruma sa\u011flanmas\u0131 talep edildi.<\/p>\n<\/p><\/div>\n","protected":false},"excerpt":{"rendered":"<p>&#13; Gazze&#8217;deki h\u00fck\u00fcmetin Medya Ofisinden yap\u0131lan a\u00e7\u0131klamada, \u0130srail ordusuna ait sava\u015f u\u00e7aklar\u0131n\u0131n, Aksa \u015eehitleri Hastanesi&#8217;ni \u00e7evreleyen duvar\u0131n i\u00e7inde yerinden edilen Filistinlilerin bar\u0131nd\u0131\u011f\u0131 \u00e7ad\u0131rlara ve yak\u0131n\u0131ndaki polikliniklere sald\u0131r\u0131 d\u00fczenledi\u011fi belirtildi. &#13; A\u00e7\u0131klamada, daha \u00f6nce 13 kez hedef al\u0131nan Aksa \u015eehitleri Hastanesinin \u0130srail ordusu taraf\u0131ndan 7 Ekim 2023&#8217;ten bu yana 14. kez vuruldu\u011fu kaydedildi. &#13; Bombard\u0131man\u0131n ya\u015fand\u0131\u011f\u0131 [&hellip;]<\/p>\n","protected":false},"author":1,"featured_media":31015,"comment_status":"open","ping_status":"open","sticky":false,"template":"","format":"standard","meta":{"jnews-multi-image_gallery":[],"jnews_single_post":[],"jnews_primary_category":[],"jnews_social_meta":[],"jnews_override_counter":[],"footnotes":""},"categories":[2],"tags":[],"class_list":["post-31014","post","type-post","status-publish","format-standard","has-post-thumbnail","hentry","category-dunya"],"yoast_head":"<!-- This site is optimized with the Yoast SEO plugin v28.4 - https:\/\/yoast.com\/product\/yoast-seo-wordpress\/ -->\n<title>Katil \u0130srail Gazzedeki Aksa \u015eehitleri Hastanesini 14. kez vurdu - Kuzeyin Sesi<\/title>\n<meta name=\"robots\" content=\"index, follow, max-snippet:-1, max-image-preview:large, max-video-preview:-1\" \/>\n<link rel=\"canonical\" href=\"https:\/\/kuzeyinsesi.org\/index.php\/2025\/09\/01\/katil-israil-gazzedeki-aksa-sehitleri-hastanesini-14-kez-vurdu\/\" \/>\n<meta property=\"og:locale\" content=\"tr_TR\" \/>\n<meta property=\"og:type\" content=\"article\" \/>\n<meta property=\"og:title\" content=\"Katil \u0130srail Gazzedeki Aksa \u015eehitleri Hastanesini 14. kez vurdu - Kuzeyin Sesi\" \/>\n<meta property=\"og:description\" content=\"&#013; Gazze&#8217;deki h\u00fck\u00fcmetin Medya Ofisinden yap\u0131lan a\u00e7\u0131klamada, \u0130srail ordusuna ait sava\u015f u\u00e7aklar\u0131n\u0131n, Aksa \u015eehitleri Hastanesi&#8217;ni \u00e7evreleyen duvar\u0131n i\u00e7inde yerinden edilen Filistinlilerin bar\u0131nd\u0131\u011f\u0131 \u00e7ad\u0131rlara ve yak\u0131n\u0131ndaki polikliniklere sald\u0131r\u0131 d\u00fczenledi\u011fi belirtildi. &#013; A\u00e7\u0131klamada, daha \u00f6nce 13 kez hedef al\u0131nan Aksa \u015eehitleri Hastanesinin \u0130srail ordusu taraf\u0131ndan 7 Ekim 2023&#8217;ten bu yana 14. kez vuruldu\u011fu kaydedildi. &#013; Bombard\u0131man\u0131n ya\u015fand\u0131\u011f\u0131 [&hellip;]\" \/>\n<meta property=\"og:url\" content=\"https:\/\/kuzeyinsesi.org\/index.php\/2025\/09\/01\/katil-israil-gazzedeki-aksa-sehitleri-hastanesini-14-kez-vurdu\/\" \/>\n<meta property=\"og:site_name\" content=\"Kuzeyin Sesi\" \/>\n<meta property=\"article:publisher\" content=\"https:\/\/www.facebook.com\/kuzeyinsesii\" \/>\n<meta property=\"article:published_time\" content=\"2025-09-01T13:48:25+00:00\" \/>\n<meta property=\"og:image\" content=\"https:\/\/trthaberstatic.cdn.wp.trt.com.tr\/resimler\/2232000\/aksa-hastanesi-gazze-a-2233866.jpg\" \/>\n<meta name=\"author\" content=\"Kuzeyin Sesi\" \/>\n<meta name=\"twitter:card\" content=\"summary_large_image\" \/>\n<meta name=\"twitter:creator\" content=\"@kuzeyinsesii\" \/>\n<meta name=\"twitter:site\" content=\"@kuzeyinsesii\" \/>\n<meta name=\"twitter:label1\" content=\"Yazan:\" \/>\n\t<meta name=\"twitter:data1\" content=\"Kuzeyin Sesi\" \/>\n\t<meta name=\"twitter:label2\" content=\"Tahmini okuma s\u00fcresi\" \/>\n\t<meta name=\"twitter:data2\" content=\"1 dakika\" \/>\n<script type=\"application\/ld+json\" class=\"yoast-schema-graph\">{\"@context\":\"https:\\\/\\\/schema.org\",\"@graph\":[{\"@type\":\"Article\",\"@id\":\"https:\\\/\\\/kuzeyinsesi.org\\\/index.php\\\/2025\\\/09\\\/01\\\/katil-israil-gazzedeki-aksa-sehitleri-hastanesini-14-kez-vurdu\\\/#article\",\"isPartOf\":{\"@id\":\"https:\\\/\\\/kuzeyinsesi.org\\\/index.php\\\/2025\\\/09\\\/01\\\/katil-israil-gazzedeki-aksa-sehitleri-hastanesini-14-kez-vurdu\\\/\"},\"author\":{\"name\":\"Kuzeyin Sesi\",\"@id\":\"https:\\\/\\\/kuzeyinsesi.org\\\/#\\\/schema\\\/person\\\/9f859689cdf01485597712386e37f5aa\"},\"headline\":\"Katil \u0130srail Gazzedeki Aksa \u015eehitleri Hastanesini 14. kez vurdu\",\"datePublished\":\"2025-09-01T13:48:25+00:00\",\"mainEntityOfPage\":{\"@id\":\"https:\\\/\\\/kuzeyinsesi.org\\\/index.php\\\/2025\\\/09\\\/01\\\/katil-israil-gazzedeki-aksa-sehitleri-hastanesini-14-kez-vurdu\\\/\"},\"wordCount\":164,\"commentCount\":0,\"image\":{\"@id\":\"https:\\\/\\\/kuzeyinsesi.org\\\/index.php\\\/2025\\\/09\\\/01\\\/katil-israil-gazzedeki-aksa-sehitleri-hastanesini-14-kez-vurdu\\\/#primaryimage\"},\"thumbnailUrl\":\"https:\\\/\\\/kuzeyinsesi.org\\\/wp-content\\\/uploads\\\/2025\\\/09\\\/aksa-hastanesi-gazze-a-2233866.jpg\",\"articleSection\":[\"D\u00fcnya\"],\"inLanguage\":\"tr\",\"potentialAction\":[{\"@type\":\"CommentAction\",\"name\":\"Comment\",\"target\":[\"https:\\\/\\\/kuzeyinsesi.org\\\/index.php\\\/2025\\\/09\\\/01\\\/katil-israil-gazzedeki-aksa-sehitleri-hastanesini-14-kez-vurdu\\\/#respond\"]}]},{\"@type\":\"WebPage\",\"@id\":\"https:\\\/\\\/kuzeyinsesi.org\\\/index.php\\\/2025\\\/09\\\/01\\\/katil-israil-gazzedeki-aksa-sehitleri-hastanesini-14-kez-vurdu\\\/\",\"url\":\"https:\\\/\\\/kuzeyinsesi.org\\\/index.php\\\/2025\\\/09\\\/01\\\/katil-israil-gazzedeki-aksa-sehitleri-hastanesini-14-kez-vurdu\\\/\",\"name\":\"Katil \u0130srail Gazzedeki Aksa \u015eehitleri Hastanesini 14. kez vurdu - Kuzeyin Sesi\",\"isPartOf\":{\"@id\":\"https:\\\/\\\/kuzeyinsesi.org\\\/#website\"},\"primaryImageOfPage\":{\"@id\":\"https:\\\/\\\/kuzeyinsesi.org\\\/index.php\\\/2025\\\/09\\\/01\\\/katil-israil-gazzedeki-aksa-sehitleri-hastanesini-14-kez-vurdu\\\/#primaryimage\"},\"image\":{\"@id\":\"https:\\\/\\\/kuzeyinsesi.org\\\/index.php\\\/2025\\\/09\\\/01\\\/katil-israil-gazzedeki-aksa-sehitleri-hastanesini-14-kez-vurdu\\\/#primaryimage\"},\"thumbnailUrl\":\"https:\\\/\\\/kuzeyinsesi.org\\\/wp-content\\\/uploads\\\/2025\\\/09\\\/aksa-hastanesi-gazze-a-2233866.jpg\",\"datePublished\":\"2025-09-01T13:48:25+00:00\",\"author\":{\"@id\":\"https:\\\/\\\/kuzeyinsesi.org\\\/#\\\/schema\\\/person\\\/9f859689cdf01485597712386e37f5aa\"},\"breadcrumb\":{\"@id\":\"https:\\\/\\\/kuzeyinsesi.org\\\/index.php\\\/2025\\\/09\\\/01\\\/katil-israil-gazzedeki-aksa-sehitleri-hastanesini-14-kez-vurdu\\\/#breadcrumb\"},\"inLanguage\":\"tr\",\"potentialAction\":[{\"@type\":\"ReadAction\",\"target\":[\"https:\\\/\\\/kuzeyinsesi.org\\\/index.php\\\/2025\\\/09\\\/01\\\/katil-israil-gazzedeki-aksa-sehitleri-hastanesini-14-kez-vurdu\\\/\"]}]},{\"@type\":\"ImageObject\",\"inLanguage\":\"tr\",\"@id\":\"https:\\\/\\\/kuzeyinsesi.org\\\/index.php\\\/2025\\\/09\\\/01\\\/katil-israil-gazzedeki-aksa-sehitleri-hastanesini-14-kez-vurdu\\\/#primaryimage\",\"url\":\"https:\\\/\\\/kuzeyinsesi.org\\\/wp-content\\\/uploads\\\/2025\\\/09\\\/aksa-hastanesi-gazze-a-2233866.jpg\",\"contentUrl\":\"https:\\\/\\\/kuzeyinsesi.org\\\/wp-content\\\/uploads\\\/2025\\\/09\\\/aksa-hastanesi-gazze-a-2233866.jpg\",\"width\":1280,\"height\":720},{\"@type\":\"BreadcrumbList\",\"@id\":\"https:\\\/\\\/kuzeyinsesi.org\\\/index.php\\\/2025\\\/09\\\/01\\\/katil-israil-gazzedeki-aksa-sehitleri-hastanesini-14-kez-vurdu\\\/#breadcrumb\",\"itemListElement\":[{\"@type\":\"ListItem\",\"position\":1,\"name\":\"Anasayfa\",\"item\":\"https:\\\/\\\/kuzeyinsesi.org\\\/\"},{\"@type\":\"ListItem\",\"position\":2,\"name\":\"Katil \u0130srail Gazzedeki Aksa \u015eehitleri Hastanesini 14. kez vurdu\"}]},{\"@type\":\"WebSite\",\"@id\":\"https:\\\/\\\/kuzeyinsesi.org\\\/#website\",\"url\":\"https:\\\/\\\/kuzeyinsesi.org\\\/\",\"name\":\"Kuzeyin Sesi\",\"description\":\"Do\u011fru Haberin Adresi\",\"potentialAction\":[{\"@type\":\"SearchAction\",\"target\":{\"@type\":\"EntryPoint\",\"urlTemplate\":\"https:\\\/\\\/kuzeyinsesi.org\\\/?s={search_term_string}\"},\"query-input\":{\"@type\":\"PropertyValueSpecification\",\"valueRequired\":true,\"valueName\":\"search_term_string\"}}],\"inLanguage\":\"tr\"},{\"@type\":\"Person\",\"@id\":\"https:\\\/\\\/kuzeyinsesi.org\\\/#\\\/schema\\\/person\\\/9f859689cdf01485597712386e37f5aa\",\"name\":\"Kuzeyin Sesi\",\"image\":{\"@type\":\"ImageObject\",\"inLanguage\":\"tr\",\"@id\":\"https:\\\/\\\/secure.gravatar.com\\\/avatar\\\/bab33852abfd8b282518d6ed81826833d77c3c882d9ab608add591ccace47a44?s=96&d=mm&r=g\",\"url\":\"https:\\\/\\\/secure.gravatar.com\\\/avatar\\\/bab33852abfd8b282518d6ed81826833d77c3c882d9ab608add591ccace47a44?s=96&d=mm&r=g\",\"contentUrl\":\"https:\\\/\\\/secure.gravatar.com\\\/avatar\\\/bab33852abfd8b282518d6ed81826833d77c3c882d9ab608add591ccace47a44?s=96&d=mm&r=g\",\"caption\":\"Kuzeyin Sesi\"},\"sameAs\":[\"https:\\\/\\\/kuzeyinsesi.org\"],\"url\":\"https:\\\/\\\/kuzeyinsesi.org\\\/index.php\\\/author\\\/guven\\\/\"}]}<\/script>\n<!-- \/ Yoast SEO plugin. -->","yoast_head_json":{"title":"Katil \u0130srail Gazzedeki Aksa \u015eehitleri Hastanesini 14. kez vurdu - Kuzeyin Sesi","robots":{"index":"index","follow":"follow","max-snippet":"max-snippet:-1","max-image-preview":"max-image-preview:large","max-video-preview":"max-video-preview:-1"},"canonical":"https:\/\/kuzeyinsesi.org\/index.php\/2025\/09\/01\/katil-israil-gazzedeki-aksa-sehitleri-hastanesini-14-kez-vurdu\/","og_locale":"tr_TR","og_type":"article","og_title":"Katil \u0130srail Gazzedeki Aksa \u015eehitleri Hastanesini 14. kez vurdu - Kuzeyin Sesi","og_description":"&#13; Gazze&#8217;deki h\u00fck\u00fcmetin Medya Ofisinden yap\u0131lan a\u00e7\u0131klamada, \u0130srail ordusuna ait sava\u015f u\u00e7aklar\u0131n\u0131n, Aksa \u015eehitleri Hastanesi&#8217;ni \u00e7evreleyen duvar\u0131n i\u00e7inde yerinden edilen Filistinlilerin bar\u0131nd\u0131\u011f\u0131 \u00e7ad\u0131rlara ve yak\u0131n\u0131ndaki polikliniklere sald\u0131r\u0131 d\u00fczenledi\u011fi belirtildi. &#13; A\u00e7\u0131klamada, daha \u00f6nce 13 kez hedef al\u0131nan Aksa \u015eehitleri Hastanesinin \u0130srail ordusu taraf\u0131ndan 7 Ekim 2023&#8217;ten bu yana 14. kez vuruldu\u011fu kaydedildi. &#13; Bombard\u0131man\u0131n ya\u015fand\u0131\u011f\u0131 [&hellip;]","og_url":"https:\/\/kuzeyinsesi.org\/index.php\/2025\/09\/01\/katil-israil-gazzedeki-aksa-sehitleri-hastanesini-14-kez-vurdu\/","og_site_name":"Kuzeyin Sesi","article_publisher":"https:\/\/www.facebook.com\/kuzeyinsesii","article_published_time":"2025-09-01T13:48:25+00:00","og_image":[{"url":"https:\/\/trthaberstatic.cdn.wp.trt.com.tr\/resimler\/2232000\/aksa-hastanesi-gazze-a-2233866.jpg","type":"","width":"","height":""}],"author":"Kuzeyin Sesi","twitter_card":"summary_large_image","twitter_creator":"@kuzeyinsesii","twitter_site":"@kuzeyinsesii","twitter_misc":{"Yazan:":"Kuzeyin Sesi","Tahmini okuma s\u00fcresi":"1 dakika"},"schema":{"@context":"https:\/\/schema.org","@graph":[{"@type":"Article","@id":"https:\/\/kuzeyinsesi.org\/index.php\/2025\/09\/01\/katil-israil-gazzedeki-aksa-sehitleri-hastanesini-14-kez-vurdu\/#article","isPartOf":{"@id":"https:\/\/kuzeyinsesi.org\/index.php\/2025\/09\/01\/katil-israil-gazzedeki-aksa-sehitleri-hastanesini-14-kez-vurdu\/"},"author":{"name":"Kuzeyin Sesi","@id":"https:\/\/kuzeyinsesi.org\/#\/schema\/person\/9f859689cdf01485597712386e37f5aa"},"headline":"Katil \u0130srail Gazzedeki Aksa \u015eehitleri Hastanesini 14. kez vurdu","datePublished":"2025-09-01T13:48:25+00:00","mainEntityOfPage":{"@id":"https:\/\/kuzeyinsesi.org\/index.php\/2025\/09\/01\/katil-israil-gazzedeki-aksa-sehitleri-hastanesini-14-kez-vurdu\/"},"wordCount":164,"commentCount":0,"image":{"@id":"https:\/\/kuzeyinsesi.org\/index.php\/2025\/09\/01\/katil-israil-gazzedeki-aksa-sehitleri-hastanesini-14-kez-vurdu\/#primaryimage"},"thumbnailUrl":"https:\/\/kuzeyinsesi.org\/wp-content\/uploads\/2025\/09\/aksa-hastanesi-gazze-a-2233866.jpg","articleSection":["D\u00fcnya"],"inLanguage":"tr","potentialAction":[{"@type":"CommentAction","name":"Comment","target":["https:\/\/kuzeyinsesi.org\/index.php\/2025\/09\/01\/katil-israil-gazzedeki-aksa-sehitleri-hastanesini-14-kez-vurdu\/#respond"]}]},{"@type":"WebPage","@id":"https:\/\/kuzeyinsesi.org\/index.php\/2025\/09\/01\/katil-israil-gazzedeki-aksa-sehitleri-hastanesini-14-kez-vurdu\/","url":"https:\/\/kuzeyinsesi.org\/index.php\/2025\/09\/01\/katil-israil-gazzedeki-aksa-sehitleri-hastanesini-14-kez-vurdu\/","name":"Katil \u0130srail Gazzedeki Aksa \u015eehitleri Hastanesini 14. kez vurdu - Kuzeyin Sesi","isPartOf":{"@id":"https:\/\/kuzeyinsesi.org\/#website"},"primaryImageOfPage":{"@id":"https:\/\/kuzeyinsesi.org\/index.php\/2025\/09\/01\/katil-israil-gazzedeki-aksa-sehitleri-hastanesini-14-kez-vurdu\/#primaryimage"},"image":{"@id":"https:\/\/kuzeyinsesi.org\/index.php\/2025\/09\/01\/katil-israil-gazzedeki-aksa-sehitleri-hastanesini-14-kez-vurdu\/#primaryimage"},"thumbnailUrl":"https:\/\/kuzeyinsesi.org\/wp-content\/uploads\/2025\/09\/aksa-hastanesi-gazze-a-2233866.jpg","datePublished":"2025-09-01T13:48:25+00:00","author":{"@id":"https:\/\/kuzeyinsesi.org\/#\/schema\/person\/9f859689cdf01485597712386e37f5aa"},"breadcrumb":{"@id":"https:\/\/kuzeyinsesi.org\/index.php\/2025\/09\/01\/katil-israil-gazzedeki-aksa-sehitleri-hastanesini-14-kez-vurdu\/#breadcrumb"},"inLanguage":"tr","potentialAction":[{"@type":"ReadAction","target":["https:\/\/kuzeyinsesi.org\/index.php\/2025\/09\/01\/katil-israil-gazzedeki-aksa-sehitleri-hastanesini-14-kez-vurdu\/"]}]},{"@type":"ImageObject","inLanguage":"tr","@id":"https:\/\/kuzeyinsesi.org\/index.php\/2025\/09\/01\/katil-israil-gazzedeki-aksa-sehitleri-hastanesini-14-kez-vurdu\/#primaryimage","url":"https:\/\/kuzeyinsesi.org\/wp-content\/uploads\/2025\/09\/aksa-hastanesi-gazze-a-2233866.jpg","contentUrl":"https:\/\/kuzeyinsesi.org\/wp-content\/uploads\/2025\/09\/aksa-hastanesi-gazze-a-2233866.jpg","width":1280,"height":720},{"@type":"BreadcrumbList","@id":"https:\/\/kuzeyinsesi.org\/index.php\/2025\/09\/01\/katil-israil-gazzedeki-aksa-sehitleri-hastanesini-14-kez-vurdu\/#breadcrumb","itemListElement":[{"@type":"ListItem","position":1,"name":"Anasayfa","item":"https:\/\/kuzeyinsesi.org\/"},{"@type":"ListItem","position":2,"name":"Katil \u0130srail Gazzedeki Aksa \u015eehitleri Hastanesini 14. kez vurdu"}]},{"@type":"WebSite","@id":"https:\/\/kuzeyinsesi.org\/#website","url":"https:\/\/kuzeyinsesi.org\/","name":"Kuzeyin Sesi","description":"Do\u011fru Haberin Adresi","potentialAction":[{"@type":"SearchAction","target":{"@type":"EntryPoint","urlTemplate":"https:\/\/kuzeyinsesi.org\/?s={search_term_string}"},"query-input":{"@type":"PropertyValueSpecification","valueRequired":true,"valueName":"search_term_string"}}],"inLanguage":"tr"},{"@type":"Person","@id":"https:\/\/kuzeyinsesi.org\/#\/schema\/person\/9f859689cdf01485597712386e37f5aa","name":"Kuzeyin Sesi","image":{"@type":"ImageObject","inLanguage":"tr","@id":"https:\/\/secure.gravatar.com\/avatar\/bab33852abfd8b282518d6ed81826833d77c3c882d9ab608add591ccace47a44?s=96&d=mm&r=g","url":"https:\/\/secure.gravatar.com\/avatar\/bab33852abfd8b282518d6ed81826833d77c3c882d9ab608add591ccace47a44?s=96&d=mm&r=g","contentUrl":"https:\/\/secure.gravatar.com\/avatar\/bab33852abfd8b282518d6ed81826833d77c3c882d9ab608add591ccace47a44?s=96&d=mm&r=g","caption":"Kuzeyin Sesi"},"sameAs":["https:\/\/kuzeyinsesi.org"],"url":"https:\/\/kuzeyinsesi.org\/index.php\/author\/guven\/"}]}},"_links":{"self":[{"href":"https:\/\/kuzeyinsesi.org\/index.php\/wp-json\/wp\/v2\/posts\/31014","targetHints":{"allow":["GET"]}}],"collection":[{"href":"https:\/\/kuzeyinsesi.org\/index.php\/wp-json\/wp\/v2\/posts"}],"about":[{"href":"https:\/\/kuzeyinsesi.org\/index.php\/wp-json\/wp\/v2\/types\/post"}],"author":[{"embeddable":true,"href":"https:\/\/kuzeyinsesi.org\/index.php\/wp-json\/wp\/v2\/users\/1"}],"replies":[{"embeddable":true,"href":"https:\/\/kuzeyinsesi.org\/index.php\/wp-json\/wp\/v2\/comments?post=31014"}],"version-history":[{"count":0,"href":"https:\/\/kuzeyinsesi.org\/index.php\/wp-json\/wp\/v2\/posts\/31014\/revisions"}],"wp:featuredmedia":[{"embeddable":true,"href":"https:\/\/kuzeyinsesi.org\/index.php\/wp-json\/wp\/v2\/media\/31015"}],"wp:attachment":[{"href":"https:\/\/kuzeyinsesi.org\/index.php\/wp-json\/wp\/v2\/media?parent=31014"}],"wp:term":[{"taxonomy":"category","embeddable":true,"href":"https:\/\/kuzeyinsesi.org\/index.php\/wp-json\/wp\/v2\/categories?post=31014"},{"taxonomy":"post_tag","embeddable":true,"href":"https:\/\/kuzeyinsesi.org\/index.php\/wp-json\/wp\/v2\/tags?post=31014"}],"curies":[{"name":"wp","href":"https:\/\/api.w.org\/{rel}","templated":true}]}}