{"id":31000,"date":"2025-09-01T12:38:39","date_gmt":"2025-09-01T09:38:39","guid":{"rendered":"https:\/\/kuzeyinsesi.org\/index.php\/2025\/09\/01\/kizilhac-depremin-vurdugu-afganistanin-acil-yardima-ihtiyac-duydugunu-acikladi\/"},"modified":"2025-09-01T12:38:39","modified_gmt":"2025-09-01T09:38:39","slug":"kizilhac-depremin-vurdugu-afganistanin-acil-yardima-ihtiyac-duydugunu-acikladi","status":"publish","type":"post","link":"https:\/\/kuzeyinsesi.org\/index.php\/2025\/09\/01\/kizilhac-depremin-vurdugu-afganistanin-acil-yardima-ihtiyac-duydugunu-acikladi\/","title":{"rendered":"K\u0131z\u0131lha\u00e7, depremin vurdu\u011fu Afganistan&#039;\u0131n acil yard\u0131ma ihtiya\u00e7 duydu\u011funu a\u00e7\u0131klad\u0131"},"content":{"rendered":"<p><\/p>\n<div>\n<p>&#13;<br \/>\n\tIFRC, Afganistan&#8217;da ya\u015fanan depreme ili\u015fkin yaz\u0131l\u0131 a\u00e7\u0131klama yapt\u0131.<\/p>\n<p>&#13;<br \/>\n\t<a href=\"https:\/\/www.trthaber.com\/etiket\/afganistan\/\" target=\"_blank\">Afganistan<\/a> y\u00f6netiminin, \u00fclkenin g\u00fcneydo\u011fu illerindeki y\u0131k\u0131c\u0131 depreme m\u00fcdahale etti\u011fi belirtilen a\u00e7\u0131klamada, 6 b\u00fcy\u00fckl\u00fc\u011f\u00fcnde g\u00fc\u00e7l\u00fc depremin Kunar, Nangarhar ve Laghman illerinde geni\u015f \u00e7apl\u0131 y\u0131k\u0131ma yol a\u00e7t\u0131\u011f\u0131 belirtildi.<\/p>\n<p>&#13;<br \/>\n\tA\u00e7\u0131klamada, &#8220;Bir\u00e7ok <a href=\"https:\/\/www.trthaber.com\/etiket\/aile\/\" target=\"_blank\">aile<\/a> yerinden edilmi\u015f durumda ve acil insani yard\u0131ma ihtiya\u00e7 duyuyor.&#8221; ifadesi yer ald\u0131.<\/p>\n<p>&#13;<br \/>\n\tAfgan K\u0131z\u0131lay\u0131n\u0131n, etkilenen ki\u015filere destek olmak ve acil yard\u0131m sa\u011flamak amac\u0131yla incelemelerde bulunmak \u00fczere acil durum ekipleri g\u00f6revlendirdi\u011fi aktar\u0131lan a\u00e7\u0131klamada, ambulanslar\u0131n yaral\u0131lar\u0131, tam kapasiteye ula\u015fan Nangarhar Hastanesi dahil a\u015f\u0131r\u0131 kalabal\u0131k sa\u011fl\u0131k tesislerine ta\u015f\u0131d\u0131\u011f\u0131 kaydedildi.<\/p>\n<p>&#13;<br \/>\n\tA\u00e7\u0131klamada, &#8220;Arama ve kurtarma deste\u011fi, acil sa\u011fl\u0131k hizmetleri, yiyecek ve temiz <a href=\"https:\/\/www.trthaber.com\/etiket\/su\/\" target=\"_blank\">su<\/a> ile yol eri\u015fiminin yeniden sa\u011flanmas\u0131, acil ihtiya\u00e7lar olarak \u00f6ne \u00e7\u0131k\u0131yor.&#8221; ifadeleri kullan\u0131ld\u0131.<\/p>\n<h2>&#13;<br \/>\n\tAfganistan&#8217;daki deprem<\/h2>\n<p>&#13;<br \/>\n\t<a href=\"https:\/\/www.trthaber.com\/etiket\/abd\/\" target=\"_blank\">ABD<\/a> Jeolojik Ara\u015ft\u0131rmalar Merkezi (USGS), Afganistan&#8217;\u0131n <a href=\"https:\/\/www.trthaber.com\/etiket\/pakistan\/\" target=\"_blank\">Pakistan<\/a> s\u0131n\u0131r\u0131 yak\u0131n\u0131ndaki Celalabad&#8217;\u0131n 27 kilometre kuzeydo\u011fusunda, 8 kilometre derinlikte 6 b\u00fcy\u00fckl\u00fc\u011f\u00fcnde <a href=\"https:\/\/www.trthaber.com\/etiket\/deprem\/\" target=\"_blank\">deprem<\/a> meydana geldi\u011fini duyurmu\u015ftu.<\/p>\n<p>&#13;<br \/>\n\tYerel yetkililer, bunun, \u00fclkeyi vuran en \u015fiddetli depremlerden biri oldu\u011funu bildirmi\u015fti.<\/p>\n<p>&#13;<br \/>\n\tAfganistan ge\u00e7ici h\u00fck\u00fcmeti S\u00f6zc\u00fcs\u00fc Zabihullah M\u00fccahid, d\u00fczenledi\u011fi bas\u0131n toplant\u0131s\u0131nda, d\u00fcn gece meydana gelen 6 b\u00fcy\u00fckl\u00fc\u011f\u00fcndeki depremde can kayb\u0131n\u0131n 800&#8217;\u00fc, yaral\u0131 say\u0131s\u0131n\u0131n ise 2500&#8217;\u00fc ge\u00e7ti\u011fini duyurmu\u015ftu.<\/p>\n<\/p><\/div>\n","protected":false},"excerpt":{"rendered":"<p>&#13; IFRC, Afganistan&#8217;da ya\u015fanan depreme ili\u015fkin yaz\u0131l\u0131 a\u00e7\u0131klama yapt\u0131. &#13; Afganistan y\u00f6netiminin, \u00fclkenin g\u00fcneydo\u011fu illerindeki y\u0131k\u0131c\u0131 depreme m\u00fcdahale etti\u011fi belirtilen a\u00e7\u0131klamada, 6 b\u00fcy\u00fckl\u00fc\u011f\u00fcnde g\u00fc\u00e7l\u00fc depremin Kunar, Nangarhar ve Laghman illerinde geni\u015f \u00e7apl\u0131 y\u0131k\u0131ma yol a\u00e7t\u0131\u011f\u0131 belirtildi. &#13; A\u00e7\u0131klamada, &#8220;Bir\u00e7ok aile yerinden edilmi\u015f durumda ve acil insani yard\u0131ma ihtiya\u00e7 duyuyor.&#8221; ifadesi yer ald\u0131. &#13; Afgan K\u0131z\u0131lay\u0131n\u0131n, [&hellip;]<\/p>\n","protected":false},"author":1,"featured_media":31001,"comment_status":"open","ping_status":"open","sticky":false,"template":"","format":"standard","meta":{"jnews-multi-image_gallery":[],"jnews_single_post":[],"jnews_primary_category":[],"jnews_social_meta":[],"jnews_override_counter":[],"footnotes":""},"categories":[2],"tags":[],"class_list":["post-31000","post","type-post","status-publish","format-standard","has-post-thumbnail","hentry","category-dunya"],"yoast_head":"<!-- This site is optimized with the Yoast SEO plugin v28.3 - https:\/\/yoast.com\/product\/yoast-seo-wordpress\/ -->\n<title>K\u0131z\u0131lha\u00e7, depremin vurdu\u011fu Afganistan&#039;\u0131n acil yard\u0131ma ihtiya\u00e7 duydu\u011funu a\u00e7\u0131klad\u0131 - Kuzeyin Sesi<\/title>\n<meta name=\"robots\" content=\"index, follow, max-snippet:-1, max-image-preview:large, max-video-preview:-1\" \/>\n<link rel=\"canonical\" href=\"https:\/\/kuzeyinsesi.org\/index.php\/2025\/09\/01\/kizilhac-depremin-vurdugu-afganistanin-acil-yardima-ihtiyac-duydugunu-acikladi\/\" \/>\n<meta property=\"og:locale\" content=\"tr_TR\" \/>\n<meta property=\"og:type\" content=\"article\" \/>\n<meta property=\"og:title\" content=\"K\u0131z\u0131lha\u00e7, depremin vurdu\u011fu Afganistan&#039;\u0131n acil yard\u0131ma ihtiya\u00e7 duydu\u011funu a\u00e7\u0131klad\u0131 - Kuzeyin Sesi\" \/>\n<meta property=\"og:description\" content=\"&#013; IFRC, Afganistan&#8217;da ya\u015fanan depreme ili\u015fkin yaz\u0131l\u0131 a\u00e7\u0131klama yapt\u0131. &#013; Afganistan y\u00f6netiminin, \u00fclkenin g\u00fcneydo\u011fu illerindeki y\u0131k\u0131c\u0131 depreme m\u00fcdahale etti\u011fi belirtilen a\u00e7\u0131klamada, 6 b\u00fcy\u00fckl\u00fc\u011f\u00fcnde g\u00fc\u00e7l\u00fc depremin Kunar, Nangarhar ve Laghman illerinde geni\u015f \u00e7apl\u0131 y\u0131k\u0131ma yol a\u00e7t\u0131\u011f\u0131 belirtildi. &#013; A\u00e7\u0131klamada, &#8220;Bir\u00e7ok aile yerinden edilmi\u015f durumda ve acil insani yard\u0131ma ihtiya\u00e7 duyuyor.&#8221; ifadesi yer ald\u0131. &#013; Afgan K\u0131z\u0131lay\u0131n\u0131n, [&hellip;]\" \/>\n<meta property=\"og:url\" content=\"https:\/\/kuzeyinsesi.org\/index.php\/2025\/09\/01\/kizilhac-depremin-vurdugu-afganistanin-acil-yardima-ihtiyac-duydugunu-acikladi\/\" \/>\n<meta property=\"og:site_name\" content=\"Kuzeyin Sesi\" \/>\n<meta property=\"article:publisher\" content=\"https:\/\/www.facebook.com\/kuzeyinsesii\" \/>\n<meta property=\"article:published_time\" content=\"2025-09-01T09:38:39+00:00\" \/>\n<meta property=\"og:image\" content=\"https:\/\/trthaberstatic.cdn.wp.trt.com.tr\/resimler\/2392000\/afg-2393749.jpg\" \/>\n<meta name=\"author\" content=\"Kuzeyin Sesi\" \/>\n<meta name=\"twitter:card\" content=\"summary_large_image\" \/>\n<meta name=\"twitter:creator\" content=\"@kuzeyinsesii\" \/>\n<meta name=\"twitter:site\" content=\"@kuzeyinsesii\" \/>\n<meta name=\"twitter:label1\" content=\"Yazan:\" \/>\n\t<meta name=\"twitter:data1\" content=\"Kuzeyin Sesi\" \/>\n\t<meta name=\"twitter:label2\" content=\"Tahmini okuma s\u00fcresi\" \/>\n\t<meta name=\"twitter:data2\" content=\"1 dakika\" \/>\n<script type=\"application\/ld+json\" class=\"yoast-schema-graph\">{\"@context\":\"https:\\\/\\\/schema.org\",\"@graph\":[{\"@type\":\"Article\",\"@id\":\"https:\\\/\\\/kuzeyinsesi.org\\\/index.php\\\/2025\\\/09\\\/01\\\/kizilhac-depremin-vurdugu-afganistanin-acil-yardima-ihtiyac-duydugunu-acikladi\\\/#article\",\"isPartOf\":{\"@id\":\"https:\\\/\\\/kuzeyinsesi.org\\\/index.php\\\/2025\\\/09\\\/01\\\/kizilhac-depremin-vurdugu-afganistanin-acil-yardima-ihtiyac-duydugunu-acikladi\\\/\"},\"author\":{\"name\":\"Kuzeyin Sesi\",\"@id\":\"https:\\\/\\\/kuzeyinsesi.org\\\/#\\\/schema\\\/person\\\/9f859689cdf01485597712386e37f5aa\"},\"headline\":\"K\u0131z\u0131lha\u00e7, depremin vurdu\u011fu Afganistan&#039;\u0131n acil yard\u0131ma ihtiya\u00e7 duydu\u011funu a\u00e7\u0131klad\u0131\",\"datePublished\":\"2025-09-01T09:38:39+00:00\",\"mainEntityOfPage\":{\"@id\":\"https:\\\/\\\/kuzeyinsesi.org\\\/index.php\\\/2025\\\/09\\\/01\\\/kizilhac-depremin-vurdugu-afganistanin-acil-yardima-ihtiyac-duydugunu-acikladi\\\/\"},\"wordCount\":268,\"commentCount\":0,\"image\":{\"@id\":\"https:\\\/\\\/kuzeyinsesi.org\\\/index.php\\\/2025\\\/09\\\/01\\\/kizilhac-depremin-vurdugu-afganistanin-acil-yardima-ihtiyac-duydugunu-acikladi\\\/#primaryimage\"},\"thumbnailUrl\":\"https:\\\/\\\/kuzeyinsesi.org\\\/wp-content\\\/uploads\\\/2025\\\/09\\\/afg-2393749.jpg\",\"articleSection\":[\"D\u00fcnya\"],\"inLanguage\":\"tr\",\"potentialAction\":[{\"@type\":\"CommentAction\",\"name\":\"Comment\",\"target\":[\"https:\\\/\\\/kuzeyinsesi.org\\\/index.php\\\/2025\\\/09\\\/01\\\/kizilhac-depremin-vurdugu-afganistanin-acil-yardima-ihtiyac-duydugunu-acikladi\\\/#respond\"]}]},{\"@type\":\"WebPage\",\"@id\":\"https:\\\/\\\/kuzeyinsesi.org\\\/index.php\\\/2025\\\/09\\\/01\\\/kizilhac-depremin-vurdugu-afganistanin-acil-yardima-ihtiyac-duydugunu-acikladi\\\/\",\"url\":\"https:\\\/\\\/kuzeyinsesi.org\\\/index.php\\\/2025\\\/09\\\/01\\\/kizilhac-depremin-vurdugu-afganistanin-acil-yardima-ihtiyac-duydugunu-acikladi\\\/\",\"name\":\"K\u0131z\u0131lha\u00e7, depremin vurdu\u011fu Afganistan&#039;\u0131n acil yard\u0131ma ihtiya\u00e7 duydu\u011funu a\u00e7\u0131klad\u0131 - Kuzeyin Sesi\",\"isPartOf\":{\"@id\":\"https:\\\/\\\/kuzeyinsesi.org\\\/#website\"},\"primaryImageOfPage\":{\"@id\":\"https:\\\/\\\/kuzeyinsesi.org\\\/index.php\\\/2025\\\/09\\\/01\\\/kizilhac-depremin-vurdugu-afganistanin-acil-yardima-ihtiyac-duydugunu-acikladi\\\/#primaryimage\"},\"image\":{\"@id\":\"https:\\\/\\\/kuzeyinsesi.org\\\/index.php\\\/2025\\\/09\\\/01\\\/kizilhac-depremin-vurdugu-afganistanin-acil-yardima-ihtiyac-duydugunu-acikladi\\\/#primaryimage\"},\"thumbnailUrl\":\"https:\\\/\\\/kuzeyinsesi.org\\\/wp-content\\\/uploads\\\/2025\\\/09\\\/afg-2393749.jpg\",\"datePublished\":\"2025-09-01T09:38:39+00:00\",\"author\":{\"@id\":\"https:\\\/\\\/kuzeyinsesi.org\\\/#\\\/schema\\\/person\\\/9f859689cdf01485597712386e37f5aa\"},\"breadcrumb\":{\"@id\":\"https:\\\/\\\/kuzeyinsesi.org\\\/index.php\\\/2025\\\/09\\\/01\\\/kizilhac-depremin-vurdugu-afganistanin-acil-yardima-ihtiyac-duydugunu-acikladi\\\/#breadcrumb\"},\"inLanguage\":\"tr\",\"potentialAction\":[{\"@type\":\"ReadAction\",\"target\":[\"https:\\\/\\\/kuzeyinsesi.org\\\/index.php\\\/2025\\\/09\\\/01\\\/kizilhac-depremin-vurdugu-afganistanin-acil-yardima-ihtiyac-duydugunu-acikladi\\\/\"]}]},{\"@type\":\"ImageObject\",\"inLanguage\":\"tr\",\"@id\":\"https:\\\/\\\/kuzeyinsesi.org\\\/index.php\\\/2025\\\/09\\\/01\\\/kizilhac-depremin-vurdugu-afganistanin-acil-yardima-ihtiyac-duydugunu-acikladi\\\/#primaryimage\",\"url\":\"https:\\\/\\\/kuzeyinsesi.org\\\/wp-content\\\/uploads\\\/2025\\\/09\\\/afg-2393749.jpg\",\"contentUrl\":\"https:\\\/\\\/kuzeyinsesi.org\\\/wp-content\\\/uploads\\\/2025\\\/09\\\/afg-2393749.jpg\",\"width\":1280,\"height\":720},{\"@type\":\"BreadcrumbList\",\"@id\":\"https:\\\/\\\/kuzeyinsesi.org\\\/index.php\\\/2025\\\/09\\\/01\\\/kizilhac-depremin-vurdugu-afganistanin-acil-yardima-ihtiyac-duydugunu-acikladi\\\/#breadcrumb\",\"itemListElement\":[{\"@type\":\"ListItem\",\"position\":1,\"name\":\"Anasayfa\",\"item\":\"https:\\\/\\\/kuzeyinsesi.org\\\/\"},{\"@type\":\"ListItem\",\"position\":2,\"name\":\"K\u0131z\u0131lha\u00e7, depremin vurdu\u011fu Afganistan&#039;\u0131n acil yard\u0131ma ihtiya\u00e7 duydu\u011funu a\u00e7\u0131klad\u0131\"}]},{\"@type\":\"WebSite\",\"@id\":\"https:\\\/\\\/kuzeyinsesi.org\\\/#website\",\"url\":\"https:\\\/\\\/kuzeyinsesi.org\\\/\",\"name\":\"Kuzeyin Sesi\",\"description\":\"Do\u011fru Haberin Adresi\",\"potentialAction\":[{\"@type\":\"SearchAction\",\"target\":{\"@type\":\"EntryPoint\",\"urlTemplate\":\"https:\\\/\\\/kuzeyinsesi.org\\\/?s={search_term_string}\"},\"query-input\":{\"@type\":\"PropertyValueSpecification\",\"valueRequired\":true,\"valueName\":\"search_term_string\"}}],\"inLanguage\":\"tr\"},{\"@type\":\"Person\",\"@id\":\"https:\\\/\\\/kuzeyinsesi.org\\\/#\\\/schema\\\/person\\\/9f859689cdf01485597712386e37f5aa\",\"name\":\"Kuzeyin Sesi\",\"image\":{\"@type\":\"ImageObject\",\"inLanguage\":\"tr\",\"@id\":\"https:\\\/\\\/secure.gravatar.com\\\/avatar\\\/bab33852abfd8b282518d6ed81826833d77c3c882d9ab608add591ccace47a44?s=96&d=mm&r=g\",\"url\":\"https:\\\/\\\/secure.gravatar.com\\\/avatar\\\/bab33852abfd8b282518d6ed81826833d77c3c882d9ab608add591ccace47a44?s=96&d=mm&r=g\",\"contentUrl\":\"https:\\\/\\\/secure.gravatar.com\\\/avatar\\\/bab33852abfd8b282518d6ed81826833d77c3c882d9ab608add591ccace47a44?s=96&d=mm&r=g\",\"caption\":\"Kuzeyin Sesi\"},\"sameAs\":[\"https:\\\/\\\/kuzeyinsesi.org\"],\"url\":\"https:\\\/\\\/kuzeyinsesi.org\\\/index.php\\\/author\\\/guven\\\/\"}]}<\/script>\n<!-- \/ Yoast SEO plugin. -->","yoast_head_json":{"title":"K\u0131z\u0131lha\u00e7, depremin vurdu\u011fu Afganistan&#039;\u0131n acil yard\u0131ma ihtiya\u00e7 duydu\u011funu a\u00e7\u0131klad\u0131 - Kuzeyin Sesi","robots":{"index":"index","follow":"follow","max-snippet":"max-snippet:-1","max-image-preview":"max-image-preview:large","max-video-preview":"max-video-preview:-1"},"canonical":"https:\/\/kuzeyinsesi.org\/index.php\/2025\/09\/01\/kizilhac-depremin-vurdugu-afganistanin-acil-yardima-ihtiyac-duydugunu-acikladi\/","og_locale":"tr_TR","og_type":"article","og_title":"K\u0131z\u0131lha\u00e7, depremin vurdu\u011fu Afganistan&#039;\u0131n acil yard\u0131ma ihtiya\u00e7 duydu\u011funu a\u00e7\u0131klad\u0131 - Kuzeyin Sesi","og_description":"&#13; IFRC, Afganistan&#8217;da ya\u015fanan depreme ili\u015fkin yaz\u0131l\u0131 a\u00e7\u0131klama yapt\u0131. &#13; Afganistan y\u00f6netiminin, \u00fclkenin g\u00fcneydo\u011fu illerindeki y\u0131k\u0131c\u0131 depreme m\u00fcdahale etti\u011fi belirtilen a\u00e7\u0131klamada, 6 b\u00fcy\u00fckl\u00fc\u011f\u00fcnde g\u00fc\u00e7l\u00fc depremin Kunar, Nangarhar ve Laghman illerinde geni\u015f \u00e7apl\u0131 y\u0131k\u0131ma yol a\u00e7t\u0131\u011f\u0131 belirtildi. &#13; A\u00e7\u0131klamada, &#8220;Bir\u00e7ok aile yerinden edilmi\u015f durumda ve acil insani yard\u0131ma ihtiya\u00e7 duyuyor.&#8221; ifadesi yer ald\u0131. &#13; Afgan K\u0131z\u0131lay\u0131n\u0131n, [&hellip;]","og_url":"https:\/\/kuzeyinsesi.org\/index.php\/2025\/09\/01\/kizilhac-depremin-vurdugu-afganistanin-acil-yardima-ihtiyac-duydugunu-acikladi\/","og_site_name":"Kuzeyin Sesi","article_publisher":"https:\/\/www.facebook.com\/kuzeyinsesii","article_published_time":"2025-09-01T09:38:39+00:00","og_image":[{"url":"https:\/\/trthaberstatic.cdn.wp.trt.com.tr\/resimler\/2392000\/afg-2393749.jpg","type":"","width":"","height":""}],"author":"Kuzeyin Sesi","twitter_card":"summary_large_image","twitter_creator":"@kuzeyinsesii","twitter_site":"@kuzeyinsesii","twitter_misc":{"Yazan:":"Kuzeyin Sesi","Tahmini okuma s\u00fcresi":"1 dakika"},"schema":{"@context":"https:\/\/schema.org","@graph":[{"@type":"Article","@id":"https:\/\/kuzeyinsesi.org\/index.php\/2025\/09\/01\/kizilhac-depremin-vurdugu-afganistanin-acil-yardima-ihtiyac-duydugunu-acikladi\/#article","isPartOf":{"@id":"https:\/\/kuzeyinsesi.org\/index.php\/2025\/09\/01\/kizilhac-depremin-vurdugu-afganistanin-acil-yardima-ihtiyac-duydugunu-acikladi\/"},"author":{"name":"Kuzeyin Sesi","@id":"https:\/\/kuzeyinsesi.org\/#\/schema\/person\/9f859689cdf01485597712386e37f5aa"},"headline":"K\u0131z\u0131lha\u00e7, depremin vurdu\u011fu Afganistan&#039;\u0131n acil yard\u0131ma ihtiya\u00e7 duydu\u011funu a\u00e7\u0131klad\u0131","datePublished":"2025-09-01T09:38:39+00:00","mainEntityOfPage":{"@id":"https:\/\/kuzeyinsesi.org\/index.php\/2025\/09\/01\/kizilhac-depremin-vurdugu-afganistanin-acil-yardima-ihtiyac-duydugunu-acikladi\/"},"wordCount":268,"commentCount":0,"image":{"@id":"https:\/\/kuzeyinsesi.org\/index.php\/2025\/09\/01\/kizilhac-depremin-vurdugu-afganistanin-acil-yardima-ihtiyac-duydugunu-acikladi\/#primaryimage"},"thumbnailUrl":"https:\/\/kuzeyinsesi.org\/wp-content\/uploads\/2025\/09\/afg-2393749.jpg","articleSection":["D\u00fcnya"],"inLanguage":"tr","potentialAction":[{"@type":"CommentAction","name":"Comment","target":["https:\/\/kuzeyinsesi.org\/index.php\/2025\/09\/01\/kizilhac-depremin-vurdugu-afganistanin-acil-yardima-ihtiyac-duydugunu-acikladi\/#respond"]}]},{"@type":"WebPage","@id":"https:\/\/kuzeyinsesi.org\/index.php\/2025\/09\/01\/kizilhac-depremin-vurdugu-afganistanin-acil-yardima-ihtiyac-duydugunu-acikladi\/","url":"https:\/\/kuzeyinsesi.org\/index.php\/2025\/09\/01\/kizilhac-depremin-vurdugu-afganistanin-acil-yardima-ihtiyac-duydugunu-acikladi\/","name":"K\u0131z\u0131lha\u00e7, depremin vurdu\u011fu Afganistan&#039;\u0131n acil yard\u0131ma ihtiya\u00e7 duydu\u011funu a\u00e7\u0131klad\u0131 - Kuzeyin Sesi","isPartOf":{"@id":"https:\/\/kuzeyinsesi.org\/#website"},"primaryImageOfPage":{"@id":"https:\/\/kuzeyinsesi.org\/index.php\/2025\/09\/01\/kizilhac-depremin-vurdugu-afganistanin-acil-yardima-ihtiyac-duydugunu-acikladi\/#primaryimage"},"image":{"@id":"https:\/\/kuzeyinsesi.org\/index.php\/2025\/09\/01\/kizilhac-depremin-vurdugu-afganistanin-acil-yardima-ihtiyac-duydugunu-acikladi\/#primaryimage"},"thumbnailUrl":"https:\/\/kuzeyinsesi.org\/wp-content\/uploads\/2025\/09\/afg-2393749.jpg","datePublished":"2025-09-01T09:38:39+00:00","author":{"@id":"https:\/\/kuzeyinsesi.org\/#\/schema\/person\/9f859689cdf01485597712386e37f5aa"},"breadcrumb":{"@id":"https:\/\/kuzeyinsesi.org\/index.php\/2025\/09\/01\/kizilhac-depremin-vurdugu-afganistanin-acil-yardima-ihtiyac-duydugunu-acikladi\/#breadcrumb"},"inLanguage":"tr","potentialAction":[{"@type":"ReadAction","target":["https:\/\/kuzeyinsesi.org\/index.php\/2025\/09\/01\/kizilhac-depremin-vurdugu-afganistanin-acil-yardima-ihtiyac-duydugunu-acikladi\/"]}]},{"@type":"ImageObject","inLanguage":"tr","@id":"https:\/\/kuzeyinsesi.org\/index.php\/2025\/09\/01\/kizilhac-depremin-vurdugu-afganistanin-acil-yardima-ihtiyac-duydugunu-acikladi\/#primaryimage","url":"https:\/\/kuzeyinsesi.org\/wp-content\/uploads\/2025\/09\/afg-2393749.jpg","contentUrl":"https:\/\/kuzeyinsesi.org\/wp-content\/uploads\/2025\/09\/afg-2393749.jpg","width":1280,"height":720},{"@type":"BreadcrumbList","@id":"https:\/\/kuzeyinsesi.org\/index.php\/2025\/09\/01\/kizilhac-depremin-vurdugu-afganistanin-acil-yardima-ihtiyac-duydugunu-acikladi\/#breadcrumb","itemListElement":[{"@type":"ListItem","position":1,"name":"Anasayfa","item":"https:\/\/kuzeyinsesi.org\/"},{"@type":"ListItem","position":2,"name":"K\u0131z\u0131lha\u00e7, depremin vurdu\u011fu Afganistan&#039;\u0131n acil yard\u0131ma ihtiya\u00e7 duydu\u011funu a\u00e7\u0131klad\u0131"}]},{"@type":"WebSite","@id":"https:\/\/kuzeyinsesi.org\/#website","url":"https:\/\/kuzeyinsesi.org\/","name":"Kuzeyin Sesi","description":"Do\u011fru Haberin Adresi","potentialAction":[{"@type":"SearchAction","target":{"@type":"EntryPoint","urlTemplate":"https:\/\/kuzeyinsesi.org\/?s={search_term_string}"},"query-input":{"@type":"PropertyValueSpecification","valueRequired":true,"valueName":"search_term_string"}}],"inLanguage":"tr"},{"@type":"Person","@id":"https:\/\/kuzeyinsesi.org\/#\/schema\/person\/9f859689cdf01485597712386e37f5aa","name":"Kuzeyin Sesi","image":{"@type":"ImageObject","inLanguage":"tr","@id":"https:\/\/secure.gravatar.com\/avatar\/bab33852abfd8b282518d6ed81826833d77c3c882d9ab608add591ccace47a44?s=96&d=mm&r=g","url":"https:\/\/secure.gravatar.com\/avatar\/bab33852abfd8b282518d6ed81826833d77c3c882d9ab608add591ccace47a44?s=96&d=mm&r=g","contentUrl":"https:\/\/secure.gravatar.com\/avatar\/bab33852abfd8b282518d6ed81826833d77c3c882d9ab608add591ccace47a44?s=96&d=mm&r=g","caption":"Kuzeyin Sesi"},"sameAs":["https:\/\/kuzeyinsesi.org"],"url":"https:\/\/kuzeyinsesi.org\/index.php\/author\/guven\/"}]}},"_links":{"self":[{"href":"https:\/\/kuzeyinsesi.org\/index.php\/wp-json\/wp\/v2\/posts\/31000","targetHints":{"allow":["GET"]}}],"collection":[{"href":"https:\/\/kuzeyinsesi.org\/index.php\/wp-json\/wp\/v2\/posts"}],"about":[{"href":"https:\/\/kuzeyinsesi.org\/index.php\/wp-json\/wp\/v2\/types\/post"}],"author":[{"embeddable":true,"href":"https:\/\/kuzeyinsesi.org\/index.php\/wp-json\/wp\/v2\/users\/1"}],"replies":[{"embeddable":true,"href":"https:\/\/kuzeyinsesi.org\/index.php\/wp-json\/wp\/v2\/comments?post=31000"}],"version-history":[{"count":0,"href":"https:\/\/kuzeyinsesi.org\/index.php\/wp-json\/wp\/v2\/posts\/31000\/revisions"}],"wp:featuredmedia":[{"embeddable":true,"href":"https:\/\/kuzeyinsesi.org\/index.php\/wp-json\/wp\/v2\/media\/31001"}],"wp:attachment":[{"href":"https:\/\/kuzeyinsesi.org\/index.php\/wp-json\/wp\/v2\/media?parent=31000"}],"wp:term":[{"taxonomy":"category","embeddable":true,"href":"https:\/\/kuzeyinsesi.org\/index.php\/wp-json\/wp\/v2\/categories?post=31000"},{"taxonomy":"post_tag","embeddable":true,"href":"https:\/\/kuzeyinsesi.org\/index.php\/wp-json\/wp\/v2\/tags?post=31000"}],"curies":[{"name":"wp","href":"https:\/\/api.w.org\/{rel}","templated":true}]}}