{"id":30998,"date":"2025-09-01T12:08:06","date_gmt":"2025-09-01T09:08:06","guid":{"rendered":"https:\/\/kuzeyinsesi.org\/index.php\/2025\/09\/01\/kassam-tugaylari-gazzede-israil-askerlerini-tasiyan-arac-etkisiz-hale-getirildi\/"},"modified":"2025-09-01T12:08:06","modified_gmt":"2025-09-01T09:08:06","slug":"kassam-tugaylari-gazzede-israil-askerlerini-tasiyan-arac-etkisiz-hale-getirildi","status":"publish","type":"post","link":"https:\/\/kuzeyinsesi.org\/index.php\/2025\/09\/01\/kassam-tugaylari-gazzede-israil-askerlerini-tasiyan-arac-etkisiz-hale-getirildi\/","title":{"rendered":"Kassam Tugaylar\u0131: Gazze&#039;de \u0130srail askerlerini ta\u015f\u0131yan ara\u00e7 etkisiz hale getirildi"},"content":{"rendered":"<p><\/p>\n<div>\n<p>&#13;<br \/>\n\tKassam Tugaylar\u0131ndan yap\u0131lan a\u00e7\u0131klamada, Cibaliya beldesinin bat\u0131s\u0131ndaki Nezle b\u00f6lgesinde <a href=\"https:\/\/www.trthaber.com\/etiket\/israil\/\" target=\"_blank\">\u0130srail<\/a> askerlerini ta\u015f\u0131yan bir arac\u0131n y\u00fcksek patlay\u0131c\u0131l\u0131 yer bombas\u0131yla patlat\u0131ld\u0131\u011f\u0131, arac\u0131n alev ald\u0131\u011f\u0131 ifade edildi.<\/p>\n<p>&#13;<br \/>\n\t\u0130srail ordusuna ait helikopterlerin askerleri tahliye i\u00e7in b\u00f6lgede geldi\u011fi g\u00f6r\u00fcld\u00fc.<\/p>\n<h2>&#13;<br \/>\n\t\u0130srail&#8217;in <a href=\"https:\/\/www.trthaber.com\/etiket\/gazze\/\" target=\"_blank\">Gazze<\/a> \u015eeridi&#8217;ne y\u00f6nelik sald\u0131r\u0131lar\u0131<\/h2>\n<p>&#13;<br \/>\n\t\u0130srail ordusu, Gazze \u015eeridi&#8217;nde 19 Ocak&#8217;ta y\u00fcr\u00fcrl\u00fc\u011fe giren ate\u015fkesin ard\u0131ndan 18 Mart sabah\u0131 \u015fiddetli sald\u0131r\u0131lar\u0131na yeniden ba\u015flad\u0131.<\/p>\n<p>&#13;<br \/>\n\t\u0130srail&#8217;in Gazze \u015eeridi&#8217;ne 7 Ekim 2023&#8217;ten bu yana d\u00fczenledi\u011fi sald\u0131r\u0131larda en az 63 bin 459 Filistinli hayat\u0131n\u0131 kaybetti, 160 bin 256 ki\u015fi de yaraland\u0131.<\/p>\n<p>&#13;<br \/>\n\t\u0130srail&#8217;in ate\u015fkesi bozdu\u011fu 18 Mart&#8217;tan itibaren Gazze&#8217;ye d\u00fczenledi\u011fi sald\u0131r\u0131lar\u0131nda ise 11 bin 328 ki\u015fi ya\u015fam\u0131n\u0131 yitirdi, 48 bin 215 ki\u015fi yaraland\u0131.<\/p>\n<p>&#13;<br \/>\n\tGazze&#8217;de 27 May\u0131s&#8217;tan bu yana \u0130srail-ABD g\u00fcd\u00fcml\u00fc &#8220;Gazze \u0130nsani Yard\u0131m Vakf\u0131&#8221; taraf\u0131ndan insani yard\u0131m ad\u0131 alt\u0131nda kurulan da\u011f\u0131t\u0131m b\u00f6lgelerinde Filistinlilerin hedef al\u0131nd\u0131\u011f\u0131 sistematik sald\u0131r\u0131lar sonucu \u00f6lenlerin say\u0131s\u0131 2 bin 248&#8217;e \u00e7\u0131kt\u0131, yaral\u0131lar\u0131n say\u0131s\u0131 da 16 bin 600 oldu.<\/p>\n<p>&#13;<br \/>\n\t\u0130srail ordusu, Gazze \u015eeridi\u2019nde i\u015fgali geni\u015fletecek ve kal\u0131c\u0131 hale getirecek sald\u0131r\u0131 plan\u0131n\u0131 uygulamaya ba\u015flad\u0131. Ba\u015fbakan Binyamin Netanyahu, Gazze \u015eeridi\u2019nin tamam\u0131n\u0131 i\u015fgal edeceklerini duyurdu.<\/p>\n<\/p><\/div>\n","protected":false},"excerpt":{"rendered":"<p>&#13; Kassam Tugaylar\u0131ndan yap\u0131lan a\u00e7\u0131klamada, Cibaliya beldesinin bat\u0131s\u0131ndaki Nezle b\u00f6lgesinde \u0130srail askerlerini ta\u015f\u0131yan bir arac\u0131n y\u00fcksek patlay\u0131c\u0131l\u0131 yer bombas\u0131yla patlat\u0131ld\u0131\u011f\u0131, arac\u0131n alev ald\u0131\u011f\u0131 ifade edildi. &#13; \u0130srail ordusuna ait helikopterlerin askerleri tahliye i\u00e7in b\u00f6lgede geldi\u011fi g\u00f6r\u00fcld\u00fc. &#13; \u0130srail&#8217;in Gazze \u015eeridi&#8217;ne y\u00f6nelik sald\u0131r\u0131lar\u0131 &#13; \u0130srail ordusu, Gazze \u015eeridi&#8217;nde 19 Ocak&#8217;ta y\u00fcr\u00fcrl\u00fc\u011fe giren ate\u015fkesin ard\u0131ndan 18 Mart [&hellip;]<\/p>\n","protected":false},"author":1,"featured_media":30999,"comment_status":"open","ping_status":"open","sticky":false,"template":"","format":"standard","meta":{"jnews-multi-image_gallery":[],"jnews_single_post":[],"jnews_primary_category":[],"jnews_social_meta":[],"jnews_override_counter":[],"footnotes":""},"categories":[2],"tags":[],"class_list":["post-30998","post","type-post","status-publish","format-standard","has-post-thumbnail","hentry","category-dunya"],"yoast_head":"<!-- This site is optimized with the Yoast SEO plugin v28.3 - https:\/\/yoast.com\/product\/yoast-seo-wordpress\/ -->\n<title>Kassam Tugaylar\u0131: Gazze&#039;de \u0130srail askerlerini ta\u015f\u0131yan ara\u00e7 etkisiz hale getirildi - Kuzeyin Sesi<\/title>\n<meta name=\"robots\" content=\"index, follow, max-snippet:-1, max-image-preview:large, max-video-preview:-1\" \/>\n<link rel=\"canonical\" href=\"https:\/\/kuzeyinsesi.org\/index.php\/2025\/09\/01\/kassam-tugaylari-gazzede-israil-askerlerini-tasiyan-arac-etkisiz-hale-getirildi\/\" \/>\n<meta property=\"og:locale\" content=\"tr_TR\" \/>\n<meta property=\"og:type\" content=\"article\" \/>\n<meta property=\"og:title\" content=\"Kassam Tugaylar\u0131: Gazze&#039;de \u0130srail askerlerini ta\u015f\u0131yan ara\u00e7 etkisiz hale getirildi - Kuzeyin Sesi\" \/>\n<meta property=\"og:description\" content=\"&#013; Kassam Tugaylar\u0131ndan yap\u0131lan a\u00e7\u0131klamada, Cibaliya beldesinin bat\u0131s\u0131ndaki Nezle b\u00f6lgesinde \u0130srail askerlerini ta\u015f\u0131yan bir arac\u0131n y\u00fcksek patlay\u0131c\u0131l\u0131 yer bombas\u0131yla patlat\u0131ld\u0131\u011f\u0131, arac\u0131n alev ald\u0131\u011f\u0131 ifade edildi. &#013; \u0130srail ordusuna ait helikopterlerin askerleri tahliye i\u00e7in b\u00f6lgede geldi\u011fi g\u00f6r\u00fcld\u00fc. &#013; \u0130srail&#8217;in Gazze \u015eeridi&#8217;ne y\u00f6nelik sald\u0131r\u0131lar\u0131 &#013; \u0130srail ordusu, Gazze \u015eeridi&#8217;nde 19 Ocak&#8217;ta y\u00fcr\u00fcrl\u00fc\u011fe giren ate\u015fkesin ard\u0131ndan 18 Mart [&hellip;]\" \/>\n<meta property=\"og:url\" content=\"https:\/\/kuzeyinsesi.org\/index.php\/2025\/09\/01\/kassam-tugaylari-gazzede-israil-askerlerini-tasiyan-arac-etkisiz-hale-getirildi\/\" \/>\n<meta property=\"og:site_name\" content=\"Kuzeyin Sesi\" \/>\n<meta property=\"article:publisher\" content=\"https:\/\/www.facebook.com\/kuzeyinsesii\" \/>\n<meta property=\"article:published_time\" content=\"2025-09-01T09:08:06+00:00\" \/>\n<meta property=\"og:image\" content=\"https:\/\/trthaberstatic.cdn.wp.trt.com.tr\/resimler\/2250000\/kassam-israil-tanki-patlatma-video-aa-2250580.jpg\" \/>\n<meta name=\"author\" content=\"Kuzeyin Sesi\" \/>\n<meta name=\"twitter:card\" content=\"summary_large_image\" \/>\n<meta name=\"twitter:creator\" content=\"@kuzeyinsesii\" \/>\n<meta name=\"twitter:site\" content=\"@kuzeyinsesii\" \/>\n<meta name=\"twitter:label1\" content=\"Yazan:\" \/>\n\t<meta name=\"twitter:data1\" content=\"Kuzeyin Sesi\" \/>\n\t<meta name=\"twitter:label2\" content=\"Tahmini okuma s\u00fcresi\" \/>\n\t<meta name=\"twitter:data2\" content=\"1 dakika\" \/>\n<script type=\"application\/ld+json\" class=\"yoast-schema-graph\">{\"@context\":\"https:\\\/\\\/schema.org\",\"@graph\":[{\"@type\":\"Article\",\"@id\":\"https:\\\/\\\/kuzeyinsesi.org\\\/index.php\\\/2025\\\/09\\\/01\\\/kassam-tugaylari-gazzede-israil-askerlerini-tasiyan-arac-etkisiz-hale-getirildi\\\/#article\",\"isPartOf\":{\"@id\":\"https:\\\/\\\/kuzeyinsesi.org\\\/index.php\\\/2025\\\/09\\\/01\\\/kassam-tugaylari-gazzede-israil-askerlerini-tasiyan-arac-etkisiz-hale-getirildi\\\/\"},\"author\":{\"name\":\"Kuzeyin Sesi\",\"@id\":\"https:\\\/\\\/kuzeyinsesi.org\\\/#\\\/schema\\\/person\\\/9f859689cdf01485597712386e37f5aa\"},\"headline\":\"Kassam Tugaylar\u0131: Gazze&#039;de \u0130srail askerlerini ta\u015f\u0131yan ara\u00e7 etkisiz hale getirildi\",\"datePublished\":\"2025-09-01T09:08:06+00:00\",\"mainEntityOfPage\":{\"@id\":\"https:\\\/\\\/kuzeyinsesi.org\\\/index.php\\\/2025\\\/09\\\/01\\\/kassam-tugaylari-gazzede-israil-askerlerini-tasiyan-arac-etkisiz-hale-getirildi\\\/\"},\"wordCount\":245,\"commentCount\":0,\"image\":{\"@id\":\"https:\\\/\\\/kuzeyinsesi.org\\\/index.php\\\/2025\\\/09\\\/01\\\/kassam-tugaylari-gazzede-israil-askerlerini-tasiyan-arac-etkisiz-hale-getirildi\\\/#primaryimage\"},\"thumbnailUrl\":\"https:\\\/\\\/kuzeyinsesi.org\\\/wp-content\\\/uploads\\\/2025\\\/09\\\/kassam-israil-tanki-patlatma-video-aa-2250580.jpg\",\"articleSection\":[\"D\u00fcnya\"],\"inLanguage\":\"tr\",\"potentialAction\":[{\"@type\":\"CommentAction\",\"name\":\"Comment\",\"target\":[\"https:\\\/\\\/kuzeyinsesi.org\\\/index.php\\\/2025\\\/09\\\/01\\\/kassam-tugaylari-gazzede-israil-askerlerini-tasiyan-arac-etkisiz-hale-getirildi\\\/#respond\"]}]},{\"@type\":\"WebPage\",\"@id\":\"https:\\\/\\\/kuzeyinsesi.org\\\/index.php\\\/2025\\\/09\\\/01\\\/kassam-tugaylari-gazzede-israil-askerlerini-tasiyan-arac-etkisiz-hale-getirildi\\\/\",\"url\":\"https:\\\/\\\/kuzeyinsesi.org\\\/index.php\\\/2025\\\/09\\\/01\\\/kassam-tugaylari-gazzede-israil-askerlerini-tasiyan-arac-etkisiz-hale-getirildi\\\/\",\"name\":\"Kassam Tugaylar\u0131: Gazze&#039;de \u0130srail askerlerini ta\u015f\u0131yan ara\u00e7 etkisiz hale getirildi - Kuzeyin Sesi\",\"isPartOf\":{\"@id\":\"https:\\\/\\\/kuzeyinsesi.org\\\/#website\"},\"primaryImageOfPage\":{\"@id\":\"https:\\\/\\\/kuzeyinsesi.org\\\/index.php\\\/2025\\\/09\\\/01\\\/kassam-tugaylari-gazzede-israil-askerlerini-tasiyan-arac-etkisiz-hale-getirildi\\\/#primaryimage\"},\"image\":{\"@id\":\"https:\\\/\\\/kuzeyinsesi.org\\\/index.php\\\/2025\\\/09\\\/01\\\/kassam-tugaylari-gazzede-israil-askerlerini-tasiyan-arac-etkisiz-hale-getirildi\\\/#primaryimage\"},\"thumbnailUrl\":\"https:\\\/\\\/kuzeyinsesi.org\\\/wp-content\\\/uploads\\\/2025\\\/09\\\/kassam-israil-tanki-patlatma-video-aa-2250580.jpg\",\"datePublished\":\"2025-09-01T09:08:06+00:00\",\"author\":{\"@id\":\"https:\\\/\\\/kuzeyinsesi.org\\\/#\\\/schema\\\/person\\\/9f859689cdf01485597712386e37f5aa\"},\"breadcrumb\":{\"@id\":\"https:\\\/\\\/kuzeyinsesi.org\\\/index.php\\\/2025\\\/09\\\/01\\\/kassam-tugaylari-gazzede-israil-askerlerini-tasiyan-arac-etkisiz-hale-getirildi\\\/#breadcrumb\"},\"inLanguage\":\"tr\",\"potentialAction\":[{\"@type\":\"ReadAction\",\"target\":[\"https:\\\/\\\/kuzeyinsesi.org\\\/index.php\\\/2025\\\/09\\\/01\\\/kassam-tugaylari-gazzede-israil-askerlerini-tasiyan-arac-etkisiz-hale-getirildi\\\/\"]}]},{\"@type\":\"ImageObject\",\"inLanguage\":\"tr\",\"@id\":\"https:\\\/\\\/kuzeyinsesi.org\\\/index.php\\\/2025\\\/09\\\/01\\\/kassam-tugaylari-gazzede-israil-askerlerini-tasiyan-arac-etkisiz-hale-getirildi\\\/#primaryimage\",\"url\":\"https:\\\/\\\/kuzeyinsesi.org\\\/wp-content\\\/uploads\\\/2025\\\/09\\\/kassam-israil-tanki-patlatma-video-aa-2250580.jpg\",\"contentUrl\":\"https:\\\/\\\/kuzeyinsesi.org\\\/wp-content\\\/uploads\\\/2025\\\/09\\\/kassam-israil-tanki-patlatma-video-aa-2250580.jpg\",\"width\":1280,\"height\":720},{\"@type\":\"BreadcrumbList\",\"@id\":\"https:\\\/\\\/kuzeyinsesi.org\\\/index.php\\\/2025\\\/09\\\/01\\\/kassam-tugaylari-gazzede-israil-askerlerini-tasiyan-arac-etkisiz-hale-getirildi\\\/#breadcrumb\",\"itemListElement\":[{\"@type\":\"ListItem\",\"position\":1,\"name\":\"Anasayfa\",\"item\":\"https:\\\/\\\/kuzeyinsesi.org\\\/\"},{\"@type\":\"ListItem\",\"position\":2,\"name\":\"Kassam Tugaylar\u0131: Gazze&#039;de \u0130srail askerlerini ta\u015f\u0131yan ara\u00e7 etkisiz hale getirildi\"}]},{\"@type\":\"WebSite\",\"@id\":\"https:\\\/\\\/kuzeyinsesi.org\\\/#website\",\"url\":\"https:\\\/\\\/kuzeyinsesi.org\\\/\",\"name\":\"Kuzeyin Sesi\",\"description\":\"Do\u011fru Haberin Adresi\",\"potentialAction\":[{\"@type\":\"SearchAction\",\"target\":{\"@type\":\"EntryPoint\",\"urlTemplate\":\"https:\\\/\\\/kuzeyinsesi.org\\\/?s={search_term_string}\"},\"query-input\":{\"@type\":\"PropertyValueSpecification\",\"valueRequired\":true,\"valueName\":\"search_term_string\"}}],\"inLanguage\":\"tr\"},{\"@type\":\"Person\",\"@id\":\"https:\\\/\\\/kuzeyinsesi.org\\\/#\\\/schema\\\/person\\\/9f859689cdf01485597712386e37f5aa\",\"name\":\"Kuzeyin Sesi\",\"image\":{\"@type\":\"ImageObject\",\"inLanguage\":\"tr\",\"@id\":\"https:\\\/\\\/secure.gravatar.com\\\/avatar\\\/bab33852abfd8b282518d6ed81826833d77c3c882d9ab608add591ccace47a44?s=96&d=mm&r=g\",\"url\":\"https:\\\/\\\/secure.gravatar.com\\\/avatar\\\/bab33852abfd8b282518d6ed81826833d77c3c882d9ab608add591ccace47a44?s=96&d=mm&r=g\",\"contentUrl\":\"https:\\\/\\\/secure.gravatar.com\\\/avatar\\\/bab33852abfd8b282518d6ed81826833d77c3c882d9ab608add591ccace47a44?s=96&d=mm&r=g\",\"caption\":\"Kuzeyin Sesi\"},\"sameAs\":[\"https:\\\/\\\/kuzeyinsesi.org\"],\"url\":\"https:\\\/\\\/kuzeyinsesi.org\\\/index.php\\\/author\\\/guven\\\/\"}]}<\/script>\n<!-- \/ Yoast SEO plugin. -->","yoast_head_json":{"title":"Kassam Tugaylar\u0131: Gazze&#039;de \u0130srail askerlerini ta\u015f\u0131yan ara\u00e7 etkisiz hale getirildi - Kuzeyin Sesi","robots":{"index":"index","follow":"follow","max-snippet":"max-snippet:-1","max-image-preview":"max-image-preview:large","max-video-preview":"max-video-preview:-1"},"canonical":"https:\/\/kuzeyinsesi.org\/index.php\/2025\/09\/01\/kassam-tugaylari-gazzede-israil-askerlerini-tasiyan-arac-etkisiz-hale-getirildi\/","og_locale":"tr_TR","og_type":"article","og_title":"Kassam Tugaylar\u0131: Gazze&#039;de \u0130srail askerlerini ta\u015f\u0131yan ara\u00e7 etkisiz hale getirildi - Kuzeyin Sesi","og_description":"&#13; Kassam Tugaylar\u0131ndan yap\u0131lan a\u00e7\u0131klamada, Cibaliya beldesinin bat\u0131s\u0131ndaki Nezle b\u00f6lgesinde \u0130srail askerlerini ta\u015f\u0131yan bir arac\u0131n y\u00fcksek patlay\u0131c\u0131l\u0131 yer bombas\u0131yla patlat\u0131ld\u0131\u011f\u0131, arac\u0131n alev ald\u0131\u011f\u0131 ifade edildi. &#13; \u0130srail ordusuna ait helikopterlerin askerleri tahliye i\u00e7in b\u00f6lgede geldi\u011fi g\u00f6r\u00fcld\u00fc. &#13; \u0130srail&#8217;in Gazze \u015eeridi&#8217;ne y\u00f6nelik sald\u0131r\u0131lar\u0131 &#13; \u0130srail ordusu, Gazze \u015eeridi&#8217;nde 19 Ocak&#8217;ta y\u00fcr\u00fcrl\u00fc\u011fe giren ate\u015fkesin ard\u0131ndan 18 Mart [&hellip;]","og_url":"https:\/\/kuzeyinsesi.org\/index.php\/2025\/09\/01\/kassam-tugaylari-gazzede-israil-askerlerini-tasiyan-arac-etkisiz-hale-getirildi\/","og_site_name":"Kuzeyin Sesi","article_publisher":"https:\/\/www.facebook.com\/kuzeyinsesii","article_published_time":"2025-09-01T09:08:06+00:00","og_image":[{"url":"https:\/\/trthaberstatic.cdn.wp.trt.com.tr\/resimler\/2250000\/kassam-israil-tanki-patlatma-video-aa-2250580.jpg","type":"","width":"","height":""}],"author":"Kuzeyin Sesi","twitter_card":"summary_large_image","twitter_creator":"@kuzeyinsesii","twitter_site":"@kuzeyinsesii","twitter_misc":{"Yazan:":"Kuzeyin Sesi","Tahmini okuma s\u00fcresi":"1 dakika"},"schema":{"@context":"https:\/\/schema.org","@graph":[{"@type":"Article","@id":"https:\/\/kuzeyinsesi.org\/index.php\/2025\/09\/01\/kassam-tugaylari-gazzede-israil-askerlerini-tasiyan-arac-etkisiz-hale-getirildi\/#article","isPartOf":{"@id":"https:\/\/kuzeyinsesi.org\/index.php\/2025\/09\/01\/kassam-tugaylari-gazzede-israil-askerlerini-tasiyan-arac-etkisiz-hale-getirildi\/"},"author":{"name":"Kuzeyin Sesi","@id":"https:\/\/kuzeyinsesi.org\/#\/schema\/person\/9f859689cdf01485597712386e37f5aa"},"headline":"Kassam Tugaylar\u0131: Gazze&#039;de \u0130srail askerlerini ta\u015f\u0131yan ara\u00e7 etkisiz hale getirildi","datePublished":"2025-09-01T09:08:06+00:00","mainEntityOfPage":{"@id":"https:\/\/kuzeyinsesi.org\/index.php\/2025\/09\/01\/kassam-tugaylari-gazzede-israil-askerlerini-tasiyan-arac-etkisiz-hale-getirildi\/"},"wordCount":245,"commentCount":0,"image":{"@id":"https:\/\/kuzeyinsesi.org\/index.php\/2025\/09\/01\/kassam-tugaylari-gazzede-israil-askerlerini-tasiyan-arac-etkisiz-hale-getirildi\/#primaryimage"},"thumbnailUrl":"https:\/\/kuzeyinsesi.org\/wp-content\/uploads\/2025\/09\/kassam-israil-tanki-patlatma-video-aa-2250580.jpg","articleSection":["D\u00fcnya"],"inLanguage":"tr","potentialAction":[{"@type":"CommentAction","name":"Comment","target":["https:\/\/kuzeyinsesi.org\/index.php\/2025\/09\/01\/kassam-tugaylari-gazzede-israil-askerlerini-tasiyan-arac-etkisiz-hale-getirildi\/#respond"]}]},{"@type":"WebPage","@id":"https:\/\/kuzeyinsesi.org\/index.php\/2025\/09\/01\/kassam-tugaylari-gazzede-israil-askerlerini-tasiyan-arac-etkisiz-hale-getirildi\/","url":"https:\/\/kuzeyinsesi.org\/index.php\/2025\/09\/01\/kassam-tugaylari-gazzede-israil-askerlerini-tasiyan-arac-etkisiz-hale-getirildi\/","name":"Kassam Tugaylar\u0131: Gazze&#039;de \u0130srail askerlerini ta\u015f\u0131yan ara\u00e7 etkisiz hale getirildi - Kuzeyin Sesi","isPartOf":{"@id":"https:\/\/kuzeyinsesi.org\/#website"},"primaryImageOfPage":{"@id":"https:\/\/kuzeyinsesi.org\/index.php\/2025\/09\/01\/kassam-tugaylari-gazzede-israil-askerlerini-tasiyan-arac-etkisiz-hale-getirildi\/#primaryimage"},"image":{"@id":"https:\/\/kuzeyinsesi.org\/index.php\/2025\/09\/01\/kassam-tugaylari-gazzede-israil-askerlerini-tasiyan-arac-etkisiz-hale-getirildi\/#primaryimage"},"thumbnailUrl":"https:\/\/kuzeyinsesi.org\/wp-content\/uploads\/2025\/09\/kassam-israil-tanki-patlatma-video-aa-2250580.jpg","datePublished":"2025-09-01T09:08:06+00:00","author":{"@id":"https:\/\/kuzeyinsesi.org\/#\/schema\/person\/9f859689cdf01485597712386e37f5aa"},"breadcrumb":{"@id":"https:\/\/kuzeyinsesi.org\/index.php\/2025\/09\/01\/kassam-tugaylari-gazzede-israil-askerlerini-tasiyan-arac-etkisiz-hale-getirildi\/#breadcrumb"},"inLanguage":"tr","potentialAction":[{"@type":"ReadAction","target":["https:\/\/kuzeyinsesi.org\/index.php\/2025\/09\/01\/kassam-tugaylari-gazzede-israil-askerlerini-tasiyan-arac-etkisiz-hale-getirildi\/"]}]},{"@type":"ImageObject","inLanguage":"tr","@id":"https:\/\/kuzeyinsesi.org\/index.php\/2025\/09\/01\/kassam-tugaylari-gazzede-israil-askerlerini-tasiyan-arac-etkisiz-hale-getirildi\/#primaryimage","url":"https:\/\/kuzeyinsesi.org\/wp-content\/uploads\/2025\/09\/kassam-israil-tanki-patlatma-video-aa-2250580.jpg","contentUrl":"https:\/\/kuzeyinsesi.org\/wp-content\/uploads\/2025\/09\/kassam-israil-tanki-patlatma-video-aa-2250580.jpg","width":1280,"height":720},{"@type":"BreadcrumbList","@id":"https:\/\/kuzeyinsesi.org\/index.php\/2025\/09\/01\/kassam-tugaylari-gazzede-israil-askerlerini-tasiyan-arac-etkisiz-hale-getirildi\/#breadcrumb","itemListElement":[{"@type":"ListItem","position":1,"name":"Anasayfa","item":"https:\/\/kuzeyinsesi.org\/"},{"@type":"ListItem","position":2,"name":"Kassam Tugaylar\u0131: Gazze&#039;de \u0130srail askerlerini ta\u015f\u0131yan ara\u00e7 etkisiz hale getirildi"}]},{"@type":"WebSite","@id":"https:\/\/kuzeyinsesi.org\/#website","url":"https:\/\/kuzeyinsesi.org\/","name":"Kuzeyin Sesi","description":"Do\u011fru Haberin Adresi","potentialAction":[{"@type":"SearchAction","target":{"@type":"EntryPoint","urlTemplate":"https:\/\/kuzeyinsesi.org\/?s={search_term_string}"},"query-input":{"@type":"PropertyValueSpecification","valueRequired":true,"valueName":"search_term_string"}}],"inLanguage":"tr"},{"@type":"Person","@id":"https:\/\/kuzeyinsesi.org\/#\/schema\/person\/9f859689cdf01485597712386e37f5aa","name":"Kuzeyin Sesi","image":{"@type":"ImageObject","inLanguage":"tr","@id":"https:\/\/secure.gravatar.com\/avatar\/bab33852abfd8b282518d6ed81826833d77c3c882d9ab608add591ccace47a44?s=96&d=mm&r=g","url":"https:\/\/secure.gravatar.com\/avatar\/bab33852abfd8b282518d6ed81826833d77c3c882d9ab608add591ccace47a44?s=96&d=mm&r=g","contentUrl":"https:\/\/secure.gravatar.com\/avatar\/bab33852abfd8b282518d6ed81826833d77c3c882d9ab608add591ccace47a44?s=96&d=mm&r=g","caption":"Kuzeyin Sesi"},"sameAs":["https:\/\/kuzeyinsesi.org"],"url":"https:\/\/kuzeyinsesi.org\/index.php\/author\/guven\/"}]}},"_links":{"self":[{"href":"https:\/\/kuzeyinsesi.org\/index.php\/wp-json\/wp\/v2\/posts\/30998","targetHints":{"allow":["GET"]}}],"collection":[{"href":"https:\/\/kuzeyinsesi.org\/index.php\/wp-json\/wp\/v2\/posts"}],"about":[{"href":"https:\/\/kuzeyinsesi.org\/index.php\/wp-json\/wp\/v2\/types\/post"}],"author":[{"embeddable":true,"href":"https:\/\/kuzeyinsesi.org\/index.php\/wp-json\/wp\/v2\/users\/1"}],"replies":[{"embeddable":true,"href":"https:\/\/kuzeyinsesi.org\/index.php\/wp-json\/wp\/v2\/comments?post=30998"}],"version-history":[{"count":0,"href":"https:\/\/kuzeyinsesi.org\/index.php\/wp-json\/wp\/v2\/posts\/30998\/revisions"}],"wp:featuredmedia":[{"embeddable":true,"href":"https:\/\/kuzeyinsesi.org\/index.php\/wp-json\/wp\/v2\/media\/30999"}],"wp:attachment":[{"href":"https:\/\/kuzeyinsesi.org\/index.php\/wp-json\/wp\/v2\/media?parent=30998"}],"wp:term":[{"taxonomy":"category","embeddable":true,"href":"https:\/\/kuzeyinsesi.org\/index.php\/wp-json\/wp\/v2\/categories?post=30998"},{"taxonomy":"post_tag","embeddable":true,"href":"https:\/\/kuzeyinsesi.org\/index.php\/wp-json\/wp\/v2\/tags?post=30998"}],"curies":[{"name":"wp","href":"https:\/\/api.w.org\/{rel}","templated":true}]}}