{"id":30996,"date":"2025-09-01T11:37:19","date_gmt":"2025-09-01T08:37:19","guid":{"rendered":"https:\/\/kuzeyinsesi.org\/index.php\/2025\/09\/01\/tiktok-mesajlara-sesli-not-fotograf-ve-video-ekleme-ozelligi-getiriyor\/"},"modified":"2025-09-01T11:37:19","modified_gmt":"2025-09-01T08:37:19","slug":"tiktok-mesajlara-sesli-not-fotograf-ve-video-ekleme-ozelligi-getiriyor","status":"publish","type":"post","link":"https:\/\/kuzeyinsesi.org\/index.php\/2025\/09\/01\/tiktok-mesajlara-sesli-not-fotograf-ve-video-ekleme-ozelligi-getiriyor\/","title":{"rendered":"TikTok, mesajlara sesli not, foto\u011fraf ve video ekleme \u00f6zelli\u011fi getiriyor"},"content":{"rendered":"<p><\/p>\n<div>\n<p>&#13;<br \/>\n\tKullan\u0131c\u0131lar sohbet ekran\u0131nda do\u011frudan ses kayd\u0131 yaparak 60 saniyeye kadar sesli not g\u00f6nderebilecek. Tek bir mesajda en fazla dokuz foto\u011fraf veya video payla\u015f\u0131labilecek.<\/p>\n<p>&#13;<br \/>\n\tDaha fazla <a href=\"https:\/\/www.trthaber.com\/etiket\/medya\/\" target=\"_blank\">medya<\/a> g\u00f6ndermek isteyen kullan\u0131c\u0131lar sonraki mesajlarla payla\u015f\u0131m\u0131 s\u00fcrd\u00fcrebilecek.<\/p>\n<h2>&#13;<br \/>\n\tNe zaman kullan\u0131lacak<\/h2>\n<p>&#13;<br \/>\n\t\u00d6zellikler hen\u00fcz devreye girmedi. TikTok, g\u00fcncellemeyi \u00f6n\u00fcm\u00fczdeki haftalarda kademeli olarak sunmay\u0131 planl\u0131yor.<\/p>\n<p>&#13;<br \/>\n\tDM\u2019ler 16 ya\u015f alt\u0131ndaki kullan\u0131c\u0131lar i\u00e7in kapal\u0131 kalmaya devam edecek. On alt\u0131 ile on sekiz ya\u015f aras\u0131 kullan\u0131c\u0131lar i\u00e7in ek g\u00fcvenlik \u00f6nlemleri uygulan\u0131yor.<\/p>\n<p>&#13;<br \/>\n\tOn sekiz ya\u015f \u00fczerindeki kullan\u0131c\u0131lar da isterse bu filtreleri a\u00e7abiliyor.<\/p>\n<h2>&#13;<br \/>\n\tDi\u011fer g\u00fcncellemeler<\/h2>\n<p>&#13;<br \/>\n\t<a href=\"https:\/\/www.trthaber.com\/etiket\/tiktok\/\" target=\"_blank\">TikTok<\/a> k\u0131sa s\u00fcre \u00f6nce \u201cSana \u00d6zel\u201d sayfas\u0131na konu y\u00f6netimi ve <a href=\"https:\/\/www.trthaber.com\/etiket\/yapay-zeka\/\" target=\"_blank\">yapay zeka<\/a> tabanl\u0131 anahtar kelime filtreleri ekledi.<\/p>\n<p>&#13;<br \/>\n\tUygulamada Tako isimli sohbet robotu ve g\u00f6rselleri videoya d\u00f6n\u00fc\u015ft\u00fcren \u201cAI Alive\u201d \u00f6zelli\u011fi de yer al\u0131yor.<\/p>\n<p>&#13;<br \/>\n\t\u015eirket; Wind Down, rehberli meditasyon ve yatma zaman\u0131 planlamas\u0131 gibi ara\u00e7larla gen\u00e7 kullan\u0131c\u0131lar i\u00e7in sa\u011fl\u0131kl\u0131 kullan\u0131m odakl\u0131 ad\u0131mlar at\u0131yor.<\/p>\n<\/p><\/div>\n","protected":false},"excerpt":{"rendered":"<p>&#13; Kullan\u0131c\u0131lar sohbet ekran\u0131nda do\u011frudan ses kayd\u0131 yaparak 60 saniyeye kadar sesli not g\u00f6nderebilecek. Tek bir mesajda en fazla dokuz foto\u011fraf veya video payla\u015f\u0131labilecek. &#13; Daha fazla medya g\u00f6ndermek isteyen kullan\u0131c\u0131lar sonraki mesajlarla payla\u015f\u0131m\u0131 s\u00fcrd\u00fcrebilecek. &#13; Ne zaman kullan\u0131lacak &#13; \u00d6zellikler hen\u00fcz devreye girmedi. TikTok, g\u00fcncellemeyi \u00f6n\u00fcm\u00fczdeki haftalarda kademeli olarak sunmay\u0131 planl\u0131yor. &#13; DM\u2019ler 16 [&hellip;]<\/p>\n","protected":false},"author":1,"featured_media":30997,"comment_status":"open","ping_status":"open","sticky":false,"template":"","format":"standard","meta":{"jnews-multi-image_gallery":[],"jnews_single_post":[],"jnews_primary_category":[],"jnews_social_meta":[],"jnews_override_counter":[],"footnotes":""},"categories":[2],"tags":[],"class_list":["post-30996","post","type-post","status-publish","format-standard","has-post-thumbnail","hentry","category-dunya"],"yoast_head":"<!-- This site is optimized with the Yoast SEO plugin v28.3 - https:\/\/yoast.com\/product\/yoast-seo-wordpress\/ -->\n<title>TikTok, mesajlara sesli not, foto\u011fraf ve video ekleme \u00f6zelli\u011fi getiriyor - Kuzeyin Sesi<\/title>\n<meta name=\"robots\" content=\"index, follow, max-snippet:-1, max-image-preview:large, max-video-preview:-1\" \/>\n<link rel=\"canonical\" href=\"https:\/\/kuzeyinsesi.org\/index.php\/2025\/09\/01\/tiktok-mesajlara-sesli-not-fotograf-ve-video-ekleme-ozelligi-getiriyor\/\" \/>\n<meta property=\"og:locale\" content=\"tr_TR\" \/>\n<meta property=\"og:type\" content=\"article\" \/>\n<meta property=\"og:title\" content=\"TikTok, mesajlara sesli not, foto\u011fraf ve video ekleme \u00f6zelli\u011fi getiriyor - Kuzeyin Sesi\" \/>\n<meta property=\"og:description\" content=\"&#013; Kullan\u0131c\u0131lar sohbet ekran\u0131nda do\u011frudan ses kayd\u0131 yaparak 60 saniyeye kadar sesli not g\u00f6nderebilecek. Tek bir mesajda en fazla dokuz foto\u011fraf veya video payla\u015f\u0131labilecek. &#013; Daha fazla medya g\u00f6ndermek isteyen kullan\u0131c\u0131lar sonraki mesajlarla payla\u015f\u0131m\u0131 s\u00fcrd\u00fcrebilecek. &#013; Ne zaman kullan\u0131lacak &#013; \u00d6zellikler hen\u00fcz devreye girmedi. TikTok, g\u00fcncellemeyi \u00f6n\u00fcm\u00fczdeki haftalarda kademeli olarak sunmay\u0131 planl\u0131yor. &#013; DM\u2019ler 16 [&hellip;]\" \/>\n<meta property=\"og:url\" content=\"https:\/\/kuzeyinsesi.org\/index.php\/2025\/09\/01\/tiktok-mesajlara-sesli-not-fotograf-ve-video-ekleme-ozelligi-getiriyor\/\" \/>\n<meta property=\"og:site_name\" content=\"Kuzeyin Sesi\" \/>\n<meta property=\"article:publisher\" content=\"https:\/\/www.facebook.com\/kuzeyinsesii\" \/>\n<meta property=\"article:published_time\" content=\"2025-09-01T08:37:19+00:00\" \/>\n<meta property=\"og:image\" content=\"https:\/\/trthaberstatic.cdn.wp.trt.com.tr\/resimler\/2006000\/tiktok-ap-2007148.jpg\" \/>\n<meta name=\"author\" content=\"Kuzeyin Sesi\" \/>\n<meta name=\"twitter:card\" content=\"summary_large_image\" \/>\n<meta name=\"twitter:creator\" content=\"@kuzeyinsesii\" \/>\n<meta name=\"twitter:site\" content=\"@kuzeyinsesii\" \/>\n<meta name=\"twitter:label1\" content=\"Yazan:\" \/>\n\t<meta name=\"twitter:data1\" content=\"Kuzeyin Sesi\" \/>\n\t<meta name=\"twitter:label2\" content=\"Tahmini okuma s\u00fcresi\" \/>\n\t<meta name=\"twitter:data2\" content=\"1 dakika\" \/>\n<script type=\"application\/ld+json\" class=\"yoast-schema-graph\">{\"@context\":\"https:\\\/\\\/schema.org\",\"@graph\":[{\"@type\":\"Article\",\"@id\":\"https:\\\/\\\/kuzeyinsesi.org\\\/index.php\\\/2025\\\/09\\\/01\\\/tiktok-mesajlara-sesli-not-fotograf-ve-video-ekleme-ozelligi-getiriyor\\\/#article\",\"isPartOf\":{\"@id\":\"https:\\\/\\\/kuzeyinsesi.org\\\/index.php\\\/2025\\\/09\\\/01\\\/tiktok-mesajlara-sesli-not-fotograf-ve-video-ekleme-ozelligi-getiriyor\\\/\"},\"author\":{\"name\":\"Kuzeyin Sesi\",\"@id\":\"https:\\\/\\\/kuzeyinsesi.org\\\/#\\\/schema\\\/person\\\/9f859689cdf01485597712386e37f5aa\"},\"headline\":\"TikTok, mesajlara sesli not, foto\u011fraf ve video ekleme \u00f6zelli\u011fi getiriyor\",\"datePublished\":\"2025-09-01T08:37:19+00:00\",\"mainEntityOfPage\":{\"@id\":\"https:\\\/\\\/kuzeyinsesi.org\\\/index.php\\\/2025\\\/09\\\/01\\\/tiktok-mesajlara-sesli-not-fotograf-ve-video-ekleme-ozelligi-getiriyor\\\/\"},\"wordCount\":197,\"commentCount\":0,\"image\":{\"@id\":\"https:\\\/\\\/kuzeyinsesi.org\\\/index.php\\\/2025\\\/09\\\/01\\\/tiktok-mesajlara-sesli-not-fotograf-ve-video-ekleme-ozelligi-getiriyor\\\/#primaryimage\"},\"thumbnailUrl\":\"https:\\\/\\\/kuzeyinsesi.org\\\/wp-content\\\/uploads\\\/2025\\\/09\\\/tiktok-ap-2007148.jpg\",\"articleSection\":[\"D\u00fcnya\"],\"inLanguage\":\"tr\",\"potentialAction\":[{\"@type\":\"CommentAction\",\"name\":\"Comment\",\"target\":[\"https:\\\/\\\/kuzeyinsesi.org\\\/index.php\\\/2025\\\/09\\\/01\\\/tiktok-mesajlara-sesli-not-fotograf-ve-video-ekleme-ozelligi-getiriyor\\\/#respond\"]}]},{\"@type\":\"WebPage\",\"@id\":\"https:\\\/\\\/kuzeyinsesi.org\\\/index.php\\\/2025\\\/09\\\/01\\\/tiktok-mesajlara-sesli-not-fotograf-ve-video-ekleme-ozelligi-getiriyor\\\/\",\"url\":\"https:\\\/\\\/kuzeyinsesi.org\\\/index.php\\\/2025\\\/09\\\/01\\\/tiktok-mesajlara-sesli-not-fotograf-ve-video-ekleme-ozelligi-getiriyor\\\/\",\"name\":\"TikTok, mesajlara sesli not, foto\u011fraf ve video ekleme \u00f6zelli\u011fi getiriyor - Kuzeyin Sesi\",\"isPartOf\":{\"@id\":\"https:\\\/\\\/kuzeyinsesi.org\\\/#website\"},\"primaryImageOfPage\":{\"@id\":\"https:\\\/\\\/kuzeyinsesi.org\\\/index.php\\\/2025\\\/09\\\/01\\\/tiktok-mesajlara-sesli-not-fotograf-ve-video-ekleme-ozelligi-getiriyor\\\/#primaryimage\"},\"image\":{\"@id\":\"https:\\\/\\\/kuzeyinsesi.org\\\/index.php\\\/2025\\\/09\\\/01\\\/tiktok-mesajlara-sesli-not-fotograf-ve-video-ekleme-ozelligi-getiriyor\\\/#primaryimage\"},\"thumbnailUrl\":\"https:\\\/\\\/kuzeyinsesi.org\\\/wp-content\\\/uploads\\\/2025\\\/09\\\/tiktok-ap-2007148.jpg\",\"datePublished\":\"2025-09-01T08:37:19+00:00\",\"author\":{\"@id\":\"https:\\\/\\\/kuzeyinsesi.org\\\/#\\\/schema\\\/person\\\/9f859689cdf01485597712386e37f5aa\"},\"breadcrumb\":{\"@id\":\"https:\\\/\\\/kuzeyinsesi.org\\\/index.php\\\/2025\\\/09\\\/01\\\/tiktok-mesajlara-sesli-not-fotograf-ve-video-ekleme-ozelligi-getiriyor\\\/#breadcrumb\"},\"inLanguage\":\"tr\",\"potentialAction\":[{\"@type\":\"ReadAction\",\"target\":[\"https:\\\/\\\/kuzeyinsesi.org\\\/index.php\\\/2025\\\/09\\\/01\\\/tiktok-mesajlara-sesli-not-fotograf-ve-video-ekleme-ozelligi-getiriyor\\\/\"]}]},{\"@type\":\"ImageObject\",\"inLanguage\":\"tr\",\"@id\":\"https:\\\/\\\/kuzeyinsesi.org\\\/index.php\\\/2025\\\/09\\\/01\\\/tiktok-mesajlara-sesli-not-fotograf-ve-video-ekleme-ozelligi-getiriyor\\\/#primaryimage\",\"url\":\"https:\\\/\\\/kuzeyinsesi.org\\\/wp-content\\\/uploads\\\/2025\\\/09\\\/tiktok-ap-2007148.jpg\",\"contentUrl\":\"https:\\\/\\\/kuzeyinsesi.org\\\/wp-content\\\/uploads\\\/2025\\\/09\\\/tiktok-ap-2007148.jpg\",\"width\":1280,\"height\":720},{\"@type\":\"BreadcrumbList\",\"@id\":\"https:\\\/\\\/kuzeyinsesi.org\\\/index.php\\\/2025\\\/09\\\/01\\\/tiktok-mesajlara-sesli-not-fotograf-ve-video-ekleme-ozelligi-getiriyor\\\/#breadcrumb\",\"itemListElement\":[{\"@type\":\"ListItem\",\"position\":1,\"name\":\"Anasayfa\",\"item\":\"https:\\\/\\\/kuzeyinsesi.org\\\/\"},{\"@type\":\"ListItem\",\"position\":2,\"name\":\"TikTok, mesajlara sesli not, foto\u011fraf ve video ekleme \u00f6zelli\u011fi getiriyor\"}]},{\"@type\":\"WebSite\",\"@id\":\"https:\\\/\\\/kuzeyinsesi.org\\\/#website\",\"url\":\"https:\\\/\\\/kuzeyinsesi.org\\\/\",\"name\":\"Kuzeyin Sesi\",\"description\":\"Do\u011fru Haberin Adresi\",\"potentialAction\":[{\"@type\":\"SearchAction\",\"target\":{\"@type\":\"EntryPoint\",\"urlTemplate\":\"https:\\\/\\\/kuzeyinsesi.org\\\/?s={search_term_string}\"},\"query-input\":{\"@type\":\"PropertyValueSpecification\",\"valueRequired\":true,\"valueName\":\"search_term_string\"}}],\"inLanguage\":\"tr\"},{\"@type\":\"Person\",\"@id\":\"https:\\\/\\\/kuzeyinsesi.org\\\/#\\\/schema\\\/person\\\/9f859689cdf01485597712386e37f5aa\",\"name\":\"Kuzeyin Sesi\",\"image\":{\"@type\":\"ImageObject\",\"inLanguage\":\"tr\",\"@id\":\"https:\\\/\\\/secure.gravatar.com\\\/avatar\\\/bab33852abfd8b282518d6ed81826833d77c3c882d9ab608add591ccace47a44?s=96&d=mm&r=g\",\"url\":\"https:\\\/\\\/secure.gravatar.com\\\/avatar\\\/bab33852abfd8b282518d6ed81826833d77c3c882d9ab608add591ccace47a44?s=96&d=mm&r=g\",\"contentUrl\":\"https:\\\/\\\/secure.gravatar.com\\\/avatar\\\/bab33852abfd8b282518d6ed81826833d77c3c882d9ab608add591ccace47a44?s=96&d=mm&r=g\",\"caption\":\"Kuzeyin Sesi\"},\"sameAs\":[\"https:\\\/\\\/kuzeyinsesi.org\"],\"url\":\"https:\\\/\\\/kuzeyinsesi.org\\\/index.php\\\/author\\\/guven\\\/\"}]}<\/script>\n<!-- \/ Yoast SEO plugin. -->","yoast_head_json":{"title":"TikTok, mesajlara sesli not, foto\u011fraf ve video ekleme \u00f6zelli\u011fi getiriyor - Kuzeyin Sesi","robots":{"index":"index","follow":"follow","max-snippet":"max-snippet:-1","max-image-preview":"max-image-preview:large","max-video-preview":"max-video-preview:-1"},"canonical":"https:\/\/kuzeyinsesi.org\/index.php\/2025\/09\/01\/tiktok-mesajlara-sesli-not-fotograf-ve-video-ekleme-ozelligi-getiriyor\/","og_locale":"tr_TR","og_type":"article","og_title":"TikTok, mesajlara sesli not, foto\u011fraf ve video ekleme \u00f6zelli\u011fi getiriyor - Kuzeyin Sesi","og_description":"&#13; Kullan\u0131c\u0131lar sohbet ekran\u0131nda do\u011frudan ses kayd\u0131 yaparak 60 saniyeye kadar sesli not g\u00f6nderebilecek. Tek bir mesajda en fazla dokuz foto\u011fraf veya video payla\u015f\u0131labilecek. &#13; Daha fazla medya g\u00f6ndermek isteyen kullan\u0131c\u0131lar sonraki mesajlarla payla\u015f\u0131m\u0131 s\u00fcrd\u00fcrebilecek. &#13; Ne zaman kullan\u0131lacak &#13; \u00d6zellikler hen\u00fcz devreye girmedi. TikTok, g\u00fcncellemeyi \u00f6n\u00fcm\u00fczdeki haftalarda kademeli olarak sunmay\u0131 planl\u0131yor. &#13; DM\u2019ler 16 [&hellip;]","og_url":"https:\/\/kuzeyinsesi.org\/index.php\/2025\/09\/01\/tiktok-mesajlara-sesli-not-fotograf-ve-video-ekleme-ozelligi-getiriyor\/","og_site_name":"Kuzeyin Sesi","article_publisher":"https:\/\/www.facebook.com\/kuzeyinsesii","article_published_time":"2025-09-01T08:37:19+00:00","og_image":[{"url":"https:\/\/trthaberstatic.cdn.wp.trt.com.tr\/resimler\/2006000\/tiktok-ap-2007148.jpg","type":"","width":"","height":""}],"author":"Kuzeyin Sesi","twitter_card":"summary_large_image","twitter_creator":"@kuzeyinsesii","twitter_site":"@kuzeyinsesii","twitter_misc":{"Yazan:":"Kuzeyin Sesi","Tahmini okuma s\u00fcresi":"1 dakika"},"schema":{"@context":"https:\/\/schema.org","@graph":[{"@type":"Article","@id":"https:\/\/kuzeyinsesi.org\/index.php\/2025\/09\/01\/tiktok-mesajlara-sesli-not-fotograf-ve-video-ekleme-ozelligi-getiriyor\/#article","isPartOf":{"@id":"https:\/\/kuzeyinsesi.org\/index.php\/2025\/09\/01\/tiktok-mesajlara-sesli-not-fotograf-ve-video-ekleme-ozelligi-getiriyor\/"},"author":{"name":"Kuzeyin Sesi","@id":"https:\/\/kuzeyinsesi.org\/#\/schema\/person\/9f859689cdf01485597712386e37f5aa"},"headline":"TikTok, mesajlara sesli not, foto\u011fraf ve video ekleme \u00f6zelli\u011fi getiriyor","datePublished":"2025-09-01T08:37:19+00:00","mainEntityOfPage":{"@id":"https:\/\/kuzeyinsesi.org\/index.php\/2025\/09\/01\/tiktok-mesajlara-sesli-not-fotograf-ve-video-ekleme-ozelligi-getiriyor\/"},"wordCount":197,"commentCount":0,"image":{"@id":"https:\/\/kuzeyinsesi.org\/index.php\/2025\/09\/01\/tiktok-mesajlara-sesli-not-fotograf-ve-video-ekleme-ozelligi-getiriyor\/#primaryimage"},"thumbnailUrl":"https:\/\/kuzeyinsesi.org\/wp-content\/uploads\/2025\/09\/tiktok-ap-2007148.jpg","articleSection":["D\u00fcnya"],"inLanguage":"tr","potentialAction":[{"@type":"CommentAction","name":"Comment","target":["https:\/\/kuzeyinsesi.org\/index.php\/2025\/09\/01\/tiktok-mesajlara-sesli-not-fotograf-ve-video-ekleme-ozelligi-getiriyor\/#respond"]}]},{"@type":"WebPage","@id":"https:\/\/kuzeyinsesi.org\/index.php\/2025\/09\/01\/tiktok-mesajlara-sesli-not-fotograf-ve-video-ekleme-ozelligi-getiriyor\/","url":"https:\/\/kuzeyinsesi.org\/index.php\/2025\/09\/01\/tiktok-mesajlara-sesli-not-fotograf-ve-video-ekleme-ozelligi-getiriyor\/","name":"TikTok, mesajlara sesli not, foto\u011fraf ve video ekleme \u00f6zelli\u011fi getiriyor - Kuzeyin Sesi","isPartOf":{"@id":"https:\/\/kuzeyinsesi.org\/#website"},"primaryImageOfPage":{"@id":"https:\/\/kuzeyinsesi.org\/index.php\/2025\/09\/01\/tiktok-mesajlara-sesli-not-fotograf-ve-video-ekleme-ozelligi-getiriyor\/#primaryimage"},"image":{"@id":"https:\/\/kuzeyinsesi.org\/index.php\/2025\/09\/01\/tiktok-mesajlara-sesli-not-fotograf-ve-video-ekleme-ozelligi-getiriyor\/#primaryimage"},"thumbnailUrl":"https:\/\/kuzeyinsesi.org\/wp-content\/uploads\/2025\/09\/tiktok-ap-2007148.jpg","datePublished":"2025-09-01T08:37:19+00:00","author":{"@id":"https:\/\/kuzeyinsesi.org\/#\/schema\/person\/9f859689cdf01485597712386e37f5aa"},"breadcrumb":{"@id":"https:\/\/kuzeyinsesi.org\/index.php\/2025\/09\/01\/tiktok-mesajlara-sesli-not-fotograf-ve-video-ekleme-ozelligi-getiriyor\/#breadcrumb"},"inLanguage":"tr","potentialAction":[{"@type":"ReadAction","target":["https:\/\/kuzeyinsesi.org\/index.php\/2025\/09\/01\/tiktok-mesajlara-sesli-not-fotograf-ve-video-ekleme-ozelligi-getiriyor\/"]}]},{"@type":"ImageObject","inLanguage":"tr","@id":"https:\/\/kuzeyinsesi.org\/index.php\/2025\/09\/01\/tiktok-mesajlara-sesli-not-fotograf-ve-video-ekleme-ozelligi-getiriyor\/#primaryimage","url":"https:\/\/kuzeyinsesi.org\/wp-content\/uploads\/2025\/09\/tiktok-ap-2007148.jpg","contentUrl":"https:\/\/kuzeyinsesi.org\/wp-content\/uploads\/2025\/09\/tiktok-ap-2007148.jpg","width":1280,"height":720},{"@type":"BreadcrumbList","@id":"https:\/\/kuzeyinsesi.org\/index.php\/2025\/09\/01\/tiktok-mesajlara-sesli-not-fotograf-ve-video-ekleme-ozelligi-getiriyor\/#breadcrumb","itemListElement":[{"@type":"ListItem","position":1,"name":"Anasayfa","item":"https:\/\/kuzeyinsesi.org\/"},{"@type":"ListItem","position":2,"name":"TikTok, mesajlara sesli not, foto\u011fraf ve video ekleme \u00f6zelli\u011fi getiriyor"}]},{"@type":"WebSite","@id":"https:\/\/kuzeyinsesi.org\/#website","url":"https:\/\/kuzeyinsesi.org\/","name":"Kuzeyin Sesi","description":"Do\u011fru Haberin Adresi","potentialAction":[{"@type":"SearchAction","target":{"@type":"EntryPoint","urlTemplate":"https:\/\/kuzeyinsesi.org\/?s={search_term_string}"},"query-input":{"@type":"PropertyValueSpecification","valueRequired":true,"valueName":"search_term_string"}}],"inLanguage":"tr"},{"@type":"Person","@id":"https:\/\/kuzeyinsesi.org\/#\/schema\/person\/9f859689cdf01485597712386e37f5aa","name":"Kuzeyin Sesi","image":{"@type":"ImageObject","inLanguage":"tr","@id":"https:\/\/secure.gravatar.com\/avatar\/bab33852abfd8b282518d6ed81826833d77c3c882d9ab608add591ccace47a44?s=96&d=mm&r=g","url":"https:\/\/secure.gravatar.com\/avatar\/bab33852abfd8b282518d6ed81826833d77c3c882d9ab608add591ccace47a44?s=96&d=mm&r=g","contentUrl":"https:\/\/secure.gravatar.com\/avatar\/bab33852abfd8b282518d6ed81826833d77c3c882d9ab608add591ccace47a44?s=96&d=mm&r=g","caption":"Kuzeyin Sesi"},"sameAs":["https:\/\/kuzeyinsesi.org"],"url":"https:\/\/kuzeyinsesi.org\/index.php\/author\/guven\/"}]}},"_links":{"self":[{"href":"https:\/\/kuzeyinsesi.org\/index.php\/wp-json\/wp\/v2\/posts\/30996","targetHints":{"allow":["GET"]}}],"collection":[{"href":"https:\/\/kuzeyinsesi.org\/index.php\/wp-json\/wp\/v2\/posts"}],"about":[{"href":"https:\/\/kuzeyinsesi.org\/index.php\/wp-json\/wp\/v2\/types\/post"}],"author":[{"embeddable":true,"href":"https:\/\/kuzeyinsesi.org\/index.php\/wp-json\/wp\/v2\/users\/1"}],"replies":[{"embeddable":true,"href":"https:\/\/kuzeyinsesi.org\/index.php\/wp-json\/wp\/v2\/comments?post=30996"}],"version-history":[{"count":0,"href":"https:\/\/kuzeyinsesi.org\/index.php\/wp-json\/wp\/v2\/posts\/30996\/revisions"}],"wp:featuredmedia":[{"embeddable":true,"href":"https:\/\/kuzeyinsesi.org\/index.php\/wp-json\/wp\/v2\/media\/30997"}],"wp:attachment":[{"href":"https:\/\/kuzeyinsesi.org\/index.php\/wp-json\/wp\/v2\/media?parent=30996"}],"wp:term":[{"taxonomy":"category","embeddable":true,"href":"https:\/\/kuzeyinsesi.org\/index.php\/wp-json\/wp\/v2\/categories?post=30996"},{"taxonomy":"post_tag","embeddable":true,"href":"https:\/\/kuzeyinsesi.org\/index.php\/wp-json\/wp\/v2\/tags?post=30996"}],"curies":[{"name":"wp","href":"https:\/\/api.w.org\/{rel}","templated":true}]}}