{"id":30979,"date":"2025-08-31T19:30:16","date_gmt":"2025-08-31T16:30:16","guid":{"rendered":"https:\/\/kuzeyinsesi.org\/index.php\/2025\/08\/31\/kerem-akturkoglu-fenerbahcede-2\/"},"modified":"2025-08-31T19:30:16","modified_gmt":"2025-08-31T16:30:16","slug":"kerem-akturkoglu-fenerbahcede-2","status":"publish","type":"post","link":"https:\/\/kuzeyinsesi.org\/index.php\/2025\/08\/31\/kerem-akturkoglu-fenerbahcede-2\/","title":{"rendered":"Kerem Akt\u00fcrko\u011flu Fenerbah\u00e7e&#039;de"},"content":{"rendered":"<p><\/p>\n<div>\n<p>&#13;<br \/>\n\tSar\u0131-lacivertli kul\u00fcb\u00fcn NSosyal hesab\u0131ndan yap\u0131lan a\u00e7\u0131klamada, &#8220;Kul\u00fcb\u00fcm\u00fcz, milli futbolcu Kerem Akt\u00fcrko\u011flu&#8217;nun transferi konusunda Benfica ile prensip anla\u015fmas\u0131na varm\u0131\u015ft\u0131r. Oyuncu transfer g\u00f6r\u00fc\u015fmelerini ilerletmek ve sa\u011fl\u0131k kontrolleri i\u00e7in \u0130stanbul&#8217;a davet edilmi\u015ftir.&#8221; denildi.<\/p>\n<p>&#13;<br \/>\n\tBenfica, Kerem Akt\u00fcrko\u011flu i\u00e7in <a href=\"https:\/\/www.trthaber.com\/etiket\/fenerbahce\/\" target=\"_blank\">Fenerbah\u00e7e<\/a> ile 22,5 milyon avro bonservis bedeli kar\u015f\u0131l\u0131\u011f\u0131nda anla\u015fmaya var\u0131ld\u0131\u011f\u0131n\u0131 a\u00e7\u0131klam\u0131\u015ft\u0131.<\/p>\n<h2>&#13;<br \/>\n\tSar\u0131-lacivertli formay\u0131 giydi<\/h2>\n<p>&#13;<br \/>\n\tFenerbah\u00e7e Kul\u00fcb\u00fc y\u00f6neticisi Hakan Safi, Kerem Akt\u00fcrko\u011flu ile u\u00e7akta T\u00fcrkiye&#8217;ye gelirken bir payla\u015f\u0131m yapt\u0131.<\/p>\n<p>&#13;<br \/>\n\tSafi, <a href=\"https:\/\/www.trthaber.com\/etiket\/abd\/\" target=\"_blank\">ABD<\/a> merkezli <a href=\"https:\/\/www.trthaber.com\/etiket\/instagram\/\" target=\"_blank\">Instagram<\/a> \u015firketinin sosyal <a href=\"https:\/\/www.trthaber.com\/etiket\/medya\/\" target=\"_blank\">medya<\/a> platformundaki hesab\u0131ndan yapt\u0131\u011f\u0131 a\u00e7\u0131klamada, &#8220;\u0130mzay\u0131 att\u0131, \u00e7ubukluyu giydi, \u0130stanbul&#8217;a do\u011fru yolculu\u011fumuz ba\u015flad\u0131. Hayalini kurdu\u011fun \u00e7ocukluk a\u015fk\u0131na ho\u015f geldin Kerem Akt\u00fcrko\u011flu!&#8221; ifadelerini kulland\u0131.<\/p>\n<\/p><\/div>\n","protected":false},"excerpt":{"rendered":"<p>&#13; Sar\u0131-lacivertli kul\u00fcb\u00fcn NSosyal hesab\u0131ndan yap\u0131lan a\u00e7\u0131klamada, &#8220;Kul\u00fcb\u00fcm\u00fcz, milli futbolcu Kerem Akt\u00fcrko\u011flu&#8217;nun transferi konusunda Benfica ile prensip anla\u015fmas\u0131na varm\u0131\u015ft\u0131r. Oyuncu transfer g\u00f6r\u00fc\u015fmelerini ilerletmek ve sa\u011fl\u0131k kontrolleri i\u00e7in \u0130stanbul&#8217;a davet edilmi\u015ftir.&#8221; denildi. &#13; Benfica, Kerem Akt\u00fcrko\u011flu i\u00e7in Fenerbah\u00e7e ile 22,5 milyon avro bonservis bedeli kar\u015f\u0131l\u0131\u011f\u0131nda anla\u015fmaya var\u0131ld\u0131\u011f\u0131n\u0131 a\u00e7\u0131klam\u0131\u015ft\u0131. &#13; Sar\u0131-lacivertli formay\u0131 giydi &#13; Fenerbah\u00e7e Kul\u00fcb\u00fc y\u00f6neticisi [&hellip;]<\/p>\n","protected":false},"author":1,"featured_media":30980,"comment_status":"open","ping_status":"open","sticky":false,"template":"","format":"standard","meta":{"jnews-multi-image_gallery":[],"jnews_single_post":[],"jnews_primary_category":[],"jnews_social_meta":[],"jnews_override_counter":[],"footnotes":""},"categories":[4],"tags":[],"class_list":["post-30979","post","type-post","status-publish","format-standard","has-post-thumbnail","hentry","category-spor"],"yoast_head":"<!-- This site is optimized with the Yoast SEO plugin v27.5 - https:\/\/yoast.com\/product\/yoast-seo-wordpress\/ -->\n<title>Kerem Akt\u00fcrko\u011flu Fenerbah\u00e7e&#039;de - Kuzeyin Sesi<\/title>\n<meta name=\"robots\" content=\"index, follow, max-snippet:-1, max-image-preview:large, max-video-preview:-1\" \/>\n<link rel=\"canonical\" href=\"https:\/\/kuzeyinsesi.org\/index.php\/2025\/08\/31\/kerem-akturkoglu-fenerbahcede-2\/\" \/>\n<meta property=\"og:locale\" content=\"tr_TR\" \/>\n<meta property=\"og:type\" content=\"article\" \/>\n<meta property=\"og:title\" content=\"Kerem Akt\u00fcrko\u011flu Fenerbah\u00e7e&#039;de - Kuzeyin Sesi\" \/>\n<meta property=\"og:description\" content=\"&#013; Sar\u0131-lacivertli kul\u00fcb\u00fcn NSosyal hesab\u0131ndan yap\u0131lan a\u00e7\u0131klamada, &#8220;Kul\u00fcb\u00fcm\u00fcz, milli futbolcu Kerem Akt\u00fcrko\u011flu&#8217;nun transferi konusunda Benfica ile prensip anla\u015fmas\u0131na varm\u0131\u015ft\u0131r. Oyuncu transfer g\u00f6r\u00fc\u015fmelerini ilerletmek ve sa\u011fl\u0131k kontrolleri i\u00e7in \u0130stanbul&#8217;a davet edilmi\u015ftir.&#8221; denildi. &#013; Benfica, Kerem Akt\u00fcrko\u011flu i\u00e7in Fenerbah\u00e7e ile 22,5 milyon avro bonservis bedeli kar\u015f\u0131l\u0131\u011f\u0131nda anla\u015fmaya var\u0131ld\u0131\u011f\u0131n\u0131 a\u00e7\u0131klam\u0131\u015ft\u0131. &#013; Sar\u0131-lacivertli formay\u0131 giydi &#013; Fenerbah\u00e7e Kul\u00fcb\u00fc y\u00f6neticisi [&hellip;]\" \/>\n<meta property=\"og:url\" content=\"https:\/\/kuzeyinsesi.org\/index.php\/2025\/08\/31\/kerem-akturkoglu-fenerbahcede-2\/\" \/>\n<meta property=\"og:site_name\" content=\"Kuzeyin Sesi\" \/>\n<meta property=\"article:publisher\" content=\"https:\/\/www.facebook.com\/kuzeyinsesii\" \/>\n<meta property=\"article:published_time\" content=\"2025-08-31T16:30:16+00:00\" \/>\n<meta property=\"og:image\" content=\"https:\/\/trthaberstatic.cdn.wp.trt.com.tr\/resimler\/2392000\/kerem-akturkoglu-dha-2393693.jpg\" \/>\n<meta name=\"author\" content=\"Kuzeyin Sesi\" \/>\n<meta name=\"twitter:card\" content=\"summary_large_image\" \/>\n<meta name=\"twitter:creator\" content=\"@kuzeyinsesii\" \/>\n<meta name=\"twitter:site\" content=\"@kuzeyinsesii\" \/>\n<meta name=\"twitter:label1\" content=\"Yazan:\" \/>\n\t<meta name=\"twitter:data1\" content=\"Kuzeyin Sesi\" \/>\n\t<meta name=\"twitter:label2\" content=\"Tahmini okuma s\u00fcresi\" \/>\n\t<meta name=\"twitter:data2\" content=\"1 dakika\" \/>\n<script type=\"application\/ld+json\" class=\"yoast-schema-graph\">{\"@context\":\"https:\\\/\\\/schema.org\",\"@graph\":[{\"@type\":\"Article\",\"@id\":\"https:\\\/\\\/kuzeyinsesi.org\\\/index.php\\\/2025\\\/08\\\/31\\\/kerem-akturkoglu-fenerbahcede-2\\\/#article\",\"isPartOf\":{\"@id\":\"https:\\\/\\\/kuzeyinsesi.org\\\/index.php\\\/2025\\\/08\\\/31\\\/kerem-akturkoglu-fenerbahcede-2\\\/\"},\"author\":{\"name\":\"Kuzeyin Sesi\",\"@id\":\"https:\\\/\\\/kuzeyinsesi.org\\\/#\\\/schema\\\/person\\\/9f859689cdf01485597712386e37f5aa\"},\"headline\":\"Kerem Akt\u00fcrko\u011flu Fenerbah\u00e7e&#039;de\",\"datePublished\":\"2025-08-31T16:30:16+00:00\",\"mainEntityOfPage\":{\"@id\":\"https:\\\/\\\/kuzeyinsesi.org\\\/index.php\\\/2025\\\/08\\\/31\\\/kerem-akturkoglu-fenerbahcede-2\\\/\"},\"wordCount\":152,\"commentCount\":0,\"image\":{\"@id\":\"https:\\\/\\\/kuzeyinsesi.org\\\/index.php\\\/2025\\\/08\\\/31\\\/kerem-akturkoglu-fenerbahcede-2\\\/#primaryimage\"},\"thumbnailUrl\":\"https:\\\/\\\/kuzeyinsesi.org\\\/wp-content\\\/uploads\\\/2025\\\/08\\\/kerem-akturkoglu-dha-2393693.jpg\",\"articleSection\":[\"Spor\"],\"inLanguage\":\"tr\",\"potentialAction\":[{\"@type\":\"CommentAction\",\"name\":\"Comment\",\"target\":[\"https:\\\/\\\/kuzeyinsesi.org\\\/index.php\\\/2025\\\/08\\\/31\\\/kerem-akturkoglu-fenerbahcede-2\\\/#respond\"]}]},{\"@type\":\"WebPage\",\"@id\":\"https:\\\/\\\/kuzeyinsesi.org\\\/index.php\\\/2025\\\/08\\\/31\\\/kerem-akturkoglu-fenerbahcede-2\\\/\",\"url\":\"https:\\\/\\\/kuzeyinsesi.org\\\/index.php\\\/2025\\\/08\\\/31\\\/kerem-akturkoglu-fenerbahcede-2\\\/\",\"name\":\"Kerem Akt\u00fcrko\u011flu Fenerbah\u00e7e&#039;de - Kuzeyin Sesi\",\"isPartOf\":{\"@id\":\"https:\\\/\\\/kuzeyinsesi.org\\\/#website\"},\"primaryImageOfPage\":{\"@id\":\"https:\\\/\\\/kuzeyinsesi.org\\\/index.php\\\/2025\\\/08\\\/31\\\/kerem-akturkoglu-fenerbahcede-2\\\/#primaryimage\"},\"image\":{\"@id\":\"https:\\\/\\\/kuzeyinsesi.org\\\/index.php\\\/2025\\\/08\\\/31\\\/kerem-akturkoglu-fenerbahcede-2\\\/#primaryimage\"},\"thumbnailUrl\":\"https:\\\/\\\/kuzeyinsesi.org\\\/wp-content\\\/uploads\\\/2025\\\/08\\\/kerem-akturkoglu-dha-2393693.jpg\",\"datePublished\":\"2025-08-31T16:30:16+00:00\",\"author\":{\"@id\":\"https:\\\/\\\/kuzeyinsesi.org\\\/#\\\/schema\\\/person\\\/9f859689cdf01485597712386e37f5aa\"},\"breadcrumb\":{\"@id\":\"https:\\\/\\\/kuzeyinsesi.org\\\/index.php\\\/2025\\\/08\\\/31\\\/kerem-akturkoglu-fenerbahcede-2\\\/#breadcrumb\"},\"inLanguage\":\"tr\",\"potentialAction\":[{\"@type\":\"ReadAction\",\"target\":[\"https:\\\/\\\/kuzeyinsesi.org\\\/index.php\\\/2025\\\/08\\\/31\\\/kerem-akturkoglu-fenerbahcede-2\\\/\"]}]},{\"@type\":\"ImageObject\",\"inLanguage\":\"tr\",\"@id\":\"https:\\\/\\\/kuzeyinsesi.org\\\/index.php\\\/2025\\\/08\\\/31\\\/kerem-akturkoglu-fenerbahcede-2\\\/#primaryimage\",\"url\":\"https:\\\/\\\/kuzeyinsesi.org\\\/wp-content\\\/uploads\\\/2025\\\/08\\\/kerem-akturkoglu-dha-2393693.jpg\",\"contentUrl\":\"https:\\\/\\\/kuzeyinsesi.org\\\/wp-content\\\/uploads\\\/2025\\\/08\\\/kerem-akturkoglu-dha-2393693.jpg\",\"width\":1280,\"height\":720},{\"@type\":\"BreadcrumbList\",\"@id\":\"https:\\\/\\\/kuzeyinsesi.org\\\/index.php\\\/2025\\\/08\\\/31\\\/kerem-akturkoglu-fenerbahcede-2\\\/#breadcrumb\",\"itemListElement\":[{\"@type\":\"ListItem\",\"position\":1,\"name\":\"Anasayfa\",\"item\":\"https:\\\/\\\/kuzeyinsesi.org\\\/\"},{\"@type\":\"ListItem\",\"position\":2,\"name\":\"Kerem Akt\u00fcrko\u011flu Fenerbah\u00e7e&#039;de\"}]},{\"@type\":\"WebSite\",\"@id\":\"https:\\\/\\\/kuzeyinsesi.org\\\/#website\",\"url\":\"https:\\\/\\\/kuzeyinsesi.org\\\/\",\"name\":\"Kuzeyin Sesi\",\"description\":\"Do\u011fru Haberin Adresi\",\"potentialAction\":[{\"@type\":\"SearchAction\",\"target\":{\"@type\":\"EntryPoint\",\"urlTemplate\":\"https:\\\/\\\/kuzeyinsesi.org\\\/?s={search_term_string}\"},\"query-input\":{\"@type\":\"PropertyValueSpecification\",\"valueRequired\":true,\"valueName\":\"search_term_string\"}}],\"inLanguage\":\"tr\"},{\"@type\":\"Person\",\"@id\":\"https:\\\/\\\/kuzeyinsesi.org\\\/#\\\/schema\\\/person\\\/9f859689cdf01485597712386e37f5aa\",\"name\":\"Kuzeyin Sesi\",\"image\":{\"@type\":\"ImageObject\",\"inLanguage\":\"tr\",\"@id\":\"https:\\\/\\\/secure.gravatar.com\\\/avatar\\\/bab33852abfd8b282518d6ed81826833d77c3c882d9ab608add591ccace47a44?s=96&d=mm&r=g\",\"url\":\"https:\\\/\\\/secure.gravatar.com\\\/avatar\\\/bab33852abfd8b282518d6ed81826833d77c3c882d9ab608add591ccace47a44?s=96&d=mm&r=g\",\"contentUrl\":\"https:\\\/\\\/secure.gravatar.com\\\/avatar\\\/bab33852abfd8b282518d6ed81826833d77c3c882d9ab608add591ccace47a44?s=96&d=mm&r=g\",\"caption\":\"Kuzeyin Sesi\"},\"sameAs\":[\"https:\\\/\\\/kuzeyinsesi.org\"],\"url\":\"https:\\\/\\\/kuzeyinsesi.org\\\/index.php\\\/author\\\/guven\\\/\"}]}<\/script>\n<!-- \/ Yoast SEO plugin. -->","yoast_head_json":{"title":"Kerem Akt\u00fcrko\u011flu Fenerbah\u00e7e&#039;de - Kuzeyin Sesi","robots":{"index":"index","follow":"follow","max-snippet":"max-snippet:-1","max-image-preview":"max-image-preview:large","max-video-preview":"max-video-preview:-1"},"canonical":"https:\/\/kuzeyinsesi.org\/index.php\/2025\/08\/31\/kerem-akturkoglu-fenerbahcede-2\/","og_locale":"tr_TR","og_type":"article","og_title":"Kerem Akt\u00fcrko\u011flu Fenerbah\u00e7e&#039;de - Kuzeyin Sesi","og_description":"&#13; Sar\u0131-lacivertli kul\u00fcb\u00fcn NSosyal hesab\u0131ndan yap\u0131lan a\u00e7\u0131klamada, &#8220;Kul\u00fcb\u00fcm\u00fcz, milli futbolcu Kerem Akt\u00fcrko\u011flu&#8217;nun transferi konusunda Benfica ile prensip anla\u015fmas\u0131na varm\u0131\u015ft\u0131r. Oyuncu transfer g\u00f6r\u00fc\u015fmelerini ilerletmek ve sa\u011fl\u0131k kontrolleri i\u00e7in \u0130stanbul&#8217;a davet edilmi\u015ftir.&#8221; denildi. &#13; Benfica, Kerem Akt\u00fcrko\u011flu i\u00e7in Fenerbah\u00e7e ile 22,5 milyon avro bonservis bedeli kar\u015f\u0131l\u0131\u011f\u0131nda anla\u015fmaya var\u0131ld\u0131\u011f\u0131n\u0131 a\u00e7\u0131klam\u0131\u015ft\u0131. &#13; Sar\u0131-lacivertli formay\u0131 giydi &#13; Fenerbah\u00e7e Kul\u00fcb\u00fc y\u00f6neticisi [&hellip;]","og_url":"https:\/\/kuzeyinsesi.org\/index.php\/2025\/08\/31\/kerem-akturkoglu-fenerbahcede-2\/","og_site_name":"Kuzeyin Sesi","article_publisher":"https:\/\/www.facebook.com\/kuzeyinsesii","article_published_time":"2025-08-31T16:30:16+00:00","og_image":[{"url":"https:\/\/trthaberstatic.cdn.wp.trt.com.tr\/resimler\/2392000\/kerem-akturkoglu-dha-2393693.jpg","type":"","width":"","height":""}],"author":"Kuzeyin Sesi","twitter_card":"summary_large_image","twitter_creator":"@kuzeyinsesii","twitter_site":"@kuzeyinsesii","twitter_misc":{"Yazan:":"Kuzeyin Sesi","Tahmini okuma s\u00fcresi":"1 dakika"},"schema":{"@context":"https:\/\/schema.org","@graph":[{"@type":"Article","@id":"https:\/\/kuzeyinsesi.org\/index.php\/2025\/08\/31\/kerem-akturkoglu-fenerbahcede-2\/#article","isPartOf":{"@id":"https:\/\/kuzeyinsesi.org\/index.php\/2025\/08\/31\/kerem-akturkoglu-fenerbahcede-2\/"},"author":{"name":"Kuzeyin Sesi","@id":"https:\/\/kuzeyinsesi.org\/#\/schema\/person\/9f859689cdf01485597712386e37f5aa"},"headline":"Kerem Akt\u00fcrko\u011flu Fenerbah\u00e7e&#039;de","datePublished":"2025-08-31T16:30:16+00:00","mainEntityOfPage":{"@id":"https:\/\/kuzeyinsesi.org\/index.php\/2025\/08\/31\/kerem-akturkoglu-fenerbahcede-2\/"},"wordCount":152,"commentCount":0,"image":{"@id":"https:\/\/kuzeyinsesi.org\/index.php\/2025\/08\/31\/kerem-akturkoglu-fenerbahcede-2\/#primaryimage"},"thumbnailUrl":"https:\/\/kuzeyinsesi.org\/wp-content\/uploads\/2025\/08\/kerem-akturkoglu-dha-2393693.jpg","articleSection":["Spor"],"inLanguage":"tr","potentialAction":[{"@type":"CommentAction","name":"Comment","target":["https:\/\/kuzeyinsesi.org\/index.php\/2025\/08\/31\/kerem-akturkoglu-fenerbahcede-2\/#respond"]}]},{"@type":"WebPage","@id":"https:\/\/kuzeyinsesi.org\/index.php\/2025\/08\/31\/kerem-akturkoglu-fenerbahcede-2\/","url":"https:\/\/kuzeyinsesi.org\/index.php\/2025\/08\/31\/kerem-akturkoglu-fenerbahcede-2\/","name":"Kerem Akt\u00fcrko\u011flu Fenerbah\u00e7e&#039;de - Kuzeyin Sesi","isPartOf":{"@id":"https:\/\/kuzeyinsesi.org\/#website"},"primaryImageOfPage":{"@id":"https:\/\/kuzeyinsesi.org\/index.php\/2025\/08\/31\/kerem-akturkoglu-fenerbahcede-2\/#primaryimage"},"image":{"@id":"https:\/\/kuzeyinsesi.org\/index.php\/2025\/08\/31\/kerem-akturkoglu-fenerbahcede-2\/#primaryimage"},"thumbnailUrl":"https:\/\/kuzeyinsesi.org\/wp-content\/uploads\/2025\/08\/kerem-akturkoglu-dha-2393693.jpg","datePublished":"2025-08-31T16:30:16+00:00","author":{"@id":"https:\/\/kuzeyinsesi.org\/#\/schema\/person\/9f859689cdf01485597712386e37f5aa"},"breadcrumb":{"@id":"https:\/\/kuzeyinsesi.org\/index.php\/2025\/08\/31\/kerem-akturkoglu-fenerbahcede-2\/#breadcrumb"},"inLanguage":"tr","potentialAction":[{"@type":"ReadAction","target":["https:\/\/kuzeyinsesi.org\/index.php\/2025\/08\/31\/kerem-akturkoglu-fenerbahcede-2\/"]}]},{"@type":"ImageObject","inLanguage":"tr","@id":"https:\/\/kuzeyinsesi.org\/index.php\/2025\/08\/31\/kerem-akturkoglu-fenerbahcede-2\/#primaryimage","url":"https:\/\/kuzeyinsesi.org\/wp-content\/uploads\/2025\/08\/kerem-akturkoglu-dha-2393693.jpg","contentUrl":"https:\/\/kuzeyinsesi.org\/wp-content\/uploads\/2025\/08\/kerem-akturkoglu-dha-2393693.jpg","width":1280,"height":720},{"@type":"BreadcrumbList","@id":"https:\/\/kuzeyinsesi.org\/index.php\/2025\/08\/31\/kerem-akturkoglu-fenerbahcede-2\/#breadcrumb","itemListElement":[{"@type":"ListItem","position":1,"name":"Anasayfa","item":"https:\/\/kuzeyinsesi.org\/"},{"@type":"ListItem","position":2,"name":"Kerem Akt\u00fcrko\u011flu Fenerbah\u00e7e&#039;de"}]},{"@type":"WebSite","@id":"https:\/\/kuzeyinsesi.org\/#website","url":"https:\/\/kuzeyinsesi.org\/","name":"Kuzeyin Sesi","description":"Do\u011fru Haberin Adresi","potentialAction":[{"@type":"SearchAction","target":{"@type":"EntryPoint","urlTemplate":"https:\/\/kuzeyinsesi.org\/?s={search_term_string}"},"query-input":{"@type":"PropertyValueSpecification","valueRequired":true,"valueName":"search_term_string"}}],"inLanguage":"tr"},{"@type":"Person","@id":"https:\/\/kuzeyinsesi.org\/#\/schema\/person\/9f859689cdf01485597712386e37f5aa","name":"Kuzeyin Sesi","image":{"@type":"ImageObject","inLanguage":"tr","@id":"https:\/\/secure.gravatar.com\/avatar\/bab33852abfd8b282518d6ed81826833d77c3c882d9ab608add591ccace47a44?s=96&d=mm&r=g","url":"https:\/\/secure.gravatar.com\/avatar\/bab33852abfd8b282518d6ed81826833d77c3c882d9ab608add591ccace47a44?s=96&d=mm&r=g","contentUrl":"https:\/\/secure.gravatar.com\/avatar\/bab33852abfd8b282518d6ed81826833d77c3c882d9ab608add591ccace47a44?s=96&d=mm&r=g","caption":"Kuzeyin Sesi"},"sameAs":["https:\/\/kuzeyinsesi.org"],"url":"https:\/\/kuzeyinsesi.org\/index.php\/author\/guven\/"}]}},"_links":{"self":[{"href":"https:\/\/kuzeyinsesi.org\/index.php\/wp-json\/wp\/v2\/posts\/30979","targetHints":{"allow":["GET"]}}],"collection":[{"href":"https:\/\/kuzeyinsesi.org\/index.php\/wp-json\/wp\/v2\/posts"}],"about":[{"href":"https:\/\/kuzeyinsesi.org\/index.php\/wp-json\/wp\/v2\/types\/post"}],"author":[{"embeddable":true,"href":"https:\/\/kuzeyinsesi.org\/index.php\/wp-json\/wp\/v2\/users\/1"}],"replies":[{"embeddable":true,"href":"https:\/\/kuzeyinsesi.org\/index.php\/wp-json\/wp\/v2\/comments?post=30979"}],"version-history":[{"count":0,"href":"https:\/\/kuzeyinsesi.org\/index.php\/wp-json\/wp\/v2\/posts\/30979\/revisions"}],"wp:featuredmedia":[{"embeddable":true,"href":"https:\/\/kuzeyinsesi.org\/index.php\/wp-json\/wp\/v2\/media\/30980"}],"wp:attachment":[{"href":"https:\/\/kuzeyinsesi.org\/index.php\/wp-json\/wp\/v2\/media?parent=30979"}],"wp:term":[{"taxonomy":"category","embeddable":true,"href":"https:\/\/kuzeyinsesi.org\/index.php\/wp-json\/wp\/v2\/categories?post=30979"},{"taxonomy":"post_tag","embeddable":true,"href":"https:\/\/kuzeyinsesi.org\/index.php\/wp-json\/wp\/v2\/tags?post=30979"}],"curies":[{"name":"wp","href":"https:\/\/api.w.org\/{rel}","templated":true}]}}