{"id":30947,"date":"2025-08-30T15:40:32","date_gmt":"2025-08-30T12:40:32","guid":{"rendered":"https:\/\/kuzeyinsesi.org\/index.php\/2025\/08\/30\/gazzede-son-3-haftada-1000-yetiskin-aclik-nedeniyle-hastanelik-oldu\/"},"modified":"2025-08-30T15:40:32","modified_gmt":"2025-08-30T12:40:32","slug":"gazzede-son-3-haftada-1000-yetiskin-aclik-nedeniyle-hastanelik-oldu","status":"publish","type":"post","link":"https:\/\/kuzeyinsesi.org\/index.php\/2025\/08\/30\/gazzede-son-3-haftada-1000-yetiskin-aclik-nedeniyle-hastanelik-oldu\/","title":{"rendered":"Gazzede son 3 haftada 1000 yeti\u015fkin a\u00e7l\u0131k nedeniyle hastanelik oldu"},"content":{"rendered":"<p><\/p>\n<div>\n<p>&#13;<br \/>\n\tEbu Silmiyye, \u0130srail\u2019in yo\u011fun sald\u0131r\u0131lar\u0131na maruz kalan <a href=\"https:\/\/www.trthaber.com\/etiket\/gazze\/\" target=\"_blank\">Gazze<\/a> kentinde, son \u00fc\u00e7 hafta i\u00e7inde yakla\u015f\u0131k bin yeti\u015fkinin yetersiz beslenme nedeniyle hastaneye ba\u015fvurdu\u011funu ifade ederek, bu durumun \u0130srail\u2019in s\u00fcrd\u00fcrd\u00fc\u011f\u00fc a\u00e7l\u0131k politikas\u0131yla do\u011frudan ba\u011flant\u0131l\u0131 oldu\u011funu vurgulad\u0131.<\/p>\n<p>&#13;<br \/>\n\tKentteki durumun giderek a\u011f\u0131rla\u015ft\u0131\u011f\u0131n\u0131 aktaran Ebu Silmiyye, &#8220;Hastaneye a\u00e7l\u0131k nedeniyle ba\u015fvuran hastalar ve yaral\u0131lar\u0131n \u00e7o\u011fu ciddi derecede yetersiz beslenmeden muzdarip.&#8221; dedi.<\/p>\n<h2>&#13;<br \/>\n\tHastaneler hasta ve yaral\u0131larla dolup ta\u015ft\u0131<\/h2>\n<p>&#13;<br \/>\n\tEbu Silmiyye, hastanelerin hasta ve yaral\u0131larla dolup ta\u015ft\u0131\u011f\u0131n\u0131, \u0130srail\u2019in yo\u011fun bombard\u0131man\u0131n\u0131n ise ko\u015fullar\u0131 daha da zorla\u015ft\u0131rd\u0131\u011f\u0131n\u0131 vurgulad\u0131.<\/p>\n<p>&#13;<br \/>\n\tSon g\u00fcnlerde Gazze \u015fehir merkezine yap\u0131lan sald\u0131r\u0131lar, \u00e7ok say\u0131da \u00f6l\u00fcm ve yaralanmaya yol a\u00e7arken, <a href=\"https:\/\/www.trthaber.com\/etiket\/israil\/\" target=\"_blank\">\u0130srail<\/a> taraf\u0131ndan kent &#8220;tehlikeli bir <a href=\"https:\/\/www.trthaber.com\/etiket\/savas\/\" target=\"_blank\">sava\u015f<\/a> b\u00f6lgesi&#8221; ilan edildi.<\/p>\n<p>&#13;<br \/>\n\t8 A\u011fustos\u2019ta ise \u0130srail Ba\u015fbakan\u0131 Binyamin Netanyahu\u2019nun plan\u0131yla, Gazze \u015eeridi\u2019nin kademeli olarak yeniden i\u015fgal edilmesi s\u00fcrecinin Gazze kentinden ba\u015flayaca\u011f\u0131 duyurulmu\u015ftu.<\/p>\n<p>&#13;<br \/>\n\tEbu Silmiyye, ayn\u0131 zamanda Gazze\u2019deki insani ve sa\u011fl\u0131k ko\u015fullar\u0131n\u0131n ciddiyetine dikkat \u00e7ekerek, kuzey ve g\u00fcney b\u00f6lgelerinden bat\u0131 b\u00f6lgelerine yo\u011fun <a href=\"https:\/\/www.trthaber.com\/etiket\/goc\/\" target=\"_blank\">g\u00f6\u00e7<\/a> hareketi ya\u015fand\u0131\u011f\u0131n\u0131, bu b\u00f6lgelerin ise art\u0131k zorla yerinden edilenlerle a\u015f\u0131r\u0131 kalabal\u0131k hale geldi\u011fini belirtti.<\/p>\n<p>&#13;<br \/>\n\tYerinden edilenlerin ba\u011f\u0131\u015f\u0131kl\u0131k sisteminin zay\u0131f oldu\u011funu ve bu durumun bula\u015f\u0131c\u0131 hastal\u0131klar\u0131n yay\u0131lmas\u0131n\u0131 kolayla\u015ft\u0131rd\u0131\u011f\u0131n\u0131 ifade eden Ebu Silmiyye, son d\u00f6nemde yay\u0131lan bir vir\u00fcs\u00fcn ate\u015f, ba\u015f a\u011fr\u0131s\u0131 ve ishal gibi belirtilere yol a\u00e7t\u0131\u011f\u0131n\u0131 ve ba\u011f\u0131\u015f\u0131kl\u0131\u011f\u0131 zay\u0131f olanlarda kulu\u00e7ka s\u00fcresinin iki haftay\u0131 a\u015fabilece\u011fini vurgulad\u0131.<\/p>\n<p>&#13;<br \/>\n\tEbu Silmiyye, &#8220;Yetersiz beslenme ba\u011f\u0131\u015f\u0131kl\u0131k sistemini zay\u0131flat\u0131yor, bu da hastal\u0131k s\u00fcresini uzat\u0131yor. Buna ek olarak sabun, \u015fampuan ve temiz <a href=\"https:\/\/www.trthaber.com\/etiket\/su\/\" target=\"_blank\">su<\/a> gibi hijyen malzemelerinin eksikli\u011fi hastal\u0131\u011f\u0131n yay\u0131lmas\u0131n\u0131 art\u0131r\u0131yor.&#8221; dedi.<\/p>\n<p>&#13;<br \/>\n\tGazze\u2019deki Sa\u011fl\u0131k Bakanl\u0131\u011f\u0131, son 24 saatte k\u00f6t\u00fc beslenme ve a\u00e7l\u0131k nedeniyle 10 ki\u015fi hayat\u0131n\u0131 kaybetti\u011fini, a\u00e7l\u0131ktan \u00f6lenlerin toplam say\u0131s\u0131n\u0131n ise 124&#8217;\u00fc \u00e7ocuk 332\u2019ye ula\u015ft\u0131\u011f\u0131n\u0131 duyurmu\u015ftu.<\/p>\n<p>&#13;<br \/>\n\tBu veriler, \u0130srail\u2019in uygulad\u0131\u011f\u0131 abluka ve sald\u0131r\u0131lar nedeniyle Gazze\u2019de derinle\u015fen insani krizi ve yetersiz beslenmenin yol a\u00e7t\u0131\u011f\u0131 tehlikeleri ortaya koyuyor.\u00a0<\/p>\n<\/p><\/div>\n","protected":false},"excerpt":{"rendered":"<p>&#13; Ebu Silmiyye, \u0130srail\u2019in yo\u011fun sald\u0131r\u0131lar\u0131na maruz kalan Gazze kentinde, son \u00fc\u00e7 hafta i\u00e7inde yakla\u015f\u0131k bin yeti\u015fkinin yetersiz beslenme nedeniyle hastaneye ba\u015fvurdu\u011funu ifade ederek, bu durumun \u0130srail\u2019in s\u00fcrd\u00fcrd\u00fc\u011f\u00fc a\u00e7l\u0131k politikas\u0131yla do\u011frudan ba\u011flant\u0131l\u0131 oldu\u011funu vurgulad\u0131. &#13; Kentteki durumun giderek a\u011f\u0131rla\u015ft\u0131\u011f\u0131n\u0131 aktaran Ebu Silmiyye, &#8220;Hastaneye a\u00e7l\u0131k nedeniyle ba\u015fvuran hastalar ve yaral\u0131lar\u0131n \u00e7o\u011fu ciddi derecede yetersiz beslenmeden muzdarip.&#8221; [&hellip;]<\/p>\n","protected":false},"author":1,"featured_media":30948,"comment_status":"open","ping_status":"open","sticky":false,"template":"","format":"standard","meta":{"jnews-multi-image_gallery":[],"jnews_single_post":[],"jnews_primary_category":[],"jnews_social_meta":[],"jnews_override_counter":[],"footnotes":""},"categories":[2],"tags":[],"class_list":["post-30947","post","type-post","status-publish","format-standard","has-post-thumbnail","hentry","category-dunya"],"yoast_head":"<!-- This site is optimized with the Yoast SEO plugin v28.3 - https:\/\/yoast.com\/product\/yoast-seo-wordpress\/ -->\n<title>Gazzede son 3 haftada 1000 yeti\u015fkin a\u00e7l\u0131k nedeniyle hastanelik oldu - Kuzeyin Sesi<\/title>\n<meta name=\"robots\" content=\"index, follow, max-snippet:-1, max-image-preview:large, max-video-preview:-1\" \/>\n<link rel=\"canonical\" href=\"https:\/\/kuzeyinsesi.org\/index.php\/2025\/08\/30\/gazzede-son-3-haftada-1000-yetiskin-aclik-nedeniyle-hastanelik-oldu\/\" \/>\n<meta property=\"og:locale\" content=\"tr_TR\" \/>\n<meta property=\"og:type\" content=\"article\" \/>\n<meta property=\"og:title\" content=\"Gazzede son 3 haftada 1000 yeti\u015fkin a\u00e7l\u0131k nedeniyle hastanelik oldu - Kuzeyin Sesi\" \/>\n<meta property=\"og:description\" content=\"&#013; Ebu Silmiyye, \u0130srail\u2019in yo\u011fun sald\u0131r\u0131lar\u0131na maruz kalan Gazze kentinde, son \u00fc\u00e7 hafta i\u00e7inde yakla\u015f\u0131k bin yeti\u015fkinin yetersiz beslenme nedeniyle hastaneye ba\u015fvurdu\u011funu ifade ederek, bu durumun \u0130srail\u2019in s\u00fcrd\u00fcrd\u00fc\u011f\u00fc a\u00e7l\u0131k politikas\u0131yla do\u011frudan ba\u011flant\u0131l\u0131 oldu\u011funu vurgulad\u0131. &#013; Kentteki durumun giderek a\u011f\u0131rla\u015ft\u0131\u011f\u0131n\u0131 aktaran Ebu Silmiyye, &#8220;Hastaneye a\u00e7l\u0131k nedeniyle ba\u015fvuran hastalar ve yaral\u0131lar\u0131n \u00e7o\u011fu ciddi derecede yetersiz beslenmeden muzdarip.&#8221; [&hellip;]\" \/>\n<meta property=\"og:url\" content=\"https:\/\/kuzeyinsesi.org\/index.php\/2025\/08\/30\/gazzede-son-3-haftada-1000-yetiskin-aclik-nedeniyle-hastanelik-oldu\/\" \/>\n<meta property=\"og:site_name\" content=\"Kuzeyin Sesi\" \/>\n<meta property=\"article:publisher\" content=\"https:\/\/www.facebook.com\/kuzeyinsesii\" \/>\n<meta property=\"article:published_time\" content=\"2025-08-30T12:40:32+00:00\" \/>\n<meta property=\"og:image\" content=\"https:\/\/trthaberstatic.cdn.wp.trt.com.tr\/resimler\/2384000\/gazze-aclik-a-2385815.jpg\" \/>\n<meta name=\"author\" content=\"Kuzeyin Sesi\" \/>\n<meta name=\"twitter:card\" content=\"summary_large_image\" \/>\n<meta name=\"twitter:creator\" content=\"@kuzeyinsesii\" \/>\n<meta name=\"twitter:site\" content=\"@kuzeyinsesii\" \/>\n<meta name=\"twitter:label1\" content=\"Yazan:\" \/>\n\t<meta name=\"twitter:data1\" content=\"Kuzeyin Sesi\" \/>\n\t<meta name=\"twitter:label2\" content=\"Tahmini okuma s\u00fcresi\" \/>\n\t<meta name=\"twitter:data2\" content=\"2 dakika\" \/>\n<script type=\"application\/ld+json\" class=\"yoast-schema-graph\">{\"@context\":\"https:\\\/\\\/schema.org\",\"@graph\":[{\"@type\":\"Article\",\"@id\":\"https:\\\/\\\/kuzeyinsesi.org\\\/index.php\\\/2025\\\/08\\\/30\\\/gazzede-son-3-haftada-1000-yetiskin-aclik-nedeniyle-hastanelik-oldu\\\/#article\",\"isPartOf\":{\"@id\":\"https:\\\/\\\/kuzeyinsesi.org\\\/index.php\\\/2025\\\/08\\\/30\\\/gazzede-son-3-haftada-1000-yetiskin-aclik-nedeniyle-hastanelik-oldu\\\/\"},\"author\":{\"name\":\"Kuzeyin Sesi\",\"@id\":\"https:\\\/\\\/kuzeyinsesi.org\\\/#\\\/schema\\\/person\\\/9f859689cdf01485597712386e37f5aa\"},\"headline\":\"Gazzede son 3 haftada 1000 yeti\u015fkin a\u00e7l\u0131k nedeniyle hastanelik oldu\",\"datePublished\":\"2025-08-30T12:40:32+00:00\",\"mainEntityOfPage\":{\"@id\":\"https:\\\/\\\/kuzeyinsesi.org\\\/index.php\\\/2025\\\/08\\\/30\\\/gazzede-son-3-haftada-1000-yetiskin-aclik-nedeniyle-hastanelik-oldu\\\/\"},\"wordCount\":415,\"commentCount\":0,\"image\":{\"@id\":\"https:\\\/\\\/kuzeyinsesi.org\\\/index.php\\\/2025\\\/08\\\/30\\\/gazzede-son-3-haftada-1000-yetiskin-aclik-nedeniyle-hastanelik-oldu\\\/#primaryimage\"},\"thumbnailUrl\":\"https:\\\/\\\/kuzeyinsesi.org\\\/wp-content\\\/uploads\\\/2025\\\/08\\\/gazze-aclik-a-2385815.jpg\",\"articleSection\":[\"D\u00fcnya\"],\"inLanguage\":\"tr\",\"potentialAction\":[{\"@type\":\"CommentAction\",\"name\":\"Comment\",\"target\":[\"https:\\\/\\\/kuzeyinsesi.org\\\/index.php\\\/2025\\\/08\\\/30\\\/gazzede-son-3-haftada-1000-yetiskin-aclik-nedeniyle-hastanelik-oldu\\\/#respond\"]}]},{\"@type\":\"WebPage\",\"@id\":\"https:\\\/\\\/kuzeyinsesi.org\\\/index.php\\\/2025\\\/08\\\/30\\\/gazzede-son-3-haftada-1000-yetiskin-aclik-nedeniyle-hastanelik-oldu\\\/\",\"url\":\"https:\\\/\\\/kuzeyinsesi.org\\\/index.php\\\/2025\\\/08\\\/30\\\/gazzede-son-3-haftada-1000-yetiskin-aclik-nedeniyle-hastanelik-oldu\\\/\",\"name\":\"Gazzede son 3 haftada 1000 yeti\u015fkin a\u00e7l\u0131k nedeniyle hastanelik oldu - Kuzeyin Sesi\",\"isPartOf\":{\"@id\":\"https:\\\/\\\/kuzeyinsesi.org\\\/#website\"},\"primaryImageOfPage\":{\"@id\":\"https:\\\/\\\/kuzeyinsesi.org\\\/index.php\\\/2025\\\/08\\\/30\\\/gazzede-son-3-haftada-1000-yetiskin-aclik-nedeniyle-hastanelik-oldu\\\/#primaryimage\"},\"image\":{\"@id\":\"https:\\\/\\\/kuzeyinsesi.org\\\/index.php\\\/2025\\\/08\\\/30\\\/gazzede-son-3-haftada-1000-yetiskin-aclik-nedeniyle-hastanelik-oldu\\\/#primaryimage\"},\"thumbnailUrl\":\"https:\\\/\\\/kuzeyinsesi.org\\\/wp-content\\\/uploads\\\/2025\\\/08\\\/gazze-aclik-a-2385815.jpg\",\"datePublished\":\"2025-08-30T12:40:32+00:00\",\"author\":{\"@id\":\"https:\\\/\\\/kuzeyinsesi.org\\\/#\\\/schema\\\/person\\\/9f859689cdf01485597712386e37f5aa\"},\"breadcrumb\":{\"@id\":\"https:\\\/\\\/kuzeyinsesi.org\\\/index.php\\\/2025\\\/08\\\/30\\\/gazzede-son-3-haftada-1000-yetiskin-aclik-nedeniyle-hastanelik-oldu\\\/#breadcrumb\"},\"inLanguage\":\"tr\",\"potentialAction\":[{\"@type\":\"ReadAction\",\"target\":[\"https:\\\/\\\/kuzeyinsesi.org\\\/index.php\\\/2025\\\/08\\\/30\\\/gazzede-son-3-haftada-1000-yetiskin-aclik-nedeniyle-hastanelik-oldu\\\/\"]}]},{\"@type\":\"ImageObject\",\"inLanguage\":\"tr\",\"@id\":\"https:\\\/\\\/kuzeyinsesi.org\\\/index.php\\\/2025\\\/08\\\/30\\\/gazzede-son-3-haftada-1000-yetiskin-aclik-nedeniyle-hastanelik-oldu\\\/#primaryimage\",\"url\":\"https:\\\/\\\/kuzeyinsesi.org\\\/wp-content\\\/uploads\\\/2025\\\/08\\\/gazze-aclik-a-2385815.jpg\",\"contentUrl\":\"https:\\\/\\\/kuzeyinsesi.org\\\/wp-content\\\/uploads\\\/2025\\\/08\\\/gazze-aclik-a-2385815.jpg\",\"width\":1280,\"height\":720},{\"@type\":\"BreadcrumbList\",\"@id\":\"https:\\\/\\\/kuzeyinsesi.org\\\/index.php\\\/2025\\\/08\\\/30\\\/gazzede-son-3-haftada-1000-yetiskin-aclik-nedeniyle-hastanelik-oldu\\\/#breadcrumb\",\"itemListElement\":[{\"@type\":\"ListItem\",\"position\":1,\"name\":\"Anasayfa\",\"item\":\"https:\\\/\\\/kuzeyinsesi.org\\\/\"},{\"@type\":\"ListItem\",\"position\":2,\"name\":\"Gazzede son 3 haftada 1000 yeti\u015fkin a\u00e7l\u0131k nedeniyle hastanelik oldu\"}]},{\"@type\":\"WebSite\",\"@id\":\"https:\\\/\\\/kuzeyinsesi.org\\\/#website\",\"url\":\"https:\\\/\\\/kuzeyinsesi.org\\\/\",\"name\":\"Kuzeyin Sesi\",\"description\":\"Do\u011fru Haberin Adresi\",\"potentialAction\":[{\"@type\":\"SearchAction\",\"target\":{\"@type\":\"EntryPoint\",\"urlTemplate\":\"https:\\\/\\\/kuzeyinsesi.org\\\/?s={search_term_string}\"},\"query-input\":{\"@type\":\"PropertyValueSpecification\",\"valueRequired\":true,\"valueName\":\"search_term_string\"}}],\"inLanguage\":\"tr\"},{\"@type\":\"Person\",\"@id\":\"https:\\\/\\\/kuzeyinsesi.org\\\/#\\\/schema\\\/person\\\/9f859689cdf01485597712386e37f5aa\",\"name\":\"Kuzeyin Sesi\",\"image\":{\"@type\":\"ImageObject\",\"inLanguage\":\"tr\",\"@id\":\"https:\\\/\\\/secure.gravatar.com\\\/avatar\\\/bab33852abfd8b282518d6ed81826833d77c3c882d9ab608add591ccace47a44?s=96&d=mm&r=g\",\"url\":\"https:\\\/\\\/secure.gravatar.com\\\/avatar\\\/bab33852abfd8b282518d6ed81826833d77c3c882d9ab608add591ccace47a44?s=96&d=mm&r=g\",\"contentUrl\":\"https:\\\/\\\/secure.gravatar.com\\\/avatar\\\/bab33852abfd8b282518d6ed81826833d77c3c882d9ab608add591ccace47a44?s=96&d=mm&r=g\",\"caption\":\"Kuzeyin Sesi\"},\"sameAs\":[\"https:\\\/\\\/kuzeyinsesi.org\"],\"url\":\"https:\\\/\\\/kuzeyinsesi.org\\\/index.php\\\/author\\\/guven\\\/\"}]}<\/script>\n<!-- \/ Yoast SEO plugin. -->","yoast_head_json":{"title":"Gazzede son 3 haftada 1000 yeti\u015fkin a\u00e7l\u0131k nedeniyle hastanelik oldu - Kuzeyin Sesi","robots":{"index":"index","follow":"follow","max-snippet":"max-snippet:-1","max-image-preview":"max-image-preview:large","max-video-preview":"max-video-preview:-1"},"canonical":"https:\/\/kuzeyinsesi.org\/index.php\/2025\/08\/30\/gazzede-son-3-haftada-1000-yetiskin-aclik-nedeniyle-hastanelik-oldu\/","og_locale":"tr_TR","og_type":"article","og_title":"Gazzede son 3 haftada 1000 yeti\u015fkin a\u00e7l\u0131k nedeniyle hastanelik oldu - Kuzeyin Sesi","og_description":"&#13; Ebu Silmiyye, \u0130srail\u2019in yo\u011fun sald\u0131r\u0131lar\u0131na maruz kalan Gazze kentinde, son \u00fc\u00e7 hafta i\u00e7inde yakla\u015f\u0131k bin yeti\u015fkinin yetersiz beslenme nedeniyle hastaneye ba\u015fvurdu\u011funu ifade ederek, bu durumun \u0130srail\u2019in s\u00fcrd\u00fcrd\u00fc\u011f\u00fc a\u00e7l\u0131k politikas\u0131yla do\u011frudan ba\u011flant\u0131l\u0131 oldu\u011funu vurgulad\u0131. &#13; Kentteki durumun giderek a\u011f\u0131rla\u015ft\u0131\u011f\u0131n\u0131 aktaran Ebu Silmiyye, &#8220;Hastaneye a\u00e7l\u0131k nedeniyle ba\u015fvuran hastalar ve yaral\u0131lar\u0131n \u00e7o\u011fu ciddi derecede yetersiz beslenmeden muzdarip.&#8221; [&hellip;]","og_url":"https:\/\/kuzeyinsesi.org\/index.php\/2025\/08\/30\/gazzede-son-3-haftada-1000-yetiskin-aclik-nedeniyle-hastanelik-oldu\/","og_site_name":"Kuzeyin Sesi","article_publisher":"https:\/\/www.facebook.com\/kuzeyinsesii","article_published_time":"2025-08-30T12:40:32+00:00","og_image":[{"url":"https:\/\/trthaberstatic.cdn.wp.trt.com.tr\/resimler\/2384000\/gazze-aclik-a-2385815.jpg","type":"","width":"","height":""}],"author":"Kuzeyin Sesi","twitter_card":"summary_large_image","twitter_creator":"@kuzeyinsesii","twitter_site":"@kuzeyinsesii","twitter_misc":{"Yazan:":"Kuzeyin Sesi","Tahmini okuma s\u00fcresi":"2 dakika"},"schema":{"@context":"https:\/\/schema.org","@graph":[{"@type":"Article","@id":"https:\/\/kuzeyinsesi.org\/index.php\/2025\/08\/30\/gazzede-son-3-haftada-1000-yetiskin-aclik-nedeniyle-hastanelik-oldu\/#article","isPartOf":{"@id":"https:\/\/kuzeyinsesi.org\/index.php\/2025\/08\/30\/gazzede-son-3-haftada-1000-yetiskin-aclik-nedeniyle-hastanelik-oldu\/"},"author":{"name":"Kuzeyin Sesi","@id":"https:\/\/kuzeyinsesi.org\/#\/schema\/person\/9f859689cdf01485597712386e37f5aa"},"headline":"Gazzede son 3 haftada 1000 yeti\u015fkin a\u00e7l\u0131k nedeniyle hastanelik oldu","datePublished":"2025-08-30T12:40:32+00:00","mainEntityOfPage":{"@id":"https:\/\/kuzeyinsesi.org\/index.php\/2025\/08\/30\/gazzede-son-3-haftada-1000-yetiskin-aclik-nedeniyle-hastanelik-oldu\/"},"wordCount":415,"commentCount":0,"image":{"@id":"https:\/\/kuzeyinsesi.org\/index.php\/2025\/08\/30\/gazzede-son-3-haftada-1000-yetiskin-aclik-nedeniyle-hastanelik-oldu\/#primaryimage"},"thumbnailUrl":"https:\/\/kuzeyinsesi.org\/wp-content\/uploads\/2025\/08\/gazze-aclik-a-2385815.jpg","articleSection":["D\u00fcnya"],"inLanguage":"tr","potentialAction":[{"@type":"CommentAction","name":"Comment","target":["https:\/\/kuzeyinsesi.org\/index.php\/2025\/08\/30\/gazzede-son-3-haftada-1000-yetiskin-aclik-nedeniyle-hastanelik-oldu\/#respond"]}]},{"@type":"WebPage","@id":"https:\/\/kuzeyinsesi.org\/index.php\/2025\/08\/30\/gazzede-son-3-haftada-1000-yetiskin-aclik-nedeniyle-hastanelik-oldu\/","url":"https:\/\/kuzeyinsesi.org\/index.php\/2025\/08\/30\/gazzede-son-3-haftada-1000-yetiskin-aclik-nedeniyle-hastanelik-oldu\/","name":"Gazzede son 3 haftada 1000 yeti\u015fkin a\u00e7l\u0131k nedeniyle hastanelik oldu - Kuzeyin Sesi","isPartOf":{"@id":"https:\/\/kuzeyinsesi.org\/#website"},"primaryImageOfPage":{"@id":"https:\/\/kuzeyinsesi.org\/index.php\/2025\/08\/30\/gazzede-son-3-haftada-1000-yetiskin-aclik-nedeniyle-hastanelik-oldu\/#primaryimage"},"image":{"@id":"https:\/\/kuzeyinsesi.org\/index.php\/2025\/08\/30\/gazzede-son-3-haftada-1000-yetiskin-aclik-nedeniyle-hastanelik-oldu\/#primaryimage"},"thumbnailUrl":"https:\/\/kuzeyinsesi.org\/wp-content\/uploads\/2025\/08\/gazze-aclik-a-2385815.jpg","datePublished":"2025-08-30T12:40:32+00:00","author":{"@id":"https:\/\/kuzeyinsesi.org\/#\/schema\/person\/9f859689cdf01485597712386e37f5aa"},"breadcrumb":{"@id":"https:\/\/kuzeyinsesi.org\/index.php\/2025\/08\/30\/gazzede-son-3-haftada-1000-yetiskin-aclik-nedeniyle-hastanelik-oldu\/#breadcrumb"},"inLanguage":"tr","potentialAction":[{"@type":"ReadAction","target":["https:\/\/kuzeyinsesi.org\/index.php\/2025\/08\/30\/gazzede-son-3-haftada-1000-yetiskin-aclik-nedeniyle-hastanelik-oldu\/"]}]},{"@type":"ImageObject","inLanguage":"tr","@id":"https:\/\/kuzeyinsesi.org\/index.php\/2025\/08\/30\/gazzede-son-3-haftada-1000-yetiskin-aclik-nedeniyle-hastanelik-oldu\/#primaryimage","url":"https:\/\/kuzeyinsesi.org\/wp-content\/uploads\/2025\/08\/gazze-aclik-a-2385815.jpg","contentUrl":"https:\/\/kuzeyinsesi.org\/wp-content\/uploads\/2025\/08\/gazze-aclik-a-2385815.jpg","width":1280,"height":720},{"@type":"BreadcrumbList","@id":"https:\/\/kuzeyinsesi.org\/index.php\/2025\/08\/30\/gazzede-son-3-haftada-1000-yetiskin-aclik-nedeniyle-hastanelik-oldu\/#breadcrumb","itemListElement":[{"@type":"ListItem","position":1,"name":"Anasayfa","item":"https:\/\/kuzeyinsesi.org\/"},{"@type":"ListItem","position":2,"name":"Gazzede son 3 haftada 1000 yeti\u015fkin a\u00e7l\u0131k nedeniyle hastanelik oldu"}]},{"@type":"WebSite","@id":"https:\/\/kuzeyinsesi.org\/#website","url":"https:\/\/kuzeyinsesi.org\/","name":"Kuzeyin Sesi","description":"Do\u011fru Haberin Adresi","potentialAction":[{"@type":"SearchAction","target":{"@type":"EntryPoint","urlTemplate":"https:\/\/kuzeyinsesi.org\/?s={search_term_string}"},"query-input":{"@type":"PropertyValueSpecification","valueRequired":true,"valueName":"search_term_string"}}],"inLanguage":"tr"},{"@type":"Person","@id":"https:\/\/kuzeyinsesi.org\/#\/schema\/person\/9f859689cdf01485597712386e37f5aa","name":"Kuzeyin Sesi","image":{"@type":"ImageObject","inLanguage":"tr","@id":"https:\/\/secure.gravatar.com\/avatar\/bab33852abfd8b282518d6ed81826833d77c3c882d9ab608add591ccace47a44?s=96&d=mm&r=g","url":"https:\/\/secure.gravatar.com\/avatar\/bab33852abfd8b282518d6ed81826833d77c3c882d9ab608add591ccace47a44?s=96&d=mm&r=g","contentUrl":"https:\/\/secure.gravatar.com\/avatar\/bab33852abfd8b282518d6ed81826833d77c3c882d9ab608add591ccace47a44?s=96&d=mm&r=g","caption":"Kuzeyin Sesi"},"sameAs":["https:\/\/kuzeyinsesi.org"],"url":"https:\/\/kuzeyinsesi.org\/index.php\/author\/guven\/"}]}},"_links":{"self":[{"href":"https:\/\/kuzeyinsesi.org\/index.php\/wp-json\/wp\/v2\/posts\/30947","targetHints":{"allow":["GET"]}}],"collection":[{"href":"https:\/\/kuzeyinsesi.org\/index.php\/wp-json\/wp\/v2\/posts"}],"about":[{"href":"https:\/\/kuzeyinsesi.org\/index.php\/wp-json\/wp\/v2\/types\/post"}],"author":[{"embeddable":true,"href":"https:\/\/kuzeyinsesi.org\/index.php\/wp-json\/wp\/v2\/users\/1"}],"replies":[{"embeddable":true,"href":"https:\/\/kuzeyinsesi.org\/index.php\/wp-json\/wp\/v2\/comments?post=30947"}],"version-history":[{"count":0,"href":"https:\/\/kuzeyinsesi.org\/index.php\/wp-json\/wp\/v2\/posts\/30947\/revisions"}],"wp:featuredmedia":[{"embeddable":true,"href":"https:\/\/kuzeyinsesi.org\/index.php\/wp-json\/wp\/v2\/media\/30948"}],"wp:attachment":[{"href":"https:\/\/kuzeyinsesi.org\/index.php\/wp-json\/wp\/v2\/media?parent=30947"}],"wp:term":[{"taxonomy":"category","embeddable":true,"href":"https:\/\/kuzeyinsesi.org\/index.php\/wp-json\/wp\/v2\/categories?post=30947"},{"taxonomy":"post_tag","embeddable":true,"href":"https:\/\/kuzeyinsesi.org\/index.php\/wp-json\/wp\/v2\/tags?post=30947"}],"curies":[{"name":"wp","href":"https:\/\/api.w.org\/{rel}","templated":true}]}}