{"id":30917,"date":"2025-08-29T18:32:18","date_gmt":"2025-08-29T15:32:18","guid":{"rendered":"https:\/\/kuzeyinsesi.org\/index.php\/2025\/08\/29\/fenerbahcenin-avrupa-ligindeki-rakipleri-belli-oldu\/"},"modified":"2025-08-29T18:32:18","modified_gmt":"2025-08-29T15:32:18","slug":"fenerbahcenin-avrupa-ligindeki-rakipleri-belli-oldu","status":"publish","type":"post","link":"https:\/\/kuzeyinsesi.org\/index.php\/2025\/08\/29\/fenerbahcenin-avrupa-ligindeki-rakipleri-belli-oldu\/","title":{"rendered":"Fenerbah\u00e7e&#039;nin Avrupa Ligi&#039;ndeki rakipleri belli oldu"},"content":{"rendered":"<p><\/p>\n<div>\n<p>&#13;<br \/>\n\tAvrupa futbolunun kul\u00fcp d\u00fczeyindeki iki numaral\u0131 organizasyonunda lig a\u015famas\u0131n\u0131n kura \u00e7ekimi, Monako&#8217;daki Grimaldo Forum&#8217;da ger\u00e7ekle\u015ftirildi.<\/p>\n<p>&#13;<br \/>\n\tTurnuvadaki tek T\u00fcrk temsilcisi Fenerbah\u00e7e, eski Alman futbolcu J\u00fcrgen Klinsmann&#8217;\u0131n \u00e7ekti\u011fi kuraya ikinci torbadan girdi.<\/p>\n<p>&#13;<br \/>\n\tFenerbah\u00e7e, lig a\u015famas\u0131nda Aston Villa (\u0130ngiltere), Dinamo Zagreb (H\u0131rvatistan) (D), Ferencvaros (Macaristan), Viktoria Plzen (\u00c7ekya) (D), Nice (Fransa), FCSB (Romanya) (D), Stuttgart (Almanya) ve Brann (Norve\u00e7) (D) ile e\u015fle\u015fti.<\/p>\n<h2>&#13;<br \/>\n\t36 tak\u0131m kat\u0131lacak<\/h2>\n<p>&#13;<br \/>\n\tUEFA Avrupa Ligi&#8217;nde ge\u00e7en y\u0131l hayata ge\u00e7irilen ve bu sezon ikinci kez uygulanacak formatta 36 tak\u0131m m\u00fccadele edecek.<\/p>\n<p>&#13;<br \/>\n\tLigde bu sezon yer alacak tak\u0131mlar \u015f\u00f6yle:<\/p>\n<p>&#13;<br \/>\n\tSalzburg, Sturm Graz (Avusturya), Genk (Bel\u00e7ika), Ludogorets (Bulgaristan), Dinamo Zagreb (H\u0131rvatistan), Viktoria Plzen (\u00c7ekya), Midtjylland (Danimarka), Aston Villa, Nottingham Forest (\u0130ngiltere), Lille, Olimpik Lyon, Nice (Fransa), Stuttgart, Freiburg (Almanya), Panathinaikos, PAOK (Yunanistan), Ferencvaros (Macaristan), Maccabi Tel-Aviv (\u0130srail), Bologna, Roma (\u0130talya), Feyenoord, Go Ahead Eagles, Utrecht (Hollanda), Brann (Norve\u00e7), Braga, Porto (Portekiz), FCSB (Romanya), Celtic, Rangers (\u0130sko\u00e7ya), K\u0131z\u0131ly\u0131ld\u0131z (S\u0131rbistan), Real Betis, Celta (\u0130spanya),<br \/>&#13;<br \/>\n\tMalm\u00f6 (\u0130sve\u00e7), Basel, Young Boys (\u0130svi\u00e7re), Fenerbah\u00e7e (T\u00fcrkiye).<\/p>\n<h2>&#13;<br \/>\n\tTurnuva format\u0131<\/h2>\n<p>&#13;<br \/>\n\tLigde her tak\u0131m, 4&#8217;\u00fc i\u00e7eride, 4&#8217;\u00fc d\u0131\u015far\u0131da olmak \u00fczere 8 farkl\u0131 rakiple kar\u015f\u0131la\u015facak.<\/p>\n<p>&#13;<br \/>\n\t\u0130lk 8&#8217;e giren tak\u0131mlar, do\u011frudan son 16 turuna y\u00fckselecek. Ligde 9-24. s\u0131ray\u0131 alan ekipler, play-off turunda kar\u015f\u0131la\u015farak son 16 turu bileti almaya \u00e7al\u0131\u015facak. \u0130lk 24&#8217;\u00fcn d\u0131\u015f\u0131nda kalan tak\u0131mlar ise Avrupa kupalar\u0131na veda edecek.<\/p>\n<p>&#13;<br \/>\n\tLig a\u015famas\u0131n\u0131n tamamlanmas\u0131yla play-off turundan itibaren \u00e7ift ma\u00e7l\u0131 eleme sistemine ge\u00e7ilecek.<\/p>\n<h2>&#13;<br \/>\n\tMa\u00e7 takvimi<\/h2>\n<p>&#13;<br \/>\n\tFikst\u00fcr\u00fcn en ge\u00e7 31 A\u011fustos Pazar g\u00fcn\u00fc a\u00e7\u0131klanaca\u011f\u0131 UEFA Avrupa Ligi&#8217;nde ilk hafta ma\u00e7lar\u0131 24-25 Eyl\u00fcl&#8217;de yap\u0131lacak, lig etab\u0131 29 Ocak 2026&#8217;da tamamlanacak.<\/p>\n<p>&#13;<br \/>\n\tTurnuvan\u0131n finaline 20 May\u0131s 2026 tarihinde T\u00fcpra\u015f Stad\u0131 ev sahipli\u011fi yapacak.<\/p>\n<p>&#13;<br \/>\n\tLigde ma\u00e7 takvimi \u015f\u00f6yle:<\/p>\n<p>&#13;<br \/>\n\t1. ma\u00e7lar: 24-25 Eyl\u00fcl<\/p>\n<p>&#13;<br \/>\n\t2. ma\u00e7lar: 2 Ekim<\/p>\n<p>&#13;<br \/>\n\t3. ma\u00e7lar: 23 Ekim<\/p>\n<p>&#13;<br \/>\n\t4. ma\u00e7lar: 6 Kas\u0131m<\/p>\n<p>&#13;<br \/>\n\t5. ma\u00e7lar: 27 Kas\u0131m<\/p>\n<p>&#13;<br \/>\n\t6. ma\u00e7lar: 11 Aral\u0131k<\/p>\n<p>&#13;<br \/>\n\t7. ma\u00e7lar: 22 Ocak 2026<\/p>\n<p>&#13;<br \/>\n\t8. ma\u00e7lar: 29 Ocak 2026<\/p>\n<p>&#13;<br \/>\n\tPlay-off turu: 19 ve 26 \u015eubat 2026<\/p>\n<p>&#13;<br \/>\n\tSon 16 turu: 12 ve 19 Mart 2026<\/p>\n<p>&#13;<br \/>\n\t\u00c7eyrek finaller: 9 ve 16 Nisan 2026<\/p>\n<p>&#13;<br \/>\n\tYar\u0131 finaller: 30 Nisan ve 7 May\u0131s 2026<\/p>\n<p>&#13;<br \/>\n\tFinal: 20 May\u0131s 2026<\/p>\n<\/p><\/div>\n","protected":false},"excerpt":{"rendered":"<p>&#13; Avrupa futbolunun kul\u00fcp d\u00fczeyindeki iki numaral\u0131 organizasyonunda lig a\u015famas\u0131n\u0131n kura \u00e7ekimi, Monako&#8217;daki Grimaldo Forum&#8217;da ger\u00e7ekle\u015ftirildi. &#13; Turnuvadaki tek T\u00fcrk temsilcisi Fenerbah\u00e7e, eski Alman futbolcu J\u00fcrgen Klinsmann&#8217;\u0131n \u00e7ekti\u011fi kuraya ikinci torbadan girdi. &#13; Fenerbah\u00e7e, lig a\u015famas\u0131nda Aston Villa (\u0130ngiltere), Dinamo Zagreb (H\u0131rvatistan) (D), Ferencvaros (Macaristan), Viktoria Plzen (\u00c7ekya) (D), Nice (Fransa), FCSB (Romanya) (D), Stuttgart [&hellip;]<\/p>\n","protected":false},"author":1,"featured_media":30918,"comment_status":"open","ping_status":"open","sticky":false,"template":"","format":"standard","meta":{"jnews-multi-image_gallery":[],"jnews_single_post":[],"jnews_primary_category":[],"jnews_social_meta":[],"jnews_override_counter":[],"footnotes":""},"categories":[4],"tags":[],"class_list":["post-30917","post","type-post","status-publish","format-standard","has-post-thumbnail","hentry","category-spor"],"yoast_head":"<!-- This site is optimized with the Yoast SEO plugin v27.5 - https:\/\/yoast.com\/product\/yoast-seo-wordpress\/ -->\n<title>Fenerbah\u00e7e&#039;nin Avrupa Ligi&#039;ndeki rakipleri belli oldu - Kuzeyin Sesi<\/title>\n<meta name=\"robots\" content=\"index, follow, max-snippet:-1, max-image-preview:large, max-video-preview:-1\" \/>\n<link rel=\"canonical\" href=\"https:\/\/kuzeyinsesi.org\/index.php\/2025\/08\/29\/fenerbahcenin-avrupa-ligindeki-rakipleri-belli-oldu\/\" \/>\n<meta property=\"og:locale\" content=\"tr_TR\" \/>\n<meta property=\"og:type\" content=\"article\" \/>\n<meta property=\"og:title\" content=\"Fenerbah\u00e7e&#039;nin Avrupa Ligi&#039;ndeki rakipleri belli oldu - Kuzeyin Sesi\" \/>\n<meta property=\"og:description\" content=\"&#013; Avrupa futbolunun kul\u00fcp d\u00fczeyindeki iki numaral\u0131 organizasyonunda lig a\u015famas\u0131n\u0131n kura \u00e7ekimi, Monako&#8217;daki Grimaldo Forum&#8217;da ger\u00e7ekle\u015ftirildi. &#013; Turnuvadaki tek T\u00fcrk temsilcisi Fenerbah\u00e7e, eski Alman futbolcu J\u00fcrgen Klinsmann&#8217;\u0131n \u00e7ekti\u011fi kuraya ikinci torbadan girdi. &#013; Fenerbah\u00e7e, lig a\u015famas\u0131nda Aston Villa (\u0130ngiltere), Dinamo Zagreb (H\u0131rvatistan) (D), Ferencvaros (Macaristan), Viktoria Plzen (\u00c7ekya) (D), Nice (Fransa), FCSB (Romanya) (D), Stuttgart [&hellip;]\" \/>\n<meta property=\"og:url\" content=\"https:\/\/kuzeyinsesi.org\/index.php\/2025\/08\/29\/fenerbahcenin-avrupa-ligindeki-rakipleri-belli-oldu\/\" \/>\n<meta property=\"og:site_name\" content=\"Kuzeyin Sesi\" \/>\n<meta property=\"article:publisher\" content=\"https:\/\/www.facebook.com\/kuzeyinsesii\" \/>\n<meta property=\"article:published_time\" content=\"2025-08-29T15:32:18+00:00\" \/>\n<meta property=\"og:image\" content=\"https:\/\/trthaberstatic.cdn.wp.trt.com.tr\/resimler\/2148000\/2149968.jpg\" \/>\n<meta name=\"author\" content=\"Kuzeyin Sesi\" \/>\n<meta name=\"twitter:card\" content=\"summary_large_image\" \/>\n<meta name=\"twitter:creator\" content=\"@kuzeyinsesii\" \/>\n<meta name=\"twitter:site\" content=\"@kuzeyinsesii\" \/>\n<meta name=\"twitter:label1\" content=\"Yazan:\" \/>\n\t<meta name=\"twitter:data1\" content=\"Kuzeyin Sesi\" \/>\n\t<meta name=\"twitter:label2\" content=\"Tahmini okuma s\u00fcresi\" \/>\n\t<meta name=\"twitter:data2\" content=\"2 dakika\" \/>\n<script type=\"application\/ld+json\" class=\"yoast-schema-graph\">{\"@context\":\"https:\\\/\\\/schema.org\",\"@graph\":[{\"@type\":\"Article\",\"@id\":\"https:\\\/\\\/kuzeyinsesi.org\\\/index.php\\\/2025\\\/08\\\/29\\\/fenerbahcenin-avrupa-ligindeki-rakipleri-belli-oldu\\\/#article\",\"isPartOf\":{\"@id\":\"https:\\\/\\\/kuzeyinsesi.org\\\/index.php\\\/2025\\\/08\\\/29\\\/fenerbahcenin-avrupa-ligindeki-rakipleri-belli-oldu\\\/\"},\"author\":{\"name\":\"Kuzeyin Sesi\",\"@id\":\"https:\\\/\\\/kuzeyinsesi.org\\\/#\\\/schema\\\/person\\\/9f859689cdf01485597712386e37f5aa\"},\"headline\":\"Fenerbah\u00e7e&#039;nin Avrupa Ligi&#039;ndeki rakipleri belli oldu\",\"datePublished\":\"2025-08-29T15:32:18+00:00\",\"mainEntityOfPage\":{\"@id\":\"https:\\\/\\\/kuzeyinsesi.org\\\/index.php\\\/2025\\\/08\\\/29\\\/fenerbahcenin-avrupa-ligindeki-rakipleri-belli-oldu\\\/\"},\"wordCount\":380,\"commentCount\":0,\"image\":{\"@id\":\"https:\\\/\\\/kuzeyinsesi.org\\\/index.php\\\/2025\\\/08\\\/29\\\/fenerbahcenin-avrupa-ligindeki-rakipleri-belli-oldu\\\/#primaryimage\"},\"thumbnailUrl\":\"https:\\\/\\\/kuzeyinsesi.org\\\/wp-content\\\/uploads\\\/2025\\\/08\\\/2149968.jpg\",\"articleSection\":[\"Spor\"],\"inLanguage\":\"tr\",\"potentialAction\":[{\"@type\":\"CommentAction\",\"name\":\"Comment\",\"target\":[\"https:\\\/\\\/kuzeyinsesi.org\\\/index.php\\\/2025\\\/08\\\/29\\\/fenerbahcenin-avrupa-ligindeki-rakipleri-belli-oldu\\\/#respond\"]}]},{\"@type\":\"WebPage\",\"@id\":\"https:\\\/\\\/kuzeyinsesi.org\\\/index.php\\\/2025\\\/08\\\/29\\\/fenerbahcenin-avrupa-ligindeki-rakipleri-belli-oldu\\\/\",\"url\":\"https:\\\/\\\/kuzeyinsesi.org\\\/index.php\\\/2025\\\/08\\\/29\\\/fenerbahcenin-avrupa-ligindeki-rakipleri-belli-oldu\\\/\",\"name\":\"Fenerbah\u00e7e&#039;nin Avrupa Ligi&#039;ndeki rakipleri belli oldu - Kuzeyin Sesi\",\"isPartOf\":{\"@id\":\"https:\\\/\\\/kuzeyinsesi.org\\\/#website\"},\"primaryImageOfPage\":{\"@id\":\"https:\\\/\\\/kuzeyinsesi.org\\\/index.php\\\/2025\\\/08\\\/29\\\/fenerbahcenin-avrupa-ligindeki-rakipleri-belli-oldu\\\/#primaryimage\"},\"image\":{\"@id\":\"https:\\\/\\\/kuzeyinsesi.org\\\/index.php\\\/2025\\\/08\\\/29\\\/fenerbahcenin-avrupa-ligindeki-rakipleri-belli-oldu\\\/#primaryimage\"},\"thumbnailUrl\":\"https:\\\/\\\/kuzeyinsesi.org\\\/wp-content\\\/uploads\\\/2025\\\/08\\\/2149968.jpg\",\"datePublished\":\"2025-08-29T15:32:18+00:00\",\"author\":{\"@id\":\"https:\\\/\\\/kuzeyinsesi.org\\\/#\\\/schema\\\/person\\\/9f859689cdf01485597712386e37f5aa\"},\"breadcrumb\":{\"@id\":\"https:\\\/\\\/kuzeyinsesi.org\\\/index.php\\\/2025\\\/08\\\/29\\\/fenerbahcenin-avrupa-ligindeki-rakipleri-belli-oldu\\\/#breadcrumb\"},\"inLanguage\":\"tr\",\"potentialAction\":[{\"@type\":\"ReadAction\",\"target\":[\"https:\\\/\\\/kuzeyinsesi.org\\\/index.php\\\/2025\\\/08\\\/29\\\/fenerbahcenin-avrupa-ligindeki-rakipleri-belli-oldu\\\/\"]}]},{\"@type\":\"ImageObject\",\"inLanguage\":\"tr\",\"@id\":\"https:\\\/\\\/kuzeyinsesi.org\\\/index.php\\\/2025\\\/08\\\/29\\\/fenerbahcenin-avrupa-ligindeki-rakipleri-belli-oldu\\\/#primaryimage\",\"url\":\"https:\\\/\\\/kuzeyinsesi.org\\\/wp-content\\\/uploads\\\/2025\\\/08\\\/2149968.jpg\",\"contentUrl\":\"https:\\\/\\\/kuzeyinsesi.org\\\/wp-content\\\/uploads\\\/2025\\\/08\\\/2149968.jpg\",\"width\":1280,\"height\":720},{\"@type\":\"BreadcrumbList\",\"@id\":\"https:\\\/\\\/kuzeyinsesi.org\\\/index.php\\\/2025\\\/08\\\/29\\\/fenerbahcenin-avrupa-ligindeki-rakipleri-belli-oldu\\\/#breadcrumb\",\"itemListElement\":[{\"@type\":\"ListItem\",\"position\":1,\"name\":\"Anasayfa\",\"item\":\"https:\\\/\\\/kuzeyinsesi.org\\\/\"},{\"@type\":\"ListItem\",\"position\":2,\"name\":\"Fenerbah\u00e7e&#039;nin Avrupa Ligi&#039;ndeki rakipleri belli oldu\"}]},{\"@type\":\"WebSite\",\"@id\":\"https:\\\/\\\/kuzeyinsesi.org\\\/#website\",\"url\":\"https:\\\/\\\/kuzeyinsesi.org\\\/\",\"name\":\"Kuzeyin Sesi\",\"description\":\"Do\u011fru Haberin Adresi\",\"potentialAction\":[{\"@type\":\"SearchAction\",\"target\":{\"@type\":\"EntryPoint\",\"urlTemplate\":\"https:\\\/\\\/kuzeyinsesi.org\\\/?s={search_term_string}\"},\"query-input\":{\"@type\":\"PropertyValueSpecification\",\"valueRequired\":true,\"valueName\":\"search_term_string\"}}],\"inLanguage\":\"tr\"},{\"@type\":\"Person\",\"@id\":\"https:\\\/\\\/kuzeyinsesi.org\\\/#\\\/schema\\\/person\\\/9f859689cdf01485597712386e37f5aa\",\"name\":\"Kuzeyin Sesi\",\"image\":{\"@type\":\"ImageObject\",\"inLanguage\":\"tr\",\"@id\":\"https:\\\/\\\/secure.gravatar.com\\\/avatar\\\/bab33852abfd8b282518d6ed81826833d77c3c882d9ab608add591ccace47a44?s=96&d=mm&r=g\",\"url\":\"https:\\\/\\\/secure.gravatar.com\\\/avatar\\\/bab33852abfd8b282518d6ed81826833d77c3c882d9ab608add591ccace47a44?s=96&d=mm&r=g\",\"contentUrl\":\"https:\\\/\\\/secure.gravatar.com\\\/avatar\\\/bab33852abfd8b282518d6ed81826833d77c3c882d9ab608add591ccace47a44?s=96&d=mm&r=g\",\"caption\":\"Kuzeyin Sesi\"},\"sameAs\":[\"https:\\\/\\\/kuzeyinsesi.org\"],\"url\":\"https:\\\/\\\/kuzeyinsesi.org\\\/index.php\\\/author\\\/guven\\\/\"}]}<\/script>\n<!-- \/ Yoast SEO plugin. -->","yoast_head_json":{"title":"Fenerbah\u00e7e&#039;nin Avrupa Ligi&#039;ndeki rakipleri belli oldu - Kuzeyin Sesi","robots":{"index":"index","follow":"follow","max-snippet":"max-snippet:-1","max-image-preview":"max-image-preview:large","max-video-preview":"max-video-preview:-1"},"canonical":"https:\/\/kuzeyinsesi.org\/index.php\/2025\/08\/29\/fenerbahcenin-avrupa-ligindeki-rakipleri-belli-oldu\/","og_locale":"tr_TR","og_type":"article","og_title":"Fenerbah\u00e7e&#039;nin Avrupa Ligi&#039;ndeki rakipleri belli oldu - Kuzeyin Sesi","og_description":"&#13; Avrupa futbolunun kul\u00fcp d\u00fczeyindeki iki numaral\u0131 organizasyonunda lig a\u015famas\u0131n\u0131n kura \u00e7ekimi, Monako&#8217;daki Grimaldo Forum&#8217;da ger\u00e7ekle\u015ftirildi. &#13; Turnuvadaki tek T\u00fcrk temsilcisi Fenerbah\u00e7e, eski Alman futbolcu J\u00fcrgen Klinsmann&#8217;\u0131n \u00e7ekti\u011fi kuraya ikinci torbadan girdi. &#13; Fenerbah\u00e7e, lig a\u015famas\u0131nda Aston Villa (\u0130ngiltere), Dinamo Zagreb (H\u0131rvatistan) (D), Ferencvaros (Macaristan), Viktoria Plzen (\u00c7ekya) (D), Nice (Fransa), FCSB (Romanya) (D), Stuttgart [&hellip;]","og_url":"https:\/\/kuzeyinsesi.org\/index.php\/2025\/08\/29\/fenerbahcenin-avrupa-ligindeki-rakipleri-belli-oldu\/","og_site_name":"Kuzeyin Sesi","article_publisher":"https:\/\/www.facebook.com\/kuzeyinsesii","article_published_time":"2025-08-29T15:32:18+00:00","og_image":[{"url":"https:\/\/trthaberstatic.cdn.wp.trt.com.tr\/resimler\/2148000\/2149968.jpg","type":"","width":"","height":""}],"author":"Kuzeyin Sesi","twitter_card":"summary_large_image","twitter_creator":"@kuzeyinsesii","twitter_site":"@kuzeyinsesii","twitter_misc":{"Yazan:":"Kuzeyin Sesi","Tahmini okuma s\u00fcresi":"2 dakika"},"schema":{"@context":"https:\/\/schema.org","@graph":[{"@type":"Article","@id":"https:\/\/kuzeyinsesi.org\/index.php\/2025\/08\/29\/fenerbahcenin-avrupa-ligindeki-rakipleri-belli-oldu\/#article","isPartOf":{"@id":"https:\/\/kuzeyinsesi.org\/index.php\/2025\/08\/29\/fenerbahcenin-avrupa-ligindeki-rakipleri-belli-oldu\/"},"author":{"name":"Kuzeyin Sesi","@id":"https:\/\/kuzeyinsesi.org\/#\/schema\/person\/9f859689cdf01485597712386e37f5aa"},"headline":"Fenerbah\u00e7e&#039;nin Avrupa Ligi&#039;ndeki rakipleri belli oldu","datePublished":"2025-08-29T15:32:18+00:00","mainEntityOfPage":{"@id":"https:\/\/kuzeyinsesi.org\/index.php\/2025\/08\/29\/fenerbahcenin-avrupa-ligindeki-rakipleri-belli-oldu\/"},"wordCount":380,"commentCount":0,"image":{"@id":"https:\/\/kuzeyinsesi.org\/index.php\/2025\/08\/29\/fenerbahcenin-avrupa-ligindeki-rakipleri-belli-oldu\/#primaryimage"},"thumbnailUrl":"https:\/\/kuzeyinsesi.org\/wp-content\/uploads\/2025\/08\/2149968.jpg","articleSection":["Spor"],"inLanguage":"tr","potentialAction":[{"@type":"CommentAction","name":"Comment","target":["https:\/\/kuzeyinsesi.org\/index.php\/2025\/08\/29\/fenerbahcenin-avrupa-ligindeki-rakipleri-belli-oldu\/#respond"]}]},{"@type":"WebPage","@id":"https:\/\/kuzeyinsesi.org\/index.php\/2025\/08\/29\/fenerbahcenin-avrupa-ligindeki-rakipleri-belli-oldu\/","url":"https:\/\/kuzeyinsesi.org\/index.php\/2025\/08\/29\/fenerbahcenin-avrupa-ligindeki-rakipleri-belli-oldu\/","name":"Fenerbah\u00e7e&#039;nin Avrupa Ligi&#039;ndeki rakipleri belli oldu - Kuzeyin Sesi","isPartOf":{"@id":"https:\/\/kuzeyinsesi.org\/#website"},"primaryImageOfPage":{"@id":"https:\/\/kuzeyinsesi.org\/index.php\/2025\/08\/29\/fenerbahcenin-avrupa-ligindeki-rakipleri-belli-oldu\/#primaryimage"},"image":{"@id":"https:\/\/kuzeyinsesi.org\/index.php\/2025\/08\/29\/fenerbahcenin-avrupa-ligindeki-rakipleri-belli-oldu\/#primaryimage"},"thumbnailUrl":"https:\/\/kuzeyinsesi.org\/wp-content\/uploads\/2025\/08\/2149968.jpg","datePublished":"2025-08-29T15:32:18+00:00","author":{"@id":"https:\/\/kuzeyinsesi.org\/#\/schema\/person\/9f859689cdf01485597712386e37f5aa"},"breadcrumb":{"@id":"https:\/\/kuzeyinsesi.org\/index.php\/2025\/08\/29\/fenerbahcenin-avrupa-ligindeki-rakipleri-belli-oldu\/#breadcrumb"},"inLanguage":"tr","potentialAction":[{"@type":"ReadAction","target":["https:\/\/kuzeyinsesi.org\/index.php\/2025\/08\/29\/fenerbahcenin-avrupa-ligindeki-rakipleri-belli-oldu\/"]}]},{"@type":"ImageObject","inLanguage":"tr","@id":"https:\/\/kuzeyinsesi.org\/index.php\/2025\/08\/29\/fenerbahcenin-avrupa-ligindeki-rakipleri-belli-oldu\/#primaryimage","url":"https:\/\/kuzeyinsesi.org\/wp-content\/uploads\/2025\/08\/2149968.jpg","contentUrl":"https:\/\/kuzeyinsesi.org\/wp-content\/uploads\/2025\/08\/2149968.jpg","width":1280,"height":720},{"@type":"BreadcrumbList","@id":"https:\/\/kuzeyinsesi.org\/index.php\/2025\/08\/29\/fenerbahcenin-avrupa-ligindeki-rakipleri-belli-oldu\/#breadcrumb","itemListElement":[{"@type":"ListItem","position":1,"name":"Anasayfa","item":"https:\/\/kuzeyinsesi.org\/"},{"@type":"ListItem","position":2,"name":"Fenerbah\u00e7e&#039;nin Avrupa Ligi&#039;ndeki rakipleri belli oldu"}]},{"@type":"WebSite","@id":"https:\/\/kuzeyinsesi.org\/#website","url":"https:\/\/kuzeyinsesi.org\/","name":"Kuzeyin Sesi","description":"Do\u011fru Haberin Adresi","potentialAction":[{"@type":"SearchAction","target":{"@type":"EntryPoint","urlTemplate":"https:\/\/kuzeyinsesi.org\/?s={search_term_string}"},"query-input":{"@type":"PropertyValueSpecification","valueRequired":true,"valueName":"search_term_string"}}],"inLanguage":"tr"},{"@type":"Person","@id":"https:\/\/kuzeyinsesi.org\/#\/schema\/person\/9f859689cdf01485597712386e37f5aa","name":"Kuzeyin Sesi","image":{"@type":"ImageObject","inLanguage":"tr","@id":"https:\/\/secure.gravatar.com\/avatar\/bab33852abfd8b282518d6ed81826833d77c3c882d9ab608add591ccace47a44?s=96&d=mm&r=g","url":"https:\/\/secure.gravatar.com\/avatar\/bab33852abfd8b282518d6ed81826833d77c3c882d9ab608add591ccace47a44?s=96&d=mm&r=g","contentUrl":"https:\/\/secure.gravatar.com\/avatar\/bab33852abfd8b282518d6ed81826833d77c3c882d9ab608add591ccace47a44?s=96&d=mm&r=g","caption":"Kuzeyin Sesi"},"sameAs":["https:\/\/kuzeyinsesi.org"],"url":"https:\/\/kuzeyinsesi.org\/index.php\/author\/guven\/"}]}},"_links":{"self":[{"href":"https:\/\/kuzeyinsesi.org\/index.php\/wp-json\/wp\/v2\/posts\/30917","targetHints":{"allow":["GET"]}}],"collection":[{"href":"https:\/\/kuzeyinsesi.org\/index.php\/wp-json\/wp\/v2\/posts"}],"about":[{"href":"https:\/\/kuzeyinsesi.org\/index.php\/wp-json\/wp\/v2\/types\/post"}],"author":[{"embeddable":true,"href":"https:\/\/kuzeyinsesi.org\/index.php\/wp-json\/wp\/v2\/users\/1"}],"replies":[{"embeddable":true,"href":"https:\/\/kuzeyinsesi.org\/index.php\/wp-json\/wp\/v2\/comments?post=30917"}],"version-history":[{"count":0,"href":"https:\/\/kuzeyinsesi.org\/index.php\/wp-json\/wp\/v2\/posts\/30917\/revisions"}],"wp:featuredmedia":[{"embeddable":true,"href":"https:\/\/kuzeyinsesi.org\/index.php\/wp-json\/wp\/v2\/media\/30918"}],"wp:attachment":[{"href":"https:\/\/kuzeyinsesi.org\/index.php\/wp-json\/wp\/v2\/media?parent=30917"}],"wp:term":[{"taxonomy":"category","embeddable":true,"href":"https:\/\/kuzeyinsesi.org\/index.php\/wp-json\/wp\/v2\/categories?post=30917"},{"taxonomy":"post_tag","embeddable":true,"href":"https:\/\/kuzeyinsesi.org\/index.php\/wp-json\/wp\/v2\/tags?post=30917"}],"curies":[{"name":"wp","href":"https:\/\/api.w.org\/{rel}","templated":true}]}}