{"id":30888,"date":"2025-08-29T10:28:22","date_gmt":"2025-08-29T07:28:22","guid":{"rendered":"https:\/\/kuzeyinsesi.org\/index.php\/2025\/08\/29\/amerikan-dergisi-turkiyenin-basarisini-yazdi-turkiyenin-bolgesel-gucu-son-asrin-zirvesinde\/"},"modified":"2025-08-29T10:28:22","modified_gmt":"2025-08-29T07:28:22","slug":"amerikan-dergisi-turkiyenin-basarisini-yazdi-turkiyenin-bolgesel-gucu-son-asrin-zirvesinde","status":"publish","type":"post","link":"https:\/\/kuzeyinsesi.org\/index.php\/2025\/08\/29\/amerikan-dergisi-turkiyenin-basarisini-yazdi-turkiyenin-bolgesel-gucu-son-asrin-zirvesinde\/","title":{"rendered":"Amerikan dergisi T\u00fcrkiye&#039;nin ba\u015far\u0131s\u0131n\u0131 yazd\u0131: T\u00fcrkiye&#039;nin b\u00f6lgesel g\u00fcc\u00fc son asr\u0131n zirvesinde"},"content":{"rendered":"<p><\/p>\n<div>\n<p>&#13;<br \/>\n\t&#8220;The American Conservative&#8221; (TAC) dergisinin Eyl\u00fcl-Ekim 2025 say\u0131s\u0131nda, &#8220;T\u00fcrkiye&#8217;nin Uzun Vadeli Oyunu&#8221; ba\u015fl\u0131kl\u0131 bir makale yay\u0131mland\u0131.<\/p>\n<p>&#13;<br \/>\n\tOsmanl\u0131 devletinin son d\u00f6nemi ve T\u00fcrkiye Cumhuriyeti&#8217;nin kurulu\u015f d\u00f6nemine y\u00f6nelik de\u011ferlendirmelerde bulunulan makalede, T\u00fcrkiye&#8217;nin NATO&#8217;nun &#8220;en b\u00fcy\u00fck iki silahl\u0131 g\u00fcc\u00fcnden biri&#8221; oldu\u011fu vurguland\u0131.<\/p>\n<p>&#13;<br \/>\n\tMakalede, Ankara&#8217;n\u0131n d\u0131\u015f politikada ve savunma sistemlerinin \u00fcretimi alan\u0131nda son d\u00f6nemde yakalad\u0131\u011f\u0131 ba\u015far\u0131lara i\u015faret edildi.<\/p>\n<p>&#13;<br \/>\n\tMakalede, T\u00fcrk insans\u0131z hava ara\u00e7lar\u0131n\u0131n (\u0130HA) deste\u011finin &#8220;Ukrayna&#8217;n\u0131n, Kiev&#8217;e do\u011fru ilerleyen Rus g\u00fcc\u00fcn\u00fc dengelemesine&#8221; yard\u0131mc\u0131 oldu\u011fu ve bu durumun &#8220;Avrupa \u00e7evrelerinde b\u00fcy\u00fck bir itibar art\u0131\u015f\u0131&#8221; sa\u011flad\u0131\u011f\u0131 belirtildi.<\/p>\n<p>&#13;<br \/>\n\t<a href=\"https:\/\/www.trthaber.com\/etiket\/fransa\/\" target=\"_blank\">Fransa<\/a> ve Almanya&#8217;n\u0131n, sava\u015ftan sonra T\u00fcrkiye&#8217;yi Ukrayna&#8217;ya bar\u0131\u015f g\u00fcc\u00fc g\u00f6ndermeye davet etmeyi de\u011ferlendirdi\u011fi an\u0131msat\u0131lan makalede, &#8220;\u0130ngiltere, T\u00fcrkiye&#8217;ye Eurofighter jetleri satmay\u0131 planl\u0131yor.&#8221; ifadesi kullan\u0131ld\u0131.<\/p>\n<p>&#13;<br \/>\n\tT\u00fcrkiye&#8217;nin ter\u00f6r \u00f6rg\u00fct\u00fc PKK&#8217;y\u0131 &#8220;askeri olarak yendi\u011fine&#8221; i\u015faret edilen makalede, &#8220;Ankara&#8217;n\u0131n deste\u011fi, Suriye&#8217;deki dengeleri bozguna u\u011fratt\u0131 ve Suriye&#8217;de Baas\u00e7\u0131l\u0131\u011f\u0131n \u00e7\u00f6k\u00fc\u015f\u00fcne neden oldu.&#8221; de\u011ferlendirmesinde bulunuldu.<\/p>\n<p>&#13;<br \/>\n\tT\u00fcrkiye&#8217;nin, Azerbaycan&#8217;a verdi\u011fi aktif destekle &#8220;Ermenistan&#8217;\u0131n hezimetine&#8221; yol a\u00e7t\u0131\u011f\u0131 belirtilen makalede, &#8220;Bu da \u00e7ok kutuplulu\u011fun h\u00fck\u00fcm s\u00fcrd\u00fc\u011f\u00fc yeni \u00e7a\u011fdaki bir sava\u015fta ilk toprak fethine yol a\u00e7t\u0131.&#8221; yorumu yap\u0131ld\u0131.<\/p>\n<p>&#13;<br \/>\n\tMakalede, T\u00fcrk \u0130HA&#8217;lar\u0131n\u0131n b\u00f6lgede stratejik etki \u00fcretti\u011fi vurguland\u0131.<\/p>\n<h2>&#13;<br \/>\n\t&#8220;Tarihte, eski bir b\u00fcy\u00fck g\u00fcc\u00fcn b\u00f6yle bir forma geri d\u00f6nmesi nadirdir&#8221;<\/h2>\n<p>&#13;<br \/>\n\tCumhurba\u015fkan\u0131 Recep Tayyip Erdo\u011fan&#8217;\u0131n T\u00fcrk d\u0131\u015f politikas\u0131n\u0131n \u00fclke i\u00e7i ve d\u0131\u015f\u0131 kamuoyuna anlat\u0131lmas\u0131nda kulland\u0131\u011f\u0131 \u00f6zel \u00fcsluba dikkatin \u00e7ekildi\u011fi makalede, \u015funlar kaydedildi:<\/p>\n<p>&#13;<br \/>\n\t&#8220;T\u00fcrkiye&#8217;nin b\u00f6lgesel g\u00fcc\u00fc neredeyse bir as\u0131rd\u0131r g\u00f6r\u00fclmemi\u015f bir zirveye ula\u015ft\u0131. Tarihte eski bir b\u00fcy\u00fck g\u00fcc\u00fcn b\u00f6yle bir forma geri d\u00f6nmesi nadirdir.&#8221;<\/p>\n<p>&#13;<br \/>\n\tMakalede ayr\u0131ca \u0130srail&#8217;in &#8220;hegemonik \u00f6zlemlere&#8221; sahip oldu\u011fu, <a href=\"https:\/\/www.trthaber.com\/etiket\/gazze\/\" target=\"_blank\">Gazze<\/a> ve Bat\u0131 \u015eeria&#8217;da &#8220;tam bir imha sava\u015f\u0131&#8221; y\u00fcr\u00fctt\u00fc\u011f\u00fc belirtildi.<\/p>\n<p>&#13;<br \/>\n\tB\u00f6lgede \u0130ran&#8217;\u0131n g\u00fcc\u00fcn\u00fcn zay\u0131flad\u0131\u011f\u0131 savunulan makalede, &#8220;T\u00fcrkiye&#8217;nin (Suriye&#8217;nin) kuzeydeki y\u00fckseli\u015fi, ka\u00e7\u0131n\u0131lmaz olarak &#8216;B\u00fcy\u00fck \u0130srail&#8217; \u00f6zlemleriyle \u00e7at\u0131\u015f\u0131yor.&#8221; ifadesi kullan\u0131ld\u0131.<\/p>\n<p>&#13;<br \/>\n\tTemmuz 2025&#8217;te d\u00fczenlenen bir anketin sonu\u00e7lar\u0131na da yer verilen makalede, &#8220;T\u00fcrklerin \u00f6nemli bir \u00e7o\u011funlu\u011funun art\u0131k T\u00fcrkiye i\u00e7in ba\u011f\u0131ms\u0131z bir n\u00fckleer cayd\u0131r\u0131c\u0131l\u0131k sistemini destekledi\u011fi&#8221; belirtildi.<\/p>\n<p>&#13;<br \/>\n\tMakalede, Cumhurba\u015fkan\u0131 Erdo\u011fan&#8217;\u0131n, <a href=\"https:\/\/www.trthaber.com\/etiket\/israil\/\" target=\"_blank\">\u0130srail<\/a> ile <a href=\"https:\/\/www.trthaber.com\/etiket\/iran\/\" target=\"_blank\">\u0130ran<\/a> aras\u0131nda 13-24 Haziran 2025 tarihlerinde ya\u015fanan ve kamuoyunda &#8220;12 G\u00fcn Sava\u015f\u0131&#8221; olarak an\u0131lan \u00e7at\u0131\u015fma d\u00f6nemindeki bir konu\u015fmas\u0131nda s\u00f6yledi\u011fi &#8220;Bar\u0131\u015f istiyorsan, cenge her zaman haz\u0131r olmal\u0131s\u0131n.&#8221; ifadesine de at\u0131fta bulunuldu.<\/p>\n<p>&#13;<br \/>\n\t\u200b\u200b\u200b\u200b\u200b\u200b\u200bUluslararas\u0131 <a href=\"https:\/\/www.trthaber.com\/etiket\/dis-politika\/\" target=\"_blank\">d\u0131\u015f politika<\/a> odakl\u0131 TAC dergisi, ABD&#8217;nin ba\u015fkenti Washington merkezli American Ideas Institute d\u00fc\u015f\u00fcnce kurulu\u015fu taraf\u0131ndan 2 ayda bir yay\u0131mlan\u0131yor.<\/p>\n<\/p><\/div>\n","protected":false},"excerpt":{"rendered":"<p>&#13; &#8220;The American Conservative&#8221; (TAC) dergisinin Eyl\u00fcl-Ekim 2025 say\u0131s\u0131nda, &#8220;T\u00fcrkiye&#8217;nin Uzun Vadeli Oyunu&#8221; ba\u015fl\u0131kl\u0131 bir makale yay\u0131mland\u0131. &#13; Osmanl\u0131 devletinin son d\u00f6nemi ve T\u00fcrkiye Cumhuriyeti&#8217;nin kurulu\u015f d\u00f6nemine y\u00f6nelik de\u011ferlendirmelerde bulunulan makalede, T\u00fcrkiye&#8217;nin NATO&#8217;nun &#8220;en b\u00fcy\u00fck iki silahl\u0131 g\u00fcc\u00fcnden biri&#8221; oldu\u011fu vurguland\u0131. &#13; Makalede, Ankara&#8217;n\u0131n d\u0131\u015f politikada ve savunma sistemlerinin \u00fcretimi alan\u0131nda son d\u00f6nemde yakalad\u0131\u011f\u0131 ba\u015far\u0131lara [&hellip;]<\/p>\n","protected":false},"author":1,"featured_media":30889,"comment_status":"open","ping_status":"open","sticky":false,"template":"","format":"standard","meta":{"jnews-multi-image_gallery":[],"jnews_single_post":[],"jnews_primary_category":[],"jnews_social_meta":[],"jnews_override_counter":[],"footnotes":""},"categories":[2],"tags":[],"class_list":["post-30888","post","type-post","status-publish","format-standard","has-post-thumbnail","hentry","category-dunya"],"yoast_head":"<!-- This site is optimized with the Yoast SEO plugin v27.5 - https:\/\/yoast.com\/product\/yoast-seo-wordpress\/ -->\n<title>Amerikan dergisi T\u00fcrkiye&#039;nin ba\u015far\u0131s\u0131n\u0131 yazd\u0131: T\u00fcrkiye&#039;nin b\u00f6lgesel g\u00fcc\u00fc son asr\u0131n zirvesinde - Kuzeyin Sesi<\/title>\n<meta name=\"robots\" content=\"index, follow, max-snippet:-1, max-image-preview:large, max-video-preview:-1\" \/>\n<link rel=\"canonical\" href=\"https:\/\/kuzeyinsesi.org\/index.php\/2025\/08\/29\/amerikan-dergisi-turkiyenin-basarisini-yazdi-turkiyenin-bolgesel-gucu-son-asrin-zirvesinde\/\" \/>\n<meta property=\"og:locale\" content=\"tr_TR\" \/>\n<meta property=\"og:type\" content=\"article\" \/>\n<meta property=\"og:title\" content=\"Amerikan dergisi T\u00fcrkiye&#039;nin ba\u015far\u0131s\u0131n\u0131 yazd\u0131: T\u00fcrkiye&#039;nin b\u00f6lgesel g\u00fcc\u00fc son asr\u0131n zirvesinde - Kuzeyin Sesi\" \/>\n<meta property=\"og:description\" content=\"&#013; &#8220;The American Conservative&#8221; (TAC) dergisinin Eyl\u00fcl-Ekim 2025 say\u0131s\u0131nda, &#8220;T\u00fcrkiye&#8217;nin Uzun Vadeli Oyunu&#8221; ba\u015fl\u0131kl\u0131 bir makale yay\u0131mland\u0131. &#013; Osmanl\u0131 devletinin son d\u00f6nemi ve T\u00fcrkiye Cumhuriyeti&#8217;nin kurulu\u015f d\u00f6nemine y\u00f6nelik de\u011ferlendirmelerde bulunulan makalede, T\u00fcrkiye&#8217;nin NATO&#8217;nun &#8220;en b\u00fcy\u00fck iki silahl\u0131 g\u00fcc\u00fcnden biri&#8221; oldu\u011fu vurguland\u0131. &#013; Makalede, Ankara&#8217;n\u0131n d\u0131\u015f politikada ve savunma sistemlerinin \u00fcretimi alan\u0131nda son d\u00f6nemde yakalad\u0131\u011f\u0131 ba\u015far\u0131lara [&hellip;]\" \/>\n<meta property=\"og:url\" content=\"https:\/\/kuzeyinsesi.org\/index.php\/2025\/08\/29\/amerikan-dergisi-turkiyenin-basarisini-yazdi-turkiyenin-bolgesel-gucu-son-asrin-zirvesinde\/\" \/>\n<meta property=\"og:site_name\" content=\"Kuzeyin Sesi\" \/>\n<meta property=\"article:publisher\" content=\"https:\/\/www.facebook.com\/kuzeyinsesii\" \/>\n<meta property=\"article:published_time\" content=\"2025-08-29T07:28:22+00:00\" \/>\n<meta property=\"og:image\" content=\"https:\/\/trthaberstatic.cdn.wp.trt.com.tr\/resimler\/2364000\/yerli-ve-milli-savunma-sanayii-trt-haber-2365270.jpg\" \/>\n<meta name=\"author\" content=\"Kuzeyin Sesi\" \/>\n<meta name=\"twitter:card\" content=\"summary_large_image\" \/>\n<meta name=\"twitter:creator\" content=\"@kuzeyinsesii\" \/>\n<meta name=\"twitter:site\" content=\"@kuzeyinsesii\" \/>\n<meta name=\"twitter:label1\" content=\"Yazan:\" \/>\n\t<meta name=\"twitter:data1\" content=\"Kuzeyin Sesi\" \/>\n\t<meta name=\"twitter:label2\" content=\"Tahmini okuma s\u00fcresi\" \/>\n\t<meta name=\"twitter:data2\" content=\"2 dakika\" \/>\n<script type=\"application\/ld+json\" class=\"yoast-schema-graph\">{\"@context\":\"https:\\\/\\\/schema.org\",\"@graph\":[{\"@type\":\"Article\",\"@id\":\"https:\\\/\\\/kuzeyinsesi.org\\\/index.php\\\/2025\\\/08\\\/29\\\/amerikan-dergisi-turkiyenin-basarisini-yazdi-turkiyenin-bolgesel-gucu-son-asrin-zirvesinde\\\/#article\",\"isPartOf\":{\"@id\":\"https:\\\/\\\/kuzeyinsesi.org\\\/index.php\\\/2025\\\/08\\\/29\\\/amerikan-dergisi-turkiyenin-basarisini-yazdi-turkiyenin-bolgesel-gucu-son-asrin-zirvesinde\\\/\"},\"author\":{\"name\":\"Kuzeyin Sesi\",\"@id\":\"https:\\\/\\\/kuzeyinsesi.org\\\/#\\\/schema\\\/person\\\/9f859689cdf01485597712386e37f5aa\"},\"headline\":\"Amerikan dergisi T\u00fcrkiye&#039;nin ba\u015far\u0131s\u0131n\u0131 yazd\u0131: T\u00fcrkiye&#039;nin b\u00f6lgesel g\u00fcc\u00fc son asr\u0131n zirvesinde\",\"datePublished\":\"2025-08-29T07:28:22+00:00\",\"mainEntityOfPage\":{\"@id\":\"https:\\\/\\\/kuzeyinsesi.org\\\/index.php\\\/2025\\\/08\\\/29\\\/amerikan-dergisi-turkiyenin-basarisini-yazdi-turkiyenin-bolgesel-gucu-son-asrin-zirvesinde\\\/\"},\"wordCount\":542,\"commentCount\":0,\"image\":{\"@id\":\"https:\\\/\\\/kuzeyinsesi.org\\\/index.php\\\/2025\\\/08\\\/29\\\/amerikan-dergisi-turkiyenin-basarisini-yazdi-turkiyenin-bolgesel-gucu-son-asrin-zirvesinde\\\/#primaryimage\"},\"thumbnailUrl\":\"https:\\\/\\\/kuzeyinsesi.org\\\/wp-content\\\/uploads\\\/2025\\\/08\\\/yerli-ve-milli-savunma-sanayii-trt-haber-2365270.jpg\",\"articleSection\":[\"D\u00fcnya\"],\"inLanguage\":\"tr\",\"potentialAction\":[{\"@type\":\"CommentAction\",\"name\":\"Comment\",\"target\":[\"https:\\\/\\\/kuzeyinsesi.org\\\/index.php\\\/2025\\\/08\\\/29\\\/amerikan-dergisi-turkiyenin-basarisini-yazdi-turkiyenin-bolgesel-gucu-son-asrin-zirvesinde\\\/#respond\"]}]},{\"@type\":\"WebPage\",\"@id\":\"https:\\\/\\\/kuzeyinsesi.org\\\/index.php\\\/2025\\\/08\\\/29\\\/amerikan-dergisi-turkiyenin-basarisini-yazdi-turkiyenin-bolgesel-gucu-son-asrin-zirvesinde\\\/\",\"url\":\"https:\\\/\\\/kuzeyinsesi.org\\\/index.php\\\/2025\\\/08\\\/29\\\/amerikan-dergisi-turkiyenin-basarisini-yazdi-turkiyenin-bolgesel-gucu-son-asrin-zirvesinde\\\/\",\"name\":\"Amerikan dergisi T\u00fcrkiye&#039;nin ba\u015far\u0131s\u0131n\u0131 yazd\u0131: T\u00fcrkiye&#039;nin b\u00f6lgesel g\u00fcc\u00fc son asr\u0131n zirvesinde - Kuzeyin Sesi\",\"isPartOf\":{\"@id\":\"https:\\\/\\\/kuzeyinsesi.org\\\/#website\"},\"primaryImageOfPage\":{\"@id\":\"https:\\\/\\\/kuzeyinsesi.org\\\/index.php\\\/2025\\\/08\\\/29\\\/amerikan-dergisi-turkiyenin-basarisini-yazdi-turkiyenin-bolgesel-gucu-son-asrin-zirvesinde\\\/#primaryimage\"},\"image\":{\"@id\":\"https:\\\/\\\/kuzeyinsesi.org\\\/index.php\\\/2025\\\/08\\\/29\\\/amerikan-dergisi-turkiyenin-basarisini-yazdi-turkiyenin-bolgesel-gucu-son-asrin-zirvesinde\\\/#primaryimage\"},\"thumbnailUrl\":\"https:\\\/\\\/kuzeyinsesi.org\\\/wp-content\\\/uploads\\\/2025\\\/08\\\/yerli-ve-milli-savunma-sanayii-trt-haber-2365270.jpg\",\"datePublished\":\"2025-08-29T07:28:22+00:00\",\"author\":{\"@id\":\"https:\\\/\\\/kuzeyinsesi.org\\\/#\\\/schema\\\/person\\\/9f859689cdf01485597712386e37f5aa\"},\"breadcrumb\":{\"@id\":\"https:\\\/\\\/kuzeyinsesi.org\\\/index.php\\\/2025\\\/08\\\/29\\\/amerikan-dergisi-turkiyenin-basarisini-yazdi-turkiyenin-bolgesel-gucu-son-asrin-zirvesinde\\\/#breadcrumb\"},\"inLanguage\":\"tr\",\"potentialAction\":[{\"@type\":\"ReadAction\",\"target\":[\"https:\\\/\\\/kuzeyinsesi.org\\\/index.php\\\/2025\\\/08\\\/29\\\/amerikan-dergisi-turkiyenin-basarisini-yazdi-turkiyenin-bolgesel-gucu-son-asrin-zirvesinde\\\/\"]}]},{\"@type\":\"ImageObject\",\"inLanguage\":\"tr\",\"@id\":\"https:\\\/\\\/kuzeyinsesi.org\\\/index.php\\\/2025\\\/08\\\/29\\\/amerikan-dergisi-turkiyenin-basarisini-yazdi-turkiyenin-bolgesel-gucu-son-asrin-zirvesinde\\\/#primaryimage\",\"url\":\"https:\\\/\\\/kuzeyinsesi.org\\\/wp-content\\\/uploads\\\/2025\\\/08\\\/yerli-ve-milli-savunma-sanayii-trt-haber-2365270.jpg\",\"contentUrl\":\"https:\\\/\\\/kuzeyinsesi.org\\\/wp-content\\\/uploads\\\/2025\\\/08\\\/yerli-ve-milli-savunma-sanayii-trt-haber-2365270.jpg\",\"width\":1280,\"height\":720},{\"@type\":\"BreadcrumbList\",\"@id\":\"https:\\\/\\\/kuzeyinsesi.org\\\/index.php\\\/2025\\\/08\\\/29\\\/amerikan-dergisi-turkiyenin-basarisini-yazdi-turkiyenin-bolgesel-gucu-son-asrin-zirvesinde\\\/#breadcrumb\",\"itemListElement\":[{\"@type\":\"ListItem\",\"position\":1,\"name\":\"Anasayfa\",\"item\":\"https:\\\/\\\/kuzeyinsesi.org\\\/\"},{\"@type\":\"ListItem\",\"position\":2,\"name\":\"Amerikan dergisi T\u00fcrkiye&#039;nin ba\u015far\u0131s\u0131n\u0131 yazd\u0131: T\u00fcrkiye&#039;nin b\u00f6lgesel g\u00fcc\u00fc son asr\u0131n zirvesinde\"}]},{\"@type\":\"WebSite\",\"@id\":\"https:\\\/\\\/kuzeyinsesi.org\\\/#website\",\"url\":\"https:\\\/\\\/kuzeyinsesi.org\\\/\",\"name\":\"Kuzeyin Sesi\",\"description\":\"Do\u011fru Haberin Adresi\",\"potentialAction\":[{\"@type\":\"SearchAction\",\"target\":{\"@type\":\"EntryPoint\",\"urlTemplate\":\"https:\\\/\\\/kuzeyinsesi.org\\\/?s={search_term_string}\"},\"query-input\":{\"@type\":\"PropertyValueSpecification\",\"valueRequired\":true,\"valueName\":\"search_term_string\"}}],\"inLanguage\":\"tr\"},{\"@type\":\"Person\",\"@id\":\"https:\\\/\\\/kuzeyinsesi.org\\\/#\\\/schema\\\/person\\\/9f859689cdf01485597712386e37f5aa\",\"name\":\"Kuzeyin Sesi\",\"image\":{\"@type\":\"ImageObject\",\"inLanguage\":\"tr\",\"@id\":\"https:\\\/\\\/secure.gravatar.com\\\/avatar\\\/bab33852abfd8b282518d6ed81826833d77c3c882d9ab608add591ccace47a44?s=96&d=mm&r=g\",\"url\":\"https:\\\/\\\/secure.gravatar.com\\\/avatar\\\/bab33852abfd8b282518d6ed81826833d77c3c882d9ab608add591ccace47a44?s=96&d=mm&r=g\",\"contentUrl\":\"https:\\\/\\\/secure.gravatar.com\\\/avatar\\\/bab33852abfd8b282518d6ed81826833d77c3c882d9ab608add591ccace47a44?s=96&d=mm&r=g\",\"caption\":\"Kuzeyin Sesi\"},\"sameAs\":[\"https:\\\/\\\/kuzeyinsesi.org\"],\"url\":\"https:\\\/\\\/kuzeyinsesi.org\\\/index.php\\\/author\\\/guven\\\/\"}]}<\/script>\n<!-- \/ Yoast SEO plugin. -->","yoast_head_json":{"title":"Amerikan dergisi T\u00fcrkiye&#039;nin ba\u015far\u0131s\u0131n\u0131 yazd\u0131: T\u00fcrkiye&#039;nin b\u00f6lgesel g\u00fcc\u00fc son asr\u0131n zirvesinde - Kuzeyin Sesi","robots":{"index":"index","follow":"follow","max-snippet":"max-snippet:-1","max-image-preview":"max-image-preview:large","max-video-preview":"max-video-preview:-1"},"canonical":"https:\/\/kuzeyinsesi.org\/index.php\/2025\/08\/29\/amerikan-dergisi-turkiyenin-basarisini-yazdi-turkiyenin-bolgesel-gucu-son-asrin-zirvesinde\/","og_locale":"tr_TR","og_type":"article","og_title":"Amerikan dergisi T\u00fcrkiye&#039;nin ba\u015far\u0131s\u0131n\u0131 yazd\u0131: T\u00fcrkiye&#039;nin b\u00f6lgesel g\u00fcc\u00fc son asr\u0131n zirvesinde - Kuzeyin Sesi","og_description":"&#13; &#8220;The American Conservative&#8221; (TAC) dergisinin Eyl\u00fcl-Ekim 2025 say\u0131s\u0131nda, &#8220;T\u00fcrkiye&#8217;nin Uzun Vadeli Oyunu&#8221; ba\u015fl\u0131kl\u0131 bir makale yay\u0131mland\u0131. &#13; Osmanl\u0131 devletinin son d\u00f6nemi ve T\u00fcrkiye Cumhuriyeti&#8217;nin kurulu\u015f d\u00f6nemine y\u00f6nelik de\u011ferlendirmelerde bulunulan makalede, T\u00fcrkiye&#8217;nin NATO&#8217;nun &#8220;en b\u00fcy\u00fck iki silahl\u0131 g\u00fcc\u00fcnden biri&#8221; oldu\u011fu vurguland\u0131. &#13; Makalede, Ankara&#8217;n\u0131n d\u0131\u015f politikada ve savunma sistemlerinin \u00fcretimi alan\u0131nda son d\u00f6nemde yakalad\u0131\u011f\u0131 ba\u015far\u0131lara [&hellip;]","og_url":"https:\/\/kuzeyinsesi.org\/index.php\/2025\/08\/29\/amerikan-dergisi-turkiyenin-basarisini-yazdi-turkiyenin-bolgesel-gucu-son-asrin-zirvesinde\/","og_site_name":"Kuzeyin Sesi","article_publisher":"https:\/\/www.facebook.com\/kuzeyinsesii","article_published_time":"2025-08-29T07:28:22+00:00","og_image":[{"url":"https:\/\/trthaberstatic.cdn.wp.trt.com.tr\/resimler\/2364000\/yerli-ve-milli-savunma-sanayii-trt-haber-2365270.jpg","type":"","width":"","height":""}],"author":"Kuzeyin Sesi","twitter_card":"summary_large_image","twitter_creator":"@kuzeyinsesii","twitter_site":"@kuzeyinsesii","twitter_misc":{"Yazan:":"Kuzeyin Sesi","Tahmini okuma s\u00fcresi":"2 dakika"},"schema":{"@context":"https:\/\/schema.org","@graph":[{"@type":"Article","@id":"https:\/\/kuzeyinsesi.org\/index.php\/2025\/08\/29\/amerikan-dergisi-turkiyenin-basarisini-yazdi-turkiyenin-bolgesel-gucu-son-asrin-zirvesinde\/#article","isPartOf":{"@id":"https:\/\/kuzeyinsesi.org\/index.php\/2025\/08\/29\/amerikan-dergisi-turkiyenin-basarisini-yazdi-turkiyenin-bolgesel-gucu-son-asrin-zirvesinde\/"},"author":{"name":"Kuzeyin Sesi","@id":"https:\/\/kuzeyinsesi.org\/#\/schema\/person\/9f859689cdf01485597712386e37f5aa"},"headline":"Amerikan dergisi T\u00fcrkiye&#039;nin ba\u015far\u0131s\u0131n\u0131 yazd\u0131: T\u00fcrkiye&#039;nin b\u00f6lgesel g\u00fcc\u00fc son asr\u0131n zirvesinde","datePublished":"2025-08-29T07:28:22+00:00","mainEntityOfPage":{"@id":"https:\/\/kuzeyinsesi.org\/index.php\/2025\/08\/29\/amerikan-dergisi-turkiyenin-basarisini-yazdi-turkiyenin-bolgesel-gucu-son-asrin-zirvesinde\/"},"wordCount":542,"commentCount":0,"image":{"@id":"https:\/\/kuzeyinsesi.org\/index.php\/2025\/08\/29\/amerikan-dergisi-turkiyenin-basarisini-yazdi-turkiyenin-bolgesel-gucu-son-asrin-zirvesinde\/#primaryimage"},"thumbnailUrl":"https:\/\/kuzeyinsesi.org\/wp-content\/uploads\/2025\/08\/yerli-ve-milli-savunma-sanayii-trt-haber-2365270.jpg","articleSection":["D\u00fcnya"],"inLanguage":"tr","potentialAction":[{"@type":"CommentAction","name":"Comment","target":["https:\/\/kuzeyinsesi.org\/index.php\/2025\/08\/29\/amerikan-dergisi-turkiyenin-basarisini-yazdi-turkiyenin-bolgesel-gucu-son-asrin-zirvesinde\/#respond"]}]},{"@type":"WebPage","@id":"https:\/\/kuzeyinsesi.org\/index.php\/2025\/08\/29\/amerikan-dergisi-turkiyenin-basarisini-yazdi-turkiyenin-bolgesel-gucu-son-asrin-zirvesinde\/","url":"https:\/\/kuzeyinsesi.org\/index.php\/2025\/08\/29\/amerikan-dergisi-turkiyenin-basarisini-yazdi-turkiyenin-bolgesel-gucu-son-asrin-zirvesinde\/","name":"Amerikan dergisi T\u00fcrkiye&#039;nin ba\u015far\u0131s\u0131n\u0131 yazd\u0131: T\u00fcrkiye&#039;nin b\u00f6lgesel g\u00fcc\u00fc son asr\u0131n zirvesinde - Kuzeyin Sesi","isPartOf":{"@id":"https:\/\/kuzeyinsesi.org\/#website"},"primaryImageOfPage":{"@id":"https:\/\/kuzeyinsesi.org\/index.php\/2025\/08\/29\/amerikan-dergisi-turkiyenin-basarisini-yazdi-turkiyenin-bolgesel-gucu-son-asrin-zirvesinde\/#primaryimage"},"image":{"@id":"https:\/\/kuzeyinsesi.org\/index.php\/2025\/08\/29\/amerikan-dergisi-turkiyenin-basarisini-yazdi-turkiyenin-bolgesel-gucu-son-asrin-zirvesinde\/#primaryimage"},"thumbnailUrl":"https:\/\/kuzeyinsesi.org\/wp-content\/uploads\/2025\/08\/yerli-ve-milli-savunma-sanayii-trt-haber-2365270.jpg","datePublished":"2025-08-29T07:28:22+00:00","author":{"@id":"https:\/\/kuzeyinsesi.org\/#\/schema\/person\/9f859689cdf01485597712386e37f5aa"},"breadcrumb":{"@id":"https:\/\/kuzeyinsesi.org\/index.php\/2025\/08\/29\/amerikan-dergisi-turkiyenin-basarisini-yazdi-turkiyenin-bolgesel-gucu-son-asrin-zirvesinde\/#breadcrumb"},"inLanguage":"tr","potentialAction":[{"@type":"ReadAction","target":["https:\/\/kuzeyinsesi.org\/index.php\/2025\/08\/29\/amerikan-dergisi-turkiyenin-basarisini-yazdi-turkiyenin-bolgesel-gucu-son-asrin-zirvesinde\/"]}]},{"@type":"ImageObject","inLanguage":"tr","@id":"https:\/\/kuzeyinsesi.org\/index.php\/2025\/08\/29\/amerikan-dergisi-turkiyenin-basarisini-yazdi-turkiyenin-bolgesel-gucu-son-asrin-zirvesinde\/#primaryimage","url":"https:\/\/kuzeyinsesi.org\/wp-content\/uploads\/2025\/08\/yerli-ve-milli-savunma-sanayii-trt-haber-2365270.jpg","contentUrl":"https:\/\/kuzeyinsesi.org\/wp-content\/uploads\/2025\/08\/yerli-ve-milli-savunma-sanayii-trt-haber-2365270.jpg","width":1280,"height":720},{"@type":"BreadcrumbList","@id":"https:\/\/kuzeyinsesi.org\/index.php\/2025\/08\/29\/amerikan-dergisi-turkiyenin-basarisini-yazdi-turkiyenin-bolgesel-gucu-son-asrin-zirvesinde\/#breadcrumb","itemListElement":[{"@type":"ListItem","position":1,"name":"Anasayfa","item":"https:\/\/kuzeyinsesi.org\/"},{"@type":"ListItem","position":2,"name":"Amerikan dergisi T\u00fcrkiye&#039;nin ba\u015far\u0131s\u0131n\u0131 yazd\u0131: T\u00fcrkiye&#039;nin b\u00f6lgesel g\u00fcc\u00fc son asr\u0131n zirvesinde"}]},{"@type":"WebSite","@id":"https:\/\/kuzeyinsesi.org\/#website","url":"https:\/\/kuzeyinsesi.org\/","name":"Kuzeyin Sesi","description":"Do\u011fru Haberin Adresi","potentialAction":[{"@type":"SearchAction","target":{"@type":"EntryPoint","urlTemplate":"https:\/\/kuzeyinsesi.org\/?s={search_term_string}"},"query-input":{"@type":"PropertyValueSpecification","valueRequired":true,"valueName":"search_term_string"}}],"inLanguage":"tr"},{"@type":"Person","@id":"https:\/\/kuzeyinsesi.org\/#\/schema\/person\/9f859689cdf01485597712386e37f5aa","name":"Kuzeyin Sesi","image":{"@type":"ImageObject","inLanguage":"tr","@id":"https:\/\/secure.gravatar.com\/avatar\/bab33852abfd8b282518d6ed81826833d77c3c882d9ab608add591ccace47a44?s=96&d=mm&r=g","url":"https:\/\/secure.gravatar.com\/avatar\/bab33852abfd8b282518d6ed81826833d77c3c882d9ab608add591ccace47a44?s=96&d=mm&r=g","contentUrl":"https:\/\/secure.gravatar.com\/avatar\/bab33852abfd8b282518d6ed81826833d77c3c882d9ab608add591ccace47a44?s=96&d=mm&r=g","caption":"Kuzeyin Sesi"},"sameAs":["https:\/\/kuzeyinsesi.org"],"url":"https:\/\/kuzeyinsesi.org\/index.php\/author\/guven\/"}]}},"_links":{"self":[{"href":"https:\/\/kuzeyinsesi.org\/index.php\/wp-json\/wp\/v2\/posts\/30888","targetHints":{"allow":["GET"]}}],"collection":[{"href":"https:\/\/kuzeyinsesi.org\/index.php\/wp-json\/wp\/v2\/posts"}],"about":[{"href":"https:\/\/kuzeyinsesi.org\/index.php\/wp-json\/wp\/v2\/types\/post"}],"author":[{"embeddable":true,"href":"https:\/\/kuzeyinsesi.org\/index.php\/wp-json\/wp\/v2\/users\/1"}],"replies":[{"embeddable":true,"href":"https:\/\/kuzeyinsesi.org\/index.php\/wp-json\/wp\/v2\/comments?post=30888"}],"version-history":[{"count":0,"href":"https:\/\/kuzeyinsesi.org\/index.php\/wp-json\/wp\/v2\/posts\/30888\/revisions"}],"wp:featuredmedia":[{"embeddable":true,"href":"https:\/\/kuzeyinsesi.org\/index.php\/wp-json\/wp\/v2\/media\/30889"}],"wp:attachment":[{"href":"https:\/\/kuzeyinsesi.org\/index.php\/wp-json\/wp\/v2\/media?parent=30888"}],"wp:term":[{"taxonomy":"category","embeddable":true,"href":"https:\/\/kuzeyinsesi.org\/index.php\/wp-json\/wp\/v2\/categories?post=30888"},{"taxonomy":"post_tag","embeddable":true,"href":"https:\/\/kuzeyinsesi.org\/index.php\/wp-json\/wp\/v2\/tags?post=30888"}],"curies":[{"name":"wp","href":"https:\/\/api.w.org\/{rel}","templated":true}]}}