{"id":30870,"date":"2025-08-29T02:05:47","date_gmt":"2025-08-28T23:05:47","guid":{"rendered":"https:\/\/kuzeyinsesi.org\/index.php\/2025\/08\/29\/filistin-kurtulus-orgutu-smotrichin-cagrisi-savas-sucu-ve-soykirim-itirafidir\/"},"modified":"2025-08-29T02:05:47","modified_gmt":"2025-08-28T23:05:47","slug":"filistin-kurtulus-orgutu-smotrichin-cagrisi-savas-sucu-ve-soykirim-itirafidir","status":"publish","type":"post","link":"https:\/\/kuzeyinsesi.org\/index.php\/2025\/08\/29\/filistin-kurtulus-orgutu-smotrichin-cagrisi-savas-sucu-ve-soykirim-itirafidir\/","title":{"rendered":"Filistin Kurtulu\u015f \u00d6rg\u00fct\u00fc: Smotrichin \u00e7a\u011fr\u0131s\u0131 sava\u015f su\u00e7u ve soyk\u0131r\u0131m itiraf\u0131d\u0131r"},"content":{"rendered":"<p><\/p>\n<div>\n<p>&#13;<br \/>\n\tFettuh, yapt\u0131\u011f\u0131 yaz\u0131l\u0131 a\u00e7\u0131klamada, &#8220;Smotrich\u2019in s\u00f6zleri, i\u015fgal h\u00fck\u00fcmetinin y\u00fcr\u00fctt\u00fc\u011f\u00fc <a href=\"https:\/\/www.trthaber.com\/etiket\/soykirim\/\" target=\"_blank\">soyk\u0131r\u0131m<\/a> ve etnik temizlik politikas\u0131n\u0131n a\u00e7\u0131k bir itiraf\u0131d\u0131r. Bu, uluslararas\u0131 hukuk, Cenevre S\u00f6zle\u015fmeleri ve Roma Stat\u00fcs\u00fc\u2019ne g\u00f6re <a href=\"https:\/\/www.trthaber.com\/etiket\/savas\/\" target=\"_blank\">sava\u015f<\/a> su\u00e7u te\u015fkil etmektedir.&#8221; ifadelerine yer verdi.<\/p>\n<p>&#13;<br \/>\n\t<a href=\"https:\/\/www.trthaber.com\/etiket\/israil\/\" target=\"_blank\">\u0130srail<\/a> h\u00fck\u00fcmetinde dillendirilen bu s\u00f6ylemlerin art\u0131k yaln\u0131zca radikal g\u00f6r\u00fc\u015f olmaktan \u00e7\u0131kt\u0131\u011f\u0131n\u0131 belirten Fettuh, son iki y\u0131ld\u0131r abluka, yard\u0131m merkezlerinin hedef al\u0131nmas\u0131, altyap\u0131n\u0131n yok edilmesi, zorla yerinden ettirme giri\u015fimleri ve i\u015fgal alt\u0131ndaki Bat\u0131 \u015eeria\u2019daki gasp\u00e7\u0131 \u0130sraillilerin sald\u0131r\u0131lar\u0131na verilen destek gibi uygulamalarla fiili politikaya d\u00f6n\u00fc\u015ft\u00fc\u011f\u00fcn\u00fc vurgulad\u0131.<\/p>\n<p>&#13;<br \/>\n\tFettuh, <a href=\"https:\/\/www.trthaber.com\/etiket\/birlesmis-milletler\/\" target=\"_blank\">Birle\u015fmi\u015f Milletler<\/a> ve G\u00fcvenlik Konseyi\u2019ni &#8220;hukuki ve siyasi sorumluluklar\u0131n\u0131 \u00fcstlenmeye&#8221; davet etti\u011fi a\u00e7\u0131klamas\u0131nda, ayr\u0131ca \u0130srail ordusunun <a href=\"https:\/\/www.trthaber.com\/etiket\/gazze\/\" target=\"_blank\">Gazze<\/a> kentini i\u015fgal planlar\u0131na dikkat \u00e7ekerek, &#8220;sivillere kar\u015f\u0131 yeni katliamlar i\u015flenebilece\u011fi&#8221; uyar\u0131s\u0131nda bulundu.<\/p>\n<p>&#13;<br \/>\n\tFettuh, uluslararas\u0131 topluma &#8220;derhal harekete ge\u00e7mesi, \u0130srail\u2019in su\u00e7 politikalar\u0131n\u0131n durdurulmas\u0131, \u0130srailli liderlere yapt\u0131r\u0131m uygulanmas\u0131 ve Filistin halk\u0131na acil uluslararas\u0131 koruma sa\u011flanmas\u0131&#8221; \u00e7a\u011fr\u0131s\u0131nda bulundu.<\/p>\n<h2>&#13;<br \/>\n\tGazze&#8217;de <a href=\"https:\/\/www.trthaber.com\/etiket\/hamas\/\" target=\"_blank\">Hamas<\/a> sava\u015f\u00e7\u0131lar\u0131n\u0131 &#8220;a\u00e7l\u0131k ve susuzluktan \u00f6ld\u00fcrme&#8221; plan\u0131<\/h2>\n<p>&#13;<br \/>\n\tIsrael Hayom gazetesinin haberine g\u00f6re, \u0130srail&#8217;in katil Maliye Bakan\u0131 Smotrich d\u00fczenledi\u011fi bas\u0131n toplant\u0131s\u0131nda, \u0130srail h\u00fck\u00fcmetinin Gazze&#8217;deki i\u015fgal haz\u0131rl\u0131klar\u0131na ili\u015fkin a\u00e7\u0131klamalarda bulundu.<\/p>\n<p>&#13;<br \/>\n\tSmotrich, Gazze kentinin kuzeyindeki b\u00f6lgeleri &#8220;sadece Hamas sava\u015f\u00e7\u0131lar\u0131n\u0131n kal\u0131p a\u00e7l\u0131k ve susuzluktan \u00f6lece\u011fi bir sava\u015f b\u00f6lgesi&#8221; haline getirme \u00e7a\u011fr\u0131s\u0131nda bulundu.<\/p>\n<p>&#13;<br \/>\n\t\u0130srail ordusunun Gazze&#8217;nin kuzeyindeki b\u00f6lgelerde kapsaml\u0131 bir abluka uygulamas\u0131 gerekti\u011fini savunan Smotrich, Gazze topraklar\u0131n\u0131n &#8220;kademeli olarak ilhak edilmesini&#8221; istedi.<\/p>\n<p>&#13;<br \/>\n\tSmotrich, <a href=\"https:\/\/www.trthaber.com\/etiket\/abd\/\" target=\"_blank\">ABD<\/a> Ba\u015fkan\u0131 Donald Trump&#8217;\u0131n Gazze&#8217;deki Filistinlilerin yerinden edilmesi plan\u0131n\u0131n da uygulamaya konulmas\u0131n\u0131 talep etti.<\/p>\n<p>&#13;<br \/>\n\tBa\u015fbakan Binyamin Netanyahu, Gazze&#8217;nin ilhak\u0131n\u0131n h\u0131zland\u0131r\u0131lmas\u0131 y\u00f6n\u00fcnde talimat verdi\u011fini a\u00e7\u0131klarken, uluslararas\u0131 kurulu\u015flar bu durumun &#8220;Gazze\u2019nin tamamen y\u0131k\u0131lmas\u0131na ve kitlesel g\u00f6\u00e7e&#8221; yol a\u00e7aca\u011f\u0131 uyar\u0131s\u0131nda bulunuyor.<\/p>\n<\/p><\/div>\n","protected":false},"excerpt":{"rendered":"<p>&#13; Fettuh, yapt\u0131\u011f\u0131 yaz\u0131l\u0131 a\u00e7\u0131klamada, &#8220;Smotrich\u2019in s\u00f6zleri, i\u015fgal h\u00fck\u00fcmetinin y\u00fcr\u00fctt\u00fc\u011f\u00fc soyk\u0131r\u0131m ve etnik temizlik politikas\u0131n\u0131n a\u00e7\u0131k bir itiraf\u0131d\u0131r. Bu, uluslararas\u0131 hukuk, Cenevre S\u00f6zle\u015fmeleri ve Roma Stat\u00fcs\u00fc\u2019ne g\u00f6re sava\u015f su\u00e7u te\u015fkil etmektedir.&#8221; ifadelerine yer verdi. &#13; \u0130srail h\u00fck\u00fcmetinde dillendirilen bu s\u00f6ylemlerin art\u0131k yaln\u0131zca radikal g\u00f6r\u00fc\u015f olmaktan \u00e7\u0131kt\u0131\u011f\u0131n\u0131 belirten Fettuh, son iki y\u0131ld\u0131r abluka, yard\u0131m merkezlerinin hedef [&hellip;]<\/p>\n","protected":false},"author":1,"featured_media":30779,"comment_status":"open","ping_status":"open","sticky":false,"template":"","format":"standard","meta":{"jnews-multi-image_gallery":[],"jnews_single_post":[],"jnews_primary_category":[],"jnews_social_meta":[],"jnews_override_counter":[],"footnotes":""},"categories":[2],"tags":[],"class_list":["post-30870","post","type-post","status-publish","format-standard","has-post-thumbnail","hentry","category-dunya"],"yoast_head":"<!-- This site is optimized with the Yoast SEO plugin v27.5 - https:\/\/yoast.com\/product\/yoast-seo-wordpress\/ -->\n<title>Filistin Kurtulu\u015f \u00d6rg\u00fct\u00fc: Smotrichin \u00e7a\u011fr\u0131s\u0131 sava\u015f su\u00e7u ve soyk\u0131r\u0131m itiraf\u0131d\u0131r - Kuzeyin Sesi<\/title>\n<meta name=\"robots\" content=\"index, follow, max-snippet:-1, max-image-preview:large, max-video-preview:-1\" \/>\n<link rel=\"canonical\" href=\"https:\/\/kuzeyinsesi.org\/index.php\/2025\/08\/29\/filistin-kurtulus-orgutu-smotrichin-cagrisi-savas-sucu-ve-soykirim-itirafidir\/\" \/>\n<meta property=\"og:locale\" content=\"tr_TR\" \/>\n<meta property=\"og:type\" content=\"article\" \/>\n<meta property=\"og:title\" content=\"Filistin Kurtulu\u015f \u00d6rg\u00fct\u00fc: Smotrichin \u00e7a\u011fr\u0131s\u0131 sava\u015f su\u00e7u ve soyk\u0131r\u0131m itiraf\u0131d\u0131r - Kuzeyin Sesi\" \/>\n<meta property=\"og:description\" content=\"&#013; Fettuh, yapt\u0131\u011f\u0131 yaz\u0131l\u0131 a\u00e7\u0131klamada, &#8220;Smotrich\u2019in s\u00f6zleri, i\u015fgal h\u00fck\u00fcmetinin y\u00fcr\u00fctt\u00fc\u011f\u00fc soyk\u0131r\u0131m ve etnik temizlik politikas\u0131n\u0131n a\u00e7\u0131k bir itiraf\u0131d\u0131r. Bu, uluslararas\u0131 hukuk, Cenevre S\u00f6zle\u015fmeleri ve Roma Stat\u00fcs\u00fc\u2019ne g\u00f6re sava\u015f su\u00e7u te\u015fkil etmektedir.&#8221; ifadelerine yer verdi. &#013; \u0130srail h\u00fck\u00fcmetinde dillendirilen bu s\u00f6ylemlerin art\u0131k yaln\u0131zca radikal g\u00f6r\u00fc\u015f olmaktan \u00e7\u0131kt\u0131\u011f\u0131n\u0131 belirten Fettuh, son iki y\u0131ld\u0131r abluka, yard\u0131m merkezlerinin hedef [&hellip;]\" \/>\n<meta property=\"og:url\" content=\"https:\/\/kuzeyinsesi.org\/index.php\/2025\/08\/29\/filistin-kurtulus-orgutu-smotrichin-cagrisi-savas-sucu-ve-soykirim-itirafidir\/\" \/>\n<meta property=\"og:site_name\" content=\"Kuzeyin Sesi\" \/>\n<meta property=\"article:publisher\" content=\"https:\/\/www.facebook.com\/kuzeyinsesii\" \/>\n<meta property=\"article:published_time\" content=\"2025-08-28T23:05:47+00:00\" \/>\n<meta property=\"og:image\" content=\"https:\/\/trthaberstatic.cdn.wp.trt.com.tr\/resimler\/2392000\/gazze-saldiri-aa-2392039.jpg\" \/>\n<meta name=\"author\" content=\"Kuzeyin Sesi\" \/>\n<meta name=\"twitter:card\" content=\"summary_large_image\" \/>\n<meta name=\"twitter:creator\" content=\"@kuzeyinsesii\" \/>\n<meta name=\"twitter:site\" content=\"@kuzeyinsesii\" \/>\n<meta name=\"twitter:label1\" content=\"Yazan:\" \/>\n\t<meta name=\"twitter:data1\" content=\"Kuzeyin Sesi\" \/>\n\t<meta name=\"twitter:label2\" content=\"Tahmini okuma s\u00fcresi\" \/>\n\t<meta name=\"twitter:data2\" content=\"2 dakika\" \/>\n<script type=\"application\/ld+json\" class=\"yoast-schema-graph\">{\"@context\":\"https:\\\/\\\/schema.org\",\"@graph\":[{\"@type\":\"Article\",\"@id\":\"https:\\\/\\\/kuzeyinsesi.org\\\/index.php\\\/2025\\\/08\\\/29\\\/filistin-kurtulus-orgutu-smotrichin-cagrisi-savas-sucu-ve-soykirim-itirafidir\\\/#article\",\"isPartOf\":{\"@id\":\"https:\\\/\\\/kuzeyinsesi.org\\\/index.php\\\/2025\\\/08\\\/29\\\/filistin-kurtulus-orgutu-smotrichin-cagrisi-savas-sucu-ve-soykirim-itirafidir\\\/\"},\"author\":{\"name\":\"Kuzeyin Sesi\",\"@id\":\"https:\\\/\\\/kuzeyinsesi.org\\\/#\\\/schema\\\/person\\\/9f859689cdf01485597712386e37f5aa\"},\"headline\":\"Filistin Kurtulu\u015f \u00d6rg\u00fct\u00fc: Smotrichin \u00e7a\u011fr\u0131s\u0131 sava\u015f su\u00e7u ve soyk\u0131r\u0131m itiraf\u0131d\u0131r\",\"datePublished\":\"2025-08-28T23:05:47+00:00\",\"mainEntityOfPage\":{\"@id\":\"https:\\\/\\\/kuzeyinsesi.org\\\/index.php\\\/2025\\\/08\\\/29\\\/filistin-kurtulus-orgutu-smotrichin-cagrisi-savas-sucu-ve-soykirim-itirafidir\\\/\"},\"wordCount\":391,\"commentCount\":0,\"image\":{\"@id\":\"https:\\\/\\\/kuzeyinsesi.org\\\/index.php\\\/2025\\\/08\\\/29\\\/filistin-kurtulus-orgutu-smotrichin-cagrisi-savas-sucu-ve-soykirim-itirafidir\\\/#primaryimage\"},\"thumbnailUrl\":\"https:\\\/\\\/kuzeyinsesi.org\\\/wp-content\\\/uploads\\\/2025\\\/08\\\/gazze-saldiri-aa-2392039.jpg\",\"articleSection\":[\"D\u00fcnya\"],\"inLanguage\":\"tr\",\"potentialAction\":[{\"@type\":\"CommentAction\",\"name\":\"Comment\",\"target\":[\"https:\\\/\\\/kuzeyinsesi.org\\\/index.php\\\/2025\\\/08\\\/29\\\/filistin-kurtulus-orgutu-smotrichin-cagrisi-savas-sucu-ve-soykirim-itirafidir\\\/#respond\"]}]},{\"@type\":\"WebPage\",\"@id\":\"https:\\\/\\\/kuzeyinsesi.org\\\/index.php\\\/2025\\\/08\\\/29\\\/filistin-kurtulus-orgutu-smotrichin-cagrisi-savas-sucu-ve-soykirim-itirafidir\\\/\",\"url\":\"https:\\\/\\\/kuzeyinsesi.org\\\/index.php\\\/2025\\\/08\\\/29\\\/filistin-kurtulus-orgutu-smotrichin-cagrisi-savas-sucu-ve-soykirim-itirafidir\\\/\",\"name\":\"Filistin Kurtulu\u015f \u00d6rg\u00fct\u00fc: Smotrichin \u00e7a\u011fr\u0131s\u0131 sava\u015f su\u00e7u ve soyk\u0131r\u0131m itiraf\u0131d\u0131r - Kuzeyin Sesi\",\"isPartOf\":{\"@id\":\"https:\\\/\\\/kuzeyinsesi.org\\\/#website\"},\"primaryImageOfPage\":{\"@id\":\"https:\\\/\\\/kuzeyinsesi.org\\\/index.php\\\/2025\\\/08\\\/29\\\/filistin-kurtulus-orgutu-smotrichin-cagrisi-savas-sucu-ve-soykirim-itirafidir\\\/#primaryimage\"},\"image\":{\"@id\":\"https:\\\/\\\/kuzeyinsesi.org\\\/index.php\\\/2025\\\/08\\\/29\\\/filistin-kurtulus-orgutu-smotrichin-cagrisi-savas-sucu-ve-soykirim-itirafidir\\\/#primaryimage\"},\"thumbnailUrl\":\"https:\\\/\\\/kuzeyinsesi.org\\\/wp-content\\\/uploads\\\/2025\\\/08\\\/gazze-saldiri-aa-2392039.jpg\",\"datePublished\":\"2025-08-28T23:05:47+00:00\",\"author\":{\"@id\":\"https:\\\/\\\/kuzeyinsesi.org\\\/#\\\/schema\\\/person\\\/9f859689cdf01485597712386e37f5aa\"},\"breadcrumb\":{\"@id\":\"https:\\\/\\\/kuzeyinsesi.org\\\/index.php\\\/2025\\\/08\\\/29\\\/filistin-kurtulus-orgutu-smotrichin-cagrisi-savas-sucu-ve-soykirim-itirafidir\\\/#breadcrumb\"},\"inLanguage\":\"tr\",\"potentialAction\":[{\"@type\":\"ReadAction\",\"target\":[\"https:\\\/\\\/kuzeyinsesi.org\\\/index.php\\\/2025\\\/08\\\/29\\\/filistin-kurtulus-orgutu-smotrichin-cagrisi-savas-sucu-ve-soykirim-itirafidir\\\/\"]}]},{\"@type\":\"ImageObject\",\"inLanguage\":\"tr\",\"@id\":\"https:\\\/\\\/kuzeyinsesi.org\\\/index.php\\\/2025\\\/08\\\/29\\\/filistin-kurtulus-orgutu-smotrichin-cagrisi-savas-sucu-ve-soykirim-itirafidir\\\/#primaryimage\",\"url\":\"https:\\\/\\\/kuzeyinsesi.org\\\/wp-content\\\/uploads\\\/2025\\\/08\\\/gazze-saldiri-aa-2392039.jpg\",\"contentUrl\":\"https:\\\/\\\/kuzeyinsesi.org\\\/wp-content\\\/uploads\\\/2025\\\/08\\\/gazze-saldiri-aa-2392039.jpg\",\"width\":1280,\"height\":720},{\"@type\":\"BreadcrumbList\",\"@id\":\"https:\\\/\\\/kuzeyinsesi.org\\\/index.php\\\/2025\\\/08\\\/29\\\/filistin-kurtulus-orgutu-smotrichin-cagrisi-savas-sucu-ve-soykirim-itirafidir\\\/#breadcrumb\",\"itemListElement\":[{\"@type\":\"ListItem\",\"position\":1,\"name\":\"Anasayfa\",\"item\":\"https:\\\/\\\/kuzeyinsesi.org\\\/\"},{\"@type\":\"ListItem\",\"position\":2,\"name\":\"Filistin Kurtulu\u015f \u00d6rg\u00fct\u00fc: Smotrichin \u00e7a\u011fr\u0131s\u0131 sava\u015f su\u00e7u ve soyk\u0131r\u0131m itiraf\u0131d\u0131r\"}]},{\"@type\":\"WebSite\",\"@id\":\"https:\\\/\\\/kuzeyinsesi.org\\\/#website\",\"url\":\"https:\\\/\\\/kuzeyinsesi.org\\\/\",\"name\":\"Kuzeyin Sesi\",\"description\":\"Do\u011fru Haberin Adresi\",\"potentialAction\":[{\"@type\":\"SearchAction\",\"target\":{\"@type\":\"EntryPoint\",\"urlTemplate\":\"https:\\\/\\\/kuzeyinsesi.org\\\/?s={search_term_string}\"},\"query-input\":{\"@type\":\"PropertyValueSpecification\",\"valueRequired\":true,\"valueName\":\"search_term_string\"}}],\"inLanguage\":\"tr\"},{\"@type\":\"Person\",\"@id\":\"https:\\\/\\\/kuzeyinsesi.org\\\/#\\\/schema\\\/person\\\/9f859689cdf01485597712386e37f5aa\",\"name\":\"Kuzeyin Sesi\",\"image\":{\"@type\":\"ImageObject\",\"inLanguage\":\"tr\",\"@id\":\"https:\\\/\\\/secure.gravatar.com\\\/avatar\\\/bab33852abfd8b282518d6ed81826833d77c3c882d9ab608add591ccace47a44?s=96&d=mm&r=g\",\"url\":\"https:\\\/\\\/secure.gravatar.com\\\/avatar\\\/bab33852abfd8b282518d6ed81826833d77c3c882d9ab608add591ccace47a44?s=96&d=mm&r=g\",\"contentUrl\":\"https:\\\/\\\/secure.gravatar.com\\\/avatar\\\/bab33852abfd8b282518d6ed81826833d77c3c882d9ab608add591ccace47a44?s=96&d=mm&r=g\",\"caption\":\"Kuzeyin Sesi\"},\"sameAs\":[\"https:\\\/\\\/kuzeyinsesi.org\"],\"url\":\"https:\\\/\\\/kuzeyinsesi.org\\\/index.php\\\/author\\\/guven\\\/\"}]}<\/script>\n<!-- \/ Yoast SEO plugin. -->","yoast_head_json":{"title":"Filistin Kurtulu\u015f \u00d6rg\u00fct\u00fc: Smotrichin \u00e7a\u011fr\u0131s\u0131 sava\u015f su\u00e7u ve soyk\u0131r\u0131m itiraf\u0131d\u0131r - Kuzeyin Sesi","robots":{"index":"index","follow":"follow","max-snippet":"max-snippet:-1","max-image-preview":"max-image-preview:large","max-video-preview":"max-video-preview:-1"},"canonical":"https:\/\/kuzeyinsesi.org\/index.php\/2025\/08\/29\/filistin-kurtulus-orgutu-smotrichin-cagrisi-savas-sucu-ve-soykirim-itirafidir\/","og_locale":"tr_TR","og_type":"article","og_title":"Filistin Kurtulu\u015f \u00d6rg\u00fct\u00fc: Smotrichin \u00e7a\u011fr\u0131s\u0131 sava\u015f su\u00e7u ve soyk\u0131r\u0131m itiraf\u0131d\u0131r - Kuzeyin Sesi","og_description":"&#13; Fettuh, yapt\u0131\u011f\u0131 yaz\u0131l\u0131 a\u00e7\u0131klamada, &#8220;Smotrich\u2019in s\u00f6zleri, i\u015fgal h\u00fck\u00fcmetinin y\u00fcr\u00fctt\u00fc\u011f\u00fc soyk\u0131r\u0131m ve etnik temizlik politikas\u0131n\u0131n a\u00e7\u0131k bir itiraf\u0131d\u0131r. Bu, uluslararas\u0131 hukuk, Cenevre S\u00f6zle\u015fmeleri ve Roma Stat\u00fcs\u00fc\u2019ne g\u00f6re sava\u015f su\u00e7u te\u015fkil etmektedir.&#8221; ifadelerine yer verdi. &#13; \u0130srail h\u00fck\u00fcmetinde dillendirilen bu s\u00f6ylemlerin art\u0131k yaln\u0131zca radikal g\u00f6r\u00fc\u015f olmaktan \u00e7\u0131kt\u0131\u011f\u0131n\u0131 belirten Fettuh, son iki y\u0131ld\u0131r abluka, yard\u0131m merkezlerinin hedef [&hellip;]","og_url":"https:\/\/kuzeyinsesi.org\/index.php\/2025\/08\/29\/filistin-kurtulus-orgutu-smotrichin-cagrisi-savas-sucu-ve-soykirim-itirafidir\/","og_site_name":"Kuzeyin Sesi","article_publisher":"https:\/\/www.facebook.com\/kuzeyinsesii","article_published_time":"2025-08-28T23:05:47+00:00","og_image":[{"url":"https:\/\/trthaberstatic.cdn.wp.trt.com.tr\/resimler\/2392000\/gazze-saldiri-aa-2392039.jpg","type":"","width":"","height":""}],"author":"Kuzeyin Sesi","twitter_card":"summary_large_image","twitter_creator":"@kuzeyinsesii","twitter_site":"@kuzeyinsesii","twitter_misc":{"Yazan:":"Kuzeyin Sesi","Tahmini okuma s\u00fcresi":"2 dakika"},"schema":{"@context":"https:\/\/schema.org","@graph":[{"@type":"Article","@id":"https:\/\/kuzeyinsesi.org\/index.php\/2025\/08\/29\/filistin-kurtulus-orgutu-smotrichin-cagrisi-savas-sucu-ve-soykirim-itirafidir\/#article","isPartOf":{"@id":"https:\/\/kuzeyinsesi.org\/index.php\/2025\/08\/29\/filistin-kurtulus-orgutu-smotrichin-cagrisi-savas-sucu-ve-soykirim-itirafidir\/"},"author":{"name":"Kuzeyin Sesi","@id":"https:\/\/kuzeyinsesi.org\/#\/schema\/person\/9f859689cdf01485597712386e37f5aa"},"headline":"Filistin Kurtulu\u015f \u00d6rg\u00fct\u00fc: Smotrichin \u00e7a\u011fr\u0131s\u0131 sava\u015f su\u00e7u ve soyk\u0131r\u0131m itiraf\u0131d\u0131r","datePublished":"2025-08-28T23:05:47+00:00","mainEntityOfPage":{"@id":"https:\/\/kuzeyinsesi.org\/index.php\/2025\/08\/29\/filistin-kurtulus-orgutu-smotrichin-cagrisi-savas-sucu-ve-soykirim-itirafidir\/"},"wordCount":391,"commentCount":0,"image":{"@id":"https:\/\/kuzeyinsesi.org\/index.php\/2025\/08\/29\/filistin-kurtulus-orgutu-smotrichin-cagrisi-savas-sucu-ve-soykirim-itirafidir\/#primaryimage"},"thumbnailUrl":"https:\/\/kuzeyinsesi.org\/wp-content\/uploads\/2025\/08\/gazze-saldiri-aa-2392039.jpg","articleSection":["D\u00fcnya"],"inLanguage":"tr","potentialAction":[{"@type":"CommentAction","name":"Comment","target":["https:\/\/kuzeyinsesi.org\/index.php\/2025\/08\/29\/filistin-kurtulus-orgutu-smotrichin-cagrisi-savas-sucu-ve-soykirim-itirafidir\/#respond"]}]},{"@type":"WebPage","@id":"https:\/\/kuzeyinsesi.org\/index.php\/2025\/08\/29\/filistin-kurtulus-orgutu-smotrichin-cagrisi-savas-sucu-ve-soykirim-itirafidir\/","url":"https:\/\/kuzeyinsesi.org\/index.php\/2025\/08\/29\/filistin-kurtulus-orgutu-smotrichin-cagrisi-savas-sucu-ve-soykirim-itirafidir\/","name":"Filistin Kurtulu\u015f \u00d6rg\u00fct\u00fc: Smotrichin \u00e7a\u011fr\u0131s\u0131 sava\u015f su\u00e7u ve soyk\u0131r\u0131m itiraf\u0131d\u0131r - Kuzeyin Sesi","isPartOf":{"@id":"https:\/\/kuzeyinsesi.org\/#website"},"primaryImageOfPage":{"@id":"https:\/\/kuzeyinsesi.org\/index.php\/2025\/08\/29\/filistin-kurtulus-orgutu-smotrichin-cagrisi-savas-sucu-ve-soykirim-itirafidir\/#primaryimage"},"image":{"@id":"https:\/\/kuzeyinsesi.org\/index.php\/2025\/08\/29\/filistin-kurtulus-orgutu-smotrichin-cagrisi-savas-sucu-ve-soykirim-itirafidir\/#primaryimage"},"thumbnailUrl":"https:\/\/kuzeyinsesi.org\/wp-content\/uploads\/2025\/08\/gazze-saldiri-aa-2392039.jpg","datePublished":"2025-08-28T23:05:47+00:00","author":{"@id":"https:\/\/kuzeyinsesi.org\/#\/schema\/person\/9f859689cdf01485597712386e37f5aa"},"breadcrumb":{"@id":"https:\/\/kuzeyinsesi.org\/index.php\/2025\/08\/29\/filistin-kurtulus-orgutu-smotrichin-cagrisi-savas-sucu-ve-soykirim-itirafidir\/#breadcrumb"},"inLanguage":"tr","potentialAction":[{"@type":"ReadAction","target":["https:\/\/kuzeyinsesi.org\/index.php\/2025\/08\/29\/filistin-kurtulus-orgutu-smotrichin-cagrisi-savas-sucu-ve-soykirim-itirafidir\/"]}]},{"@type":"ImageObject","inLanguage":"tr","@id":"https:\/\/kuzeyinsesi.org\/index.php\/2025\/08\/29\/filistin-kurtulus-orgutu-smotrichin-cagrisi-savas-sucu-ve-soykirim-itirafidir\/#primaryimage","url":"https:\/\/kuzeyinsesi.org\/wp-content\/uploads\/2025\/08\/gazze-saldiri-aa-2392039.jpg","contentUrl":"https:\/\/kuzeyinsesi.org\/wp-content\/uploads\/2025\/08\/gazze-saldiri-aa-2392039.jpg","width":1280,"height":720},{"@type":"BreadcrumbList","@id":"https:\/\/kuzeyinsesi.org\/index.php\/2025\/08\/29\/filistin-kurtulus-orgutu-smotrichin-cagrisi-savas-sucu-ve-soykirim-itirafidir\/#breadcrumb","itemListElement":[{"@type":"ListItem","position":1,"name":"Anasayfa","item":"https:\/\/kuzeyinsesi.org\/"},{"@type":"ListItem","position":2,"name":"Filistin Kurtulu\u015f \u00d6rg\u00fct\u00fc: Smotrichin \u00e7a\u011fr\u0131s\u0131 sava\u015f su\u00e7u ve soyk\u0131r\u0131m itiraf\u0131d\u0131r"}]},{"@type":"WebSite","@id":"https:\/\/kuzeyinsesi.org\/#website","url":"https:\/\/kuzeyinsesi.org\/","name":"Kuzeyin Sesi","description":"Do\u011fru Haberin Adresi","potentialAction":[{"@type":"SearchAction","target":{"@type":"EntryPoint","urlTemplate":"https:\/\/kuzeyinsesi.org\/?s={search_term_string}"},"query-input":{"@type":"PropertyValueSpecification","valueRequired":true,"valueName":"search_term_string"}}],"inLanguage":"tr"},{"@type":"Person","@id":"https:\/\/kuzeyinsesi.org\/#\/schema\/person\/9f859689cdf01485597712386e37f5aa","name":"Kuzeyin Sesi","image":{"@type":"ImageObject","inLanguage":"tr","@id":"https:\/\/secure.gravatar.com\/avatar\/bab33852abfd8b282518d6ed81826833d77c3c882d9ab608add591ccace47a44?s=96&d=mm&r=g","url":"https:\/\/secure.gravatar.com\/avatar\/bab33852abfd8b282518d6ed81826833d77c3c882d9ab608add591ccace47a44?s=96&d=mm&r=g","contentUrl":"https:\/\/secure.gravatar.com\/avatar\/bab33852abfd8b282518d6ed81826833d77c3c882d9ab608add591ccace47a44?s=96&d=mm&r=g","caption":"Kuzeyin Sesi"},"sameAs":["https:\/\/kuzeyinsesi.org"],"url":"https:\/\/kuzeyinsesi.org\/index.php\/author\/guven\/"}]}},"_links":{"self":[{"href":"https:\/\/kuzeyinsesi.org\/index.php\/wp-json\/wp\/v2\/posts\/30870","targetHints":{"allow":["GET"]}}],"collection":[{"href":"https:\/\/kuzeyinsesi.org\/index.php\/wp-json\/wp\/v2\/posts"}],"about":[{"href":"https:\/\/kuzeyinsesi.org\/index.php\/wp-json\/wp\/v2\/types\/post"}],"author":[{"embeddable":true,"href":"https:\/\/kuzeyinsesi.org\/index.php\/wp-json\/wp\/v2\/users\/1"}],"replies":[{"embeddable":true,"href":"https:\/\/kuzeyinsesi.org\/index.php\/wp-json\/wp\/v2\/comments?post=30870"}],"version-history":[{"count":0,"href":"https:\/\/kuzeyinsesi.org\/index.php\/wp-json\/wp\/v2\/posts\/30870\/revisions"}],"wp:featuredmedia":[{"embeddable":true,"href":"https:\/\/kuzeyinsesi.org\/index.php\/wp-json\/wp\/v2\/media\/30779"}],"wp:attachment":[{"href":"https:\/\/kuzeyinsesi.org\/index.php\/wp-json\/wp\/v2\/media?parent=30870"}],"wp:term":[{"taxonomy":"category","embeddable":true,"href":"https:\/\/kuzeyinsesi.org\/index.php\/wp-json\/wp\/v2\/categories?post=30870"},{"taxonomy":"post_tag","embeddable":true,"href":"https:\/\/kuzeyinsesi.org\/index.php\/wp-json\/wp\/v2\/tags?post=30870"}],"curies":[{"name":"wp","href":"https:\/\/api.w.org\/{rel}","templated":true}]}}