{"id":30829,"date":"2025-08-28T09:29:19","date_gmt":"2025-08-28T06:29:19","guid":{"rendered":"https:\/\/kuzeyinsesi.org\/index.php\/2025\/08\/28\/avrupa-birligi-kayitlardaki-en-kotu-yangin-sezonuyla-karsi-karsiya\/"},"modified":"2025-08-28T09:29:19","modified_gmt":"2025-08-28T06:29:19","slug":"avrupa-birligi-kayitlardaki-en-kotu-yangin-sezonuyla-karsi-karsiya","status":"publish","type":"post","link":"https:\/\/kuzeyinsesi.org\/index.php\/2025\/08\/28\/avrupa-birligi-kayitlardaki-en-kotu-yangin-sezonuyla-karsi-karsiya\/","title":{"rendered":"Avrupa Birli\u011fi kay\u0131tlardaki en k\u00f6t\u00fc yang\u0131n sezonuyla kar\u015f\u0131 kar\u015f\u0131ya"},"content":{"rendered":"<p><\/p>\n<div>\n<p>&#13;<br \/>\n\tAB\u2019nin <a href=\"https:\/\/www.trthaber.com\/etiket\/orman\/\" target=\"_blank\">orman<\/a> yang\u0131n\u0131 bilgi sistemine g\u00f6re (EFFIS), yang\u0131nlar\u0131n en \u00e7ok vurdu\u011fu b\u00f6lgeler <a href=\"https:\/\/www.trthaber.com\/etiket\/ispanya\/\" target=\"_blank\">\u0130spanya<\/a> ve <a href=\"https:\/\/www.trthaber.com\/etiket\/portekiz\/\" target=\"_blank\">Portekiz<\/a> oldu.<\/p>\n<p>&#13;<br \/>\n\t\u0130spanya\u2019da 400 bin hektardan fazla alan yand\u0131. Bu, son 18 y\u0131l\u0131n ortalamas\u0131n\u0131n alt\u0131 kat\u0131.<\/p>\n<p>&#13;<br \/>\n\tPortekiz\u2019de 270 bin hektar k\u00fcl oldu, bu da ortalaman\u0131n yakla\u015f\u0131k be\u015f kat\u0131.<\/p>\n<p>&#13;<br \/>\n\t\u0130ki \u00fclke toplamda 684 bin hektar kay\u0131p ya\u015fad\u0131. Bu, Londra\u2019n\u0131n y\u00fcz\u00f6l\u00e7\u00fcm\u00fcn\u00fcn d\u00f6rt kat\u0131na e\u015fde\u011fer.<\/p>\n<p>&#13;<br \/>\n\tYang\u0131nlar, \u00f6zellikle Galicia, Asturias, Kastilya ve Le\u00f3n b\u00f6lgelerini ve Picos de Europa Milli Park\u0131 gibi koruma alanlar\u0131n\u0131 etkiledi. Ayr\u0131ca \u00fcnl\u00fc Camino de Santiago <a href=\"https:\/\/www.trthaber.com\/etiket\/hac\/\" target=\"_blank\">hac<\/a> rotas\u0131 da alevlerden zarar g\u00f6rd\u00fc.<\/p>\n<h2>&#13;<br \/>\n\t\u0130klim de\u011fi\u015fikli\u011finin etkisi<\/h2>\n<p>&#13;<br \/>\n\tImperial College London b\u00fcnyesindeki World Weather Attribution grubunun raporuna g\u00f6re:<\/p>\n<p>&#13;<br \/>\n\t\u0130klim de\u011fi\u015fikli\u011fi, T\u00fcrkiye, <a href=\"https:\/\/www.trthaber.com\/etiket\/yunanistan\/\" target=\"_blank\">Yunanistan<\/a> ve K\u0131br\u0131s\u2019taki yang\u0131nlara yol a\u00e7an ko\u015fullar\u0131 10 kat daha olas\u0131 hale getirdi.<\/p>\n<p>&#13;<br \/>\n\tBu durum, a\u015f\u0131r\u0131 s\u0131caklar\u0131n artmas\u0131na ve bitki \u00f6rt\u00fcs\u00fcn\u00fcn h\u0131zla kuruyarak yang\u0131na daha elveri\u015fli hale gelmesine neden oldu.<\/p>\n<p>&#13;<br \/>\n\tSadece \u0130spanya\u2019da \u00e7\u0131kan yang\u0131nlar, bu y\u0131l 17,6 milyon ton CO\u2082 sal\u0131m\u0131na yol a\u00e7t\u0131. Bu miktar, 2023\u2019te H\u0131rvatistan\u2019\u0131n toplam y\u0131ll\u0131k emisyonunu ge\u00e7ti.<\/p>\n<h2>&#13;<br \/>\n\tEkosistemler zorlan\u0131yor<\/h2>\n<p>&#13;<br \/>\n\tAkdeniz ekosistemleri tarih boyunca yang\u0131nlarla birlikte var oldu. Ancak g\u00fcn\u00fcm\u00fczde yang\u0131nlar\u0131n daha s\u0131k, daha geni\u015f ve daha \u015fiddetli hale gelmesi, do\u011fal dengenin bozulmas\u0131na yol a\u00e7\u0131yor.<\/p>\n<p>&#13;<br \/>\n\tOrmanlar\u0131n yeniden b\u00fcy\u00fcmesi gecikti\u011fi i\u00e7in karbon d\u00f6ng\u00fcs\u00fc k\u0131r\u0131l\u0131yor ve yang\u0131nlar iklimi daha da \u0131s\u0131tan bir k\u0131s\u0131r d\u00f6ng\u00fcye neden oluyor.<\/p>\n<p>&#13;<br \/>\n\tAyr\u0131ca toprak erozyonu ve <a href=\"https:\/\/www.trthaber.com\/etiket\/su\/\" target=\"_blank\">su<\/a> kaynaklar\u0131n\u0131n kirlenmesi gibi uzun vadeli riskler art\u0131yor.<\/p>\n<h2>&#13;<br \/>\n\tAB\u2019de en b\u00fcy\u00fck m\u00fcdahale<\/h2>\n<p>&#13;<br \/>\n\tBu yaz \u00e7\u0131kan yang\u0131nlar, <a href=\"https:\/\/www.trthaber.com\/etiket\/ab\/\" target=\"_blank\">AB<\/a> Sivil Koruma Mekanizmas\u0131\u2019n\u0131n en b\u00fcy\u00fck itfaiye g\u00fcc\u00fc konu\u015fland\u0131rmas\u0131na neden oldu. Dumanlar <a href=\"https:\/\/www.trthaber.com\/etiket\/fransa\/\" target=\"_blank\">Fransa<\/a> ve \u0130ngiltere\u2019ye kadar ula\u015ft\u0131, b\u00f6lgedeki <a href=\"https:\/\/www.trthaber.com\/etiket\/hava-kalitesi\/\" target=\"_blank\">hava kalitesi<\/a> ciddi \u015fekilde d\u00fc\u015ft\u00fc.<\/p>\n<p>&#13;<br \/>\n\tBilim insanlar\u0131, \u00f6n\u00fcm\u00fczdeki y\u0131llarda Akdeniz\u2019in daha s\u0131cak ve daha kuru hale gelmesiyle bu t\u00fcr a\u015f\u0131r\u0131 yang\u0131nlar\u0131n artmaya devam edece\u011fini uyar\u0131yor.<\/p>\n<p>&#13;<br \/>\n\tAvrupa\u2019da bu y\u0131lki tablo, <a href=\"https:\/\/www.trthaber.com\/etiket\/yangin\/\" target=\"_blank\">yang\u0131n<\/a> y\u00f6netimi, orman bak\u0131m\u0131 ve <a href=\"https:\/\/www.trthaber.com\/etiket\/fosil\/\" target=\"_blank\">fosil<\/a> <a href=\"https:\/\/www.trthaber.com\/etiket\/yakit\/\" target=\"_blank\">yak\u0131t<\/a> kullan\u0131m\u0131n\u0131n azalt\u0131lmas\u0131 gibi konularda acil ad\u0131mlar at\u0131lmas\u0131 gerekti\u011fini ortaya koyuyor.<\/p>\n<\/p><\/div>\n","protected":false},"excerpt":{"rendered":"<p>&#13; AB\u2019nin orman yang\u0131n\u0131 bilgi sistemine g\u00f6re (EFFIS), yang\u0131nlar\u0131n en \u00e7ok vurdu\u011fu b\u00f6lgeler \u0130spanya ve Portekiz oldu. &#13; \u0130spanya\u2019da 400 bin hektardan fazla alan yand\u0131. Bu, son 18 y\u0131l\u0131n ortalamas\u0131n\u0131n alt\u0131 kat\u0131. &#13; Portekiz\u2019de 270 bin hektar k\u00fcl oldu, bu da ortalaman\u0131n yakla\u015f\u0131k be\u015f kat\u0131. &#13; \u0130ki \u00fclke toplamda 684 bin hektar kay\u0131p ya\u015fad\u0131. Bu, [&hellip;]<\/p>\n","protected":false},"author":1,"featured_media":30830,"comment_status":"open","ping_status":"open","sticky":false,"template":"","format":"standard","meta":{"jnews-multi-image_gallery":[],"jnews_single_post":[],"jnews_primary_category":[],"jnews_social_meta":[],"jnews_override_counter":[],"footnotes":""},"categories":[2],"tags":[],"class_list":["post-30829","post","type-post","status-publish","format-standard","has-post-thumbnail","hentry","category-dunya"],"yoast_head":"<!-- This site is optimized with the Yoast SEO plugin v27.5 - https:\/\/yoast.com\/product\/yoast-seo-wordpress\/ -->\n<title>Avrupa Birli\u011fi kay\u0131tlardaki en k\u00f6t\u00fc yang\u0131n sezonuyla kar\u015f\u0131 kar\u015f\u0131ya - Kuzeyin Sesi<\/title>\n<meta name=\"robots\" content=\"index, follow, max-snippet:-1, max-image-preview:large, max-video-preview:-1\" \/>\n<link rel=\"canonical\" href=\"https:\/\/kuzeyinsesi.org\/index.php\/2025\/08\/28\/avrupa-birligi-kayitlardaki-en-kotu-yangin-sezonuyla-karsi-karsiya\/\" \/>\n<meta property=\"og:locale\" content=\"tr_TR\" \/>\n<meta property=\"og:type\" content=\"article\" \/>\n<meta property=\"og:title\" content=\"Avrupa Birli\u011fi kay\u0131tlardaki en k\u00f6t\u00fc yang\u0131n sezonuyla kar\u015f\u0131 kar\u015f\u0131ya - Kuzeyin Sesi\" \/>\n<meta property=\"og:description\" content=\"&#013; AB\u2019nin orman yang\u0131n\u0131 bilgi sistemine g\u00f6re (EFFIS), yang\u0131nlar\u0131n en \u00e7ok vurdu\u011fu b\u00f6lgeler \u0130spanya ve Portekiz oldu. &#013; \u0130spanya\u2019da 400 bin hektardan fazla alan yand\u0131. Bu, son 18 y\u0131l\u0131n ortalamas\u0131n\u0131n alt\u0131 kat\u0131. &#013; Portekiz\u2019de 270 bin hektar k\u00fcl oldu, bu da ortalaman\u0131n yakla\u015f\u0131k be\u015f kat\u0131. &#013; \u0130ki \u00fclke toplamda 684 bin hektar kay\u0131p ya\u015fad\u0131. Bu, [&hellip;]\" \/>\n<meta property=\"og:url\" content=\"https:\/\/kuzeyinsesi.org\/index.php\/2025\/08\/28\/avrupa-birligi-kayitlardaki-en-kotu-yangin-sezonuyla-karsi-karsiya\/\" \/>\n<meta property=\"og:site_name\" content=\"Kuzeyin Sesi\" \/>\n<meta property=\"article:publisher\" content=\"https:\/\/www.facebook.com\/kuzeyinsesii\" \/>\n<meta property=\"article:published_time\" content=\"2025-08-28T06:29:19+00:00\" \/>\n<meta property=\"og:image\" content=\"https:\/\/trthaberstatic.cdn.wp.trt.com.tr\/resimler\/2388000\/orman-yangini-karaman-dha-2388867.jpg\" \/>\n<meta name=\"author\" content=\"Kuzeyin Sesi\" \/>\n<meta name=\"twitter:card\" content=\"summary_large_image\" \/>\n<meta name=\"twitter:creator\" content=\"@kuzeyinsesii\" \/>\n<meta name=\"twitter:site\" content=\"@kuzeyinsesii\" \/>\n<meta name=\"twitter:label1\" content=\"Yazan:\" \/>\n\t<meta name=\"twitter:data1\" content=\"Kuzeyin Sesi\" \/>\n\t<meta name=\"twitter:label2\" content=\"Tahmini okuma s\u00fcresi\" \/>\n\t<meta name=\"twitter:data2\" content=\"2 dakika\" \/>\n<script type=\"application\/ld+json\" class=\"yoast-schema-graph\">{\"@context\":\"https:\\\/\\\/schema.org\",\"@graph\":[{\"@type\":\"Article\",\"@id\":\"https:\\\/\\\/kuzeyinsesi.org\\\/index.php\\\/2025\\\/08\\\/28\\\/avrupa-birligi-kayitlardaki-en-kotu-yangin-sezonuyla-karsi-karsiya\\\/#article\",\"isPartOf\":{\"@id\":\"https:\\\/\\\/kuzeyinsesi.org\\\/index.php\\\/2025\\\/08\\\/28\\\/avrupa-birligi-kayitlardaki-en-kotu-yangin-sezonuyla-karsi-karsiya\\\/\"},\"author\":{\"name\":\"Kuzeyin Sesi\",\"@id\":\"https:\\\/\\\/kuzeyinsesi.org\\\/#\\\/schema\\\/person\\\/9f859689cdf01485597712386e37f5aa\"},\"headline\":\"Avrupa Birli\u011fi kay\u0131tlardaki en k\u00f6t\u00fc yang\u0131n sezonuyla kar\u015f\u0131 kar\u015f\u0131ya\",\"datePublished\":\"2025-08-28T06:29:19+00:00\",\"mainEntityOfPage\":{\"@id\":\"https:\\\/\\\/kuzeyinsesi.org\\\/index.php\\\/2025\\\/08\\\/28\\\/avrupa-birligi-kayitlardaki-en-kotu-yangin-sezonuyla-karsi-karsiya\\\/\"},\"wordCount\":433,\"commentCount\":0,\"image\":{\"@id\":\"https:\\\/\\\/kuzeyinsesi.org\\\/index.php\\\/2025\\\/08\\\/28\\\/avrupa-birligi-kayitlardaki-en-kotu-yangin-sezonuyla-karsi-karsiya\\\/#primaryimage\"},\"thumbnailUrl\":\"https:\\\/\\\/kuzeyinsesi.org\\\/wp-content\\\/uploads\\\/2025\\\/08\\\/orman-yangini-karaman-dha-2388867.jpg\",\"articleSection\":[\"D\u00fcnya\"],\"inLanguage\":\"tr\",\"potentialAction\":[{\"@type\":\"CommentAction\",\"name\":\"Comment\",\"target\":[\"https:\\\/\\\/kuzeyinsesi.org\\\/index.php\\\/2025\\\/08\\\/28\\\/avrupa-birligi-kayitlardaki-en-kotu-yangin-sezonuyla-karsi-karsiya\\\/#respond\"]}]},{\"@type\":\"WebPage\",\"@id\":\"https:\\\/\\\/kuzeyinsesi.org\\\/index.php\\\/2025\\\/08\\\/28\\\/avrupa-birligi-kayitlardaki-en-kotu-yangin-sezonuyla-karsi-karsiya\\\/\",\"url\":\"https:\\\/\\\/kuzeyinsesi.org\\\/index.php\\\/2025\\\/08\\\/28\\\/avrupa-birligi-kayitlardaki-en-kotu-yangin-sezonuyla-karsi-karsiya\\\/\",\"name\":\"Avrupa Birli\u011fi kay\u0131tlardaki en k\u00f6t\u00fc yang\u0131n sezonuyla kar\u015f\u0131 kar\u015f\u0131ya - Kuzeyin Sesi\",\"isPartOf\":{\"@id\":\"https:\\\/\\\/kuzeyinsesi.org\\\/#website\"},\"primaryImageOfPage\":{\"@id\":\"https:\\\/\\\/kuzeyinsesi.org\\\/index.php\\\/2025\\\/08\\\/28\\\/avrupa-birligi-kayitlardaki-en-kotu-yangin-sezonuyla-karsi-karsiya\\\/#primaryimage\"},\"image\":{\"@id\":\"https:\\\/\\\/kuzeyinsesi.org\\\/index.php\\\/2025\\\/08\\\/28\\\/avrupa-birligi-kayitlardaki-en-kotu-yangin-sezonuyla-karsi-karsiya\\\/#primaryimage\"},\"thumbnailUrl\":\"https:\\\/\\\/kuzeyinsesi.org\\\/wp-content\\\/uploads\\\/2025\\\/08\\\/orman-yangini-karaman-dha-2388867.jpg\",\"datePublished\":\"2025-08-28T06:29:19+00:00\",\"author\":{\"@id\":\"https:\\\/\\\/kuzeyinsesi.org\\\/#\\\/schema\\\/person\\\/9f859689cdf01485597712386e37f5aa\"},\"breadcrumb\":{\"@id\":\"https:\\\/\\\/kuzeyinsesi.org\\\/index.php\\\/2025\\\/08\\\/28\\\/avrupa-birligi-kayitlardaki-en-kotu-yangin-sezonuyla-karsi-karsiya\\\/#breadcrumb\"},\"inLanguage\":\"tr\",\"potentialAction\":[{\"@type\":\"ReadAction\",\"target\":[\"https:\\\/\\\/kuzeyinsesi.org\\\/index.php\\\/2025\\\/08\\\/28\\\/avrupa-birligi-kayitlardaki-en-kotu-yangin-sezonuyla-karsi-karsiya\\\/\"]}]},{\"@type\":\"ImageObject\",\"inLanguage\":\"tr\",\"@id\":\"https:\\\/\\\/kuzeyinsesi.org\\\/index.php\\\/2025\\\/08\\\/28\\\/avrupa-birligi-kayitlardaki-en-kotu-yangin-sezonuyla-karsi-karsiya\\\/#primaryimage\",\"url\":\"https:\\\/\\\/kuzeyinsesi.org\\\/wp-content\\\/uploads\\\/2025\\\/08\\\/orman-yangini-karaman-dha-2388867.jpg\",\"contentUrl\":\"https:\\\/\\\/kuzeyinsesi.org\\\/wp-content\\\/uploads\\\/2025\\\/08\\\/orman-yangini-karaman-dha-2388867.jpg\",\"width\":1280,\"height\":720},{\"@type\":\"BreadcrumbList\",\"@id\":\"https:\\\/\\\/kuzeyinsesi.org\\\/index.php\\\/2025\\\/08\\\/28\\\/avrupa-birligi-kayitlardaki-en-kotu-yangin-sezonuyla-karsi-karsiya\\\/#breadcrumb\",\"itemListElement\":[{\"@type\":\"ListItem\",\"position\":1,\"name\":\"Anasayfa\",\"item\":\"https:\\\/\\\/kuzeyinsesi.org\\\/\"},{\"@type\":\"ListItem\",\"position\":2,\"name\":\"Avrupa Birli\u011fi kay\u0131tlardaki en k\u00f6t\u00fc yang\u0131n sezonuyla kar\u015f\u0131 kar\u015f\u0131ya\"}]},{\"@type\":\"WebSite\",\"@id\":\"https:\\\/\\\/kuzeyinsesi.org\\\/#website\",\"url\":\"https:\\\/\\\/kuzeyinsesi.org\\\/\",\"name\":\"Kuzeyin Sesi\",\"description\":\"Do\u011fru Haberin Adresi\",\"potentialAction\":[{\"@type\":\"SearchAction\",\"target\":{\"@type\":\"EntryPoint\",\"urlTemplate\":\"https:\\\/\\\/kuzeyinsesi.org\\\/?s={search_term_string}\"},\"query-input\":{\"@type\":\"PropertyValueSpecification\",\"valueRequired\":true,\"valueName\":\"search_term_string\"}}],\"inLanguage\":\"tr\"},{\"@type\":\"Person\",\"@id\":\"https:\\\/\\\/kuzeyinsesi.org\\\/#\\\/schema\\\/person\\\/9f859689cdf01485597712386e37f5aa\",\"name\":\"Kuzeyin Sesi\",\"image\":{\"@type\":\"ImageObject\",\"inLanguage\":\"tr\",\"@id\":\"https:\\\/\\\/secure.gravatar.com\\\/avatar\\\/bab33852abfd8b282518d6ed81826833d77c3c882d9ab608add591ccace47a44?s=96&d=mm&r=g\",\"url\":\"https:\\\/\\\/secure.gravatar.com\\\/avatar\\\/bab33852abfd8b282518d6ed81826833d77c3c882d9ab608add591ccace47a44?s=96&d=mm&r=g\",\"contentUrl\":\"https:\\\/\\\/secure.gravatar.com\\\/avatar\\\/bab33852abfd8b282518d6ed81826833d77c3c882d9ab608add591ccace47a44?s=96&d=mm&r=g\",\"caption\":\"Kuzeyin Sesi\"},\"sameAs\":[\"https:\\\/\\\/kuzeyinsesi.org\"],\"url\":\"https:\\\/\\\/kuzeyinsesi.org\\\/index.php\\\/author\\\/guven\\\/\"}]}<\/script>\n<!-- \/ Yoast SEO plugin. -->","yoast_head_json":{"title":"Avrupa Birli\u011fi kay\u0131tlardaki en k\u00f6t\u00fc yang\u0131n sezonuyla kar\u015f\u0131 kar\u015f\u0131ya - Kuzeyin Sesi","robots":{"index":"index","follow":"follow","max-snippet":"max-snippet:-1","max-image-preview":"max-image-preview:large","max-video-preview":"max-video-preview:-1"},"canonical":"https:\/\/kuzeyinsesi.org\/index.php\/2025\/08\/28\/avrupa-birligi-kayitlardaki-en-kotu-yangin-sezonuyla-karsi-karsiya\/","og_locale":"tr_TR","og_type":"article","og_title":"Avrupa Birli\u011fi kay\u0131tlardaki en k\u00f6t\u00fc yang\u0131n sezonuyla kar\u015f\u0131 kar\u015f\u0131ya - Kuzeyin Sesi","og_description":"&#13; AB\u2019nin orman yang\u0131n\u0131 bilgi sistemine g\u00f6re (EFFIS), yang\u0131nlar\u0131n en \u00e7ok vurdu\u011fu b\u00f6lgeler \u0130spanya ve Portekiz oldu. &#13; \u0130spanya\u2019da 400 bin hektardan fazla alan yand\u0131. Bu, son 18 y\u0131l\u0131n ortalamas\u0131n\u0131n alt\u0131 kat\u0131. &#13; Portekiz\u2019de 270 bin hektar k\u00fcl oldu, bu da ortalaman\u0131n yakla\u015f\u0131k be\u015f kat\u0131. &#13; \u0130ki \u00fclke toplamda 684 bin hektar kay\u0131p ya\u015fad\u0131. Bu, [&hellip;]","og_url":"https:\/\/kuzeyinsesi.org\/index.php\/2025\/08\/28\/avrupa-birligi-kayitlardaki-en-kotu-yangin-sezonuyla-karsi-karsiya\/","og_site_name":"Kuzeyin Sesi","article_publisher":"https:\/\/www.facebook.com\/kuzeyinsesii","article_published_time":"2025-08-28T06:29:19+00:00","og_image":[{"url":"https:\/\/trthaberstatic.cdn.wp.trt.com.tr\/resimler\/2388000\/orman-yangini-karaman-dha-2388867.jpg","type":"","width":"","height":""}],"author":"Kuzeyin Sesi","twitter_card":"summary_large_image","twitter_creator":"@kuzeyinsesii","twitter_site":"@kuzeyinsesii","twitter_misc":{"Yazan:":"Kuzeyin Sesi","Tahmini okuma s\u00fcresi":"2 dakika"},"schema":{"@context":"https:\/\/schema.org","@graph":[{"@type":"Article","@id":"https:\/\/kuzeyinsesi.org\/index.php\/2025\/08\/28\/avrupa-birligi-kayitlardaki-en-kotu-yangin-sezonuyla-karsi-karsiya\/#article","isPartOf":{"@id":"https:\/\/kuzeyinsesi.org\/index.php\/2025\/08\/28\/avrupa-birligi-kayitlardaki-en-kotu-yangin-sezonuyla-karsi-karsiya\/"},"author":{"name":"Kuzeyin Sesi","@id":"https:\/\/kuzeyinsesi.org\/#\/schema\/person\/9f859689cdf01485597712386e37f5aa"},"headline":"Avrupa Birli\u011fi kay\u0131tlardaki en k\u00f6t\u00fc yang\u0131n sezonuyla kar\u015f\u0131 kar\u015f\u0131ya","datePublished":"2025-08-28T06:29:19+00:00","mainEntityOfPage":{"@id":"https:\/\/kuzeyinsesi.org\/index.php\/2025\/08\/28\/avrupa-birligi-kayitlardaki-en-kotu-yangin-sezonuyla-karsi-karsiya\/"},"wordCount":433,"commentCount":0,"image":{"@id":"https:\/\/kuzeyinsesi.org\/index.php\/2025\/08\/28\/avrupa-birligi-kayitlardaki-en-kotu-yangin-sezonuyla-karsi-karsiya\/#primaryimage"},"thumbnailUrl":"https:\/\/kuzeyinsesi.org\/wp-content\/uploads\/2025\/08\/orman-yangini-karaman-dha-2388867.jpg","articleSection":["D\u00fcnya"],"inLanguage":"tr","potentialAction":[{"@type":"CommentAction","name":"Comment","target":["https:\/\/kuzeyinsesi.org\/index.php\/2025\/08\/28\/avrupa-birligi-kayitlardaki-en-kotu-yangin-sezonuyla-karsi-karsiya\/#respond"]}]},{"@type":"WebPage","@id":"https:\/\/kuzeyinsesi.org\/index.php\/2025\/08\/28\/avrupa-birligi-kayitlardaki-en-kotu-yangin-sezonuyla-karsi-karsiya\/","url":"https:\/\/kuzeyinsesi.org\/index.php\/2025\/08\/28\/avrupa-birligi-kayitlardaki-en-kotu-yangin-sezonuyla-karsi-karsiya\/","name":"Avrupa Birli\u011fi kay\u0131tlardaki en k\u00f6t\u00fc yang\u0131n sezonuyla kar\u015f\u0131 kar\u015f\u0131ya - Kuzeyin Sesi","isPartOf":{"@id":"https:\/\/kuzeyinsesi.org\/#website"},"primaryImageOfPage":{"@id":"https:\/\/kuzeyinsesi.org\/index.php\/2025\/08\/28\/avrupa-birligi-kayitlardaki-en-kotu-yangin-sezonuyla-karsi-karsiya\/#primaryimage"},"image":{"@id":"https:\/\/kuzeyinsesi.org\/index.php\/2025\/08\/28\/avrupa-birligi-kayitlardaki-en-kotu-yangin-sezonuyla-karsi-karsiya\/#primaryimage"},"thumbnailUrl":"https:\/\/kuzeyinsesi.org\/wp-content\/uploads\/2025\/08\/orman-yangini-karaman-dha-2388867.jpg","datePublished":"2025-08-28T06:29:19+00:00","author":{"@id":"https:\/\/kuzeyinsesi.org\/#\/schema\/person\/9f859689cdf01485597712386e37f5aa"},"breadcrumb":{"@id":"https:\/\/kuzeyinsesi.org\/index.php\/2025\/08\/28\/avrupa-birligi-kayitlardaki-en-kotu-yangin-sezonuyla-karsi-karsiya\/#breadcrumb"},"inLanguage":"tr","potentialAction":[{"@type":"ReadAction","target":["https:\/\/kuzeyinsesi.org\/index.php\/2025\/08\/28\/avrupa-birligi-kayitlardaki-en-kotu-yangin-sezonuyla-karsi-karsiya\/"]}]},{"@type":"ImageObject","inLanguage":"tr","@id":"https:\/\/kuzeyinsesi.org\/index.php\/2025\/08\/28\/avrupa-birligi-kayitlardaki-en-kotu-yangin-sezonuyla-karsi-karsiya\/#primaryimage","url":"https:\/\/kuzeyinsesi.org\/wp-content\/uploads\/2025\/08\/orman-yangini-karaman-dha-2388867.jpg","contentUrl":"https:\/\/kuzeyinsesi.org\/wp-content\/uploads\/2025\/08\/orman-yangini-karaman-dha-2388867.jpg","width":1280,"height":720},{"@type":"BreadcrumbList","@id":"https:\/\/kuzeyinsesi.org\/index.php\/2025\/08\/28\/avrupa-birligi-kayitlardaki-en-kotu-yangin-sezonuyla-karsi-karsiya\/#breadcrumb","itemListElement":[{"@type":"ListItem","position":1,"name":"Anasayfa","item":"https:\/\/kuzeyinsesi.org\/"},{"@type":"ListItem","position":2,"name":"Avrupa Birli\u011fi kay\u0131tlardaki en k\u00f6t\u00fc yang\u0131n sezonuyla kar\u015f\u0131 kar\u015f\u0131ya"}]},{"@type":"WebSite","@id":"https:\/\/kuzeyinsesi.org\/#website","url":"https:\/\/kuzeyinsesi.org\/","name":"Kuzeyin Sesi","description":"Do\u011fru Haberin Adresi","potentialAction":[{"@type":"SearchAction","target":{"@type":"EntryPoint","urlTemplate":"https:\/\/kuzeyinsesi.org\/?s={search_term_string}"},"query-input":{"@type":"PropertyValueSpecification","valueRequired":true,"valueName":"search_term_string"}}],"inLanguage":"tr"},{"@type":"Person","@id":"https:\/\/kuzeyinsesi.org\/#\/schema\/person\/9f859689cdf01485597712386e37f5aa","name":"Kuzeyin Sesi","image":{"@type":"ImageObject","inLanguage":"tr","@id":"https:\/\/secure.gravatar.com\/avatar\/bab33852abfd8b282518d6ed81826833d77c3c882d9ab608add591ccace47a44?s=96&d=mm&r=g","url":"https:\/\/secure.gravatar.com\/avatar\/bab33852abfd8b282518d6ed81826833d77c3c882d9ab608add591ccace47a44?s=96&d=mm&r=g","contentUrl":"https:\/\/secure.gravatar.com\/avatar\/bab33852abfd8b282518d6ed81826833d77c3c882d9ab608add591ccace47a44?s=96&d=mm&r=g","caption":"Kuzeyin Sesi"},"sameAs":["https:\/\/kuzeyinsesi.org"],"url":"https:\/\/kuzeyinsesi.org\/index.php\/author\/guven\/"}]}},"_links":{"self":[{"href":"https:\/\/kuzeyinsesi.org\/index.php\/wp-json\/wp\/v2\/posts\/30829","targetHints":{"allow":["GET"]}}],"collection":[{"href":"https:\/\/kuzeyinsesi.org\/index.php\/wp-json\/wp\/v2\/posts"}],"about":[{"href":"https:\/\/kuzeyinsesi.org\/index.php\/wp-json\/wp\/v2\/types\/post"}],"author":[{"embeddable":true,"href":"https:\/\/kuzeyinsesi.org\/index.php\/wp-json\/wp\/v2\/users\/1"}],"replies":[{"embeddable":true,"href":"https:\/\/kuzeyinsesi.org\/index.php\/wp-json\/wp\/v2\/comments?post=30829"}],"version-history":[{"count":0,"href":"https:\/\/kuzeyinsesi.org\/index.php\/wp-json\/wp\/v2\/posts\/30829\/revisions"}],"wp:featuredmedia":[{"embeddable":true,"href":"https:\/\/kuzeyinsesi.org\/index.php\/wp-json\/wp\/v2\/media\/30830"}],"wp:attachment":[{"href":"https:\/\/kuzeyinsesi.org\/index.php\/wp-json\/wp\/v2\/media?parent=30829"}],"wp:term":[{"taxonomy":"category","embeddable":true,"href":"https:\/\/kuzeyinsesi.org\/index.php\/wp-json\/wp\/v2\/categories?post=30829"},{"taxonomy":"post_tag","embeddable":true,"href":"https:\/\/kuzeyinsesi.org\/index.php\/wp-json\/wp\/v2\/tags?post=30829"}],"curies":[{"name":"wp","href":"https:\/\/api.w.org\/{rel}","templated":true}]}}