{"id":30813,"date":"2025-08-28T00:40:46","date_gmt":"2025-08-27T21:40:46","guid":{"rendered":"https:\/\/kuzeyinsesi.org\/index.php\/2025\/08\/28\/filistin-israil-bati-seriayi-ilhak-cagrilariyla-islenen-suclara-acikca-siyasi-kilif-uyduruyor\/"},"modified":"2025-08-28T00:40:46","modified_gmt":"2025-08-27T21:40:46","slug":"filistin-israil-bati-seriayi-ilhak-cagrilariyla-islenen-suclara-acikca-siyasi-kilif-uyduruyor","status":"publish","type":"post","link":"https:\/\/kuzeyinsesi.org\/index.php\/2025\/08\/28\/filistin-israil-bati-seriayi-ilhak-cagrilariyla-islenen-suclara-acikca-siyasi-kilif-uyduruyor\/","title":{"rendered":"Filistin: \u0130srail, Bat\u0131 \u015eeria&#039;y\u0131 ilhak \u00e7a\u011fr\u0131lar\u0131yla i\u015flenen su\u00e7lara a\u00e7\u0131k\u00e7a siyasi k\u0131l\u0131f uyduruyor"},"content":{"rendered":"<p><\/p>\n<div>\n<p>&#13;<br \/>\n\tFilistin <a href=\"https:\/\/www.trthaber.com\/etiket\/disisleri-bakanligi\/\" target=\"_blank\">D\u0131\u015fi\u015fleri Bakanl\u0131\u011f\u0131<\/a> taraf\u0131ndan yap\u0131lan yaz\u0131l\u0131 a\u00e7\u0131klamada, Tel Aviv y\u00f6netiminden bakanlar\u0131n Bat\u0131 \u015eeria&#8217;n\u0131n ilhak edilmesi y\u00f6n\u00fcndeki a\u00e7\u0131klamalar\u0131na tepki g\u00f6sterildi.<\/p>\n<p>&#13;<br \/>\n\tBat\u0131 \u015eeria\u2019da \u0130srail&#8217;in &#8220;egemenlik sa\u011flamas\u0131 ve Filistin y\u00f6netiminin tasfiyesi&#8221; y\u00f6n\u00fcndeki a\u00e7\u0131klamalar\u0131n\u0131 k\u0131nayan Filistin y\u00f6netimi, bakanlar\u0131n &#8220;\u0130srail i\u015fgalinin tek tarafl\u0131 ve yasad\u0131\u015f\u0131 uygulamalar\u0131n\u0131 itiraf etti\u011fini&#8221; belirtti.<\/p>\n<p>&#13;<br \/>\n\tFilistin y\u00f6netimi, \u0130srailli yetkililerin a\u00e7\u0131klamalar\u0131yla &#8220;yerle\u015fimcilerin i\u015fledikleri su\u00e7lara a\u00e7\u0131k\u00e7a siyasi k\u0131l\u0131f uydurdu\u011funu ve bu sald\u0131r\u0131lar\u0131 art\u0131rmaya <a href=\"https:\/\/www.trthaber.com\/etiket\/tesvik\/\" target=\"_blank\">te\u015fvik<\/a> etti\u011fini&#8221; vurgulad\u0131.<\/p>\n<p>&#13;<br \/>\n\tA\u00e7\u0131klamada, &#8220;Bu a\u00e7\u0131klamalar, Bat\u0131 \u015eeria&#8217;da Filistinlilerin topraklar\u0131na, m\u00fclklerine ve kutsal mekanlar\u0131na y\u00f6nelik i\u015fgali me\u015frula\u015ft\u0131rmaya d\u00f6n\u00fck \u0131rk\u00e7\u0131 ve s\u00f6m\u00fcrgeci bir anlay\u0131\u015f\u0131 yans\u0131t\u0131yor.&#8221; ifadelerine yer verildi.<\/p>\n<p>&#13;<br \/>\n\tUluslararas\u0131 topluma \u00e7a\u011fr\u0131da bulunan Filistin y\u00f6netimi, Tel Aviv h\u00fck\u00fcmeti taraf\u0131ndan yap\u0131lan a\u00e7\u0131klamalar\u0131n &#8220;ciddiyetle de\u011ferlendirilmesi, uluslararas\u0131 hukukun gere\u011finin yap\u0131lmas\u0131 ve iki devletli \u00e7\u00f6z\u00fcm\u00fcn korunmas\u0131&#8221; gerekti\u011fini kaydetti.<\/p>\n<h2>&#13;<br \/>\n\tGazze&#8217;yi i\u015fgal ve Bat\u0131 \u015eeria&#8217;y\u0131 ilhak \u00e7a\u011fr\u0131s\u0131<\/h2>\n<p>&#13;<br \/>\n\t<a href=\"https:\/\/www.trthaber.com\/etiket\/israil\/\" target=\"_blank\">\u0130srail<\/a> <a href=\"https:\/\/www.trthaber.com\/etiket\/enerji\/\" target=\"_blank\">Enerji<\/a> Bakan\u0131 Eli Cohen, Kud\u00fcs&#8217;te yasad\u0131\u015f\u0131 yerle\u015fim birimlerine destek i\u00e7in d\u00fczenlenen konferansta yapt\u0131\u011f\u0131 konu\u015fmada, &#8220;\u00dcrd\u00fcn Nehri ile Akdeniz aras\u0131nda tek bir devlet olacak, o da Yahudi halk\u0131n\u0131n devleti olacak.&#8221; ifadelerini kulland\u0131.<\/p>\n<p>&#13;<br \/>\n\tCohen, <a href=\"https:\/\/www.trthaber.com\/etiket\/abd\/\" target=\"_blank\">ABD<\/a> Ba\u015fkan\u0131 Donald Trump\u2019\u0131n g\u00f6rev s\u00fcresinde &#8220;Bat\u0131 \u015eeria&#8217;da egemenlik ilan edilmesi&#8221; gerekti\u011fini belirtti.<\/p>\n<p>&#13;<br \/>\n\t\u0130srail K\u00fclt\u00fcr ve Spor Bakan\u0131 Miki Zohar ise ayn\u0131 etkinlikte, yerle\u015fimlerin geni\u015fletilmesinin yan\u0131 s\u0131ra Bat\u0131 \u015eeria&#8217;da \u0130srail egemenli\u011fi sa\u011flanmas\u0131 \u00e7a\u011fr\u0131s\u0131nda bulunarak, &#8220;Egemenli\u011fi uygulad\u0131\u011f\u0131m\u0131zda ger\u00e7ek bir \u015fey ba\u015farm\u0131\u015f olaca\u011f\u0131z.&#8221; ifadelerini kulland\u0131.<\/p>\n<p>&#13;<br \/>\n\t\u0130srail Ba\u015fbakan\u0131 Binyamin <a href=\"https:\/\/www.trthaber.com\/etiket\/netanyahu\/\" target=\"_blank\">Netanyahu<\/a> ise d\u00fcn i\u015fgal alt\u0131ndaki Bat\u0131 \u015eeria&#8217;da 17 yeni yerle\u015fim biriminin in\u015fas\u0131na onay verilmesi dolay\u0131s\u0131yla d\u00fczenlenen t\u00f6rende Bat\u0131 \u015eeria&#8217;da egemenlik kurmaya her zamankinden daha yak\u0131n olduklar\u0131 y\u00f6n\u00fcnde a\u00e7\u0131klamalarda bulunmu\u015ftu.<\/p>\n<\/p><\/div>\n","protected":false},"excerpt":{"rendered":"<p>&#13; Filistin D\u0131\u015fi\u015fleri Bakanl\u0131\u011f\u0131 taraf\u0131ndan yap\u0131lan yaz\u0131l\u0131 a\u00e7\u0131klamada, Tel Aviv y\u00f6netiminden bakanlar\u0131n Bat\u0131 \u015eeria&#8217;n\u0131n ilhak edilmesi y\u00f6n\u00fcndeki a\u00e7\u0131klamalar\u0131na tepki g\u00f6sterildi. &#13; Bat\u0131 \u015eeria\u2019da \u0130srail&#8217;in &#8220;egemenlik sa\u011flamas\u0131 ve Filistin y\u00f6netiminin tasfiyesi&#8221; y\u00f6n\u00fcndeki a\u00e7\u0131klamalar\u0131n\u0131 k\u0131nayan Filistin y\u00f6netimi, bakanlar\u0131n &#8220;\u0130srail i\u015fgalinin tek tarafl\u0131 ve yasad\u0131\u015f\u0131 uygulamalar\u0131n\u0131 itiraf etti\u011fini&#8221; belirtti. &#13; Filistin y\u00f6netimi, \u0130srailli yetkililerin a\u00e7\u0131klamalar\u0131yla &#8220;yerle\u015fimcilerin i\u015fledikleri su\u00e7lara [&hellip;]<\/p>\n","protected":false},"author":1,"featured_media":30814,"comment_status":"open","ping_status":"open","sticky":false,"template":"","format":"standard","meta":{"jnews-multi-image_gallery":[],"jnews_single_post":[],"jnews_primary_category":[],"jnews_social_meta":[],"jnews_override_counter":[],"footnotes":""},"categories":[2],"tags":[],"class_list":["post-30813","post","type-post","status-publish","format-standard","has-post-thumbnail","hentry","category-dunya"],"yoast_head":"<!-- This site is optimized with the Yoast SEO plugin v27.5 - https:\/\/yoast.com\/product\/yoast-seo-wordpress\/ -->\n<title>Filistin: \u0130srail, Bat\u0131 \u015eeria&#039;y\u0131 ilhak \u00e7a\u011fr\u0131lar\u0131yla i\u015flenen su\u00e7lara a\u00e7\u0131k\u00e7a siyasi k\u0131l\u0131f uyduruyor - Kuzeyin Sesi<\/title>\n<meta name=\"robots\" content=\"index, follow, max-snippet:-1, max-image-preview:large, max-video-preview:-1\" \/>\n<link rel=\"canonical\" href=\"https:\/\/kuzeyinsesi.org\/index.php\/2025\/08\/28\/filistin-israil-bati-seriayi-ilhak-cagrilariyla-islenen-suclara-acikca-siyasi-kilif-uyduruyor\/\" \/>\n<meta property=\"og:locale\" content=\"tr_TR\" \/>\n<meta property=\"og:type\" content=\"article\" \/>\n<meta property=\"og:title\" content=\"Filistin: \u0130srail, Bat\u0131 \u015eeria&#039;y\u0131 ilhak \u00e7a\u011fr\u0131lar\u0131yla i\u015flenen su\u00e7lara a\u00e7\u0131k\u00e7a siyasi k\u0131l\u0131f uyduruyor - Kuzeyin Sesi\" \/>\n<meta property=\"og:description\" content=\"&#013; Filistin D\u0131\u015fi\u015fleri Bakanl\u0131\u011f\u0131 taraf\u0131ndan yap\u0131lan yaz\u0131l\u0131 a\u00e7\u0131klamada, Tel Aviv y\u00f6netiminden bakanlar\u0131n Bat\u0131 \u015eeria&#8217;n\u0131n ilhak edilmesi y\u00f6n\u00fcndeki a\u00e7\u0131klamalar\u0131na tepki g\u00f6sterildi. &#013; Bat\u0131 \u015eeria\u2019da \u0130srail&#8217;in &#8220;egemenlik sa\u011flamas\u0131 ve Filistin y\u00f6netiminin tasfiyesi&#8221; y\u00f6n\u00fcndeki a\u00e7\u0131klamalar\u0131n\u0131 k\u0131nayan Filistin y\u00f6netimi, bakanlar\u0131n &#8220;\u0130srail i\u015fgalinin tek tarafl\u0131 ve yasad\u0131\u015f\u0131 uygulamalar\u0131n\u0131 itiraf etti\u011fini&#8221; belirtti. &#013; Filistin y\u00f6netimi, \u0130srailli yetkililerin a\u00e7\u0131klamalar\u0131yla &#8220;yerle\u015fimcilerin i\u015fledikleri su\u00e7lara [&hellip;]\" \/>\n<meta property=\"og:url\" content=\"https:\/\/kuzeyinsesi.org\/index.php\/2025\/08\/28\/filistin-israil-bati-seriayi-ilhak-cagrilariyla-islenen-suclara-acikca-siyasi-kilif-uyduruyor\/\" \/>\n<meta property=\"og:site_name\" content=\"Kuzeyin Sesi\" \/>\n<meta property=\"article:publisher\" content=\"https:\/\/www.facebook.com\/kuzeyinsesii\" \/>\n<meta property=\"article:published_time\" content=\"2025-08-27T21:40:46+00:00\" \/>\n<meta property=\"og:image\" content=\"https:\/\/trthaberstatic.cdn.wp.trt.com.tr\/resimler\/2390000\/israil-isgal-bati-seria-2390586.jpg\" \/>\n<meta name=\"author\" content=\"Kuzeyin Sesi\" \/>\n<meta name=\"twitter:card\" content=\"summary_large_image\" \/>\n<meta name=\"twitter:creator\" content=\"@kuzeyinsesii\" \/>\n<meta name=\"twitter:site\" content=\"@kuzeyinsesii\" \/>\n<meta name=\"twitter:label1\" content=\"Yazan:\" \/>\n\t<meta name=\"twitter:data1\" content=\"Kuzeyin Sesi\" \/>\n\t<meta name=\"twitter:label2\" content=\"Tahmini okuma s\u00fcresi\" \/>\n\t<meta name=\"twitter:data2\" content=\"2 dakika\" \/>\n<script type=\"application\/ld+json\" class=\"yoast-schema-graph\">{\"@context\":\"https:\\\/\\\/schema.org\",\"@graph\":[{\"@type\":\"Article\",\"@id\":\"https:\\\/\\\/kuzeyinsesi.org\\\/index.php\\\/2025\\\/08\\\/28\\\/filistin-israil-bati-seriayi-ilhak-cagrilariyla-islenen-suclara-acikca-siyasi-kilif-uyduruyor\\\/#article\",\"isPartOf\":{\"@id\":\"https:\\\/\\\/kuzeyinsesi.org\\\/index.php\\\/2025\\\/08\\\/28\\\/filistin-israil-bati-seriayi-ilhak-cagrilariyla-islenen-suclara-acikca-siyasi-kilif-uyduruyor\\\/\"},\"author\":{\"name\":\"Kuzeyin Sesi\",\"@id\":\"https:\\\/\\\/kuzeyinsesi.org\\\/#\\\/schema\\\/person\\\/9f859689cdf01485597712386e37f5aa\"},\"headline\":\"Filistin: \u0130srail, Bat\u0131 \u015eeria&#039;y\u0131 ilhak \u00e7a\u011fr\u0131lar\u0131yla i\u015flenen su\u00e7lara a\u00e7\u0131k\u00e7a siyasi k\u0131l\u0131f uyduruyor\",\"datePublished\":\"2025-08-27T21:40:46+00:00\",\"mainEntityOfPage\":{\"@id\":\"https:\\\/\\\/kuzeyinsesi.org\\\/index.php\\\/2025\\\/08\\\/28\\\/filistin-israil-bati-seriayi-ilhak-cagrilariyla-islenen-suclara-acikca-siyasi-kilif-uyduruyor\\\/\"},\"wordCount\":381,\"commentCount\":0,\"image\":{\"@id\":\"https:\\\/\\\/kuzeyinsesi.org\\\/index.php\\\/2025\\\/08\\\/28\\\/filistin-israil-bati-seriayi-ilhak-cagrilariyla-islenen-suclara-acikca-siyasi-kilif-uyduruyor\\\/#primaryimage\"},\"thumbnailUrl\":\"https:\\\/\\\/kuzeyinsesi.org\\\/wp-content\\\/uploads\\\/2025\\\/08\\\/israil-isgal-bati-seria-2390586.jpg\",\"articleSection\":[\"D\u00fcnya\"],\"inLanguage\":\"tr\",\"potentialAction\":[{\"@type\":\"CommentAction\",\"name\":\"Comment\",\"target\":[\"https:\\\/\\\/kuzeyinsesi.org\\\/index.php\\\/2025\\\/08\\\/28\\\/filistin-israil-bati-seriayi-ilhak-cagrilariyla-islenen-suclara-acikca-siyasi-kilif-uyduruyor\\\/#respond\"]}]},{\"@type\":\"WebPage\",\"@id\":\"https:\\\/\\\/kuzeyinsesi.org\\\/index.php\\\/2025\\\/08\\\/28\\\/filistin-israil-bati-seriayi-ilhak-cagrilariyla-islenen-suclara-acikca-siyasi-kilif-uyduruyor\\\/\",\"url\":\"https:\\\/\\\/kuzeyinsesi.org\\\/index.php\\\/2025\\\/08\\\/28\\\/filistin-israil-bati-seriayi-ilhak-cagrilariyla-islenen-suclara-acikca-siyasi-kilif-uyduruyor\\\/\",\"name\":\"Filistin: \u0130srail, Bat\u0131 \u015eeria&#039;y\u0131 ilhak \u00e7a\u011fr\u0131lar\u0131yla i\u015flenen su\u00e7lara a\u00e7\u0131k\u00e7a siyasi k\u0131l\u0131f uyduruyor - Kuzeyin Sesi\",\"isPartOf\":{\"@id\":\"https:\\\/\\\/kuzeyinsesi.org\\\/#website\"},\"primaryImageOfPage\":{\"@id\":\"https:\\\/\\\/kuzeyinsesi.org\\\/index.php\\\/2025\\\/08\\\/28\\\/filistin-israil-bati-seriayi-ilhak-cagrilariyla-islenen-suclara-acikca-siyasi-kilif-uyduruyor\\\/#primaryimage\"},\"image\":{\"@id\":\"https:\\\/\\\/kuzeyinsesi.org\\\/index.php\\\/2025\\\/08\\\/28\\\/filistin-israil-bati-seriayi-ilhak-cagrilariyla-islenen-suclara-acikca-siyasi-kilif-uyduruyor\\\/#primaryimage\"},\"thumbnailUrl\":\"https:\\\/\\\/kuzeyinsesi.org\\\/wp-content\\\/uploads\\\/2025\\\/08\\\/israil-isgal-bati-seria-2390586.jpg\",\"datePublished\":\"2025-08-27T21:40:46+00:00\",\"author\":{\"@id\":\"https:\\\/\\\/kuzeyinsesi.org\\\/#\\\/schema\\\/person\\\/9f859689cdf01485597712386e37f5aa\"},\"breadcrumb\":{\"@id\":\"https:\\\/\\\/kuzeyinsesi.org\\\/index.php\\\/2025\\\/08\\\/28\\\/filistin-israil-bati-seriayi-ilhak-cagrilariyla-islenen-suclara-acikca-siyasi-kilif-uyduruyor\\\/#breadcrumb\"},\"inLanguage\":\"tr\",\"potentialAction\":[{\"@type\":\"ReadAction\",\"target\":[\"https:\\\/\\\/kuzeyinsesi.org\\\/index.php\\\/2025\\\/08\\\/28\\\/filistin-israil-bati-seriayi-ilhak-cagrilariyla-islenen-suclara-acikca-siyasi-kilif-uyduruyor\\\/\"]}]},{\"@type\":\"ImageObject\",\"inLanguage\":\"tr\",\"@id\":\"https:\\\/\\\/kuzeyinsesi.org\\\/index.php\\\/2025\\\/08\\\/28\\\/filistin-israil-bati-seriayi-ilhak-cagrilariyla-islenen-suclara-acikca-siyasi-kilif-uyduruyor\\\/#primaryimage\",\"url\":\"https:\\\/\\\/kuzeyinsesi.org\\\/wp-content\\\/uploads\\\/2025\\\/08\\\/israil-isgal-bati-seria-2390586.jpg\",\"contentUrl\":\"https:\\\/\\\/kuzeyinsesi.org\\\/wp-content\\\/uploads\\\/2025\\\/08\\\/israil-isgal-bati-seria-2390586.jpg\",\"width\":1280,\"height\":720},{\"@type\":\"BreadcrumbList\",\"@id\":\"https:\\\/\\\/kuzeyinsesi.org\\\/index.php\\\/2025\\\/08\\\/28\\\/filistin-israil-bati-seriayi-ilhak-cagrilariyla-islenen-suclara-acikca-siyasi-kilif-uyduruyor\\\/#breadcrumb\",\"itemListElement\":[{\"@type\":\"ListItem\",\"position\":1,\"name\":\"Anasayfa\",\"item\":\"https:\\\/\\\/kuzeyinsesi.org\\\/\"},{\"@type\":\"ListItem\",\"position\":2,\"name\":\"Filistin: \u0130srail, Bat\u0131 \u015eeria&#039;y\u0131 ilhak \u00e7a\u011fr\u0131lar\u0131yla i\u015flenen su\u00e7lara a\u00e7\u0131k\u00e7a siyasi k\u0131l\u0131f uyduruyor\"}]},{\"@type\":\"WebSite\",\"@id\":\"https:\\\/\\\/kuzeyinsesi.org\\\/#website\",\"url\":\"https:\\\/\\\/kuzeyinsesi.org\\\/\",\"name\":\"Kuzeyin Sesi\",\"description\":\"Do\u011fru Haberin Adresi\",\"potentialAction\":[{\"@type\":\"SearchAction\",\"target\":{\"@type\":\"EntryPoint\",\"urlTemplate\":\"https:\\\/\\\/kuzeyinsesi.org\\\/?s={search_term_string}\"},\"query-input\":{\"@type\":\"PropertyValueSpecification\",\"valueRequired\":true,\"valueName\":\"search_term_string\"}}],\"inLanguage\":\"tr\"},{\"@type\":\"Person\",\"@id\":\"https:\\\/\\\/kuzeyinsesi.org\\\/#\\\/schema\\\/person\\\/9f859689cdf01485597712386e37f5aa\",\"name\":\"Kuzeyin Sesi\",\"image\":{\"@type\":\"ImageObject\",\"inLanguage\":\"tr\",\"@id\":\"https:\\\/\\\/secure.gravatar.com\\\/avatar\\\/bab33852abfd8b282518d6ed81826833d77c3c882d9ab608add591ccace47a44?s=96&d=mm&r=g\",\"url\":\"https:\\\/\\\/secure.gravatar.com\\\/avatar\\\/bab33852abfd8b282518d6ed81826833d77c3c882d9ab608add591ccace47a44?s=96&d=mm&r=g\",\"contentUrl\":\"https:\\\/\\\/secure.gravatar.com\\\/avatar\\\/bab33852abfd8b282518d6ed81826833d77c3c882d9ab608add591ccace47a44?s=96&d=mm&r=g\",\"caption\":\"Kuzeyin Sesi\"},\"sameAs\":[\"https:\\\/\\\/kuzeyinsesi.org\"],\"url\":\"https:\\\/\\\/kuzeyinsesi.org\\\/index.php\\\/author\\\/guven\\\/\"}]}<\/script>\n<!-- \/ Yoast SEO plugin. -->","yoast_head_json":{"title":"Filistin: \u0130srail, Bat\u0131 \u015eeria&#039;y\u0131 ilhak \u00e7a\u011fr\u0131lar\u0131yla i\u015flenen su\u00e7lara a\u00e7\u0131k\u00e7a siyasi k\u0131l\u0131f uyduruyor - Kuzeyin Sesi","robots":{"index":"index","follow":"follow","max-snippet":"max-snippet:-1","max-image-preview":"max-image-preview:large","max-video-preview":"max-video-preview:-1"},"canonical":"https:\/\/kuzeyinsesi.org\/index.php\/2025\/08\/28\/filistin-israil-bati-seriayi-ilhak-cagrilariyla-islenen-suclara-acikca-siyasi-kilif-uyduruyor\/","og_locale":"tr_TR","og_type":"article","og_title":"Filistin: \u0130srail, Bat\u0131 \u015eeria&#039;y\u0131 ilhak \u00e7a\u011fr\u0131lar\u0131yla i\u015flenen su\u00e7lara a\u00e7\u0131k\u00e7a siyasi k\u0131l\u0131f uyduruyor - Kuzeyin Sesi","og_description":"&#13; Filistin D\u0131\u015fi\u015fleri Bakanl\u0131\u011f\u0131 taraf\u0131ndan yap\u0131lan yaz\u0131l\u0131 a\u00e7\u0131klamada, Tel Aviv y\u00f6netiminden bakanlar\u0131n Bat\u0131 \u015eeria&#8217;n\u0131n ilhak edilmesi y\u00f6n\u00fcndeki a\u00e7\u0131klamalar\u0131na tepki g\u00f6sterildi. &#13; Bat\u0131 \u015eeria\u2019da \u0130srail&#8217;in &#8220;egemenlik sa\u011flamas\u0131 ve Filistin y\u00f6netiminin tasfiyesi&#8221; y\u00f6n\u00fcndeki a\u00e7\u0131klamalar\u0131n\u0131 k\u0131nayan Filistin y\u00f6netimi, bakanlar\u0131n &#8220;\u0130srail i\u015fgalinin tek tarafl\u0131 ve yasad\u0131\u015f\u0131 uygulamalar\u0131n\u0131 itiraf etti\u011fini&#8221; belirtti. &#13; Filistin y\u00f6netimi, \u0130srailli yetkililerin a\u00e7\u0131klamalar\u0131yla &#8220;yerle\u015fimcilerin i\u015fledikleri su\u00e7lara [&hellip;]","og_url":"https:\/\/kuzeyinsesi.org\/index.php\/2025\/08\/28\/filistin-israil-bati-seriayi-ilhak-cagrilariyla-islenen-suclara-acikca-siyasi-kilif-uyduruyor\/","og_site_name":"Kuzeyin Sesi","article_publisher":"https:\/\/www.facebook.com\/kuzeyinsesii","article_published_time":"2025-08-27T21:40:46+00:00","og_image":[{"url":"https:\/\/trthaberstatic.cdn.wp.trt.com.tr\/resimler\/2390000\/israil-isgal-bati-seria-2390586.jpg","type":"","width":"","height":""}],"author":"Kuzeyin Sesi","twitter_card":"summary_large_image","twitter_creator":"@kuzeyinsesii","twitter_site":"@kuzeyinsesii","twitter_misc":{"Yazan:":"Kuzeyin Sesi","Tahmini okuma s\u00fcresi":"2 dakika"},"schema":{"@context":"https:\/\/schema.org","@graph":[{"@type":"Article","@id":"https:\/\/kuzeyinsesi.org\/index.php\/2025\/08\/28\/filistin-israil-bati-seriayi-ilhak-cagrilariyla-islenen-suclara-acikca-siyasi-kilif-uyduruyor\/#article","isPartOf":{"@id":"https:\/\/kuzeyinsesi.org\/index.php\/2025\/08\/28\/filistin-israil-bati-seriayi-ilhak-cagrilariyla-islenen-suclara-acikca-siyasi-kilif-uyduruyor\/"},"author":{"name":"Kuzeyin Sesi","@id":"https:\/\/kuzeyinsesi.org\/#\/schema\/person\/9f859689cdf01485597712386e37f5aa"},"headline":"Filistin: \u0130srail, Bat\u0131 \u015eeria&#039;y\u0131 ilhak \u00e7a\u011fr\u0131lar\u0131yla i\u015flenen su\u00e7lara a\u00e7\u0131k\u00e7a siyasi k\u0131l\u0131f uyduruyor","datePublished":"2025-08-27T21:40:46+00:00","mainEntityOfPage":{"@id":"https:\/\/kuzeyinsesi.org\/index.php\/2025\/08\/28\/filistin-israil-bati-seriayi-ilhak-cagrilariyla-islenen-suclara-acikca-siyasi-kilif-uyduruyor\/"},"wordCount":381,"commentCount":0,"image":{"@id":"https:\/\/kuzeyinsesi.org\/index.php\/2025\/08\/28\/filistin-israil-bati-seriayi-ilhak-cagrilariyla-islenen-suclara-acikca-siyasi-kilif-uyduruyor\/#primaryimage"},"thumbnailUrl":"https:\/\/kuzeyinsesi.org\/wp-content\/uploads\/2025\/08\/israil-isgal-bati-seria-2390586.jpg","articleSection":["D\u00fcnya"],"inLanguage":"tr","potentialAction":[{"@type":"CommentAction","name":"Comment","target":["https:\/\/kuzeyinsesi.org\/index.php\/2025\/08\/28\/filistin-israil-bati-seriayi-ilhak-cagrilariyla-islenen-suclara-acikca-siyasi-kilif-uyduruyor\/#respond"]}]},{"@type":"WebPage","@id":"https:\/\/kuzeyinsesi.org\/index.php\/2025\/08\/28\/filistin-israil-bati-seriayi-ilhak-cagrilariyla-islenen-suclara-acikca-siyasi-kilif-uyduruyor\/","url":"https:\/\/kuzeyinsesi.org\/index.php\/2025\/08\/28\/filistin-israil-bati-seriayi-ilhak-cagrilariyla-islenen-suclara-acikca-siyasi-kilif-uyduruyor\/","name":"Filistin: \u0130srail, Bat\u0131 \u015eeria&#039;y\u0131 ilhak \u00e7a\u011fr\u0131lar\u0131yla i\u015flenen su\u00e7lara a\u00e7\u0131k\u00e7a siyasi k\u0131l\u0131f uyduruyor - Kuzeyin Sesi","isPartOf":{"@id":"https:\/\/kuzeyinsesi.org\/#website"},"primaryImageOfPage":{"@id":"https:\/\/kuzeyinsesi.org\/index.php\/2025\/08\/28\/filistin-israil-bati-seriayi-ilhak-cagrilariyla-islenen-suclara-acikca-siyasi-kilif-uyduruyor\/#primaryimage"},"image":{"@id":"https:\/\/kuzeyinsesi.org\/index.php\/2025\/08\/28\/filistin-israil-bati-seriayi-ilhak-cagrilariyla-islenen-suclara-acikca-siyasi-kilif-uyduruyor\/#primaryimage"},"thumbnailUrl":"https:\/\/kuzeyinsesi.org\/wp-content\/uploads\/2025\/08\/israil-isgal-bati-seria-2390586.jpg","datePublished":"2025-08-27T21:40:46+00:00","author":{"@id":"https:\/\/kuzeyinsesi.org\/#\/schema\/person\/9f859689cdf01485597712386e37f5aa"},"breadcrumb":{"@id":"https:\/\/kuzeyinsesi.org\/index.php\/2025\/08\/28\/filistin-israil-bati-seriayi-ilhak-cagrilariyla-islenen-suclara-acikca-siyasi-kilif-uyduruyor\/#breadcrumb"},"inLanguage":"tr","potentialAction":[{"@type":"ReadAction","target":["https:\/\/kuzeyinsesi.org\/index.php\/2025\/08\/28\/filistin-israil-bati-seriayi-ilhak-cagrilariyla-islenen-suclara-acikca-siyasi-kilif-uyduruyor\/"]}]},{"@type":"ImageObject","inLanguage":"tr","@id":"https:\/\/kuzeyinsesi.org\/index.php\/2025\/08\/28\/filistin-israil-bati-seriayi-ilhak-cagrilariyla-islenen-suclara-acikca-siyasi-kilif-uyduruyor\/#primaryimage","url":"https:\/\/kuzeyinsesi.org\/wp-content\/uploads\/2025\/08\/israil-isgal-bati-seria-2390586.jpg","contentUrl":"https:\/\/kuzeyinsesi.org\/wp-content\/uploads\/2025\/08\/israil-isgal-bati-seria-2390586.jpg","width":1280,"height":720},{"@type":"BreadcrumbList","@id":"https:\/\/kuzeyinsesi.org\/index.php\/2025\/08\/28\/filistin-israil-bati-seriayi-ilhak-cagrilariyla-islenen-suclara-acikca-siyasi-kilif-uyduruyor\/#breadcrumb","itemListElement":[{"@type":"ListItem","position":1,"name":"Anasayfa","item":"https:\/\/kuzeyinsesi.org\/"},{"@type":"ListItem","position":2,"name":"Filistin: \u0130srail, Bat\u0131 \u015eeria&#039;y\u0131 ilhak \u00e7a\u011fr\u0131lar\u0131yla i\u015flenen su\u00e7lara a\u00e7\u0131k\u00e7a siyasi k\u0131l\u0131f uyduruyor"}]},{"@type":"WebSite","@id":"https:\/\/kuzeyinsesi.org\/#website","url":"https:\/\/kuzeyinsesi.org\/","name":"Kuzeyin Sesi","description":"Do\u011fru Haberin Adresi","potentialAction":[{"@type":"SearchAction","target":{"@type":"EntryPoint","urlTemplate":"https:\/\/kuzeyinsesi.org\/?s={search_term_string}"},"query-input":{"@type":"PropertyValueSpecification","valueRequired":true,"valueName":"search_term_string"}}],"inLanguage":"tr"},{"@type":"Person","@id":"https:\/\/kuzeyinsesi.org\/#\/schema\/person\/9f859689cdf01485597712386e37f5aa","name":"Kuzeyin Sesi","image":{"@type":"ImageObject","inLanguage":"tr","@id":"https:\/\/secure.gravatar.com\/avatar\/bab33852abfd8b282518d6ed81826833d77c3c882d9ab608add591ccace47a44?s=96&d=mm&r=g","url":"https:\/\/secure.gravatar.com\/avatar\/bab33852abfd8b282518d6ed81826833d77c3c882d9ab608add591ccace47a44?s=96&d=mm&r=g","contentUrl":"https:\/\/secure.gravatar.com\/avatar\/bab33852abfd8b282518d6ed81826833d77c3c882d9ab608add591ccace47a44?s=96&d=mm&r=g","caption":"Kuzeyin Sesi"},"sameAs":["https:\/\/kuzeyinsesi.org"],"url":"https:\/\/kuzeyinsesi.org\/index.php\/author\/guven\/"}]}},"_links":{"self":[{"href":"https:\/\/kuzeyinsesi.org\/index.php\/wp-json\/wp\/v2\/posts\/30813","targetHints":{"allow":["GET"]}}],"collection":[{"href":"https:\/\/kuzeyinsesi.org\/index.php\/wp-json\/wp\/v2\/posts"}],"about":[{"href":"https:\/\/kuzeyinsesi.org\/index.php\/wp-json\/wp\/v2\/types\/post"}],"author":[{"embeddable":true,"href":"https:\/\/kuzeyinsesi.org\/index.php\/wp-json\/wp\/v2\/users\/1"}],"replies":[{"embeddable":true,"href":"https:\/\/kuzeyinsesi.org\/index.php\/wp-json\/wp\/v2\/comments?post=30813"}],"version-history":[{"count":0,"href":"https:\/\/kuzeyinsesi.org\/index.php\/wp-json\/wp\/v2\/posts\/30813\/revisions"}],"wp:featuredmedia":[{"embeddable":true,"href":"https:\/\/kuzeyinsesi.org\/index.php\/wp-json\/wp\/v2\/media\/30814"}],"wp:attachment":[{"href":"https:\/\/kuzeyinsesi.org\/index.php\/wp-json\/wp\/v2\/media?parent=30813"}],"wp:term":[{"taxonomy":"category","embeddable":true,"href":"https:\/\/kuzeyinsesi.org\/index.php\/wp-json\/wp\/v2\/categories?post=30813"},{"taxonomy":"post_tag","embeddable":true,"href":"https:\/\/kuzeyinsesi.org\/index.php\/wp-json\/wp\/v2\/tags?post=30813"}],"curies":[{"name":"wp","href":"https:\/\/api.w.org\/{rel}","templated":true}]}}