{"id":30660,"date":"2025-08-25T14:11:30","date_gmt":"2025-08-25T11:11:30","guid":{"rendered":"https:\/\/kuzeyinsesi.org\/index.php\/2025\/08\/25\/abdde-ilk-kez-bir-insanda-yeni-dunya-vida-kurdu-sinegi-vakasi-tespit-edildi\/"},"modified":"2025-08-25T14:11:30","modified_gmt":"2025-08-25T11:11:30","slug":"abdde-ilk-kez-bir-insanda-yeni-dunya-vida-kurdu-sinegi-vakasi-tespit-edildi","status":"publish","type":"post","link":"https:\/\/kuzeyinsesi.org\/index.php\/2025\/08\/25\/abdde-ilk-kez-bir-insanda-yeni-dunya-vida-kurdu-sinegi-vakasi-tespit-edildi\/","title":{"rendered":"ABD&#039;de ilk kez bir insanda Yeni D\u00fcnya vida kurdu sine\u011fi vakas\u0131 tespit edildi"},"content":{"rendered":"<p><\/p>\n<div>\n<p>&#13;<br \/>\n\t<a href=\"https:\/\/www.trthaber.com\/etiket\/abd\/\" target=\"_blank\">ABD<\/a> Sa\u011fl\u0131k ve \u0130nsan Hizmetleri Bakanl\u0131\u011f\u0131 (HHS) S\u00f6zc\u00fcs\u00fc Andrew Nixon, konuya ili\u015fkin Axios&#8217;a a\u00e7\u0131klama yapt\u0131.<\/p>\n<p>&#13;<br \/>\n\tNixon, &#8220;Bu, salg\u0131ndan etkilenen bir \u00fclkeden geldi\u011fi belirlenen ve ABD&#8217;de g\u00f6r\u00fclen ilk seyahat kaynakl\u0131 Yeni D\u00fcnya vida kurdu sine\u011fi vakas\u0131d\u0131r.&#8221; ifadesini kulland\u0131.<\/p>\n<p>&#13;<br \/>\n\tEl Salvador&#8217;dan Maryland&#8217;e d\u00f6nen ki\u015fide bu hastal\u0131\u011f\u0131n tespit edildi\u011fi bilgisini veren Nixon, ayr\u0131ca bu vakadan kaynaklanan halk sa\u011fl\u0131\u011f\u0131 riskinin &#8220;\u00e7ok d\u00fc\u015f\u00fck&#8221; oldu\u011funu belirtti.<\/p>\n<p>&#13;<br \/>\n\tYeni D\u00fcnya vida kurdu sine\u011fi, Amerika k\u0131tas\u0131na \u00f6zg\u00fc ve a\u00e7\u0131k yaralara larva b\u0131rakarak canl\u0131 dokuyu yiyen parazitik sinek t\u00fcr\u00fc olarak biliniyor.<\/p>\n<p>&#13;<br \/>\n\tABD, 1960&#8217;larda vida kurdu sine\u011fi pop\u00fclasyonunu ortadan kald\u0131rm\u0131\u015f, 2017&#8217;de ise Florida&#8217;da hayvanlardaki k\u00fc\u00e7\u00fck salg\u0131n ba\u015far\u0131yla kontrol alt\u0131na al\u0131nm\u0131\u015ft\u0131.<\/p>\n<\/p><\/div>\n","protected":false},"excerpt":{"rendered":"<p>&#13; ABD Sa\u011fl\u0131k ve \u0130nsan Hizmetleri Bakanl\u0131\u011f\u0131 (HHS) S\u00f6zc\u00fcs\u00fc Andrew Nixon, konuya ili\u015fkin Axios&#8217;a a\u00e7\u0131klama yapt\u0131. &#13; Nixon, &#8220;Bu, salg\u0131ndan etkilenen bir \u00fclkeden geldi\u011fi belirlenen ve ABD&#8217;de g\u00f6r\u00fclen ilk seyahat kaynakl\u0131 Yeni D\u00fcnya vida kurdu sine\u011fi vakas\u0131d\u0131r.&#8221; ifadesini kulland\u0131. &#13; El Salvador&#8217;dan Maryland&#8217;e d\u00f6nen ki\u015fide bu hastal\u0131\u011f\u0131n tespit edildi\u011fi bilgisini veren Nixon, ayr\u0131ca bu vakadan [&hellip;]<\/p>\n","protected":false},"author":1,"featured_media":30661,"comment_status":"open","ping_status":"open","sticky":false,"template":"","format":"standard","meta":{"jnews-multi-image_gallery":[],"jnews_single_post":[],"jnews_primary_category":[],"jnews_social_meta":[],"jnews_override_counter":[],"footnotes":""},"categories":[2],"tags":[],"class_list":["post-30660","post","type-post","status-publish","format-standard","has-post-thumbnail","hentry","category-dunya"],"yoast_head":"<!-- This site is optimized with the Yoast SEO plugin v27.5 - https:\/\/yoast.com\/product\/yoast-seo-wordpress\/ -->\n<title>ABD&#039;de ilk kez bir insanda Yeni D\u00fcnya vida kurdu sine\u011fi vakas\u0131 tespit edildi - Kuzeyin Sesi<\/title>\n<meta name=\"robots\" content=\"index, follow, max-snippet:-1, max-image-preview:large, max-video-preview:-1\" \/>\n<link rel=\"canonical\" href=\"https:\/\/kuzeyinsesi.org\/index.php\/2025\/08\/25\/abdde-ilk-kez-bir-insanda-yeni-dunya-vida-kurdu-sinegi-vakasi-tespit-edildi\/\" \/>\n<meta property=\"og:locale\" content=\"tr_TR\" \/>\n<meta property=\"og:type\" content=\"article\" \/>\n<meta property=\"og:title\" content=\"ABD&#039;de ilk kez bir insanda Yeni D\u00fcnya vida kurdu sine\u011fi vakas\u0131 tespit edildi - Kuzeyin Sesi\" \/>\n<meta property=\"og:description\" content=\"&#013; ABD Sa\u011fl\u0131k ve \u0130nsan Hizmetleri Bakanl\u0131\u011f\u0131 (HHS) S\u00f6zc\u00fcs\u00fc Andrew Nixon, konuya ili\u015fkin Axios&#8217;a a\u00e7\u0131klama yapt\u0131. &#013; Nixon, &#8220;Bu, salg\u0131ndan etkilenen bir \u00fclkeden geldi\u011fi belirlenen ve ABD&#8217;de g\u00f6r\u00fclen ilk seyahat kaynakl\u0131 Yeni D\u00fcnya vida kurdu sine\u011fi vakas\u0131d\u0131r.&#8221; ifadesini kulland\u0131. &#013; El Salvador&#8217;dan Maryland&#8217;e d\u00f6nen ki\u015fide bu hastal\u0131\u011f\u0131n tespit edildi\u011fi bilgisini veren Nixon, ayr\u0131ca bu vakadan [&hellip;]\" \/>\n<meta property=\"og:url\" content=\"https:\/\/kuzeyinsesi.org\/index.php\/2025\/08\/25\/abdde-ilk-kez-bir-insanda-yeni-dunya-vida-kurdu-sinegi-vakasi-tespit-edildi\/\" \/>\n<meta property=\"og:site_name\" content=\"Kuzeyin Sesi\" \/>\n<meta property=\"article:publisher\" content=\"https:\/\/www.facebook.com\/kuzeyinsesii\" \/>\n<meta property=\"article:published_time\" content=\"2025-08-25T11:11:30+00:00\" \/>\n<meta property=\"og:image\" content=\"https:\/\/trthaberstatic.cdn.wp.trt.com.tr\/resimler\/1914000\/sivrisinek-aa-1915799.jpg\" \/>\n<meta name=\"author\" content=\"Kuzeyin Sesi\" \/>\n<meta name=\"twitter:card\" content=\"summary_large_image\" \/>\n<meta name=\"twitter:creator\" content=\"@kuzeyinsesii\" \/>\n<meta name=\"twitter:site\" content=\"@kuzeyinsesii\" \/>\n<meta name=\"twitter:label1\" content=\"Yazan:\" \/>\n\t<meta name=\"twitter:data1\" content=\"Kuzeyin Sesi\" \/>\n\t<meta name=\"twitter:label2\" content=\"Tahmini okuma s\u00fcresi\" \/>\n\t<meta name=\"twitter:data2\" content=\"1 dakika\" \/>\n<script type=\"application\/ld+json\" class=\"yoast-schema-graph\">{\"@context\":\"https:\\\/\\\/schema.org\",\"@graph\":[{\"@type\":\"Article\",\"@id\":\"https:\\\/\\\/kuzeyinsesi.org\\\/index.php\\\/2025\\\/08\\\/25\\\/abdde-ilk-kez-bir-insanda-yeni-dunya-vida-kurdu-sinegi-vakasi-tespit-edildi\\\/#article\",\"isPartOf\":{\"@id\":\"https:\\\/\\\/kuzeyinsesi.org\\\/index.php\\\/2025\\\/08\\\/25\\\/abdde-ilk-kez-bir-insanda-yeni-dunya-vida-kurdu-sinegi-vakasi-tespit-edildi\\\/\"},\"author\":{\"name\":\"Kuzeyin Sesi\",\"@id\":\"https:\\\/\\\/kuzeyinsesi.org\\\/#\\\/schema\\\/person\\\/9f859689cdf01485597712386e37f5aa\"},\"headline\":\"ABD&#039;de ilk kez bir insanda Yeni D\u00fcnya vida kurdu sine\u011fi vakas\u0131 tespit edildi\",\"datePublished\":\"2025-08-25T11:11:30+00:00\",\"mainEntityOfPage\":{\"@id\":\"https:\\\/\\\/kuzeyinsesi.org\\\/index.php\\\/2025\\\/08\\\/25\\\/abdde-ilk-kez-bir-insanda-yeni-dunya-vida-kurdu-sinegi-vakasi-tespit-edildi\\\/\"},\"wordCount\":159,\"commentCount\":0,\"image\":{\"@id\":\"https:\\\/\\\/kuzeyinsesi.org\\\/index.php\\\/2025\\\/08\\\/25\\\/abdde-ilk-kez-bir-insanda-yeni-dunya-vida-kurdu-sinegi-vakasi-tespit-edildi\\\/#primaryimage\"},\"thumbnailUrl\":\"https:\\\/\\\/kuzeyinsesi.org\\\/wp-content\\\/uploads\\\/2025\\\/08\\\/sivrisinek-aa-1915799.jpg\",\"articleSection\":[\"D\u00fcnya\"],\"inLanguage\":\"tr\",\"potentialAction\":[{\"@type\":\"CommentAction\",\"name\":\"Comment\",\"target\":[\"https:\\\/\\\/kuzeyinsesi.org\\\/index.php\\\/2025\\\/08\\\/25\\\/abdde-ilk-kez-bir-insanda-yeni-dunya-vida-kurdu-sinegi-vakasi-tespit-edildi\\\/#respond\"]}]},{\"@type\":\"WebPage\",\"@id\":\"https:\\\/\\\/kuzeyinsesi.org\\\/index.php\\\/2025\\\/08\\\/25\\\/abdde-ilk-kez-bir-insanda-yeni-dunya-vida-kurdu-sinegi-vakasi-tespit-edildi\\\/\",\"url\":\"https:\\\/\\\/kuzeyinsesi.org\\\/index.php\\\/2025\\\/08\\\/25\\\/abdde-ilk-kez-bir-insanda-yeni-dunya-vida-kurdu-sinegi-vakasi-tespit-edildi\\\/\",\"name\":\"ABD&#039;de ilk kez bir insanda Yeni D\u00fcnya vida kurdu sine\u011fi vakas\u0131 tespit edildi - Kuzeyin Sesi\",\"isPartOf\":{\"@id\":\"https:\\\/\\\/kuzeyinsesi.org\\\/#website\"},\"primaryImageOfPage\":{\"@id\":\"https:\\\/\\\/kuzeyinsesi.org\\\/index.php\\\/2025\\\/08\\\/25\\\/abdde-ilk-kez-bir-insanda-yeni-dunya-vida-kurdu-sinegi-vakasi-tespit-edildi\\\/#primaryimage\"},\"image\":{\"@id\":\"https:\\\/\\\/kuzeyinsesi.org\\\/index.php\\\/2025\\\/08\\\/25\\\/abdde-ilk-kez-bir-insanda-yeni-dunya-vida-kurdu-sinegi-vakasi-tespit-edildi\\\/#primaryimage\"},\"thumbnailUrl\":\"https:\\\/\\\/kuzeyinsesi.org\\\/wp-content\\\/uploads\\\/2025\\\/08\\\/sivrisinek-aa-1915799.jpg\",\"datePublished\":\"2025-08-25T11:11:30+00:00\",\"author\":{\"@id\":\"https:\\\/\\\/kuzeyinsesi.org\\\/#\\\/schema\\\/person\\\/9f859689cdf01485597712386e37f5aa\"},\"breadcrumb\":{\"@id\":\"https:\\\/\\\/kuzeyinsesi.org\\\/index.php\\\/2025\\\/08\\\/25\\\/abdde-ilk-kez-bir-insanda-yeni-dunya-vida-kurdu-sinegi-vakasi-tespit-edildi\\\/#breadcrumb\"},\"inLanguage\":\"tr\",\"potentialAction\":[{\"@type\":\"ReadAction\",\"target\":[\"https:\\\/\\\/kuzeyinsesi.org\\\/index.php\\\/2025\\\/08\\\/25\\\/abdde-ilk-kez-bir-insanda-yeni-dunya-vida-kurdu-sinegi-vakasi-tespit-edildi\\\/\"]}]},{\"@type\":\"ImageObject\",\"inLanguage\":\"tr\",\"@id\":\"https:\\\/\\\/kuzeyinsesi.org\\\/index.php\\\/2025\\\/08\\\/25\\\/abdde-ilk-kez-bir-insanda-yeni-dunya-vida-kurdu-sinegi-vakasi-tespit-edildi\\\/#primaryimage\",\"url\":\"https:\\\/\\\/kuzeyinsesi.org\\\/wp-content\\\/uploads\\\/2025\\\/08\\\/sivrisinek-aa-1915799.jpg\",\"contentUrl\":\"https:\\\/\\\/kuzeyinsesi.org\\\/wp-content\\\/uploads\\\/2025\\\/08\\\/sivrisinek-aa-1915799.jpg\",\"width\":1280,\"height\":720},{\"@type\":\"BreadcrumbList\",\"@id\":\"https:\\\/\\\/kuzeyinsesi.org\\\/index.php\\\/2025\\\/08\\\/25\\\/abdde-ilk-kez-bir-insanda-yeni-dunya-vida-kurdu-sinegi-vakasi-tespit-edildi\\\/#breadcrumb\",\"itemListElement\":[{\"@type\":\"ListItem\",\"position\":1,\"name\":\"Anasayfa\",\"item\":\"https:\\\/\\\/kuzeyinsesi.org\\\/\"},{\"@type\":\"ListItem\",\"position\":2,\"name\":\"ABD&#039;de ilk kez bir insanda Yeni D\u00fcnya vida kurdu sine\u011fi vakas\u0131 tespit edildi\"}]},{\"@type\":\"WebSite\",\"@id\":\"https:\\\/\\\/kuzeyinsesi.org\\\/#website\",\"url\":\"https:\\\/\\\/kuzeyinsesi.org\\\/\",\"name\":\"Kuzeyin Sesi\",\"description\":\"Do\u011fru Haberin Adresi\",\"potentialAction\":[{\"@type\":\"SearchAction\",\"target\":{\"@type\":\"EntryPoint\",\"urlTemplate\":\"https:\\\/\\\/kuzeyinsesi.org\\\/?s={search_term_string}\"},\"query-input\":{\"@type\":\"PropertyValueSpecification\",\"valueRequired\":true,\"valueName\":\"search_term_string\"}}],\"inLanguage\":\"tr\"},{\"@type\":\"Person\",\"@id\":\"https:\\\/\\\/kuzeyinsesi.org\\\/#\\\/schema\\\/person\\\/9f859689cdf01485597712386e37f5aa\",\"name\":\"Kuzeyin Sesi\",\"image\":{\"@type\":\"ImageObject\",\"inLanguage\":\"tr\",\"@id\":\"https:\\\/\\\/secure.gravatar.com\\\/avatar\\\/bab33852abfd8b282518d6ed81826833d77c3c882d9ab608add591ccace47a44?s=96&d=mm&r=g\",\"url\":\"https:\\\/\\\/secure.gravatar.com\\\/avatar\\\/bab33852abfd8b282518d6ed81826833d77c3c882d9ab608add591ccace47a44?s=96&d=mm&r=g\",\"contentUrl\":\"https:\\\/\\\/secure.gravatar.com\\\/avatar\\\/bab33852abfd8b282518d6ed81826833d77c3c882d9ab608add591ccace47a44?s=96&d=mm&r=g\",\"caption\":\"Kuzeyin Sesi\"},\"sameAs\":[\"https:\\\/\\\/kuzeyinsesi.org\"],\"url\":\"https:\\\/\\\/kuzeyinsesi.org\\\/index.php\\\/author\\\/guven\\\/\"}]}<\/script>\n<!-- \/ Yoast SEO plugin. -->","yoast_head_json":{"title":"ABD&#039;de ilk kez bir insanda Yeni D\u00fcnya vida kurdu sine\u011fi vakas\u0131 tespit edildi - Kuzeyin Sesi","robots":{"index":"index","follow":"follow","max-snippet":"max-snippet:-1","max-image-preview":"max-image-preview:large","max-video-preview":"max-video-preview:-1"},"canonical":"https:\/\/kuzeyinsesi.org\/index.php\/2025\/08\/25\/abdde-ilk-kez-bir-insanda-yeni-dunya-vida-kurdu-sinegi-vakasi-tespit-edildi\/","og_locale":"tr_TR","og_type":"article","og_title":"ABD&#039;de ilk kez bir insanda Yeni D\u00fcnya vida kurdu sine\u011fi vakas\u0131 tespit edildi - Kuzeyin Sesi","og_description":"&#13; ABD Sa\u011fl\u0131k ve \u0130nsan Hizmetleri Bakanl\u0131\u011f\u0131 (HHS) S\u00f6zc\u00fcs\u00fc Andrew Nixon, konuya ili\u015fkin Axios&#8217;a a\u00e7\u0131klama yapt\u0131. &#13; Nixon, &#8220;Bu, salg\u0131ndan etkilenen bir \u00fclkeden geldi\u011fi belirlenen ve ABD&#8217;de g\u00f6r\u00fclen ilk seyahat kaynakl\u0131 Yeni D\u00fcnya vida kurdu sine\u011fi vakas\u0131d\u0131r.&#8221; ifadesini kulland\u0131. &#13; El Salvador&#8217;dan Maryland&#8217;e d\u00f6nen ki\u015fide bu hastal\u0131\u011f\u0131n tespit edildi\u011fi bilgisini veren Nixon, ayr\u0131ca bu vakadan [&hellip;]","og_url":"https:\/\/kuzeyinsesi.org\/index.php\/2025\/08\/25\/abdde-ilk-kez-bir-insanda-yeni-dunya-vida-kurdu-sinegi-vakasi-tespit-edildi\/","og_site_name":"Kuzeyin Sesi","article_publisher":"https:\/\/www.facebook.com\/kuzeyinsesii","article_published_time":"2025-08-25T11:11:30+00:00","og_image":[{"url":"https:\/\/trthaberstatic.cdn.wp.trt.com.tr\/resimler\/1914000\/sivrisinek-aa-1915799.jpg","type":"","width":"","height":""}],"author":"Kuzeyin Sesi","twitter_card":"summary_large_image","twitter_creator":"@kuzeyinsesii","twitter_site":"@kuzeyinsesii","twitter_misc":{"Yazan:":"Kuzeyin Sesi","Tahmini okuma s\u00fcresi":"1 dakika"},"schema":{"@context":"https:\/\/schema.org","@graph":[{"@type":"Article","@id":"https:\/\/kuzeyinsesi.org\/index.php\/2025\/08\/25\/abdde-ilk-kez-bir-insanda-yeni-dunya-vida-kurdu-sinegi-vakasi-tespit-edildi\/#article","isPartOf":{"@id":"https:\/\/kuzeyinsesi.org\/index.php\/2025\/08\/25\/abdde-ilk-kez-bir-insanda-yeni-dunya-vida-kurdu-sinegi-vakasi-tespit-edildi\/"},"author":{"name":"Kuzeyin Sesi","@id":"https:\/\/kuzeyinsesi.org\/#\/schema\/person\/9f859689cdf01485597712386e37f5aa"},"headline":"ABD&#039;de ilk kez bir insanda Yeni D\u00fcnya vida kurdu sine\u011fi vakas\u0131 tespit edildi","datePublished":"2025-08-25T11:11:30+00:00","mainEntityOfPage":{"@id":"https:\/\/kuzeyinsesi.org\/index.php\/2025\/08\/25\/abdde-ilk-kez-bir-insanda-yeni-dunya-vida-kurdu-sinegi-vakasi-tespit-edildi\/"},"wordCount":159,"commentCount":0,"image":{"@id":"https:\/\/kuzeyinsesi.org\/index.php\/2025\/08\/25\/abdde-ilk-kez-bir-insanda-yeni-dunya-vida-kurdu-sinegi-vakasi-tespit-edildi\/#primaryimage"},"thumbnailUrl":"https:\/\/kuzeyinsesi.org\/wp-content\/uploads\/2025\/08\/sivrisinek-aa-1915799.jpg","articleSection":["D\u00fcnya"],"inLanguage":"tr","potentialAction":[{"@type":"CommentAction","name":"Comment","target":["https:\/\/kuzeyinsesi.org\/index.php\/2025\/08\/25\/abdde-ilk-kez-bir-insanda-yeni-dunya-vida-kurdu-sinegi-vakasi-tespit-edildi\/#respond"]}]},{"@type":"WebPage","@id":"https:\/\/kuzeyinsesi.org\/index.php\/2025\/08\/25\/abdde-ilk-kez-bir-insanda-yeni-dunya-vida-kurdu-sinegi-vakasi-tespit-edildi\/","url":"https:\/\/kuzeyinsesi.org\/index.php\/2025\/08\/25\/abdde-ilk-kez-bir-insanda-yeni-dunya-vida-kurdu-sinegi-vakasi-tespit-edildi\/","name":"ABD&#039;de ilk kez bir insanda Yeni D\u00fcnya vida kurdu sine\u011fi vakas\u0131 tespit edildi - Kuzeyin Sesi","isPartOf":{"@id":"https:\/\/kuzeyinsesi.org\/#website"},"primaryImageOfPage":{"@id":"https:\/\/kuzeyinsesi.org\/index.php\/2025\/08\/25\/abdde-ilk-kez-bir-insanda-yeni-dunya-vida-kurdu-sinegi-vakasi-tespit-edildi\/#primaryimage"},"image":{"@id":"https:\/\/kuzeyinsesi.org\/index.php\/2025\/08\/25\/abdde-ilk-kez-bir-insanda-yeni-dunya-vida-kurdu-sinegi-vakasi-tespit-edildi\/#primaryimage"},"thumbnailUrl":"https:\/\/kuzeyinsesi.org\/wp-content\/uploads\/2025\/08\/sivrisinek-aa-1915799.jpg","datePublished":"2025-08-25T11:11:30+00:00","author":{"@id":"https:\/\/kuzeyinsesi.org\/#\/schema\/person\/9f859689cdf01485597712386e37f5aa"},"breadcrumb":{"@id":"https:\/\/kuzeyinsesi.org\/index.php\/2025\/08\/25\/abdde-ilk-kez-bir-insanda-yeni-dunya-vida-kurdu-sinegi-vakasi-tespit-edildi\/#breadcrumb"},"inLanguage":"tr","potentialAction":[{"@type":"ReadAction","target":["https:\/\/kuzeyinsesi.org\/index.php\/2025\/08\/25\/abdde-ilk-kez-bir-insanda-yeni-dunya-vida-kurdu-sinegi-vakasi-tespit-edildi\/"]}]},{"@type":"ImageObject","inLanguage":"tr","@id":"https:\/\/kuzeyinsesi.org\/index.php\/2025\/08\/25\/abdde-ilk-kez-bir-insanda-yeni-dunya-vida-kurdu-sinegi-vakasi-tespit-edildi\/#primaryimage","url":"https:\/\/kuzeyinsesi.org\/wp-content\/uploads\/2025\/08\/sivrisinek-aa-1915799.jpg","contentUrl":"https:\/\/kuzeyinsesi.org\/wp-content\/uploads\/2025\/08\/sivrisinek-aa-1915799.jpg","width":1280,"height":720},{"@type":"BreadcrumbList","@id":"https:\/\/kuzeyinsesi.org\/index.php\/2025\/08\/25\/abdde-ilk-kez-bir-insanda-yeni-dunya-vida-kurdu-sinegi-vakasi-tespit-edildi\/#breadcrumb","itemListElement":[{"@type":"ListItem","position":1,"name":"Anasayfa","item":"https:\/\/kuzeyinsesi.org\/"},{"@type":"ListItem","position":2,"name":"ABD&#039;de ilk kez bir insanda Yeni D\u00fcnya vida kurdu sine\u011fi vakas\u0131 tespit edildi"}]},{"@type":"WebSite","@id":"https:\/\/kuzeyinsesi.org\/#website","url":"https:\/\/kuzeyinsesi.org\/","name":"Kuzeyin Sesi","description":"Do\u011fru Haberin Adresi","potentialAction":[{"@type":"SearchAction","target":{"@type":"EntryPoint","urlTemplate":"https:\/\/kuzeyinsesi.org\/?s={search_term_string}"},"query-input":{"@type":"PropertyValueSpecification","valueRequired":true,"valueName":"search_term_string"}}],"inLanguage":"tr"},{"@type":"Person","@id":"https:\/\/kuzeyinsesi.org\/#\/schema\/person\/9f859689cdf01485597712386e37f5aa","name":"Kuzeyin Sesi","image":{"@type":"ImageObject","inLanguage":"tr","@id":"https:\/\/secure.gravatar.com\/avatar\/bab33852abfd8b282518d6ed81826833d77c3c882d9ab608add591ccace47a44?s=96&d=mm&r=g","url":"https:\/\/secure.gravatar.com\/avatar\/bab33852abfd8b282518d6ed81826833d77c3c882d9ab608add591ccace47a44?s=96&d=mm&r=g","contentUrl":"https:\/\/secure.gravatar.com\/avatar\/bab33852abfd8b282518d6ed81826833d77c3c882d9ab608add591ccace47a44?s=96&d=mm&r=g","caption":"Kuzeyin Sesi"},"sameAs":["https:\/\/kuzeyinsesi.org"],"url":"https:\/\/kuzeyinsesi.org\/index.php\/author\/guven\/"}]}},"_links":{"self":[{"href":"https:\/\/kuzeyinsesi.org\/index.php\/wp-json\/wp\/v2\/posts\/30660","targetHints":{"allow":["GET"]}}],"collection":[{"href":"https:\/\/kuzeyinsesi.org\/index.php\/wp-json\/wp\/v2\/posts"}],"about":[{"href":"https:\/\/kuzeyinsesi.org\/index.php\/wp-json\/wp\/v2\/types\/post"}],"author":[{"embeddable":true,"href":"https:\/\/kuzeyinsesi.org\/index.php\/wp-json\/wp\/v2\/users\/1"}],"replies":[{"embeddable":true,"href":"https:\/\/kuzeyinsesi.org\/index.php\/wp-json\/wp\/v2\/comments?post=30660"}],"version-history":[{"count":0,"href":"https:\/\/kuzeyinsesi.org\/index.php\/wp-json\/wp\/v2\/posts\/30660\/revisions"}],"wp:featuredmedia":[{"embeddable":true,"href":"https:\/\/kuzeyinsesi.org\/index.php\/wp-json\/wp\/v2\/media\/30661"}],"wp:attachment":[{"href":"https:\/\/kuzeyinsesi.org\/index.php\/wp-json\/wp\/v2\/media?parent=30660"}],"wp:term":[{"taxonomy":"category","embeddable":true,"href":"https:\/\/kuzeyinsesi.org\/index.php\/wp-json\/wp\/v2\/categories?post=30660"},{"taxonomy":"post_tag","embeddable":true,"href":"https:\/\/kuzeyinsesi.org\/index.php\/wp-json\/wp\/v2\/tags?post=30660"}],"curies":[{"name":"wp","href":"https:\/\/api.w.org\/{rel}","templated":true}]}}