{"id":30608,"date":"2025-08-23T20:54:25","date_gmt":"2025-08-23T17:54:25","guid":{"rendered":"https:\/\/kuzeyinsesi.org\/index.php\/2025\/08\/23\/pakistandan-gazzeye-100-tonluk-gida-yardimi\/"},"modified":"2025-08-23T20:54:25","modified_gmt":"2025-08-23T17:54:25","slug":"pakistandan-gazzeye-100-tonluk-gida-yardimi","status":"publish","type":"post","link":"https:\/\/kuzeyinsesi.org\/index.php\/2025\/08\/23\/pakistandan-gazzeye-100-tonluk-gida-yardimi\/","title":{"rendered":"Pakistan&#039;dan Gazze&#039;ye 100 tonluk g\u0131da yard\u0131m\u0131"},"content":{"rendered":"<p><\/p>\n<div>\n<p>&#13;<br \/>\n\tBM&#8217;nin destekledi\u011fi g\u00f6zlem kurulu\u015fu Entegre G\u0131da G\u00fcvenli\u011fi A\u015fama S\u0131n\u0131fland\u0131rmas\u0131n\u0131n (IPC) Gazze&#8217;deki k\u0131tl\u0131\u011f\u0131 teyit eden raporunun ard\u0131ndan Pakistan Ulusal Afet Y\u00f6netimi Kurumu (NDMA), ABD merkezli Facebook sosyal medya platformundan a\u00e7\u0131klama yapt\u0131.<\/p>\n<p>&#13;<br \/>\n\tA\u00e7\u0131klamada, Ba\u015fbakan \u015eahbaz \u015eerif&#8217;in talimat\u0131 \u00fczerine un, haz\u0131r yemek, ya\u011f, re\u00e7el ve meyvelerden olu\u015fan 100 tonluk yard\u0131m paketinin haz\u0131rland\u0131\u011f\u0131 ve Gazze&#8217;ye sevkiyat\u0131 i\u00e7in Lahor kentinden havaland\u0131\u011f\u0131 duyuruldu.<\/p>\n<p>&#13;<br \/>\n\tBunun, Pakistan&#8217;\u0131n Gazze&#8217;ye g\u00f6nderdi\u011fi 19&#8217;uncu yard\u0131m paketi oldu\u011fu belirtilen a\u00e7\u0131klamada, sevkiyatlardaki toplam miktar\u0131n 1915 tona ula\u015ft\u0131\u011f\u0131 kaydedildi.<\/p>\n<p>&#13;<br \/>\n\t\u0130srail&#8217;in sald\u0131r\u0131lar\u0131 ve insani yard\u0131m giri\u015fini k\u0131s\u0131tlayan s\u0131k\u0131 ablukas\u0131 alt\u0131ndaki Gazze \u015eeridi, a\u00e7l\u0131\u011f\u0131n yay\u0131ld\u0131\u011f\u0131, su, ila\u00e7, t\u0131bbi gere\u00e7ler ve hijyen malzemesinin bulunamad\u0131\u011f\u0131 insani felaketi ya\u015f\u0131yor.<\/p>\n<p>&#13;<br \/>\n\tBa\u015fta \u00e7ocuklar olmak \u00fczere, Gazze \u015eeridi&#8217;nde a\u00e7l\u0131k nedeniyle \u00f6l\u00fcmler art\u0131yor. Yerel ve uluslararas\u0131 \u00e7evreler, \u0130srail&#8217;in &#8220;a\u00e7l\u0131\u011f\u0131 ve susuzlu\u011fu silah olarak&#8221; kulland\u0131\u011f\u0131n\u0131 belirtiyor.<\/p>\n<p>&#13;<br \/>\n\tIPC&#8217;nin yay\u0131mlad\u0131\u011f\u0131 son raporda, 15 A\u011fustos 2025 itibar\u0131yla, Gazze \u015fehrindeki k\u0131tl\u0131k (felaket seviyesi olarak bilinen IPC&#8217;nin 5. seviyesi) makul kan\u0131tlarla do\u011frulanm\u0131\u015f, &#8220;22 ay s\u00fcren ac\u0131mas\u0131z \u00e7at\u0131\u015fmalar\u0131n ard\u0131ndan, Gazze \u015eeridi&#8217;nde yar\u0131m milyondan fazla insan a\u00e7l\u0131k, yoksulluk ve \u00f6l\u00fcmle karakterize felaket ko\u015fullar\u0131yla kar\u015f\u0131 kar\u015f\u0131ya.&#8221; tespitine yer verilmi\u015fti.<\/p>\n<\/p><\/div>\n","protected":false},"excerpt":{"rendered":"<p>&#13; BM&#8217;nin destekledi\u011fi g\u00f6zlem kurulu\u015fu Entegre G\u0131da G\u00fcvenli\u011fi A\u015fama S\u0131n\u0131fland\u0131rmas\u0131n\u0131n (IPC) Gazze&#8217;deki k\u0131tl\u0131\u011f\u0131 teyit eden raporunun ard\u0131ndan Pakistan Ulusal Afet Y\u00f6netimi Kurumu (NDMA), ABD merkezli Facebook sosyal medya platformundan a\u00e7\u0131klama yapt\u0131. &#13; A\u00e7\u0131klamada, Ba\u015fbakan \u015eahbaz \u015eerif&#8217;in talimat\u0131 \u00fczerine un, haz\u0131r yemek, ya\u011f, re\u00e7el ve meyvelerden olu\u015fan 100 tonluk yard\u0131m paketinin haz\u0131rland\u0131\u011f\u0131 ve Gazze&#8217;ye sevkiyat\u0131 i\u00e7in [&hellip;]<\/p>\n","protected":false},"author":1,"featured_media":30609,"comment_status":"open","ping_status":"open","sticky":false,"template":"","format":"standard","meta":{"jnews-multi-image_gallery":[],"jnews_single_post":[],"jnews_primary_category":[],"jnews_social_meta":[],"jnews_override_counter":[],"footnotes":""},"categories":[2],"tags":[],"class_list":["post-30608","post","type-post","status-publish","format-standard","has-post-thumbnail","hentry","category-dunya"],"yoast_head":"<!-- This site is optimized with the Yoast SEO plugin v27.5 - https:\/\/yoast.com\/product\/yoast-seo-wordpress\/ -->\n<title>Pakistan&#039;dan Gazze&#039;ye 100 tonluk g\u0131da yard\u0131m\u0131 - Kuzeyin Sesi<\/title>\n<meta name=\"robots\" content=\"index, follow, max-snippet:-1, max-image-preview:large, max-video-preview:-1\" \/>\n<link rel=\"canonical\" href=\"https:\/\/kuzeyinsesi.org\/index.php\/2025\/08\/23\/pakistandan-gazzeye-100-tonluk-gida-yardimi\/\" \/>\n<meta property=\"og:locale\" content=\"tr_TR\" \/>\n<meta property=\"og:type\" content=\"article\" \/>\n<meta property=\"og:title\" content=\"Pakistan&#039;dan Gazze&#039;ye 100 tonluk g\u0131da yard\u0131m\u0131 - Kuzeyin Sesi\" \/>\n<meta property=\"og:description\" content=\"&#013; BM&#8217;nin destekledi\u011fi g\u00f6zlem kurulu\u015fu Entegre G\u0131da G\u00fcvenli\u011fi A\u015fama S\u0131n\u0131fland\u0131rmas\u0131n\u0131n (IPC) Gazze&#8217;deki k\u0131tl\u0131\u011f\u0131 teyit eden raporunun ard\u0131ndan Pakistan Ulusal Afet Y\u00f6netimi Kurumu (NDMA), ABD merkezli Facebook sosyal medya platformundan a\u00e7\u0131klama yapt\u0131. &#013; A\u00e7\u0131klamada, Ba\u015fbakan \u015eahbaz \u015eerif&#8217;in talimat\u0131 \u00fczerine un, haz\u0131r yemek, ya\u011f, re\u00e7el ve meyvelerden olu\u015fan 100 tonluk yard\u0131m paketinin haz\u0131rland\u0131\u011f\u0131 ve Gazze&#8217;ye sevkiyat\u0131 i\u00e7in [&hellip;]\" \/>\n<meta property=\"og:url\" content=\"https:\/\/kuzeyinsesi.org\/index.php\/2025\/08\/23\/pakistandan-gazzeye-100-tonluk-gida-yardimi\/\" \/>\n<meta property=\"og:site_name\" content=\"Kuzeyin Sesi\" \/>\n<meta property=\"article:publisher\" content=\"https:\/\/www.facebook.com\/kuzeyinsesii\" \/>\n<meta property=\"article:published_time\" content=\"2025-08-23T17:54:25+00:00\" \/>\n<meta property=\"og:image\" content=\"https:\/\/trthaberstatic.cdn.wp.trt.com.tr\/resimler\/2222000\/gazze-yardim-tiri-aa-2222826.jpg\" \/>\n<meta name=\"author\" content=\"Kuzeyin Sesi\" \/>\n<meta name=\"twitter:card\" content=\"summary_large_image\" \/>\n<meta name=\"twitter:creator\" content=\"@kuzeyinsesii\" \/>\n<meta name=\"twitter:site\" content=\"@kuzeyinsesii\" \/>\n<meta name=\"twitter:label1\" content=\"Yazan:\" \/>\n\t<meta name=\"twitter:data1\" content=\"Kuzeyin Sesi\" \/>\n\t<meta name=\"twitter:label2\" content=\"Tahmini okuma s\u00fcresi\" \/>\n\t<meta name=\"twitter:data2\" content=\"1 dakika\" \/>\n<script type=\"application\/ld+json\" class=\"yoast-schema-graph\">{\"@context\":\"https:\\\/\\\/schema.org\",\"@graph\":[{\"@type\":\"Article\",\"@id\":\"https:\\\/\\\/kuzeyinsesi.org\\\/index.php\\\/2025\\\/08\\\/23\\\/pakistandan-gazzeye-100-tonluk-gida-yardimi\\\/#article\",\"isPartOf\":{\"@id\":\"https:\\\/\\\/kuzeyinsesi.org\\\/index.php\\\/2025\\\/08\\\/23\\\/pakistandan-gazzeye-100-tonluk-gida-yardimi\\\/\"},\"author\":{\"name\":\"Kuzeyin Sesi\",\"@id\":\"https:\\\/\\\/kuzeyinsesi.org\\\/#\\\/schema\\\/person\\\/9f859689cdf01485597712386e37f5aa\"},\"headline\":\"Pakistan&#039;dan Gazze&#039;ye 100 tonluk g\u0131da yard\u0131m\u0131\",\"datePublished\":\"2025-08-23T17:54:25+00:00\",\"mainEntityOfPage\":{\"@id\":\"https:\\\/\\\/kuzeyinsesi.org\\\/index.php\\\/2025\\\/08\\\/23\\\/pakistandan-gazzeye-100-tonluk-gida-yardimi\\\/\"},\"wordCount\":255,\"commentCount\":0,\"image\":{\"@id\":\"https:\\\/\\\/kuzeyinsesi.org\\\/index.php\\\/2025\\\/08\\\/23\\\/pakistandan-gazzeye-100-tonluk-gida-yardimi\\\/#primaryimage\"},\"thumbnailUrl\":\"https:\\\/\\\/kuzeyinsesi.org\\\/wp-content\\\/uploads\\\/2025\\\/08\\\/gazze-yardim-tiri-aa-2222826.jpg\",\"articleSection\":[\"D\u00fcnya\"],\"inLanguage\":\"tr\",\"potentialAction\":[{\"@type\":\"CommentAction\",\"name\":\"Comment\",\"target\":[\"https:\\\/\\\/kuzeyinsesi.org\\\/index.php\\\/2025\\\/08\\\/23\\\/pakistandan-gazzeye-100-tonluk-gida-yardimi\\\/#respond\"]}]},{\"@type\":\"WebPage\",\"@id\":\"https:\\\/\\\/kuzeyinsesi.org\\\/index.php\\\/2025\\\/08\\\/23\\\/pakistandan-gazzeye-100-tonluk-gida-yardimi\\\/\",\"url\":\"https:\\\/\\\/kuzeyinsesi.org\\\/index.php\\\/2025\\\/08\\\/23\\\/pakistandan-gazzeye-100-tonluk-gida-yardimi\\\/\",\"name\":\"Pakistan&#039;dan Gazze&#039;ye 100 tonluk g\u0131da yard\u0131m\u0131 - Kuzeyin Sesi\",\"isPartOf\":{\"@id\":\"https:\\\/\\\/kuzeyinsesi.org\\\/#website\"},\"primaryImageOfPage\":{\"@id\":\"https:\\\/\\\/kuzeyinsesi.org\\\/index.php\\\/2025\\\/08\\\/23\\\/pakistandan-gazzeye-100-tonluk-gida-yardimi\\\/#primaryimage\"},\"image\":{\"@id\":\"https:\\\/\\\/kuzeyinsesi.org\\\/index.php\\\/2025\\\/08\\\/23\\\/pakistandan-gazzeye-100-tonluk-gida-yardimi\\\/#primaryimage\"},\"thumbnailUrl\":\"https:\\\/\\\/kuzeyinsesi.org\\\/wp-content\\\/uploads\\\/2025\\\/08\\\/gazze-yardim-tiri-aa-2222826.jpg\",\"datePublished\":\"2025-08-23T17:54:25+00:00\",\"author\":{\"@id\":\"https:\\\/\\\/kuzeyinsesi.org\\\/#\\\/schema\\\/person\\\/9f859689cdf01485597712386e37f5aa\"},\"breadcrumb\":{\"@id\":\"https:\\\/\\\/kuzeyinsesi.org\\\/index.php\\\/2025\\\/08\\\/23\\\/pakistandan-gazzeye-100-tonluk-gida-yardimi\\\/#breadcrumb\"},\"inLanguage\":\"tr\",\"potentialAction\":[{\"@type\":\"ReadAction\",\"target\":[\"https:\\\/\\\/kuzeyinsesi.org\\\/index.php\\\/2025\\\/08\\\/23\\\/pakistandan-gazzeye-100-tonluk-gida-yardimi\\\/\"]}]},{\"@type\":\"ImageObject\",\"inLanguage\":\"tr\",\"@id\":\"https:\\\/\\\/kuzeyinsesi.org\\\/index.php\\\/2025\\\/08\\\/23\\\/pakistandan-gazzeye-100-tonluk-gida-yardimi\\\/#primaryimage\",\"url\":\"https:\\\/\\\/kuzeyinsesi.org\\\/wp-content\\\/uploads\\\/2025\\\/08\\\/gazze-yardim-tiri-aa-2222826.jpg\",\"contentUrl\":\"https:\\\/\\\/kuzeyinsesi.org\\\/wp-content\\\/uploads\\\/2025\\\/08\\\/gazze-yardim-tiri-aa-2222826.jpg\",\"width\":1280,\"height\":720},{\"@type\":\"BreadcrumbList\",\"@id\":\"https:\\\/\\\/kuzeyinsesi.org\\\/index.php\\\/2025\\\/08\\\/23\\\/pakistandan-gazzeye-100-tonluk-gida-yardimi\\\/#breadcrumb\",\"itemListElement\":[{\"@type\":\"ListItem\",\"position\":1,\"name\":\"Anasayfa\",\"item\":\"https:\\\/\\\/kuzeyinsesi.org\\\/\"},{\"@type\":\"ListItem\",\"position\":2,\"name\":\"Pakistan&#039;dan Gazze&#039;ye 100 tonluk g\u0131da yard\u0131m\u0131\"}]},{\"@type\":\"WebSite\",\"@id\":\"https:\\\/\\\/kuzeyinsesi.org\\\/#website\",\"url\":\"https:\\\/\\\/kuzeyinsesi.org\\\/\",\"name\":\"Kuzeyin Sesi\",\"description\":\"Do\u011fru Haberin Adresi\",\"potentialAction\":[{\"@type\":\"SearchAction\",\"target\":{\"@type\":\"EntryPoint\",\"urlTemplate\":\"https:\\\/\\\/kuzeyinsesi.org\\\/?s={search_term_string}\"},\"query-input\":{\"@type\":\"PropertyValueSpecification\",\"valueRequired\":true,\"valueName\":\"search_term_string\"}}],\"inLanguage\":\"tr\"},{\"@type\":\"Person\",\"@id\":\"https:\\\/\\\/kuzeyinsesi.org\\\/#\\\/schema\\\/person\\\/9f859689cdf01485597712386e37f5aa\",\"name\":\"Kuzeyin Sesi\",\"image\":{\"@type\":\"ImageObject\",\"inLanguage\":\"tr\",\"@id\":\"https:\\\/\\\/secure.gravatar.com\\\/avatar\\\/bab33852abfd8b282518d6ed81826833d77c3c882d9ab608add591ccace47a44?s=96&d=mm&r=g\",\"url\":\"https:\\\/\\\/secure.gravatar.com\\\/avatar\\\/bab33852abfd8b282518d6ed81826833d77c3c882d9ab608add591ccace47a44?s=96&d=mm&r=g\",\"contentUrl\":\"https:\\\/\\\/secure.gravatar.com\\\/avatar\\\/bab33852abfd8b282518d6ed81826833d77c3c882d9ab608add591ccace47a44?s=96&d=mm&r=g\",\"caption\":\"Kuzeyin Sesi\"},\"sameAs\":[\"https:\\\/\\\/kuzeyinsesi.org\"],\"url\":\"https:\\\/\\\/kuzeyinsesi.org\\\/index.php\\\/author\\\/guven\\\/\"}]}<\/script>\n<!-- \/ Yoast SEO plugin. -->","yoast_head_json":{"title":"Pakistan&#039;dan Gazze&#039;ye 100 tonluk g\u0131da yard\u0131m\u0131 - Kuzeyin Sesi","robots":{"index":"index","follow":"follow","max-snippet":"max-snippet:-1","max-image-preview":"max-image-preview:large","max-video-preview":"max-video-preview:-1"},"canonical":"https:\/\/kuzeyinsesi.org\/index.php\/2025\/08\/23\/pakistandan-gazzeye-100-tonluk-gida-yardimi\/","og_locale":"tr_TR","og_type":"article","og_title":"Pakistan&#039;dan Gazze&#039;ye 100 tonluk g\u0131da yard\u0131m\u0131 - Kuzeyin Sesi","og_description":"&#13; BM&#8217;nin destekledi\u011fi g\u00f6zlem kurulu\u015fu Entegre G\u0131da G\u00fcvenli\u011fi A\u015fama S\u0131n\u0131fland\u0131rmas\u0131n\u0131n (IPC) Gazze&#8217;deki k\u0131tl\u0131\u011f\u0131 teyit eden raporunun ard\u0131ndan Pakistan Ulusal Afet Y\u00f6netimi Kurumu (NDMA), ABD merkezli Facebook sosyal medya platformundan a\u00e7\u0131klama yapt\u0131. &#13; A\u00e7\u0131klamada, Ba\u015fbakan \u015eahbaz \u015eerif&#8217;in talimat\u0131 \u00fczerine un, haz\u0131r yemek, ya\u011f, re\u00e7el ve meyvelerden olu\u015fan 100 tonluk yard\u0131m paketinin haz\u0131rland\u0131\u011f\u0131 ve Gazze&#8217;ye sevkiyat\u0131 i\u00e7in [&hellip;]","og_url":"https:\/\/kuzeyinsesi.org\/index.php\/2025\/08\/23\/pakistandan-gazzeye-100-tonluk-gida-yardimi\/","og_site_name":"Kuzeyin Sesi","article_publisher":"https:\/\/www.facebook.com\/kuzeyinsesii","article_published_time":"2025-08-23T17:54:25+00:00","og_image":[{"url":"https:\/\/trthaberstatic.cdn.wp.trt.com.tr\/resimler\/2222000\/gazze-yardim-tiri-aa-2222826.jpg","type":"","width":"","height":""}],"author":"Kuzeyin Sesi","twitter_card":"summary_large_image","twitter_creator":"@kuzeyinsesii","twitter_site":"@kuzeyinsesii","twitter_misc":{"Yazan:":"Kuzeyin Sesi","Tahmini okuma s\u00fcresi":"1 dakika"},"schema":{"@context":"https:\/\/schema.org","@graph":[{"@type":"Article","@id":"https:\/\/kuzeyinsesi.org\/index.php\/2025\/08\/23\/pakistandan-gazzeye-100-tonluk-gida-yardimi\/#article","isPartOf":{"@id":"https:\/\/kuzeyinsesi.org\/index.php\/2025\/08\/23\/pakistandan-gazzeye-100-tonluk-gida-yardimi\/"},"author":{"name":"Kuzeyin Sesi","@id":"https:\/\/kuzeyinsesi.org\/#\/schema\/person\/9f859689cdf01485597712386e37f5aa"},"headline":"Pakistan&#039;dan Gazze&#039;ye 100 tonluk g\u0131da yard\u0131m\u0131","datePublished":"2025-08-23T17:54:25+00:00","mainEntityOfPage":{"@id":"https:\/\/kuzeyinsesi.org\/index.php\/2025\/08\/23\/pakistandan-gazzeye-100-tonluk-gida-yardimi\/"},"wordCount":255,"commentCount":0,"image":{"@id":"https:\/\/kuzeyinsesi.org\/index.php\/2025\/08\/23\/pakistandan-gazzeye-100-tonluk-gida-yardimi\/#primaryimage"},"thumbnailUrl":"https:\/\/kuzeyinsesi.org\/wp-content\/uploads\/2025\/08\/gazze-yardim-tiri-aa-2222826.jpg","articleSection":["D\u00fcnya"],"inLanguage":"tr","potentialAction":[{"@type":"CommentAction","name":"Comment","target":["https:\/\/kuzeyinsesi.org\/index.php\/2025\/08\/23\/pakistandan-gazzeye-100-tonluk-gida-yardimi\/#respond"]}]},{"@type":"WebPage","@id":"https:\/\/kuzeyinsesi.org\/index.php\/2025\/08\/23\/pakistandan-gazzeye-100-tonluk-gida-yardimi\/","url":"https:\/\/kuzeyinsesi.org\/index.php\/2025\/08\/23\/pakistandan-gazzeye-100-tonluk-gida-yardimi\/","name":"Pakistan&#039;dan Gazze&#039;ye 100 tonluk g\u0131da yard\u0131m\u0131 - Kuzeyin Sesi","isPartOf":{"@id":"https:\/\/kuzeyinsesi.org\/#website"},"primaryImageOfPage":{"@id":"https:\/\/kuzeyinsesi.org\/index.php\/2025\/08\/23\/pakistandan-gazzeye-100-tonluk-gida-yardimi\/#primaryimage"},"image":{"@id":"https:\/\/kuzeyinsesi.org\/index.php\/2025\/08\/23\/pakistandan-gazzeye-100-tonluk-gida-yardimi\/#primaryimage"},"thumbnailUrl":"https:\/\/kuzeyinsesi.org\/wp-content\/uploads\/2025\/08\/gazze-yardim-tiri-aa-2222826.jpg","datePublished":"2025-08-23T17:54:25+00:00","author":{"@id":"https:\/\/kuzeyinsesi.org\/#\/schema\/person\/9f859689cdf01485597712386e37f5aa"},"breadcrumb":{"@id":"https:\/\/kuzeyinsesi.org\/index.php\/2025\/08\/23\/pakistandan-gazzeye-100-tonluk-gida-yardimi\/#breadcrumb"},"inLanguage":"tr","potentialAction":[{"@type":"ReadAction","target":["https:\/\/kuzeyinsesi.org\/index.php\/2025\/08\/23\/pakistandan-gazzeye-100-tonluk-gida-yardimi\/"]}]},{"@type":"ImageObject","inLanguage":"tr","@id":"https:\/\/kuzeyinsesi.org\/index.php\/2025\/08\/23\/pakistandan-gazzeye-100-tonluk-gida-yardimi\/#primaryimage","url":"https:\/\/kuzeyinsesi.org\/wp-content\/uploads\/2025\/08\/gazze-yardim-tiri-aa-2222826.jpg","contentUrl":"https:\/\/kuzeyinsesi.org\/wp-content\/uploads\/2025\/08\/gazze-yardim-tiri-aa-2222826.jpg","width":1280,"height":720},{"@type":"BreadcrumbList","@id":"https:\/\/kuzeyinsesi.org\/index.php\/2025\/08\/23\/pakistandan-gazzeye-100-tonluk-gida-yardimi\/#breadcrumb","itemListElement":[{"@type":"ListItem","position":1,"name":"Anasayfa","item":"https:\/\/kuzeyinsesi.org\/"},{"@type":"ListItem","position":2,"name":"Pakistan&#039;dan Gazze&#039;ye 100 tonluk g\u0131da yard\u0131m\u0131"}]},{"@type":"WebSite","@id":"https:\/\/kuzeyinsesi.org\/#website","url":"https:\/\/kuzeyinsesi.org\/","name":"Kuzeyin Sesi","description":"Do\u011fru Haberin Adresi","potentialAction":[{"@type":"SearchAction","target":{"@type":"EntryPoint","urlTemplate":"https:\/\/kuzeyinsesi.org\/?s={search_term_string}"},"query-input":{"@type":"PropertyValueSpecification","valueRequired":true,"valueName":"search_term_string"}}],"inLanguage":"tr"},{"@type":"Person","@id":"https:\/\/kuzeyinsesi.org\/#\/schema\/person\/9f859689cdf01485597712386e37f5aa","name":"Kuzeyin Sesi","image":{"@type":"ImageObject","inLanguage":"tr","@id":"https:\/\/secure.gravatar.com\/avatar\/bab33852abfd8b282518d6ed81826833d77c3c882d9ab608add591ccace47a44?s=96&d=mm&r=g","url":"https:\/\/secure.gravatar.com\/avatar\/bab33852abfd8b282518d6ed81826833d77c3c882d9ab608add591ccace47a44?s=96&d=mm&r=g","contentUrl":"https:\/\/secure.gravatar.com\/avatar\/bab33852abfd8b282518d6ed81826833d77c3c882d9ab608add591ccace47a44?s=96&d=mm&r=g","caption":"Kuzeyin Sesi"},"sameAs":["https:\/\/kuzeyinsesi.org"],"url":"https:\/\/kuzeyinsesi.org\/index.php\/author\/guven\/"}]}},"_links":{"self":[{"href":"https:\/\/kuzeyinsesi.org\/index.php\/wp-json\/wp\/v2\/posts\/30608","targetHints":{"allow":["GET"]}}],"collection":[{"href":"https:\/\/kuzeyinsesi.org\/index.php\/wp-json\/wp\/v2\/posts"}],"about":[{"href":"https:\/\/kuzeyinsesi.org\/index.php\/wp-json\/wp\/v2\/types\/post"}],"author":[{"embeddable":true,"href":"https:\/\/kuzeyinsesi.org\/index.php\/wp-json\/wp\/v2\/users\/1"}],"replies":[{"embeddable":true,"href":"https:\/\/kuzeyinsesi.org\/index.php\/wp-json\/wp\/v2\/comments?post=30608"}],"version-history":[{"count":0,"href":"https:\/\/kuzeyinsesi.org\/index.php\/wp-json\/wp\/v2\/posts\/30608\/revisions"}],"wp:featuredmedia":[{"embeddable":true,"href":"https:\/\/kuzeyinsesi.org\/index.php\/wp-json\/wp\/v2\/media\/30609"}],"wp:attachment":[{"href":"https:\/\/kuzeyinsesi.org\/index.php\/wp-json\/wp\/v2\/media?parent=30608"}],"wp:term":[{"taxonomy":"category","embeddable":true,"href":"https:\/\/kuzeyinsesi.org\/index.php\/wp-json\/wp\/v2\/categories?post=30608"},{"taxonomy":"post_tag","embeddable":true,"href":"https:\/\/kuzeyinsesi.org\/index.php\/wp-json\/wp\/v2\/tags?post=30608"}],"curies":[{"name":"wp","href":"https:\/\/api.w.org\/{rel}","templated":true}]}}