{"id":30578,"date":"2025-08-23T03:11:20","date_gmt":"2025-08-23T00:11:20","guid":{"rendered":"https:\/\/kuzeyinsesi.org\/index.php\/2025\/08\/23\/israilli-savunma-sirketlerinin-hollandadaki-savunma-fuarina-katilimi-yasaklandi\/"},"modified":"2025-08-23T03:11:20","modified_gmt":"2025-08-23T00:11:20","slug":"israilli-savunma-sirketlerinin-hollandadaki-savunma-fuarina-katilimi-yasaklandi","status":"publish","type":"post","link":"https:\/\/kuzeyinsesi.org\/index.php\/2025\/08\/23\/israilli-savunma-sirketlerinin-hollandadaki-savunma-fuarina-katilimi-yasaklandi\/","title":{"rendered":"\u0130srailli savunma \u015firketlerinin Hollanda&#039;daki savunma fuar\u0131na kat\u0131l\u0131m\u0131 yasakland\u0131"},"content":{"rendered":"<p><\/p>\n<div>\n<p>&#13;<br \/>\n\tNIDV Direkt\u00f6r\u00fc Hans Huigen, kamu yay\u0131nc\u0131s\u0131 NOS&#8217;a yapt\u0131\u011f\u0131 a\u00e7\u0131klamada, Rotterdam kentindeki <a href=\"https:\/\/www.trthaber.com\/etiket\/hollanda\/\" target=\"_blank\">Hollanda<\/a> Savunma ve G\u00fcvenlik End\u00fcstrileri (NEDS) fuar\u0131na kat\u0131l\u0131m ba\u015fvurusu yapan t\u00fcm \u0130srailli \u015firketlere kat\u0131lamayacaklar\u0131n\u0131n bildirildi\u011fini s\u00f6yledi.<\/p>\n<p>&#13;<br \/>\n\tHuigen, &#8220;Gazze&#8217;deki durum o kadar k\u00f6t\u00fcle\u015fti ki d\u00fcnya \u00e7ap\u0131nda, Avrupa&#8217;da, Hollanda&#8217;da toplumsal huzursuzluk artmaya devam ediyor. Onlara, e\u011fer fuara kat\u0131l\u0131rlarsa fuar\u0131 g\u00fcvenli bir \u015fekilde organize edebilme konusunda <a href=\"https:\/\/www.trthaber.com\/etiket\/endise\/\" target=\"_blank\">endi\u015fe<\/a> duydu\u011fumuzu s\u00f6yledik.&#8221; ifadelerini kulland\u0131.<\/p>\n<p>&#13;<br \/>\n\tHollanda&#8217;n\u0131n, AB&#8217;nin \u0130srail&#8217;e ticari imtiyazlar tan\u0131yan Ortakl\u0131k Anla\u015fmas\u0131&#8217;n\u0131n ask\u0131ya almas\u0131n\u0131 savundu\u011funu belirten Huigen, \u0130srailli \u015firketlerin fuara kat\u0131l\u0131m\u0131n\u0131n yasaklanmas\u0131na ili\u015fkin karar\u0131, toplumda ve siyasette g\u00f6r\u00fclen rahats\u0131zl\u0131klar nedeniyle ald\u0131klar\u0131n\u0131 anlatt\u0131.<\/p>\n<p>&#13;<br \/>\n\t\u00d6nceki y\u0131llarda d\u00fczenlenen fuarlarda \u0130srailli \u015firketlerin protesto edildi\u011fini hat\u0131rlatan Huigen, Hollanda&#8217;daki savunma ve g\u00fcvenlik sekt\u00f6r\u00fcndeki \u015firketlerin a\u011f\u0131 olarak hizmet veren NIDV&#8217;nin bu karar\u0131 h\u00fck\u00fcmetle g\u00f6r\u00fc\u015fmeden, ba\u011f\u0131ms\u0131z olarak ald\u0131\u011f\u0131n\u0131 ve h\u00fck\u00fcmeti bilgilendirdiklerini dile getirdi.<\/p>\n<p>&#13;<br \/>\n\tBu arada haberde, \u0130srailli \u015firketlerin \u00f6nceki y\u0131llarda fuara kat\u0131ld\u0131klar\u0131 ifade edildi.<\/p>\n<p>&#13;<br \/>\n\tVolkskrant gazetesindeki haberde de Rotterdam&#8217;a gelmesi yasaklanan d\u00f6rt \u0130srailli \u015firketin aras\u0131nda <a href=\"https:\/\/www.trthaber.com\/etiket\/israil\/\" target=\"_blank\">\u0130srail<\/a> <a href=\"https:\/\/www.trthaber.com\/etiket\/havacilik\/\" target=\"_blank\">Havac\u0131l\u0131k<\/a> ve <a href=\"https:\/\/www.trthaber.com\/etiket\/uzay\/\" target=\"_blank\">Uzay<\/a> Sanayii (IAI), Rafael Advanced Defense Systems ve Elbit Systems \u015firketlerinin oldu\u011fu ve bunlar\u0131n Hollanda ordusunun \u00f6nemli tedarik\u00e7ileri aras\u0131nda yer ald\u0131\u011f\u0131 kaydedildi.<\/p>\n<h2>&#13;<br \/>\n\tHollanda parlamentosunda \u0130srail&#8217;e yapt\u0131r\u0131mlar tart\u0131\u015f\u0131l\u0131yor<\/h2>\n<p>&#13;<br \/>\n\tHollanda parlamentosundaki muhalefet partileri, \u0130srail&#8217;e y\u00f6nelik tam silah ambargosu uygulanmas\u0131 i\u00e7in h\u00fck\u00fcmete bask\u0131 yaparken, mecliste d\u00fcn Hollanda\u2019n\u0131n \u0130srail\u2019le ili\u015fkilerine ili\u015fkin ba\u015flayan ve bug\u00fcn devam eden tart\u0131\u015fmalar tamamlanamadan ertelendi.<\/p>\n<p>&#13;<br \/>\n\tHollanda, 7 Ekim 2023&#8217;ten bu yana sald\u0131r\u0131 ama\u00e7l\u0131 silahlar\u0131n \u0130srail&#8217;e ihracat\u0131na izin vermemekle birlikte, hava savunma sisteminin par\u00e7alar\u0131na hala izin veriliyor.<\/p>\n<p>&#13;<br \/>\n\tHollanda D\u0131\u015fi\u015fleri Bakan\u0131 Caspar Veldkamp, muhalefet partilerinin iste\u011fi do\u011frultusunda \u0130srail&#8217;e kar\u015f\u0131 daha sert tedbirler getirilmesini de\u011ferlendirdiklerini belirtirken koalisyon orta\u011f\u0131 di\u011fer partilerin \u0130srail&#8217;e kar\u015f\u0131 silah ambargosu kar\u015f\u0131s\u0131nda Veldkamp kadar istekli olmad\u0131\u011f\u0131 g\u00f6r\u00fcl\u00fcyor.<\/p>\n<\/p><\/div>\n","protected":false},"excerpt":{"rendered":"<p>&#13; NIDV Direkt\u00f6r\u00fc Hans Huigen, kamu yay\u0131nc\u0131s\u0131 NOS&#8217;a yapt\u0131\u011f\u0131 a\u00e7\u0131klamada, Rotterdam kentindeki Hollanda Savunma ve G\u00fcvenlik End\u00fcstrileri (NEDS) fuar\u0131na kat\u0131l\u0131m ba\u015fvurusu yapan t\u00fcm \u0130srailli \u015firketlere kat\u0131lamayacaklar\u0131n\u0131n bildirildi\u011fini s\u00f6yledi. &#13; Huigen, &#8220;Gazze&#8217;deki durum o kadar k\u00f6t\u00fcle\u015fti ki d\u00fcnya \u00e7ap\u0131nda, Avrupa&#8217;da, Hollanda&#8217;da toplumsal huzursuzluk artmaya devam ediyor. Onlara, e\u011fer fuara kat\u0131l\u0131rlarsa fuar\u0131 g\u00fcvenli bir \u015fekilde organize edebilme [&hellip;]<\/p>\n","protected":false},"author":1,"featured_media":30579,"comment_status":"open","ping_status":"open","sticky":false,"template":"","format":"standard","meta":{"jnews-multi-image_gallery":[],"jnews_single_post":[],"jnews_primary_category":[],"jnews_social_meta":[],"jnews_override_counter":[],"footnotes":""},"categories":[2],"tags":[],"class_list":["post-30578","post","type-post","status-publish","format-standard","has-post-thumbnail","hentry","category-dunya"],"yoast_head":"<!-- This site is optimized with the Yoast SEO plugin v27.5 - https:\/\/yoast.com\/product\/yoast-seo-wordpress\/ -->\n<title>\u0130srailli savunma \u015firketlerinin Hollanda&#039;daki savunma fuar\u0131na kat\u0131l\u0131m\u0131 yasakland\u0131 - Kuzeyin Sesi<\/title>\n<meta name=\"robots\" content=\"index, follow, max-snippet:-1, max-image-preview:large, max-video-preview:-1\" \/>\n<link rel=\"canonical\" href=\"https:\/\/kuzeyinsesi.org\/index.php\/2025\/08\/23\/israilli-savunma-sirketlerinin-hollandadaki-savunma-fuarina-katilimi-yasaklandi\/\" \/>\n<meta property=\"og:locale\" content=\"tr_TR\" \/>\n<meta property=\"og:type\" content=\"article\" \/>\n<meta property=\"og:title\" content=\"\u0130srailli savunma \u015firketlerinin Hollanda&#039;daki savunma fuar\u0131na kat\u0131l\u0131m\u0131 yasakland\u0131 - Kuzeyin Sesi\" \/>\n<meta property=\"og:description\" content=\"&#013; NIDV Direkt\u00f6r\u00fc Hans Huigen, kamu yay\u0131nc\u0131s\u0131 NOS&#8217;a yapt\u0131\u011f\u0131 a\u00e7\u0131klamada, Rotterdam kentindeki Hollanda Savunma ve G\u00fcvenlik End\u00fcstrileri (NEDS) fuar\u0131na kat\u0131l\u0131m ba\u015fvurusu yapan t\u00fcm \u0130srailli \u015firketlere kat\u0131lamayacaklar\u0131n\u0131n bildirildi\u011fini s\u00f6yledi. &#013; Huigen, &#8220;Gazze&#8217;deki durum o kadar k\u00f6t\u00fcle\u015fti ki d\u00fcnya \u00e7ap\u0131nda, Avrupa&#8217;da, Hollanda&#8217;da toplumsal huzursuzluk artmaya devam ediyor. Onlara, e\u011fer fuara kat\u0131l\u0131rlarsa fuar\u0131 g\u00fcvenli bir \u015fekilde organize edebilme [&hellip;]\" \/>\n<meta property=\"og:url\" content=\"https:\/\/kuzeyinsesi.org\/index.php\/2025\/08\/23\/israilli-savunma-sirketlerinin-hollandadaki-savunma-fuarina-katilimi-yasaklandi\/\" \/>\n<meta property=\"og:site_name\" content=\"Kuzeyin Sesi\" \/>\n<meta property=\"article:publisher\" content=\"https:\/\/www.facebook.com\/kuzeyinsesii\" \/>\n<meta property=\"article:published_time\" content=\"2025-08-23T00:11:20+00:00\" \/>\n<meta property=\"og:image\" content=\"https:\/\/trthaberstatic.cdn.wp.trt.com.tr\/resimler\/1962000\/hollanda-reu-1963741.jpg\" \/>\n<meta name=\"author\" content=\"Kuzeyin Sesi\" \/>\n<meta name=\"twitter:card\" content=\"summary_large_image\" \/>\n<meta name=\"twitter:creator\" content=\"@kuzeyinsesii\" \/>\n<meta name=\"twitter:site\" content=\"@kuzeyinsesii\" \/>\n<meta name=\"twitter:label1\" content=\"Yazan:\" \/>\n\t<meta name=\"twitter:data1\" content=\"Kuzeyin Sesi\" \/>\n\t<meta name=\"twitter:label2\" content=\"Tahmini okuma s\u00fcresi\" \/>\n\t<meta name=\"twitter:data2\" content=\"2 dakika\" \/>\n<script type=\"application\/ld+json\" class=\"yoast-schema-graph\">{\"@context\":\"https:\\\/\\\/schema.org\",\"@graph\":[{\"@type\":\"Article\",\"@id\":\"https:\\\/\\\/kuzeyinsesi.org\\\/index.php\\\/2025\\\/08\\\/23\\\/israilli-savunma-sirketlerinin-hollandadaki-savunma-fuarina-katilimi-yasaklandi\\\/#article\",\"isPartOf\":{\"@id\":\"https:\\\/\\\/kuzeyinsesi.org\\\/index.php\\\/2025\\\/08\\\/23\\\/israilli-savunma-sirketlerinin-hollandadaki-savunma-fuarina-katilimi-yasaklandi\\\/\"},\"author\":{\"name\":\"Kuzeyin Sesi\",\"@id\":\"https:\\\/\\\/kuzeyinsesi.org\\\/#\\\/schema\\\/person\\\/9f859689cdf01485597712386e37f5aa\"},\"headline\":\"\u0130srailli savunma \u015firketlerinin Hollanda&#039;daki savunma fuar\u0131na kat\u0131l\u0131m\u0131 yasakland\u0131\",\"datePublished\":\"2025-08-23T00:11:20+00:00\",\"mainEntityOfPage\":{\"@id\":\"https:\\\/\\\/kuzeyinsesi.org\\\/index.php\\\/2025\\\/08\\\/23\\\/israilli-savunma-sirketlerinin-hollandadaki-savunma-fuarina-katilimi-yasaklandi\\\/\"},\"wordCount\":388,\"commentCount\":0,\"image\":{\"@id\":\"https:\\\/\\\/kuzeyinsesi.org\\\/index.php\\\/2025\\\/08\\\/23\\\/israilli-savunma-sirketlerinin-hollandadaki-savunma-fuarina-katilimi-yasaklandi\\\/#primaryimage\"},\"thumbnailUrl\":\"https:\\\/\\\/kuzeyinsesi.org\\\/wp-content\\\/uploads\\\/2025\\\/08\\\/hollanda-reu-1963741.jpg\",\"articleSection\":[\"D\u00fcnya\"],\"inLanguage\":\"tr\",\"potentialAction\":[{\"@type\":\"CommentAction\",\"name\":\"Comment\",\"target\":[\"https:\\\/\\\/kuzeyinsesi.org\\\/index.php\\\/2025\\\/08\\\/23\\\/israilli-savunma-sirketlerinin-hollandadaki-savunma-fuarina-katilimi-yasaklandi\\\/#respond\"]}]},{\"@type\":\"WebPage\",\"@id\":\"https:\\\/\\\/kuzeyinsesi.org\\\/index.php\\\/2025\\\/08\\\/23\\\/israilli-savunma-sirketlerinin-hollandadaki-savunma-fuarina-katilimi-yasaklandi\\\/\",\"url\":\"https:\\\/\\\/kuzeyinsesi.org\\\/index.php\\\/2025\\\/08\\\/23\\\/israilli-savunma-sirketlerinin-hollandadaki-savunma-fuarina-katilimi-yasaklandi\\\/\",\"name\":\"\u0130srailli savunma \u015firketlerinin Hollanda&#039;daki savunma fuar\u0131na kat\u0131l\u0131m\u0131 yasakland\u0131 - Kuzeyin Sesi\",\"isPartOf\":{\"@id\":\"https:\\\/\\\/kuzeyinsesi.org\\\/#website\"},\"primaryImageOfPage\":{\"@id\":\"https:\\\/\\\/kuzeyinsesi.org\\\/index.php\\\/2025\\\/08\\\/23\\\/israilli-savunma-sirketlerinin-hollandadaki-savunma-fuarina-katilimi-yasaklandi\\\/#primaryimage\"},\"image\":{\"@id\":\"https:\\\/\\\/kuzeyinsesi.org\\\/index.php\\\/2025\\\/08\\\/23\\\/israilli-savunma-sirketlerinin-hollandadaki-savunma-fuarina-katilimi-yasaklandi\\\/#primaryimage\"},\"thumbnailUrl\":\"https:\\\/\\\/kuzeyinsesi.org\\\/wp-content\\\/uploads\\\/2025\\\/08\\\/hollanda-reu-1963741.jpg\",\"datePublished\":\"2025-08-23T00:11:20+00:00\",\"author\":{\"@id\":\"https:\\\/\\\/kuzeyinsesi.org\\\/#\\\/schema\\\/person\\\/9f859689cdf01485597712386e37f5aa\"},\"breadcrumb\":{\"@id\":\"https:\\\/\\\/kuzeyinsesi.org\\\/index.php\\\/2025\\\/08\\\/23\\\/israilli-savunma-sirketlerinin-hollandadaki-savunma-fuarina-katilimi-yasaklandi\\\/#breadcrumb\"},\"inLanguage\":\"tr\",\"potentialAction\":[{\"@type\":\"ReadAction\",\"target\":[\"https:\\\/\\\/kuzeyinsesi.org\\\/index.php\\\/2025\\\/08\\\/23\\\/israilli-savunma-sirketlerinin-hollandadaki-savunma-fuarina-katilimi-yasaklandi\\\/\"]}]},{\"@type\":\"ImageObject\",\"inLanguage\":\"tr\",\"@id\":\"https:\\\/\\\/kuzeyinsesi.org\\\/index.php\\\/2025\\\/08\\\/23\\\/israilli-savunma-sirketlerinin-hollandadaki-savunma-fuarina-katilimi-yasaklandi\\\/#primaryimage\",\"url\":\"https:\\\/\\\/kuzeyinsesi.org\\\/wp-content\\\/uploads\\\/2025\\\/08\\\/hollanda-reu-1963741.jpg\",\"contentUrl\":\"https:\\\/\\\/kuzeyinsesi.org\\\/wp-content\\\/uploads\\\/2025\\\/08\\\/hollanda-reu-1963741.jpg\",\"width\":1280,\"height\":720},{\"@type\":\"BreadcrumbList\",\"@id\":\"https:\\\/\\\/kuzeyinsesi.org\\\/index.php\\\/2025\\\/08\\\/23\\\/israilli-savunma-sirketlerinin-hollandadaki-savunma-fuarina-katilimi-yasaklandi\\\/#breadcrumb\",\"itemListElement\":[{\"@type\":\"ListItem\",\"position\":1,\"name\":\"Anasayfa\",\"item\":\"https:\\\/\\\/kuzeyinsesi.org\\\/\"},{\"@type\":\"ListItem\",\"position\":2,\"name\":\"\u0130srailli savunma \u015firketlerinin Hollanda&#039;daki savunma fuar\u0131na kat\u0131l\u0131m\u0131 yasakland\u0131\"}]},{\"@type\":\"WebSite\",\"@id\":\"https:\\\/\\\/kuzeyinsesi.org\\\/#website\",\"url\":\"https:\\\/\\\/kuzeyinsesi.org\\\/\",\"name\":\"Kuzeyin Sesi\",\"description\":\"Do\u011fru Haberin Adresi\",\"potentialAction\":[{\"@type\":\"SearchAction\",\"target\":{\"@type\":\"EntryPoint\",\"urlTemplate\":\"https:\\\/\\\/kuzeyinsesi.org\\\/?s={search_term_string}\"},\"query-input\":{\"@type\":\"PropertyValueSpecification\",\"valueRequired\":true,\"valueName\":\"search_term_string\"}}],\"inLanguage\":\"tr\"},{\"@type\":\"Person\",\"@id\":\"https:\\\/\\\/kuzeyinsesi.org\\\/#\\\/schema\\\/person\\\/9f859689cdf01485597712386e37f5aa\",\"name\":\"Kuzeyin Sesi\",\"image\":{\"@type\":\"ImageObject\",\"inLanguage\":\"tr\",\"@id\":\"https:\\\/\\\/secure.gravatar.com\\\/avatar\\\/bab33852abfd8b282518d6ed81826833d77c3c882d9ab608add591ccace47a44?s=96&d=mm&r=g\",\"url\":\"https:\\\/\\\/secure.gravatar.com\\\/avatar\\\/bab33852abfd8b282518d6ed81826833d77c3c882d9ab608add591ccace47a44?s=96&d=mm&r=g\",\"contentUrl\":\"https:\\\/\\\/secure.gravatar.com\\\/avatar\\\/bab33852abfd8b282518d6ed81826833d77c3c882d9ab608add591ccace47a44?s=96&d=mm&r=g\",\"caption\":\"Kuzeyin Sesi\"},\"sameAs\":[\"https:\\\/\\\/kuzeyinsesi.org\"],\"url\":\"https:\\\/\\\/kuzeyinsesi.org\\\/index.php\\\/author\\\/guven\\\/\"}]}<\/script>\n<!-- \/ Yoast SEO plugin. -->","yoast_head_json":{"title":"\u0130srailli savunma \u015firketlerinin Hollanda&#039;daki savunma fuar\u0131na kat\u0131l\u0131m\u0131 yasakland\u0131 - Kuzeyin Sesi","robots":{"index":"index","follow":"follow","max-snippet":"max-snippet:-1","max-image-preview":"max-image-preview:large","max-video-preview":"max-video-preview:-1"},"canonical":"https:\/\/kuzeyinsesi.org\/index.php\/2025\/08\/23\/israilli-savunma-sirketlerinin-hollandadaki-savunma-fuarina-katilimi-yasaklandi\/","og_locale":"tr_TR","og_type":"article","og_title":"\u0130srailli savunma \u015firketlerinin Hollanda&#039;daki savunma fuar\u0131na kat\u0131l\u0131m\u0131 yasakland\u0131 - Kuzeyin Sesi","og_description":"&#13; NIDV Direkt\u00f6r\u00fc Hans Huigen, kamu yay\u0131nc\u0131s\u0131 NOS&#8217;a yapt\u0131\u011f\u0131 a\u00e7\u0131klamada, Rotterdam kentindeki Hollanda Savunma ve G\u00fcvenlik End\u00fcstrileri (NEDS) fuar\u0131na kat\u0131l\u0131m ba\u015fvurusu yapan t\u00fcm \u0130srailli \u015firketlere kat\u0131lamayacaklar\u0131n\u0131n bildirildi\u011fini s\u00f6yledi. &#13; Huigen, &#8220;Gazze&#8217;deki durum o kadar k\u00f6t\u00fcle\u015fti ki d\u00fcnya \u00e7ap\u0131nda, Avrupa&#8217;da, Hollanda&#8217;da toplumsal huzursuzluk artmaya devam ediyor. Onlara, e\u011fer fuara kat\u0131l\u0131rlarsa fuar\u0131 g\u00fcvenli bir \u015fekilde organize edebilme [&hellip;]","og_url":"https:\/\/kuzeyinsesi.org\/index.php\/2025\/08\/23\/israilli-savunma-sirketlerinin-hollandadaki-savunma-fuarina-katilimi-yasaklandi\/","og_site_name":"Kuzeyin Sesi","article_publisher":"https:\/\/www.facebook.com\/kuzeyinsesii","article_published_time":"2025-08-23T00:11:20+00:00","og_image":[{"url":"https:\/\/trthaberstatic.cdn.wp.trt.com.tr\/resimler\/1962000\/hollanda-reu-1963741.jpg","type":"","width":"","height":""}],"author":"Kuzeyin Sesi","twitter_card":"summary_large_image","twitter_creator":"@kuzeyinsesii","twitter_site":"@kuzeyinsesii","twitter_misc":{"Yazan:":"Kuzeyin Sesi","Tahmini okuma s\u00fcresi":"2 dakika"},"schema":{"@context":"https:\/\/schema.org","@graph":[{"@type":"Article","@id":"https:\/\/kuzeyinsesi.org\/index.php\/2025\/08\/23\/israilli-savunma-sirketlerinin-hollandadaki-savunma-fuarina-katilimi-yasaklandi\/#article","isPartOf":{"@id":"https:\/\/kuzeyinsesi.org\/index.php\/2025\/08\/23\/israilli-savunma-sirketlerinin-hollandadaki-savunma-fuarina-katilimi-yasaklandi\/"},"author":{"name":"Kuzeyin Sesi","@id":"https:\/\/kuzeyinsesi.org\/#\/schema\/person\/9f859689cdf01485597712386e37f5aa"},"headline":"\u0130srailli savunma \u015firketlerinin Hollanda&#039;daki savunma fuar\u0131na kat\u0131l\u0131m\u0131 yasakland\u0131","datePublished":"2025-08-23T00:11:20+00:00","mainEntityOfPage":{"@id":"https:\/\/kuzeyinsesi.org\/index.php\/2025\/08\/23\/israilli-savunma-sirketlerinin-hollandadaki-savunma-fuarina-katilimi-yasaklandi\/"},"wordCount":388,"commentCount":0,"image":{"@id":"https:\/\/kuzeyinsesi.org\/index.php\/2025\/08\/23\/israilli-savunma-sirketlerinin-hollandadaki-savunma-fuarina-katilimi-yasaklandi\/#primaryimage"},"thumbnailUrl":"https:\/\/kuzeyinsesi.org\/wp-content\/uploads\/2025\/08\/hollanda-reu-1963741.jpg","articleSection":["D\u00fcnya"],"inLanguage":"tr","potentialAction":[{"@type":"CommentAction","name":"Comment","target":["https:\/\/kuzeyinsesi.org\/index.php\/2025\/08\/23\/israilli-savunma-sirketlerinin-hollandadaki-savunma-fuarina-katilimi-yasaklandi\/#respond"]}]},{"@type":"WebPage","@id":"https:\/\/kuzeyinsesi.org\/index.php\/2025\/08\/23\/israilli-savunma-sirketlerinin-hollandadaki-savunma-fuarina-katilimi-yasaklandi\/","url":"https:\/\/kuzeyinsesi.org\/index.php\/2025\/08\/23\/israilli-savunma-sirketlerinin-hollandadaki-savunma-fuarina-katilimi-yasaklandi\/","name":"\u0130srailli savunma \u015firketlerinin Hollanda&#039;daki savunma fuar\u0131na kat\u0131l\u0131m\u0131 yasakland\u0131 - Kuzeyin Sesi","isPartOf":{"@id":"https:\/\/kuzeyinsesi.org\/#website"},"primaryImageOfPage":{"@id":"https:\/\/kuzeyinsesi.org\/index.php\/2025\/08\/23\/israilli-savunma-sirketlerinin-hollandadaki-savunma-fuarina-katilimi-yasaklandi\/#primaryimage"},"image":{"@id":"https:\/\/kuzeyinsesi.org\/index.php\/2025\/08\/23\/israilli-savunma-sirketlerinin-hollandadaki-savunma-fuarina-katilimi-yasaklandi\/#primaryimage"},"thumbnailUrl":"https:\/\/kuzeyinsesi.org\/wp-content\/uploads\/2025\/08\/hollanda-reu-1963741.jpg","datePublished":"2025-08-23T00:11:20+00:00","author":{"@id":"https:\/\/kuzeyinsesi.org\/#\/schema\/person\/9f859689cdf01485597712386e37f5aa"},"breadcrumb":{"@id":"https:\/\/kuzeyinsesi.org\/index.php\/2025\/08\/23\/israilli-savunma-sirketlerinin-hollandadaki-savunma-fuarina-katilimi-yasaklandi\/#breadcrumb"},"inLanguage":"tr","potentialAction":[{"@type":"ReadAction","target":["https:\/\/kuzeyinsesi.org\/index.php\/2025\/08\/23\/israilli-savunma-sirketlerinin-hollandadaki-savunma-fuarina-katilimi-yasaklandi\/"]}]},{"@type":"ImageObject","inLanguage":"tr","@id":"https:\/\/kuzeyinsesi.org\/index.php\/2025\/08\/23\/israilli-savunma-sirketlerinin-hollandadaki-savunma-fuarina-katilimi-yasaklandi\/#primaryimage","url":"https:\/\/kuzeyinsesi.org\/wp-content\/uploads\/2025\/08\/hollanda-reu-1963741.jpg","contentUrl":"https:\/\/kuzeyinsesi.org\/wp-content\/uploads\/2025\/08\/hollanda-reu-1963741.jpg","width":1280,"height":720},{"@type":"BreadcrumbList","@id":"https:\/\/kuzeyinsesi.org\/index.php\/2025\/08\/23\/israilli-savunma-sirketlerinin-hollandadaki-savunma-fuarina-katilimi-yasaklandi\/#breadcrumb","itemListElement":[{"@type":"ListItem","position":1,"name":"Anasayfa","item":"https:\/\/kuzeyinsesi.org\/"},{"@type":"ListItem","position":2,"name":"\u0130srailli savunma \u015firketlerinin Hollanda&#039;daki savunma fuar\u0131na kat\u0131l\u0131m\u0131 yasakland\u0131"}]},{"@type":"WebSite","@id":"https:\/\/kuzeyinsesi.org\/#website","url":"https:\/\/kuzeyinsesi.org\/","name":"Kuzeyin Sesi","description":"Do\u011fru Haberin Adresi","potentialAction":[{"@type":"SearchAction","target":{"@type":"EntryPoint","urlTemplate":"https:\/\/kuzeyinsesi.org\/?s={search_term_string}"},"query-input":{"@type":"PropertyValueSpecification","valueRequired":true,"valueName":"search_term_string"}}],"inLanguage":"tr"},{"@type":"Person","@id":"https:\/\/kuzeyinsesi.org\/#\/schema\/person\/9f859689cdf01485597712386e37f5aa","name":"Kuzeyin Sesi","image":{"@type":"ImageObject","inLanguage":"tr","@id":"https:\/\/secure.gravatar.com\/avatar\/bab33852abfd8b282518d6ed81826833d77c3c882d9ab608add591ccace47a44?s=96&d=mm&r=g","url":"https:\/\/secure.gravatar.com\/avatar\/bab33852abfd8b282518d6ed81826833d77c3c882d9ab608add591ccace47a44?s=96&d=mm&r=g","contentUrl":"https:\/\/secure.gravatar.com\/avatar\/bab33852abfd8b282518d6ed81826833d77c3c882d9ab608add591ccace47a44?s=96&d=mm&r=g","caption":"Kuzeyin Sesi"},"sameAs":["https:\/\/kuzeyinsesi.org"],"url":"https:\/\/kuzeyinsesi.org\/index.php\/author\/guven\/"}]}},"_links":{"self":[{"href":"https:\/\/kuzeyinsesi.org\/index.php\/wp-json\/wp\/v2\/posts\/30578","targetHints":{"allow":["GET"]}}],"collection":[{"href":"https:\/\/kuzeyinsesi.org\/index.php\/wp-json\/wp\/v2\/posts"}],"about":[{"href":"https:\/\/kuzeyinsesi.org\/index.php\/wp-json\/wp\/v2\/types\/post"}],"author":[{"embeddable":true,"href":"https:\/\/kuzeyinsesi.org\/index.php\/wp-json\/wp\/v2\/users\/1"}],"replies":[{"embeddable":true,"href":"https:\/\/kuzeyinsesi.org\/index.php\/wp-json\/wp\/v2\/comments?post=30578"}],"version-history":[{"count":0,"href":"https:\/\/kuzeyinsesi.org\/index.php\/wp-json\/wp\/v2\/posts\/30578\/revisions"}],"wp:featuredmedia":[{"embeddable":true,"href":"https:\/\/kuzeyinsesi.org\/index.php\/wp-json\/wp\/v2\/media\/30579"}],"wp:attachment":[{"href":"https:\/\/kuzeyinsesi.org\/index.php\/wp-json\/wp\/v2\/media?parent=30578"}],"wp:term":[{"taxonomy":"category","embeddable":true,"href":"https:\/\/kuzeyinsesi.org\/index.php\/wp-json\/wp\/v2\/categories?post=30578"},{"taxonomy":"post_tag","embeddable":true,"href":"https:\/\/kuzeyinsesi.org\/index.php\/wp-json\/wp\/v2\/tags?post=30578"}],"curies":[{"name":"wp","href":"https:\/\/api.w.org\/{rel}","templated":true}]}}