{"id":30492,"date":"2025-08-21T15:49:28","date_gmt":"2025-08-21T12:49:28","guid":{"rendered":"https:\/\/kuzeyinsesi.org\/index.php\/2025\/08\/21\/abd-israil-buyukelcisinden-skandal-itiraf-filistini-tanimamalari-icin-avrupa-devletlerine-baski-yaptik\/"},"modified":"2025-08-21T15:49:28","modified_gmt":"2025-08-21T12:49:28","slug":"abd-israil-buyukelcisinden-skandal-itiraf-filistini-tanimamalari-icin-avrupa-devletlerine-baski-yaptik","status":"publish","type":"post","link":"https:\/\/kuzeyinsesi.org\/index.php\/2025\/08\/21\/abd-israil-buyukelcisinden-skandal-itiraf-filistini-tanimamalari-icin-avrupa-devletlerine-baski-yaptik\/","title":{"rendered":"ABD \u0130srail B\u00fcy\u00fckel\u00e7isinden skandal itiraf: Filistin&#039;i tan\u0131mamalar\u0131 i\u00e7in Avrupa devletlerine bask\u0131 yapt\u0131k"},"content":{"rendered":"<p><\/p>\n<div>\n<p>&#13;<br \/>\n\t<a href=\"https:\/\/www.trthaber.com\/etiket\/israil\/\" target=\"_blank\">\u0130srail<\/a> devlet televizyonu KAN&#8217;a konu\u015fan B\u00fcy\u00fckel\u00e7i Huckabee, \u0130srail&#8217;in <a href=\"https:\/\/www.trthaber.com\/etiket\/gazze\/\" target=\"_blank\">Gazze<\/a> kentini i\u015fgal karar\u0131, arabulucular\u0131n taraflara sundu\u011fu yeni ate\u015fkes \u00f6nerisi ile \u0130srail&#8217;in Gazze&#8217;ye sald\u0131r\u0131lar\u0131 kar\u015f\u0131s\u0131nda Filistin devletinin tan\u0131nmas\u0131 kararlar\u0131na ili\u015fkin a\u00e7\u0131klamalarda bulundu.<\/p>\n<p>&#13;<br \/>\n\tAvrupa \u00fclkelerinin Filistin devletini tan\u0131ma y\u00f6n\u00fcnde ad\u0131mlar atmaya ba\u015flad\u0131ktan sonra Hamas&#8217;\u0131n m\u00fczakereleri durdurdu\u011funu \u00f6ne s\u00fcren Huckabee, &#8220;Biz \u00f6nceden a\u00e7\u0131k\u00e7a belirttik, yaln\u0131zca esirlerin serbest b\u0131rak\u0131lmas\u0131n\u0131 geciktiren bu sa\u00e7ma oyunu oynamayaca\u011f\u0131z.&#8221; de\u011ferlendirmesinde bulundu.<\/p>\n<p>&#13;<br \/>\n\tFilistin devletinin tan\u0131nmamas\u0131 i\u00e7in Avrupa \u00fclkelerine bask\u0131 kurduklar\u0131n\u0131 a\u00e7\u0131k\u00e7a ifade eden Huckabee, &#8220;ABD, Avrupa \u00fclkelerine Filistin devletini tan\u0131mamalar\u0131 i\u00e7in aktif olarak bask\u0131 uyguluyor.&#8221; dedi.<\/p>\n<p>&#13;<br \/>\n\tFilistin&#8217;in tan\u0131nmas\u0131 durumunda \u0130srail&#8217;in i\u015fgal alt\u0131nda tuttu\u011fu <a href=\"https:\/\/www.trthaber.com\/etiket\/bati-seria\/\" target=\"_blank\">Bat\u0131 \u015eeria<\/a> topraklar\u0131n\u0131n bir k\u0131sm\u0131 \u00fczerinde &#8220;egemenlik ilan edece\u011fini&#8221; s\u00f6yleyen Huckabee, bunun Oslo Anla\u015fmalar\u0131&#8217;n\u0131n ihlali olaca\u011f\u0131n\u0131 kaydetti.<\/p>\n<h2>&#13;<br \/>\n\t&#8220;\u0130srail&#8217;e ne yapmas\u0131 gerekti\u011fini dikte etmek uygun olmaz&#8221;<\/h2>\n<p>&#13;<br \/>\n\t<a href=\"https:\/\/www.trthaber.com\/etiket\/misir\/\" target=\"_blank\">M\u0131s\u0131r<\/a> ve Katar&#8217;\u0131n taraflara sundu\u011fu yeni ate\u015fkes \u00f6nerisine ili\u015fkin &#8220;\u0130srail&#8217;e ne yapmas\u0131 gerekti\u011fini dikte etmek uygun olmaz.&#8221; diyen B\u00fcy\u00fckel\u00e7i Huckabee, Hamas&#8217;\u0131n anla\u015fma konusunda ciddi olup olmad\u0131\u011f\u0131n\u0131 bilmedi\u011fini savundu.<\/p>\n<p>&#13;<br \/>\n\tHuckabee, <a href=\"https:\/\/www.trthaber.com\/etiket\/abd\/\" target=\"_blank\">ABD<\/a> Ba\u015fkan\u0131 Trump&#8217;\u0131n &#8220;t\u00fcm esirlerin geri getirilmesi gerekti\u011fini ve Hamas&#8217;\u0131n iktidarda kalamayaca\u011f\u0131n\u0131&#8221; s\u00f6yledi\u011fini hat\u0131rlatarak Washington y\u00f6netiminin ate\u015fkes hakk\u0131ndaki tutumunun net oldu\u011funu belirtti.<\/p>\n<p>&#13;<br \/>\n\tArabulucular\u0131n \u00f6nerisinin detaylar\u0131na ili\u015fkin bilgi sahibi olmad\u0131\u011f\u0131n\u0131 \u00f6ne s\u00fcren Huckabee, ancak &#8220;Hamas&#8217;\u0131n ortadan kald\u0131r\u0131lmas\u0131&#8221; gerekti\u011fini d\u00fc\u015f\u00fcnd\u00fcklerini vurgulad\u0131.<\/p>\n<p>&#13;<br \/>\n\t\u0130srail&#8217;in 22 ayd\u0131r Gazze \u015eeridi\u2019ne d\u00fczenledi\u011fi sald\u0131r\u0131lar\u0131n ne zaman sona ermesi gerekti\u011fi hususunda, &#8220;Bir zaman \u00e7izelgesi yapmak uygun de\u011fil.\u201d diyen Huckabee, s\u00f6zlerini \u015f\u00f6yle s\u00fcrd\u00fcrd\u00fc:<\/p>\n<p>&#13;<br \/>\n\t&#8220;T\u00fcm d\u00fcnyan\u0131n Hamas&#8217;\u0131 k\u0131namas\u0131n\u0131 isterdim, ama ne yaz\u0131k ki Hamas&#8217;tan \u00e7ok \u0130srail&#8217;e bask\u0131 uygulayan Avrupa \u00fclkeleri var.&#8221;<\/p>\n<h2>&#13;<br \/>\n\tHuckabee, Gazze&#8217;de k\u0131tl\u0131k ya\u015fanmad\u0131\u011f\u0131n\u0131 iddia etti<\/h2>\n<p>&#13;<br \/>\n\tGazze&#8217;de \u0130srail&#8217;in neden oldu\u011fu insani krize ili\u015fkin Huckabee, &#8220;Gazze&#8217;de a\u00e7l\u0131k \u00e7eken insanlar oldu\u011fundan eminim. Kitlesel a\u00e7l\u0131k konusunda do\u011frulanm\u0131\u015f bir rapor g\u00f6rmedim, ama a\u00e7l\u0131k \u00e7eken insanlar oldu\u011fundan eminim.&#8221; dedi.<\/p>\n<p>&#13;<br \/>\n\tGazze\u2019deki a\u00e7l\u0131ktan Birle\u015fmi\u015f Milletler&#8217;i sorumlu tutan Huckabee, &#8220;BM mekanizmas\u0131n\u0131n neden daha fazla k\u0131nanmad\u0131\u011f\u0131n\u0131 anlam\u0131yorum. Bu mekanizma o kadar etkisiz ki, kendi verilerine g\u00f6re yard\u0131mlar\u0131n y\u00fczde 92&#8217;si halka ula\u015fmadan \u00f6nce al\u0131n\u0131yor.&#8221; ifadelerini kulland\u0131.<\/p>\n<p>&#13;<br \/>\n\tABD&#8217;nin \u0130srail B\u00fcy\u00fckel\u00e7isi Huckabee, Hamas&#8217;\u0131n insani yard\u0131mlara el koydu\u011funu iddia etti.<\/p>\n<\/p><\/div>\n","protected":false},"excerpt":{"rendered":"<p>&#13; \u0130srail devlet televizyonu KAN&#8217;a konu\u015fan B\u00fcy\u00fckel\u00e7i Huckabee, \u0130srail&#8217;in Gazze kentini i\u015fgal karar\u0131, arabulucular\u0131n taraflara sundu\u011fu yeni ate\u015fkes \u00f6nerisi ile \u0130srail&#8217;in Gazze&#8217;ye sald\u0131r\u0131lar\u0131 kar\u015f\u0131s\u0131nda Filistin devletinin tan\u0131nmas\u0131 kararlar\u0131na ili\u015fkin a\u00e7\u0131klamalarda bulundu. &#13; Avrupa \u00fclkelerinin Filistin devletini tan\u0131ma y\u00f6n\u00fcnde ad\u0131mlar atmaya ba\u015flad\u0131ktan sonra Hamas&#8217;\u0131n m\u00fczakereleri durdurdu\u011funu \u00f6ne s\u00fcren Huckabee, &#8220;Biz \u00f6nceden a\u00e7\u0131k\u00e7a belirttik, yaln\u0131zca esirlerin serbest [&hellip;]<\/p>\n","protected":false},"author":1,"featured_media":30493,"comment_status":"open","ping_status":"open","sticky":false,"template":"","format":"standard","meta":{"jnews-multi-image_gallery":[],"jnews_single_post":[],"jnews_primary_category":[],"jnews_social_meta":[],"jnews_override_counter":[],"footnotes":""},"categories":[2],"tags":[],"class_list":["post-30492","post","type-post","status-publish","format-standard","has-post-thumbnail","hentry","category-dunya"],"yoast_head":"<!-- This site is optimized with the Yoast SEO plugin v27.5 - https:\/\/yoast.com\/product\/yoast-seo-wordpress\/ -->\n<title>ABD \u0130srail B\u00fcy\u00fckel\u00e7isinden skandal itiraf: Filistin&#039;i tan\u0131mamalar\u0131 i\u00e7in Avrupa devletlerine bask\u0131 yapt\u0131k - Kuzeyin Sesi<\/title>\n<meta name=\"robots\" content=\"index, follow, max-snippet:-1, max-image-preview:large, max-video-preview:-1\" \/>\n<link rel=\"canonical\" href=\"https:\/\/kuzeyinsesi.org\/index.php\/2025\/08\/21\/abd-israil-buyukelcisinden-skandal-itiraf-filistini-tanimamalari-icin-avrupa-devletlerine-baski-yaptik\/\" \/>\n<meta property=\"og:locale\" content=\"tr_TR\" \/>\n<meta property=\"og:type\" content=\"article\" \/>\n<meta property=\"og:title\" content=\"ABD \u0130srail B\u00fcy\u00fckel\u00e7isinden skandal itiraf: Filistin&#039;i tan\u0131mamalar\u0131 i\u00e7in Avrupa devletlerine bask\u0131 yapt\u0131k - Kuzeyin Sesi\" \/>\n<meta property=\"og:description\" content=\"&#013; \u0130srail devlet televizyonu KAN&#8217;a konu\u015fan B\u00fcy\u00fckel\u00e7i Huckabee, \u0130srail&#8217;in Gazze kentini i\u015fgal karar\u0131, arabulucular\u0131n taraflara sundu\u011fu yeni ate\u015fkes \u00f6nerisi ile \u0130srail&#8217;in Gazze&#8217;ye sald\u0131r\u0131lar\u0131 kar\u015f\u0131s\u0131nda Filistin devletinin tan\u0131nmas\u0131 kararlar\u0131na ili\u015fkin a\u00e7\u0131klamalarda bulundu. &#013; Avrupa \u00fclkelerinin Filistin devletini tan\u0131ma y\u00f6n\u00fcnde ad\u0131mlar atmaya ba\u015flad\u0131ktan sonra Hamas&#8217;\u0131n m\u00fczakereleri durdurdu\u011funu \u00f6ne s\u00fcren Huckabee, &#8220;Biz \u00f6nceden a\u00e7\u0131k\u00e7a belirttik, yaln\u0131zca esirlerin serbest [&hellip;]\" \/>\n<meta property=\"og:url\" content=\"https:\/\/kuzeyinsesi.org\/index.php\/2025\/08\/21\/abd-israil-buyukelcisinden-skandal-itiraf-filistini-tanimamalari-icin-avrupa-devletlerine-baski-yaptik\/\" \/>\n<meta property=\"og:site_name\" content=\"Kuzeyin Sesi\" \/>\n<meta property=\"article:publisher\" content=\"https:\/\/www.facebook.com\/kuzeyinsesii\" \/>\n<meta property=\"article:published_time\" content=\"2025-08-21T12:49:28+00:00\" \/>\n<meta property=\"og:image\" content=\"https:\/\/trthaberstatic.cdn.wp.trt.com.tr\/resimler\/2390000\/mike-huckabee-2390423.jpg\" \/>\n<meta name=\"author\" content=\"Kuzeyin Sesi\" \/>\n<meta name=\"twitter:card\" content=\"summary_large_image\" \/>\n<meta name=\"twitter:creator\" content=\"@kuzeyinsesii\" \/>\n<meta name=\"twitter:site\" content=\"@kuzeyinsesii\" \/>\n<meta name=\"twitter:label1\" content=\"Yazan:\" \/>\n\t<meta name=\"twitter:data1\" content=\"Kuzeyin Sesi\" \/>\n\t<meta name=\"twitter:label2\" content=\"Tahmini okuma s\u00fcresi\" \/>\n\t<meta name=\"twitter:data2\" content=\"2 dakika\" \/>\n<script type=\"application\/ld+json\" class=\"yoast-schema-graph\">{\"@context\":\"https:\\\/\\\/schema.org\",\"@graph\":[{\"@type\":\"Article\",\"@id\":\"https:\\\/\\\/kuzeyinsesi.org\\\/index.php\\\/2025\\\/08\\\/21\\\/abd-israil-buyukelcisinden-skandal-itiraf-filistini-tanimamalari-icin-avrupa-devletlerine-baski-yaptik\\\/#article\",\"isPartOf\":{\"@id\":\"https:\\\/\\\/kuzeyinsesi.org\\\/index.php\\\/2025\\\/08\\\/21\\\/abd-israil-buyukelcisinden-skandal-itiraf-filistini-tanimamalari-icin-avrupa-devletlerine-baski-yaptik\\\/\"},\"author\":{\"name\":\"Kuzeyin Sesi\",\"@id\":\"https:\\\/\\\/kuzeyinsesi.org\\\/#\\\/schema\\\/person\\\/9f859689cdf01485597712386e37f5aa\"},\"headline\":\"ABD \u0130srail B\u00fcy\u00fckel\u00e7isinden skandal itiraf: Filistin&#039;i tan\u0131mamalar\u0131 i\u00e7in Avrupa devletlerine bask\u0131 yapt\u0131k\",\"datePublished\":\"2025-08-21T12:49:28+00:00\",\"mainEntityOfPage\":{\"@id\":\"https:\\\/\\\/kuzeyinsesi.org\\\/index.php\\\/2025\\\/08\\\/21\\\/abd-israil-buyukelcisinden-skandal-itiraf-filistini-tanimamalari-icin-avrupa-devletlerine-baski-yaptik\\\/\"},\"wordCount\":488,\"commentCount\":0,\"image\":{\"@id\":\"https:\\\/\\\/kuzeyinsesi.org\\\/index.php\\\/2025\\\/08\\\/21\\\/abd-israil-buyukelcisinden-skandal-itiraf-filistini-tanimamalari-icin-avrupa-devletlerine-baski-yaptik\\\/#primaryimage\"},\"thumbnailUrl\":\"https:\\\/\\\/kuzeyinsesi.org\\\/wp-content\\\/uploads\\\/2025\\\/08\\\/mike-huckabee-2390423.jpg\",\"articleSection\":[\"D\u00fcnya\"],\"inLanguage\":\"tr\",\"potentialAction\":[{\"@type\":\"CommentAction\",\"name\":\"Comment\",\"target\":[\"https:\\\/\\\/kuzeyinsesi.org\\\/index.php\\\/2025\\\/08\\\/21\\\/abd-israil-buyukelcisinden-skandal-itiraf-filistini-tanimamalari-icin-avrupa-devletlerine-baski-yaptik\\\/#respond\"]}]},{\"@type\":\"WebPage\",\"@id\":\"https:\\\/\\\/kuzeyinsesi.org\\\/index.php\\\/2025\\\/08\\\/21\\\/abd-israil-buyukelcisinden-skandal-itiraf-filistini-tanimamalari-icin-avrupa-devletlerine-baski-yaptik\\\/\",\"url\":\"https:\\\/\\\/kuzeyinsesi.org\\\/index.php\\\/2025\\\/08\\\/21\\\/abd-israil-buyukelcisinden-skandal-itiraf-filistini-tanimamalari-icin-avrupa-devletlerine-baski-yaptik\\\/\",\"name\":\"ABD \u0130srail B\u00fcy\u00fckel\u00e7isinden skandal itiraf: Filistin&#039;i tan\u0131mamalar\u0131 i\u00e7in Avrupa devletlerine bask\u0131 yapt\u0131k - Kuzeyin Sesi\",\"isPartOf\":{\"@id\":\"https:\\\/\\\/kuzeyinsesi.org\\\/#website\"},\"primaryImageOfPage\":{\"@id\":\"https:\\\/\\\/kuzeyinsesi.org\\\/index.php\\\/2025\\\/08\\\/21\\\/abd-israil-buyukelcisinden-skandal-itiraf-filistini-tanimamalari-icin-avrupa-devletlerine-baski-yaptik\\\/#primaryimage\"},\"image\":{\"@id\":\"https:\\\/\\\/kuzeyinsesi.org\\\/index.php\\\/2025\\\/08\\\/21\\\/abd-israil-buyukelcisinden-skandal-itiraf-filistini-tanimamalari-icin-avrupa-devletlerine-baski-yaptik\\\/#primaryimage\"},\"thumbnailUrl\":\"https:\\\/\\\/kuzeyinsesi.org\\\/wp-content\\\/uploads\\\/2025\\\/08\\\/mike-huckabee-2390423.jpg\",\"datePublished\":\"2025-08-21T12:49:28+00:00\",\"author\":{\"@id\":\"https:\\\/\\\/kuzeyinsesi.org\\\/#\\\/schema\\\/person\\\/9f859689cdf01485597712386e37f5aa\"},\"breadcrumb\":{\"@id\":\"https:\\\/\\\/kuzeyinsesi.org\\\/index.php\\\/2025\\\/08\\\/21\\\/abd-israil-buyukelcisinden-skandal-itiraf-filistini-tanimamalari-icin-avrupa-devletlerine-baski-yaptik\\\/#breadcrumb\"},\"inLanguage\":\"tr\",\"potentialAction\":[{\"@type\":\"ReadAction\",\"target\":[\"https:\\\/\\\/kuzeyinsesi.org\\\/index.php\\\/2025\\\/08\\\/21\\\/abd-israil-buyukelcisinden-skandal-itiraf-filistini-tanimamalari-icin-avrupa-devletlerine-baski-yaptik\\\/\"]}]},{\"@type\":\"ImageObject\",\"inLanguage\":\"tr\",\"@id\":\"https:\\\/\\\/kuzeyinsesi.org\\\/index.php\\\/2025\\\/08\\\/21\\\/abd-israil-buyukelcisinden-skandal-itiraf-filistini-tanimamalari-icin-avrupa-devletlerine-baski-yaptik\\\/#primaryimage\",\"url\":\"https:\\\/\\\/kuzeyinsesi.org\\\/wp-content\\\/uploads\\\/2025\\\/08\\\/mike-huckabee-2390423.jpg\",\"contentUrl\":\"https:\\\/\\\/kuzeyinsesi.org\\\/wp-content\\\/uploads\\\/2025\\\/08\\\/mike-huckabee-2390423.jpg\",\"width\":1280,\"height\":720},{\"@type\":\"BreadcrumbList\",\"@id\":\"https:\\\/\\\/kuzeyinsesi.org\\\/index.php\\\/2025\\\/08\\\/21\\\/abd-israil-buyukelcisinden-skandal-itiraf-filistini-tanimamalari-icin-avrupa-devletlerine-baski-yaptik\\\/#breadcrumb\",\"itemListElement\":[{\"@type\":\"ListItem\",\"position\":1,\"name\":\"Anasayfa\",\"item\":\"https:\\\/\\\/kuzeyinsesi.org\\\/\"},{\"@type\":\"ListItem\",\"position\":2,\"name\":\"ABD \u0130srail B\u00fcy\u00fckel\u00e7isinden skandal itiraf: Filistin&#039;i tan\u0131mamalar\u0131 i\u00e7in Avrupa devletlerine bask\u0131 yapt\u0131k\"}]},{\"@type\":\"WebSite\",\"@id\":\"https:\\\/\\\/kuzeyinsesi.org\\\/#website\",\"url\":\"https:\\\/\\\/kuzeyinsesi.org\\\/\",\"name\":\"Kuzeyin Sesi\",\"description\":\"Do\u011fru Haberin Adresi\",\"potentialAction\":[{\"@type\":\"SearchAction\",\"target\":{\"@type\":\"EntryPoint\",\"urlTemplate\":\"https:\\\/\\\/kuzeyinsesi.org\\\/?s={search_term_string}\"},\"query-input\":{\"@type\":\"PropertyValueSpecification\",\"valueRequired\":true,\"valueName\":\"search_term_string\"}}],\"inLanguage\":\"tr\"},{\"@type\":\"Person\",\"@id\":\"https:\\\/\\\/kuzeyinsesi.org\\\/#\\\/schema\\\/person\\\/9f859689cdf01485597712386e37f5aa\",\"name\":\"Kuzeyin Sesi\",\"image\":{\"@type\":\"ImageObject\",\"inLanguage\":\"tr\",\"@id\":\"https:\\\/\\\/secure.gravatar.com\\\/avatar\\\/bab33852abfd8b282518d6ed81826833d77c3c882d9ab608add591ccace47a44?s=96&d=mm&r=g\",\"url\":\"https:\\\/\\\/secure.gravatar.com\\\/avatar\\\/bab33852abfd8b282518d6ed81826833d77c3c882d9ab608add591ccace47a44?s=96&d=mm&r=g\",\"contentUrl\":\"https:\\\/\\\/secure.gravatar.com\\\/avatar\\\/bab33852abfd8b282518d6ed81826833d77c3c882d9ab608add591ccace47a44?s=96&d=mm&r=g\",\"caption\":\"Kuzeyin Sesi\"},\"sameAs\":[\"https:\\\/\\\/kuzeyinsesi.org\"],\"url\":\"https:\\\/\\\/kuzeyinsesi.org\\\/index.php\\\/author\\\/guven\\\/\"}]}<\/script>\n<!-- \/ Yoast SEO plugin. -->","yoast_head_json":{"title":"ABD \u0130srail B\u00fcy\u00fckel\u00e7isinden skandal itiraf: Filistin&#039;i tan\u0131mamalar\u0131 i\u00e7in Avrupa devletlerine bask\u0131 yapt\u0131k - Kuzeyin Sesi","robots":{"index":"index","follow":"follow","max-snippet":"max-snippet:-1","max-image-preview":"max-image-preview:large","max-video-preview":"max-video-preview:-1"},"canonical":"https:\/\/kuzeyinsesi.org\/index.php\/2025\/08\/21\/abd-israil-buyukelcisinden-skandal-itiraf-filistini-tanimamalari-icin-avrupa-devletlerine-baski-yaptik\/","og_locale":"tr_TR","og_type":"article","og_title":"ABD \u0130srail B\u00fcy\u00fckel\u00e7isinden skandal itiraf: Filistin&#039;i tan\u0131mamalar\u0131 i\u00e7in Avrupa devletlerine bask\u0131 yapt\u0131k - Kuzeyin Sesi","og_description":"&#13; \u0130srail devlet televizyonu KAN&#8217;a konu\u015fan B\u00fcy\u00fckel\u00e7i Huckabee, \u0130srail&#8217;in Gazze kentini i\u015fgal karar\u0131, arabulucular\u0131n taraflara sundu\u011fu yeni ate\u015fkes \u00f6nerisi ile \u0130srail&#8217;in Gazze&#8217;ye sald\u0131r\u0131lar\u0131 kar\u015f\u0131s\u0131nda Filistin devletinin tan\u0131nmas\u0131 kararlar\u0131na ili\u015fkin a\u00e7\u0131klamalarda bulundu. &#13; Avrupa \u00fclkelerinin Filistin devletini tan\u0131ma y\u00f6n\u00fcnde ad\u0131mlar atmaya ba\u015flad\u0131ktan sonra Hamas&#8217;\u0131n m\u00fczakereleri durdurdu\u011funu \u00f6ne s\u00fcren Huckabee, &#8220;Biz \u00f6nceden a\u00e7\u0131k\u00e7a belirttik, yaln\u0131zca esirlerin serbest [&hellip;]","og_url":"https:\/\/kuzeyinsesi.org\/index.php\/2025\/08\/21\/abd-israil-buyukelcisinden-skandal-itiraf-filistini-tanimamalari-icin-avrupa-devletlerine-baski-yaptik\/","og_site_name":"Kuzeyin Sesi","article_publisher":"https:\/\/www.facebook.com\/kuzeyinsesii","article_published_time":"2025-08-21T12:49:28+00:00","og_image":[{"url":"https:\/\/trthaberstatic.cdn.wp.trt.com.tr\/resimler\/2390000\/mike-huckabee-2390423.jpg","type":"","width":"","height":""}],"author":"Kuzeyin Sesi","twitter_card":"summary_large_image","twitter_creator":"@kuzeyinsesii","twitter_site":"@kuzeyinsesii","twitter_misc":{"Yazan:":"Kuzeyin Sesi","Tahmini okuma s\u00fcresi":"2 dakika"},"schema":{"@context":"https:\/\/schema.org","@graph":[{"@type":"Article","@id":"https:\/\/kuzeyinsesi.org\/index.php\/2025\/08\/21\/abd-israil-buyukelcisinden-skandal-itiraf-filistini-tanimamalari-icin-avrupa-devletlerine-baski-yaptik\/#article","isPartOf":{"@id":"https:\/\/kuzeyinsesi.org\/index.php\/2025\/08\/21\/abd-israil-buyukelcisinden-skandal-itiraf-filistini-tanimamalari-icin-avrupa-devletlerine-baski-yaptik\/"},"author":{"name":"Kuzeyin Sesi","@id":"https:\/\/kuzeyinsesi.org\/#\/schema\/person\/9f859689cdf01485597712386e37f5aa"},"headline":"ABD \u0130srail B\u00fcy\u00fckel\u00e7isinden skandal itiraf: Filistin&#039;i tan\u0131mamalar\u0131 i\u00e7in Avrupa devletlerine bask\u0131 yapt\u0131k","datePublished":"2025-08-21T12:49:28+00:00","mainEntityOfPage":{"@id":"https:\/\/kuzeyinsesi.org\/index.php\/2025\/08\/21\/abd-israil-buyukelcisinden-skandal-itiraf-filistini-tanimamalari-icin-avrupa-devletlerine-baski-yaptik\/"},"wordCount":488,"commentCount":0,"image":{"@id":"https:\/\/kuzeyinsesi.org\/index.php\/2025\/08\/21\/abd-israil-buyukelcisinden-skandal-itiraf-filistini-tanimamalari-icin-avrupa-devletlerine-baski-yaptik\/#primaryimage"},"thumbnailUrl":"https:\/\/kuzeyinsesi.org\/wp-content\/uploads\/2025\/08\/mike-huckabee-2390423.jpg","articleSection":["D\u00fcnya"],"inLanguage":"tr","potentialAction":[{"@type":"CommentAction","name":"Comment","target":["https:\/\/kuzeyinsesi.org\/index.php\/2025\/08\/21\/abd-israil-buyukelcisinden-skandal-itiraf-filistini-tanimamalari-icin-avrupa-devletlerine-baski-yaptik\/#respond"]}]},{"@type":"WebPage","@id":"https:\/\/kuzeyinsesi.org\/index.php\/2025\/08\/21\/abd-israil-buyukelcisinden-skandal-itiraf-filistini-tanimamalari-icin-avrupa-devletlerine-baski-yaptik\/","url":"https:\/\/kuzeyinsesi.org\/index.php\/2025\/08\/21\/abd-israil-buyukelcisinden-skandal-itiraf-filistini-tanimamalari-icin-avrupa-devletlerine-baski-yaptik\/","name":"ABD \u0130srail B\u00fcy\u00fckel\u00e7isinden skandal itiraf: Filistin&#039;i tan\u0131mamalar\u0131 i\u00e7in Avrupa devletlerine bask\u0131 yapt\u0131k - Kuzeyin Sesi","isPartOf":{"@id":"https:\/\/kuzeyinsesi.org\/#website"},"primaryImageOfPage":{"@id":"https:\/\/kuzeyinsesi.org\/index.php\/2025\/08\/21\/abd-israil-buyukelcisinden-skandal-itiraf-filistini-tanimamalari-icin-avrupa-devletlerine-baski-yaptik\/#primaryimage"},"image":{"@id":"https:\/\/kuzeyinsesi.org\/index.php\/2025\/08\/21\/abd-israil-buyukelcisinden-skandal-itiraf-filistini-tanimamalari-icin-avrupa-devletlerine-baski-yaptik\/#primaryimage"},"thumbnailUrl":"https:\/\/kuzeyinsesi.org\/wp-content\/uploads\/2025\/08\/mike-huckabee-2390423.jpg","datePublished":"2025-08-21T12:49:28+00:00","author":{"@id":"https:\/\/kuzeyinsesi.org\/#\/schema\/person\/9f859689cdf01485597712386e37f5aa"},"breadcrumb":{"@id":"https:\/\/kuzeyinsesi.org\/index.php\/2025\/08\/21\/abd-israil-buyukelcisinden-skandal-itiraf-filistini-tanimamalari-icin-avrupa-devletlerine-baski-yaptik\/#breadcrumb"},"inLanguage":"tr","potentialAction":[{"@type":"ReadAction","target":["https:\/\/kuzeyinsesi.org\/index.php\/2025\/08\/21\/abd-israil-buyukelcisinden-skandal-itiraf-filistini-tanimamalari-icin-avrupa-devletlerine-baski-yaptik\/"]}]},{"@type":"ImageObject","inLanguage":"tr","@id":"https:\/\/kuzeyinsesi.org\/index.php\/2025\/08\/21\/abd-israil-buyukelcisinden-skandal-itiraf-filistini-tanimamalari-icin-avrupa-devletlerine-baski-yaptik\/#primaryimage","url":"https:\/\/kuzeyinsesi.org\/wp-content\/uploads\/2025\/08\/mike-huckabee-2390423.jpg","contentUrl":"https:\/\/kuzeyinsesi.org\/wp-content\/uploads\/2025\/08\/mike-huckabee-2390423.jpg","width":1280,"height":720},{"@type":"BreadcrumbList","@id":"https:\/\/kuzeyinsesi.org\/index.php\/2025\/08\/21\/abd-israil-buyukelcisinden-skandal-itiraf-filistini-tanimamalari-icin-avrupa-devletlerine-baski-yaptik\/#breadcrumb","itemListElement":[{"@type":"ListItem","position":1,"name":"Anasayfa","item":"https:\/\/kuzeyinsesi.org\/"},{"@type":"ListItem","position":2,"name":"ABD \u0130srail B\u00fcy\u00fckel\u00e7isinden skandal itiraf: Filistin&#039;i tan\u0131mamalar\u0131 i\u00e7in Avrupa devletlerine bask\u0131 yapt\u0131k"}]},{"@type":"WebSite","@id":"https:\/\/kuzeyinsesi.org\/#website","url":"https:\/\/kuzeyinsesi.org\/","name":"Kuzeyin Sesi","description":"Do\u011fru Haberin Adresi","potentialAction":[{"@type":"SearchAction","target":{"@type":"EntryPoint","urlTemplate":"https:\/\/kuzeyinsesi.org\/?s={search_term_string}"},"query-input":{"@type":"PropertyValueSpecification","valueRequired":true,"valueName":"search_term_string"}}],"inLanguage":"tr"},{"@type":"Person","@id":"https:\/\/kuzeyinsesi.org\/#\/schema\/person\/9f859689cdf01485597712386e37f5aa","name":"Kuzeyin Sesi","image":{"@type":"ImageObject","inLanguage":"tr","@id":"https:\/\/secure.gravatar.com\/avatar\/bab33852abfd8b282518d6ed81826833d77c3c882d9ab608add591ccace47a44?s=96&d=mm&r=g","url":"https:\/\/secure.gravatar.com\/avatar\/bab33852abfd8b282518d6ed81826833d77c3c882d9ab608add591ccace47a44?s=96&d=mm&r=g","contentUrl":"https:\/\/secure.gravatar.com\/avatar\/bab33852abfd8b282518d6ed81826833d77c3c882d9ab608add591ccace47a44?s=96&d=mm&r=g","caption":"Kuzeyin Sesi"},"sameAs":["https:\/\/kuzeyinsesi.org"],"url":"https:\/\/kuzeyinsesi.org\/index.php\/author\/guven\/"}]}},"_links":{"self":[{"href":"https:\/\/kuzeyinsesi.org\/index.php\/wp-json\/wp\/v2\/posts\/30492","targetHints":{"allow":["GET"]}}],"collection":[{"href":"https:\/\/kuzeyinsesi.org\/index.php\/wp-json\/wp\/v2\/posts"}],"about":[{"href":"https:\/\/kuzeyinsesi.org\/index.php\/wp-json\/wp\/v2\/types\/post"}],"author":[{"embeddable":true,"href":"https:\/\/kuzeyinsesi.org\/index.php\/wp-json\/wp\/v2\/users\/1"}],"replies":[{"embeddable":true,"href":"https:\/\/kuzeyinsesi.org\/index.php\/wp-json\/wp\/v2\/comments?post=30492"}],"version-history":[{"count":0,"href":"https:\/\/kuzeyinsesi.org\/index.php\/wp-json\/wp\/v2\/posts\/30492\/revisions"}],"wp:featuredmedia":[{"embeddable":true,"href":"https:\/\/kuzeyinsesi.org\/index.php\/wp-json\/wp\/v2\/media\/30493"}],"wp:attachment":[{"href":"https:\/\/kuzeyinsesi.org\/index.php\/wp-json\/wp\/v2\/media?parent=30492"}],"wp:term":[{"taxonomy":"category","embeddable":true,"href":"https:\/\/kuzeyinsesi.org\/index.php\/wp-json\/wp\/v2\/categories?post=30492"},{"taxonomy":"post_tag","embeddable":true,"href":"https:\/\/kuzeyinsesi.org\/index.php\/wp-json\/wp\/v2\/tags?post=30492"}],"curies":[{"name":"wp","href":"https:\/\/api.w.org\/{rel}","templated":true}]}}