{"id":3049,"date":"2024-05-21T11:51:32","date_gmt":"2024-05-21T08:51:32","guid":{"rendered":"https:\/\/kuzeyinsesi.com\/index.php\/2024\/05\/21\/cagdas-sanat-resim-sergisi-cuma-gunu-aciliyor\/"},"modified":"2024-05-21T11:51:32","modified_gmt":"2024-05-21T08:51:32","slug":"cagdas-sanat-resim-sergisi-cuma-gunu-aciliyor","status":"publish","type":"post","link":"https:\/\/kuzeyinsesi.org\/index.php\/2024\/05\/21\/cagdas-sanat-resim-sergisi-cuma-gunu-aciliyor\/","title":{"rendered":"\u201c\u00c7a\u011fda\u015f Sanat\u201c resim sergisi Cuma g\u00fcn\u00fc a\u00e7\u0131l\u0131yor"},"content":{"rendered":"<div>\n<div class=\"mariselle-image-container center\">\n                                            <\/div>\n<p>Ressam Salih Mustafa \u00c7izel\u2019in \u201c\u00c7a\u011fda\u015f Sanat\u201d isimli 39. ki\u015fisel resim sergisi, 24 May\u0131s Cuma g\u00fcn\u00fc a\u00e7\u0131l\u0131yor.<\/p>\n<p>\u00c7izel\u2019in verdi\u011fi bilgiye g\u00f6re, saat 18.00\u2019de Lefko\u015fa\u2019da R\u00fcstem Kitabevi sergi salonunda a\u00e7\u0131lacak serginin k\u00fcrat\u00f6rl\u00fc\u011f\u00fcn\u00fc Ahmet Sava\u015f Kale yapt\u0131. Sergi, 24 May\u0131s \u2013 7 Haziran tarihleri aras\u0131nda a\u00e7\u0131k olacak.<\/p>\n<p>Sergi hafta i\u00e7i ve cumartesi g\u00fcnlerinde saat 10.00-18.00 saatleri aras\u0131nda gezilebilecek.<\/p>\n<p>Salih Mustafa \u00c7izel\u2019in 39. ki\u015fisel resim sergisinde yer alacak i\u015fler, \u201csanat\u00e7\u0131n\u0131n y\u0131llar i\u00e7inde birikiminin bir sonucu olan, bilgi da\u011farc\u0131\u011f\u0131nda yer bulan duygular\u0131n\u0131n, deniz dalgalar\u0131 gibi savrularak renklerle bi\u00e7imlendirilmi\u015f tuvalere yans\u0131tt\u0131\u011f\u0131\u201d soyut 127 resmi kaps\u0131yor.<\/p>\n<\/p><\/div>\n<p><script async\n                    defer\n                    crossorigin=\"anonymous\"\n                    src=\"https:\/\/connect.facebook.net\/tr_TR\/sdk.js#xfbml=1&#038;version=v3.3\"\n            ><\/script><\/p>\n","protected":false},"excerpt":{"rendered":"<p>Ressam Salih Mustafa \u00c7izel\u2019in \u201c\u00c7a\u011fda\u015f Sanat\u201d isimli 39. ki\u015fisel resim sergisi, 24 May\u0131s Cuma g\u00fcn\u00fc a\u00e7\u0131l\u0131yor. \u00c7izel\u2019in verdi\u011fi bilgiye g\u00f6re, saat 18.00\u2019de Lefko\u015fa\u2019da R\u00fcstem Kitabevi sergi salonunda a\u00e7\u0131lacak serginin k\u00fcrat\u00f6rl\u00fc\u011f\u00fcn\u00fc Ahmet Sava\u015f Kale yapt\u0131. Sergi, 24 May\u0131s \u2013 7 Haziran tarihleri aras\u0131nda a\u00e7\u0131k olacak. Sergi hafta i\u00e7i ve cumartesi g\u00fcnlerinde saat 10.00-18.00 saatleri aras\u0131nda gezilebilecek. [&hellip;]<\/p>\n","protected":false},"author":1,"featured_media":3050,"comment_status":"open","ping_status":"open","sticky":false,"template":"","format":"standard","meta":{"jnews-multi-image_gallery":[],"jnews_single_post":[],"jnews_primary_category":[],"jnews_social_meta":[],"jnews_override_counter":[],"footnotes":""},"categories":[6],"tags":[],"class_list":["post-3049","post","type-post","status-publish","format-standard","has-post-thumbnail","hentry","category-yasam"],"yoast_head":"<!-- This site is optimized with the Yoast SEO plugin v27.5 - https:\/\/yoast.com\/product\/yoast-seo-wordpress\/ -->\n<title>\u201c\u00c7a\u011fda\u015f Sanat\u201c resim sergisi Cuma g\u00fcn\u00fc a\u00e7\u0131l\u0131yor - Kuzeyin Sesi<\/title>\n<meta name=\"robots\" content=\"index, follow, max-snippet:-1, max-image-preview:large, max-video-preview:-1\" \/>\n<link rel=\"canonical\" href=\"https:\/\/kuzeyinsesi.org\/index.php\/2024\/05\/21\/cagdas-sanat-resim-sergisi-cuma-gunu-aciliyor\/\" \/>\n<meta property=\"og:locale\" content=\"tr_TR\" \/>\n<meta property=\"og:type\" content=\"article\" \/>\n<meta property=\"og:title\" content=\"\u201c\u00c7a\u011fda\u015f Sanat\u201c resim sergisi Cuma g\u00fcn\u00fc a\u00e7\u0131l\u0131yor - Kuzeyin Sesi\" \/>\n<meta property=\"og:description\" content=\"Ressam Salih Mustafa \u00c7izel\u2019in \u201c\u00c7a\u011fda\u015f Sanat\u201d isimli 39. ki\u015fisel resim sergisi, 24 May\u0131s Cuma g\u00fcn\u00fc a\u00e7\u0131l\u0131yor. \u00c7izel\u2019in verdi\u011fi bilgiye g\u00f6re, saat 18.00\u2019de Lefko\u015fa\u2019da R\u00fcstem Kitabevi sergi salonunda a\u00e7\u0131lacak serginin k\u00fcrat\u00f6rl\u00fc\u011f\u00fcn\u00fc Ahmet Sava\u015f Kale yapt\u0131. Sergi, 24 May\u0131s \u2013 7 Haziran tarihleri aras\u0131nda a\u00e7\u0131k olacak. Sergi hafta i\u00e7i ve cumartesi g\u00fcnlerinde saat 10.00-18.00 saatleri aras\u0131nda gezilebilecek. [&hellip;]\" \/>\n<meta property=\"og:url\" content=\"https:\/\/kuzeyinsesi.org\/index.php\/2024\/05\/21\/cagdas-sanat-resim-sergisi-cuma-gunu-aciliyor\/\" \/>\n<meta property=\"og:site_name\" content=\"Kuzeyin Sesi\" \/>\n<meta property=\"article:publisher\" content=\"https:\/\/www.facebook.com\/kuzeyinsesii\" \/>\n<meta property=\"article:published_time\" content=\"2024-05-21T08:51:32+00:00\" \/>\n<meta property=\"og:image\" content=\"https:\/\/kuzeyinsesi.org\/wp-content\/uploads\/2024\/05\/Cagdas-Sanat-resim-sergisi-Cuma-gunu-aciliyor.webp.webp\" \/>\n\t<meta property=\"og:image:width\" content=\"971\" \/>\n\t<meta property=\"og:image:height\" content=\"551\" \/>\n\t<meta property=\"og:image:type\" content=\"image\/webp\" \/>\n<meta name=\"author\" content=\"Kuzeyin Sesi\" \/>\n<meta name=\"twitter:card\" content=\"summary_large_image\" \/>\n<meta name=\"twitter:creator\" content=\"@kuzeyinsesii\" \/>\n<meta name=\"twitter:site\" content=\"@kuzeyinsesii\" \/>\n<meta name=\"twitter:label1\" content=\"Yazan:\" \/>\n\t<meta name=\"twitter:data1\" content=\"Kuzeyin Sesi\" \/>\n\t<meta name=\"twitter:label2\" content=\"Tahmini okuma s\u00fcresi\" \/>\n\t<meta name=\"twitter:data2\" content=\"1 dakika\" \/>\n<script type=\"application\/ld+json\" class=\"yoast-schema-graph\">{\"@context\":\"https:\\\/\\\/schema.org\",\"@graph\":[{\"@type\":\"Article\",\"@id\":\"https:\\\/\\\/kuzeyinsesi.org\\\/index.php\\\/2024\\\/05\\\/21\\\/cagdas-sanat-resim-sergisi-cuma-gunu-aciliyor\\\/#article\",\"isPartOf\":{\"@id\":\"https:\\\/\\\/kuzeyinsesi.org\\\/index.php\\\/2024\\\/05\\\/21\\\/cagdas-sanat-resim-sergisi-cuma-gunu-aciliyor\\\/\"},\"author\":{\"name\":\"Kuzeyin Sesi\",\"@id\":\"https:\\\/\\\/kuzeyinsesi.org\\\/#\\\/schema\\\/person\\\/9f859689cdf01485597712386e37f5aa\"},\"headline\":\"\u201c\u00c7a\u011fda\u015f Sanat\u201c resim sergisi Cuma g\u00fcn\u00fc a\u00e7\u0131l\u0131yor\",\"datePublished\":\"2024-05-21T08:51:32+00:00\",\"mainEntityOfPage\":{\"@id\":\"https:\\\/\\\/kuzeyinsesi.org\\\/index.php\\\/2024\\\/05\\\/21\\\/cagdas-sanat-resim-sergisi-cuma-gunu-aciliyor\\\/\"},\"wordCount\":130,\"commentCount\":0,\"image\":{\"@id\":\"https:\\\/\\\/kuzeyinsesi.org\\\/index.php\\\/2024\\\/05\\\/21\\\/cagdas-sanat-resim-sergisi-cuma-gunu-aciliyor\\\/#primaryimage\"},\"thumbnailUrl\":\"https:\\\/\\\/kuzeyinsesi.org\\\/wp-content\\\/uploads\\\/2024\\\/05\\\/Cagdas-Sanat-resim-sergisi-Cuma-gunu-aciliyor.webp.webp\",\"articleSection\":[\"Ya\u015fam\"],\"inLanguage\":\"tr\",\"potentialAction\":[{\"@type\":\"CommentAction\",\"name\":\"Comment\",\"target\":[\"https:\\\/\\\/kuzeyinsesi.org\\\/index.php\\\/2024\\\/05\\\/21\\\/cagdas-sanat-resim-sergisi-cuma-gunu-aciliyor\\\/#respond\"]}]},{\"@type\":\"WebPage\",\"@id\":\"https:\\\/\\\/kuzeyinsesi.org\\\/index.php\\\/2024\\\/05\\\/21\\\/cagdas-sanat-resim-sergisi-cuma-gunu-aciliyor\\\/\",\"url\":\"https:\\\/\\\/kuzeyinsesi.org\\\/index.php\\\/2024\\\/05\\\/21\\\/cagdas-sanat-resim-sergisi-cuma-gunu-aciliyor\\\/\",\"name\":\"\u201c\u00c7a\u011fda\u015f Sanat\u201c resim sergisi Cuma g\u00fcn\u00fc a\u00e7\u0131l\u0131yor - Kuzeyin Sesi\",\"isPartOf\":{\"@id\":\"https:\\\/\\\/kuzeyinsesi.org\\\/#website\"},\"primaryImageOfPage\":{\"@id\":\"https:\\\/\\\/kuzeyinsesi.org\\\/index.php\\\/2024\\\/05\\\/21\\\/cagdas-sanat-resim-sergisi-cuma-gunu-aciliyor\\\/#primaryimage\"},\"image\":{\"@id\":\"https:\\\/\\\/kuzeyinsesi.org\\\/index.php\\\/2024\\\/05\\\/21\\\/cagdas-sanat-resim-sergisi-cuma-gunu-aciliyor\\\/#primaryimage\"},\"thumbnailUrl\":\"https:\\\/\\\/kuzeyinsesi.org\\\/wp-content\\\/uploads\\\/2024\\\/05\\\/Cagdas-Sanat-resim-sergisi-Cuma-gunu-aciliyor.webp.webp\",\"datePublished\":\"2024-05-21T08:51:32+00:00\",\"author\":{\"@id\":\"https:\\\/\\\/kuzeyinsesi.org\\\/#\\\/schema\\\/person\\\/9f859689cdf01485597712386e37f5aa\"},\"breadcrumb\":{\"@id\":\"https:\\\/\\\/kuzeyinsesi.org\\\/index.php\\\/2024\\\/05\\\/21\\\/cagdas-sanat-resim-sergisi-cuma-gunu-aciliyor\\\/#breadcrumb\"},\"inLanguage\":\"tr\",\"potentialAction\":[{\"@type\":\"ReadAction\",\"target\":[\"https:\\\/\\\/kuzeyinsesi.org\\\/index.php\\\/2024\\\/05\\\/21\\\/cagdas-sanat-resim-sergisi-cuma-gunu-aciliyor\\\/\"]}]},{\"@type\":\"ImageObject\",\"inLanguage\":\"tr\",\"@id\":\"https:\\\/\\\/kuzeyinsesi.org\\\/index.php\\\/2024\\\/05\\\/21\\\/cagdas-sanat-resim-sergisi-cuma-gunu-aciliyor\\\/#primaryimage\",\"url\":\"https:\\\/\\\/kuzeyinsesi.org\\\/wp-content\\\/uploads\\\/2024\\\/05\\\/Cagdas-Sanat-resim-sergisi-Cuma-gunu-aciliyor.webp.webp\",\"contentUrl\":\"https:\\\/\\\/kuzeyinsesi.org\\\/wp-content\\\/uploads\\\/2024\\\/05\\\/Cagdas-Sanat-resim-sergisi-Cuma-gunu-aciliyor.webp.webp\",\"width\":971,\"height\":551},{\"@type\":\"BreadcrumbList\",\"@id\":\"https:\\\/\\\/kuzeyinsesi.org\\\/index.php\\\/2024\\\/05\\\/21\\\/cagdas-sanat-resim-sergisi-cuma-gunu-aciliyor\\\/#breadcrumb\",\"itemListElement\":[{\"@type\":\"ListItem\",\"position\":1,\"name\":\"Anasayfa\",\"item\":\"https:\\\/\\\/kuzeyinsesi.org\\\/\"},{\"@type\":\"ListItem\",\"position\":2,\"name\":\"\u201c\u00c7a\u011fda\u015f Sanat\u201c resim sergisi Cuma g\u00fcn\u00fc a\u00e7\u0131l\u0131yor\"}]},{\"@type\":\"WebSite\",\"@id\":\"https:\\\/\\\/kuzeyinsesi.org\\\/#website\",\"url\":\"https:\\\/\\\/kuzeyinsesi.org\\\/\",\"name\":\"Kuzeyin Sesi\",\"description\":\"Do\u011fru Haberin Adresi\",\"potentialAction\":[{\"@type\":\"SearchAction\",\"target\":{\"@type\":\"EntryPoint\",\"urlTemplate\":\"https:\\\/\\\/kuzeyinsesi.org\\\/?s={search_term_string}\"},\"query-input\":{\"@type\":\"PropertyValueSpecification\",\"valueRequired\":true,\"valueName\":\"search_term_string\"}}],\"inLanguage\":\"tr\"},{\"@type\":\"Person\",\"@id\":\"https:\\\/\\\/kuzeyinsesi.org\\\/#\\\/schema\\\/person\\\/9f859689cdf01485597712386e37f5aa\",\"name\":\"Kuzeyin Sesi\",\"image\":{\"@type\":\"ImageObject\",\"inLanguage\":\"tr\",\"@id\":\"https:\\\/\\\/secure.gravatar.com\\\/avatar\\\/bab33852abfd8b282518d6ed81826833d77c3c882d9ab608add591ccace47a44?s=96&d=mm&r=g\",\"url\":\"https:\\\/\\\/secure.gravatar.com\\\/avatar\\\/bab33852abfd8b282518d6ed81826833d77c3c882d9ab608add591ccace47a44?s=96&d=mm&r=g\",\"contentUrl\":\"https:\\\/\\\/secure.gravatar.com\\\/avatar\\\/bab33852abfd8b282518d6ed81826833d77c3c882d9ab608add591ccace47a44?s=96&d=mm&r=g\",\"caption\":\"Kuzeyin Sesi\"},\"sameAs\":[\"https:\\\/\\\/kuzeyinsesi.org\"],\"url\":\"https:\\\/\\\/kuzeyinsesi.org\\\/index.php\\\/author\\\/guven\\\/\"}]}<\/script>\n<!-- \/ Yoast SEO plugin. -->","yoast_head_json":{"title":"\u201c\u00c7a\u011fda\u015f Sanat\u201c resim sergisi Cuma g\u00fcn\u00fc a\u00e7\u0131l\u0131yor - Kuzeyin Sesi","robots":{"index":"index","follow":"follow","max-snippet":"max-snippet:-1","max-image-preview":"max-image-preview:large","max-video-preview":"max-video-preview:-1"},"canonical":"https:\/\/kuzeyinsesi.org\/index.php\/2024\/05\/21\/cagdas-sanat-resim-sergisi-cuma-gunu-aciliyor\/","og_locale":"tr_TR","og_type":"article","og_title":"\u201c\u00c7a\u011fda\u015f Sanat\u201c resim sergisi Cuma g\u00fcn\u00fc a\u00e7\u0131l\u0131yor - Kuzeyin Sesi","og_description":"Ressam Salih Mustafa \u00c7izel\u2019in \u201c\u00c7a\u011fda\u015f Sanat\u201d isimli 39. ki\u015fisel resim sergisi, 24 May\u0131s Cuma g\u00fcn\u00fc a\u00e7\u0131l\u0131yor. \u00c7izel\u2019in verdi\u011fi bilgiye g\u00f6re, saat 18.00\u2019de Lefko\u015fa\u2019da R\u00fcstem Kitabevi sergi salonunda a\u00e7\u0131lacak serginin k\u00fcrat\u00f6rl\u00fc\u011f\u00fcn\u00fc Ahmet Sava\u015f Kale yapt\u0131. Sergi, 24 May\u0131s \u2013 7 Haziran tarihleri aras\u0131nda a\u00e7\u0131k olacak. Sergi hafta i\u00e7i ve cumartesi g\u00fcnlerinde saat 10.00-18.00 saatleri aras\u0131nda gezilebilecek. [&hellip;]","og_url":"https:\/\/kuzeyinsesi.org\/index.php\/2024\/05\/21\/cagdas-sanat-resim-sergisi-cuma-gunu-aciliyor\/","og_site_name":"Kuzeyin Sesi","article_publisher":"https:\/\/www.facebook.com\/kuzeyinsesii","article_published_time":"2024-05-21T08:51:32+00:00","og_image":[{"width":971,"height":551,"url":"https:\/\/kuzeyinsesi.org\/wp-content\/uploads\/2024\/05\/Cagdas-Sanat-resim-sergisi-Cuma-gunu-aciliyor.webp.webp","type":"image\/webp"}],"author":"Kuzeyin Sesi","twitter_card":"summary_large_image","twitter_creator":"@kuzeyinsesii","twitter_site":"@kuzeyinsesii","twitter_misc":{"Yazan:":"Kuzeyin Sesi","Tahmini okuma s\u00fcresi":"1 dakika"},"schema":{"@context":"https:\/\/schema.org","@graph":[{"@type":"Article","@id":"https:\/\/kuzeyinsesi.org\/index.php\/2024\/05\/21\/cagdas-sanat-resim-sergisi-cuma-gunu-aciliyor\/#article","isPartOf":{"@id":"https:\/\/kuzeyinsesi.org\/index.php\/2024\/05\/21\/cagdas-sanat-resim-sergisi-cuma-gunu-aciliyor\/"},"author":{"name":"Kuzeyin Sesi","@id":"https:\/\/kuzeyinsesi.org\/#\/schema\/person\/9f859689cdf01485597712386e37f5aa"},"headline":"\u201c\u00c7a\u011fda\u015f Sanat\u201c resim sergisi Cuma g\u00fcn\u00fc a\u00e7\u0131l\u0131yor","datePublished":"2024-05-21T08:51:32+00:00","mainEntityOfPage":{"@id":"https:\/\/kuzeyinsesi.org\/index.php\/2024\/05\/21\/cagdas-sanat-resim-sergisi-cuma-gunu-aciliyor\/"},"wordCount":130,"commentCount":0,"image":{"@id":"https:\/\/kuzeyinsesi.org\/index.php\/2024\/05\/21\/cagdas-sanat-resim-sergisi-cuma-gunu-aciliyor\/#primaryimage"},"thumbnailUrl":"https:\/\/kuzeyinsesi.org\/wp-content\/uploads\/2024\/05\/Cagdas-Sanat-resim-sergisi-Cuma-gunu-aciliyor.webp.webp","articleSection":["Ya\u015fam"],"inLanguage":"tr","potentialAction":[{"@type":"CommentAction","name":"Comment","target":["https:\/\/kuzeyinsesi.org\/index.php\/2024\/05\/21\/cagdas-sanat-resim-sergisi-cuma-gunu-aciliyor\/#respond"]}]},{"@type":"WebPage","@id":"https:\/\/kuzeyinsesi.org\/index.php\/2024\/05\/21\/cagdas-sanat-resim-sergisi-cuma-gunu-aciliyor\/","url":"https:\/\/kuzeyinsesi.org\/index.php\/2024\/05\/21\/cagdas-sanat-resim-sergisi-cuma-gunu-aciliyor\/","name":"\u201c\u00c7a\u011fda\u015f Sanat\u201c resim sergisi Cuma g\u00fcn\u00fc a\u00e7\u0131l\u0131yor - Kuzeyin Sesi","isPartOf":{"@id":"https:\/\/kuzeyinsesi.org\/#website"},"primaryImageOfPage":{"@id":"https:\/\/kuzeyinsesi.org\/index.php\/2024\/05\/21\/cagdas-sanat-resim-sergisi-cuma-gunu-aciliyor\/#primaryimage"},"image":{"@id":"https:\/\/kuzeyinsesi.org\/index.php\/2024\/05\/21\/cagdas-sanat-resim-sergisi-cuma-gunu-aciliyor\/#primaryimage"},"thumbnailUrl":"https:\/\/kuzeyinsesi.org\/wp-content\/uploads\/2024\/05\/Cagdas-Sanat-resim-sergisi-Cuma-gunu-aciliyor.webp.webp","datePublished":"2024-05-21T08:51:32+00:00","author":{"@id":"https:\/\/kuzeyinsesi.org\/#\/schema\/person\/9f859689cdf01485597712386e37f5aa"},"breadcrumb":{"@id":"https:\/\/kuzeyinsesi.org\/index.php\/2024\/05\/21\/cagdas-sanat-resim-sergisi-cuma-gunu-aciliyor\/#breadcrumb"},"inLanguage":"tr","potentialAction":[{"@type":"ReadAction","target":["https:\/\/kuzeyinsesi.org\/index.php\/2024\/05\/21\/cagdas-sanat-resim-sergisi-cuma-gunu-aciliyor\/"]}]},{"@type":"ImageObject","inLanguage":"tr","@id":"https:\/\/kuzeyinsesi.org\/index.php\/2024\/05\/21\/cagdas-sanat-resim-sergisi-cuma-gunu-aciliyor\/#primaryimage","url":"https:\/\/kuzeyinsesi.org\/wp-content\/uploads\/2024\/05\/Cagdas-Sanat-resim-sergisi-Cuma-gunu-aciliyor.webp.webp","contentUrl":"https:\/\/kuzeyinsesi.org\/wp-content\/uploads\/2024\/05\/Cagdas-Sanat-resim-sergisi-Cuma-gunu-aciliyor.webp.webp","width":971,"height":551},{"@type":"BreadcrumbList","@id":"https:\/\/kuzeyinsesi.org\/index.php\/2024\/05\/21\/cagdas-sanat-resim-sergisi-cuma-gunu-aciliyor\/#breadcrumb","itemListElement":[{"@type":"ListItem","position":1,"name":"Anasayfa","item":"https:\/\/kuzeyinsesi.org\/"},{"@type":"ListItem","position":2,"name":"\u201c\u00c7a\u011fda\u015f Sanat\u201c resim sergisi Cuma g\u00fcn\u00fc a\u00e7\u0131l\u0131yor"}]},{"@type":"WebSite","@id":"https:\/\/kuzeyinsesi.org\/#website","url":"https:\/\/kuzeyinsesi.org\/","name":"Kuzeyin Sesi","description":"Do\u011fru Haberin Adresi","potentialAction":[{"@type":"SearchAction","target":{"@type":"EntryPoint","urlTemplate":"https:\/\/kuzeyinsesi.org\/?s={search_term_string}"},"query-input":{"@type":"PropertyValueSpecification","valueRequired":true,"valueName":"search_term_string"}}],"inLanguage":"tr"},{"@type":"Person","@id":"https:\/\/kuzeyinsesi.org\/#\/schema\/person\/9f859689cdf01485597712386e37f5aa","name":"Kuzeyin Sesi","image":{"@type":"ImageObject","inLanguage":"tr","@id":"https:\/\/secure.gravatar.com\/avatar\/bab33852abfd8b282518d6ed81826833d77c3c882d9ab608add591ccace47a44?s=96&d=mm&r=g","url":"https:\/\/secure.gravatar.com\/avatar\/bab33852abfd8b282518d6ed81826833d77c3c882d9ab608add591ccace47a44?s=96&d=mm&r=g","contentUrl":"https:\/\/secure.gravatar.com\/avatar\/bab33852abfd8b282518d6ed81826833d77c3c882d9ab608add591ccace47a44?s=96&d=mm&r=g","caption":"Kuzeyin Sesi"},"sameAs":["https:\/\/kuzeyinsesi.org"],"url":"https:\/\/kuzeyinsesi.org\/index.php\/author\/guven\/"}]}},"_links":{"self":[{"href":"https:\/\/kuzeyinsesi.org\/index.php\/wp-json\/wp\/v2\/posts\/3049","targetHints":{"allow":["GET"]}}],"collection":[{"href":"https:\/\/kuzeyinsesi.org\/index.php\/wp-json\/wp\/v2\/posts"}],"about":[{"href":"https:\/\/kuzeyinsesi.org\/index.php\/wp-json\/wp\/v2\/types\/post"}],"author":[{"embeddable":true,"href":"https:\/\/kuzeyinsesi.org\/index.php\/wp-json\/wp\/v2\/users\/1"}],"replies":[{"embeddable":true,"href":"https:\/\/kuzeyinsesi.org\/index.php\/wp-json\/wp\/v2\/comments?post=3049"}],"version-history":[{"count":0,"href":"https:\/\/kuzeyinsesi.org\/index.php\/wp-json\/wp\/v2\/posts\/3049\/revisions"}],"wp:featuredmedia":[{"embeddable":true,"href":"https:\/\/kuzeyinsesi.org\/index.php\/wp-json\/wp\/v2\/media\/3050"}],"wp:attachment":[{"href":"https:\/\/kuzeyinsesi.org\/index.php\/wp-json\/wp\/v2\/media?parent=3049"}],"wp:term":[{"taxonomy":"category","embeddable":true,"href":"https:\/\/kuzeyinsesi.org\/index.php\/wp-json\/wp\/v2\/categories?post=3049"},{"taxonomy":"post_tag","embeddable":true,"href":"https:\/\/kuzeyinsesi.org\/index.php\/wp-json\/wp\/v2\/tags?post=3049"}],"curies":[{"name":"wp","href":"https:\/\/api.w.org\/{rel}","templated":true}]}}