{"id":3043,"date":"2024-05-21T10:50:07","date_gmt":"2024-05-21T07:50:07","guid":{"rendered":"https:\/\/kuzeyinsesi.com\/index.php\/2024\/05\/21\/eylulun-zeytin-agaci-yayimlandi\/"},"modified":"2024-05-21T10:50:07","modified_gmt":"2024-05-21T07:50:07","slug":"eylulun-zeytin-agaci-yayimlandi","status":"publish","type":"post","link":"https:\/\/kuzeyinsesi.org\/index.php\/2024\/05\/21\/eylulun-zeytin-agaci-yayimlandi\/","title":{"rendered":"\u201cEyl\u00fcl\u2019\u00fcn Zeytin A\u011fac\u0131\u201d yay\u0131mland\u0131"},"content":{"rendered":"<div>\n<div class=\"mariselle-image-container center\">\n                                            <\/div>\n<p>Yazar \u0130mren Ayta\u00e7o\u011flu\u2019nu ilk \u00e7ocuk kitab\u0131, \u201cEyl\u00fcl\u2019\u00fcn Zeytin A\u011fac\u0131\u201d yay\u0131mland\u0131.<\/p>\n<p>Do\u011fu Akdeniz \u00dcniversitesi Yay\u0131n Evi taraf\u0131ndan bas\u0131lan kitab\u0131n tan\u0131t\u0131m\u0131, 24 May\u0131s Cuma Lefko\u015fa\u2019da R\u00fcstem Kitap Evinde yap\u0131lacak. Etkinlik 18:00\u2019da ba\u015flayacak.<\/p>\n<p><em>\u2013 Kitap Hakk\u0131nda<\/em><\/p>\n<p> Kitap, zeytin a\u011fac\u0131n\u0131n alt\u0131nda b\u00fcy\u00fcyen k\u00fc\u00e7\u00fck Eyl\u00fcl\u2019\u00fcn, do\u011fa ile kurdu\u011fu \u00f6zel ba\u011f ve ailesine olan sevgisini ve karde\u015fi \u00c7a\u011fla ile olan ili\u015fkisini mercek alt\u0131na al\u0131yor. Hik\u00e2ye, sevgi, dayan\u0131\u015fma ve do\u011fan\u0131n mucizeleri \u00fczerine d\u00fc\u015f\u00fcnd\u00fcr\u00fcc\u00fc ve \u00f6\u011fretici bir anlat\u0131 sunuyor. Kitap, \u00e7ocuklar\u0131n do\u011fa ile kurdu\u011fu ba\u011f\u0131 g\u00fc\u00e7lendirirken, aile i\u00e7indeki sevgi ve dayan\u0131\u015fman\u0131n da \u00f6nemine dikkat \u00e7ekiyor.<\/p>\n<p> Yazar \u0130mren Ayta\u00e7o\u011flu \u201cEyl\u00fcl\u2019\u00fcn Zeytin A\u011fac\u0131\u201dyla ilgili \u201cG\u00fczel bir co\u011frafyada ya\u015f\u0131yoruz. Bu co\u011frafyan\u0131n bize sundu\u011fu g\u00fczellikleri, de\u011ferleri, k\u00fclt\u00fcrleri, bilim ile birlikte, gelece\u011fe y\u00f6n verecek gen\u00e7 nesillere bir macerayla unutturmamay\u0131 ama\u00e7lad\u0131m.\u201d dedi.<\/p>\n<p>-Yazar Hakk\u0131nda <\/p>\n<p>1967 y\u0131l\u0131nda Lefko\u015fa\u2019da do\u011fan \u0130mren Ayta\u00e7o\u011flu, \u0130stanbul Teknik \u00dcniversitesi\u2019nde kimya m\u00fchendisli\u011fi okudu ve y\u00fcksek lisans\u0131n\u0131 \u0130stanbul \u00dcniversitesi \u0130\u015fletme Fak\u00fcltesi\u2019nde tamamlad\u0131. \u201cEyl\u00fcl\u2019\u00fcn Zeytin A\u011fac\u0131\u201d Ayta\u00e7o\u011flu\u2019nun ilk \u00e7ocuk kitab\u0131.<\/p>\n<\/p><\/div>\n<p><script async\n                    defer\n                    crossorigin=\"anonymous\"\n                    src=\"https:\/\/connect.facebook.net\/tr_TR\/sdk.js#xfbml=1&#038;version=v3.3\"\n            ><\/script><\/p>\n","protected":false},"excerpt":{"rendered":"<p>Yazar \u0130mren Ayta\u00e7o\u011flu\u2019nu ilk \u00e7ocuk kitab\u0131, \u201cEyl\u00fcl\u2019\u00fcn Zeytin A\u011fac\u0131\u201d yay\u0131mland\u0131. Do\u011fu Akdeniz \u00dcniversitesi Yay\u0131n Evi taraf\u0131ndan bas\u0131lan kitab\u0131n tan\u0131t\u0131m\u0131, 24 May\u0131s Cuma Lefko\u015fa\u2019da R\u00fcstem Kitap Evinde yap\u0131lacak. Etkinlik 18:00\u2019da ba\u015flayacak. \u2013 Kitap Hakk\u0131nda Kitap, zeytin a\u011fac\u0131n\u0131n alt\u0131nda b\u00fcy\u00fcyen k\u00fc\u00e7\u00fck Eyl\u00fcl\u2019\u00fcn, do\u011fa ile kurdu\u011fu \u00f6zel ba\u011f ve ailesine olan sevgisini ve karde\u015fi \u00c7a\u011fla ile olan ili\u015fkisini [&hellip;]<\/p>\n","protected":false},"author":1,"featured_media":3044,"comment_status":"open","ping_status":"open","sticky":false,"template":"","format":"standard","meta":{"jnews-multi-image_gallery":[],"jnews_single_post":[],"jnews_primary_category":[],"jnews_social_meta":[],"jnews_override_counter":[],"footnotes":""},"categories":[6],"tags":[],"class_list":["post-3043","post","type-post","status-publish","format-standard","has-post-thumbnail","hentry","category-yasam"],"yoast_head":"<!-- This site is optimized with the Yoast SEO plugin v27.5 - https:\/\/yoast.com\/product\/yoast-seo-wordpress\/ -->\n<title>\u201cEyl\u00fcl\u2019\u00fcn Zeytin A\u011fac\u0131\u201d yay\u0131mland\u0131 - Kuzeyin Sesi<\/title>\n<meta name=\"robots\" content=\"index, follow, max-snippet:-1, max-image-preview:large, max-video-preview:-1\" \/>\n<link rel=\"canonical\" href=\"https:\/\/kuzeyinsesi.org\/index.php\/2024\/05\/21\/eylulun-zeytin-agaci-yayimlandi\/\" \/>\n<meta property=\"og:locale\" content=\"tr_TR\" \/>\n<meta property=\"og:type\" content=\"article\" \/>\n<meta property=\"og:title\" content=\"\u201cEyl\u00fcl\u2019\u00fcn Zeytin A\u011fac\u0131\u201d yay\u0131mland\u0131 - Kuzeyin Sesi\" \/>\n<meta property=\"og:description\" content=\"Yazar \u0130mren Ayta\u00e7o\u011flu\u2019nu ilk \u00e7ocuk kitab\u0131, \u201cEyl\u00fcl\u2019\u00fcn Zeytin A\u011fac\u0131\u201d yay\u0131mland\u0131. Do\u011fu Akdeniz \u00dcniversitesi Yay\u0131n Evi taraf\u0131ndan bas\u0131lan kitab\u0131n tan\u0131t\u0131m\u0131, 24 May\u0131s Cuma Lefko\u015fa\u2019da R\u00fcstem Kitap Evinde yap\u0131lacak. Etkinlik 18:00\u2019da ba\u015flayacak. \u2013 Kitap Hakk\u0131nda Kitap, zeytin a\u011fac\u0131n\u0131n alt\u0131nda b\u00fcy\u00fcyen k\u00fc\u00e7\u00fck Eyl\u00fcl\u2019\u00fcn, do\u011fa ile kurdu\u011fu \u00f6zel ba\u011f ve ailesine olan sevgisini ve karde\u015fi \u00c7a\u011fla ile olan ili\u015fkisini [&hellip;]\" \/>\n<meta property=\"og:url\" content=\"https:\/\/kuzeyinsesi.org\/index.php\/2024\/05\/21\/eylulun-zeytin-agaci-yayimlandi\/\" \/>\n<meta property=\"og:site_name\" content=\"Kuzeyin Sesi\" \/>\n<meta property=\"article:publisher\" content=\"https:\/\/www.facebook.com\/kuzeyinsesii\" \/>\n<meta property=\"article:published_time\" content=\"2024-05-21T07:50:07+00:00\" \/>\n<meta property=\"og:image\" content=\"https:\/\/kuzeyinsesi.org\/wp-content\/uploads\/2024\/05\/wpeoripwi.jpg\" \/>\n\t<meta property=\"og:image:width\" content=\"1775\" \/>\n\t<meta property=\"og:image:height\" content=\"845\" \/>\n\t<meta property=\"og:image:type\" content=\"image\/jpeg\" \/>\n<meta name=\"author\" content=\"Kuzeyin Sesi\" \/>\n<meta name=\"twitter:card\" content=\"summary_large_image\" \/>\n<meta name=\"twitter:creator\" content=\"@kuzeyinsesii\" \/>\n<meta name=\"twitter:site\" content=\"@kuzeyinsesii\" \/>\n<meta name=\"twitter:label1\" content=\"Yazan:\" \/>\n\t<meta name=\"twitter:data1\" content=\"Kuzeyin Sesi\" \/>\n\t<meta name=\"twitter:label2\" content=\"Tahmini okuma s\u00fcresi\" \/>\n\t<meta name=\"twitter:data2\" content=\"1 dakika\" \/>\n<script type=\"application\/ld+json\" class=\"yoast-schema-graph\">{\"@context\":\"https:\\\/\\\/schema.org\",\"@graph\":[{\"@type\":\"Article\",\"@id\":\"https:\\\/\\\/kuzeyinsesi.org\\\/index.php\\\/2024\\\/05\\\/21\\\/eylulun-zeytin-agaci-yayimlandi\\\/#article\",\"isPartOf\":{\"@id\":\"https:\\\/\\\/kuzeyinsesi.org\\\/index.php\\\/2024\\\/05\\\/21\\\/eylulun-zeytin-agaci-yayimlandi\\\/\"},\"author\":{\"name\":\"Kuzeyin Sesi\",\"@id\":\"https:\\\/\\\/kuzeyinsesi.org\\\/#\\\/schema\\\/person\\\/9f859689cdf01485597712386e37f5aa\"},\"headline\":\"\u201cEyl\u00fcl\u2019\u00fcn Zeytin A\u011fac\u0131\u201d yay\u0131mland\u0131\",\"datePublished\":\"2024-05-21T07:50:07+00:00\",\"mainEntityOfPage\":{\"@id\":\"https:\\\/\\\/kuzeyinsesi.org\\\/index.php\\\/2024\\\/05\\\/21\\\/eylulun-zeytin-agaci-yayimlandi\\\/\"},\"wordCount\":244,\"commentCount\":0,\"image\":{\"@id\":\"https:\\\/\\\/kuzeyinsesi.org\\\/index.php\\\/2024\\\/05\\\/21\\\/eylulun-zeytin-agaci-yayimlandi\\\/#primaryimage\"},\"thumbnailUrl\":\"https:\\\/\\\/kuzeyinsesi.org\\\/wp-content\\\/uploads\\\/2024\\\/05\\\/wpeoripwi.jpg\",\"articleSection\":[\"Ya\u015fam\"],\"inLanguage\":\"tr\",\"potentialAction\":[{\"@type\":\"CommentAction\",\"name\":\"Comment\",\"target\":[\"https:\\\/\\\/kuzeyinsesi.org\\\/index.php\\\/2024\\\/05\\\/21\\\/eylulun-zeytin-agaci-yayimlandi\\\/#respond\"]}]},{\"@type\":\"WebPage\",\"@id\":\"https:\\\/\\\/kuzeyinsesi.org\\\/index.php\\\/2024\\\/05\\\/21\\\/eylulun-zeytin-agaci-yayimlandi\\\/\",\"url\":\"https:\\\/\\\/kuzeyinsesi.org\\\/index.php\\\/2024\\\/05\\\/21\\\/eylulun-zeytin-agaci-yayimlandi\\\/\",\"name\":\"\u201cEyl\u00fcl\u2019\u00fcn Zeytin A\u011fac\u0131\u201d yay\u0131mland\u0131 - Kuzeyin Sesi\",\"isPartOf\":{\"@id\":\"https:\\\/\\\/kuzeyinsesi.org\\\/#website\"},\"primaryImageOfPage\":{\"@id\":\"https:\\\/\\\/kuzeyinsesi.org\\\/index.php\\\/2024\\\/05\\\/21\\\/eylulun-zeytin-agaci-yayimlandi\\\/#primaryimage\"},\"image\":{\"@id\":\"https:\\\/\\\/kuzeyinsesi.org\\\/index.php\\\/2024\\\/05\\\/21\\\/eylulun-zeytin-agaci-yayimlandi\\\/#primaryimage\"},\"thumbnailUrl\":\"https:\\\/\\\/kuzeyinsesi.org\\\/wp-content\\\/uploads\\\/2024\\\/05\\\/wpeoripwi.jpg\",\"datePublished\":\"2024-05-21T07:50:07+00:00\",\"author\":{\"@id\":\"https:\\\/\\\/kuzeyinsesi.org\\\/#\\\/schema\\\/person\\\/9f859689cdf01485597712386e37f5aa\"},\"breadcrumb\":{\"@id\":\"https:\\\/\\\/kuzeyinsesi.org\\\/index.php\\\/2024\\\/05\\\/21\\\/eylulun-zeytin-agaci-yayimlandi\\\/#breadcrumb\"},\"inLanguage\":\"tr\",\"potentialAction\":[{\"@type\":\"ReadAction\",\"target\":[\"https:\\\/\\\/kuzeyinsesi.org\\\/index.php\\\/2024\\\/05\\\/21\\\/eylulun-zeytin-agaci-yayimlandi\\\/\"]}]},{\"@type\":\"ImageObject\",\"inLanguage\":\"tr\",\"@id\":\"https:\\\/\\\/kuzeyinsesi.org\\\/index.php\\\/2024\\\/05\\\/21\\\/eylulun-zeytin-agaci-yayimlandi\\\/#primaryimage\",\"url\":\"https:\\\/\\\/kuzeyinsesi.org\\\/wp-content\\\/uploads\\\/2024\\\/05\\\/wpeoripwi.jpg\",\"contentUrl\":\"https:\\\/\\\/kuzeyinsesi.org\\\/wp-content\\\/uploads\\\/2024\\\/05\\\/wpeoripwi.jpg\",\"width\":1775,\"height\":845},{\"@type\":\"BreadcrumbList\",\"@id\":\"https:\\\/\\\/kuzeyinsesi.org\\\/index.php\\\/2024\\\/05\\\/21\\\/eylulun-zeytin-agaci-yayimlandi\\\/#breadcrumb\",\"itemListElement\":[{\"@type\":\"ListItem\",\"position\":1,\"name\":\"Anasayfa\",\"item\":\"https:\\\/\\\/kuzeyinsesi.org\\\/\"},{\"@type\":\"ListItem\",\"position\":2,\"name\":\"\u201cEyl\u00fcl\u2019\u00fcn Zeytin A\u011fac\u0131\u201d yay\u0131mland\u0131\"}]},{\"@type\":\"WebSite\",\"@id\":\"https:\\\/\\\/kuzeyinsesi.org\\\/#website\",\"url\":\"https:\\\/\\\/kuzeyinsesi.org\\\/\",\"name\":\"Kuzeyin Sesi\",\"description\":\"Do\u011fru Haberin Adresi\",\"potentialAction\":[{\"@type\":\"SearchAction\",\"target\":{\"@type\":\"EntryPoint\",\"urlTemplate\":\"https:\\\/\\\/kuzeyinsesi.org\\\/?s={search_term_string}\"},\"query-input\":{\"@type\":\"PropertyValueSpecification\",\"valueRequired\":true,\"valueName\":\"search_term_string\"}}],\"inLanguage\":\"tr\"},{\"@type\":\"Person\",\"@id\":\"https:\\\/\\\/kuzeyinsesi.org\\\/#\\\/schema\\\/person\\\/9f859689cdf01485597712386e37f5aa\",\"name\":\"Kuzeyin Sesi\",\"image\":{\"@type\":\"ImageObject\",\"inLanguage\":\"tr\",\"@id\":\"https:\\\/\\\/secure.gravatar.com\\\/avatar\\\/bab33852abfd8b282518d6ed81826833d77c3c882d9ab608add591ccace47a44?s=96&d=mm&r=g\",\"url\":\"https:\\\/\\\/secure.gravatar.com\\\/avatar\\\/bab33852abfd8b282518d6ed81826833d77c3c882d9ab608add591ccace47a44?s=96&d=mm&r=g\",\"contentUrl\":\"https:\\\/\\\/secure.gravatar.com\\\/avatar\\\/bab33852abfd8b282518d6ed81826833d77c3c882d9ab608add591ccace47a44?s=96&d=mm&r=g\",\"caption\":\"Kuzeyin Sesi\"},\"sameAs\":[\"https:\\\/\\\/kuzeyinsesi.org\"],\"url\":\"https:\\\/\\\/kuzeyinsesi.org\\\/index.php\\\/author\\\/guven\\\/\"}]}<\/script>\n<!-- \/ Yoast SEO plugin. -->","yoast_head_json":{"title":"\u201cEyl\u00fcl\u2019\u00fcn Zeytin A\u011fac\u0131\u201d yay\u0131mland\u0131 - Kuzeyin Sesi","robots":{"index":"index","follow":"follow","max-snippet":"max-snippet:-1","max-image-preview":"max-image-preview:large","max-video-preview":"max-video-preview:-1"},"canonical":"https:\/\/kuzeyinsesi.org\/index.php\/2024\/05\/21\/eylulun-zeytin-agaci-yayimlandi\/","og_locale":"tr_TR","og_type":"article","og_title":"\u201cEyl\u00fcl\u2019\u00fcn Zeytin A\u011fac\u0131\u201d yay\u0131mland\u0131 - Kuzeyin Sesi","og_description":"Yazar \u0130mren Ayta\u00e7o\u011flu\u2019nu ilk \u00e7ocuk kitab\u0131, \u201cEyl\u00fcl\u2019\u00fcn Zeytin A\u011fac\u0131\u201d yay\u0131mland\u0131. Do\u011fu Akdeniz \u00dcniversitesi Yay\u0131n Evi taraf\u0131ndan bas\u0131lan kitab\u0131n tan\u0131t\u0131m\u0131, 24 May\u0131s Cuma Lefko\u015fa\u2019da R\u00fcstem Kitap Evinde yap\u0131lacak. Etkinlik 18:00\u2019da ba\u015flayacak. \u2013 Kitap Hakk\u0131nda Kitap, zeytin a\u011fac\u0131n\u0131n alt\u0131nda b\u00fcy\u00fcyen k\u00fc\u00e7\u00fck Eyl\u00fcl\u2019\u00fcn, do\u011fa ile kurdu\u011fu \u00f6zel ba\u011f ve ailesine olan sevgisini ve karde\u015fi \u00c7a\u011fla ile olan ili\u015fkisini [&hellip;]","og_url":"https:\/\/kuzeyinsesi.org\/index.php\/2024\/05\/21\/eylulun-zeytin-agaci-yayimlandi\/","og_site_name":"Kuzeyin Sesi","article_publisher":"https:\/\/www.facebook.com\/kuzeyinsesii","article_published_time":"2024-05-21T07:50:07+00:00","og_image":[{"width":1775,"height":845,"url":"https:\/\/kuzeyinsesi.org\/wp-content\/uploads\/2024\/05\/wpeoripwi.jpg","type":"image\/jpeg"}],"author":"Kuzeyin Sesi","twitter_card":"summary_large_image","twitter_creator":"@kuzeyinsesii","twitter_site":"@kuzeyinsesii","twitter_misc":{"Yazan:":"Kuzeyin Sesi","Tahmini okuma s\u00fcresi":"1 dakika"},"schema":{"@context":"https:\/\/schema.org","@graph":[{"@type":"Article","@id":"https:\/\/kuzeyinsesi.org\/index.php\/2024\/05\/21\/eylulun-zeytin-agaci-yayimlandi\/#article","isPartOf":{"@id":"https:\/\/kuzeyinsesi.org\/index.php\/2024\/05\/21\/eylulun-zeytin-agaci-yayimlandi\/"},"author":{"name":"Kuzeyin Sesi","@id":"https:\/\/kuzeyinsesi.org\/#\/schema\/person\/9f859689cdf01485597712386e37f5aa"},"headline":"\u201cEyl\u00fcl\u2019\u00fcn Zeytin A\u011fac\u0131\u201d yay\u0131mland\u0131","datePublished":"2024-05-21T07:50:07+00:00","mainEntityOfPage":{"@id":"https:\/\/kuzeyinsesi.org\/index.php\/2024\/05\/21\/eylulun-zeytin-agaci-yayimlandi\/"},"wordCount":244,"commentCount":0,"image":{"@id":"https:\/\/kuzeyinsesi.org\/index.php\/2024\/05\/21\/eylulun-zeytin-agaci-yayimlandi\/#primaryimage"},"thumbnailUrl":"https:\/\/kuzeyinsesi.org\/wp-content\/uploads\/2024\/05\/wpeoripwi.jpg","articleSection":["Ya\u015fam"],"inLanguage":"tr","potentialAction":[{"@type":"CommentAction","name":"Comment","target":["https:\/\/kuzeyinsesi.org\/index.php\/2024\/05\/21\/eylulun-zeytin-agaci-yayimlandi\/#respond"]}]},{"@type":"WebPage","@id":"https:\/\/kuzeyinsesi.org\/index.php\/2024\/05\/21\/eylulun-zeytin-agaci-yayimlandi\/","url":"https:\/\/kuzeyinsesi.org\/index.php\/2024\/05\/21\/eylulun-zeytin-agaci-yayimlandi\/","name":"\u201cEyl\u00fcl\u2019\u00fcn Zeytin A\u011fac\u0131\u201d yay\u0131mland\u0131 - Kuzeyin Sesi","isPartOf":{"@id":"https:\/\/kuzeyinsesi.org\/#website"},"primaryImageOfPage":{"@id":"https:\/\/kuzeyinsesi.org\/index.php\/2024\/05\/21\/eylulun-zeytin-agaci-yayimlandi\/#primaryimage"},"image":{"@id":"https:\/\/kuzeyinsesi.org\/index.php\/2024\/05\/21\/eylulun-zeytin-agaci-yayimlandi\/#primaryimage"},"thumbnailUrl":"https:\/\/kuzeyinsesi.org\/wp-content\/uploads\/2024\/05\/wpeoripwi.jpg","datePublished":"2024-05-21T07:50:07+00:00","author":{"@id":"https:\/\/kuzeyinsesi.org\/#\/schema\/person\/9f859689cdf01485597712386e37f5aa"},"breadcrumb":{"@id":"https:\/\/kuzeyinsesi.org\/index.php\/2024\/05\/21\/eylulun-zeytin-agaci-yayimlandi\/#breadcrumb"},"inLanguage":"tr","potentialAction":[{"@type":"ReadAction","target":["https:\/\/kuzeyinsesi.org\/index.php\/2024\/05\/21\/eylulun-zeytin-agaci-yayimlandi\/"]}]},{"@type":"ImageObject","inLanguage":"tr","@id":"https:\/\/kuzeyinsesi.org\/index.php\/2024\/05\/21\/eylulun-zeytin-agaci-yayimlandi\/#primaryimage","url":"https:\/\/kuzeyinsesi.org\/wp-content\/uploads\/2024\/05\/wpeoripwi.jpg","contentUrl":"https:\/\/kuzeyinsesi.org\/wp-content\/uploads\/2024\/05\/wpeoripwi.jpg","width":1775,"height":845},{"@type":"BreadcrumbList","@id":"https:\/\/kuzeyinsesi.org\/index.php\/2024\/05\/21\/eylulun-zeytin-agaci-yayimlandi\/#breadcrumb","itemListElement":[{"@type":"ListItem","position":1,"name":"Anasayfa","item":"https:\/\/kuzeyinsesi.org\/"},{"@type":"ListItem","position":2,"name":"\u201cEyl\u00fcl\u2019\u00fcn Zeytin A\u011fac\u0131\u201d yay\u0131mland\u0131"}]},{"@type":"WebSite","@id":"https:\/\/kuzeyinsesi.org\/#website","url":"https:\/\/kuzeyinsesi.org\/","name":"Kuzeyin Sesi","description":"Do\u011fru Haberin Adresi","potentialAction":[{"@type":"SearchAction","target":{"@type":"EntryPoint","urlTemplate":"https:\/\/kuzeyinsesi.org\/?s={search_term_string}"},"query-input":{"@type":"PropertyValueSpecification","valueRequired":true,"valueName":"search_term_string"}}],"inLanguage":"tr"},{"@type":"Person","@id":"https:\/\/kuzeyinsesi.org\/#\/schema\/person\/9f859689cdf01485597712386e37f5aa","name":"Kuzeyin Sesi","image":{"@type":"ImageObject","inLanguage":"tr","@id":"https:\/\/secure.gravatar.com\/avatar\/bab33852abfd8b282518d6ed81826833d77c3c882d9ab608add591ccace47a44?s=96&d=mm&r=g","url":"https:\/\/secure.gravatar.com\/avatar\/bab33852abfd8b282518d6ed81826833d77c3c882d9ab608add591ccace47a44?s=96&d=mm&r=g","contentUrl":"https:\/\/secure.gravatar.com\/avatar\/bab33852abfd8b282518d6ed81826833d77c3c882d9ab608add591ccace47a44?s=96&d=mm&r=g","caption":"Kuzeyin Sesi"},"sameAs":["https:\/\/kuzeyinsesi.org"],"url":"https:\/\/kuzeyinsesi.org\/index.php\/author\/guven\/"}]}},"_links":{"self":[{"href":"https:\/\/kuzeyinsesi.org\/index.php\/wp-json\/wp\/v2\/posts\/3043","targetHints":{"allow":["GET"]}}],"collection":[{"href":"https:\/\/kuzeyinsesi.org\/index.php\/wp-json\/wp\/v2\/posts"}],"about":[{"href":"https:\/\/kuzeyinsesi.org\/index.php\/wp-json\/wp\/v2\/types\/post"}],"author":[{"embeddable":true,"href":"https:\/\/kuzeyinsesi.org\/index.php\/wp-json\/wp\/v2\/users\/1"}],"replies":[{"embeddable":true,"href":"https:\/\/kuzeyinsesi.org\/index.php\/wp-json\/wp\/v2\/comments?post=3043"}],"version-history":[{"count":0,"href":"https:\/\/kuzeyinsesi.org\/index.php\/wp-json\/wp\/v2\/posts\/3043\/revisions"}],"wp:featuredmedia":[{"embeddable":true,"href":"https:\/\/kuzeyinsesi.org\/index.php\/wp-json\/wp\/v2\/media\/3044"}],"wp:attachment":[{"href":"https:\/\/kuzeyinsesi.org\/index.php\/wp-json\/wp\/v2\/media?parent=3043"}],"wp:term":[{"taxonomy":"category","embeddable":true,"href":"https:\/\/kuzeyinsesi.org\/index.php\/wp-json\/wp\/v2\/categories?post=3043"},{"taxonomy":"post_tag","embeddable":true,"href":"https:\/\/kuzeyinsesi.org\/index.php\/wp-json\/wp\/v2\/tags?post=3043"}],"curies":[{"name":"wp","href":"https:\/\/api.w.org\/{rel}","templated":true}]}}