{"id":30398,"date":"2025-08-19T20:52:20","date_gmt":"2025-08-19T17:52:20","guid":{"rendered":"https:\/\/kuzeyinsesi.org\/index.php\/2025\/08\/19\/israilde-hukumet-karsiti-grev-ve-protestolara-1-milyondan-fazla-kisi-katildi\/"},"modified":"2025-08-19T20:52:20","modified_gmt":"2025-08-19T17:52:20","slug":"israilde-hukumet-karsiti-grev-ve-protestolara-1-milyondan-fazla-kisi-katildi","status":"publish","type":"post","link":"https:\/\/kuzeyinsesi.org\/index.php\/2025\/08\/19\/israilde-hukumet-karsiti-grev-ve-protestolara-1-milyondan-fazla-kisi-katildi\/","title":{"rendered":"\u0130srail&#039;de h\u00fck\u00fcmet kar\u015f\u0131t\u0131 grev ve protestolara 1 milyondan fazla ki\u015fi kat\u0131ld\u0131"},"content":{"rendered":"<p><\/p>\n<div>\n<p>&#13;<br \/>\n\t\u0130srailli esir ailelerinin olu\u015fturdu\u011fu \u00e7at\u0131 platformundan yap\u0131lan a\u00e7\u0131klamada, \u00fclke genelinde d\u00fczenlenen g\u00f6steri, y\u00fcr\u00fcy\u00fc\u015f ve etkinliklere bir milyondan fazla ki\u015finin i\u015ftirak etti\u011fi kaydedildi.<\/p>\n<p>&#13;<br \/>\n\tA\u00e7\u0131klamada ayr\u0131ca, Tel Aviv\u2019deki \u201cRehineler Meydan\u0131&#8217;ndaki\u201d faaliyetlerin sona ermesinin, hareketin bitti\u011fi anlam\u0131na gelmedi\u011fi vurgulanarak, Hamas\u2019\u0131n elindeki esirler serbest b\u0131rak\u0131lana kadar protesto ve eylemlere devam edilece\u011fi ifade edildi.<\/p>\n<p>&#13;<br \/>\n\tD\u00fcn sabah, genel grev nedeniyle hayati tesisler ve b\u00fcy\u00fck \u015firketler kapanm\u0131\u015f, y\u00fczlerce \u00f6zel kurum, belediye ve kurulu\u015f greve kat\u0131lm\u0131\u015ft\u0131.<\/p>\n<div class=\"image-content\"><span class=\"image-spot\">[Foto\u011fraf: AA]<\/span><\/div>\n<h2>&#13;<br \/>\n\tGrev ula\u015f\u0131m\u0131 da durma noktas\u0131na getirdi<\/h2>\n<p>&#13;<br \/>\n\t<a href=\"https:\/\/www.trthaber.com\/etiket\/israil\/\" target=\"_blank\">\u0130srail<\/a> medyas\u0131, grevin \u00fclke genelinde ula\u015f\u0131m\u0131 aksatt\u0131\u011f\u0131n\u0131, \u00f6zellikle tren seferlerinin durma noktas\u0131na gelmesiyle ciddi <a href=\"https:\/\/www.trthaber.com\/etiket\/trafik\/\" target=\"_blank\">trafik<\/a> s\u0131k\u0131\u015f\u0131kl\u0131klar\u0131n\u0131n ya\u015fand\u0131\u011f\u0131n\u0131 aktard\u0131.<\/p>\n<p>&#13;<br \/>\n\tG\u00f6sterilerde \u201cH\u00fck\u00fcmetin rehineleri kurban etmesine izin vermeyece\u011fiz.\u201d yaz\u0131l\u0131 pankartlar ta\u015f\u0131n\u0131rken, Kanal 12 televizyonu Tel Aviv\u2019deki merkezi mitinge on binlerce ki\u015finin kat\u0131ld\u0131\u011f\u0131n\u0131 duyurdu.<\/p>\n<p>&#13;<br \/>\n\tG\u00f6stericiler, \u201cate\u015fkes pahas\u0131na bile olsa\u201d esirlerin serbest b\u0131rak\u0131lmas\u0131n\u0131 sa\u011flayacak bir takas anla\u015fmas\u0131 taleplerini yineledi.<\/p>\n<div class=\"image-content\"><img decoding=\"async\" alt=\"Foto\u011fraf: AA\" src=\"https:\/\/www.trthaber.com\/dosyalar\/images\/aa_picture_20250817_38855875.jpg\"\/><span class=\"image-spot\">[Foto\u011fraf: AA]<\/span><\/div>\n<p>&#13;<br \/>\n\tMuhalefet ve esir aileleri, Ba\u015fbakan Binyamin Netanyahu\u2019yu, iktidarda kalma \u0131srar\u0131 ve koalisyonu feshetmeyi reddetmesi nedeniyle <a href=\"https:\/\/www.trthaber.com\/etiket\/hamas\/\" target=\"_blank\">Hamas<\/a> ile m\u00fczakereleri sabote etmekle su\u00e7luyor.<\/p>\n<p>&#13;<br \/>\n\tHamas ise defalarca, \u201csava\u015f\u0131n sona ermesi, \u0130srail ordusunun <a href=\"https:\/\/www.trthaber.com\/etiket\/gazze\/\" target=\"_blank\">Gazze<\/a> \u015eeridi\u2019nden \u00e7ekilmesi ve Filistinli esirlerin serbest b\u0131rak\u0131lmas\u0131 kar\u015f\u0131l\u0131\u011f\u0131nda \u0130srailli esirleri toplu halde serbest b\u0131rakmaya haz\u0131r\u201d oldu\u011funu a\u00e7\u0131klam\u0131\u015ft\u0131.<\/p>\n<p>&#13;<br \/>\n\tTel Aviv y\u00f6netimi, Gazze\u2019de 20\u2019si hayatta olmak \u00fczere 50 \u0130srailli esirin bulundu\u011funu tahmin ediyor.<\/p>\n<div class=\"image-content\"><img decoding=\"async\" alt=\"Foto\u011fraf: AA\" src=\"https:\/\/www.trthaber.com\/dosyalar\/images\/aa_picture_20250817_38855878.jpg\"\/><span class=\"image-spot\">[Foto\u011fraf: AA]<\/span><\/div>\n<h2>&#13;<br \/>\n\t\u0130srail hapishanelerinde insan haklar\u0131 \u00e7i\u011fneniyor<\/h2>\n<p>&#13;<br \/>\n\t\u00d6te yandan insan haklar\u0131 raporlar\u0131na g\u00f6re, \u0130srail hapishanelerinde 10 bin 800\u2019den fazla Filistinli a\u00e7l\u0131k, i\u015fkence ve t\u0131bbi ihmal nedeniyle a\u011f\u0131r ko\u015fullarda tutuluyor, y\u00fczlercesi ise ya\u015fam\u0131n\u0131 yitirdi.<\/p>\n<p>&#13;<br \/>\n\t\u0130srail\u2019in <a href=\"https:\/\/www.trthaber.com\/etiket\/abd\/\" target=\"_blank\">ABD<\/a> deste\u011fiyle 7 Ekim 2023\u2019ten bu yana y\u00fcr\u00fctt\u00fc\u011f\u00fc sald\u0131r\u0131lar, Uluslararas\u0131 Adalet Divan\u0131\u2019n\u0131n t\u00fcm uyar\u0131lar\u0131na ra\u011fmen katliam, a\u00e7l\u0131k, y\u0131k\u0131m ve zorla yerinden etme ile devam ediyor.<\/p>\n<p>&#13;<br \/>\n\tGazze \u015eeridi\u2019ndeki Filistin Sa\u011fl\u0131k Bakanl\u0131\u011f\u0131na g\u00f6re, \u015fu ana kadar \u00e7o\u011fu kad\u0131n ve \u00e7ocuk olmak \u00fczere 61 bin 944 Filistinli \u00f6ld\u00fc, 155 bin 886 ki\u015fi yaraland\u0131. Ayr\u0131ca 9 binden fazla ki\u015fi kay\u0131p, y\u00fcz binlerce ki\u015fi yerinden edilmi\u015f durumda. K\u0131tl\u0131k nedeniyle de 251 ki\u015fi (108\u2019i \u00e7ocuk) hayat\u0131n\u0131 kaybetti.<\/p>\n<div class=\"image-content\"><img decoding=\"async\" alt=\"Foto\u011fraf: AA\" src=\"https:\/\/www.trthaber.com\/dosyalar\/images\/aa_picture_20250817_38855888.jpg\"\/><span class=\"image-spot\">[Foto\u011fraf: AA]<\/span><\/div><\/div>\n","protected":false},"excerpt":{"rendered":"<p>&#13; \u0130srailli esir ailelerinin olu\u015fturdu\u011fu \u00e7at\u0131 platformundan yap\u0131lan a\u00e7\u0131klamada, \u00fclke genelinde d\u00fczenlenen g\u00f6steri, y\u00fcr\u00fcy\u00fc\u015f ve etkinliklere bir milyondan fazla ki\u015finin i\u015ftirak etti\u011fi kaydedildi. &#13; A\u00e7\u0131klamada ayr\u0131ca, Tel Aviv\u2019deki \u201cRehineler Meydan\u0131&#8217;ndaki\u201d faaliyetlerin sona ermesinin, hareketin bitti\u011fi anlam\u0131na gelmedi\u011fi vurgulanarak, Hamas\u2019\u0131n elindeki esirler serbest b\u0131rak\u0131lana kadar protesto ve eylemlere devam edilece\u011fi ifade edildi. &#13; D\u00fcn sabah, genel [&hellip;]<\/p>\n","protected":false},"author":1,"featured_media":30399,"comment_status":"open","ping_status":"open","sticky":false,"template":"","format":"standard","meta":{"jnews-multi-image_gallery":[],"jnews_single_post":[],"jnews_primary_category":[],"jnews_social_meta":[],"jnews_override_counter":[],"footnotes":""},"categories":[2],"tags":[],"class_list":["post-30398","post","type-post","status-publish","format-standard","has-post-thumbnail","hentry","category-dunya"],"yoast_head":"<!-- This site is optimized with the Yoast SEO plugin v27.5 - https:\/\/yoast.com\/product\/yoast-seo-wordpress\/ -->\n<title>\u0130srail&#039;de h\u00fck\u00fcmet kar\u015f\u0131t\u0131 grev ve protestolara 1 milyondan fazla ki\u015fi kat\u0131ld\u0131 - Kuzeyin Sesi<\/title>\n<meta name=\"robots\" content=\"index, follow, max-snippet:-1, max-image-preview:large, max-video-preview:-1\" \/>\n<link rel=\"canonical\" href=\"https:\/\/kuzeyinsesi.org\/index.php\/2025\/08\/19\/israilde-hukumet-karsiti-grev-ve-protestolara-1-milyondan-fazla-kisi-katildi\/\" \/>\n<meta property=\"og:locale\" content=\"tr_TR\" \/>\n<meta property=\"og:type\" content=\"article\" \/>\n<meta property=\"og:title\" content=\"\u0130srail&#039;de h\u00fck\u00fcmet kar\u015f\u0131t\u0131 grev ve protestolara 1 milyondan fazla ki\u015fi kat\u0131ld\u0131 - Kuzeyin Sesi\" \/>\n<meta property=\"og:description\" content=\"&#013; \u0130srailli esir ailelerinin olu\u015fturdu\u011fu \u00e7at\u0131 platformundan yap\u0131lan a\u00e7\u0131klamada, \u00fclke genelinde d\u00fczenlenen g\u00f6steri, y\u00fcr\u00fcy\u00fc\u015f ve etkinliklere bir milyondan fazla ki\u015finin i\u015ftirak etti\u011fi kaydedildi. &#013; A\u00e7\u0131klamada ayr\u0131ca, Tel Aviv\u2019deki \u201cRehineler Meydan\u0131&#8217;ndaki\u201d faaliyetlerin sona ermesinin, hareketin bitti\u011fi anlam\u0131na gelmedi\u011fi vurgulanarak, Hamas\u2019\u0131n elindeki esirler serbest b\u0131rak\u0131lana kadar protesto ve eylemlere devam edilece\u011fi ifade edildi. &#013; D\u00fcn sabah, genel [&hellip;]\" \/>\n<meta property=\"og:url\" content=\"https:\/\/kuzeyinsesi.org\/index.php\/2025\/08\/19\/israilde-hukumet-karsiti-grev-ve-protestolara-1-milyondan-fazla-kisi-katildi\/\" \/>\n<meta property=\"og:site_name\" content=\"Kuzeyin Sesi\" \/>\n<meta property=\"article:publisher\" content=\"https:\/\/www.facebook.com\/kuzeyinsesii\" \/>\n<meta property=\"article:published_time\" content=\"2025-08-19T17:52:20+00:00\" \/>\n<meta property=\"og:image\" content=\"https:\/\/www.trthaber.com\/dosyalar\/images\/aa_picture_20250817_38855731.jpg\" \/>\n<meta name=\"author\" content=\"Kuzeyin Sesi\" \/>\n<meta name=\"twitter:card\" content=\"summary_large_image\" \/>\n<meta name=\"twitter:creator\" content=\"@kuzeyinsesii\" \/>\n<meta name=\"twitter:site\" content=\"@kuzeyinsesii\" \/>\n<meta name=\"twitter:label1\" content=\"Yazan:\" \/>\n\t<meta name=\"twitter:data1\" content=\"Kuzeyin Sesi\" \/>\n\t<meta name=\"twitter:label2\" content=\"Tahmini okuma s\u00fcresi\" \/>\n\t<meta name=\"twitter:data2\" content=\"2 dakika\" \/>\n<script type=\"application\/ld+json\" class=\"yoast-schema-graph\">{\"@context\":\"https:\\\/\\\/schema.org\",\"@graph\":[{\"@type\":\"Article\",\"@id\":\"https:\\\/\\\/kuzeyinsesi.org\\\/index.php\\\/2025\\\/08\\\/19\\\/israilde-hukumet-karsiti-grev-ve-protestolara-1-milyondan-fazla-kisi-katildi\\\/#article\",\"isPartOf\":{\"@id\":\"https:\\\/\\\/kuzeyinsesi.org\\\/index.php\\\/2025\\\/08\\\/19\\\/israilde-hukumet-karsiti-grev-ve-protestolara-1-milyondan-fazla-kisi-katildi\\\/\"},\"author\":{\"name\":\"Kuzeyin Sesi\",\"@id\":\"https:\\\/\\\/kuzeyinsesi.org\\\/#\\\/schema\\\/person\\\/9f859689cdf01485597712386e37f5aa\"},\"headline\":\"\u0130srail&#039;de h\u00fck\u00fcmet kar\u015f\u0131t\u0131 grev ve protestolara 1 milyondan fazla ki\u015fi kat\u0131ld\u0131\",\"datePublished\":\"2025-08-19T17:52:20+00:00\",\"mainEntityOfPage\":{\"@id\":\"https:\\\/\\\/kuzeyinsesi.org\\\/index.php\\\/2025\\\/08\\\/19\\\/israilde-hukumet-karsiti-grev-ve-protestolara-1-milyondan-fazla-kisi-katildi\\\/\"},\"wordCount\":432,\"commentCount\":0,\"image\":{\"@id\":\"https:\\\/\\\/kuzeyinsesi.org\\\/index.php\\\/2025\\\/08\\\/19\\\/israilde-hukumet-karsiti-grev-ve-protestolara-1-milyondan-fazla-kisi-katildi\\\/#primaryimage\"},\"thumbnailUrl\":\"https:\\\/\\\/kuzeyinsesi.org\\\/wp-content\\\/uploads\\\/2025\\\/08\\\/israil-grev-aa-2389232.jpg\",\"articleSection\":[\"D\u00fcnya\"],\"inLanguage\":\"tr\",\"potentialAction\":[{\"@type\":\"CommentAction\",\"name\":\"Comment\",\"target\":[\"https:\\\/\\\/kuzeyinsesi.org\\\/index.php\\\/2025\\\/08\\\/19\\\/israilde-hukumet-karsiti-grev-ve-protestolara-1-milyondan-fazla-kisi-katildi\\\/#respond\"]}]},{\"@type\":\"WebPage\",\"@id\":\"https:\\\/\\\/kuzeyinsesi.org\\\/index.php\\\/2025\\\/08\\\/19\\\/israilde-hukumet-karsiti-grev-ve-protestolara-1-milyondan-fazla-kisi-katildi\\\/\",\"url\":\"https:\\\/\\\/kuzeyinsesi.org\\\/index.php\\\/2025\\\/08\\\/19\\\/israilde-hukumet-karsiti-grev-ve-protestolara-1-milyondan-fazla-kisi-katildi\\\/\",\"name\":\"\u0130srail&#039;de h\u00fck\u00fcmet kar\u015f\u0131t\u0131 grev ve protestolara 1 milyondan fazla ki\u015fi kat\u0131ld\u0131 - Kuzeyin Sesi\",\"isPartOf\":{\"@id\":\"https:\\\/\\\/kuzeyinsesi.org\\\/#website\"},\"primaryImageOfPage\":{\"@id\":\"https:\\\/\\\/kuzeyinsesi.org\\\/index.php\\\/2025\\\/08\\\/19\\\/israilde-hukumet-karsiti-grev-ve-protestolara-1-milyondan-fazla-kisi-katildi\\\/#primaryimage\"},\"image\":{\"@id\":\"https:\\\/\\\/kuzeyinsesi.org\\\/index.php\\\/2025\\\/08\\\/19\\\/israilde-hukumet-karsiti-grev-ve-protestolara-1-milyondan-fazla-kisi-katildi\\\/#primaryimage\"},\"thumbnailUrl\":\"https:\\\/\\\/kuzeyinsesi.org\\\/wp-content\\\/uploads\\\/2025\\\/08\\\/israil-grev-aa-2389232.jpg\",\"datePublished\":\"2025-08-19T17:52:20+00:00\",\"author\":{\"@id\":\"https:\\\/\\\/kuzeyinsesi.org\\\/#\\\/schema\\\/person\\\/9f859689cdf01485597712386e37f5aa\"},\"breadcrumb\":{\"@id\":\"https:\\\/\\\/kuzeyinsesi.org\\\/index.php\\\/2025\\\/08\\\/19\\\/israilde-hukumet-karsiti-grev-ve-protestolara-1-milyondan-fazla-kisi-katildi\\\/#breadcrumb\"},\"inLanguage\":\"tr\",\"potentialAction\":[{\"@type\":\"ReadAction\",\"target\":[\"https:\\\/\\\/kuzeyinsesi.org\\\/index.php\\\/2025\\\/08\\\/19\\\/israilde-hukumet-karsiti-grev-ve-protestolara-1-milyondan-fazla-kisi-katildi\\\/\"]}]},{\"@type\":\"ImageObject\",\"inLanguage\":\"tr\",\"@id\":\"https:\\\/\\\/kuzeyinsesi.org\\\/index.php\\\/2025\\\/08\\\/19\\\/israilde-hukumet-karsiti-grev-ve-protestolara-1-milyondan-fazla-kisi-katildi\\\/#primaryimage\",\"url\":\"https:\\\/\\\/kuzeyinsesi.org\\\/wp-content\\\/uploads\\\/2025\\\/08\\\/israil-grev-aa-2389232.jpg\",\"contentUrl\":\"https:\\\/\\\/kuzeyinsesi.org\\\/wp-content\\\/uploads\\\/2025\\\/08\\\/israil-grev-aa-2389232.jpg\",\"width\":1280,\"height\":720},{\"@type\":\"BreadcrumbList\",\"@id\":\"https:\\\/\\\/kuzeyinsesi.org\\\/index.php\\\/2025\\\/08\\\/19\\\/israilde-hukumet-karsiti-grev-ve-protestolara-1-milyondan-fazla-kisi-katildi\\\/#breadcrumb\",\"itemListElement\":[{\"@type\":\"ListItem\",\"position\":1,\"name\":\"Anasayfa\",\"item\":\"https:\\\/\\\/kuzeyinsesi.org\\\/\"},{\"@type\":\"ListItem\",\"position\":2,\"name\":\"\u0130srail&#039;de h\u00fck\u00fcmet kar\u015f\u0131t\u0131 grev ve protestolara 1 milyondan fazla ki\u015fi kat\u0131ld\u0131\"}]},{\"@type\":\"WebSite\",\"@id\":\"https:\\\/\\\/kuzeyinsesi.org\\\/#website\",\"url\":\"https:\\\/\\\/kuzeyinsesi.org\\\/\",\"name\":\"Kuzeyin Sesi\",\"description\":\"Do\u011fru Haberin Adresi\",\"potentialAction\":[{\"@type\":\"SearchAction\",\"target\":{\"@type\":\"EntryPoint\",\"urlTemplate\":\"https:\\\/\\\/kuzeyinsesi.org\\\/?s={search_term_string}\"},\"query-input\":{\"@type\":\"PropertyValueSpecification\",\"valueRequired\":true,\"valueName\":\"search_term_string\"}}],\"inLanguage\":\"tr\"},{\"@type\":\"Person\",\"@id\":\"https:\\\/\\\/kuzeyinsesi.org\\\/#\\\/schema\\\/person\\\/9f859689cdf01485597712386e37f5aa\",\"name\":\"Kuzeyin Sesi\",\"image\":{\"@type\":\"ImageObject\",\"inLanguage\":\"tr\",\"@id\":\"https:\\\/\\\/secure.gravatar.com\\\/avatar\\\/bab33852abfd8b282518d6ed81826833d77c3c882d9ab608add591ccace47a44?s=96&d=mm&r=g\",\"url\":\"https:\\\/\\\/secure.gravatar.com\\\/avatar\\\/bab33852abfd8b282518d6ed81826833d77c3c882d9ab608add591ccace47a44?s=96&d=mm&r=g\",\"contentUrl\":\"https:\\\/\\\/secure.gravatar.com\\\/avatar\\\/bab33852abfd8b282518d6ed81826833d77c3c882d9ab608add591ccace47a44?s=96&d=mm&r=g\",\"caption\":\"Kuzeyin Sesi\"},\"sameAs\":[\"https:\\\/\\\/kuzeyinsesi.org\"],\"url\":\"https:\\\/\\\/kuzeyinsesi.org\\\/index.php\\\/author\\\/guven\\\/\"}]}<\/script>\n<!-- \/ Yoast SEO plugin. -->","yoast_head_json":{"title":"\u0130srail&#039;de h\u00fck\u00fcmet kar\u015f\u0131t\u0131 grev ve protestolara 1 milyondan fazla ki\u015fi kat\u0131ld\u0131 - Kuzeyin Sesi","robots":{"index":"index","follow":"follow","max-snippet":"max-snippet:-1","max-image-preview":"max-image-preview:large","max-video-preview":"max-video-preview:-1"},"canonical":"https:\/\/kuzeyinsesi.org\/index.php\/2025\/08\/19\/israilde-hukumet-karsiti-grev-ve-protestolara-1-milyondan-fazla-kisi-katildi\/","og_locale":"tr_TR","og_type":"article","og_title":"\u0130srail&#039;de h\u00fck\u00fcmet kar\u015f\u0131t\u0131 grev ve protestolara 1 milyondan fazla ki\u015fi kat\u0131ld\u0131 - Kuzeyin Sesi","og_description":"&#13; \u0130srailli esir ailelerinin olu\u015fturdu\u011fu \u00e7at\u0131 platformundan yap\u0131lan a\u00e7\u0131klamada, \u00fclke genelinde d\u00fczenlenen g\u00f6steri, y\u00fcr\u00fcy\u00fc\u015f ve etkinliklere bir milyondan fazla ki\u015finin i\u015ftirak etti\u011fi kaydedildi. &#13; A\u00e7\u0131klamada ayr\u0131ca, Tel Aviv\u2019deki \u201cRehineler Meydan\u0131&#8217;ndaki\u201d faaliyetlerin sona ermesinin, hareketin bitti\u011fi anlam\u0131na gelmedi\u011fi vurgulanarak, Hamas\u2019\u0131n elindeki esirler serbest b\u0131rak\u0131lana kadar protesto ve eylemlere devam edilece\u011fi ifade edildi. &#13; D\u00fcn sabah, genel [&hellip;]","og_url":"https:\/\/kuzeyinsesi.org\/index.php\/2025\/08\/19\/israilde-hukumet-karsiti-grev-ve-protestolara-1-milyondan-fazla-kisi-katildi\/","og_site_name":"Kuzeyin Sesi","article_publisher":"https:\/\/www.facebook.com\/kuzeyinsesii","article_published_time":"2025-08-19T17:52:20+00:00","og_image":[{"url":"https:\/\/www.trthaber.com\/dosyalar\/images\/aa_picture_20250817_38855731.jpg","type":"","width":"","height":""}],"author":"Kuzeyin Sesi","twitter_card":"summary_large_image","twitter_creator":"@kuzeyinsesii","twitter_site":"@kuzeyinsesii","twitter_misc":{"Yazan:":"Kuzeyin Sesi","Tahmini okuma s\u00fcresi":"2 dakika"},"schema":{"@context":"https:\/\/schema.org","@graph":[{"@type":"Article","@id":"https:\/\/kuzeyinsesi.org\/index.php\/2025\/08\/19\/israilde-hukumet-karsiti-grev-ve-protestolara-1-milyondan-fazla-kisi-katildi\/#article","isPartOf":{"@id":"https:\/\/kuzeyinsesi.org\/index.php\/2025\/08\/19\/israilde-hukumet-karsiti-grev-ve-protestolara-1-milyondan-fazla-kisi-katildi\/"},"author":{"name":"Kuzeyin Sesi","@id":"https:\/\/kuzeyinsesi.org\/#\/schema\/person\/9f859689cdf01485597712386e37f5aa"},"headline":"\u0130srail&#039;de h\u00fck\u00fcmet kar\u015f\u0131t\u0131 grev ve protestolara 1 milyondan fazla ki\u015fi kat\u0131ld\u0131","datePublished":"2025-08-19T17:52:20+00:00","mainEntityOfPage":{"@id":"https:\/\/kuzeyinsesi.org\/index.php\/2025\/08\/19\/israilde-hukumet-karsiti-grev-ve-protestolara-1-milyondan-fazla-kisi-katildi\/"},"wordCount":432,"commentCount":0,"image":{"@id":"https:\/\/kuzeyinsesi.org\/index.php\/2025\/08\/19\/israilde-hukumet-karsiti-grev-ve-protestolara-1-milyondan-fazla-kisi-katildi\/#primaryimage"},"thumbnailUrl":"https:\/\/kuzeyinsesi.org\/wp-content\/uploads\/2025\/08\/israil-grev-aa-2389232.jpg","articleSection":["D\u00fcnya"],"inLanguage":"tr","potentialAction":[{"@type":"CommentAction","name":"Comment","target":["https:\/\/kuzeyinsesi.org\/index.php\/2025\/08\/19\/israilde-hukumet-karsiti-grev-ve-protestolara-1-milyondan-fazla-kisi-katildi\/#respond"]}]},{"@type":"WebPage","@id":"https:\/\/kuzeyinsesi.org\/index.php\/2025\/08\/19\/israilde-hukumet-karsiti-grev-ve-protestolara-1-milyondan-fazla-kisi-katildi\/","url":"https:\/\/kuzeyinsesi.org\/index.php\/2025\/08\/19\/israilde-hukumet-karsiti-grev-ve-protestolara-1-milyondan-fazla-kisi-katildi\/","name":"\u0130srail&#039;de h\u00fck\u00fcmet kar\u015f\u0131t\u0131 grev ve protestolara 1 milyondan fazla ki\u015fi kat\u0131ld\u0131 - Kuzeyin Sesi","isPartOf":{"@id":"https:\/\/kuzeyinsesi.org\/#website"},"primaryImageOfPage":{"@id":"https:\/\/kuzeyinsesi.org\/index.php\/2025\/08\/19\/israilde-hukumet-karsiti-grev-ve-protestolara-1-milyondan-fazla-kisi-katildi\/#primaryimage"},"image":{"@id":"https:\/\/kuzeyinsesi.org\/index.php\/2025\/08\/19\/israilde-hukumet-karsiti-grev-ve-protestolara-1-milyondan-fazla-kisi-katildi\/#primaryimage"},"thumbnailUrl":"https:\/\/kuzeyinsesi.org\/wp-content\/uploads\/2025\/08\/israil-grev-aa-2389232.jpg","datePublished":"2025-08-19T17:52:20+00:00","author":{"@id":"https:\/\/kuzeyinsesi.org\/#\/schema\/person\/9f859689cdf01485597712386e37f5aa"},"breadcrumb":{"@id":"https:\/\/kuzeyinsesi.org\/index.php\/2025\/08\/19\/israilde-hukumet-karsiti-grev-ve-protestolara-1-milyondan-fazla-kisi-katildi\/#breadcrumb"},"inLanguage":"tr","potentialAction":[{"@type":"ReadAction","target":["https:\/\/kuzeyinsesi.org\/index.php\/2025\/08\/19\/israilde-hukumet-karsiti-grev-ve-protestolara-1-milyondan-fazla-kisi-katildi\/"]}]},{"@type":"ImageObject","inLanguage":"tr","@id":"https:\/\/kuzeyinsesi.org\/index.php\/2025\/08\/19\/israilde-hukumet-karsiti-grev-ve-protestolara-1-milyondan-fazla-kisi-katildi\/#primaryimage","url":"https:\/\/kuzeyinsesi.org\/wp-content\/uploads\/2025\/08\/israil-grev-aa-2389232.jpg","contentUrl":"https:\/\/kuzeyinsesi.org\/wp-content\/uploads\/2025\/08\/israil-grev-aa-2389232.jpg","width":1280,"height":720},{"@type":"BreadcrumbList","@id":"https:\/\/kuzeyinsesi.org\/index.php\/2025\/08\/19\/israilde-hukumet-karsiti-grev-ve-protestolara-1-milyondan-fazla-kisi-katildi\/#breadcrumb","itemListElement":[{"@type":"ListItem","position":1,"name":"Anasayfa","item":"https:\/\/kuzeyinsesi.org\/"},{"@type":"ListItem","position":2,"name":"\u0130srail&#039;de h\u00fck\u00fcmet kar\u015f\u0131t\u0131 grev ve protestolara 1 milyondan fazla ki\u015fi kat\u0131ld\u0131"}]},{"@type":"WebSite","@id":"https:\/\/kuzeyinsesi.org\/#website","url":"https:\/\/kuzeyinsesi.org\/","name":"Kuzeyin Sesi","description":"Do\u011fru Haberin Adresi","potentialAction":[{"@type":"SearchAction","target":{"@type":"EntryPoint","urlTemplate":"https:\/\/kuzeyinsesi.org\/?s={search_term_string}"},"query-input":{"@type":"PropertyValueSpecification","valueRequired":true,"valueName":"search_term_string"}}],"inLanguage":"tr"},{"@type":"Person","@id":"https:\/\/kuzeyinsesi.org\/#\/schema\/person\/9f859689cdf01485597712386e37f5aa","name":"Kuzeyin Sesi","image":{"@type":"ImageObject","inLanguage":"tr","@id":"https:\/\/secure.gravatar.com\/avatar\/bab33852abfd8b282518d6ed81826833d77c3c882d9ab608add591ccace47a44?s=96&d=mm&r=g","url":"https:\/\/secure.gravatar.com\/avatar\/bab33852abfd8b282518d6ed81826833d77c3c882d9ab608add591ccace47a44?s=96&d=mm&r=g","contentUrl":"https:\/\/secure.gravatar.com\/avatar\/bab33852abfd8b282518d6ed81826833d77c3c882d9ab608add591ccace47a44?s=96&d=mm&r=g","caption":"Kuzeyin Sesi"},"sameAs":["https:\/\/kuzeyinsesi.org"],"url":"https:\/\/kuzeyinsesi.org\/index.php\/author\/guven\/"}]}},"_links":{"self":[{"href":"https:\/\/kuzeyinsesi.org\/index.php\/wp-json\/wp\/v2\/posts\/30398","targetHints":{"allow":["GET"]}}],"collection":[{"href":"https:\/\/kuzeyinsesi.org\/index.php\/wp-json\/wp\/v2\/posts"}],"about":[{"href":"https:\/\/kuzeyinsesi.org\/index.php\/wp-json\/wp\/v2\/types\/post"}],"author":[{"embeddable":true,"href":"https:\/\/kuzeyinsesi.org\/index.php\/wp-json\/wp\/v2\/users\/1"}],"replies":[{"embeddable":true,"href":"https:\/\/kuzeyinsesi.org\/index.php\/wp-json\/wp\/v2\/comments?post=30398"}],"version-history":[{"count":0,"href":"https:\/\/kuzeyinsesi.org\/index.php\/wp-json\/wp\/v2\/posts\/30398\/revisions"}],"wp:featuredmedia":[{"embeddable":true,"href":"https:\/\/kuzeyinsesi.org\/index.php\/wp-json\/wp\/v2\/media\/30399"}],"wp:attachment":[{"href":"https:\/\/kuzeyinsesi.org\/index.php\/wp-json\/wp\/v2\/media?parent=30398"}],"wp:term":[{"taxonomy":"category","embeddable":true,"href":"https:\/\/kuzeyinsesi.org\/index.php\/wp-json\/wp\/v2\/categories?post=30398"},{"taxonomy":"post_tag","embeddable":true,"href":"https:\/\/kuzeyinsesi.org\/index.php\/wp-json\/wp\/v2\/tags?post=30398"}],"curies":[{"name":"wp","href":"https:\/\/api.w.org\/{rel}","templated":true}]}}