{"id":30372,"date":"2025-08-19T14:09:19","date_gmt":"2025-08-19T11:09:19","guid":{"rendered":"https:\/\/kuzeyinsesi.org\/index.php\/2025\/08\/19\/rusya-trump-ve-ekibi-krizi-cozmek-icin-daha-derin-bir-yaklasim-benimsedi\/"},"modified":"2025-08-19T14:09:19","modified_gmt":"2025-08-19T11:09:19","slug":"rusya-trump-ve-ekibi-krizi-cozmek-icin-daha-derin-bir-yaklasim-benimsedi","status":"publish","type":"post","link":"https:\/\/kuzeyinsesi.org\/index.php\/2025\/08\/19\/rusya-trump-ve-ekibi-krizi-cozmek-icin-daha-derin-bir-yaklasim-benimsedi\/","title":{"rendered":"Rusya: Trump ve ekibi krizi \u00e7\u00f6zmek i\u00e7in daha derin bir yakla\u015f\u0131m benimsedi"},"content":{"rendered":"<p><\/p>\n<div>\n<p>&#13;<br \/>\n\tLavrov, Rus devlet kanal\u0131 Rossiya-24&#8217;e, <a href=\"https:\/\/www.trthaber.com\/etiket\/abd\/\" target=\"_blank\">ABD<\/a> ile <a href=\"https:\/\/www.trthaber.com\/etiket\/ukrayna\/\" target=\"_blank\">Ukrayna<\/a> konusunda y\u00fcr\u00fctt\u00fckleri temaslara ili\u015fkin de\u011ferlendirmelerde bulundu.<\/p>\n<p>&#13;<br \/>\n\tTrump ile <a href=\"https:\/\/www.trthaber.com\/etiket\/rusya\/\" target=\"_blank\">Rusya<\/a> Devlet Ba\u015fkan\u0131 <a href=\"https:\/\/www.trthaber.com\/etiket\/vladimir-putin\/\" target=\"_blank\">Vladimir Putin<\/a> aras\u0131nda 15 A\u011fustos&#8217;ta Alaska&#8217;da yap\u0131lan zirveye ili\u015fkin konu\u015fan Lavrov, &#8220;\u0130yi bir atmosfer vard\u0131. Bu durum Putin ve Trump&#8217;\u0131n g\u00f6r\u00fc\u015fmelerden sonra yapt\u0131klar\u0131 a\u00e7\u0131klamalara da yans\u0131d\u0131. A\u00e7\u0131k\u00e7as\u0131 faydal\u0131 bir g\u00f6r\u00fc\u015fme oldu.&#8221; ifadelerini kulland\u0131.<\/p>\n<p>&#13;<br \/>\n\tLavrov, Trump ve ekibinin Ukrayna konusunda uzun vadeli, s\u00fcrd\u00fcr\u00fclebilir ve g\u00fcvenilir bir sonuca ula\u015fmay\u0131 samimi bir \u015fekilde istedi\u011fini kaydederek, &#8220;ABD Ba\u015fkan\u0131 <a href=\"https:\/\/www.trthaber.com\/etiket\/donald-trump\/\" target=\"_blank\">Donald Trump<\/a> ve ekibi, \u00f6zellikle Alaska&#8217;daki toplant\u0131dan sonra, bu krizi \u00e7\u00f6zmek i\u00e7in \u00e7ok daha derin bir yakla\u015f\u0131m benimsedi.&#8221; dedi.<\/p>\n<p>&#13;<br \/>\n\tABD&#8217;nin, Ukrayna krizinin ard\u0131ndaki temel nedenlerin ortadan kald\u0131r\u0131lmas\u0131na olan ihtiyac\u0131 daha fazla anlad\u0131\u011f\u0131n\u0131 vurgulayan Lavrov, Putin&#8217;in s\u00f6z konusu nedenler hakk\u0131nda daha \u00f6nce \u00e7ok say\u0131da a\u00e7\u0131klama yapt\u0131\u011f\u0131n\u0131n alt\u0131n\u0131 \u00e7izdi.<\/p>\n<p>&#13;<br \/>\n\tLavrov, Ukrayna konusunda \u00fc\u00e7l\u00fc veya ikili hi\u00e7bir m\u00fczakere format\u0131n\u0131 reddetmediklerini s\u00f6yledi.<\/p>\n<h2>&#13;<br \/>\n\tZelenski&#8217;nin <a href=\"https:\/\/www.trthaber.com\/etiket\/anayasa\/\" target=\"_blank\">anayasa<\/a> a\u00e7\u0131klamalar\u0131<\/h2>\n<p>&#13;<br \/>\n\tUkrayna&#8217;daki <a href=\"https:\/\/www.trthaber.com\/etiket\/kirim\/\" target=\"_blank\">K\u0131r\u0131m<\/a> ve <a href=\"https:\/\/www.trthaber.com\/etiket\/donbas\/\" target=\"_blank\">Donbas<\/a> gibi b\u00f6lgelere at\u0131fta bulunarak baz\u0131 b\u00f6lgeleri ele ge\u00e7irmeyi hi\u00e7bir zaman hedeflemediklerini belirten Lavrov, &#8220;Amac\u0131m\u0131z, y\u00fczy\u0131llard\u0131r bu topraklarda ya\u015fayan, hem K\u0131r\u0131m&#8217;da hem de Donbas&#8217;ta bu topraklar i\u00e7in kan d\u00f6ken, Odesa, Nikolayev ve di\u011ferleri gibi \u015fehirler, limanlar, fabrikalar, tesisler ve fabrikalar kuran insanlar\u0131, Rus halk\u0131n\u0131 korumakt\u0131.&#8221; diye konu\u015ftu.<\/p>\n<p>&#13;<br \/>\n\tUkrayna Devlet Ba\u015fkan\u0131 Volodimir Zelenski\u2019nin, anayasa elvermedi\u011fi i\u00e7in toprak meselesini masaya getirmeyece\u011fine y\u00f6nelik a\u00e7\u0131klamalar yapt\u0131\u011f\u0131n\u0131 an\u0131msatan Lavrov, Rus diline y\u00f6nelik yasaklar\u0131n ise yasala\u015ft\u0131\u011f\u0131n\u0131 s\u00f6yledi.<\/p>\n<p>&#13;<br \/>\n\tLavrov, Ukrayna Anayasas\u0131&#8217;na g\u00f6re Ruslar\u0131n ve di\u011fer az\u0131nl\u0131klar\u0131n haklar\u0131n\u0131n korunmas\u0131 gerekti\u011fini belirterek, &#8220;Anayasas\u0131n\u0131 ger\u00e7ekten \u00f6nemsiyorsa, o zaman bu y\u00fck\u00fcml\u00fcl\u00fc\u011f\u00fcn yer ald\u0131\u011f\u0131 ilk maddelerinden ba\u015flamal\u0131d\u0131r.&#8221; ifadesini kulland\u0131.<\/p>\n<\/p><\/div>\n","protected":false},"excerpt":{"rendered":"<p>&#13; Lavrov, Rus devlet kanal\u0131 Rossiya-24&#8217;e, ABD ile Ukrayna konusunda y\u00fcr\u00fctt\u00fckleri temaslara ili\u015fkin de\u011ferlendirmelerde bulundu. &#13; Trump ile Rusya Devlet Ba\u015fkan\u0131 Vladimir Putin aras\u0131nda 15 A\u011fustos&#8217;ta Alaska&#8217;da yap\u0131lan zirveye ili\u015fkin konu\u015fan Lavrov, &#8220;\u0130yi bir atmosfer vard\u0131. Bu durum Putin ve Trump&#8217;\u0131n g\u00f6r\u00fc\u015fmelerden sonra yapt\u0131klar\u0131 a\u00e7\u0131klamalara da yans\u0131d\u0131. A\u00e7\u0131k\u00e7as\u0131 faydal\u0131 bir g\u00f6r\u00fc\u015fme oldu.&#8221; ifadelerini kulland\u0131. &#13; [&hellip;]<\/p>\n","protected":false},"author":1,"featured_media":30373,"comment_status":"open","ping_status":"open","sticky":false,"template":"","format":"standard","meta":{"jnews-multi-image_gallery":[],"jnews_single_post":[],"jnews_primary_category":[],"jnews_social_meta":[],"jnews_override_counter":[],"footnotes":""},"categories":[2],"tags":[],"class_list":["post-30372","post","type-post","status-publish","format-standard","has-post-thumbnail","hentry","category-dunya"],"yoast_head":"<!-- This site is optimized with the Yoast SEO plugin v27.5 - https:\/\/yoast.com\/product\/yoast-seo-wordpress\/ -->\n<title>Rusya: Trump ve ekibi krizi \u00e7\u00f6zmek i\u00e7in daha derin bir yakla\u015f\u0131m benimsedi - Kuzeyin Sesi<\/title>\n<meta name=\"robots\" content=\"index, follow, max-snippet:-1, max-image-preview:large, max-video-preview:-1\" \/>\n<link rel=\"canonical\" href=\"https:\/\/kuzeyinsesi.org\/index.php\/2025\/08\/19\/rusya-trump-ve-ekibi-krizi-cozmek-icin-daha-derin-bir-yaklasim-benimsedi\/\" \/>\n<meta property=\"og:locale\" content=\"tr_TR\" \/>\n<meta property=\"og:type\" content=\"article\" \/>\n<meta property=\"og:title\" content=\"Rusya: Trump ve ekibi krizi \u00e7\u00f6zmek i\u00e7in daha derin bir yakla\u015f\u0131m benimsedi - Kuzeyin Sesi\" \/>\n<meta property=\"og:description\" content=\"&#013; Lavrov, Rus devlet kanal\u0131 Rossiya-24&#8217;e, ABD ile Ukrayna konusunda y\u00fcr\u00fctt\u00fckleri temaslara ili\u015fkin de\u011ferlendirmelerde bulundu. &#013; Trump ile Rusya Devlet Ba\u015fkan\u0131 Vladimir Putin aras\u0131nda 15 A\u011fustos&#8217;ta Alaska&#8217;da yap\u0131lan zirveye ili\u015fkin konu\u015fan Lavrov, &#8220;\u0130yi bir atmosfer vard\u0131. Bu durum Putin ve Trump&#8217;\u0131n g\u00f6r\u00fc\u015fmelerden sonra yapt\u0131klar\u0131 a\u00e7\u0131klamalara da yans\u0131d\u0131. A\u00e7\u0131k\u00e7as\u0131 faydal\u0131 bir g\u00f6r\u00fc\u015fme oldu.&#8221; ifadelerini kulland\u0131. &#013; [&hellip;]\" \/>\n<meta property=\"og:url\" content=\"https:\/\/kuzeyinsesi.org\/index.php\/2025\/08\/19\/rusya-trump-ve-ekibi-krizi-cozmek-icin-daha-derin-bir-yaklasim-benimsedi\/\" \/>\n<meta property=\"og:site_name\" content=\"Kuzeyin Sesi\" \/>\n<meta property=\"article:publisher\" content=\"https:\/\/www.facebook.com\/kuzeyinsesii\" \/>\n<meta property=\"article:published_time\" content=\"2025-08-19T11:09:19+00:00\" \/>\n<meta property=\"og:image\" content=\"https:\/\/trthaberstatic.cdn.wp.trt.com.tr\/resimler\/2388000\/trump-putin-reu-2388865.jpg\" \/>\n<meta name=\"author\" content=\"Kuzeyin Sesi\" \/>\n<meta name=\"twitter:card\" content=\"summary_large_image\" \/>\n<meta name=\"twitter:creator\" content=\"@kuzeyinsesii\" \/>\n<meta name=\"twitter:site\" content=\"@kuzeyinsesii\" \/>\n<meta name=\"twitter:label1\" content=\"Yazan:\" \/>\n\t<meta name=\"twitter:data1\" content=\"Kuzeyin Sesi\" \/>\n\t<meta name=\"twitter:label2\" content=\"Tahmini okuma s\u00fcresi\" \/>\n\t<meta name=\"twitter:data2\" content=\"2 dakika\" \/>\n<script type=\"application\/ld+json\" class=\"yoast-schema-graph\">{\"@context\":\"https:\\\/\\\/schema.org\",\"@graph\":[{\"@type\":\"Article\",\"@id\":\"https:\\\/\\\/kuzeyinsesi.org\\\/index.php\\\/2025\\\/08\\\/19\\\/rusya-trump-ve-ekibi-krizi-cozmek-icin-daha-derin-bir-yaklasim-benimsedi\\\/#article\",\"isPartOf\":{\"@id\":\"https:\\\/\\\/kuzeyinsesi.org\\\/index.php\\\/2025\\\/08\\\/19\\\/rusya-trump-ve-ekibi-krizi-cozmek-icin-daha-derin-bir-yaklasim-benimsedi\\\/\"},\"author\":{\"name\":\"Kuzeyin Sesi\",\"@id\":\"https:\\\/\\\/kuzeyinsesi.org\\\/#\\\/schema\\\/person\\\/9f859689cdf01485597712386e37f5aa\"},\"headline\":\"Rusya: Trump ve ekibi krizi \u00e7\u00f6zmek i\u00e7in daha derin bir yakla\u015f\u0131m benimsedi\",\"datePublished\":\"2025-08-19T11:09:19+00:00\",\"mainEntityOfPage\":{\"@id\":\"https:\\\/\\\/kuzeyinsesi.org\\\/index.php\\\/2025\\\/08\\\/19\\\/rusya-trump-ve-ekibi-krizi-cozmek-icin-daha-derin-bir-yaklasim-benimsedi\\\/\"},\"wordCount\":358,\"commentCount\":0,\"image\":{\"@id\":\"https:\\\/\\\/kuzeyinsesi.org\\\/index.php\\\/2025\\\/08\\\/19\\\/rusya-trump-ve-ekibi-krizi-cozmek-icin-daha-derin-bir-yaklasim-benimsedi\\\/#primaryimage\"},\"thumbnailUrl\":\"https:\\\/\\\/kuzeyinsesi.org\\\/wp-content\\\/uploads\\\/2025\\\/08\\\/trump-putin-reu-2388865.jpg\",\"articleSection\":[\"D\u00fcnya\"],\"inLanguage\":\"tr\",\"potentialAction\":[{\"@type\":\"CommentAction\",\"name\":\"Comment\",\"target\":[\"https:\\\/\\\/kuzeyinsesi.org\\\/index.php\\\/2025\\\/08\\\/19\\\/rusya-trump-ve-ekibi-krizi-cozmek-icin-daha-derin-bir-yaklasim-benimsedi\\\/#respond\"]}]},{\"@type\":\"WebPage\",\"@id\":\"https:\\\/\\\/kuzeyinsesi.org\\\/index.php\\\/2025\\\/08\\\/19\\\/rusya-trump-ve-ekibi-krizi-cozmek-icin-daha-derin-bir-yaklasim-benimsedi\\\/\",\"url\":\"https:\\\/\\\/kuzeyinsesi.org\\\/index.php\\\/2025\\\/08\\\/19\\\/rusya-trump-ve-ekibi-krizi-cozmek-icin-daha-derin-bir-yaklasim-benimsedi\\\/\",\"name\":\"Rusya: Trump ve ekibi krizi \u00e7\u00f6zmek i\u00e7in daha derin bir yakla\u015f\u0131m benimsedi - Kuzeyin Sesi\",\"isPartOf\":{\"@id\":\"https:\\\/\\\/kuzeyinsesi.org\\\/#website\"},\"primaryImageOfPage\":{\"@id\":\"https:\\\/\\\/kuzeyinsesi.org\\\/index.php\\\/2025\\\/08\\\/19\\\/rusya-trump-ve-ekibi-krizi-cozmek-icin-daha-derin-bir-yaklasim-benimsedi\\\/#primaryimage\"},\"image\":{\"@id\":\"https:\\\/\\\/kuzeyinsesi.org\\\/index.php\\\/2025\\\/08\\\/19\\\/rusya-trump-ve-ekibi-krizi-cozmek-icin-daha-derin-bir-yaklasim-benimsedi\\\/#primaryimage\"},\"thumbnailUrl\":\"https:\\\/\\\/kuzeyinsesi.org\\\/wp-content\\\/uploads\\\/2025\\\/08\\\/trump-putin-reu-2388865.jpg\",\"datePublished\":\"2025-08-19T11:09:19+00:00\",\"author\":{\"@id\":\"https:\\\/\\\/kuzeyinsesi.org\\\/#\\\/schema\\\/person\\\/9f859689cdf01485597712386e37f5aa\"},\"breadcrumb\":{\"@id\":\"https:\\\/\\\/kuzeyinsesi.org\\\/index.php\\\/2025\\\/08\\\/19\\\/rusya-trump-ve-ekibi-krizi-cozmek-icin-daha-derin-bir-yaklasim-benimsedi\\\/#breadcrumb\"},\"inLanguage\":\"tr\",\"potentialAction\":[{\"@type\":\"ReadAction\",\"target\":[\"https:\\\/\\\/kuzeyinsesi.org\\\/index.php\\\/2025\\\/08\\\/19\\\/rusya-trump-ve-ekibi-krizi-cozmek-icin-daha-derin-bir-yaklasim-benimsedi\\\/\"]}]},{\"@type\":\"ImageObject\",\"inLanguage\":\"tr\",\"@id\":\"https:\\\/\\\/kuzeyinsesi.org\\\/index.php\\\/2025\\\/08\\\/19\\\/rusya-trump-ve-ekibi-krizi-cozmek-icin-daha-derin-bir-yaklasim-benimsedi\\\/#primaryimage\",\"url\":\"https:\\\/\\\/kuzeyinsesi.org\\\/wp-content\\\/uploads\\\/2025\\\/08\\\/trump-putin-reu-2388865.jpg\",\"contentUrl\":\"https:\\\/\\\/kuzeyinsesi.org\\\/wp-content\\\/uploads\\\/2025\\\/08\\\/trump-putin-reu-2388865.jpg\",\"width\":1280,\"height\":720},{\"@type\":\"BreadcrumbList\",\"@id\":\"https:\\\/\\\/kuzeyinsesi.org\\\/index.php\\\/2025\\\/08\\\/19\\\/rusya-trump-ve-ekibi-krizi-cozmek-icin-daha-derin-bir-yaklasim-benimsedi\\\/#breadcrumb\",\"itemListElement\":[{\"@type\":\"ListItem\",\"position\":1,\"name\":\"Anasayfa\",\"item\":\"https:\\\/\\\/kuzeyinsesi.org\\\/\"},{\"@type\":\"ListItem\",\"position\":2,\"name\":\"Rusya: Trump ve ekibi krizi \u00e7\u00f6zmek i\u00e7in daha derin bir yakla\u015f\u0131m benimsedi\"}]},{\"@type\":\"WebSite\",\"@id\":\"https:\\\/\\\/kuzeyinsesi.org\\\/#website\",\"url\":\"https:\\\/\\\/kuzeyinsesi.org\\\/\",\"name\":\"Kuzeyin Sesi\",\"description\":\"Do\u011fru Haberin Adresi\",\"potentialAction\":[{\"@type\":\"SearchAction\",\"target\":{\"@type\":\"EntryPoint\",\"urlTemplate\":\"https:\\\/\\\/kuzeyinsesi.org\\\/?s={search_term_string}\"},\"query-input\":{\"@type\":\"PropertyValueSpecification\",\"valueRequired\":true,\"valueName\":\"search_term_string\"}}],\"inLanguage\":\"tr\"},{\"@type\":\"Person\",\"@id\":\"https:\\\/\\\/kuzeyinsesi.org\\\/#\\\/schema\\\/person\\\/9f859689cdf01485597712386e37f5aa\",\"name\":\"Kuzeyin Sesi\",\"image\":{\"@type\":\"ImageObject\",\"inLanguage\":\"tr\",\"@id\":\"https:\\\/\\\/secure.gravatar.com\\\/avatar\\\/bab33852abfd8b282518d6ed81826833d77c3c882d9ab608add591ccace47a44?s=96&d=mm&r=g\",\"url\":\"https:\\\/\\\/secure.gravatar.com\\\/avatar\\\/bab33852abfd8b282518d6ed81826833d77c3c882d9ab608add591ccace47a44?s=96&d=mm&r=g\",\"contentUrl\":\"https:\\\/\\\/secure.gravatar.com\\\/avatar\\\/bab33852abfd8b282518d6ed81826833d77c3c882d9ab608add591ccace47a44?s=96&d=mm&r=g\",\"caption\":\"Kuzeyin Sesi\"},\"sameAs\":[\"https:\\\/\\\/kuzeyinsesi.org\"],\"url\":\"https:\\\/\\\/kuzeyinsesi.org\\\/index.php\\\/author\\\/guven\\\/\"}]}<\/script>\n<!-- \/ Yoast SEO plugin. -->","yoast_head_json":{"title":"Rusya: Trump ve ekibi krizi \u00e7\u00f6zmek i\u00e7in daha derin bir yakla\u015f\u0131m benimsedi - Kuzeyin Sesi","robots":{"index":"index","follow":"follow","max-snippet":"max-snippet:-1","max-image-preview":"max-image-preview:large","max-video-preview":"max-video-preview:-1"},"canonical":"https:\/\/kuzeyinsesi.org\/index.php\/2025\/08\/19\/rusya-trump-ve-ekibi-krizi-cozmek-icin-daha-derin-bir-yaklasim-benimsedi\/","og_locale":"tr_TR","og_type":"article","og_title":"Rusya: Trump ve ekibi krizi \u00e7\u00f6zmek i\u00e7in daha derin bir yakla\u015f\u0131m benimsedi - Kuzeyin Sesi","og_description":"&#13; Lavrov, Rus devlet kanal\u0131 Rossiya-24&#8217;e, ABD ile Ukrayna konusunda y\u00fcr\u00fctt\u00fckleri temaslara ili\u015fkin de\u011ferlendirmelerde bulundu. &#13; Trump ile Rusya Devlet Ba\u015fkan\u0131 Vladimir Putin aras\u0131nda 15 A\u011fustos&#8217;ta Alaska&#8217;da yap\u0131lan zirveye ili\u015fkin konu\u015fan Lavrov, &#8220;\u0130yi bir atmosfer vard\u0131. Bu durum Putin ve Trump&#8217;\u0131n g\u00f6r\u00fc\u015fmelerden sonra yapt\u0131klar\u0131 a\u00e7\u0131klamalara da yans\u0131d\u0131. A\u00e7\u0131k\u00e7as\u0131 faydal\u0131 bir g\u00f6r\u00fc\u015fme oldu.&#8221; ifadelerini kulland\u0131. &#13; [&hellip;]","og_url":"https:\/\/kuzeyinsesi.org\/index.php\/2025\/08\/19\/rusya-trump-ve-ekibi-krizi-cozmek-icin-daha-derin-bir-yaklasim-benimsedi\/","og_site_name":"Kuzeyin Sesi","article_publisher":"https:\/\/www.facebook.com\/kuzeyinsesii","article_published_time":"2025-08-19T11:09:19+00:00","og_image":[{"url":"https:\/\/trthaberstatic.cdn.wp.trt.com.tr\/resimler\/2388000\/trump-putin-reu-2388865.jpg","type":"","width":"","height":""}],"author":"Kuzeyin Sesi","twitter_card":"summary_large_image","twitter_creator":"@kuzeyinsesii","twitter_site":"@kuzeyinsesii","twitter_misc":{"Yazan:":"Kuzeyin Sesi","Tahmini okuma s\u00fcresi":"2 dakika"},"schema":{"@context":"https:\/\/schema.org","@graph":[{"@type":"Article","@id":"https:\/\/kuzeyinsesi.org\/index.php\/2025\/08\/19\/rusya-trump-ve-ekibi-krizi-cozmek-icin-daha-derin-bir-yaklasim-benimsedi\/#article","isPartOf":{"@id":"https:\/\/kuzeyinsesi.org\/index.php\/2025\/08\/19\/rusya-trump-ve-ekibi-krizi-cozmek-icin-daha-derin-bir-yaklasim-benimsedi\/"},"author":{"name":"Kuzeyin Sesi","@id":"https:\/\/kuzeyinsesi.org\/#\/schema\/person\/9f859689cdf01485597712386e37f5aa"},"headline":"Rusya: Trump ve ekibi krizi \u00e7\u00f6zmek i\u00e7in daha derin bir yakla\u015f\u0131m benimsedi","datePublished":"2025-08-19T11:09:19+00:00","mainEntityOfPage":{"@id":"https:\/\/kuzeyinsesi.org\/index.php\/2025\/08\/19\/rusya-trump-ve-ekibi-krizi-cozmek-icin-daha-derin-bir-yaklasim-benimsedi\/"},"wordCount":358,"commentCount":0,"image":{"@id":"https:\/\/kuzeyinsesi.org\/index.php\/2025\/08\/19\/rusya-trump-ve-ekibi-krizi-cozmek-icin-daha-derin-bir-yaklasim-benimsedi\/#primaryimage"},"thumbnailUrl":"https:\/\/kuzeyinsesi.org\/wp-content\/uploads\/2025\/08\/trump-putin-reu-2388865.jpg","articleSection":["D\u00fcnya"],"inLanguage":"tr","potentialAction":[{"@type":"CommentAction","name":"Comment","target":["https:\/\/kuzeyinsesi.org\/index.php\/2025\/08\/19\/rusya-trump-ve-ekibi-krizi-cozmek-icin-daha-derin-bir-yaklasim-benimsedi\/#respond"]}]},{"@type":"WebPage","@id":"https:\/\/kuzeyinsesi.org\/index.php\/2025\/08\/19\/rusya-trump-ve-ekibi-krizi-cozmek-icin-daha-derin-bir-yaklasim-benimsedi\/","url":"https:\/\/kuzeyinsesi.org\/index.php\/2025\/08\/19\/rusya-trump-ve-ekibi-krizi-cozmek-icin-daha-derin-bir-yaklasim-benimsedi\/","name":"Rusya: Trump ve ekibi krizi \u00e7\u00f6zmek i\u00e7in daha derin bir yakla\u015f\u0131m benimsedi - Kuzeyin Sesi","isPartOf":{"@id":"https:\/\/kuzeyinsesi.org\/#website"},"primaryImageOfPage":{"@id":"https:\/\/kuzeyinsesi.org\/index.php\/2025\/08\/19\/rusya-trump-ve-ekibi-krizi-cozmek-icin-daha-derin-bir-yaklasim-benimsedi\/#primaryimage"},"image":{"@id":"https:\/\/kuzeyinsesi.org\/index.php\/2025\/08\/19\/rusya-trump-ve-ekibi-krizi-cozmek-icin-daha-derin-bir-yaklasim-benimsedi\/#primaryimage"},"thumbnailUrl":"https:\/\/kuzeyinsesi.org\/wp-content\/uploads\/2025\/08\/trump-putin-reu-2388865.jpg","datePublished":"2025-08-19T11:09:19+00:00","author":{"@id":"https:\/\/kuzeyinsesi.org\/#\/schema\/person\/9f859689cdf01485597712386e37f5aa"},"breadcrumb":{"@id":"https:\/\/kuzeyinsesi.org\/index.php\/2025\/08\/19\/rusya-trump-ve-ekibi-krizi-cozmek-icin-daha-derin-bir-yaklasim-benimsedi\/#breadcrumb"},"inLanguage":"tr","potentialAction":[{"@type":"ReadAction","target":["https:\/\/kuzeyinsesi.org\/index.php\/2025\/08\/19\/rusya-trump-ve-ekibi-krizi-cozmek-icin-daha-derin-bir-yaklasim-benimsedi\/"]}]},{"@type":"ImageObject","inLanguage":"tr","@id":"https:\/\/kuzeyinsesi.org\/index.php\/2025\/08\/19\/rusya-trump-ve-ekibi-krizi-cozmek-icin-daha-derin-bir-yaklasim-benimsedi\/#primaryimage","url":"https:\/\/kuzeyinsesi.org\/wp-content\/uploads\/2025\/08\/trump-putin-reu-2388865.jpg","contentUrl":"https:\/\/kuzeyinsesi.org\/wp-content\/uploads\/2025\/08\/trump-putin-reu-2388865.jpg","width":1280,"height":720},{"@type":"BreadcrumbList","@id":"https:\/\/kuzeyinsesi.org\/index.php\/2025\/08\/19\/rusya-trump-ve-ekibi-krizi-cozmek-icin-daha-derin-bir-yaklasim-benimsedi\/#breadcrumb","itemListElement":[{"@type":"ListItem","position":1,"name":"Anasayfa","item":"https:\/\/kuzeyinsesi.org\/"},{"@type":"ListItem","position":2,"name":"Rusya: Trump ve ekibi krizi \u00e7\u00f6zmek i\u00e7in daha derin bir yakla\u015f\u0131m benimsedi"}]},{"@type":"WebSite","@id":"https:\/\/kuzeyinsesi.org\/#website","url":"https:\/\/kuzeyinsesi.org\/","name":"Kuzeyin Sesi","description":"Do\u011fru Haberin Adresi","potentialAction":[{"@type":"SearchAction","target":{"@type":"EntryPoint","urlTemplate":"https:\/\/kuzeyinsesi.org\/?s={search_term_string}"},"query-input":{"@type":"PropertyValueSpecification","valueRequired":true,"valueName":"search_term_string"}}],"inLanguage":"tr"},{"@type":"Person","@id":"https:\/\/kuzeyinsesi.org\/#\/schema\/person\/9f859689cdf01485597712386e37f5aa","name":"Kuzeyin Sesi","image":{"@type":"ImageObject","inLanguage":"tr","@id":"https:\/\/secure.gravatar.com\/avatar\/bab33852abfd8b282518d6ed81826833d77c3c882d9ab608add591ccace47a44?s=96&d=mm&r=g","url":"https:\/\/secure.gravatar.com\/avatar\/bab33852abfd8b282518d6ed81826833d77c3c882d9ab608add591ccace47a44?s=96&d=mm&r=g","contentUrl":"https:\/\/secure.gravatar.com\/avatar\/bab33852abfd8b282518d6ed81826833d77c3c882d9ab608add591ccace47a44?s=96&d=mm&r=g","caption":"Kuzeyin Sesi"},"sameAs":["https:\/\/kuzeyinsesi.org"],"url":"https:\/\/kuzeyinsesi.org\/index.php\/author\/guven\/"}]}},"_links":{"self":[{"href":"https:\/\/kuzeyinsesi.org\/index.php\/wp-json\/wp\/v2\/posts\/30372","targetHints":{"allow":["GET"]}}],"collection":[{"href":"https:\/\/kuzeyinsesi.org\/index.php\/wp-json\/wp\/v2\/posts"}],"about":[{"href":"https:\/\/kuzeyinsesi.org\/index.php\/wp-json\/wp\/v2\/types\/post"}],"author":[{"embeddable":true,"href":"https:\/\/kuzeyinsesi.org\/index.php\/wp-json\/wp\/v2\/users\/1"}],"replies":[{"embeddable":true,"href":"https:\/\/kuzeyinsesi.org\/index.php\/wp-json\/wp\/v2\/comments?post=30372"}],"version-history":[{"count":0,"href":"https:\/\/kuzeyinsesi.org\/index.php\/wp-json\/wp\/v2\/posts\/30372\/revisions"}],"wp:featuredmedia":[{"embeddable":true,"href":"https:\/\/kuzeyinsesi.org\/index.php\/wp-json\/wp\/v2\/media\/30373"}],"wp:attachment":[{"href":"https:\/\/kuzeyinsesi.org\/index.php\/wp-json\/wp\/v2\/media?parent=30372"}],"wp:term":[{"taxonomy":"category","embeddable":true,"href":"https:\/\/kuzeyinsesi.org\/index.php\/wp-json\/wp\/v2\/categories?post=30372"},{"taxonomy":"post_tag","embeddable":true,"href":"https:\/\/kuzeyinsesi.org\/index.php\/wp-json\/wp\/v2\/tags?post=30372"}],"curies":[{"name":"wp","href":"https:\/\/api.w.org\/{rel}","templated":true}]}}