{"id":30330,"date":"2025-08-19T02:46:22","date_gmt":"2025-08-18T23:46:22","guid":{"rendered":"https:\/\/kuzeyinsesi.org\/index.php\/2025\/08\/19\/almanya-basbakani-putin-ve-zelenskinin-2-hafta-icinde-bir-araya-gelecek\/"},"modified":"2025-08-19T02:46:22","modified_gmt":"2025-08-18T23:46:22","slug":"almanya-basbakani-putin-ve-zelenskinin-2-hafta-icinde-bir-araya-gelecek","status":"publish","type":"post","link":"https:\/\/kuzeyinsesi.org\/index.php\/2025\/08\/19\/almanya-basbakani-putin-ve-zelenskinin-2-hafta-icinde-bir-araya-gelecek\/","title":{"rendered":"Almanya Ba\u015fbakan\u0131: Putin ve Zelenski&#039;nin 2 hafta i\u00e7inde bir araya gelecek"},"content":{"rendered":"<p><\/p>\n<div>\n<p>&#13;<br \/>\n\tAlmanya Ba\u015fbakan\u0131 Friedrich Merz,\u00a0 ABD Ba\u015fkan\u0131 Donald Trump, Ukrayna Devlet Ba\u015fkan\u0131 Zelenski, NATO Genel Sekreteri Mark Rutte ve Avrupal\u0131 liderlerle Beyaz Saray&#8217;da yapt\u0131klar\u0131 g\u00f6r\u00fc\u015fmenin ard\u0131ndan d\u00fczenlenen bas\u0131n toplant\u0131s\u0131nda konu\u015ftu.<\/p>\n<p>&#13;<br \/>\n\tZelenski&#8217;i desteklemek ve Avrupa&#8217;n\u0131n ortak \u00e7\u0131karlar\u0131n\u0131 korumak i\u00e7in buraya geldiklerini dile getiren Merz, olas\u0131 m\u00fczakereye Ukrayna&#8217;n\u0131n da kat\u0131lmas\u0131 gerekti\u011fini belirttiklerini ve b\u00f6yle bir zirvenin ancak ate\u015fkes sa\u011flanmas\u0131 durumunda yap\u0131labilece\u011fini ilettiklerini s\u00f6yledi.<\/p>\n<p>&#13;<br \/>\n\tMerz, &#8220;\u0130kincisi, b\u00f6yle bir zirve i\u00e7in kapsaml\u0131 haz\u0131rl\u0131klar yap\u0131lmal\u0131d\u0131r. Rusya Devlet Ba\u015fkan\u0131n\u0131n b\u00f6yle bir zirveye kat\u0131lmaya cesaret edip etmeyece\u011fini bilmiyoruz. Bu nedenle ikna \u00e7al\u0131\u015fmalar\u0131na ihtiya\u00e7 var.&#8221; dedi.<\/p>\n<p>&#13;<br \/>\n\tBa\u015fbakan Merz, &#8220;Bir ara verildi ve bu s\u0131rada ABD Ba\u015fkan\u0131, Rus Devlet Ba\u015fkan\u0131 ile telefonda g\u00f6r\u00fc\u015ft\u00fc ve Rusya Devlet Ba\u015fkan\u0131 ile Ukrayna Devlet Ba\u015fkan\u0131 aras\u0131nda \u00f6n\u00fcm\u00fczdeki 2 hafta i\u00e7inde bir g\u00f6r\u00fc\u015fme yap\u0131laca\u011f\u0131na karar verildi.&#8221; diye konu\u015ftu.<\/p>\n<p>&#13;<br \/>\n\tMerz, g\u00f6r\u00fc\u015fmenin nerede yap\u0131laca\u011f\u0131n\u0131n ise hen\u00fcz kararla\u015ft\u0131r\u0131lmad\u0131\u011f\u0131n\u0131 kaydetti.<\/p>\n<h2>&#13;<br \/>\n\t&#8220;Ate\u015fkes sa\u011flanmal\u0131&#8221;<\/h2>\n<p>&#13;<br \/>\n\t<a href=\"https:\/\/www.trthaber.com\/etiket\/almanya\/\" target=\"_blank\">Almanya<\/a> Ba\u015fbakan\u0131 Friedrich Merz, <a href=\"https:\/\/www.trthaber.com\/etiket\/abd\/\" target=\"_blank\">ABD<\/a> Ba\u015fkan\u0131 Trump, <a href=\"https:\/\/www.trthaber.com\/etiket\/ukrayna\/\" target=\"_blank\">Ukrayna<\/a> Devlet Zelenski, <a href=\"https:\/\/www.trthaber.com\/etiket\/nato\/\" target=\"_blank\">NATO<\/a> Genel Sekreteri <a href=\"https:\/\/www.trthaber.com\/etiket\/mark-rutte\/\" target=\"_blank\">Mark Rutte<\/a> ve Avrupal\u0131 liderlerle Beyaz Saray&#8217;da yapt\u0131klar\u0131 g\u00f6r\u00fc\u015fmenin ard\u0131ndan ABD merkezli X \u015firketinin sosyal <a href=\"https:\/\/www.trthaber.com\/etiket\/medya\/\" target=\"_blank\">medya<\/a> hesab\u0131ndan a\u00e7\u0131klama yapt\u0131.<\/p>\n<p>&#13;<br \/>\n\tYapt\u0131klar\u0131 toplant\u0131n\u0131n iyi ge\u00e7ti\u011fini belirten Merz, bundan sonraki ad\u0131mlar\u0131n &#8220;daha karma\u015f\u0131k&#8221; olaca\u011f\u0131n\u0131 kaydetti.<\/p>\n<p>&#13;<br \/>\n\tMerz, &#8220;Rusya&#8217;ya bask\u0131 uygulamal\u0131y\u0131z. Sonraki g\u00f6r\u00fc\u015fmelere ge\u00e7meden \u00f6nce ate\u015fkes sa\u011flanmal\u0131d\u0131r.&#8221; ifadelerini kulland\u0131.<\/p>\n<\/p><\/div>\n","protected":false},"excerpt":{"rendered":"<p>&#13; Almanya Ba\u015fbakan\u0131 Friedrich Merz,\u00a0 ABD Ba\u015fkan\u0131 Donald Trump, Ukrayna Devlet Ba\u015fkan\u0131 Zelenski, NATO Genel Sekreteri Mark Rutte ve Avrupal\u0131 liderlerle Beyaz Saray&#8217;da yapt\u0131klar\u0131 g\u00f6r\u00fc\u015fmenin ard\u0131ndan d\u00fczenlenen bas\u0131n toplant\u0131s\u0131nda konu\u015ftu. &#13; Zelenski&#8217;i desteklemek ve Avrupa&#8217;n\u0131n ortak \u00e7\u0131karlar\u0131n\u0131 korumak i\u00e7in buraya geldiklerini dile getiren Merz, olas\u0131 m\u00fczakereye Ukrayna&#8217;n\u0131n da kat\u0131lmas\u0131 gerekti\u011fini belirttiklerini ve b\u00f6yle bir zirvenin [&hellip;]<\/p>\n","protected":false},"author":1,"featured_media":30329,"comment_status":"open","ping_status":"open","sticky":false,"template":"","format":"standard","meta":{"jnews-multi-image_gallery":[],"jnews_single_post":[],"jnews_primary_category":[],"jnews_social_meta":[],"jnews_override_counter":[],"footnotes":""},"categories":[2],"tags":[],"class_list":["post-30330","post","type-post","status-publish","format-standard","has-post-thumbnail","hentry","category-dunya"],"yoast_head":"<!-- This site is optimized with the Yoast SEO plugin v27.5 - https:\/\/yoast.com\/product\/yoast-seo-wordpress\/ -->\n<title>Almanya Ba\u015fbakan\u0131: Putin ve Zelenski&#039;nin 2 hafta i\u00e7inde bir araya gelecek - Kuzeyin Sesi<\/title>\n<meta name=\"robots\" content=\"index, follow, max-snippet:-1, max-image-preview:large, max-video-preview:-1\" \/>\n<link rel=\"canonical\" href=\"https:\/\/kuzeyinsesi.org\/index.php\/2025\/08\/19\/almanya-basbakani-putin-ve-zelenskinin-2-hafta-icinde-bir-araya-gelecek\/\" \/>\n<meta property=\"og:locale\" content=\"tr_TR\" \/>\n<meta property=\"og:type\" content=\"article\" \/>\n<meta property=\"og:title\" content=\"Almanya Ba\u015fbakan\u0131: Putin ve Zelenski&#039;nin 2 hafta i\u00e7inde bir araya gelecek - Kuzeyin Sesi\" \/>\n<meta property=\"og:description\" content=\"&#013; Almanya Ba\u015fbakan\u0131 Friedrich Merz,\u00a0 ABD Ba\u015fkan\u0131 Donald Trump, Ukrayna Devlet Ba\u015fkan\u0131 Zelenski, NATO Genel Sekreteri Mark Rutte ve Avrupal\u0131 liderlerle Beyaz Saray&#8217;da yapt\u0131klar\u0131 g\u00f6r\u00fc\u015fmenin ard\u0131ndan d\u00fczenlenen bas\u0131n toplant\u0131s\u0131nda konu\u015ftu. &#013; Zelenski&#8217;i desteklemek ve Avrupa&#8217;n\u0131n ortak \u00e7\u0131karlar\u0131n\u0131 korumak i\u00e7in buraya geldiklerini dile getiren Merz, olas\u0131 m\u00fczakereye Ukrayna&#8217;n\u0131n da kat\u0131lmas\u0131 gerekti\u011fini belirttiklerini ve b\u00f6yle bir zirvenin [&hellip;]\" \/>\n<meta property=\"og:url\" content=\"https:\/\/kuzeyinsesi.org\/index.php\/2025\/08\/19\/almanya-basbakani-putin-ve-zelenskinin-2-hafta-icinde-bir-araya-gelecek\/\" \/>\n<meta property=\"og:site_name\" content=\"Kuzeyin Sesi\" \/>\n<meta property=\"article:publisher\" content=\"https:\/\/www.facebook.com\/kuzeyinsesii\" \/>\n<meta property=\"article:published_time\" content=\"2025-08-18T23:46:22+00:00\" \/>\n<meta property=\"og:image\" content=\"https:\/\/trthaberstatic.cdn.wp.trt.com.tr\/resimler\/2364000\/friedrich-merz-2364198.jpg\" \/>\n<meta name=\"author\" content=\"Kuzeyin Sesi\" \/>\n<meta name=\"twitter:card\" content=\"summary_large_image\" \/>\n<meta name=\"twitter:creator\" content=\"@kuzeyinsesii\" \/>\n<meta name=\"twitter:site\" content=\"@kuzeyinsesii\" \/>\n<meta name=\"twitter:label1\" content=\"Yazan:\" \/>\n\t<meta name=\"twitter:data1\" content=\"Kuzeyin Sesi\" \/>\n\t<meta name=\"twitter:label2\" content=\"Tahmini okuma s\u00fcresi\" \/>\n\t<meta name=\"twitter:data2\" content=\"1 dakika\" \/>\n<script type=\"application\/ld+json\" class=\"yoast-schema-graph\">{\"@context\":\"https:\\\/\\\/schema.org\",\"@graph\":[{\"@type\":\"Article\",\"@id\":\"https:\\\/\\\/kuzeyinsesi.org\\\/index.php\\\/2025\\\/08\\\/19\\\/almanya-basbakani-putin-ve-zelenskinin-2-hafta-icinde-bir-araya-gelecek\\\/#article\",\"isPartOf\":{\"@id\":\"https:\\\/\\\/kuzeyinsesi.org\\\/index.php\\\/2025\\\/08\\\/19\\\/almanya-basbakani-putin-ve-zelenskinin-2-hafta-icinde-bir-araya-gelecek\\\/\"},\"author\":{\"name\":\"Kuzeyin Sesi\",\"@id\":\"https:\\\/\\\/kuzeyinsesi.org\\\/#\\\/schema\\\/person\\\/9f859689cdf01485597712386e37f5aa\"},\"headline\":\"Almanya Ba\u015fbakan\u0131: Putin ve Zelenski&#039;nin 2 hafta i\u00e7inde bir araya gelecek\",\"datePublished\":\"2025-08-18T23:46:22+00:00\",\"mainEntityOfPage\":{\"@id\":\"https:\\\/\\\/kuzeyinsesi.org\\\/index.php\\\/2025\\\/08\\\/19\\\/almanya-basbakani-putin-ve-zelenskinin-2-hafta-icinde-bir-araya-gelecek\\\/\"},\"wordCount\":303,\"commentCount\":0,\"image\":{\"@id\":\"https:\\\/\\\/kuzeyinsesi.org\\\/index.php\\\/2025\\\/08\\\/19\\\/almanya-basbakani-putin-ve-zelenskinin-2-hafta-icinde-bir-araya-gelecek\\\/#primaryimage\"},\"thumbnailUrl\":\"https:\\\/\\\/kuzeyinsesi.org\\\/wp-content\\\/uploads\\\/2025\\\/08\\\/friedrich-merz-2364198.jpg\",\"articleSection\":[\"D\u00fcnya\"],\"inLanguage\":\"tr\",\"potentialAction\":[{\"@type\":\"CommentAction\",\"name\":\"Comment\",\"target\":[\"https:\\\/\\\/kuzeyinsesi.org\\\/index.php\\\/2025\\\/08\\\/19\\\/almanya-basbakani-putin-ve-zelenskinin-2-hafta-icinde-bir-araya-gelecek\\\/#respond\"]}]},{\"@type\":\"WebPage\",\"@id\":\"https:\\\/\\\/kuzeyinsesi.org\\\/index.php\\\/2025\\\/08\\\/19\\\/almanya-basbakani-putin-ve-zelenskinin-2-hafta-icinde-bir-araya-gelecek\\\/\",\"url\":\"https:\\\/\\\/kuzeyinsesi.org\\\/index.php\\\/2025\\\/08\\\/19\\\/almanya-basbakani-putin-ve-zelenskinin-2-hafta-icinde-bir-araya-gelecek\\\/\",\"name\":\"Almanya Ba\u015fbakan\u0131: Putin ve Zelenski&#039;nin 2 hafta i\u00e7inde bir araya gelecek - Kuzeyin Sesi\",\"isPartOf\":{\"@id\":\"https:\\\/\\\/kuzeyinsesi.org\\\/#website\"},\"primaryImageOfPage\":{\"@id\":\"https:\\\/\\\/kuzeyinsesi.org\\\/index.php\\\/2025\\\/08\\\/19\\\/almanya-basbakani-putin-ve-zelenskinin-2-hafta-icinde-bir-araya-gelecek\\\/#primaryimage\"},\"image\":{\"@id\":\"https:\\\/\\\/kuzeyinsesi.org\\\/index.php\\\/2025\\\/08\\\/19\\\/almanya-basbakani-putin-ve-zelenskinin-2-hafta-icinde-bir-araya-gelecek\\\/#primaryimage\"},\"thumbnailUrl\":\"https:\\\/\\\/kuzeyinsesi.org\\\/wp-content\\\/uploads\\\/2025\\\/08\\\/friedrich-merz-2364198.jpg\",\"datePublished\":\"2025-08-18T23:46:22+00:00\",\"author\":{\"@id\":\"https:\\\/\\\/kuzeyinsesi.org\\\/#\\\/schema\\\/person\\\/9f859689cdf01485597712386e37f5aa\"},\"breadcrumb\":{\"@id\":\"https:\\\/\\\/kuzeyinsesi.org\\\/index.php\\\/2025\\\/08\\\/19\\\/almanya-basbakani-putin-ve-zelenskinin-2-hafta-icinde-bir-araya-gelecek\\\/#breadcrumb\"},\"inLanguage\":\"tr\",\"potentialAction\":[{\"@type\":\"ReadAction\",\"target\":[\"https:\\\/\\\/kuzeyinsesi.org\\\/index.php\\\/2025\\\/08\\\/19\\\/almanya-basbakani-putin-ve-zelenskinin-2-hafta-icinde-bir-araya-gelecek\\\/\"]}]},{\"@type\":\"ImageObject\",\"inLanguage\":\"tr\",\"@id\":\"https:\\\/\\\/kuzeyinsesi.org\\\/index.php\\\/2025\\\/08\\\/19\\\/almanya-basbakani-putin-ve-zelenskinin-2-hafta-icinde-bir-araya-gelecek\\\/#primaryimage\",\"url\":\"https:\\\/\\\/kuzeyinsesi.org\\\/wp-content\\\/uploads\\\/2025\\\/08\\\/friedrich-merz-2364198.jpg\",\"contentUrl\":\"https:\\\/\\\/kuzeyinsesi.org\\\/wp-content\\\/uploads\\\/2025\\\/08\\\/friedrich-merz-2364198.jpg\",\"width\":1280,\"height\":720},{\"@type\":\"BreadcrumbList\",\"@id\":\"https:\\\/\\\/kuzeyinsesi.org\\\/index.php\\\/2025\\\/08\\\/19\\\/almanya-basbakani-putin-ve-zelenskinin-2-hafta-icinde-bir-araya-gelecek\\\/#breadcrumb\",\"itemListElement\":[{\"@type\":\"ListItem\",\"position\":1,\"name\":\"Anasayfa\",\"item\":\"https:\\\/\\\/kuzeyinsesi.org\\\/\"},{\"@type\":\"ListItem\",\"position\":2,\"name\":\"Almanya Ba\u015fbakan\u0131: Putin ve Zelenski&#039;nin 2 hafta i\u00e7inde bir araya gelecek\"}]},{\"@type\":\"WebSite\",\"@id\":\"https:\\\/\\\/kuzeyinsesi.org\\\/#website\",\"url\":\"https:\\\/\\\/kuzeyinsesi.org\\\/\",\"name\":\"Kuzeyin Sesi\",\"description\":\"Do\u011fru Haberin Adresi\",\"potentialAction\":[{\"@type\":\"SearchAction\",\"target\":{\"@type\":\"EntryPoint\",\"urlTemplate\":\"https:\\\/\\\/kuzeyinsesi.org\\\/?s={search_term_string}\"},\"query-input\":{\"@type\":\"PropertyValueSpecification\",\"valueRequired\":true,\"valueName\":\"search_term_string\"}}],\"inLanguage\":\"tr\"},{\"@type\":\"Person\",\"@id\":\"https:\\\/\\\/kuzeyinsesi.org\\\/#\\\/schema\\\/person\\\/9f859689cdf01485597712386e37f5aa\",\"name\":\"Kuzeyin Sesi\",\"image\":{\"@type\":\"ImageObject\",\"inLanguage\":\"tr\",\"@id\":\"https:\\\/\\\/secure.gravatar.com\\\/avatar\\\/bab33852abfd8b282518d6ed81826833d77c3c882d9ab608add591ccace47a44?s=96&d=mm&r=g\",\"url\":\"https:\\\/\\\/secure.gravatar.com\\\/avatar\\\/bab33852abfd8b282518d6ed81826833d77c3c882d9ab608add591ccace47a44?s=96&d=mm&r=g\",\"contentUrl\":\"https:\\\/\\\/secure.gravatar.com\\\/avatar\\\/bab33852abfd8b282518d6ed81826833d77c3c882d9ab608add591ccace47a44?s=96&d=mm&r=g\",\"caption\":\"Kuzeyin Sesi\"},\"sameAs\":[\"https:\\\/\\\/kuzeyinsesi.org\"],\"url\":\"https:\\\/\\\/kuzeyinsesi.org\\\/index.php\\\/author\\\/guven\\\/\"}]}<\/script>\n<!-- \/ Yoast SEO plugin. -->","yoast_head_json":{"title":"Almanya Ba\u015fbakan\u0131: Putin ve Zelenski&#039;nin 2 hafta i\u00e7inde bir araya gelecek - Kuzeyin Sesi","robots":{"index":"index","follow":"follow","max-snippet":"max-snippet:-1","max-image-preview":"max-image-preview:large","max-video-preview":"max-video-preview:-1"},"canonical":"https:\/\/kuzeyinsesi.org\/index.php\/2025\/08\/19\/almanya-basbakani-putin-ve-zelenskinin-2-hafta-icinde-bir-araya-gelecek\/","og_locale":"tr_TR","og_type":"article","og_title":"Almanya Ba\u015fbakan\u0131: Putin ve Zelenski&#039;nin 2 hafta i\u00e7inde bir araya gelecek - Kuzeyin Sesi","og_description":"&#13; Almanya Ba\u015fbakan\u0131 Friedrich Merz,\u00a0 ABD Ba\u015fkan\u0131 Donald Trump, Ukrayna Devlet Ba\u015fkan\u0131 Zelenski, NATO Genel Sekreteri Mark Rutte ve Avrupal\u0131 liderlerle Beyaz Saray&#8217;da yapt\u0131klar\u0131 g\u00f6r\u00fc\u015fmenin ard\u0131ndan d\u00fczenlenen bas\u0131n toplant\u0131s\u0131nda konu\u015ftu. &#13; Zelenski&#8217;i desteklemek ve Avrupa&#8217;n\u0131n ortak \u00e7\u0131karlar\u0131n\u0131 korumak i\u00e7in buraya geldiklerini dile getiren Merz, olas\u0131 m\u00fczakereye Ukrayna&#8217;n\u0131n da kat\u0131lmas\u0131 gerekti\u011fini belirttiklerini ve b\u00f6yle bir zirvenin [&hellip;]","og_url":"https:\/\/kuzeyinsesi.org\/index.php\/2025\/08\/19\/almanya-basbakani-putin-ve-zelenskinin-2-hafta-icinde-bir-araya-gelecek\/","og_site_name":"Kuzeyin Sesi","article_publisher":"https:\/\/www.facebook.com\/kuzeyinsesii","article_published_time":"2025-08-18T23:46:22+00:00","og_image":[{"url":"https:\/\/trthaberstatic.cdn.wp.trt.com.tr\/resimler\/2364000\/friedrich-merz-2364198.jpg","type":"","width":"","height":""}],"author":"Kuzeyin Sesi","twitter_card":"summary_large_image","twitter_creator":"@kuzeyinsesii","twitter_site":"@kuzeyinsesii","twitter_misc":{"Yazan:":"Kuzeyin Sesi","Tahmini okuma s\u00fcresi":"1 dakika"},"schema":{"@context":"https:\/\/schema.org","@graph":[{"@type":"Article","@id":"https:\/\/kuzeyinsesi.org\/index.php\/2025\/08\/19\/almanya-basbakani-putin-ve-zelenskinin-2-hafta-icinde-bir-araya-gelecek\/#article","isPartOf":{"@id":"https:\/\/kuzeyinsesi.org\/index.php\/2025\/08\/19\/almanya-basbakani-putin-ve-zelenskinin-2-hafta-icinde-bir-araya-gelecek\/"},"author":{"name":"Kuzeyin Sesi","@id":"https:\/\/kuzeyinsesi.org\/#\/schema\/person\/9f859689cdf01485597712386e37f5aa"},"headline":"Almanya Ba\u015fbakan\u0131: Putin ve Zelenski&#039;nin 2 hafta i\u00e7inde bir araya gelecek","datePublished":"2025-08-18T23:46:22+00:00","mainEntityOfPage":{"@id":"https:\/\/kuzeyinsesi.org\/index.php\/2025\/08\/19\/almanya-basbakani-putin-ve-zelenskinin-2-hafta-icinde-bir-araya-gelecek\/"},"wordCount":303,"commentCount":0,"image":{"@id":"https:\/\/kuzeyinsesi.org\/index.php\/2025\/08\/19\/almanya-basbakani-putin-ve-zelenskinin-2-hafta-icinde-bir-araya-gelecek\/#primaryimage"},"thumbnailUrl":"https:\/\/kuzeyinsesi.org\/wp-content\/uploads\/2025\/08\/friedrich-merz-2364198.jpg","articleSection":["D\u00fcnya"],"inLanguage":"tr","potentialAction":[{"@type":"CommentAction","name":"Comment","target":["https:\/\/kuzeyinsesi.org\/index.php\/2025\/08\/19\/almanya-basbakani-putin-ve-zelenskinin-2-hafta-icinde-bir-araya-gelecek\/#respond"]}]},{"@type":"WebPage","@id":"https:\/\/kuzeyinsesi.org\/index.php\/2025\/08\/19\/almanya-basbakani-putin-ve-zelenskinin-2-hafta-icinde-bir-araya-gelecek\/","url":"https:\/\/kuzeyinsesi.org\/index.php\/2025\/08\/19\/almanya-basbakani-putin-ve-zelenskinin-2-hafta-icinde-bir-araya-gelecek\/","name":"Almanya Ba\u015fbakan\u0131: Putin ve Zelenski&#039;nin 2 hafta i\u00e7inde bir araya gelecek - Kuzeyin Sesi","isPartOf":{"@id":"https:\/\/kuzeyinsesi.org\/#website"},"primaryImageOfPage":{"@id":"https:\/\/kuzeyinsesi.org\/index.php\/2025\/08\/19\/almanya-basbakani-putin-ve-zelenskinin-2-hafta-icinde-bir-araya-gelecek\/#primaryimage"},"image":{"@id":"https:\/\/kuzeyinsesi.org\/index.php\/2025\/08\/19\/almanya-basbakani-putin-ve-zelenskinin-2-hafta-icinde-bir-araya-gelecek\/#primaryimage"},"thumbnailUrl":"https:\/\/kuzeyinsesi.org\/wp-content\/uploads\/2025\/08\/friedrich-merz-2364198.jpg","datePublished":"2025-08-18T23:46:22+00:00","author":{"@id":"https:\/\/kuzeyinsesi.org\/#\/schema\/person\/9f859689cdf01485597712386e37f5aa"},"breadcrumb":{"@id":"https:\/\/kuzeyinsesi.org\/index.php\/2025\/08\/19\/almanya-basbakani-putin-ve-zelenskinin-2-hafta-icinde-bir-araya-gelecek\/#breadcrumb"},"inLanguage":"tr","potentialAction":[{"@type":"ReadAction","target":["https:\/\/kuzeyinsesi.org\/index.php\/2025\/08\/19\/almanya-basbakani-putin-ve-zelenskinin-2-hafta-icinde-bir-araya-gelecek\/"]}]},{"@type":"ImageObject","inLanguage":"tr","@id":"https:\/\/kuzeyinsesi.org\/index.php\/2025\/08\/19\/almanya-basbakani-putin-ve-zelenskinin-2-hafta-icinde-bir-araya-gelecek\/#primaryimage","url":"https:\/\/kuzeyinsesi.org\/wp-content\/uploads\/2025\/08\/friedrich-merz-2364198.jpg","contentUrl":"https:\/\/kuzeyinsesi.org\/wp-content\/uploads\/2025\/08\/friedrich-merz-2364198.jpg","width":1280,"height":720},{"@type":"BreadcrumbList","@id":"https:\/\/kuzeyinsesi.org\/index.php\/2025\/08\/19\/almanya-basbakani-putin-ve-zelenskinin-2-hafta-icinde-bir-araya-gelecek\/#breadcrumb","itemListElement":[{"@type":"ListItem","position":1,"name":"Anasayfa","item":"https:\/\/kuzeyinsesi.org\/"},{"@type":"ListItem","position":2,"name":"Almanya Ba\u015fbakan\u0131: Putin ve Zelenski&#039;nin 2 hafta i\u00e7inde bir araya gelecek"}]},{"@type":"WebSite","@id":"https:\/\/kuzeyinsesi.org\/#website","url":"https:\/\/kuzeyinsesi.org\/","name":"Kuzeyin Sesi","description":"Do\u011fru Haberin Adresi","potentialAction":[{"@type":"SearchAction","target":{"@type":"EntryPoint","urlTemplate":"https:\/\/kuzeyinsesi.org\/?s={search_term_string}"},"query-input":{"@type":"PropertyValueSpecification","valueRequired":true,"valueName":"search_term_string"}}],"inLanguage":"tr"},{"@type":"Person","@id":"https:\/\/kuzeyinsesi.org\/#\/schema\/person\/9f859689cdf01485597712386e37f5aa","name":"Kuzeyin Sesi","image":{"@type":"ImageObject","inLanguage":"tr","@id":"https:\/\/secure.gravatar.com\/avatar\/bab33852abfd8b282518d6ed81826833d77c3c882d9ab608add591ccace47a44?s=96&d=mm&r=g","url":"https:\/\/secure.gravatar.com\/avatar\/bab33852abfd8b282518d6ed81826833d77c3c882d9ab608add591ccace47a44?s=96&d=mm&r=g","contentUrl":"https:\/\/secure.gravatar.com\/avatar\/bab33852abfd8b282518d6ed81826833d77c3c882d9ab608add591ccace47a44?s=96&d=mm&r=g","caption":"Kuzeyin Sesi"},"sameAs":["https:\/\/kuzeyinsesi.org"],"url":"https:\/\/kuzeyinsesi.org\/index.php\/author\/guven\/"}]}},"_links":{"self":[{"href":"https:\/\/kuzeyinsesi.org\/index.php\/wp-json\/wp\/v2\/posts\/30330","targetHints":{"allow":["GET"]}}],"collection":[{"href":"https:\/\/kuzeyinsesi.org\/index.php\/wp-json\/wp\/v2\/posts"}],"about":[{"href":"https:\/\/kuzeyinsesi.org\/index.php\/wp-json\/wp\/v2\/types\/post"}],"author":[{"embeddable":true,"href":"https:\/\/kuzeyinsesi.org\/index.php\/wp-json\/wp\/v2\/users\/1"}],"replies":[{"embeddable":true,"href":"https:\/\/kuzeyinsesi.org\/index.php\/wp-json\/wp\/v2\/comments?post=30330"}],"version-history":[{"count":0,"href":"https:\/\/kuzeyinsesi.org\/index.php\/wp-json\/wp\/v2\/posts\/30330\/revisions"}],"wp:featuredmedia":[{"embeddable":true,"href":"https:\/\/kuzeyinsesi.org\/index.php\/wp-json\/wp\/v2\/media\/30329"}],"wp:attachment":[{"href":"https:\/\/kuzeyinsesi.org\/index.php\/wp-json\/wp\/v2\/media?parent=30330"}],"wp:term":[{"taxonomy":"category","embeddable":true,"href":"https:\/\/kuzeyinsesi.org\/index.php\/wp-json\/wp\/v2\/categories?post=30330"},{"taxonomy":"post_tag","embeddable":true,"href":"https:\/\/kuzeyinsesi.org\/index.php\/wp-json\/wp\/v2\/tags?post=30330"}],"curies":[{"name":"wp","href":"https:\/\/api.w.org\/{rel}","templated":true}]}}